{"id":413174,"date":"2026-09-04T15:17:41","date_gmt":"2026-09-04T15:17:41","guid":{"rendered":"https:\/\/qpasa.com\/?p=109165"},"modified":"2026-09-04T15:17:41","modified_gmt":"2026-09-04T15:17:41","slug":"karol-g-y-feid-ganaron-juntos-con-verano-rosa-y-ninguno-de-los-dos-aparecio-a-recogerlo","status":"publish","type":"post","link":"https:\/\/sarmiento24h.com\/?p=413174","title":{"rendered":"Karol G y Feid ganaron juntos con Verano Rosa y ninguno de los dos apareci\u00f3 a recogerlo"},"content":{"rendered":"<div><img decoding=\"async\" src=\"https:\/\/qpasa.com\/wp-content\/uploads\/2026\/09\/Karol-G-y-Feid.jpg\" class=\"ff-og-image-inserted\"><\/div>\n<p><strong>El Verano Rosa Premios Juventud se qued\u00f3 sobre el escenario, sin nadie que lo reclamara. Karol G y Feid ganaron la categor\u00eda de Mejor canci\u00f3n urbano rhythmic en los Premios Juventud 2026 con \u00abVerano Rosa\u00bb, el tema que lanzaron como la colaboraci\u00f3n m\u00e1s esperada del verano. La gala se celebr\u00f3 el mi\u00e9rcoles 3 de septiembre en el Starlite Auditorium de Marbella, Espa\u00f1a, y ninguno de los dos artistas estuvo all\u00ed.<\/strong><\/p>\n<p>La ausencia doble se convirti\u00f3 en la noticia por encima del propio galard\u00f3n. Es la primera vez que la pareja de colombianos gana un galard\u00f3n compartido despu\u00e9s de que se conocieran los reportes sobre el final de su relaci\u00f3n, as\u00ed que la pregunta obvia se instal\u00f3 en redes antes de que terminara la ceremonia.<\/p>\n<h2>Por qu\u00e9 faltaron los dos al Verano Rosa Premios Juventud<\/h2>\n<p>Los motivos no son sim\u00e9tricos. Seg\u00fan <a href=\"https:\/\/www.infobae.com\/entretenimiento\/2026\/09\/04\/premios-juventud-2026-estos-son-todos-los-ganadores-de-la-noche\/\" target=\"_blank\" rel=\"noopener\">los reportes publicados tras la ceremonia<\/a>, Karol G no asisti\u00f3 porque se encuentra de gira, un calendario que la ha mantenido fuera de varios eventos recientes. En el caso de Feid, no hubo explicaci\u00f3n p\u00fablica de su parte ni de su equipo.<\/p>\n<p>El anuncio del triunfo lo hizo la cuenta oficial de Premios Juventud en redes sociales, sin ninguno de los dos en el escenario. Ese formato, habitual cuando los artistas no pueden asistir, dej\u00f3 la escena que muchos fans esperaban en el terreno de la especulaci\u00f3n.<\/p>\n<h3>Lo que s\u00ed est\u00e1 confirmado y lo que no<\/h3>\n<p>Conviene separar una cosa de la otra. Confirmado est\u00e1 el premio, la categor\u00eda, la fecha y la ausencia de ambos. Tambi\u00e9n est\u00e1 documentado que la \u00faltima vez que coincidieron en p\u00fablico fue en los Latin Grammy, donde, de acuerdo con la prensa de espect\u00e1culos, mantuvieron distancia y evitaron cruzar miradas.<\/p>\n<p>Lo que no est\u00e1 confirmado por ninguno de los dos es una versi\u00f3n oficial sobre la ruptura. La relaci\u00f3n dur\u00f3 cerca de tres a\u00f1os y su final lleg\u00f3 a los medios a trav\u00e9s de reportes y de la lectura que los fans hicieron de se\u00f1ales indirectas, no de un comunicado. QPASA ya hab\u00eda cubierto c\u00f3mo <a href=\"https:\/\/qpasa.com\/actualidad\/karol-g-feid-rumores-ruptura\/\">aumentaron los rumores de ruptura tras meses de lejan\u00eda<\/a>, y ese sigue siendo el estado del asunto.<\/p>\n<h2>Qu\u00e9 es Verano Rosa y por qu\u00e9 su premio pesaba tanto<\/h2>\n<p>El tema sali\u00f3 como <a href=\"https:\/\/qpasa.com\/musica\/karol-g-y-feid\/\">la colaboraci\u00f3n m\u00e1s comentada del a\u00f1o<\/a> entre los dos artistas paisas, que ya hab\u00edan trabajado juntos en canciones como \u00ab+57\u00bb. La qu\u00edmica musical del d\u00fao llevaba a\u00f1os funcionando en las listas, y \u00abVerano Rosa\u00bb lleg\u00f3 con la expectativa acumulada de todo ese historial.<\/p>\n<p>Ahora ese t\u00edtulo, convertido en Verano Rosa Premios Juventud, tiene una capa adicional de lectura. Una canci\u00f3n de verano que gana en septiembre, con los dos autores separados y ninguno presente para celebrarla, es material perfecto para el algoritmo. Los comentarios en la publicaci\u00f3n oficial del premio lo confirmaron en cuesti\u00f3n de minutos.<\/p>\n<h2>Karol G se llev\u00f3 tambi\u00e9n el \u00c1lbum del A\u00f1o<\/h2>\n<p>El premio compartido no fue el \u00fanico de la noche para la cantante. Karol G gan\u00f3 adem\u00e1s el galard\u00f3n a \u00c1lbum del A\u00f1o con \u00abTropicoqueta\u00bb, uno de los reconocimientos de mayor peso de la ceremonia.<\/p>\n<p>Sum\u00f3 otro m\u00e1s en la categor\u00eda Girl Power, gracias a \u00abChoka Choka\u00bb, su colaboraci\u00f3n con Shakira. Es decir, la artista de Medell\u00edn cerr\u00f3 la gala con tres estatuillas y sin pisar Marbella.<\/p>\n<p><span class=\"td-adspot-title\">&#8211; Patrocinado &#8211;<\/span><br \/>\n<!-- popi2 --><br \/>\n<ins class=\"adsbygoogle\" data-ad-client=\"ca-pub-1729935282101551\" data-ad-slot=\"2133646425\" data-ad-format=\"auto\" data-full-width-responsive=\"true\"><\/ins>\n<\/p>\n<h3>Una gala fuera de Am\u00e9rica<\/h3>\n<p>La sede tambi\u00e9n fue noticia. Premios Juventud, el certamen de Univision que premia lo m\u00e1s votado por el p\u00fablico joven, se celebr\u00f3 en Marbella, en la Costa del Sol espa\u00f1ola, y no en Estados Unidos. La edici\u00f3n llev\u00f3 por lema \u00abCon\u00e9ctate al Vibe\u00bb.<\/p>\n<p>Ese detalle explica en parte varias ausencias. Cruzar el Atl\u00e1ntico en plena gira no es lo mismo que desplazarse a Miami, y varios artistas latinoamericanos con agenda cargada enviaron mensajes grabados en lugar de asistir.<\/p>\n<h3>Los otros grandes ganadores de Premios Juventud<\/h3>\n<p>La lista completa dej\u00f3 nombres previsibles y alguna sorpresa. Shakira se llev\u00f3 el premio a artista femenina y Bad Bunny el de artista masculino, adem\u00e1s del reconocimiento a mejor gira por el Deb\u00ed Tirar M\u00e1s Fotos World Tour. El grupo Santos Bravos gan\u00f3 en la categor\u00eda de grupo o d\u00fao y Bizarrap fue elegido productor del a\u00f1o.<\/p>\n<p>En las categor\u00edas digitales, Stefanny Loaiza fue nombrada creadora del a\u00f1o, Pinky Promise se llev\u00f3 el premio a p\u00f3dcast del a\u00f1o y Lola Lolita el de mejor creadora espa\u00f1ola. La ceremonia reparti\u00f3 adem\u00e1s premios en categor\u00edas de streaming junto a las tradicionales de m\u00fasica tropical, pop, mexicana y urbana.<\/p>\n<h2>Un historial de colaboraciones que el p\u00fablico ya conoc\u00eda<\/h2>\n<p>La dupla no lleg\u00f3 nueva a esta categor\u00eda. Karol G y Feid hab\u00edan coincidido antes en <a href=\"https:\/\/qpasa.com\/actualidad\/karol-g-y-feid-dejaron-fluir-su-amor-en-su-nuevo-video-musical-57\/\">+57<\/a>, el tema colectivo que grabaron junto a Maluma, J Balvin, Blessd y Ryan Castro, y que dej\u00f3 im\u00e1genes de ambos en un mismo video musical.<\/p>\n<p>Antes de eso, la cantante hab\u00eda hablado en su documental sobre c\u00f3mo empez\u00f3 la relaci\u00f3n, y \u00e9l se refiri\u00f3 p\u00fablicamente al v\u00ednculo en varias entrevistas. Es decir, el p\u00fablico llevaba a\u00f1os siguiendo la historia dentro y fuera de la m\u00fasica, lo que explica la reacci\u00f3n inmediata al premio compartido.<\/p>\n<p>Por eso el Verano Rosa Premios Juventud no se ley\u00f3 solo como un dato de la industria. Para buena parte de la audiencia funcion\u00f3 como el primer cap\u00edtulo de una etapa distinta, en la que los dos siguen ligados por un cat\u00e1logo com\u00fan aunque ya no compartan escenario.<\/p>\n<h2>Qu\u00e9 sigue para los dos artistas<\/h2>\n<p>Karol G contin\u00faa con su gira, que es la raz\u00f3n declarada de su ausencia y su prioridad de agenda en los pr\u00f3ximos meses. Su nombre tambi\u00e9n figura entre los latinos con mayor presencia en la temporada de premios que arranca ahora, con los MTV VMAs a finales de septiembre.<\/p>\n<p><span class=\"td-adspot-title\">&#8211; Patrocinado &#8211;<\/span><br \/>\n<!-- popi2 --><br \/>\n<ins class=\"adsbygoogle\" data-ad-client=\"ca-pub-1729935282101551\" data-ad-slot=\"2133646425\" data-ad-format=\"auto\" data-full-width-responsive=\"true\"><\/ins>\n<\/p>\n<p>Feid, por su parte, no ha hecho declaraciones sobre el premio ni sobre su ausencia. Su equipo tampoco ha comunicado un motivo, y por ahora la \u00fanica se\u00f1al p\u00fablica de su parte es el silencio.<\/p>\n<p>Lo que queda pendiente es si alguno de los dos se pronuncia sobre el Verano Rosa Premios Juventud en los pr\u00f3ximos d\u00edas, y si vuelven a coincidir en alguna gala antes de que termine el a\u00f1o. La temporada de premios apenas empieza, as\u00ed que las oportunidades no van a faltar.<\/p>\n","protected":false},"excerpt":{"rendered":"<p>El Verano Rosa Premios Juventud se qued\u00f3&#46;&#46;&#46;<\/p>\n","protected":false},"author":1,"featured_media":413175,"comment_status":"closed","ping_status":"closed","sticky":false,"template":"","format":"standard","meta":{"_jetpack_newsletter_access":"","_jetpack_dont_email_post_to_subs":false,"_jetpack_newsletter_tier_id":0,"_jetpack_memberships_contains_paywalled_content":false,"_jetpack_feature_clip_id":0,"_jetpack_memberships_contains_paid_content":false,"footnotes":"","jetpack_publicize_message":"","jetpack_publicize_feature_enabled":true,"jetpack_social_post_already_shared":true,"jetpack_social_options":{"image_generator_settings":{"template":"highway","default_image_id":0,"font":"","enabled":false},"version":2},"jetpack_post_was_ever_published":false},"categories":[55],"tags":[],"class_list":["post-413174","post","type-post","status-publish","format-standard","has-post-thumbnail","hentry","category-entretenimiento"],"yoast_head":"<!-- This site is optimized with the Yoast SEO plugin v28.1 - https:\/\/yoast.com\/product\/yoast-seo-wordpress\/ -->\n<title>Karol G y Feid ganaron juntos con Verano Rosa y ninguno de los dos apareci\u00f3 a recogerlo - Sarmiento24h<\/title>\n<meta name=\"robots\" content=\"index, follow, max-snippet:-1, max-image-preview:large, max-video-preview:-1\" \/>\n<link rel=\"canonical\" href=\"https:\/\/sarmiento24h.com\/?p=413174\" \/>\n<meta property=\"og:locale\" content=\"es_ES\" \/>\n<meta property=\"og:type\" content=\"article\" \/>\n<meta property=\"og:title\" content=\"Karol G y Feid ganaron juntos con Verano Rosa y ninguno de los dos apareci\u00f3 a recogerlo - Sarmiento24h\" \/>\n<meta property=\"og:description\" content=\"El Verano Rosa Premios Juventud se qued\u00f3&#046;&#046;&#046;\" \/>\n<meta property=\"og:url\" content=\"https:\/\/sarmiento24h.com\/?p=413174\" \/>\n<meta property=\"og:site_name\" content=\"Sarmiento24h\" \/>\n<meta property=\"article:publisher\" content=\"https:\/\/facebook.com\/s24hnoticias\" \/>\n<meta property=\"article:published_time\" content=\"2026-09-04T15:17:41+00:00\" \/>\n<meta property=\"og:image\" content=\"https:\/\/qpasa.com\/wp-content\/uploads\/2026\/09\/Karol-G-y-Feid.jpg\" \/>\n<meta name=\"author\" content=\"sarmiento24h@gmail.com\" \/>\n<meta name=\"twitter:card\" content=\"summary_large_image\" \/>\n<meta name=\"twitter:creator\" content=\"@sarmiento24h\" \/>\n<meta name=\"twitter:site\" content=\"@sarmiento24h\" \/>\n<meta name=\"twitter:label1\" content=\"Escrito por\" \/>\n\t<meta name=\"twitter:data1\" content=\"sarmiento24h@gmail.com\" \/>\n\t<meta name=\"twitter:label2\" content=\"Tiempo de lectura\" \/>\n\t<meta name=\"twitter:data2\" content=\"6 minutos\" \/>\n<script type=\"application\/ld+json\" class=\"yoast-schema-graph\">{\"@context\":\"https:\\\/\\\/schema.org\",\"@graph\":[{\"@type\":\"Article\",\"@id\":\"https:\\\/\\\/sarmiento24h.com\\\/?p=413174#article\",\"isPartOf\":{\"@id\":\"https:\\\/\\\/sarmiento24h.com\\\/?p=413174\"},\"author\":{\"name\":\"sarmiento24h@gmail.com\",\"@id\":\"https:\\\/\\\/sarmiento24h.com\\\/#\\\/schema\\\/person\\\/d653a59725ad629a7e0429af7b939d4d\"},\"headline\":\"Karol G y Feid ganaron juntos con Verano Rosa y ninguno de los dos apareci\u00f3 a recogerlo\",\"datePublished\":\"2026-09-04T15:17:41+00:00\",\"mainEntityOfPage\":{\"@id\":\"https:\\\/\\\/sarmiento24h.com\\\/?p=413174\"},\"wordCount\":1142,\"publisher\":{\"@id\":\"https:\\\/\\\/sarmiento24h.com\\\/#organization\"},\"image\":{\"@id\":\"https:\\\/\\\/sarmiento24h.com\\\/?p=413174#primaryimage\"},\"thumbnailUrl\":\"https:\\\/\\\/sarmiento24h.com\\\/wp-content\\\/uploads\\\/2026\\\/09\\\/karol-g-y-feid-ganaron-juntos-con-verano-rosa-y-ninguno-de-los-dos-aparecio-a-recogerlo.jpg\",\"articleSection\":[\"Entretenimiento\"],\"inLanguage\":\"es\"},{\"@type\":\"WebPage\",\"@id\":\"https:\\\/\\\/sarmiento24h.com\\\/?p=413174\",\"url\":\"https:\\\/\\\/sarmiento24h.com\\\/?p=413174\",\"name\":\"Karol G y Feid ganaron juntos con Verano Rosa y ninguno de los dos apareci\u00f3 a recogerlo - Sarmiento24h\",\"isPartOf\":{\"@id\":\"https:\\\/\\\/sarmiento24h.com\\\/#website\"},\"primaryImageOfPage\":{\"@id\":\"https:\\\/\\\/sarmiento24h.com\\\/?p=413174#primaryimage\"},\"image\":{\"@id\":\"https:\\\/\\\/sarmiento24h.com\\\/?p=413174#primaryimage\"},\"thumbnailUrl\":\"https:\\\/\\\/sarmiento24h.com\\\/wp-content\\\/uploads\\\/2026\\\/09\\\/karol-g-y-feid-ganaron-juntos-con-verano-rosa-y-ninguno-de-los-dos-aparecio-a-recogerlo.jpg\",\"datePublished\":\"2026-09-04T15:17:41+00:00\",\"breadcrumb\":{\"@id\":\"https:\\\/\\\/sarmiento24h.com\\\/?p=413174#breadcrumb\"},\"inLanguage\":\"es\",\"potentialAction\":[{\"@type\":\"ReadAction\",\"target\":[\"https:\\\/\\\/sarmiento24h.com\\\/?p=413174\"]}]},{\"@type\":\"ImageObject\",\"inLanguage\":\"es\",\"@id\":\"https:\\\/\\\/sarmiento24h.com\\\/?p=413174#primaryimage\",\"url\":\"https:\\\/\\\/sarmiento24h.com\\\/wp-content\\\/uploads\\\/2026\\\/09\\\/karol-g-y-feid-ganaron-juntos-con-verano-rosa-y-ninguno-de-los-dos-aparecio-a-recogerlo.jpg\",\"contentUrl\":\"https:\\\/\\\/sarmiento24h.com\\\/wp-content\\\/uploads\\\/2026\\\/09\\\/karol-g-y-feid-ganaron-juntos-con-verano-rosa-y-ninguno-de-los-dos-aparecio-a-recogerlo.jpg\",\"width\":1480,\"height\":833},{\"@type\":\"BreadcrumbList\",\"@id\":\"https:\\\/\\\/sarmiento24h.com\\\/?p=413174#breadcrumb\",\"itemListElement\":[{\"@type\":\"ListItem\",\"position\":1,\"name\":\"Home\",\"item\":\"https:\\\/\\\/sarmiento24h.com\\\/\"},{\"@type\":\"ListItem\",\"position\":2,\"name\":\"Karol G y Feid ganaron juntos con Verano Rosa y ninguno de los dos apareci\u00f3 a recogerlo\"}]},{\"@type\":\"WebSite\",\"@id\":\"https:\\\/\\\/sarmiento24h.com\\\/#website\",\"url\":\"https:\\\/\\\/sarmiento24h.com\\\/\",\"name\":\"Sarmiento24h\",\"description\":\"\",\"publisher\":{\"@id\":\"https:\\\/\\\/sarmiento24h.com\\\/#organization\"},\"potentialAction\":[{\"@type\":\"SearchAction\",\"target\":{\"@type\":\"EntryPoint\",\"urlTemplate\":\"https:\\\/\\\/sarmiento24h.com\\\/?s={search_term_string}\"},\"query-input\":{\"@type\":\"PropertyValueSpecification\",\"valueRequired\":true,\"valueName\":\"search_term_string\"}}],\"inLanguage\":\"es\"},{\"@type\":\"Organization\",\"@id\":\"https:\\\/\\\/sarmiento24h.com\\\/#organization\",\"name\":\"Sarmiento24h\",\"url\":\"https:\\\/\\\/sarmiento24h.com\\\/\",\"logo\":{\"@type\":\"ImageObject\",\"inLanguage\":\"es\",\"@id\":\"https:\\\/\\\/sarmiento24h.com\\\/#\\\/schema\\\/logo\\\/image\\\/\",\"url\":\"https:\\\/\\\/sarmiento24h.com\\\/wp-content\\\/uploads\\\/2025\\\/12\\\/AddText_12-16-10.30.52.jpg\",\"contentUrl\":\"https:\\\/\\\/sarmiento24h.com\\\/wp-content\\\/uploads\\\/2025\\\/12\\\/AddText_12-16-10.30.52.jpg\",\"width\":1220,\"height\":324,\"caption\":\"Sarmiento24h\"},\"image\":{\"@id\":\"https:\\\/\\\/sarmiento24h.com\\\/#\\\/schema\\\/logo\\\/image\\\/\"},\"sameAs\":[\"https:\\\/\\\/facebook.com\\\/s24hnoticias\",\"https:\\\/\\\/x.com\\\/sarmiento24h\"]},{\"@type\":\"Person\",\"@id\":\"https:\\\/\\\/sarmiento24h.com\\\/#\\\/schema\\\/person\\\/d653a59725ad629a7e0429af7b939d4d\",\"name\":\"sarmiento24h@gmail.com\",\"image\":{\"@type\":\"ImageObject\",\"inLanguage\":\"es\",\"@id\":\"https:\\\/\\\/sarmiento24h.com\\\/wp-content\\\/litespeed\\\/avatar\\\/d02cbc4e23c747e6659cd45907173c8f.jpg?ver=1788047690\",\"url\":\"https:\\\/\\\/sarmiento24h.com\\\/wp-content\\\/litespeed\\\/avatar\\\/d02cbc4e23c747e6659cd45907173c8f.jpg?ver=1788047690\",\"contentUrl\":\"https:\\\/\\\/sarmiento24h.com\\\/wp-content\\\/litespeed\\\/avatar\\\/d02cbc4e23c747e6659cd45907173c8f.jpg?ver=1788047690\",\"caption\":\"sarmiento24h@gmail.com\"},\"sameAs\":[\"https:\\\/\\\/sarmiento24h.com\"],\"url\":\"https:\\\/\\\/sarmiento24h.com\\\/?author=1\"}]}<\/script>\n<!-- \/ Yoast SEO plugin. -->","yoast_head_json":{"title":"Karol G y Feid ganaron juntos con Verano Rosa y ninguno de los dos apareci\u00f3 a recogerlo - Sarmiento24h","robots":{"index":"index","follow":"follow","max-snippet":"max-snippet:-1","max-image-preview":"max-image-preview:large","max-video-preview":"max-video-preview:-1"},"canonical":"https:\/\/sarmiento24h.com\/?p=413174","og_locale":"es_ES","og_type":"article","og_title":"Karol G y Feid ganaron juntos con Verano Rosa y ninguno de los dos apareci\u00f3 a recogerlo - Sarmiento24h","og_description":"El Verano Rosa Premios Juventud se qued\u00f3&#46;&#46;&#46;","og_url":"https:\/\/sarmiento24h.com\/?p=413174","og_site_name":"Sarmiento24h","article_publisher":"https:\/\/facebook.com\/s24hnoticias","article_published_time":"2026-09-04T15:17:41+00:00","og_image":[{"url":"https:\/\/qpasa.com\/wp-content\/uploads\/2026\/09\/Karol-G-y-Feid.jpg","type":"","width":"","height":""}],"author":"sarmiento24h@gmail.com","twitter_card":"summary_large_image","twitter_creator":"@sarmiento24h","twitter_site":"@sarmiento24h","twitter_misc":{"Escrito por":"sarmiento24h@gmail.com","Tiempo de lectura":"6 minutos"},"schema":{"@context":"https:\/\/schema.org","@graph":[{"@type":"Article","@id":"https:\/\/sarmiento24h.com\/?p=413174#article","isPartOf":{"@id":"https:\/\/sarmiento24h.com\/?p=413174"},"author":{"name":"sarmiento24h@gmail.com","@id":"https:\/\/sarmiento24h.com\/#\/schema\/person\/d653a59725ad629a7e0429af7b939d4d"},"headline":"Karol G y Feid ganaron juntos con Verano Rosa y ninguno de los dos apareci\u00f3 a recogerlo","datePublished":"2026-09-04T15:17:41+00:00","mainEntityOfPage":{"@id":"https:\/\/sarmiento24h.com\/?p=413174"},"wordCount":1142,"publisher":{"@id":"https:\/\/sarmiento24h.com\/#organization"},"image":{"@id":"https:\/\/sarmiento24h.com\/?p=413174#primaryimage"},"thumbnailUrl":"https:\/\/sarmiento24h.com\/wp-content\/uploads\/2026\/09\/karol-g-y-feid-ganaron-juntos-con-verano-rosa-y-ninguno-de-los-dos-aparecio-a-recogerlo.jpg","articleSection":["Entretenimiento"],"inLanguage":"es"},{"@type":"WebPage","@id":"https:\/\/sarmiento24h.com\/?p=413174","url":"https:\/\/sarmiento24h.com\/?p=413174","name":"Karol G y Feid ganaron juntos con Verano Rosa y ninguno de los dos apareci\u00f3 a recogerlo - Sarmiento24h","isPartOf":{"@id":"https:\/\/sarmiento24h.com\/#website"},"primaryImageOfPage":{"@id":"https:\/\/sarmiento24h.com\/?p=413174#primaryimage"},"image":{"@id":"https:\/\/sarmiento24h.com\/?p=413174#primaryimage"},"thumbnailUrl":"https:\/\/sarmiento24h.com\/wp-content\/uploads\/2026\/09\/karol-g-y-feid-ganaron-juntos-con-verano-rosa-y-ninguno-de-los-dos-aparecio-a-recogerlo.jpg","datePublished":"2026-09-04T15:17:41+00:00","breadcrumb":{"@id":"https:\/\/sarmiento24h.com\/?p=413174#breadcrumb"},"inLanguage":"es","potentialAction":[{"@type":"ReadAction","target":["https:\/\/sarmiento24h.com\/?p=413174"]}]},{"@type":"ImageObject","inLanguage":"es","@id":"https:\/\/sarmiento24h.com\/?p=413174#primaryimage","url":"https:\/\/sarmiento24h.com\/wp-content\/uploads\/2026\/09\/karol-g-y-feid-ganaron-juntos-con-verano-rosa-y-ninguno-de-los-dos-aparecio-a-recogerlo.jpg","contentUrl":"https:\/\/sarmiento24h.com\/wp-content\/uploads\/2026\/09\/karol-g-y-feid-ganaron-juntos-con-verano-rosa-y-ninguno-de-los-dos-aparecio-a-recogerlo.jpg","width":1480,"height":833},{"@type":"BreadcrumbList","@id":"https:\/\/sarmiento24h.com\/?p=413174#breadcrumb","itemListElement":[{"@type":"ListItem","position":1,"name":"Home","item":"https:\/\/sarmiento24h.com\/"},{"@type":"ListItem","position":2,"name":"Karol G y Feid ganaron juntos con Verano Rosa y ninguno de los dos apareci\u00f3 a recogerlo"}]},{"@type":"WebSite","@id":"https:\/\/sarmiento24h.com\/#website","url":"https:\/\/sarmiento24h.com\/","name":"Sarmiento24h","description":"","publisher":{"@id":"https:\/\/sarmiento24h.com\/#organization"},"potentialAction":[{"@type":"SearchAction","target":{"@type":"EntryPoint","urlTemplate":"https:\/\/sarmiento24h.com\/?s={search_term_string}"},"query-input":{"@type":"PropertyValueSpecification","valueRequired":true,"valueName":"search_term_string"}}],"inLanguage":"es"},{"@type":"Organization","@id":"https:\/\/sarmiento24h.com\/#organization","name":"Sarmiento24h","url":"https:\/\/sarmiento24h.com\/","logo":{"@type":"ImageObject","inLanguage":"es","@id":"https:\/\/sarmiento24h.com\/#\/schema\/logo\/image\/","url":"https:\/\/sarmiento24h.com\/wp-content\/uploads\/2025\/12\/AddText_12-16-10.30.52.jpg","contentUrl":"https:\/\/sarmiento24h.com\/wp-content\/uploads\/2025\/12\/AddText_12-16-10.30.52.jpg","width":1220,"height":324,"caption":"Sarmiento24h"},"image":{"@id":"https:\/\/sarmiento24h.com\/#\/schema\/logo\/image\/"},"sameAs":["https:\/\/facebook.com\/s24hnoticias","https:\/\/x.com\/sarmiento24h"]},{"@type":"Person","@id":"https:\/\/sarmiento24h.com\/#\/schema\/person\/d653a59725ad629a7e0429af7b939d4d","name":"sarmiento24h@gmail.com","image":{"@type":"ImageObject","inLanguage":"es","@id":"https:\/\/sarmiento24h.com\/wp-content\/litespeed\/avatar\/d02cbc4e23c747e6659cd45907173c8f.jpg?ver=1788047690","url":"https:\/\/sarmiento24h.com\/wp-content\/litespeed\/avatar\/d02cbc4e23c747e6659cd45907173c8f.jpg?ver=1788047690","contentUrl":"https:\/\/sarmiento24h.com\/wp-content\/litespeed\/avatar\/d02cbc4e23c747e6659cd45907173c8f.jpg?ver=1788047690","caption":"sarmiento24h@gmail.com"},"sameAs":["https:\/\/sarmiento24h.com"],"url":"https:\/\/sarmiento24h.com\/?author=1"}]}},"jetpack_publicize_connections":[],"jetpack_featured_media_url":"https:\/\/sarmiento24h.com\/wp-content\/uploads\/2026\/09\/karol-g-y-feid-ganaron-juntos-con-verano-rosa-y-ninguno-de-los-dos-aparecio-a-recogerlo.jpg","jetpack_sharing_enabled":true,"_links":{"self":[{"href":"https:\/\/sarmiento24h.com\/index.php?rest_route=\/wp\/v2\/posts\/413174","targetHints":{"allow":["GET"]}}],"collection":[{"href":"https:\/\/sarmiento24h.com\/index.php?rest_route=\/wp\/v2\/posts"}],"about":[{"href":"https:\/\/sarmiento24h.com\/index.php?rest_route=\/wp\/v2\/types\/post"}],"author":[{"embeddable":true,"href":"https:\/\/sarmiento24h.com\/index.php?rest_route=\/wp\/v2\/users\/1"}],"replies":[{"embeddable":true,"href":"https:\/\/sarmiento24h.com\/index.php?rest_route=%2Fwp%2Fv2%2Fcomments&post=413174"}],"version-history":[{"count":0,"href":"https:\/\/sarmiento24h.com\/index.php?rest_route=\/wp\/v2\/posts\/413174\/revisions"}],"wp:featuredmedia":[{"embeddable":true,"href":"https:\/\/sarmiento24h.com\/index.php?rest_route=\/wp\/v2\/media\/413175"}],"wp:attachment":[{"href":"https:\/\/sarmiento24h.com\/index.php?rest_route=%2Fwp%2Fv2%2Fmedia&parent=413174"}],"wp:term":[{"taxonomy":"category","embeddable":true,"href":"https:\/\/sarmiento24h.com\/index.php?rest_route=%2Fwp%2Fv2%2Fcategories&post=413174"},{"taxonomy":"post_tag","embeddable":true,"href":"https:\/\/sarmiento24h.com\/index.php?rest_route=%2Fwp%2Fv2%2Ftags&post=413174"}],"curies":[{"name":"wp","href":"https:\/\/api.w.org\/{rel}","templated":true}]}}