{"id":413212,"date":"2026-09-04T16:17:13","date_gmt":"2026-09-04T16:17:13","guid":{"rendered":"https:\/\/pinceldigital.do\/?p=76227"},"modified":"2026-09-04T16:17:13","modified_gmt":"2026-09-04T16:17:13","slug":"vicepresidenta-raquel-pena-inaugura-expo-mercado-de-valores-2026-y-reafirma-el-papel-de-la-inversion-como-motor-del-desarrollo-nacional","status":"publish","type":"post","link":"https:\/\/sarmiento24h.com\/?p=413212","title":{"rendered":"Vicepresidenta Raquel Pe\u00f1a inaugura Expo Mercado de Valores 2026 y reafirma el papel de la inversi\u00f3n como motor del desarrollo nacional"},"content":{"rendered":"<p class=\"wp-block-paragraph\"><em>La cuarta edici\u00f3n del principal evento financiero del pa\u00eds re\u00fane a autoridades, l\u00edderes del sector e inversionistas para impulsar la visi\u00f3n Meta RD 2036 y fortalecer la cultura de inversi\u00f3n entre los dominicanos.<\/em><\/p>\n<p class=\"wp-block-paragraph\">SANTO DOMINGO, Rep\u00fablica Dominicana.- La vicepresidenta de la Rep\u00fablica, Raquel Pe\u00f1a, inaugur\u00f3 este viernes la IV Expo Mercado de Valores 2026, una iniciativa de la Superintendencia del Mercado de Valores (SIMV) que se ha consolidado como el principal espacio de encuentro del ecosistema financiero dominicano y una plataforma que acerca a la ciudadan\u00eda a las oportunidades de inversi\u00f3n.<\/p>\n<p class=\"wp-block-paragraph\">Durante las palabras centrales del acto inaugural, la vicemandataria resalt\u00f3 que el mercado de valores se ha convertido en una herramienta estrat\u00e9gica para conectar el ahorro con la inversi\u00f3n productiva, generar oportunidades de crecimiento para las empresas y ampliar las alternativas de desarrollo patrimonial para los ciudadanos. Asimismo, subray\u00f3 que el fortalecimiento del mercado de capitales resulta fundamental para movilizar los recursos que requiere el pa\u00eds para alcanzar las metas de transformaci\u00f3n econ\u00f3mica contempladas en Meta RD 2036.<\/p>\n<p class=\"wp-block-paragraph\">\u201cUn pa\u00eds avanza cuando es capaz de convertir la confianza en inversi\u00f3n y la inversi\u00f3n en oportunidades. Por eso, el mercado de valores es una herramienta para movilizar capital, financiar desarrollo, ampliar oportunidades y, sobre todo, para transformar confianza en futuro\u201d, expres\u00f3 Pe\u00f1a. La vicepresidenta reafirm\u00f3 adem\u00e1s el compromiso del Gobierno de seguir fortaleciendo la institucionalidad, la estabilidad y las condiciones que promueven la inversi\u00f3n y el crecimiento sostenible.<\/p>\n<p class=\"wp-block-paragraph\">Mientras, el superintendente del Mercado de Valores, Ernesto Bournigal inform\u00f3 que las emisiones privadas, los fondos de inversi\u00f3n y los fideicomisos de oferta p\u00fablica superan los RD$595 mil millones a julio de 2026, un hito que evidencia la evoluci\u00f3n del mercado de valores dominicano y su consolidaci\u00f3n como uno de los pilares del sistema financiero nacional.<\/p>\n<p class=\"wp-block-paragraph\">Bournigal resalt\u00f3 adem\u00e1s que, a trav\u00e9s de los fondos de inversi\u00f3n, se han financiado alrededor de 280 proyectos distribuidos en 15 actividades econ\u00f3micas, vinculados a m\u00e1s de 57,500 empleos directos y cerca de 4,800 empleos indirectos, con impacto en sectores como energ\u00eda, turismo, infraestructura, construcci\u00f3n, industria y servicios.<\/p>\n<p class=\"wp-block-paragraph\">De su lado, el ministro de la Presidencia, Jos\u00e9 Ignacio Paliza, se\u00f1al\u00f3 que el fortalecimiento del mercado de capitales constituye una pieza clave para ampliar las oportunidades de inversi\u00f3n y respaldar las metas de transformaci\u00f3n econ\u00f3mica contempladas en Meta RD 2036.<\/p>\n<p class=\"wp-block-paragraph\">La jornada inaugural cont\u00f3 adem\u00e1s con la participaci\u00f3n de funcionarios, representantes de asociaciones del mercado de capitales, administradoras de fondos de inversi\u00f3n, puestos de bolsa, administradoras de fondos de pensiones y otros actores del sector financiero.<\/p>\n<p class=\"wp-block-paragraph\">Como parte del programa se desarrollaron paneles enfocados en las necesidades de inversi\u00f3n de las iniciativas de Meta RD 2036, el papel del mercado de capitales como instrumento de financiamiento y casos de \u00e9xito impulsados a trav\u00e9s de este mecanismo.<\/p>\n<p class=\"wp-block-paragraph\">Jornada abierta al p\u00fablico este s\u00e1bado 5 de septiembre<\/p>\n<p class=\"wp-block-paragraph\">La Expo Mercado de Valores 2026 continuar\u00e1 este s\u00e1bado 5 de septiembre con una amplia agenda educativa y de orientaci\u00f3n financiera abierta al p\u00fablico de forma gratuita en el Santo Domingo Marriott Hotel Piantini, ubicado en la avenida Abraham Lincoln esquina Andr\u00e9s Julio Aybar.<\/p>\n<p class=\"wp-block-paragraph\">Las puertas abrir\u00e1n a partir de las 8:30 de la ma\u00f1ana con el proceso de registro.<br \/>Durante la jornada se ofrecer\u00e1n conferencias, paneles interactivos, charlas y conversatorios sobre c\u00f3mo comenzar a invertir, las distintas opciones disponibles en el mercado, finanzas familiares, inversi\u00f3n responsable, inteligencia artificial aplicada a las finanzas y estrategias para desarrollar una mentalidad enfocada en la construcci\u00f3n de patrimonio.<\/p>\n<p class=\"wp-block-paragraph\">Entre las actividades se encuentran las conferencias \u201cQuiero invertir\u2026 \u00bfpor d\u00f3nde empiezo?\u201d, \u201cConoce tus opciones\u201d, \u201cPor qu\u00e9 vale la pena invertir\u201d y \u201cFamilia, finanzas e inversi\u00f3n\u201d, adem\u00e1s de un conversatorio sobre inteligencia artificial y asesor\u00eda financiera, dirigido a inversionistas principiantes, j\u00f3venes y familias interesadas en fortalecer sus conocimientos financieros.<\/p>\n<p class=\"wp-block-paragraph\">Sobre Meta RD 2026<\/p>\n<p class=\"wp-block-paragraph\">El plan Meta RD 2036 es una hoja de ruta estrat\u00e9gica dise\u00f1ada por el Gobierno dominicano con el objetivo de transformar radicalmente la econom\u00eda nacional y posicionar a la Rep\u00fablica Dominicana como una de las econom\u00edas m\u00e1s pr\u00f3speras y competitivas de Am\u00e9rica Latina.<\/p>\n<p class=\"wp-block-paragraph\">Este plan tiene como metas principales duplicar el producto interno bruto (PIB) real del pa\u00eds para 2036, eliminar la pobreza extrema, crear 1.7 millones de nuevos empleos, triplicar el salario medio y alcanzar un grado de inversi\u00f3n que permita a la Rep\u00fablica Dominicana ser la econom\u00eda m\u00e1s pr\u00f3spera de Am\u00e9rica Latina.<\/p>\n<figure class=\"wp-block-gallery has-nested-images columns-default is-cropped wp-block-gallery-1 is-layout-flex wp-block-gallery-is-layout-flex\">\n<figure class=\"wp-block-image size-large\"><img loading=\"lazy\" decoding=\"async\" data-recalc-dims=\"1\" width=\"696\" height=\"464\" data-id=\"76230\" src=\"https:\/\/i0.wp.com\/pinceldigital.do\/wp-content\/uploads\/2026\/09\/CC3C52F1-7FC9-4AA8-9768-8511FF41D6EF.jpeg?resize=696%2C464&amp;ssl=1\" alt class=\"wp-image-76230\" srcset=\"https:\/\/i0.wp.com\/pinceldigital.do\/wp-content\/uploads\/2026\/09\/CC3C52F1-7FC9-4AA8-9768-8511FF41D6EF.jpeg?w=696&amp;ssl=1 696w, https:\/\/i0.wp.com\/pinceldigital.do\/wp-content\/uploads\/2026\/09\/CC3C52F1-7FC9-4AA8-9768-8511FF41D6EF.jpeg?resize=300%2C200&amp;ssl=1 300w, https:\/\/i0.wp.com\/pinceldigital.do\/wp-content\/uploads\/2026\/09\/CC3C52F1-7FC9-4AA8-9768-8511FF41D6EF.jpeg?resize=630%2C420&amp;ssl=1 630w\" sizes=\"auto, (max-width: 696px) 100vw, 696px\"><\/figure>\n<figure class=\"wp-block-image size-large\"><img loading=\"lazy\" decoding=\"async\" data-recalc-dims=\"1\" width=\"696\" height=\"464\" data-id=\"76234\" src=\"https:\/\/i0.wp.com\/pinceldigital.do\/wp-content\/uploads\/2026\/09\/5F0918EA-F100-4FD8-816A-0DBE84CD659C.jpeg?resize=696%2C464&amp;ssl=1\" alt class=\"wp-image-76234\" srcset=\"https:\/\/i0.wp.com\/pinceldigital.do\/wp-content\/uploads\/2026\/09\/5F0918EA-F100-4FD8-816A-0DBE84CD659C.jpeg?w=696&amp;ssl=1 696w, https:\/\/i0.wp.com\/pinceldigital.do\/wp-content\/uploads\/2026\/09\/5F0918EA-F100-4FD8-816A-0DBE84CD659C.jpeg?resize=300%2C200&amp;ssl=1 300w, https:\/\/i0.wp.com\/pinceldigital.do\/wp-content\/uploads\/2026\/09\/5F0918EA-F100-4FD8-816A-0DBE84CD659C.jpeg?resize=630%2C420&amp;ssl=1 630w\" sizes=\"auto, (max-width: 696px) 100vw, 696px\"><\/figure>\n<figure class=\"wp-block-image size-large\"><img loading=\"lazy\" decoding=\"async\" data-recalc-dims=\"1\" width=\"696\" height=\"464\" data-id=\"76233\" src=\"https:\/\/i0.wp.com\/pinceldigital.do\/wp-content\/uploads\/2026\/09\/685895CA-0A26-45B2-80C8-4E4DB8366B73.jpeg?resize=696%2C464&amp;ssl=1\" alt class=\"wp-image-76233\" srcset=\"https:\/\/i0.wp.com\/pinceldigital.do\/wp-content\/uploads\/2026\/09\/685895CA-0A26-45B2-80C8-4E4DB8366B73.jpeg?w=696&amp;ssl=1 696w, https:\/\/i0.wp.com\/pinceldigital.do\/wp-content\/uploads\/2026\/09\/685895CA-0A26-45B2-80C8-4E4DB8366B73.jpeg?resize=300%2C200&amp;ssl=1 300w, https:\/\/i0.wp.com\/pinceldigital.do\/wp-content\/uploads\/2026\/09\/685895CA-0A26-45B2-80C8-4E4DB8366B73.jpeg?resize=630%2C420&amp;ssl=1 630w\" sizes=\"auto, (max-width: 696px) 100vw, 696px\"><\/figure>\n<figure class=\"wp-block-image size-large\"><img decoding=\"async\" data-recalc-dims=\"1\" loading=\"lazy\" width=\"696\" height=\"464\" data-id=\"76232\" src=\"https:\/\/i0.wp.com\/pinceldigital.do\/wp-content\/uploads\/2026\/09\/EBCBD513-F7F7-4D2B-87DF-5FCF3E13BEC6.jpeg?resize=696%2C464&amp;ssl=1\" alt class=\"wp-image-76232\" srcset=\"https:\/\/i0.wp.com\/pinceldigital.do\/wp-content\/uploads\/2026\/09\/EBCBD513-F7F7-4D2B-87DF-5FCF3E13BEC6.jpeg?w=696&amp;ssl=1 696w, https:\/\/i0.wp.com\/pinceldigital.do\/wp-content\/uploads\/2026\/09\/EBCBD513-F7F7-4D2B-87DF-5FCF3E13BEC6.jpeg?resize=300%2C200&amp;ssl=1 300w, https:\/\/i0.wp.com\/pinceldigital.do\/wp-content\/uploads\/2026\/09\/EBCBD513-F7F7-4D2B-87DF-5FCF3E13BEC6.jpeg?resize=630%2C420&amp;ssl=1 630w\" sizes=\"auto, (max-width: 696px) 100vw, 696px\"><\/figure>\n<figure class=\"wp-block-image size-large\"><img decoding=\"async\" data-recalc-dims=\"1\" loading=\"lazy\" width=\"696\" height=\"464\" data-id=\"76231\" src=\"https:\/\/i0.wp.com\/pinceldigital.do\/wp-content\/uploads\/2026\/09\/4B267885-7AE7-427D-A772-089B0BD590C4.jpeg?resize=696%2C464&amp;ssl=1\" alt class=\"wp-image-76231\" srcset=\"https:\/\/i0.wp.com\/pinceldigital.do\/wp-content\/uploads\/2026\/09\/4B267885-7AE7-427D-A772-089B0BD590C4.jpeg?w=696&amp;ssl=1 696w, https:\/\/i0.wp.com\/pinceldigital.do\/wp-content\/uploads\/2026\/09\/4B267885-7AE7-427D-A772-089B0BD590C4.jpeg?resize=300%2C200&amp;ssl=1 300w, https:\/\/i0.wp.com\/pinceldigital.do\/wp-content\/uploads\/2026\/09\/4B267885-7AE7-427D-A772-089B0BD590C4.jpeg?resize=630%2C420&amp;ssl=1 630w\" sizes=\"auto, (max-width: 696px) 100vw, 696px\"><\/figure>\n<figure class=\"wp-block-image size-large\"><img decoding=\"async\" data-recalc-dims=\"1\" loading=\"lazy\" width=\"696\" height=\"464\" data-id=\"76229\" src=\"https:\/\/i0.wp.com\/pinceldigital.do\/wp-content\/uploads\/2026\/09\/4B208A4C-98D3-4F25-8DEC-65910E7AD4EC.jpeg?resize=696%2C464&amp;ssl=1\" alt class=\"wp-image-76229\" srcset=\"https:\/\/i0.wp.com\/pinceldigital.do\/wp-content\/uploads\/2026\/09\/4B208A4C-98D3-4F25-8DEC-65910E7AD4EC.jpeg?w=696&amp;ssl=1 696w, https:\/\/i0.wp.com\/pinceldigital.do\/wp-content\/uploads\/2026\/09\/4B208A4C-98D3-4F25-8DEC-65910E7AD4EC.jpeg?resize=300%2C200&amp;ssl=1 300w, https:\/\/i0.wp.com\/pinceldigital.do\/wp-content\/uploads\/2026\/09\/4B208A4C-98D3-4F25-8DEC-65910E7AD4EC.jpeg?resize=630%2C420&amp;ssl=1 630w\" sizes=\"auto, (max-width: 696px) 100vw, 696px\"><\/figure>\n<figure class=\"wp-block-image size-large\"><img decoding=\"async\" data-recalc-dims=\"1\" loading=\"lazy\" width=\"696\" height=\"464\" data-id=\"76235\" src=\"https:\/\/i0.wp.com\/pinceldigital.do\/wp-content\/uploads\/2026\/09\/CB5869C1-138E-42AE-9331-92932AFCBA97.jpeg?resize=696%2C464&amp;ssl=1\" alt class=\"wp-image-76235\" srcset=\"https:\/\/i0.wp.com\/pinceldigital.do\/wp-content\/uploads\/2026\/09\/CB5869C1-138E-42AE-9331-92932AFCBA97.jpeg?w=696&amp;ssl=1 696w, https:\/\/i0.wp.com\/pinceldigital.do\/wp-content\/uploads\/2026\/09\/CB5869C1-138E-42AE-9331-92932AFCBA97.jpeg?resize=300%2C200&amp;ssl=1 300w, https:\/\/i0.wp.com\/pinceldigital.do\/wp-content\/uploads\/2026\/09\/CB5869C1-138E-42AE-9331-92932AFCBA97.jpeg?resize=630%2C420&amp;ssl=1 630w\" sizes=\"auto, (max-width: 696px) 100vw, 696px\"><\/figure>\n<\/figure>\n","protected":false},"excerpt":{"rendered":"<p>La cuarta edici\u00f3n del principal evento financiero&#46;&#46;&#46;<\/p>\n","protected":false},"author":1,"featured_media":413213,"comment_status":"closed","ping_status":"closed","sticky":false,"template":"","format":"standard","meta":{"_jetpack_newsletter_access":"","_jetpack_dont_email_post_to_subs":false,"_jetpack_newsletter_tier_id":0,"_jetpack_memberships_contains_paywalled_content":false,"_jetpack_feature_clip_id":0,"_jetpack_memberships_contains_paid_content":false,"footnotes":"","jetpack_publicize_message":"","jetpack_publicize_feature_enabled":true,"jetpack_social_post_already_shared":true,"jetpack_social_options":{"image_generator_settings":{"template":"highway","default_image_id":0,"font":"","enabled":false},"version":2},"jetpack_post_was_ever_published":false},"categories":[42],"tags":[],"class_list":["post-413212","post","type-post","status-publish","format-standard","has-post-thumbnail","hentry","category-nacionales"],"yoast_head":"<!-- This site is optimized with the Yoast SEO plugin v28.1 - https:\/\/yoast.com\/product\/yoast-seo-wordpress\/ -->\n<title>Vicepresidenta Raquel Pe\u00f1a inaugura Expo Mercado de Valores 2026 y reafirma el papel de la inversi\u00f3n como motor del desarrollo nacional - Sarmiento24h<\/title>\n<meta name=\"robots\" content=\"index, follow, max-snippet:-1, max-image-preview:large, max-video-preview:-1\" \/>\n<link rel=\"canonical\" href=\"https:\/\/sarmiento24h.com\/?p=413212\" \/>\n<meta property=\"og:locale\" content=\"es_ES\" \/>\n<meta property=\"og:type\" content=\"article\" \/>\n<meta property=\"og:title\" content=\"Vicepresidenta Raquel Pe\u00f1a inaugura Expo Mercado de Valores 2026 y reafirma el papel de la inversi\u00f3n como motor del desarrollo nacional - Sarmiento24h\" \/>\n<meta property=\"og:description\" content=\"La cuarta edici\u00f3n del principal evento financiero&#046;&#046;&#046;\" \/>\n<meta property=\"og:url\" content=\"https:\/\/sarmiento24h.com\/?p=413212\" \/>\n<meta property=\"og:site_name\" content=\"Sarmiento24h\" \/>\n<meta property=\"article:publisher\" content=\"https:\/\/facebook.com\/s24hnoticias\" \/>\n<meta property=\"article:published_time\" content=\"2026-09-04T16:17:13+00:00\" \/>\n<meta name=\"author\" content=\"sarmiento24h@gmail.com\" \/>\n<meta name=\"twitter:card\" content=\"summary_large_image\" \/>\n<meta name=\"twitter:creator\" content=\"@sarmiento24h\" \/>\n<meta name=\"twitter:site\" content=\"@sarmiento24h\" \/>\n<meta name=\"twitter:label1\" content=\"Escrito por\" \/>\n\t<meta name=\"twitter:data1\" content=\"sarmiento24h@gmail.com\" \/>\n\t<meta name=\"twitter:label2\" content=\"Tiempo de lectura\" \/>\n\t<meta name=\"twitter:data2\" content=\"4 minutos\" \/>\n<script type=\"application\/ld+json\" class=\"yoast-schema-graph\">{\"@context\":\"https:\\\/\\\/schema.org\",\"@graph\":[{\"@type\":\"Article\",\"@id\":\"https:\\\/\\\/sarmiento24h.com\\\/?p=413212#article\",\"isPartOf\":{\"@id\":\"https:\\\/\\\/sarmiento24h.com\\\/?p=413212\"},\"author\":{\"name\":\"sarmiento24h@gmail.com\",\"@id\":\"https:\\\/\\\/sarmiento24h.com\\\/#\\\/schema\\\/person\\\/d653a59725ad629a7e0429af7b939d4d\"},\"headline\":\"Vicepresidenta Raquel Pe\u00f1a inaugura Expo Mercado de Valores 2026 y reafirma el papel de la inversi\u00f3n como motor del desarrollo nacional\",\"datePublished\":\"2026-09-04T16:17:13+00:00\",\"mainEntityOfPage\":{\"@id\":\"https:\\\/\\\/sarmiento24h.com\\\/?p=413212\"},\"wordCount\":799,\"publisher\":{\"@id\":\"https:\\\/\\\/sarmiento24h.com\\\/#organization\"},\"image\":{\"@id\":\"https:\\\/\\\/sarmiento24h.com\\\/?p=413212#primaryimage\"},\"thumbnailUrl\":\"https:\\\/\\\/sarmiento24h.com\\\/wp-content\\\/uploads\\\/2026\\\/09\\\/vicepresidenta-raquel-pena-inaugura-expo-mercado-de-valores-2026-y-reafirma-el-papel-de-la-inversion-como-motor-del-desarrollo-nacional.jpg\",\"articleSection\":[\"Nacionales\"],\"inLanguage\":\"es\"},{\"@type\":\"WebPage\",\"@id\":\"https:\\\/\\\/sarmiento24h.com\\\/?p=413212\",\"url\":\"https:\\\/\\\/sarmiento24h.com\\\/?p=413212\",\"name\":\"Vicepresidenta Raquel Pe\u00f1a inaugura Expo Mercado de Valores 2026 y reafirma el papel de la inversi\u00f3n como motor del desarrollo nacional - Sarmiento24h\",\"isPartOf\":{\"@id\":\"https:\\\/\\\/sarmiento24h.com\\\/#website\"},\"primaryImageOfPage\":{\"@id\":\"https:\\\/\\\/sarmiento24h.com\\\/?p=413212#primaryimage\"},\"image\":{\"@id\":\"https:\\\/\\\/sarmiento24h.com\\\/?p=413212#primaryimage\"},\"thumbnailUrl\":\"https:\\\/\\\/sarmiento24h.com\\\/wp-content\\\/uploads\\\/2026\\\/09\\\/vicepresidenta-raquel-pena-inaugura-expo-mercado-de-valores-2026-y-reafirma-el-papel-de-la-inversion-como-motor-del-desarrollo-nacional.jpg\",\"datePublished\":\"2026-09-04T16:17:13+00:00\",\"breadcrumb\":{\"@id\":\"https:\\\/\\\/sarmiento24h.com\\\/?p=413212#breadcrumb\"},\"inLanguage\":\"es\",\"potentialAction\":[{\"@type\":\"ReadAction\",\"target\":[\"https:\\\/\\\/sarmiento24h.com\\\/?p=413212\"]}]},{\"@type\":\"ImageObject\",\"inLanguage\":\"es\",\"@id\":\"https:\\\/\\\/sarmiento24h.com\\\/?p=413212#primaryimage\",\"url\":\"https:\\\/\\\/sarmiento24h.com\\\/wp-content\\\/uploads\\\/2026\\\/09\\\/vicepresidenta-raquel-pena-inaugura-expo-mercado-de-valores-2026-y-reafirma-el-papel-de-la-inversion-como-motor-del-desarrollo-nacional.jpg\",\"contentUrl\":\"https:\\\/\\\/sarmiento24h.com\\\/wp-content\\\/uploads\\\/2026\\\/09\\\/vicepresidenta-raquel-pena-inaugura-expo-mercado-de-valores-2026-y-reafirma-el-papel-de-la-inversion-como-motor-del-desarrollo-nacional.jpg\",\"width\":696,\"height\":464},{\"@type\":\"BreadcrumbList\",\"@id\":\"https:\\\/\\\/sarmiento24h.com\\\/?p=413212#breadcrumb\",\"itemListElement\":[{\"@type\":\"ListItem\",\"position\":1,\"name\":\"Home\",\"item\":\"https:\\\/\\\/sarmiento24h.com\\\/\"},{\"@type\":\"ListItem\",\"position\":2,\"name\":\"Vicepresidenta Raquel Pe\u00f1a inaugura Expo Mercado de Valores 2026 y reafirma el papel de la inversi\u00f3n como motor del desarrollo nacional\"}]},{\"@type\":\"WebSite\",\"@id\":\"https:\\\/\\\/sarmiento24h.com\\\/#website\",\"url\":\"https:\\\/\\\/sarmiento24h.com\\\/\",\"name\":\"Sarmiento24h\",\"description\":\"\",\"publisher\":{\"@id\":\"https:\\\/\\\/sarmiento24h.com\\\/#organization\"},\"potentialAction\":[{\"@type\":\"SearchAction\",\"target\":{\"@type\":\"EntryPoint\",\"urlTemplate\":\"https:\\\/\\\/sarmiento24h.com\\\/?s={search_term_string}\"},\"query-input\":{\"@type\":\"PropertyValueSpecification\",\"valueRequired\":true,\"valueName\":\"search_term_string\"}}],\"inLanguage\":\"es\"},{\"@type\":\"Organization\",\"@id\":\"https:\\\/\\\/sarmiento24h.com\\\/#organization\",\"name\":\"Sarmiento24h\",\"url\":\"https:\\\/\\\/sarmiento24h.com\\\/\",\"logo\":{\"@type\":\"ImageObject\",\"inLanguage\":\"es\",\"@id\":\"https:\\\/\\\/sarmiento24h.com\\\/#\\\/schema\\\/logo\\\/image\\\/\",\"url\":\"https:\\\/\\\/sarmiento24h.com\\\/wp-content\\\/uploads\\\/2025\\\/12\\\/AddText_12-16-10.30.52.jpg\",\"contentUrl\":\"https:\\\/\\\/sarmiento24h.com\\\/wp-content\\\/uploads\\\/2025\\\/12\\\/AddText_12-16-10.30.52.jpg\",\"width\":1220,\"height\":324,\"caption\":\"Sarmiento24h\"},\"image\":{\"@id\":\"https:\\\/\\\/sarmiento24h.com\\\/#\\\/schema\\\/logo\\\/image\\\/\"},\"sameAs\":[\"https:\\\/\\\/facebook.com\\\/s24hnoticias\",\"https:\\\/\\\/x.com\\\/sarmiento24h\"]},{\"@type\":\"Person\",\"@id\":\"https:\\\/\\\/sarmiento24h.com\\\/#\\\/schema\\\/person\\\/d653a59725ad629a7e0429af7b939d4d\",\"name\":\"sarmiento24h@gmail.com\",\"image\":{\"@type\":\"ImageObject\",\"inLanguage\":\"es\",\"@id\":\"https:\\\/\\\/sarmiento24h.com\\\/wp-content\\\/litespeed\\\/avatar\\\/d02cbc4e23c747e6659cd45907173c8f.jpg?ver=1788047690\",\"url\":\"https:\\\/\\\/sarmiento24h.com\\\/wp-content\\\/litespeed\\\/avatar\\\/d02cbc4e23c747e6659cd45907173c8f.jpg?ver=1788047690\",\"contentUrl\":\"https:\\\/\\\/sarmiento24h.com\\\/wp-content\\\/litespeed\\\/avatar\\\/d02cbc4e23c747e6659cd45907173c8f.jpg?ver=1788047690\",\"caption\":\"sarmiento24h@gmail.com\"},\"sameAs\":[\"https:\\\/\\\/sarmiento24h.com\"],\"url\":\"https:\\\/\\\/sarmiento24h.com\\\/?author=1\"}]}<\/script>\n<!-- \/ Yoast SEO plugin. -->","yoast_head_json":{"title":"Vicepresidenta Raquel Pe\u00f1a inaugura Expo Mercado de Valores 2026 y reafirma el papel de la inversi\u00f3n como motor del desarrollo nacional - Sarmiento24h","robots":{"index":"index","follow":"follow","max-snippet":"max-snippet:-1","max-image-preview":"max-image-preview:large","max-video-preview":"max-video-preview:-1"},"canonical":"https:\/\/sarmiento24h.com\/?p=413212","og_locale":"es_ES","og_type":"article","og_title":"Vicepresidenta Raquel Pe\u00f1a inaugura Expo Mercado de Valores 2026 y reafirma el papel de la inversi\u00f3n como motor del desarrollo nacional - Sarmiento24h","og_description":"La cuarta edici\u00f3n del principal evento financiero&#46;&#46;&#46;","og_url":"https:\/\/sarmiento24h.com\/?p=413212","og_site_name":"Sarmiento24h","article_publisher":"https:\/\/facebook.com\/s24hnoticias","article_published_time":"2026-09-04T16:17:13+00:00","author":"sarmiento24h@gmail.com","twitter_card":"summary_large_image","twitter_creator":"@sarmiento24h","twitter_site":"@sarmiento24h","twitter_misc":{"Escrito por":"sarmiento24h@gmail.com","Tiempo de lectura":"4 minutos"},"schema":{"@context":"https:\/\/schema.org","@graph":[{"@type":"Article","@id":"https:\/\/sarmiento24h.com\/?p=413212#article","isPartOf":{"@id":"https:\/\/sarmiento24h.com\/?p=413212"},"author":{"name":"sarmiento24h@gmail.com","@id":"https:\/\/sarmiento24h.com\/#\/schema\/person\/d653a59725ad629a7e0429af7b939d4d"},"headline":"Vicepresidenta Raquel Pe\u00f1a inaugura Expo Mercado de Valores 2026 y reafirma el papel de la inversi\u00f3n como motor del desarrollo nacional","datePublished":"2026-09-04T16:17:13+00:00","mainEntityOfPage":{"@id":"https:\/\/sarmiento24h.com\/?p=413212"},"wordCount":799,"publisher":{"@id":"https:\/\/sarmiento24h.com\/#organization"},"image":{"@id":"https:\/\/sarmiento24h.com\/?p=413212#primaryimage"},"thumbnailUrl":"https:\/\/sarmiento24h.com\/wp-content\/uploads\/2026\/09\/vicepresidenta-raquel-pena-inaugura-expo-mercado-de-valores-2026-y-reafirma-el-papel-de-la-inversion-como-motor-del-desarrollo-nacional.jpg","articleSection":["Nacionales"],"inLanguage":"es"},{"@type":"WebPage","@id":"https:\/\/sarmiento24h.com\/?p=413212","url":"https:\/\/sarmiento24h.com\/?p=413212","name":"Vicepresidenta Raquel Pe\u00f1a inaugura Expo Mercado de Valores 2026 y reafirma el papel de la inversi\u00f3n como motor del desarrollo nacional - Sarmiento24h","isPartOf":{"@id":"https:\/\/sarmiento24h.com\/#website"},"primaryImageOfPage":{"@id":"https:\/\/sarmiento24h.com\/?p=413212#primaryimage"},"image":{"@id":"https:\/\/sarmiento24h.com\/?p=413212#primaryimage"},"thumbnailUrl":"https:\/\/sarmiento24h.com\/wp-content\/uploads\/2026\/09\/vicepresidenta-raquel-pena-inaugura-expo-mercado-de-valores-2026-y-reafirma-el-papel-de-la-inversion-como-motor-del-desarrollo-nacional.jpg","datePublished":"2026-09-04T16:17:13+00:00","breadcrumb":{"@id":"https:\/\/sarmiento24h.com\/?p=413212#breadcrumb"},"inLanguage":"es","potentialAction":[{"@type":"ReadAction","target":["https:\/\/sarmiento24h.com\/?p=413212"]}]},{"@type":"ImageObject","inLanguage":"es","@id":"https:\/\/sarmiento24h.com\/?p=413212#primaryimage","url":"https:\/\/sarmiento24h.com\/wp-content\/uploads\/2026\/09\/vicepresidenta-raquel-pena-inaugura-expo-mercado-de-valores-2026-y-reafirma-el-papel-de-la-inversion-como-motor-del-desarrollo-nacional.jpg","contentUrl":"https:\/\/sarmiento24h.com\/wp-content\/uploads\/2026\/09\/vicepresidenta-raquel-pena-inaugura-expo-mercado-de-valores-2026-y-reafirma-el-papel-de-la-inversion-como-motor-del-desarrollo-nacional.jpg","width":696,"height":464},{"@type":"BreadcrumbList","@id":"https:\/\/sarmiento24h.com\/?p=413212#breadcrumb","itemListElement":[{"@type":"ListItem","position":1,"name":"Home","item":"https:\/\/sarmiento24h.com\/"},{"@type":"ListItem","position":2,"name":"Vicepresidenta Raquel Pe\u00f1a inaugura Expo Mercado de Valores 2026 y reafirma el papel de la inversi\u00f3n como motor del desarrollo nacional"}]},{"@type":"WebSite","@id":"https:\/\/sarmiento24h.com\/#website","url":"https:\/\/sarmiento24h.com\/","name":"Sarmiento24h","description":"","publisher":{"@id":"https:\/\/sarmiento24h.com\/#organization"},"potentialAction":[{"@type":"SearchAction","target":{"@type":"EntryPoint","urlTemplate":"https:\/\/sarmiento24h.com\/?s={search_term_string}"},"query-input":{"@type":"PropertyValueSpecification","valueRequired":true,"valueName":"search_term_string"}}],"inLanguage":"es"},{"@type":"Organization","@id":"https:\/\/sarmiento24h.com\/#organization","name":"Sarmiento24h","url":"https:\/\/sarmiento24h.com\/","logo":{"@type":"ImageObject","inLanguage":"es","@id":"https:\/\/sarmiento24h.com\/#\/schema\/logo\/image\/","url":"https:\/\/sarmiento24h.com\/wp-content\/uploads\/2025\/12\/AddText_12-16-10.30.52.jpg","contentUrl":"https:\/\/sarmiento24h.com\/wp-content\/uploads\/2025\/12\/AddText_12-16-10.30.52.jpg","width":1220,"height":324,"caption":"Sarmiento24h"},"image":{"@id":"https:\/\/sarmiento24h.com\/#\/schema\/logo\/image\/"},"sameAs":["https:\/\/facebook.com\/s24hnoticias","https:\/\/x.com\/sarmiento24h"]},{"@type":"Person","@id":"https:\/\/sarmiento24h.com\/#\/schema\/person\/d653a59725ad629a7e0429af7b939d4d","name":"sarmiento24h@gmail.com","image":{"@type":"ImageObject","inLanguage":"es","@id":"https:\/\/sarmiento24h.com\/wp-content\/litespeed\/avatar\/d02cbc4e23c747e6659cd45907173c8f.jpg?ver=1788047690","url":"https:\/\/sarmiento24h.com\/wp-content\/litespeed\/avatar\/d02cbc4e23c747e6659cd45907173c8f.jpg?ver=1788047690","contentUrl":"https:\/\/sarmiento24h.com\/wp-content\/litespeed\/avatar\/d02cbc4e23c747e6659cd45907173c8f.jpg?ver=1788047690","caption":"sarmiento24h@gmail.com"},"sameAs":["https:\/\/sarmiento24h.com"],"url":"https:\/\/sarmiento24h.com\/?author=1"}]}},"jetpack_publicize_connections":[],"jetpack_featured_media_url":"https:\/\/sarmiento24h.com\/wp-content\/uploads\/2026\/09\/vicepresidenta-raquel-pena-inaugura-expo-mercado-de-valores-2026-y-reafirma-el-papel-de-la-inversion-como-motor-del-desarrollo-nacional.jpg","jetpack_sharing_enabled":true,"_links":{"self":[{"href":"https:\/\/sarmiento24h.com\/index.php?rest_route=\/wp\/v2\/posts\/413212","targetHints":{"allow":["GET"]}}],"collection":[{"href":"https:\/\/sarmiento24h.com\/index.php?rest_route=\/wp\/v2\/posts"}],"about":[{"href":"https:\/\/sarmiento24h.com\/index.php?rest_route=\/wp\/v2\/types\/post"}],"author":[{"embeddable":true,"href":"https:\/\/sarmiento24h.com\/index.php?rest_route=\/wp\/v2\/users\/1"}],"replies":[{"embeddable":true,"href":"https:\/\/sarmiento24h.com\/index.php?rest_route=%2Fwp%2Fv2%2Fcomments&post=413212"}],"version-history":[{"count":0,"href":"https:\/\/sarmiento24h.com\/index.php?rest_route=\/wp\/v2\/posts\/413212\/revisions"}],"wp:featuredmedia":[{"embeddable":true,"href":"https:\/\/sarmiento24h.com\/index.php?rest_route=\/wp\/v2\/media\/413213"}],"wp:attachment":[{"href":"https:\/\/sarmiento24h.com\/index.php?rest_route=%2Fwp%2Fv2%2Fmedia&parent=413212"}],"wp:term":[{"taxonomy":"category","embeddable":true,"href":"https:\/\/sarmiento24h.com\/index.php?rest_route=%2Fwp%2Fv2%2Fcategories&post=413212"},{"taxonomy":"post_tag","embeddable":true,"href":"https:\/\/sarmiento24h.com\/index.php?rest_route=%2Fwp%2Fv2%2Ftags&post=413212"}],"curies":[{"name":"wp","href":"https:\/\/api.w.org\/{rel}","templated":true}]}}