{"id":413289,"date":"2026-09-04T17:27:15","date_gmt":"2026-09-04T17:27:15","guid":{"rendered":"http:\/\/e80366d6-a881-11f1-b5cf-13939bb48800"},"modified":"2026-09-04T17:27:15","modified_gmt":"2026-09-04T17:27:15","slug":"magistrado-declara-nulo-el-juicio-de-clancy-por-el-asesinato-de-sus-hijos-pero-da-a-la-defensa-una-hora-para-apelar","status":"publish","type":"post","link":"https:\/\/sarmiento24h.com\/?p=413289","title":{"rendered":"Magistrado declara nulo el juicio de Clancy por el asesinato de sus hijos, pero da a la defensa una hora para apelar"},"content":{"rendered":"<div><img decoding=\"async\" src=\"https:\/\/s.france24.com\/media\/display\/1556176e-a882-11f1-a840-005056bfb2b6\/w:1280\/p:16x9\/2026-09-04T140811Z-592050434-RC2ECNAR244G-RTRMADP-3-MASSACHUSETTS-CRIME-CLANCY.jpg\" class=\"ff-og-image-inserted\"><\/div>\n<p>La sorprendente decisi\u00f3n del juez William Sullivan se produjo despu\u00e9s de que anunciara en la corte que el jurado, que ya lleva siete d\u00edas de deliberaciones, envi\u00f3 una tercera nota indicando que no pueden llegar a un veredicto un\u00e1nime sobre si la madre de Massachusetts es penalmente responsable o no del asesinato de sus tres hijos peque\u00f1os, ocurrido&nbsp; en 2023.<\/p>\n<p><strong>\u00abVoy a declarar juicio nulo en este momento\u00bb, <\/strong>afirm\u00f3 Sullivan antes de que la defensa solicitara la suspensi\u00f3n de la declaraci\u00f3n. En la mesa de la defensa, Clancy no mostr\u00f3 ninguna reacci\u00f3n visible.<\/p>\n<p>Los fiscales afirmaron respaldar la declaraci\u00f3n de nulidad del juicio, lo que les permitir\u00eda decidir si repetir el juicio.<\/p>\n<p>Nadie puso en duda que Clancy, de 36 a\u00f1os, estrangul\u00f3 a sus tres hijos con bandas el\u00e1sticas en enero de 2023 en el s\u00f3tano de su casa en Duxbury, un suburbio de Boston. Luego se cort\u00f3 con un cuchillo y salt\u00f3 desde una ventana del segundo piso en un intento de suicidio que la dej\u00f3 paralizada.<\/p>\n<div id=\"em-WBMZ417741-F24-ES-20260904\" class=\"m-em-flash\" data-xtwitter-script>\n<div class=\"o-em-consent \" readability=\"7\">\n<div class=\"o-em-consent__content\" readability=\"34\">\n<p class=\"o-em-consent__content__text\">Para mostrar este contenido de X (Twitter), debe autorizar las cookies de medici\u00f3n de audiencia y publicidad.<\/p>\n<p> <button class=\"a-master-button a-master-button--dark\" data-action=\"accept\"> Aceptar <svg class=\"a-svg a-svg--icon-check\"> <use xlink:href=\"\/build\/images\/svg\/sprite.68b43361c11f23b39049016b32e6ae31.svg#icon-check\" href=\"\/build\/images\/svg\/sprite.68b43361c11f23b39049016b32e6ae31.svg#icon-check\" \/> <\/svg> <\/button> <button class=\"a-link\" data-action=\"manage\">Gestionar mis opciones <svg class=\"a-svg a-svg--icon-edit\"> <use xlink:href=\"\/build\/images\/svg\/sprite.68b43361c11f23b39049016b32e6ae31.svg#icon-edit\" href=\"\/build\/images\/svg\/sprite.68b43361c11f23b39049016b32e6ae31.svg#icon-edit\" \/> <\/svg><br \/>\n<\/button> <\/div>\n<\/div>\n<\/div>\n<p>Sin embargo, el juicio, que dur\u00f3 casi seis semanas y fue televisado, reaviv\u00f3 el antiguo debate sobre c\u00f3mo se trata la salud mental posparto en las mujeres en Estados Unidos y c\u00f3mo el sistema legal del pa\u00eds aborda los casos en los que las madres matan a sus hijos.<\/p>\n<p>El caso ha generado un gran inter\u00e9s, dividiendo profundamente a la opini\u00f3n p\u00fablica y llamando la atenci\u00f3n sobre los problemas relacionados con la salud mental. <strong>El abogado de Clancy afirm\u00f3 que sufr\u00eda de una afecci\u00f3n poco com\u00fan llamada psicosis posparto cuando estrangul\u00f3 a sus hijos, el menor de tan solo 8 meses, y luego intent\u00f3 suicidarse.<\/strong><\/p>\n<p>Por su parte, los fiscales declararon que Clancy, una exenfermera de partos de 36 a\u00f1os, era consciente de sus actos.<\/p>\n<p>El abogado de Clancy, Kevin Reddington, intent\u00f3 durante todo el proceso convencer al jurado de que deb\u00eda ser declarada no culpable por falta de responsabilidad penal o por raz\u00f3n de demencia, argumentando que era una madre amorosa en medio de un episodio psic\u00f3tico cuando mat\u00f3 a Cora, de 5 a\u00f1os; Dawson, de 3; y Callan, de 8 meses.<\/p>\n<p>Con Reuters y AP<\/p>\n","protected":false},"excerpt":{"rendered":"<p>La sorprendente decisi\u00f3n del juez William Sullivan&#46;&#46;&#46;<\/p>\n","protected":false},"author":1,"featured_media":413290,"comment_status":"closed","ping_status":"closed","sticky":false,"template":"","format":"standard","meta":{"_jetpack_newsletter_access":"","_jetpack_dont_email_post_to_subs":false,"_jetpack_newsletter_tier_id":0,"_jetpack_memberships_contains_paywalled_content":false,"_jetpack_feature_clip_id":0,"_jetpack_memberships_contains_paid_content":false,"footnotes":"","jetpack_publicize_message":"","jetpack_publicize_feature_enabled":true,"jetpack_social_post_already_shared":true,"jetpack_social_options":{"image_generator_settings":{"template":"highway","default_image_id":0,"font":"","enabled":false},"version":2},"jetpack_post_was_ever_published":false},"categories":[43],"tags":[],"class_list":["post-413289","post","type-post","status-publish","format-standard","has-post-thumbnail","hentry","category-internacionales"],"yoast_head":"<!-- This site is optimized with the Yoast SEO plugin v28.1 - https:\/\/yoast.com\/product\/yoast-seo-wordpress\/ -->\n<title>Magistrado declara nulo el juicio de Clancy por el asesinato de sus hijos, pero da a la defensa una hora para apelar - Sarmiento24h<\/title>\n<meta name=\"robots\" content=\"index, follow, max-snippet:-1, max-image-preview:large, max-video-preview:-1\" \/>\n<link rel=\"canonical\" href=\"https:\/\/sarmiento24h.com\/?p=413289\" \/>\n<meta property=\"og:locale\" content=\"es_ES\" \/>\n<meta property=\"og:type\" content=\"article\" \/>\n<meta property=\"og:title\" content=\"Magistrado declara nulo el juicio de Clancy por el asesinato de sus hijos, pero da a la defensa una hora para apelar - Sarmiento24h\" \/>\n<meta property=\"og:description\" content=\"La sorprendente decisi\u00f3n del juez William Sullivan&#046;&#046;&#046;\" \/>\n<meta property=\"og:url\" content=\"https:\/\/sarmiento24h.com\/?p=413289\" \/>\n<meta property=\"og:site_name\" content=\"Sarmiento24h\" \/>\n<meta property=\"article:publisher\" content=\"https:\/\/facebook.com\/s24hnoticias\" \/>\n<meta property=\"article:published_time\" content=\"2026-09-04T17:27:15+00:00\" \/>\n<meta property=\"og:image\" content=\"https:\/\/s.france24.com\/media\/display\/1556176e-a882-11f1-a840-005056bfb2b6\/w:1280\/p:16x9\/2026-09-04T140811Z-592050434-RC2ECNAR244G-RTRMADP-3-MASSACHUSETTS-CRIME-CLANCY.jpg\" \/>\n<meta name=\"author\" content=\"sarmiento24h@gmail.com\" \/>\n<meta name=\"twitter:card\" content=\"summary_large_image\" \/>\n<meta name=\"twitter:creator\" content=\"@sarmiento24h\" \/>\n<meta name=\"twitter:site\" content=\"@sarmiento24h\" \/>\n<meta name=\"twitter:label1\" content=\"Escrito por\" \/>\n\t<meta name=\"twitter:data1\" content=\"sarmiento24h@gmail.com\" \/>\n\t<meta name=\"twitter:label2\" content=\"Tiempo de lectura\" \/>\n\t<meta name=\"twitter:data2\" content=\"2 minutos\" \/>\n<script type=\"application\/ld+json\" class=\"yoast-schema-graph\">{\"@context\":\"https:\\\/\\\/schema.org\",\"@graph\":[{\"@type\":\"Article\",\"@id\":\"https:\\\/\\\/sarmiento24h.com\\\/?p=413289#article\",\"isPartOf\":{\"@id\":\"https:\\\/\\\/sarmiento24h.com\\\/?p=413289\"},\"author\":{\"name\":\"sarmiento24h@gmail.com\",\"@id\":\"https:\\\/\\\/sarmiento24h.com\\\/#\\\/schema\\\/person\\\/d653a59725ad629a7e0429af7b939d4d\"},\"headline\":\"Magistrado declara nulo el juicio de Clancy por el asesinato de sus hijos, pero da a la defensa una hora para apelar\",\"datePublished\":\"2026-09-04T17:27:15+00:00\",\"mainEntityOfPage\":{\"@id\":\"https:\\\/\\\/sarmiento24h.com\\\/?p=413289\"},\"wordCount\":420,\"publisher\":{\"@id\":\"https:\\\/\\\/sarmiento24h.com\\\/#organization\"},\"image\":{\"@id\":\"https:\\\/\\\/sarmiento24h.com\\\/?p=413289#primaryimage\"},\"thumbnailUrl\":\"https:\\\/\\\/sarmiento24h.com\\\/wp-content\\\/uploads\\\/2026\\\/09\\\/magistrado-declara-nulo-el-juicio-de-clancy-por-el-asesinato-de-sus-hijos-pero-da-a-la-defensa-una-hora-para-apelar.jpg\",\"articleSection\":[\"Internacionales\"],\"inLanguage\":\"es\"},{\"@type\":\"WebPage\",\"@id\":\"https:\\\/\\\/sarmiento24h.com\\\/?p=413289\",\"url\":\"https:\\\/\\\/sarmiento24h.com\\\/?p=413289\",\"name\":\"Magistrado declara nulo el juicio de Clancy por el asesinato de sus hijos, pero da a la defensa una hora para apelar - Sarmiento24h\",\"isPartOf\":{\"@id\":\"https:\\\/\\\/sarmiento24h.com\\\/#website\"},\"primaryImageOfPage\":{\"@id\":\"https:\\\/\\\/sarmiento24h.com\\\/?p=413289#primaryimage\"},\"image\":{\"@id\":\"https:\\\/\\\/sarmiento24h.com\\\/?p=413289#primaryimage\"},\"thumbnailUrl\":\"https:\\\/\\\/sarmiento24h.com\\\/wp-content\\\/uploads\\\/2026\\\/09\\\/magistrado-declara-nulo-el-juicio-de-clancy-por-el-asesinato-de-sus-hijos-pero-da-a-la-defensa-una-hora-para-apelar.jpg\",\"datePublished\":\"2026-09-04T17:27:15+00:00\",\"breadcrumb\":{\"@id\":\"https:\\\/\\\/sarmiento24h.com\\\/?p=413289#breadcrumb\"},\"inLanguage\":\"es\",\"potentialAction\":[{\"@type\":\"ReadAction\",\"target\":[\"https:\\\/\\\/sarmiento24h.com\\\/?p=413289\"]}]},{\"@type\":\"ImageObject\",\"inLanguage\":\"es\",\"@id\":\"https:\\\/\\\/sarmiento24h.com\\\/?p=413289#primaryimage\",\"url\":\"https:\\\/\\\/sarmiento24h.com\\\/wp-content\\\/uploads\\\/2026\\\/09\\\/magistrado-declara-nulo-el-juicio-de-clancy-por-el-asesinato-de-sus-hijos-pero-da-a-la-defensa-una-hora-para-apelar.jpg\",\"contentUrl\":\"https:\\\/\\\/sarmiento24h.com\\\/wp-content\\\/uploads\\\/2026\\\/09\\\/magistrado-declara-nulo-el-juicio-de-clancy-por-el-asesinato-de-sus-hijos-pero-da-a-la-defensa-una-hora-para-apelar.jpg\",\"width\":1280,\"height\":720},{\"@type\":\"BreadcrumbList\",\"@id\":\"https:\\\/\\\/sarmiento24h.com\\\/?p=413289#breadcrumb\",\"itemListElement\":[{\"@type\":\"ListItem\",\"position\":1,\"name\":\"Home\",\"item\":\"https:\\\/\\\/sarmiento24h.com\\\/\"},{\"@type\":\"ListItem\",\"position\":2,\"name\":\"Magistrado declara nulo el juicio de Clancy por el asesinato de sus hijos, pero da a la defensa una hora para apelar\"}]},{\"@type\":\"WebSite\",\"@id\":\"https:\\\/\\\/sarmiento24h.com\\\/#website\",\"url\":\"https:\\\/\\\/sarmiento24h.com\\\/\",\"name\":\"Sarmiento24h\",\"description\":\"\",\"publisher\":{\"@id\":\"https:\\\/\\\/sarmiento24h.com\\\/#organization\"},\"potentialAction\":[{\"@type\":\"SearchAction\",\"target\":{\"@type\":\"EntryPoint\",\"urlTemplate\":\"https:\\\/\\\/sarmiento24h.com\\\/?s={search_term_string}\"},\"query-input\":{\"@type\":\"PropertyValueSpecification\",\"valueRequired\":true,\"valueName\":\"search_term_string\"}}],\"inLanguage\":\"es\"},{\"@type\":\"Organization\",\"@id\":\"https:\\\/\\\/sarmiento24h.com\\\/#organization\",\"name\":\"Sarmiento24h\",\"url\":\"https:\\\/\\\/sarmiento24h.com\\\/\",\"logo\":{\"@type\":\"ImageObject\",\"inLanguage\":\"es\",\"@id\":\"https:\\\/\\\/sarmiento24h.com\\\/#\\\/schema\\\/logo\\\/image\\\/\",\"url\":\"https:\\\/\\\/sarmiento24h.com\\\/wp-content\\\/uploads\\\/2025\\\/12\\\/AddText_12-16-10.30.52.jpg\",\"contentUrl\":\"https:\\\/\\\/sarmiento24h.com\\\/wp-content\\\/uploads\\\/2025\\\/12\\\/AddText_12-16-10.30.52.jpg\",\"width\":1220,\"height\":324,\"caption\":\"Sarmiento24h\"},\"image\":{\"@id\":\"https:\\\/\\\/sarmiento24h.com\\\/#\\\/schema\\\/logo\\\/image\\\/\"},\"sameAs\":[\"https:\\\/\\\/facebook.com\\\/s24hnoticias\",\"https:\\\/\\\/x.com\\\/sarmiento24h\"]},{\"@type\":\"Person\",\"@id\":\"https:\\\/\\\/sarmiento24h.com\\\/#\\\/schema\\\/person\\\/d653a59725ad629a7e0429af7b939d4d\",\"name\":\"sarmiento24h@gmail.com\",\"image\":{\"@type\":\"ImageObject\",\"inLanguage\":\"es\",\"@id\":\"https:\\\/\\\/sarmiento24h.com\\\/wp-content\\\/litespeed\\\/avatar\\\/d02cbc4e23c747e6659cd45907173c8f.jpg?ver=1788047690\",\"url\":\"https:\\\/\\\/sarmiento24h.com\\\/wp-content\\\/litespeed\\\/avatar\\\/d02cbc4e23c747e6659cd45907173c8f.jpg?ver=1788047690\",\"contentUrl\":\"https:\\\/\\\/sarmiento24h.com\\\/wp-content\\\/litespeed\\\/avatar\\\/d02cbc4e23c747e6659cd45907173c8f.jpg?ver=1788047690\",\"caption\":\"sarmiento24h@gmail.com\"},\"sameAs\":[\"https:\\\/\\\/sarmiento24h.com\"],\"url\":\"https:\\\/\\\/sarmiento24h.com\\\/?author=1\"}]}<\/script>\n<!-- \/ Yoast SEO plugin. -->","yoast_head_json":{"title":"Magistrado declara nulo el juicio de Clancy por el asesinato de sus hijos, pero da a la defensa una hora para apelar - Sarmiento24h","robots":{"index":"index","follow":"follow","max-snippet":"max-snippet:-1","max-image-preview":"max-image-preview:large","max-video-preview":"max-video-preview:-1"},"canonical":"https:\/\/sarmiento24h.com\/?p=413289","og_locale":"es_ES","og_type":"article","og_title":"Magistrado declara nulo el juicio de Clancy por el asesinato de sus hijos, pero da a la defensa una hora para apelar - Sarmiento24h","og_description":"La sorprendente decisi\u00f3n del juez William Sullivan&#46;&#46;&#46;","og_url":"https:\/\/sarmiento24h.com\/?p=413289","og_site_name":"Sarmiento24h","article_publisher":"https:\/\/facebook.com\/s24hnoticias","article_published_time":"2026-09-04T17:27:15+00:00","og_image":[{"url":"https:\/\/s.france24.com\/media\/display\/1556176e-a882-11f1-a840-005056bfb2b6\/w:1280\/p:16x9\/2026-09-04T140811Z-592050434-RC2ECNAR244G-RTRMADP-3-MASSACHUSETTS-CRIME-CLANCY.jpg","type":"","width":"","height":""}],"author":"sarmiento24h@gmail.com","twitter_card":"summary_large_image","twitter_creator":"@sarmiento24h","twitter_site":"@sarmiento24h","twitter_misc":{"Escrito por":"sarmiento24h@gmail.com","Tiempo de lectura":"2 minutos"},"schema":{"@context":"https:\/\/schema.org","@graph":[{"@type":"Article","@id":"https:\/\/sarmiento24h.com\/?p=413289#article","isPartOf":{"@id":"https:\/\/sarmiento24h.com\/?p=413289"},"author":{"name":"sarmiento24h@gmail.com","@id":"https:\/\/sarmiento24h.com\/#\/schema\/person\/d653a59725ad629a7e0429af7b939d4d"},"headline":"Magistrado declara nulo el juicio de Clancy por el asesinato de sus hijos, pero da a la defensa una hora para apelar","datePublished":"2026-09-04T17:27:15+00:00","mainEntityOfPage":{"@id":"https:\/\/sarmiento24h.com\/?p=413289"},"wordCount":420,"publisher":{"@id":"https:\/\/sarmiento24h.com\/#organization"},"image":{"@id":"https:\/\/sarmiento24h.com\/?p=413289#primaryimage"},"thumbnailUrl":"https:\/\/sarmiento24h.com\/wp-content\/uploads\/2026\/09\/magistrado-declara-nulo-el-juicio-de-clancy-por-el-asesinato-de-sus-hijos-pero-da-a-la-defensa-una-hora-para-apelar.jpg","articleSection":["Internacionales"],"inLanguage":"es"},{"@type":"WebPage","@id":"https:\/\/sarmiento24h.com\/?p=413289","url":"https:\/\/sarmiento24h.com\/?p=413289","name":"Magistrado declara nulo el juicio de Clancy por el asesinato de sus hijos, pero da a la defensa una hora para apelar - Sarmiento24h","isPartOf":{"@id":"https:\/\/sarmiento24h.com\/#website"},"primaryImageOfPage":{"@id":"https:\/\/sarmiento24h.com\/?p=413289#primaryimage"},"image":{"@id":"https:\/\/sarmiento24h.com\/?p=413289#primaryimage"},"thumbnailUrl":"https:\/\/sarmiento24h.com\/wp-content\/uploads\/2026\/09\/magistrado-declara-nulo-el-juicio-de-clancy-por-el-asesinato-de-sus-hijos-pero-da-a-la-defensa-una-hora-para-apelar.jpg","datePublished":"2026-09-04T17:27:15+00:00","breadcrumb":{"@id":"https:\/\/sarmiento24h.com\/?p=413289#breadcrumb"},"inLanguage":"es","potentialAction":[{"@type":"ReadAction","target":["https:\/\/sarmiento24h.com\/?p=413289"]}]},{"@type":"ImageObject","inLanguage":"es","@id":"https:\/\/sarmiento24h.com\/?p=413289#primaryimage","url":"https:\/\/sarmiento24h.com\/wp-content\/uploads\/2026\/09\/magistrado-declara-nulo-el-juicio-de-clancy-por-el-asesinato-de-sus-hijos-pero-da-a-la-defensa-una-hora-para-apelar.jpg","contentUrl":"https:\/\/sarmiento24h.com\/wp-content\/uploads\/2026\/09\/magistrado-declara-nulo-el-juicio-de-clancy-por-el-asesinato-de-sus-hijos-pero-da-a-la-defensa-una-hora-para-apelar.jpg","width":1280,"height":720},{"@type":"BreadcrumbList","@id":"https:\/\/sarmiento24h.com\/?p=413289#breadcrumb","itemListElement":[{"@type":"ListItem","position":1,"name":"Home","item":"https:\/\/sarmiento24h.com\/"},{"@type":"ListItem","position":2,"name":"Magistrado declara nulo el juicio de Clancy por el asesinato de sus hijos, pero da a la defensa una hora para apelar"}]},{"@type":"WebSite","@id":"https:\/\/sarmiento24h.com\/#website","url":"https:\/\/sarmiento24h.com\/","name":"Sarmiento24h","description":"","publisher":{"@id":"https:\/\/sarmiento24h.com\/#organization"},"potentialAction":[{"@type":"SearchAction","target":{"@type":"EntryPoint","urlTemplate":"https:\/\/sarmiento24h.com\/?s={search_term_string}"},"query-input":{"@type":"PropertyValueSpecification","valueRequired":true,"valueName":"search_term_string"}}],"inLanguage":"es"},{"@type":"Organization","@id":"https:\/\/sarmiento24h.com\/#organization","name":"Sarmiento24h","url":"https:\/\/sarmiento24h.com\/","logo":{"@type":"ImageObject","inLanguage":"es","@id":"https:\/\/sarmiento24h.com\/#\/schema\/logo\/image\/","url":"https:\/\/sarmiento24h.com\/wp-content\/uploads\/2025\/12\/AddText_12-16-10.30.52.jpg","contentUrl":"https:\/\/sarmiento24h.com\/wp-content\/uploads\/2025\/12\/AddText_12-16-10.30.52.jpg","width":1220,"height":324,"caption":"Sarmiento24h"},"image":{"@id":"https:\/\/sarmiento24h.com\/#\/schema\/logo\/image\/"},"sameAs":["https:\/\/facebook.com\/s24hnoticias","https:\/\/x.com\/sarmiento24h"]},{"@type":"Person","@id":"https:\/\/sarmiento24h.com\/#\/schema\/person\/d653a59725ad629a7e0429af7b939d4d","name":"sarmiento24h@gmail.com","image":{"@type":"ImageObject","inLanguage":"es","@id":"https:\/\/sarmiento24h.com\/wp-content\/litespeed\/avatar\/d02cbc4e23c747e6659cd45907173c8f.jpg?ver=1788047690","url":"https:\/\/sarmiento24h.com\/wp-content\/litespeed\/avatar\/d02cbc4e23c747e6659cd45907173c8f.jpg?ver=1788047690","contentUrl":"https:\/\/sarmiento24h.com\/wp-content\/litespeed\/avatar\/d02cbc4e23c747e6659cd45907173c8f.jpg?ver=1788047690","caption":"sarmiento24h@gmail.com"},"sameAs":["https:\/\/sarmiento24h.com"],"url":"https:\/\/sarmiento24h.com\/?author=1"}]}},"jetpack_publicize_connections":[],"jetpack_featured_media_url":"https:\/\/sarmiento24h.com\/wp-content\/uploads\/2026\/09\/magistrado-declara-nulo-el-juicio-de-clancy-por-el-asesinato-de-sus-hijos-pero-da-a-la-defensa-una-hora-para-apelar.jpg","jetpack_sharing_enabled":true,"_links":{"self":[{"href":"https:\/\/sarmiento24h.com\/index.php?rest_route=\/wp\/v2\/posts\/413289","targetHints":{"allow":["GET"]}}],"collection":[{"href":"https:\/\/sarmiento24h.com\/index.php?rest_route=\/wp\/v2\/posts"}],"about":[{"href":"https:\/\/sarmiento24h.com\/index.php?rest_route=\/wp\/v2\/types\/post"}],"author":[{"embeddable":true,"href":"https:\/\/sarmiento24h.com\/index.php?rest_route=\/wp\/v2\/users\/1"}],"replies":[{"embeddable":true,"href":"https:\/\/sarmiento24h.com\/index.php?rest_route=%2Fwp%2Fv2%2Fcomments&post=413289"}],"version-history":[{"count":0,"href":"https:\/\/sarmiento24h.com\/index.php?rest_route=\/wp\/v2\/posts\/413289\/revisions"}],"wp:featuredmedia":[{"embeddable":true,"href":"https:\/\/sarmiento24h.com\/index.php?rest_route=\/wp\/v2\/media\/413290"}],"wp:attachment":[{"href":"https:\/\/sarmiento24h.com\/index.php?rest_route=%2Fwp%2Fv2%2Fmedia&parent=413289"}],"wp:term":[{"taxonomy":"category","embeddable":true,"href":"https:\/\/sarmiento24h.com\/index.php?rest_route=%2Fwp%2Fv2%2Fcategories&post=413289"},{"taxonomy":"post_tag","embeddable":true,"href":"https:\/\/sarmiento24h.com\/index.php?rest_route=%2Fwp%2Fv2%2Ftags&post=413289"}],"curies":[{"name":"wp","href":"https:\/\/api.w.org\/{rel}","templated":true}]}}