{"id":413369,"date":"2026-09-04T18:28:01","date_gmt":"2026-09-04T18:28:01","guid":{"rendered":"https:\/\/pinceldigital.do\/?p=76237"},"modified":"2026-09-04T18:28:01","modified_gmt":"2026-09-04T18:28:01","slug":"fundacion-refidomsa-transforma-el-preescolar-las-abejitas-con-una-renovacion-integral","status":"publish","type":"post","link":"https:\/\/sarmiento24h.com\/?p=413369","title":{"rendered":"Fundaci\u00f3n REFIDOMSA\u00a0transforma el Preescolar Las Abejitas con una renovaci\u00f3n integral\u00a0"},"content":{"rendered":"<p class=\"wp-block-paragraph\"><em>La intervenci\u00f3n fortalece<\/em><em>&nbsp;<\/em><em>las condiciones educativas, recreativas y de seguridad para decenas de&nbsp;<\/em><em>ni\u00f1os<\/em><em>&nbsp;<\/em><em>y ni\u00f1as&nbsp;<\/em><em>de la comunidad<\/em><\/p>\n<p class=\"wp-block-paragraph\"><strong>Santo Domingo.<\/strong>&nbsp;\u2013 La Fundaci\u00f3n Refiner\u00eda Dominicana de Petr\u00f3leo&nbsp;(REFIDOMSA)&nbsp;entreg\u00f3 completamente renovado el Preescolar Las Abejitas, tras una intervenci\u00f3n integral destinada a mejorar las condiciones de aprendizaje, seguridad y recreaci\u00f3n de decenas de&nbsp;ni\u00f1os&nbsp;y ni\u00f1as&nbsp;que reciben formaci\u00f3n en este centro educativo.<\/p>\n<p class=\"wp-block-paragraph\">La entrega fue encabezada por el presidente&nbsp;de la Refiner\u00eda Dominicana de Petr\u00f3leo (REFIDOMSA), Samuel Pereyra, junto a Noelia Garc\u00eda de Pereyra,&nbsp;miembro del Consejo&nbsp;de la Fundaci\u00f3n REFIDOMSA, y Sabrina And\u00fajar, directora ejecutiva de la entidad.<\/p>\n<p class=\"wp-block-paragraph\">El acto cont\u00f3 adem\u00e1s con&nbsp;la presencia&nbsp;del presidente de la C\u00e1mara de Diputados, Alfredo Pacheco; la alcaldesa del Distrito Nacional, Carolina Mej\u00eda; el diputado An\u00edbal D\u00edaz, y Rita Abinader, quienes acompa\u00f1aron a la entrega de las renovadas instalaciones.<\/p>\n<p class=\"wp-block-paragraph\">Pereyra destac\u00f3 que la intervenci\u00f3n del Preescolar Las Abejitas responde al compromiso de REFIDOMSA de contribuir con iniciativas que tengan un impacto directo y duradero en las comunidades.<\/p>\n<p class=\"wp-block-paragraph\">\u201cServir tambi\u00e9n significa&nbsp;saber escuchar. Do\u00f1a Josefina toc\u00f3 nuestra puerta pensando en sus alumnos y nosotros respondimos sum\u00e1ndonos&nbsp;al esfuerzo que ella y esta comunidad realizan todos los dias para ofrecerles&nbsp;a sus ni\u00f1os un espacio digno donde aprender y crecer\u201d, expres\u00f3 Pereyra.<\/p>\n<p class=\"wp-block-paragraph\">El presidente de REFIDOMSA afirm\u00f3 que la responsabilidad de una&nbsp;empresa&nbsp;trasciende sus resultados operativos y financieros, y sostuvo que la instituci\u00f3n continuar\u00e1 respaldando proyectos capaces de generar transformaciones concretas en la vida de las personas.<\/p>\n<p class=\"wp-block-paragraph\">\u201cQueremos que cada acci\u00f3n que emprendamos deje una huella positiva. Esa es la visi\u00f3n que hemos impulsado desde REFIDOMSA y su Fundaci\u00f3n: estar cerca de la gente y aportar all\u00ed donde podemos contribuir a mejorar su calidad de vida\u201d, agreg\u00f3.<\/p>\n<p class=\"wp-block-paragraph\">La directora del Preescolar Las Abejitas, Josefina Mart\u00ednez, valor\u00f3 la transformaci\u00f3n del centro y agradeci\u00f3 el respaldo recibido, al considerar que las nuevas condiciones contribuir\u00e1n significativamente al desarrollo de los estudiantes y al trabajo cotidiano de docentes y colaboradores.<\/p>\n<p class=\"wp-block-paragraph\">\u201cLas Abejitas es un lugar al que le hemos dedicado muchos a\u00f1os de trabajo, cari\u00f1o y esfuerzo, y verlo hoy renovado nos llena de alegr\u00eda. Gracias a Samuel Pereyra y a la Fundaci\u00f3n REFIDOMSA por escucharnos y por responder a una necesidad que era muy importante para nuestros ni\u00f1os y para toda nuestra comunidad\u201d, manifest\u00f3 Mart\u00ednez.<\/p>\n<p class=\"wp-block-paragraph\">Como parte de&nbsp;la iniciativa, la&nbsp;Fundaci\u00f3n&nbsp;Refidomsa tambi\u00e9n&nbsp;realiz\u00f3&nbsp;la entrega de kits escolares y libros de textos para todos los estudiantes&nbsp;del Preescolar Las Abejitas, completando la renovaci\u00f3n &nbsp;de la infraestructura con recursos&nbsp;destinados a apoyar su proceso de ense\u00f1anza de aprendizaje.<\/p>\n<p class=\"wp-block-paragraph\"><strong>Una transformaci\u00f3n integral<\/strong><\/p>\n<p class=\"wp-block-paragraph\">Los trabajos ejecutados abarcaron el acondicionamiento del patio lateral, la sustituci\u00f3n completa del techo, la colocaci\u00f3n de nuevos pisos, la adecuaci\u00f3n de aceras y el reforzamiento de distintas \u00e1reas de la estructura.<\/p>\n<p class=\"wp-block-paragraph\">Asimismo, fueron sustituidas puertas y ventanas, remodelados los ba\u00f1os y renovada la fachada principal. Como parte de la intervenci\u00f3n tambi\u00e9n se construy\u00f3 un nuevo portal de acceso, fortaleciendo la seguridad y mejorando la imagen del centro educativo.<\/p>\n<p class=\"wp-block-paragraph\">La remodelaci\u00f3n incluy\u00f3 la instalaci\u00f3n de plafones en las \u00e1reas interiores, mejoras en el sistema el\u00e9ctrico, nueva iluminaci\u00f3n interior y exterior, la incorporaci\u00f3n de mobiliario escolar y la creaci\u00f3n de un mural tem\u00e1tico que aporta color e identidad a los espacios destinados al aprendizaje.<\/p>\n<p class=\"wp-block-paragraph\">Tambi\u00e9n fue reacondicionada la cancha del preescolar, proporcionando a los estudiantes un espacio m\u00e1s adecuado para desarrollar actividades recreativas, deportivas y de convivencia.<\/p>\n<p class=\"wp-block-paragraph\">Por parte de&nbsp;la Refiner\u00eda&nbsp;tambi\u00e9n participaron Ren\u00e9 Gonz\u00e1lez, gerente s\u00e9nior de Proyectos Civiles y Mantenimiento, \u00e1rea responsable de acompa\u00f1ar la ejecuci\u00f3n t\u00e9cnica de los trabajos, y Luis Mi\u00f1oso, director de Comunicaciones, junto a representantes de la Fundaci\u00f3n, miembros de la comunidad educativa e invitados especiales.<\/p>\n<p class=\"wp-block-paragraph\">Con la renovaci\u00f3n del Preescolar Las Abejitas, la Fundaci\u00f3n REFIDOMSA contin\u00faa desarrollando iniciativas enfocadas en educaci\u00f3n, bienestar social y fortalecimiento comunitario, como parte de su compromiso de contribuir al desarrollo y generar mejoras tangibles en las comunidades donde desarrolla sus programas<strong>.<\/strong><\/p>\n<figure class=\"wp-block-gallery has-nested-images columns-default is-cropped wp-block-gallery-1 is-layout-flex wp-block-gallery-is-layout-flex\">\n<figure class=\"wp-block-image size-large\"><img loading=\"lazy\" decoding=\"async\" data-recalc-dims=\"1\" width=\"696\" height=\"649\" data-id=\"76240\" src=\"https:\/\/i0.wp.com\/pinceldigital.do\/wp-content\/uploads\/2026\/09\/f325b545-9eb9-45a7-add2-77ad8efb8b5f.jpeg?resize=696%2C649&amp;ssl=1\" alt class=\"wp-image-76240\" srcset=\"https:\/\/i0.wp.com\/pinceldigital.do\/wp-content\/uploads\/2026\/09\/f325b545-9eb9-45a7-add2-77ad8efb8b5f.jpeg?w=696&amp;ssl=1 696w, https:\/\/i0.wp.com\/pinceldigital.do\/wp-content\/uploads\/2026\/09\/f325b545-9eb9-45a7-add2-77ad8efb8b5f.jpeg?resize=300%2C280&amp;ssl=1 300w, https:\/\/i0.wp.com\/pinceldigital.do\/wp-content\/uploads\/2026\/09\/f325b545-9eb9-45a7-add2-77ad8efb8b5f.jpeg?resize=450%2C420&amp;ssl=1 450w\" sizes=\"auto, (max-width: 696px) 100vw, 696px\"><\/figure>\n<figure class=\"wp-block-image size-large\"><img loading=\"lazy\" decoding=\"async\" data-recalc-dims=\"1\" width=\"696\" height=\"464\" data-id=\"76239\" src=\"https:\/\/i0.wp.com\/pinceldigital.do\/wp-content\/uploads\/2026\/09\/38e8b29f-9067-4ed1-9f24-208063d4aeef.jpeg?resize=696%2C464&amp;ssl=1\" alt class=\"wp-image-76239\" srcset=\"https:\/\/i0.wp.com\/pinceldigital.do\/wp-content\/uploads\/2026\/09\/38e8b29f-9067-4ed1-9f24-208063d4aeef.jpeg?w=696&amp;ssl=1 696w, https:\/\/i0.wp.com\/pinceldigital.do\/wp-content\/uploads\/2026\/09\/38e8b29f-9067-4ed1-9f24-208063d4aeef.jpeg?resize=300%2C200&amp;ssl=1 300w, https:\/\/i0.wp.com\/pinceldigital.do\/wp-content\/uploads\/2026\/09\/38e8b29f-9067-4ed1-9f24-208063d4aeef.jpeg?resize=630%2C420&amp;ssl=1 630w\" sizes=\"auto, (max-width: 696px) 100vw, 696px\"><\/figure>\n<\/figure>\n","protected":false},"excerpt":{"rendered":"<p>La intervenci\u00f3n fortalece&nbsp;las condiciones educativas, recreativas y&#46;&#46;&#46;<\/p>\n","protected":false},"author":1,"featured_media":413370,"comment_status":"closed","ping_status":"closed","sticky":false,"template":"","format":"standard","meta":{"_jetpack_newsletter_access":"","_jetpack_dont_email_post_to_subs":false,"_jetpack_newsletter_tier_id":0,"_jetpack_memberships_contains_paywalled_content":false,"_jetpack_feature_clip_id":0,"_jetpack_memberships_contains_paid_content":false,"footnotes":"","jetpack_publicize_message":"","jetpack_publicize_feature_enabled":true,"jetpack_social_post_already_shared":true,"jetpack_social_options":{"image_generator_settings":{"template":"highway","default_image_id":0,"font":"","enabled":false},"version":2},"jetpack_post_was_ever_published":false},"categories":[42],"tags":[],"class_list":["post-413369","post","type-post","status-publish","format-standard","has-post-thumbnail","hentry","category-nacionales"],"yoast_head":"<!-- This site is optimized with the Yoast SEO plugin v28.1 - https:\/\/yoast.com\/product\/yoast-seo-wordpress\/ -->\n<title>Fundaci\u00f3n REFIDOMSA\u00a0transforma el Preescolar Las Abejitas con una renovaci\u00f3n integral\u00a0 - Sarmiento24h<\/title>\n<meta name=\"robots\" content=\"index, follow, max-snippet:-1, max-image-preview:large, max-video-preview:-1\" \/>\n<link rel=\"canonical\" href=\"https:\/\/sarmiento24h.com\/?p=413369\" \/>\n<meta property=\"og:locale\" content=\"es_ES\" \/>\n<meta property=\"og:type\" content=\"article\" \/>\n<meta property=\"og:title\" content=\"Fundaci\u00f3n REFIDOMSA\u00a0transforma el Preescolar Las Abejitas con una renovaci\u00f3n integral\u00a0 - Sarmiento24h\" \/>\n<meta property=\"og:description\" content=\"La intervenci\u00f3n fortalece&nbsp;las condiciones educativas, recreativas y&#046;&#046;&#046;\" \/>\n<meta property=\"og:url\" content=\"https:\/\/sarmiento24h.com\/?p=413369\" \/>\n<meta property=\"og:site_name\" content=\"Sarmiento24h\" \/>\n<meta property=\"article:publisher\" content=\"https:\/\/facebook.com\/s24hnoticias\" \/>\n<meta property=\"article:published_time\" content=\"2026-09-04T18:28:01+00:00\" \/>\n<meta name=\"author\" content=\"sarmiento24h@gmail.com\" \/>\n<meta name=\"twitter:card\" content=\"summary_large_image\" \/>\n<meta name=\"twitter:creator\" content=\"@sarmiento24h\" \/>\n<meta name=\"twitter:site\" content=\"@sarmiento24h\" \/>\n<meta name=\"twitter:label1\" content=\"Escrito por\" \/>\n\t<meta name=\"twitter:data1\" content=\"sarmiento24h@gmail.com\" \/>\n\t<meta name=\"twitter:label2\" content=\"Tiempo de lectura\" \/>\n\t<meta name=\"twitter:data2\" content=\"4 minutos\" \/>\n<script type=\"application\/ld+json\" class=\"yoast-schema-graph\">{\"@context\":\"https:\\\/\\\/schema.org\",\"@graph\":[{\"@type\":\"Article\",\"@id\":\"https:\\\/\\\/sarmiento24h.com\\\/?p=413369#article\",\"isPartOf\":{\"@id\":\"https:\\\/\\\/sarmiento24h.com\\\/?p=413369\"},\"author\":{\"name\":\"sarmiento24h@gmail.com\",\"@id\":\"https:\\\/\\\/sarmiento24h.com\\\/#\\\/schema\\\/person\\\/d653a59725ad629a7e0429af7b939d4d\"},\"headline\":\"Fundaci\u00f3n REFIDOMSA\u00a0transforma el Preescolar Las Abejitas con una renovaci\u00f3n integral\u00a0\",\"datePublished\":\"2026-09-04T18:28:01+00:00\",\"mainEntityOfPage\":{\"@id\":\"https:\\\/\\\/sarmiento24h.com\\\/?p=413369\"},\"wordCount\":766,\"publisher\":{\"@id\":\"https:\\\/\\\/sarmiento24h.com\\\/#organization\"},\"image\":{\"@id\":\"https:\\\/\\\/sarmiento24h.com\\\/?p=413369#primaryimage\"},\"thumbnailUrl\":\"https:\\\/\\\/sarmiento24h.com\\\/wp-content\\\/uploads\\\/2026\\\/09\\\/fundacion-refidomsa-transforma-el-preescolar-las-abejitas-con-una-renovacion-integral.jpg\",\"articleSection\":[\"Nacionales\"],\"inLanguage\":\"es\"},{\"@type\":\"WebPage\",\"@id\":\"https:\\\/\\\/sarmiento24h.com\\\/?p=413369\",\"url\":\"https:\\\/\\\/sarmiento24h.com\\\/?p=413369\",\"name\":\"Fundaci\u00f3n REFIDOMSA\u00a0transforma el Preescolar Las Abejitas con una renovaci\u00f3n integral\u00a0 - Sarmiento24h\",\"isPartOf\":{\"@id\":\"https:\\\/\\\/sarmiento24h.com\\\/#website\"},\"primaryImageOfPage\":{\"@id\":\"https:\\\/\\\/sarmiento24h.com\\\/?p=413369#primaryimage\"},\"image\":{\"@id\":\"https:\\\/\\\/sarmiento24h.com\\\/?p=413369#primaryimage\"},\"thumbnailUrl\":\"https:\\\/\\\/sarmiento24h.com\\\/wp-content\\\/uploads\\\/2026\\\/09\\\/fundacion-refidomsa-transforma-el-preescolar-las-abejitas-con-una-renovacion-integral.jpg\",\"datePublished\":\"2026-09-04T18:28:01+00:00\",\"breadcrumb\":{\"@id\":\"https:\\\/\\\/sarmiento24h.com\\\/?p=413369#breadcrumb\"},\"inLanguage\":\"es\",\"potentialAction\":[{\"@type\":\"ReadAction\",\"target\":[\"https:\\\/\\\/sarmiento24h.com\\\/?p=413369\"]}]},{\"@type\":\"ImageObject\",\"inLanguage\":\"es\",\"@id\":\"https:\\\/\\\/sarmiento24h.com\\\/?p=413369#primaryimage\",\"url\":\"https:\\\/\\\/sarmiento24h.com\\\/wp-content\\\/uploads\\\/2026\\\/09\\\/fundacion-refidomsa-transforma-el-preescolar-las-abejitas-con-una-renovacion-integral.jpg\",\"contentUrl\":\"https:\\\/\\\/sarmiento24h.com\\\/wp-content\\\/uploads\\\/2026\\\/09\\\/fundacion-refidomsa-transforma-el-preescolar-las-abejitas-con-una-renovacion-integral.jpg\",\"width\":696,\"height\":649},{\"@type\":\"BreadcrumbList\",\"@id\":\"https:\\\/\\\/sarmiento24h.com\\\/?p=413369#breadcrumb\",\"itemListElement\":[{\"@type\":\"ListItem\",\"position\":1,\"name\":\"Home\",\"item\":\"https:\\\/\\\/sarmiento24h.com\\\/\"},{\"@type\":\"ListItem\",\"position\":2,\"name\":\"Fundaci\u00f3n REFIDOMSA\u00a0transforma el Preescolar Las Abejitas con una renovaci\u00f3n integral\u00a0\"}]},{\"@type\":\"WebSite\",\"@id\":\"https:\\\/\\\/sarmiento24h.com\\\/#website\",\"url\":\"https:\\\/\\\/sarmiento24h.com\\\/\",\"name\":\"Sarmiento24h\",\"description\":\"\",\"publisher\":{\"@id\":\"https:\\\/\\\/sarmiento24h.com\\\/#organization\"},\"potentialAction\":[{\"@type\":\"SearchAction\",\"target\":{\"@type\":\"EntryPoint\",\"urlTemplate\":\"https:\\\/\\\/sarmiento24h.com\\\/?s={search_term_string}\"},\"query-input\":{\"@type\":\"PropertyValueSpecification\",\"valueRequired\":true,\"valueName\":\"search_term_string\"}}],\"inLanguage\":\"es\"},{\"@type\":\"Organization\",\"@id\":\"https:\\\/\\\/sarmiento24h.com\\\/#organization\",\"name\":\"Sarmiento24h\",\"url\":\"https:\\\/\\\/sarmiento24h.com\\\/\",\"logo\":{\"@type\":\"ImageObject\",\"inLanguage\":\"es\",\"@id\":\"https:\\\/\\\/sarmiento24h.com\\\/#\\\/schema\\\/logo\\\/image\\\/\",\"url\":\"https:\\\/\\\/sarmiento24h.com\\\/wp-content\\\/uploads\\\/2025\\\/12\\\/AddText_12-16-10.30.52.jpg\",\"contentUrl\":\"https:\\\/\\\/sarmiento24h.com\\\/wp-content\\\/uploads\\\/2025\\\/12\\\/AddText_12-16-10.30.52.jpg\",\"width\":1220,\"height\":324,\"caption\":\"Sarmiento24h\"},\"image\":{\"@id\":\"https:\\\/\\\/sarmiento24h.com\\\/#\\\/schema\\\/logo\\\/image\\\/\"},\"sameAs\":[\"https:\\\/\\\/facebook.com\\\/s24hnoticias\",\"https:\\\/\\\/x.com\\\/sarmiento24h\"]},{\"@type\":\"Person\",\"@id\":\"https:\\\/\\\/sarmiento24h.com\\\/#\\\/schema\\\/person\\\/d653a59725ad629a7e0429af7b939d4d\",\"name\":\"sarmiento24h@gmail.com\",\"image\":{\"@type\":\"ImageObject\",\"inLanguage\":\"es\",\"@id\":\"https:\\\/\\\/sarmiento24h.com\\\/wp-content\\\/litespeed\\\/avatar\\\/d02cbc4e23c747e6659cd45907173c8f.jpg?ver=1788047690\",\"url\":\"https:\\\/\\\/sarmiento24h.com\\\/wp-content\\\/litespeed\\\/avatar\\\/d02cbc4e23c747e6659cd45907173c8f.jpg?ver=1788047690\",\"contentUrl\":\"https:\\\/\\\/sarmiento24h.com\\\/wp-content\\\/litespeed\\\/avatar\\\/d02cbc4e23c747e6659cd45907173c8f.jpg?ver=1788047690\",\"caption\":\"sarmiento24h@gmail.com\"},\"sameAs\":[\"https:\\\/\\\/sarmiento24h.com\"],\"url\":\"https:\\\/\\\/sarmiento24h.com\\\/?author=1\"}]}<\/script>\n<!-- \/ Yoast SEO plugin. -->","yoast_head_json":{"title":"Fundaci\u00f3n REFIDOMSA\u00a0transforma el Preescolar Las Abejitas con una renovaci\u00f3n integral\u00a0 - Sarmiento24h","robots":{"index":"index","follow":"follow","max-snippet":"max-snippet:-1","max-image-preview":"max-image-preview:large","max-video-preview":"max-video-preview:-1"},"canonical":"https:\/\/sarmiento24h.com\/?p=413369","og_locale":"es_ES","og_type":"article","og_title":"Fundaci\u00f3n REFIDOMSA\u00a0transforma el Preescolar Las Abejitas con una renovaci\u00f3n integral\u00a0 - Sarmiento24h","og_description":"La intervenci\u00f3n fortalece&nbsp;las condiciones educativas, recreativas y&#46;&#46;&#46;","og_url":"https:\/\/sarmiento24h.com\/?p=413369","og_site_name":"Sarmiento24h","article_publisher":"https:\/\/facebook.com\/s24hnoticias","article_published_time":"2026-09-04T18:28:01+00:00","author":"sarmiento24h@gmail.com","twitter_card":"summary_large_image","twitter_creator":"@sarmiento24h","twitter_site":"@sarmiento24h","twitter_misc":{"Escrito por":"sarmiento24h@gmail.com","Tiempo de lectura":"4 minutos"},"schema":{"@context":"https:\/\/schema.org","@graph":[{"@type":"Article","@id":"https:\/\/sarmiento24h.com\/?p=413369#article","isPartOf":{"@id":"https:\/\/sarmiento24h.com\/?p=413369"},"author":{"name":"sarmiento24h@gmail.com","@id":"https:\/\/sarmiento24h.com\/#\/schema\/person\/d653a59725ad629a7e0429af7b939d4d"},"headline":"Fundaci\u00f3n REFIDOMSA\u00a0transforma el Preescolar Las Abejitas con una renovaci\u00f3n integral\u00a0","datePublished":"2026-09-04T18:28:01+00:00","mainEntityOfPage":{"@id":"https:\/\/sarmiento24h.com\/?p=413369"},"wordCount":766,"publisher":{"@id":"https:\/\/sarmiento24h.com\/#organization"},"image":{"@id":"https:\/\/sarmiento24h.com\/?p=413369#primaryimage"},"thumbnailUrl":"https:\/\/sarmiento24h.com\/wp-content\/uploads\/2026\/09\/fundacion-refidomsa-transforma-el-preescolar-las-abejitas-con-una-renovacion-integral.jpg","articleSection":["Nacionales"],"inLanguage":"es"},{"@type":"WebPage","@id":"https:\/\/sarmiento24h.com\/?p=413369","url":"https:\/\/sarmiento24h.com\/?p=413369","name":"Fundaci\u00f3n REFIDOMSA\u00a0transforma el Preescolar Las Abejitas con una renovaci\u00f3n integral\u00a0 - Sarmiento24h","isPartOf":{"@id":"https:\/\/sarmiento24h.com\/#website"},"primaryImageOfPage":{"@id":"https:\/\/sarmiento24h.com\/?p=413369#primaryimage"},"image":{"@id":"https:\/\/sarmiento24h.com\/?p=413369#primaryimage"},"thumbnailUrl":"https:\/\/sarmiento24h.com\/wp-content\/uploads\/2026\/09\/fundacion-refidomsa-transforma-el-preescolar-las-abejitas-con-una-renovacion-integral.jpg","datePublished":"2026-09-04T18:28:01+00:00","breadcrumb":{"@id":"https:\/\/sarmiento24h.com\/?p=413369#breadcrumb"},"inLanguage":"es","potentialAction":[{"@type":"ReadAction","target":["https:\/\/sarmiento24h.com\/?p=413369"]}]},{"@type":"ImageObject","inLanguage":"es","@id":"https:\/\/sarmiento24h.com\/?p=413369#primaryimage","url":"https:\/\/sarmiento24h.com\/wp-content\/uploads\/2026\/09\/fundacion-refidomsa-transforma-el-preescolar-las-abejitas-con-una-renovacion-integral.jpg","contentUrl":"https:\/\/sarmiento24h.com\/wp-content\/uploads\/2026\/09\/fundacion-refidomsa-transforma-el-preescolar-las-abejitas-con-una-renovacion-integral.jpg","width":696,"height":649},{"@type":"BreadcrumbList","@id":"https:\/\/sarmiento24h.com\/?p=413369#breadcrumb","itemListElement":[{"@type":"ListItem","position":1,"name":"Home","item":"https:\/\/sarmiento24h.com\/"},{"@type":"ListItem","position":2,"name":"Fundaci\u00f3n REFIDOMSA\u00a0transforma el Preescolar Las Abejitas con una renovaci\u00f3n integral\u00a0"}]},{"@type":"WebSite","@id":"https:\/\/sarmiento24h.com\/#website","url":"https:\/\/sarmiento24h.com\/","name":"Sarmiento24h","description":"","publisher":{"@id":"https:\/\/sarmiento24h.com\/#organization"},"potentialAction":[{"@type":"SearchAction","target":{"@type":"EntryPoint","urlTemplate":"https:\/\/sarmiento24h.com\/?s={search_term_string}"},"query-input":{"@type":"PropertyValueSpecification","valueRequired":true,"valueName":"search_term_string"}}],"inLanguage":"es"},{"@type":"Organization","@id":"https:\/\/sarmiento24h.com\/#organization","name":"Sarmiento24h","url":"https:\/\/sarmiento24h.com\/","logo":{"@type":"ImageObject","inLanguage":"es","@id":"https:\/\/sarmiento24h.com\/#\/schema\/logo\/image\/","url":"https:\/\/sarmiento24h.com\/wp-content\/uploads\/2025\/12\/AddText_12-16-10.30.52.jpg","contentUrl":"https:\/\/sarmiento24h.com\/wp-content\/uploads\/2025\/12\/AddText_12-16-10.30.52.jpg","width":1220,"height":324,"caption":"Sarmiento24h"},"image":{"@id":"https:\/\/sarmiento24h.com\/#\/schema\/logo\/image\/"},"sameAs":["https:\/\/facebook.com\/s24hnoticias","https:\/\/x.com\/sarmiento24h"]},{"@type":"Person","@id":"https:\/\/sarmiento24h.com\/#\/schema\/person\/d653a59725ad629a7e0429af7b939d4d","name":"sarmiento24h@gmail.com","image":{"@type":"ImageObject","inLanguage":"es","@id":"https:\/\/sarmiento24h.com\/wp-content\/litespeed\/avatar\/d02cbc4e23c747e6659cd45907173c8f.jpg?ver=1788047690","url":"https:\/\/sarmiento24h.com\/wp-content\/litespeed\/avatar\/d02cbc4e23c747e6659cd45907173c8f.jpg?ver=1788047690","contentUrl":"https:\/\/sarmiento24h.com\/wp-content\/litespeed\/avatar\/d02cbc4e23c747e6659cd45907173c8f.jpg?ver=1788047690","caption":"sarmiento24h@gmail.com"},"sameAs":["https:\/\/sarmiento24h.com"],"url":"https:\/\/sarmiento24h.com\/?author=1"}]}},"jetpack_publicize_connections":[],"jetpack_featured_media_url":"https:\/\/sarmiento24h.com\/wp-content\/uploads\/2026\/09\/fundacion-refidomsa-transforma-el-preescolar-las-abejitas-con-una-renovacion-integral.jpg","jetpack_sharing_enabled":true,"_links":{"self":[{"href":"https:\/\/sarmiento24h.com\/index.php?rest_route=\/wp\/v2\/posts\/413369","targetHints":{"allow":["GET"]}}],"collection":[{"href":"https:\/\/sarmiento24h.com\/index.php?rest_route=\/wp\/v2\/posts"}],"about":[{"href":"https:\/\/sarmiento24h.com\/index.php?rest_route=\/wp\/v2\/types\/post"}],"author":[{"embeddable":true,"href":"https:\/\/sarmiento24h.com\/index.php?rest_route=\/wp\/v2\/users\/1"}],"replies":[{"embeddable":true,"href":"https:\/\/sarmiento24h.com\/index.php?rest_route=%2Fwp%2Fv2%2Fcomments&post=413369"}],"version-history":[{"count":0,"href":"https:\/\/sarmiento24h.com\/index.php?rest_route=\/wp\/v2\/posts\/413369\/revisions"}],"wp:featuredmedia":[{"embeddable":true,"href":"https:\/\/sarmiento24h.com\/index.php?rest_route=\/wp\/v2\/media\/413370"}],"wp:attachment":[{"href":"https:\/\/sarmiento24h.com\/index.php?rest_route=%2Fwp%2Fv2%2Fmedia&parent=413369"}],"wp:term":[{"taxonomy":"category","embeddable":true,"href":"https:\/\/sarmiento24h.com\/index.php?rest_route=%2Fwp%2Fv2%2Fcategories&post=413369"},{"taxonomy":"post_tag","embeddable":true,"href":"https:\/\/sarmiento24h.com\/index.php?rest_route=%2Fwp%2Fv2%2Ftags&post=413369"}],"curies":[{"name":"wp","href":"https:\/\/api.w.org\/{rel}","templated":true}]}}