{"id":413445,"date":"2026-09-04T19:28:40","date_gmt":"2026-09-04T19:28:40","guid":{"rendered":"http:\/\/2f03fd92-a883-11f1-96af-13939bb48800"},"modified":"2026-09-04T19:28:40","modified_gmt":"2026-09-04T19:28:40","slug":"dos-exempleadas-de-julio-iglesias-vuelven-a-entablar-demanda-en-su-contra-por-presunta-agresion-sexual","status":"publish","type":"post","link":"https:\/\/sarmiento24h.com\/?p=413445","title":{"rendered":"Dos exempleadas de Julio Iglesias vuelven a entablar demanda en su contra por presunta agresi\u00f3n sexual"},"content":{"rendered":"<div><img decoding=\"async\" src=\"https:\/\/s.france24.com\/media\/display\/d6776e1a-f640-11f0-b3b2-005056bfb2b6\/w:1280\/p:16x9\/AP333281525142.jpg\" class=\"ff-og-image-inserted\"><\/div>\n<p>Dos mujeres que trabajaron para <a href=\"https:\/\/www.france24.com\/es\/tag\/julio-iglesias\/\" target=\"_self\" class=\"gtm-add-suggested-tag\">Julio Iglesias<\/a> han denunciado de nuevo al cantante por someterlas&nbsp;\u00aba situaciones de acoso y agresiones sexuales continuas\u00bb e imponerles \u00abcondiciones laborales forzadas y degradantes\u00bb, seg\u00fan indic\u00f3 este viernes 4 de septiembre&nbsp;<a href=\"https:\/\/womenslinkworldwide.org\/en\/\" target=\"_blank\">Women&#8217;s Link Worldwide<\/a>, una organizaci\u00f3n feminista internacional que promueve la defensa de los derechos de las mujeres y que ha asesorado por a\u00f1os a las denunciantes.<\/p>\n<p>Cuando el pasado enero acudieron a la <a href=\"https:\/\/www.france24.com\/es\/tag\/fiscal\u00eda\/\" target=\"_self\" class=\"gtm-add-suggested-tag\">Fiscal\u00eda<\/a>, las trabajadoras relataron presuntas agresiones sexuales, lesiones y vejaciones por parte del cantante en 2021, cuando \u00e9l ten\u00eda 77 a\u00f1os, en las casas de su propiedad en <a href=\"https:\/\/www.france24.com\/es\/tag\/rep\u00fablica-dominicana\/\" target=\"_self\" class=\"gtm-add-suggested-tag\">Rep\u00fablica Dominicana<\/a> y <a href=\"https:\/\/www.france24.com\/es\/tag\/bahamas\/\" target=\"_self\" class=\"gtm-add-suggested-tag\">Bahamas<\/a>. Una de ellas sostuvo que estaban obligadas a realizarse revisiones ginecol\u00f3gicas, tests de embarazo y ex\u00e1menes para detectar enfermedades de transmisi\u00f3n sexual, como el <a href=\"https:\/\/www.france24.com\/es\/tag\/vih\/\" target=\"_self\" class=\"gtm-add-suggested-tag\">VIH<\/a>.<\/p>\n<p>Las mujeres aportaron documentos laborales, fotograf\u00edas, grabaciones, mensajes de <a href=\"https:\/\/www.france24.com\/es\/tag\/whatsapp\/\" target=\"_self\" class=\"gtm-add-suggested-tag\">WhatsApp<\/a>&nbsp;y registros de llamadas para respaldar sus acusaciones.&nbsp;<\/p>\n<p>Una&nbsp;<a href=\"https:\/\/www.eldiario.es\/escolar\/tres-anos-investigacion-poner-julio-iglesias-titular_132_12902676.html\" target=\"_blank\">investigaci\u00f3n period\u00edstica<\/a> publicada en enero por &#8216;elDiario.es&#8217;. (Espa\u00f1a) y Univisi\u00f3n Noticias (EE. UU.) recog\u00eda relatos de ambas denunciantes sobre las presuntas agresiones. \u00abMe usaba casi todas las noches (&#8230;) me sent\u00eda como un objeto, como una esclava\u00bb, afirma uno de los testimonios replicados bajo anonimato por el diario espa\u00f1ol.<\/p>\n<p>Esa primera denuncia fue&nbsp;<a href=\"https:\/\/www.france24.com\/es\/europa\/20260123-fiscal\u00eda-de-espa\u00f1a-archiva-denuncia-contra-julio-iglesias-por-presunto-abuso-sexual-y-trata\" target=\"_self\">archivada en enero por el Ministerio P\u00fablico espa\u00f1ol<\/a>&nbsp;al se\u00f1alar que en el caso no exist\u00eda un v\u00ednculo relevante con Espa\u00f1a, por lo que no hab\u00eda jurisdicci\u00f3n para actuar.<\/p>\n<div id=\"em-WBMZ417783-F24-ES-20260904\" class=\"m-em-flash\" data-xtwitter-script>\n<div class=\"o-em-consent \" readability=\"7\">\n<div class=\"o-em-consent__content\" readability=\"34\">\n<p class=\"o-em-consent__content__text\">Para mostrar este contenido de X (Twitter), debe autorizar las cookies de medici\u00f3n de audiencia y publicidad.<\/p>\n<p> <button class=\"a-master-button a-master-button--dark\" data-action=\"accept\"> Aceptar <svg class=\"a-svg a-svg--icon-check\"> <use xlink:href=\"\/build\/images\/svg\/sprite.68b43361c11f23b39049016b32e6ae31.svg#icon-check\" href=\"\/build\/images\/svg\/sprite.68b43361c11f23b39049016b32e6ae31.svg#icon-check\" \/> <\/svg> <\/button> <button class=\"a-link\" data-action=\"manage\">Gestionar mis opciones <svg class=\"a-svg a-svg--icon-edit\"> <use xlink:href=\"\/build\/images\/svg\/sprite.68b43361c11f23b39049016b32e6ae31.svg#icon-edit\" href=\"\/build\/images\/svg\/sprite.68b43361c11f23b39049016b32e6ae31.svg#icon-edit\" \/> <\/svg><br \/>\n<\/button> <\/div>\n<\/div>\n<\/div>\n<p>Jovana R\u00edos, directora ejecutiva de Women\u2019s Link Worldwide, y Estefanny Molina, directora adjunta y de estrategias globales de la ONG, remarcaron este viernes a la agencia de noticias EFE que la decisi\u00f3n de la Fiscal\u00eda de archivar el caso&nbsp;no supone \u00abque los hechos hayan sido juzgados ni que exista una decisi\u00f3n judicial definitiva sobre el fondo del asunto\u00bb, por lo que consideran que es necesaria una investigaci\u00f3n a fondo ante unos \u00abhechos tan graves\u00bb.<\/p>\n<p>La organizaci\u00f3n feminista sostiene que <a href=\"https:\/\/www.france24.com\/es\/tag\/espa\u00f1a\/\" target=\"_self\" class=\"gtm-add-suggested-tag\">Espa\u00f1a<\/a> debe implicarse en el procedimiento \u00aben consonancia con la opini\u00f3n de juristas y acad\u00e9micos de reconocido prestigio que confirman la jurisdicci\u00f3n de los tribunales espa\u00f1oles\u00bb.&nbsp;Por ello, han interpuesto de nuevo la denuncia ante la Audiencia Central de Primera Instancia de Espa\u00f1a con fecha del 3 de septiembre.<\/p>\n<p>Las denunciantes solicitaron acceso a medidas de protecci\u00f3n espec\u00edficas durante el litigio, apunt\u00f3&nbsp;Women\u2019s Link Worldwide. Ambas recibieron la condici\u00f3n de testigos protegidos por la Fiscal\u00eda el 16 de enero, 11 d\u00edas despu\u00e9s de presentar la primera denuncia.<\/p>\n<p>Julio Iglesias ha negado los se\u00f1alamientos de las mujeres desde el principio del esc\u00e1ndalo. Sus abogados sostienen que el cantante ha sido sometido a un \u00ablinchamiento p\u00fablico\u00bb.<\/p>\n<p class=\"a-read-more\"><span class=\"a-read-more__label\">Leer tambi\u00e9n<\/span><a href=\"https:\/\/www.france24.com\/es\/programas\/ellas-hoy\/20260121-se-cae-el-\u00eddolo-julio-iglesias-denunciado-por-trata-y-abuso-sexual\" target=\"_self\" class=\"a-read-more__link\">Se cae el \u00eddolo: Julio Iglesias denunciado por trata y abuso sexual<\/a><\/p>\n<h2><strong>\u00bfUn resultado diferente para la misma denuncia?<\/strong><\/h2>\n<p>Jovana R\u00edos y Estefanny Molina, de Women&#8217;s Link Worldwide, se muestran confiadas en que esta vez el resultado sea distinto.&nbsp;\u00abEsperamos que la querella de Rebeca y Laura [nombres ficticios] se admita, se investigue y env\u00ede un mensaje claro de que todas las personas tienen derecho a acceder a garant\u00edas de acceso a justicia\u00bb, sostuvieron a EFE.<\/p>\n<p>La ONG considera que los hechos relatados <strong>pueden constituir delitos de trata de seres humanos con fines de imposici\u00f3n de trabajo forzado y servidumbre, delitos contra la libertad y la indemnidad sexual, <a href=\"https:\/\/www.france24.com\/es\/tag\/lesiones\/\" target=\"_self\" class=\"gtm-add-suggested-tag\">lesiones<\/a>, trato degradante y delitos contra los derechos de las trabajadoras por la imposici\u00f3n de condiciones laborales abusivas.<\/strong><\/p>\n<p>El argumentario legal de la entidad sostiene que, seg\u00fan el&nbsp;art\u00edculo 23 de la Ley Org\u00e1nica del Poder&nbsp;Judicial, los tribunales espa\u00f1oles pueden decidir procesar a un denunciado \u00abcuando existan v\u00ednculos relevantes con Espa\u00f1a\u00bb.<\/p>\n<p>La organizaci\u00f3n considera la nacionalidad espa\u00f1ola de Julio Iglesias un nexo suficiente para que sea investigado en ese pa\u00eds. \u00abSi un ciudadano espa\u00f1ol comete un delito fuera de Espa\u00f1a, Espa\u00f1a puede perseguirlo, siempre que el mismo acto tambi\u00e9n se considere delito en el pa\u00eds donde se produjo\u00bb, se\u00f1alan en la <a href=\"https:\/\/womenslinkworldwide.org\/en\/rebeca-and-laura-file-a-criminal-complaint-in-spain-and-continue-their-pursuit-of-justice-against-julio-iglesias\/\" target=\"_blank\">nota de prensa del viernes.<\/a><\/p>\n<div id=\"em-WBMZ417765-F24-ES-20260904\" class=\"m-em-flash\" data-facebook-script>\n<div class=\"o-em-consent \" readability=\"7\">\n<div class=\"o-em-consent__content\" readability=\"34\">\n<p class=\"o-em-consent__content__text\">Para mostrar este contenido de Facebook, debe autorizar las cookies de medici\u00f3n de audiencia y publicidad.<\/p>\n<p> <button class=\"a-master-button a-master-button--dark\" data-action=\"accept\"> Aceptar <svg class=\"a-svg a-svg--icon-check\"> <use xlink:href=\"\/build\/images\/svg\/sprite.68b43361c11f23b39049016b32e6ae31.svg#icon-check\" href=\"\/build\/images\/svg\/sprite.68b43361c11f23b39049016b32e6ae31.svg#icon-check\" \/> <\/svg> <\/button> <button class=\"a-link\" data-action=\"manage\">Gestionar mis opciones <svg class=\"a-svg a-svg--icon-edit\"> <use xlink:href=\"\/build\/images\/svg\/sprite.68b43361c11f23b39049016b32e6ae31.svg#icon-edit\" href=\"\/build\/images\/svg\/sprite.68b43361c11f23b39049016b32e6ae31.svg#icon-edit\" \/> <\/svg><br \/>\n<\/button> <\/div>\n<\/div>\n<\/div>\n<p>Pero la Fiscal\u00eda, en el pronunciamiento de enero, sostuvo que&nbsp;la normativa judicial exige, entre otras cuestiones, que el denunciado sea un ciudadano espa\u00f1ol, que no haya un procedimiento abierto en el lugar donde se habr\u00edan cometido los hechos o en un tribunal internacional, y que exista una \u00abconexi\u00f3n material con Espa\u00f1a\u00bb, por ejemplo, que las v\u00edctimas sean espa\u00f1olas o residentes en el pa\u00eds.<\/p>\n<p>As\u00ed, el ente investigador consider\u00f3 que el criterio decisivo fue \u00abla existencia de v\u00ednculo relevante con Espa\u00f1a, que en este caso no existe\u00bb porque los hechos relatados no sucedieron en territorio espa\u00f1ol, ni las denunciantes o los denunciados se encuentran en Espa\u00f1a.<\/p>\n<p>Adem\u00e1s, apunt\u00f3 a que la jurisprudencia del Tribunal Supremo impide que Espa\u00f1a desplace la jurisdicci\u00f3n del Estado \u00abprimariamente competente\u00bb, salvo que quede acreditada la \u00abimposibilidad real o falta de voluntad de investigar\u00bb, algo que, a juicio de la Fiscal\u00eda, no ocurr\u00eda en el caso&nbsp;contra Iglesias, ya que \u00aben ning\u00fan momento se han denunciado los hechos en los pa\u00edses territorialmente competentes\u00bb.<\/p>\n<p>La respuesta no convenci\u00f3 a Women&#8217;s Link Worldwide, que este viernes record\u00f3 al Estado espa\u00f1ol su obligaci\u00f3n de cumplir con tratados internacionales sobre derechos humanos (CEDH), sobre la eliminaci\u00f3n de la discriminaci\u00f3n contra la mujer (CEDAW)&nbsp;y contra la tortura (PIDCP), entre otros.<\/p>\n<p>\u00abLas mujeres que denuncian hechos relacionados con la <a href=\"https:\/\/www.france24.com\/es\/tag\/violencia-de-g\u00e9nero\/\" target=\"_self\" class=\"gtm-add-suggested-tag\">violencia de g\u00e9nero<\/a> \u2014incluida la <a href=\"https:\/\/www.france24.com\/es\/tag\/violencia\/\" target=\"_self\" class=\"gtm-add-suggested-tag\">violencia<\/a> sexual y las din\u00e1micas de <a href=\"https:\/\/www.france24.com\/es\/tag\/abuso\/\" target=\"_self\" class=\"gtm-add-suggested-tag\">abuso<\/a> de poder que la perpet\u00faan\u2014 necesitan que los Estados se comprometan a apoyar su b\u00fasqueda de justicia\u00bb, se\u00f1ala R\u00edos, citada en la nota de prensa.<\/p>\n<p>Con EFE y medios locales<\/p>\n","protected":false},"excerpt":{"rendered":"<p>Dos mujeres que trabajaron para Julio Iglesias&#46;&#46;&#46;<\/p>\n","protected":false},"author":1,"featured_media":413446,"comment_status":"closed","ping_status":"closed","sticky":false,"template":"","format":"standard","meta":{"_jetpack_newsletter_access":"","_jetpack_dont_email_post_to_subs":false,"_jetpack_newsletter_tier_id":0,"_jetpack_memberships_contains_paywalled_content":false,"_jetpack_feature_clip_id":0,"_jetpack_memberships_contains_paid_content":false,"footnotes":"","jetpack_publicize_message":"","jetpack_publicize_feature_enabled":true,"jetpack_social_post_already_shared":true,"jetpack_social_options":{"image_generator_settings":{"template":"highway","default_image_id":0,"font":"","enabled":false},"version":2},"jetpack_post_was_ever_published":false},"categories":[43],"tags":[],"class_list":["post-413445","post","type-post","status-publish","format-standard","has-post-thumbnail","hentry","category-internacionales"],"yoast_head":"<!-- This site is optimized with the Yoast SEO plugin v28.1 - https:\/\/yoast.com\/product\/yoast-seo-wordpress\/ -->\n<title>Dos exempleadas de Julio Iglesias vuelven a entablar demanda en su contra por presunta agresi\u00f3n sexual - Sarmiento24h<\/title>\n<meta name=\"robots\" content=\"index, follow, max-snippet:-1, max-image-preview:large, max-video-preview:-1\" \/>\n<link rel=\"canonical\" href=\"https:\/\/sarmiento24h.com\/?p=413445\" \/>\n<meta property=\"og:locale\" content=\"es_ES\" \/>\n<meta property=\"og:type\" content=\"article\" \/>\n<meta property=\"og:title\" content=\"Dos exempleadas de Julio Iglesias vuelven a entablar demanda en su contra por presunta agresi\u00f3n sexual - Sarmiento24h\" \/>\n<meta property=\"og:description\" content=\"Dos mujeres que trabajaron para Julio Iglesias&#046;&#046;&#046;\" \/>\n<meta property=\"og:url\" content=\"https:\/\/sarmiento24h.com\/?p=413445\" \/>\n<meta property=\"og:site_name\" content=\"Sarmiento24h\" \/>\n<meta property=\"article:publisher\" content=\"https:\/\/facebook.com\/s24hnoticias\" \/>\n<meta property=\"article:published_time\" content=\"2026-09-04T19:28:40+00:00\" \/>\n<meta property=\"og:image\" content=\"https:\/\/s.france24.com\/media\/display\/d6776e1a-f640-11f0-b3b2-005056bfb2b6\/w:1280\/p:16x9\/AP333281525142.jpg\" \/>\n<meta name=\"author\" content=\"sarmiento24h@gmail.com\" \/>\n<meta name=\"twitter:card\" content=\"summary_large_image\" \/>\n<meta name=\"twitter:creator\" content=\"@sarmiento24h\" \/>\n<meta name=\"twitter:site\" content=\"@sarmiento24h\" \/>\n<meta name=\"twitter:label1\" content=\"Escrito por\" \/>\n\t<meta name=\"twitter:data1\" content=\"sarmiento24h@gmail.com\" \/>\n\t<meta name=\"twitter:label2\" content=\"Tiempo de lectura\" \/>\n\t<meta name=\"twitter:data2\" content=\"5 minutos\" \/>\n<script type=\"application\/ld+json\" class=\"yoast-schema-graph\">{\"@context\":\"https:\\\/\\\/schema.org\",\"@graph\":[{\"@type\":\"Article\",\"@id\":\"https:\\\/\\\/sarmiento24h.com\\\/?p=413445#article\",\"isPartOf\":{\"@id\":\"https:\\\/\\\/sarmiento24h.com\\\/?p=413445\"},\"author\":{\"name\":\"sarmiento24h@gmail.com\",\"@id\":\"https:\\\/\\\/sarmiento24h.com\\\/#\\\/schema\\\/person\\\/d653a59725ad629a7e0429af7b939d4d\"},\"headline\":\"Dos exempleadas de Julio Iglesias vuelven a entablar demanda en su contra por presunta agresi\u00f3n sexual\",\"datePublished\":\"2026-09-04T19:28:40+00:00\",\"mainEntityOfPage\":{\"@id\":\"https:\\\/\\\/sarmiento24h.com\\\/?p=413445\"},\"wordCount\":1070,\"publisher\":{\"@id\":\"https:\\\/\\\/sarmiento24h.com\\\/#organization\"},\"image\":{\"@id\":\"https:\\\/\\\/sarmiento24h.com\\\/?p=413445#primaryimage\"},\"thumbnailUrl\":\"https:\\\/\\\/sarmiento24h.com\\\/wp-content\\\/uploads\\\/2026\\\/09\\\/dos-exempleadas-de-julio-iglesias-vuelven-a-entablar-demanda-en-su-contra-por-presunta-agresion-sexual.jpg\",\"articleSection\":[\"Internacionales\"],\"inLanguage\":\"es\"},{\"@type\":\"WebPage\",\"@id\":\"https:\\\/\\\/sarmiento24h.com\\\/?p=413445\",\"url\":\"https:\\\/\\\/sarmiento24h.com\\\/?p=413445\",\"name\":\"Dos exempleadas de Julio Iglesias vuelven a entablar demanda en su contra por presunta agresi\u00f3n sexual - Sarmiento24h\",\"isPartOf\":{\"@id\":\"https:\\\/\\\/sarmiento24h.com\\\/#website\"},\"primaryImageOfPage\":{\"@id\":\"https:\\\/\\\/sarmiento24h.com\\\/?p=413445#primaryimage\"},\"image\":{\"@id\":\"https:\\\/\\\/sarmiento24h.com\\\/?p=413445#primaryimage\"},\"thumbnailUrl\":\"https:\\\/\\\/sarmiento24h.com\\\/wp-content\\\/uploads\\\/2026\\\/09\\\/dos-exempleadas-de-julio-iglesias-vuelven-a-entablar-demanda-en-su-contra-por-presunta-agresion-sexual.jpg\",\"datePublished\":\"2026-09-04T19:28:40+00:00\",\"breadcrumb\":{\"@id\":\"https:\\\/\\\/sarmiento24h.com\\\/?p=413445#breadcrumb\"},\"inLanguage\":\"es\",\"potentialAction\":[{\"@type\":\"ReadAction\",\"target\":[\"https:\\\/\\\/sarmiento24h.com\\\/?p=413445\"]}]},{\"@type\":\"ImageObject\",\"inLanguage\":\"es\",\"@id\":\"https:\\\/\\\/sarmiento24h.com\\\/?p=413445#primaryimage\",\"url\":\"https:\\\/\\\/sarmiento24h.com\\\/wp-content\\\/uploads\\\/2026\\\/09\\\/dos-exempleadas-de-julio-iglesias-vuelven-a-entablar-demanda-en-su-contra-por-presunta-agresion-sexual.jpg\",\"contentUrl\":\"https:\\\/\\\/sarmiento24h.com\\\/wp-content\\\/uploads\\\/2026\\\/09\\\/dos-exempleadas-de-julio-iglesias-vuelven-a-entablar-demanda-en-su-contra-por-presunta-agresion-sexual.jpg\",\"width\":1280,\"height\":720},{\"@type\":\"BreadcrumbList\",\"@id\":\"https:\\\/\\\/sarmiento24h.com\\\/?p=413445#breadcrumb\",\"itemListElement\":[{\"@type\":\"ListItem\",\"position\":1,\"name\":\"Home\",\"item\":\"https:\\\/\\\/sarmiento24h.com\\\/\"},{\"@type\":\"ListItem\",\"position\":2,\"name\":\"Dos exempleadas de Julio Iglesias vuelven a entablar demanda en su contra por presunta agresi\u00f3n sexual\"}]},{\"@type\":\"WebSite\",\"@id\":\"https:\\\/\\\/sarmiento24h.com\\\/#website\",\"url\":\"https:\\\/\\\/sarmiento24h.com\\\/\",\"name\":\"Sarmiento24h\",\"description\":\"\",\"publisher\":{\"@id\":\"https:\\\/\\\/sarmiento24h.com\\\/#organization\"},\"potentialAction\":[{\"@type\":\"SearchAction\",\"target\":{\"@type\":\"EntryPoint\",\"urlTemplate\":\"https:\\\/\\\/sarmiento24h.com\\\/?s={search_term_string}\"},\"query-input\":{\"@type\":\"PropertyValueSpecification\",\"valueRequired\":true,\"valueName\":\"search_term_string\"}}],\"inLanguage\":\"es\"},{\"@type\":\"Organization\",\"@id\":\"https:\\\/\\\/sarmiento24h.com\\\/#organization\",\"name\":\"Sarmiento24h\",\"url\":\"https:\\\/\\\/sarmiento24h.com\\\/\",\"logo\":{\"@type\":\"ImageObject\",\"inLanguage\":\"es\",\"@id\":\"https:\\\/\\\/sarmiento24h.com\\\/#\\\/schema\\\/logo\\\/image\\\/\",\"url\":\"https:\\\/\\\/sarmiento24h.com\\\/wp-content\\\/uploads\\\/2025\\\/12\\\/AddText_12-16-10.30.52.jpg\",\"contentUrl\":\"https:\\\/\\\/sarmiento24h.com\\\/wp-content\\\/uploads\\\/2025\\\/12\\\/AddText_12-16-10.30.52.jpg\",\"width\":1220,\"height\":324,\"caption\":\"Sarmiento24h\"},\"image\":{\"@id\":\"https:\\\/\\\/sarmiento24h.com\\\/#\\\/schema\\\/logo\\\/image\\\/\"},\"sameAs\":[\"https:\\\/\\\/facebook.com\\\/s24hnoticias\",\"https:\\\/\\\/x.com\\\/sarmiento24h\"]},{\"@type\":\"Person\",\"@id\":\"https:\\\/\\\/sarmiento24h.com\\\/#\\\/schema\\\/person\\\/d653a59725ad629a7e0429af7b939d4d\",\"name\":\"sarmiento24h@gmail.com\",\"image\":{\"@type\":\"ImageObject\",\"inLanguage\":\"es\",\"@id\":\"https:\\\/\\\/sarmiento24h.com\\\/wp-content\\\/litespeed\\\/avatar\\\/d02cbc4e23c747e6659cd45907173c8f.jpg?ver=1788047690\",\"url\":\"https:\\\/\\\/sarmiento24h.com\\\/wp-content\\\/litespeed\\\/avatar\\\/d02cbc4e23c747e6659cd45907173c8f.jpg?ver=1788047690\",\"contentUrl\":\"https:\\\/\\\/sarmiento24h.com\\\/wp-content\\\/litespeed\\\/avatar\\\/d02cbc4e23c747e6659cd45907173c8f.jpg?ver=1788047690\",\"caption\":\"sarmiento24h@gmail.com\"},\"sameAs\":[\"https:\\\/\\\/sarmiento24h.com\"],\"url\":\"https:\\\/\\\/sarmiento24h.com\\\/?author=1\"}]}<\/script>\n<!-- \/ Yoast SEO plugin. -->","yoast_head_json":{"title":"Dos exempleadas de Julio Iglesias vuelven a entablar demanda en su contra por presunta agresi\u00f3n sexual - Sarmiento24h","robots":{"index":"index","follow":"follow","max-snippet":"max-snippet:-1","max-image-preview":"max-image-preview:large","max-video-preview":"max-video-preview:-1"},"canonical":"https:\/\/sarmiento24h.com\/?p=413445","og_locale":"es_ES","og_type":"article","og_title":"Dos exempleadas de Julio Iglesias vuelven a entablar demanda en su contra por presunta agresi\u00f3n sexual - Sarmiento24h","og_description":"Dos mujeres que trabajaron para Julio Iglesias&#46;&#46;&#46;","og_url":"https:\/\/sarmiento24h.com\/?p=413445","og_site_name":"Sarmiento24h","article_publisher":"https:\/\/facebook.com\/s24hnoticias","article_published_time":"2026-09-04T19:28:40+00:00","og_image":[{"url":"https:\/\/s.france24.com\/media\/display\/d6776e1a-f640-11f0-b3b2-005056bfb2b6\/w:1280\/p:16x9\/AP333281525142.jpg","type":"","width":"","height":""}],"author":"sarmiento24h@gmail.com","twitter_card":"summary_large_image","twitter_creator":"@sarmiento24h","twitter_site":"@sarmiento24h","twitter_misc":{"Escrito por":"sarmiento24h@gmail.com","Tiempo de lectura":"5 minutos"},"schema":{"@context":"https:\/\/schema.org","@graph":[{"@type":"Article","@id":"https:\/\/sarmiento24h.com\/?p=413445#article","isPartOf":{"@id":"https:\/\/sarmiento24h.com\/?p=413445"},"author":{"name":"sarmiento24h@gmail.com","@id":"https:\/\/sarmiento24h.com\/#\/schema\/person\/d653a59725ad629a7e0429af7b939d4d"},"headline":"Dos exempleadas de Julio Iglesias vuelven a entablar demanda en su contra por presunta agresi\u00f3n sexual","datePublished":"2026-09-04T19:28:40+00:00","mainEntityOfPage":{"@id":"https:\/\/sarmiento24h.com\/?p=413445"},"wordCount":1070,"publisher":{"@id":"https:\/\/sarmiento24h.com\/#organization"},"image":{"@id":"https:\/\/sarmiento24h.com\/?p=413445#primaryimage"},"thumbnailUrl":"https:\/\/sarmiento24h.com\/wp-content\/uploads\/2026\/09\/dos-exempleadas-de-julio-iglesias-vuelven-a-entablar-demanda-en-su-contra-por-presunta-agresion-sexual.jpg","articleSection":["Internacionales"],"inLanguage":"es"},{"@type":"WebPage","@id":"https:\/\/sarmiento24h.com\/?p=413445","url":"https:\/\/sarmiento24h.com\/?p=413445","name":"Dos exempleadas de Julio Iglesias vuelven a entablar demanda en su contra por presunta agresi\u00f3n sexual - Sarmiento24h","isPartOf":{"@id":"https:\/\/sarmiento24h.com\/#website"},"primaryImageOfPage":{"@id":"https:\/\/sarmiento24h.com\/?p=413445#primaryimage"},"image":{"@id":"https:\/\/sarmiento24h.com\/?p=413445#primaryimage"},"thumbnailUrl":"https:\/\/sarmiento24h.com\/wp-content\/uploads\/2026\/09\/dos-exempleadas-de-julio-iglesias-vuelven-a-entablar-demanda-en-su-contra-por-presunta-agresion-sexual.jpg","datePublished":"2026-09-04T19:28:40+00:00","breadcrumb":{"@id":"https:\/\/sarmiento24h.com\/?p=413445#breadcrumb"},"inLanguage":"es","potentialAction":[{"@type":"ReadAction","target":["https:\/\/sarmiento24h.com\/?p=413445"]}]},{"@type":"ImageObject","inLanguage":"es","@id":"https:\/\/sarmiento24h.com\/?p=413445#primaryimage","url":"https:\/\/sarmiento24h.com\/wp-content\/uploads\/2026\/09\/dos-exempleadas-de-julio-iglesias-vuelven-a-entablar-demanda-en-su-contra-por-presunta-agresion-sexual.jpg","contentUrl":"https:\/\/sarmiento24h.com\/wp-content\/uploads\/2026\/09\/dos-exempleadas-de-julio-iglesias-vuelven-a-entablar-demanda-en-su-contra-por-presunta-agresion-sexual.jpg","width":1280,"height":720},{"@type":"BreadcrumbList","@id":"https:\/\/sarmiento24h.com\/?p=413445#breadcrumb","itemListElement":[{"@type":"ListItem","position":1,"name":"Home","item":"https:\/\/sarmiento24h.com\/"},{"@type":"ListItem","position":2,"name":"Dos exempleadas de Julio Iglesias vuelven a entablar demanda en su contra por presunta agresi\u00f3n sexual"}]},{"@type":"WebSite","@id":"https:\/\/sarmiento24h.com\/#website","url":"https:\/\/sarmiento24h.com\/","name":"Sarmiento24h","description":"","publisher":{"@id":"https:\/\/sarmiento24h.com\/#organization"},"potentialAction":[{"@type":"SearchAction","target":{"@type":"EntryPoint","urlTemplate":"https:\/\/sarmiento24h.com\/?s={search_term_string}"},"query-input":{"@type":"PropertyValueSpecification","valueRequired":true,"valueName":"search_term_string"}}],"inLanguage":"es"},{"@type":"Organization","@id":"https:\/\/sarmiento24h.com\/#organization","name":"Sarmiento24h","url":"https:\/\/sarmiento24h.com\/","logo":{"@type":"ImageObject","inLanguage":"es","@id":"https:\/\/sarmiento24h.com\/#\/schema\/logo\/image\/","url":"https:\/\/sarmiento24h.com\/wp-content\/uploads\/2025\/12\/AddText_12-16-10.30.52.jpg","contentUrl":"https:\/\/sarmiento24h.com\/wp-content\/uploads\/2025\/12\/AddText_12-16-10.30.52.jpg","width":1220,"height":324,"caption":"Sarmiento24h"},"image":{"@id":"https:\/\/sarmiento24h.com\/#\/schema\/logo\/image\/"},"sameAs":["https:\/\/facebook.com\/s24hnoticias","https:\/\/x.com\/sarmiento24h"]},{"@type":"Person","@id":"https:\/\/sarmiento24h.com\/#\/schema\/person\/d653a59725ad629a7e0429af7b939d4d","name":"sarmiento24h@gmail.com","image":{"@type":"ImageObject","inLanguage":"es","@id":"https:\/\/sarmiento24h.com\/wp-content\/litespeed\/avatar\/d02cbc4e23c747e6659cd45907173c8f.jpg?ver=1788047690","url":"https:\/\/sarmiento24h.com\/wp-content\/litespeed\/avatar\/d02cbc4e23c747e6659cd45907173c8f.jpg?ver=1788047690","contentUrl":"https:\/\/sarmiento24h.com\/wp-content\/litespeed\/avatar\/d02cbc4e23c747e6659cd45907173c8f.jpg?ver=1788047690","caption":"sarmiento24h@gmail.com"},"sameAs":["https:\/\/sarmiento24h.com"],"url":"https:\/\/sarmiento24h.com\/?author=1"}]}},"jetpack_publicize_connections":[],"jetpack_featured_media_url":"https:\/\/sarmiento24h.com\/wp-content\/uploads\/2026\/09\/dos-exempleadas-de-julio-iglesias-vuelven-a-entablar-demanda-en-su-contra-por-presunta-agresion-sexual.jpg","jetpack_sharing_enabled":true,"_links":{"self":[{"href":"https:\/\/sarmiento24h.com\/index.php?rest_route=\/wp\/v2\/posts\/413445","targetHints":{"allow":["GET"]}}],"collection":[{"href":"https:\/\/sarmiento24h.com\/index.php?rest_route=\/wp\/v2\/posts"}],"about":[{"href":"https:\/\/sarmiento24h.com\/index.php?rest_route=\/wp\/v2\/types\/post"}],"author":[{"embeddable":true,"href":"https:\/\/sarmiento24h.com\/index.php?rest_route=\/wp\/v2\/users\/1"}],"replies":[{"embeddable":true,"href":"https:\/\/sarmiento24h.com\/index.php?rest_route=%2Fwp%2Fv2%2Fcomments&post=413445"}],"version-history":[{"count":0,"href":"https:\/\/sarmiento24h.com\/index.php?rest_route=\/wp\/v2\/posts\/413445\/revisions"}],"wp:featuredmedia":[{"embeddable":true,"href":"https:\/\/sarmiento24h.com\/index.php?rest_route=\/wp\/v2\/media\/413446"}],"wp:attachment":[{"href":"https:\/\/sarmiento24h.com\/index.php?rest_route=%2Fwp%2Fv2%2Fmedia&parent=413445"}],"wp:term":[{"taxonomy":"category","embeddable":true,"href":"https:\/\/sarmiento24h.com\/index.php?rest_route=%2Fwp%2Fv2%2Fcategories&post=413445"},{"taxonomy":"post_tag","embeddable":true,"href":"https:\/\/sarmiento24h.com\/index.php?rest_route=%2Fwp%2Fv2%2Ftags&post=413445"}],"curies":[{"name":"wp","href":"https:\/\/api.w.org\/{rel}","templated":true}]}}