{"id":413568,"date":"2026-09-04T20:37:51","date_gmt":"2026-09-04T20:37:51","guid":{"rendered":"https:\/\/qpasa.com\/?p=109181"},"modified":"2026-09-04T20:37:51","modified_gmt":"2026-09-04T20:37:51","slug":"el-lider-del-mundial-corre-en-casa-este-domingo-y-arranca-desde-el-ultimo-lugar-de-la-parrilla","status":"publish","type":"post","link":"https:\/\/sarmiento24h.com\/?p=413568","title":{"rendered":"El l\u00edder del Mundial corre en casa este domingo y arranca desde el \u00faltimo lugar de la parrilla"},"content":{"rendered":"<div><img decoding=\"async\" src=\"https:\/\/qpasa.com\/wp-content\/uploads\/2026\/09\/antonelli.jpeg\" class=\"ff-og-image-inserted\"><\/div>\n<p>La decisi\u00f3n fue fr\u00eda y calculada, y su jefe no se molest\u00f3 en disimularlo. Toto Wolff explic\u00f3 que los c\u00e1lculos del equipo se\u00f1alaban esta pista como la mejor para asumir el castigo, y remat\u00f3 con una frase que resume el momento. \u00abEstamos aqu\u00ed para pelear un campeonato del mundo, no por relaciones p\u00fablicas\u00bb, dijo el director de Mercedes, en declaraciones recogidas por <a href=\"https:\/\/www.infobae.com\/deportes\/2026\/09\/03\/la-dura-penalizacion-que-debera-cumplir-kimi-antonelli-en-el-gp-de-italia-en-plena-pelea-por-el-titulo-de-formula-1\/\" target=\"_blank\" rel=\"noopener\">Infobae<\/a>.<\/p>\n<h2>Por qu\u00e9 el GP de Italia es la peor y la mejor pista para el castigo<\/h2>\n<p>Monza tiene rectas largas, pocas curvas lentas y un historial de adelantamientos que la convierte en el lugar menos malo para arrancar desde atr\u00e1s. Esa es la l\u00f3gica del equipo, que arrastraba problemas de fiabilidad y prefiri\u00f3 pagar la factura aqu\u00ed antes que en un trazado revirado.<\/p>\n<p>El costo emocional, en cambio, es otra cosa. Antonelli, que este a\u00f1o <a href=\"https:\/\/qpasa.com\/formula1\/kimi-antonelli-gana-el-gran-premio-de-monaco-y-se-convierte-en-la-nueva-superestrella-de-la-formula-1\/\">gan\u00f3 en M\u00f3naco y se instal\u00f3 como la nueva superestrella del campeonato<\/a>, cumpli\u00f3 a\u00f1os la semana pasada y llega a su carrera de casa, con las gradas de la Curva Grande esperando a un piloto italiano que pelea el t\u00edtulo por primera vez en a\u00f1os. Va a verlas pasar desde el \u00faltimo puesto.<\/p>\n<p>Su reacci\u00f3n p\u00fablica fue la esperable en alguien de 20 a\u00f1os. \u00abComo salgo \u00faltimo, voy a ir al ataque total\u00bb, afirm\u00f3. Mercedes ya avis\u00f3 que dedicar\u00e1 los entrenamientos a ritmo de carrera y gesti\u00f3n de neum\u00e1ticos en lugar de preparar la clasificaci\u00f3n, con el top 5 como objetivo realista.<\/p>\n<h3>C\u00f3mo queda el campeonato antes del domingo<\/h3>\n<p>Antonelli manda con 242 puntos. Detr\u00e1s aparecen empatados con 183 su compa\u00f1ero George Russell y Lewis Hamilton, que corre en casa con Ferrari y tiene delante la oportunidad m\u00e1s clara del a\u00f1o para recortar. Lando Norris es cuarto con 159 y llega con dos victorias seguidas, el mejor momento de forma de la parrilla.<\/p>\n<p>Max Verstappen marcha sexto con 112 puntos, una posici\u00f3n que habr\u00eda sonado impensable hace un par de temporadas. Es, adem\u00e1s, el vigente ganador en Monza, as\u00ed que conoce el camino para incomodar a todos.<\/p>\n<p>En constructores, Mercedes domina con 425 puntos frente a los 338 de Ferrari. El GP de Italia es la carrera 13 de un calendario que se cierra el 6 de diciembre en Abu Dabi.<\/p>\n<h2>Los latinoamericanos que corren el GP de Italia<\/h2>\n<p>Franco Colapinto arranc\u00f3 el fin de semana mejor de lo que muchos esperaban. El argentino termin\u00f3 noveno en la primera pr\u00e1ctica libre, con un tiempo de 1:24.028 y 27 vueltas completadas, a poco m\u00e1s de un segundo de Charles Leclerc, que lider\u00f3 la sesi\u00f3n con Ferrari.<\/p>\n<p>Lo relevante no es solo la posici\u00f3n sino el paquete. Alpine estren\u00f3 en Monza sus mejoras m\u00e1s recientes y Colapinto fue el encargado de rodarlas, porque Pierre Gasly cedi\u00f3 su asiento en esa sesi\u00f3n al debutante estonio Paul Aron, que acab\u00f3 d\u00e9cimo a 0,149 del argentino.<\/p>\n<p>El equipo franc\u00e9s llega golpeado. La corte de apelaciones de la FIA ratific\u00f3 la retirada del podio de Gasly en M\u00f3naco por un error de medici\u00f3n, lo que lo baj\u00f3 del tercer al s\u00e9ptimo puesto y le cost\u00f3 puntos al equipo. Alpine suma 54 unidades, 35 de Gasly y 19 de Colapinto, y pelea por escalar en la tabla de constructores.<\/p>\n<p><span class=\"td-adspot-title\">&#8211; Patrocinado &#8211;<\/span><br \/>\n<!-- popi2 --><br \/>\n<ins class=\"adsbygoogle\" data-ad-client=\"ca-pub-1729935282101551\" data-ad-slot=\"2133646425\" data-ad-format=\"auto\" data-full-width-responsive=\"true\"><\/ins>\n<\/p>\n<h3>El fin de semana dif\u00edcil de Checo P\u00e9rez<\/h3>\n<p>Sergio P\u00e9rez tampoco corri\u00f3 la primera pr\u00e1ctica, aunque por un motivo distinto. Cadillac le cedi\u00f3 el volante a Colton Herta para cumplir con la norma de la FIA que obliga a dar sesiones a pilotos novatos.<\/p>\n<p>La temporada del mexicano en el equipo estadounidense est\u00e1 siendo dura de digerir. En 12 carreras no ha sumado un solo punto, con resultados que van del puesto 14 al 21 y dos abandonos. Sus mejores actuaciones fueron dos decimocuartos lugares, en Barcelona y en Gran Breta\u00f1a.<\/p>\n<p>El mexicano, que ya <a href=\"https:\/\/qpasa.com\/formula1\/checo-perez-llega-a-hungria-con-la-mision-de-dejar-atras-su-mala-racha\/\">lleg\u00f3 a Hungr\u00eda con la misi\u00f3n de cortar la mala racha<\/a>, lo reconoci\u00f3 sin adornos. Dijo que las \u00faltimas carreras han sido una decepci\u00f3n y habl\u00f3 de un estancamiento en el rendimiento del coche, un problema previsible en una escuder\u00eda que debut\u00f3 este a\u00f1o.<\/p>\n<h2>Horarios y d\u00f3nde ver el GP de Italia<\/h2>\n<p>La carrera se disputa el domingo 6 de septiembre a las 15:00 de Espa\u00f1a, sobre 53 vueltas y 306,72 kil\u00f3metros. La clasificaci\u00f3n es el s\u00e1bado 5 a las 16:00, tambi\u00e9n hora espa\u00f1ola, despu\u00e9s de la tercera pr\u00e1ctica libre de las 12:30.<\/p>\n<p>Estos son los horarios de la carrera para Am\u00e9rica Latina:<\/p>\n<ul>\n<li>M\u00e9xico: 07:00<\/li>\n<li>Colombia, Ecuador, Per\u00fa y Panam\u00e1: 08:00<\/li>\n<li>Bolivia y Venezuela: 09:00<\/li>\n<li>Argentina, Chile, Uruguay y Paraguay: 10:00<\/li>\n<\/ul>\n<p>En Espa\u00f1a la transmisi\u00f3n es exclusiva de DAZN F1, disponible por suscripci\u00f3n directa o dentro de los paquetes de Movistar, Orange y Vodafone. En Am\u00e9rica Latina la se\u00f1al principal es ESPN a trav\u00e9s de Disney+, mientras que en M\u00e9xico tambi\u00e9n se puede seguir por Sky Sports en Izzi y Sky. F1TV ofrece la alternativa de streaming en toda la regi\u00f3n.<\/p>\n<h3>Los otros cambios en la parrilla<\/h3>\n<p>Adem\u00e1s de Herta y Aron, Luke Browning ocup\u00f3 el Williams en la primera pr\u00e1ctica, en la misma l\u00f3gica de cuotas para novatos. Liam Lawson, por su parte, regresa a Red Bull mientras Isack Hadjar sigue de baja por lesi\u00f3n.<\/p>\n<h2>Lo que se juega cada uno en el GP de Italia<\/h2>\n<p>Para Antonelli, la meta es contener el da\u00f1o. Perder pocos puntos con Russell y Hamilton saliendo desde atr\u00e1s ser\u00eda, en la pr\u00e1ctica, un buen domingo. Un top 5 mantendr\u00eda la ventaja en cifras c\u00f3modas con nueve carreras por delante.<\/p>\n<p><span class=\"td-adspot-title\">&#8211; Patrocinado &#8211;<\/span><br \/>\n<!-- popi2 --><br \/>\n<ins class=\"adsbygoogle\" data-ad-client=\"ca-pub-1729935282101551\" data-ad-slot=\"2133646425\" data-ad-format=\"auto\" data-full-width-responsive=\"true\"><\/ins>\n<\/p>\n<p>Para Ferrari, el GP de Italia es la cita que marca el a\u00f1o. Hamilton y Leclerc corren ante su propia afici\u00f3n, con el ritmo mostrado por Leclerc en la primera pr\u00e1ctica como se\u00f1al alentadora, y con la posibilidad de acercarse en constructores.<\/p>\n<p>Para Colapinto y P\u00e9rez, el objetivo es m\u00e1s modesto y m\u00e1s concreto. El argentino busca sus primeros puntos desde que Alpine trajo las mejoras. El mexicano busca los primeros de toda su temporada.<\/p>\n","protected":false},"excerpt":{"rendered":"<p>La decisi\u00f3n fue fr\u00eda y calculada, y&#46;&#46;&#46;<\/p>\n","protected":false},"author":1,"featured_media":413569,"comment_status":"closed","ping_status":"closed","sticky":false,"template":"","format":"standard","meta":{"_jetpack_newsletter_access":"","_jetpack_dont_email_post_to_subs":false,"_jetpack_newsletter_tier_id":0,"_jetpack_memberships_contains_paywalled_content":false,"_jetpack_feature_clip_id":0,"_jetpack_memberships_contains_paid_content":false,"footnotes":"","jetpack_publicize_message":"","jetpack_publicize_feature_enabled":true,"jetpack_social_post_already_shared":true,"jetpack_social_options":{"image_generator_settings":{"template":"highway","default_image_id":0,"font":"","enabled":false},"version":2},"jetpack_post_was_ever_published":false},"categories":[48],"tags":[],"class_list":["post-413568","post","type-post","status-publish","format-standard","has-post-thumbnail","hentry","category-deportes"],"yoast_head":"<!-- This site is optimized with the Yoast SEO plugin v28.1 - https:\/\/yoast.com\/product\/yoast-seo-wordpress\/ -->\n<title>El l\u00edder del Mundial corre en casa este domingo y arranca desde el \u00faltimo lugar de la parrilla - Sarmiento24h<\/title>\n<meta name=\"robots\" content=\"index, follow, max-snippet:-1, max-image-preview:large, max-video-preview:-1\" \/>\n<link rel=\"canonical\" href=\"https:\/\/sarmiento24h.com\/?p=413568\" \/>\n<meta property=\"og:locale\" content=\"es_ES\" \/>\n<meta property=\"og:type\" content=\"article\" \/>\n<meta property=\"og:title\" content=\"El l\u00edder del Mundial corre en casa este domingo y arranca desde el \u00faltimo lugar de la parrilla - Sarmiento24h\" \/>\n<meta property=\"og:description\" content=\"La decisi\u00f3n fue fr\u00eda y calculada, y&#046;&#046;&#046;\" \/>\n<meta property=\"og:url\" content=\"https:\/\/sarmiento24h.com\/?p=413568\" \/>\n<meta property=\"og:site_name\" content=\"Sarmiento24h\" \/>\n<meta property=\"article:publisher\" content=\"https:\/\/facebook.com\/s24hnoticias\" \/>\n<meta property=\"article:published_time\" content=\"2026-09-04T20:37:51+00:00\" \/>\n<meta property=\"og:image\" content=\"https:\/\/qpasa.com\/wp-content\/uploads\/2026\/09\/antonelli.jpeg\" \/>\n<meta name=\"author\" content=\"sarmiento24h@gmail.com\" \/>\n<meta name=\"twitter:card\" content=\"summary_large_image\" \/>\n<meta name=\"twitter:creator\" content=\"@sarmiento24h\" \/>\n<meta name=\"twitter:site\" content=\"@sarmiento24h\" \/>\n<meta name=\"twitter:label1\" content=\"Escrito por\" \/>\n\t<meta name=\"twitter:data1\" content=\"sarmiento24h@gmail.com\" \/>\n\t<meta name=\"twitter:label2\" content=\"Tiempo de lectura\" \/>\n\t<meta name=\"twitter:data2\" content=\"5 minutos\" \/>\n<script type=\"application\/ld+json\" class=\"yoast-schema-graph\">{\"@context\":\"https:\\\/\\\/schema.org\",\"@graph\":[{\"@type\":\"Article\",\"@id\":\"https:\\\/\\\/sarmiento24h.com\\\/?p=413568#article\",\"isPartOf\":{\"@id\":\"https:\\\/\\\/sarmiento24h.com\\\/?p=413568\"},\"author\":{\"name\":\"sarmiento24h@gmail.com\",\"@id\":\"https:\\\/\\\/sarmiento24h.com\\\/#\\\/schema\\\/person\\\/d653a59725ad629a7e0429af7b939d4d\"},\"headline\":\"El l\u00edder del Mundial corre en casa este domingo y arranca desde el \u00faltimo lugar de la parrilla\",\"datePublished\":\"2026-09-04T20:37:51+00:00\",\"mainEntityOfPage\":{\"@id\":\"https:\\\/\\\/sarmiento24h.com\\\/?p=413568\"},\"wordCount\":1055,\"publisher\":{\"@id\":\"https:\\\/\\\/sarmiento24h.com\\\/#organization\"},\"image\":{\"@id\":\"https:\\\/\\\/sarmiento24h.com\\\/?p=413568#primaryimage\"},\"thumbnailUrl\":\"https:\\\/\\\/sarmiento24h.com\\\/wp-content\\\/uploads\\\/2026\\\/09\\\/el-lider-del-mundial-corre-en-casa-este-domingo-y-arranca-desde-el-ultimo-lugar-de-la-parrilla.jpg\",\"articleSection\":[\"Deportes\"],\"inLanguage\":\"es\"},{\"@type\":\"WebPage\",\"@id\":\"https:\\\/\\\/sarmiento24h.com\\\/?p=413568\",\"url\":\"https:\\\/\\\/sarmiento24h.com\\\/?p=413568\",\"name\":\"El l\u00edder del Mundial corre en casa este domingo y arranca desde el \u00faltimo lugar de la parrilla - Sarmiento24h\",\"isPartOf\":{\"@id\":\"https:\\\/\\\/sarmiento24h.com\\\/#website\"},\"primaryImageOfPage\":{\"@id\":\"https:\\\/\\\/sarmiento24h.com\\\/?p=413568#primaryimage\"},\"image\":{\"@id\":\"https:\\\/\\\/sarmiento24h.com\\\/?p=413568#primaryimage\"},\"thumbnailUrl\":\"https:\\\/\\\/sarmiento24h.com\\\/wp-content\\\/uploads\\\/2026\\\/09\\\/el-lider-del-mundial-corre-en-casa-este-domingo-y-arranca-desde-el-ultimo-lugar-de-la-parrilla.jpg\",\"datePublished\":\"2026-09-04T20:37:51+00:00\",\"breadcrumb\":{\"@id\":\"https:\\\/\\\/sarmiento24h.com\\\/?p=413568#breadcrumb\"},\"inLanguage\":\"es\",\"potentialAction\":[{\"@type\":\"ReadAction\",\"target\":[\"https:\\\/\\\/sarmiento24h.com\\\/?p=413568\"]}]},{\"@type\":\"ImageObject\",\"inLanguage\":\"es\",\"@id\":\"https:\\\/\\\/sarmiento24h.com\\\/?p=413568#primaryimage\",\"url\":\"https:\\\/\\\/sarmiento24h.com\\\/wp-content\\\/uploads\\\/2026\\\/09\\\/el-lider-del-mundial-corre-en-casa-este-domingo-y-arranca-desde-el-ultimo-lugar-de-la-parrilla.jpg\",\"contentUrl\":\"https:\\\/\\\/sarmiento24h.com\\\/wp-content\\\/uploads\\\/2026\\\/09\\\/el-lider-del-mundial-corre-en-casa-este-domingo-y-arranca-desde-el-ultimo-lugar-de-la-parrilla.jpg\",\"width\":1480,\"height\":987},{\"@type\":\"BreadcrumbList\",\"@id\":\"https:\\\/\\\/sarmiento24h.com\\\/?p=413568#breadcrumb\",\"itemListElement\":[{\"@type\":\"ListItem\",\"position\":1,\"name\":\"Home\",\"item\":\"https:\\\/\\\/sarmiento24h.com\\\/\"},{\"@type\":\"ListItem\",\"position\":2,\"name\":\"El l\u00edder del Mundial corre en casa este domingo y arranca desde el \u00faltimo lugar de la parrilla\"}]},{\"@type\":\"WebSite\",\"@id\":\"https:\\\/\\\/sarmiento24h.com\\\/#website\",\"url\":\"https:\\\/\\\/sarmiento24h.com\\\/\",\"name\":\"Sarmiento24h\",\"description\":\"\",\"publisher\":{\"@id\":\"https:\\\/\\\/sarmiento24h.com\\\/#organization\"},\"potentialAction\":[{\"@type\":\"SearchAction\",\"target\":{\"@type\":\"EntryPoint\",\"urlTemplate\":\"https:\\\/\\\/sarmiento24h.com\\\/?s={search_term_string}\"},\"query-input\":{\"@type\":\"PropertyValueSpecification\",\"valueRequired\":true,\"valueName\":\"search_term_string\"}}],\"inLanguage\":\"es\"},{\"@type\":\"Organization\",\"@id\":\"https:\\\/\\\/sarmiento24h.com\\\/#organization\",\"name\":\"Sarmiento24h\",\"url\":\"https:\\\/\\\/sarmiento24h.com\\\/\",\"logo\":{\"@type\":\"ImageObject\",\"inLanguage\":\"es\",\"@id\":\"https:\\\/\\\/sarmiento24h.com\\\/#\\\/schema\\\/logo\\\/image\\\/\",\"url\":\"https:\\\/\\\/sarmiento24h.com\\\/wp-content\\\/uploads\\\/2025\\\/12\\\/AddText_12-16-10.30.52.jpg\",\"contentUrl\":\"https:\\\/\\\/sarmiento24h.com\\\/wp-content\\\/uploads\\\/2025\\\/12\\\/AddText_12-16-10.30.52.jpg\",\"width\":1220,\"height\":324,\"caption\":\"Sarmiento24h\"},\"image\":{\"@id\":\"https:\\\/\\\/sarmiento24h.com\\\/#\\\/schema\\\/logo\\\/image\\\/\"},\"sameAs\":[\"https:\\\/\\\/facebook.com\\\/s24hnoticias\",\"https:\\\/\\\/x.com\\\/sarmiento24h\"]},{\"@type\":\"Person\",\"@id\":\"https:\\\/\\\/sarmiento24h.com\\\/#\\\/schema\\\/person\\\/d653a59725ad629a7e0429af7b939d4d\",\"name\":\"sarmiento24h@gmail.com\",\"image\":{\"@type\":\"ImageObject\",\"inLanguage\":\"es\",\"@id\":\"https:\\\/\\\/sarmiento24h.com\\\/wp-content\\\/litespeed\\\/avatar\\\/d02cbc4e23c747e6659cd45907173c8f.jpg?ver=1788047690\",\"url\":\"https:\\\/\\\/sarmiento24h.com\\\/wp-content\\\/litespeed\\\/avatar\\\/d02cbc4e23c747e6659cd45907173c8f.jpg?ver=1788047690\",\"contentUrl\":\"https:\\\/\\\/sarmiento24h.com\\\/wp-content\\\/litespeed\\\/avatar\\\/d02cbc4e23c747e6659cd45907173c8f.jpg?ver=1788047690\",\"caption\":\"sarmiento24h@gmail.com\"},\"sameAs\":[\"https:\\\/\\\/sarmiento24h.com\"],\"url\":\"https:\\\/\\\/sarmiento24h.com\\\/?author=1\"}]}<\/script>\n<!-- \/ Yoast SEO plugin. -->","yoast_head_json":{"title":"El l\u00edder del Mundial corre en casa este domingo y arranca desde el \u00faltimo lugar de la parrilla - Sarmiento24h","robots":{"index":"index","follow":"follow","max-snippet":"max-snippet:-1","max-image-preview":"max-image-preview:large","max-video-preview":"max-video-preview:-1"},"canonical":"https:\/\/sarmiento24h.com\/?p=413568","og_locale":"es_ES","og_type":"article","og_title":"El l\u00edder del Mundial corre en casa este domingo y arranca desde el \u00faltimo lugar de la parrilla - Sarmiento24h","og_description":"La decisi\u00f3n fue fr\u00eda y calculada, y&#46;&#46;&#46;","og_url":"https:\/\/sarmiento24h.com\/?p=413568","og_site_name":"Sarmiento24h","article_publisher":"https:\/\/facebook.com\/s24hnoticias","article_published_time":"2026-09-04T20:37:51+00:00","og_image":[{"url":"https:\/\/qpasa.com\/wp-content\/uploads\/2026\/09\/antonelli.jpeg","type":"","width":"","height":""}],"author":"sarmiento24h@gmail.com","twitter_card":"summary_large_image","twitter_creator":"@sarmiento24h","twitter_site":"@sarmiento24h","twitter_misc":{"Escrito por":"sarmiento24h@gmail.com","Tiempo de lectura":"5 minutos"},"schema":{"@context":"https:\/\/schema.org","@graph":[{"@type":"Article","@id":"https:\/\/sarmiento24h.com\/?p=413568#article","isPartOf":{"@id":"https:\/\/sarmiento24h.com\/?p=413568"},"author":{"name":"sarmiento24h@gmail.com","@id":"https:\/\/sarmiento24h.com\/#\/schema\/person\/d653a59725ad629a7e0429af7b939d4d"},"headline":"El l\u00edder del Mundial corre en casa este domingo y arranca desde el \u00faltimo lugar de la parrilla","datePublished":"2026-09-04T20:37:51+00:00","mainEntityOfPage":{"@id":"https:\/\/sarmiento24h.com\/?p=413568"},"wordCount":1055,"publisher":{"@id":"https:\/\/sarmiento24h.com\/#organization"},"image":{"@id":"https:\/\/sarmiento24h.com\/?p=413568#primaryimage"},"thumbnailUrl":"https:\/\/sarmiento24h.com\/wp-content\/uploads\/2026\/09\/el-lider-del-mundial-corre-en-casa-este-domingo-y-arranca-desde-el-ultimo-lugar-de-la-parrilla.jpg","articleSection":["Deportes"],"inLanguage":"es"},{"@type":"WebPage","@id":"https:\/\/sarmiento24h.com\/?p=413568","url":"https:\/\/sarmiento24h.com\/?p=413568","name":"El l\u00edder del Mundial corre en casa este domingo y arranca desde el \u00faltimo lugar de la parrilla - Sarmiento24h","isPartOf":{"@id":"https:\/\/sarmiento24h.com\/#website"},"primaryImageOfPage":{"@id":"https:\/\/sarmiento24h.com\/?p=413568#primaryimage"},"image":{"@id":"https:\/\/sarmiento24h.com\/?p=413568#primaryimage"},"thumbnailUrl":"https:\/\/sarmiento24h.com\/wp-content\/uploads\/2026\/09\/el-lider-del-mundial-corre-en-casa-este-domingo-y-arranca-desde-el-ultimo-lugar-de-la-parrilla.jpg","datePublished":"2026-09-04T20:37:51+00:00","breadcrumb":{"@id":"https:\/\/sarmiento24h.com\/?p=413568#breadcrumb"},"inLanguage":"es","potentialAction":[{"@type":"ReadAction","target":["https:\/\/sarmiento24h.com\/?p=413568"]}]},{"@type":"ImageObject","inLanguage":"es","@id":"https:\/\/sarmiento24h.com\/?p=413568#primaryimage","url":"https:\/\/sarmiento24h.com\/wp-content\/uploads\/2026\/09\/el-lider-del-mundial-corre-en-casa-este-domingo-y-arranca-desde-el-ultimo-lugar-de-la-parrilla.jpg","contentUrl":"https:\/\/sarmiento24h.com\/wp-content\/uploads\/2026\/09\/el-lider-del-mundial-corre-en-casa-este-domingo-y-arranca-desde-el-ultimo-lugar-de-la-parrilla.jpg","width":1480,"height":987},{"@type":"BreadcrumbList","@id":"https:\/\/sarmiento24h.com\/?p=413568#breadcrumb","itemListElement":[{"@type":"ListItem","position":1,"name":"Home","item":"https:\/\/sarmiento24h.com\/"},{"@type":"ListItem","position":2,"name":"El l\u00edder del Mundial corre en casa este domingo y arranca desde el \u00faltimo lugar de la parrilla"}]},{"@type":"WebSite","@id":"https:\/\/sarmiento24h.com\/#website","url":"https:\/\/sarmiento24h.com\/","name":"Sarmiento24h","description":"","publisher":{"@id":"https:\/\/sarmiento24h.com\/#organization"},"potentialAction":[{"@type":"SearchAction","target":{"@type":"EntryPoint","urlTemplate":"https:\/\/sarmiento24h.com\/?s={search_term_string}"},"query-input":{"@type":"PropertyValueSpecification","valueRequired":true,"valueName":"search_term_string"}}],"inLanguage":"es"},{"@type":"Organization","@id":"https:\/\/sarmiento24h.com\/#organization","name":"Sarmiento24h","url":"https:\/\/sarmiento24h.com\/","logo":{"@type":"ImageObject","inLanguage":"es","@id":"https:\/\/sarmiento24h.com\/#\/schema\/logo\/image\/","url":"https:\/\/sarmiento24h.com\/wp-content\/uploads\/2025\/12\/AddText_12-16-10.30.52.jpg","contentUrl":"https:\/\/sarmiento24h.com\/wp-content\/uploads\/2025\/12\/AddText_12-16-10.30.52.jpg","width":1220,"height":324,"caption":"Sarmiento24h"},"image":{"@id":"https:\/\/sarmiento24h.com\/#\/schema\/logo\/image\/"},"sameAs":["https:\/\/facebook.com\/s24hnoticias","https:\/\/x.com\/sarmiento24h"]},{"@type":"Person","@id":"https:\/\/sarmiento24h.com\/#\/schema\/person\/d653a59725ad629a7e0429af7b939d4d","name":"sarmiento24h@gmail.com","image":{"@type":"ImageObject","inLanguage":"es","@id":"https:\/\/sarmiento24h.com\/wp-content\/litespeed\/avatar\/d02cbc4e23c747e6659cd45907173c8f.jpg?ver=1788047690","url":"https:\/\/sarmiento24h.com\/wp-content\/litespeed\/avatar\/d02cbc4e23c747e6659cd45907173c8f.jpg?ver=1788047690","contentUrl":"https:\/\/sarmiento24h.com\/wp-content\/litespeed\/avatar\/d02cbc4e23c747e6659cd45907173c8f.jpg?ver=1788047690","caption":"sarmiento24h@gmail.com"},"sameAs":["https:\/\/sarmiento24h.com"],"url":"https:\/\/sarmiento24h.com\/?author=1"}]}},"jetpack_publicize_connections":[],"jetpack_featured_media_url":"https:\/\/sarmiento24h.com\/wp-content\/uploads\/2026\/09\/el-lider-del-mundial-corre-en-casa-este-domingo-y-arranca-desde-el-ultimo-lugar-de-la-parrilla.jpg","jetpack_sharing_enabled":true,"_links":{"self":[{"href":"https:\/\/sarmiento24h.com\/index.php?rest_route=\/wp\/v2\/posts\/413568","targetHints":{"allow":["GET"]}}],"collection":[{"href":"https:\/\/sarmiento24h.com\/index.php?rest_route=\/wp\/v2\/posts"}],"about":[{"href":"https:\/\/sarmiento24h.com\/index.php?rest_route=\/wp\/v2\/types\/post"}],"author":[{"embeddable":true,"href":"https:\/\/sarmiento24h.com\/index.php?rest_route=\/wp\/v2\/users\/1"}],"replies":[{"embeddable":true,"href":"https:\/\/sarmiento24h.com\/index.php?rest_route=%2Fwp%2Fv2%2Fcomments&post=413568"}],"version-history":[{"count":0,"href":"https:\/\/sarmiento24h.com\/index.php?rest_route=\/wp\/v2\/posts\/413568\/revisions"}],"wp:featuredmedia":[{"embeddable":true,"href":"https:\/\/sarmiento24h.com\/index.php?rest_route=\/wp\/v2\/media\/413569"}],"wp:attachment":[{"href":"https:\/\/sarmiento24h.com\/index.php?rest_route=%2Fwp%2Fv2%2Fmedia&parent=413568"}],"wp:term":[{"taxonomy":"category","embeddable":true,"href":"https:\/\/sarmiento24h.com\/index.php?rest_route=%2Fwp%2Fv2%2Fcategories&post=413568"},{"taxonomy":"post_tag","embeddable":true,"href":"https:\/\/sarmiento24h.com\/index.php?rest_route=%2Fwp%2Fv2%2Ftags&post=413568"}],"curies":[{"name":"wp","href":"https:\/\/api.w.org\/{rel}","templated":true}]}}