{"id":413607,"date":"2026-09-04T21:15:01","date_gmt":"2026-09-04T21:15:01","guid":{"rendered":"https:\/\/sarmiento24h.com\/?p=413607"},"modified":"2026-09-04T21:15:01","modified_gmt":"2026-09-04T21:15:01","slug":"ufhec-reconoce-al-director-del-sns-durante-su-xlix-graduacion-ordinaria","status":"publish","type":"post","link":"https:\/\/sarmiento24h.com\/?p=413607","title":{"rendered":"UFHEC reconoce al director del SNS durante su XLIX Graduaci\u00f3n Ordinaria"},"content":{"rendered":"\n<figure class=\"wp-block-image size-large\"><img loading=\"lazy\" decoding=\"async\" width=\"1024\" height=\"682\" src=\"https:\/\/sarmiento24h.com\/wp-content\/uploads\/2026\/09\/img-20260904-wa00836548211923439542630-1024x682.jpg\" alt=\"\" class=\"wp-image-413604\" srcset=\"https:\/\/sarmiento24h.com\/wp-content\/uploads\/2026\/09\/img-20260904-wa00836548211923439542630-1024x682.jpg 1024w, https:\/\/sarmiento24h.com\/wp-content\/uploads\/2026\/09\/img-20260904-wa00836548211923439542630-300x200.jpg 300w, https:\/\/sarmiento24h.com\/wp-content\/uploads\/2026\/09\/img-20260904-wa00836548211923439542630-768x512.jpg 768w, https:\/\/sarmiento24h.com\/wp-content\/uploads\/2026\/09\/img-20260904-wa00836548211923439542630.jpg 1280w\" sizes=\"auto, (max-width: 1024px) 100vw, 1024px\" \/><\/figure>\n\n\n\n<p class=\"wp-block-paragraph\"><\/p>\n\n\n\n<p class=\"wp-block-paragraph\">Santo Domingo.\u2013 La Universidad Federico Henr\u00edquez y Carvajal (UFHEC) reconoci\u00f3 este viernes al director ejecutivo del Servicio Nacional de Salud (SNS), doctor Julio C\u00e9sar Landr\u00f3n, por su trayectoria profesional, dedicaci\u00f3n y esfuerzos para transformar y elevar la calidad de los servicios de salud en el pa\u00eds.<br><br>La distinci\u00f3n fue entregada durante la XLIX Graduaci\u00f3n Ordinaria de la academia, en la que Landr\u00f3n particip\u00f3 como orador principal ante 1,747 nuevos profesionales, a quienes exhort\u00f3 a ejercer sus carreras con \u00e9tica, humildad, responsabilidad y sentido humano.<br><br>El titular del SNS sostuvo que el t\u00edtulo universitario, adem\u00e1s de representar la culminaci\u00f3n de a\u00f1os de estudio y sacrificio, marca el inicio de un compromiso con la sociedad.<br><br>\u201cHoy reciben un t\u00edtulo, pero tambi\u00e9n asumen una nueva responsabilidad: poner sus conocimientos, capacidades y talentos al servicio de la sociedad. El t\u00edtulo no representa la meta final; es el punto de partida de un aprendizaje que debe acompa\u00f1arlos durante toda la vida\u201d, expres\u00f3.<br><br>Landr\u00f3n inst\u00f3 a los graduandos a mantenerse en constante formaci\u00f3n y convertir los conocimientos adquiridos en respuestas concretas a las necesidades de las personas y sus comunidades.<\/p>\n\n\n\n<figure class=\"wp-block-image size-large\"><img loading=\"lazy\" decoding=\"async\" width=\"1024\" height=\"683\" src=\"https:\/\/sarmiento24h.com\/wp-content\/uploads\/2026\/09\/img-20260904-wa00906872759394530742159-1024x683.jpg\" alt=\"\" class=\"wp-image-413603\" srcset=\"https:\/\/sarmiento24h.com\/wp-content\/uploads\/2026\/09\/img-20260904-wa00906872759394530742159-1024x683.jpg 1024w, https:\/\/sarmiento24h.com\/wp-content\/uploads\/2026\/09\/img-20260904-wa00906872759394530742159-300x200.jpg 300w, https:\/\/sarmiento24h.com\/wp-content\/uploads\/2026\/09\/img-20260904-wa00906872759394530742159-768x512.jpg 768w, https:\/\/sarmiento24h.com\/wp-content\/uploads\/2026\/09\/img-20260904-wa00906872759394530742159.jpg 1280w\" sizes=\"auto, (max-width: 1024px) 100vw, 1024px\" \/><\/figure>\n\n\n\n<p class=\"wp-block-paragraph\">Al compartir parte de su experiencia en el sector salud, afirm\u00f3 que servir constituye una de las formas m\u00e1s nobles de ejercer cualquier profesi\u00f3n. Tambi\u00e9n destac\u00f3 que los avances t\u00e9cnicos y la disponibilidad de recursos deben estar acompa\u00f1ados de un trato digno y respetuoso.<br><br>\u201cPodemos tener hospitales equipados, tecnolog\u00eda, medicamentos, protocolos y procesos eficientes; pero si una persona cruza las puertas de un establecimiento de salud y no encuentra a alguien que le ofrezca una atenci\u00f3n digna y humana, falta algo que ning\u00fan avance puede sustituir\u201d, manifest\u00f3.<br><br>Asimismo, anim\u00f3 a los nuevos profesionales a no temer comenzar desde posiciones iniciales, equivocarse o volver a intentarlo. \u201cLa superaci\u00f3n no consiste en no caer, sino en tener la determinaci\u00f3n de levantarse cada vez que sea necesario\u201d, puntualiz\u00f3.<br><br>Durante el acto, el rector nacional de la UFHEC, maestro Alberto Ram\u00edrez Cabral, inform\u00f3 que con esta promoci\u00f3n la universidad alcanza los 50,918 egresados formados en distintos puntos del territorio nacional.<br><br>Ram\u00edrez Cabral record\u00f3 que el verdadero valor del t\u00edtulo comenzar\u00e1 a demostrarse mediante el ejercicio responsable de cada profesi\u00f3n y la forma en que los nuevos profesionales pongan sus conocimientos al servicio de los dem\u00e1s.<\/p>\n\n\n\n<figure class=\"wp-block-image size-large\"><img loading=\"lazy\" decoding=\"async\" width=\"1024\" height=\"683\" src=\"https:\/\/sarmiento24h.com\/wp-content\/uploads\/2026\/09\/img-20260904-wa0084316564979522956130-1024x683.jpg\" alt=\"\" class=\"wp-image-413605\" srcset=\"https:\/\/sarmiento24h.com\/wp-content\/uploads\/2026\/09\/img-20260904-wa0084316564979522956130-1024x683.jpg 1024w, https:\/\/sarmiento24h.com\/wp-content\/uploads\/2026\/09\/img-20260904-wa0084316564979522956130-300x200.jpg 300w, https:\/\/sarmiento24h.com\/wp-content\/uploads\/2026\/09\/img-20260904-wa0084316564979522956130-768x512.jpg 768w, https:\/\/sarmiento24h.com\/wp-content\/uploads\/2026\/09\/img-20260904-wa0084316564979522956130.jpg 1280w\" sizes=\"auto, (max-width: 1024px) 100vw, 1024px\" \/><\/figure>\n\n\n\n<p class=\"wp-block-paragraph\">La ceremonia cont\u00f3 adem\u00e1s con la presencia del rector de la Universidad F\u00e9lix Adam (UNEFA), maestro Tom\u00e1s Ram\u00edrez Ma\u00f1\u00f3n; el presidente del Ministerio Batalla de la Fe y pastor de la iglesia Mahanaim, Ezequiel Molina Rosario; la viceministra de Extensi\u00f3n del Ministerio de Educaci\u00f3n Superior, Ciencia y Tecnolog\u00eda (MESCYT), maestra Carmen Julia Molina Reyes; el viceministro de Ciencia y Tecnolog\u00eda de esa instituci\u00f3n, doctor Genaro Rodr\u00edguez Mart\u00ednez, y la vicerrectora docente de la Universidad Aut\u00f3noma de Santo Domingo (UASD), doctora Rosel Fern\u00e1ndez.<br><br>Tambi\u00e9n estuvieron la vicerrectora acad\u00e9mica de la UFHEC, doctora Belkis Pe\u00f1al\u00f3; el vicerrector de Ciencia, Tecnolog\u00eda e Innovaci\u00f3n, doctor Darwin Mu\u00f1oz; el asesor nacional de la academia, doctor Manuel Antonio Ram\u00edrez Suza\u00f1a; el rector del campus La Romana, doctor F\u00e9lix Far\u00edas Campos, y la directora del campus Santo Domingo Oeste, maestra Ylesia D\u00edaz.<\/p>\n\n\n\n<p class=\"wp-block-paragraph\"><\/p>\n","protected":false},"excerpt":{"rendered":"<p>Santo Domingo.\u2013 La Universidad Federico Henr\u00edquez y&#46;&#46;&#46;<\/p>\n","protected":false},"author":1,"featured_media":413606,"comment_status":"open","ping_status":"open","sticky":false,"template":"","format":"standard","meta":{"_jetpack_newsletter_access":"","_jetpack_dont_email_post_to_subs":false,"_jetpack_newsletter_tier_id":0,"_jetpack_memberships_contains_paywalled_content":false,"_jetpack_feature_clip_id":0,"_jetpack_memberships_contains_paid_content":false,"footnotes":"","jetpack_publicize_message":"","jetpack_publicize_feature_enabled":true,"jetpack_social_post_already_shared":true,"jetpack_social_options":{"image_generator_settings":{"template":"highway","default_image_id":0,"font":"","enabled":false},"version":2},"jetpack_post_was_ever_published":false},"categories":[42],"tags":[550],"class_list":["post-413607","post","type-post","status-publish","format-standard","has-post-thumbnail","hentry","category-nacionales","tag-ufhec"],"yoast_head":"<!-- This site is optimized with the Yoast SEO plugin v28.1 - https:\/\/yoast.com\/product\/yoast-seo-wordpress\/ -->\n<title>UFHEC reconoce al director del SNS durante su XLIX Graduaci\u00f3n Ordinaria - Sarmiento24h<\/title>\n<meta name=\"robots\" content=\"index, follow, max-snippet:-1, max-image-preview:large, max-video-preview:-1\" \/>\n<link rel=\"canonical\" href=\"https:\/\/sarmiento24h.com\/?p=413607\" \/>\n<meta property=\"og:locale\" content=\"es_ES\" \/>\n<meta property=\"og:type\" content=\"article\" \/>\n<meta property=\"og:title\" content=\"UFHEC reconoce al director del SNS durante su XLIX Graduaci\u00f3n Ordinaria - Sarmiento24h\" \/>\n<meta property=\"og:description\" content=\"Santo Domingo.\u2013 La Universidad Federico Henr\u00edquez y&#046;&#046;&#046;\" \/>\n<meta property=\"og:url\" content=\"https:\/\/sarmiento24h.com\/?p=413607\" \/>\n<meta property=\"og:site_name\" content=\"Sarmiento24h\" \/>\n<meta property=\"article:publisher\" content=\"https:\/\/facebook.com\/s24hnoticias\" \/>\n<meta property=\"article:published_time\" content=\"2026-09-04T21:15:01+00:00\" \/>\n<meta property=\"og:image\" content=\"https:\/\/sarmiento24h.com\/wp-content\/uploads\/2026\/09\/img-20260904-wa00836548211923439542630.jpg\" \/>\n\t<meta property=\"og:image:width\" content=\"1280\" \/>\n\t<meta property=\"og:image:height\" content=\"853\" \/>\n\t<meta property=\"og:image:type\" content=\"image\/jpeg\" \/>\n<meta name=\"author\" content=\"sarmiento24h@gmail.com\" \/>\n<meta name=\"twitter:card\" content=\"summary_large_image\" \/>\n<meta name=\"twitter:creator\" content=\"@sarmiento24h\" \/>\n<meta name=\"twitter:site\" content=\"@sarmiento24h\" \/>\n<meta name=\"twitter:label1\" content=\"Escrito por\" \/>\n\t<meta name=\"twitter:data1\" content=\"sarmiento24h@gmail.com\" \/>\n\t<meta name=\"twitter:label2\" content=\"Tiempo de lectura\" \/>\n\t<meta name=\"twitter:data2\" content=\"3 minutos\" \/>\n<script type=\"application\/ld+json\" class=\"yoast-schema-graph\">{\"@context\":\"https:\\\/\\\/schema.org\",\"@graph\":[{\"@type\":\"Article\",\"@id\":\"https:\\\/\\\/sarmiento24h.com\\\/?p=413607#article\",\"isPartOf\":{\"@id\":\"https:\\\/\\\/sarmiento24h.com\\\/?p=413607\"},\"author\":{\"name\":\"sarmiento24h@gmail.com\",\"@id\":\"https:\\\/\\\/sarmiento24h.com\\\/#\\\/schema\\\/person\\\/d653a59725ad629a7e0429af7b939d4d\"},\"headline\":\"UFHEC reconoce al director del SNS durante su XLIX Graduaci\u00f3n Ordinaria\",\"datePublished\":\"2026-09-04T21:15:01+00:00\",\"mainEntityOfPage\":{\"@id\":\"https:\\\/\\\/sarmiento24h.com\\\/?p=413607\"},\"wordCount\":579,\"commentCount\":0,\"publisher\":{\"@id\":\"https:\\\/\\\/sarmiento24h.com\\\/#organization\"},\"image\":{\"@id\":\"https:\\\/\\\/sarmiento24h.com\\\/?p=413607#primaryimage\"},\"thumbnailUrl\":\"https:\\\/\\\/sarmiento24h.com\\\/wp-content\\\/uploads\\\/2026\\\/09\\\/IMG-20260904-WA0083.jpg\",\"keywords\":[\"#ufhec\"],\"articleSection\":[\"Nacionales\"],\"inLanguage\":\"es\",\"potentialAction\":[{\"@type\":\"CommentAction\",\"name\":\"Comment\",\"target\":[\"https:\\\/\\\/sarmiento24h.com\\\/?p=413607#respond\"]}]},{\"@type\":\"WebPage\",\"@id\":\"https:\\\/\\\/sarmiento24h.com\\\/?p=413607\",\"url\":\"https:\\\/\\\/sarmiento24h.com\\\/?p=413607\",\"name\":\"UFHEC reconoce al director del SNS durante su XLIX Graduaci\u00f3n Ordinaria - Sarmiento24h\",\"isPartOf\":{\"@id\":\"https:\\\/\\\/sarmiento24h.com\\\/#website\"},\"primaryImageOfPage\":{\"@id\":\"https:\\\/\\\/sarmiento24h.com\\\/?p=413607#primaryimage\"},\"image\":{\"@id\":\"https:\\\/\\\/sarmiento24h.com\\\/?p=413607#primaryimage\"},\"thumbnailUrl\":\"https:\\\/\\\/sarmiento24h.com\\\/wp-content\\\/uploads\\\/2026\\\/09\\\/IMG-20260904-WA0083.jpg\",\"datePublished\":\"2026-09-04T21:15:01+00:00\",\"breadcrumb\":{\"@id\":\"https:\\\/\\\/sarmiento24h.com\\\/?p=413607#breadcrumb\"},\"inLanguage\":\"es\",\"potentialAction\":[{\"@type\":\"ReadAction\",\"target\":[\"https:\\\/\\\/sarmiento24h.com\\\/?p=413607\"]}]},{\"@type\":\"ImageObject\",\"inLanguage\":\"es\",\"@id\":\"https:\\\/\\\/sarmiento24h.com\\\/?p=413607#primaryimage\",\"url\":\"https:\\\/\\\/sarmiento24h.com\\\/wp-content\\\/uploads\\\/2026\\\/09\\\/IMG-20260904-WA0083.jpg\",\"contentUrl\":\"https:\\\/\\\/sarmiento24h.com\\\/wp-content\\\/uploads\\\/2026\\\/09\\\/IMG-20260904-WA0083.jpg\",\"width\":1280,\"height\":853},{\"@type\":\"BreadcrumbList\",\"@id\":\"https:\\\/\\\/sarmiento24h.com\\\/?p=413607#breadcrumb\",\"itemListElement\":[{\"@type\":\"ListItem\",\"position\":1,\"name\":\"Home\",\"item\":\"https:\\\/\\\/sarmiento24h.com\\\/\"},{\"@type\":\"ListItem\",\"position\":2,\"name\":\"UFHEC reconoce al director del SNS durante su XLIX Graduaci\u00f3n Ordinaria\"}]},{\"@type\":\"WebSite\",\"@id\":\"https:\\\/\\\/sarmiento24h.com\\\/#website\",\"url\":\"https:\\\/\\\/sarmiento24h.com\\\/\",\"name\":\"Sarmiento24h\",\"description\":\"\",\"publisher\":{\"@id\":\"https:\\\/\\\/sarmiento24h.com\\\/#organization\"},\"potentialAction\":[{\"@type\":\"SearchAction\",\"target\":{\"@type\":\"EntryPoint\",\"urlTemplate\":\"https:\\\/\\\/sarmiento24h.com\\\/?s={search_term_string}\"},\"query-input\":{\"@type\":\"PropertyValueSpecification\",\"valueRequired\":true,\"valueName\":\"search_term_string\"}}],\"inLanguage\":\"es\"},{\"@type\":\"Organization\",\"@id\":\"https:\\\/\\\/sarmiento24h.com\\\/#organization\",\"name\":\"Sarmiento24h\",\"url\":\"https:\\\/\\\/sarmiento24h.com\\\/\",\"logo\":{\"@type\":\"ImageObject\",\"inLanguage\":\"es\",\"@id\":\"https:\\\/\\\/sarmiento24h.com\\\/#\\\/schema\\\/logo\\\/image\\\/\",\"url\":\"https:\\\/\\\/sarmiento24h.com\\\/wp-content\\\/uploads\\\/2025\\\/12\\\/AddText_12-16-10.30.52.jpg\",\"contentUrl\":\"https:\\\/\\\/sarmiento24h.com\\\/wp-content\\\/uploads\\\/2025\\\/12\\\/AddText_12-16-10.30.52.jpg\",\"width\":1220,\"height\":324,\"caption\":\"Sarmiento24h\"},\"image\":{\"@id\":\"https:\\\/\\\/sarmiento24h.com\\\/#\\\/schema\\\/logo\\\/image\\\/\"},\"sameAs\":[\"https:\\\/\\\/facebook.com\\\/s24hnoticias\",\"https:\\\/\\\/x.com\\\/sarmiento24h\"]},{\"@type\":\"Person\",\"@id\":\"https:\\\/\\\/sarmiento24h.com\\\/#\\\/schema\\\/person\\\/d653a59725ad629a7e0429af7b939d4d\",\"name\":\"sarmiento24h@gmail.com\",\"image\":{\"@type\":\"ImageObject\",\"inLanguage\":\"es\",\"@id\":\"https:\\\/\\\/sarmiento24h.com\\\/wp-content\\\/litespeed\\\/avatar\\\/d02cbc4e23c747e6659cd45907173c8f.jpg?ver=1788047690\",\"url\":\"https:\\\/\\\/sarmiento24h.com\\\/wp-content\\\/litespeed\\\/avatar\\\/d02cbc4e23c747e6659cd45907173c8f.jpg?ver=1788047690\",\"contentUrl\":\"https:\\\/\\\/sarmiento24h.com\\\/wp-content\\\/litespeed\\\/avatar\\\/d02cbc4e23c747e6659cd45907173c8f.jpg?ver=1788047690\",\"caption\":\"sarmiento24h@gmail.com\"},\"sameAs\":[\"https:\\\/\\\/sarmiento24h.com\"],\"url\":\"https:\\\/\\\/sarmiento24h.com\\\/?author=1\"}]}<\/script>\n<!-- \/ Yoast SEO plugin. -->","yoast_head_json":{"title":"UFHEC reconoce al director del SNS durante su XLIX Graduaci\u00f3n Ordinaria - Sarmiento24h","robots":{"index":"index","follow":"follow","max-snippet":"max-snippet:-1","max-image-preview":"max-image-preview:large","max-video-preview":"max-video-preview:-1"},"canonical":"https:\/\/sarmiento24h.com\/?p=413607","og_locale":"es_ES","og_type":"article","og_title":"UFHEC reconoce al director del SNS durante su XLIX Graduaci\u00f3n Ordinaria - Sarmiento24h","og_description":"Santo Domingo.\u2013 La Universidad Federico Henr\u00edquez y&#46;&#46;&#46;","og_url":"https:\/\/sarmiento24h.com\/?p=413607","og_site_name":"Sarmiento24h","article_publisher":"https:\/\/facebook.com\/s24hnoticias","article_published_time":"2026-09-04T21:15:01+00:00","og_image":[{"width":1280,"height":853,"url":"https:\/\/sarmiento24h.com\/wp-content\/uploads\/2026\/09\/img-20260904-wa00836548211923439542630.jpg","type":"image\/jpeg"}],"author":"sarmiento24h@gmail.com","twitter_card":"summary_large_image","twitter_creator":"@sarmiento24h","twitter_site":"@sarmiento24h","twitter_misc":{"Escrito por":"sarmiento24h@gmail.com","Tiempo de lectura":"3 minutos"},"schema":{"@context":"https:\/\/schema.org","@graph":[{"@type":"Article","@id":"https:\/\/sarmiento24h.com\/?p=413607#article","isPartOf":{"@id":"https:\/\/sarmiento24h.com\/?p=413607"},"author":{"name":"sarmiento24h@gmail.com","@id":"https:\/\/sarmiento24h.com\/#\/schema\/person\/d653a59725ad629a7e0429af7b939d4d"},"headline":"UFHEC reconoce al director del SNS durante su XLIX Graduaci\u00f3n Ordinaria","datePublished":"2026-09-04T21:15:01+00:00","mainEntityOfPage":{"@id":"https:\/\/sarmiento24h.com\/?p=413607"},"wordCount":579,"commentCount":0,"publisher":{"@id":"https:\/\/sarmiento24h.com\/#organization"},"image":{"@id":"https:\/\/sarmiento24h.com\/?p=413607#primaryimage"},"thumbnailUrl":"https:\/\/sarmiento24h.com\/wp-content\/uploads\/2026\/09\/IMG-20260904-WA0083.jpg","keywords":["#ufhec"],"articleSection":["Nacionales"],"inLanguage":"es","potentialAction":[{"@type":"CommentAction","name":"Comment","target":["https:\/\/sarmiento24h.com\/?p=413607#respond"]}]},{"@type":"WebPage","@id":"https:\/\/sarmiento24h.com\/?p=413607","url":"https:\/\/sarmiento24h.com\/?p=413607","name":"UFHEC reconoce al director del SNS durante su XLIX Graduaci\u00f3n Ordinaria - Sarmiento24h","isPartOf":{"@id":"https:\/\/sarmiento24h.com\/#website"},"primaryImageOfPage":{"@id":"https:\/\/sarmiento24h.com\/?p=413607#primaryimage"},"image":{"@id":"https:\/\/sarmiento24h.com\/?p=413607#primaryimage"},"thumbnailUrl":"https:\/\/sarmiento24h.com\/wp-content\/uploads\/2026\/09\/IMG-20260904-WA0083.jpg","datePublished":"2026-09-04T21:15:01+00:00","breadcrumb":{"@id":"https:\/\/sarmiento24h.com\/?p=413607#breadcrumb"},"inLanguage":"es","potentialAction":[{"@type":"ReadAction","target":["https:\/\/sarmiento24h.com\/?p=413607"]}]},{"@type":"ImageObject","inLanguage":"es","@id":"https:\/\/sarmiento24h.com\/?p=413607#primaryimage","url":"https:\/\/sarmiento24h.com\/wp-content\/uploads\/2026\/09\/IMG-20260904-WA0083.jpg","contentUrl":"https:\/\/sarmiento24h.com\/wp-content\/uploads\/2026\/09\/IMG-20260904-WA0083.jpg","width":1280,"height":853},{"@type":"BreadcrumbList","@id":"https:\/\/sarmiento24h.com\/?p=413607#breadcrumb","itemListElement":[{"@type":"ListItem","position":1,"name":"Home","item":"https:\/\/sarmiento24h.com\/"},{"@type":"ListItem","position":2,"name":"UFHEC reconoce al director del SNS durante su XLIX Graduaci\u00f3n Ordinaria"}]},{"@type":"WebSite","@id":"https:\/\/sarmiento24h.com\/#website","url":"https:\/\/sarmiento24h.com\/","name":"Sarmiento24h","description":"","publisher":{"@id":"https:\/\/sarmiento24h.com\/#organization"},"potentialAction":[{"@type":"SearchAction","target":{"@type":"EntryPoint","urlTemplate":"https:\/\/sarmiento24h.com\/?s={search_term_string}"},"query-input":{"@type":"PropertyValueSpecification","valueRequired":true,"valueName":"search_term_string"}}],"inLanguage":"es"},{"@type":"Organization","@id":"https:\/\/sarmiento24h.com\/#organization","name":"Sarmiento24h","url":"https:\/\/sarmiento24h.com\/","logo":{"@type":"ImageObject","inLanguage":"es","@id":"https:\/\/sarmiento24h.com\/#\/schema\/logo\/image\/","url":"https:\/\/sarmiento24h.com\/wp-content\/uploads\/2025\/12\/AddText_12-16-10.30.52.jpg","contentUrl":"https:\/\/sarmiento24h.com\/wp-content\/uploads\/2025\/12\/AddText_12-16-10.30.52.jpg","width":1220,"height":324,"caption":"Sarmiento24h"},"image":{"@id":"https:\/\/sarmiento24h.com\/#\/schema\/logo\/image\/"},"sameAs":["https:\/\/facebook.com\/s24hnoticias","https:\/\/x.com\/sarmiento24h"]},{"@type":"Person","@id":"https:\/\/sarmiento24h.com\/#\/schema\/person\/d653a59725ad629a7e0429af7b939d4d","name":"sarmiento24h@gmail.com","image":{"@type":"ImageObject","inLanguage":"es","@id":"https:\/\/sarmiento24h.com\/wp-content\/litespeed\/avatar\/d02cbc4e23c747e6659cd45907173c8f.jpg?ver=1788047690","url":"https:\/\/sarmiento24h.com\/wp-content\/litespeed\/avatar\/d02cbc4e23c747e6659cd45907173c8f.jpg?ver=1788047690","contentUrl":"https:\/\/sarmiento24h.com\/wp-content\/litespeed\/avatar\/d02cbc4e23c747e6659cd45907173c8f.jpg?ver=1788047690","caption":"sarmiento24h@gmail.com"},"sameAs":["https:\/\/sarmiento24h.com"],"url":"https:\/\/sarmiento24h.com\/?author=1"}]}},"jetpack_publicize_connections":[],"jetpack_featured_media_url":"https:\/\/sarmiento24h.com\/wp-content\/uploads\/2026\/09\/IMG-20260904-WA0083.jpg","jetpack_sharing_enabled":true,"_links":{"self":[{"href":"https:\/\/sarmiento24h.com\/index.php?rest_route=\/wp\/v2\/posts\/413607","targetHints":{"allow":["GET"]}}],"collection":[{"href":"https:\/\/sarmiento24h.com\/index.php?rest_route=\/wp\/v2\/posts"}],"about":[{"href":"https:\/\/sarmiento24h.com\/index.php?rest_route=\/wp\/v2\/types\/post"}],"author":[{"embeddable":true,"href":"https:\/\/sarmiento24h.com\/index.php?rest_route=\/wp\/v2\/users\/1"}],"replies":[{"embeddable":true,"href":"https:\/\/sarmiento24h.com\/index.php?rest_route=%2Fwp%2Fv2%2Fcomments&post=413607"}],"version-history":[{"count":0,"href":"https:\/\/sarmiento24h.com\/index.php?rest_route=\/wp\/v2\/posts\/413607\/revisions"}],"wp:featuredmedia":[{"embeddable":true,"href":"https:\/\/sarmiento24h.com\/index.php?rest_route=\/wp\/v2\/media\/413606"}],"wp:attachment":[{"href":"https:\/\/sarmiento24h.com\/index.php?rest_route=%2Fwp%2Fv2%2Fmedia&parent=413607"}],"wp:term":[{"taxonomy":"category","embeddable":true,"href":"https:\/\/sarmiento24h.com\/index.php?rest_route=%2Fwp%2Fv2%2Fcategories&post=413607"},{"taxonomy":"post_tag","embeddable":true,"href":"https:\/\/sarmiento24h.com\/index.php?rest_route=%2Fwp%2Fv2%2Ftags&post=413607"}],"curies":[{"name":"wp","href":"https:\/\/api.w.org\/{rel}","templated":true}]}}