{"id":413610,"date":"2026-09-04T21:48:32","date_gmt":"2026-09-04T21:48:32","guid":{"rendered":"http:\/\/ee1aca56-a8a3-11f1-9867-d1adce841cc3"},"modified":"2026-09-04T21:48:32","modified_gmt":"2026-09-04T21:48:32","slug":"guerra-abierta-en-el-supremo-de-brasil-la-crisis-judicial-estalla-a-un-mes-de-las-elecciones","status":"publish","type":"post","link":"https:\/\/sarmiento24h.com\/?p=413610","title":{"rendered":"Guerra abierta en el Supremo de Brasil: la crisis judicial estalla a un mes de las elecciones"},"content":{"rendered":"<p>El Supremo Tribunal Federal (STF) de <a href=\"https:\/\/www.france24.com\/es\/tag\/brasil\/\" target=\"_self\">Brasil<\/a> atraviesa una de las <strong>mayores crisis<\/strong> de su historia reciente.&nbsp;<\/p>\n<p>A un mes de las <a href=\"https:\/\/www.france24.com\/es\/tag\/elecciones\/\" target=\"_self\">elecciones<\/a> presidenciales, <strong>dos de sus jueces mantienen un enfrentamiento<\/strong> a ra\u00edz de las revelaciones sobre los contactos entre el magistrado <a href=\"https:\/\/www.france24.com\/es\/tag\/alexandre-de-moraes\/\" target=\"_self\">Alexandre de Moraes<\/a> y Daniel Vorcaro, el banquero acusado de liderar un <strong><a href=\"https:\/\/www.france24.com\/es\/tag\/fraude\/\" target=\"_self\">fraude<\/a> multimillonario<\/strong> que sacude desde hace meses al poder pol\u00edtico y judicial del pa\u00eds.<\/p>\n<p>La disputa llev\u00f3 este 4 de septiembre al presidente <a href=\"https:\/\/www.france24.com\/es\/tag\/luiz-inacio-lula-da-silva\/\" target=\"_self\">Luiz In\u00e1cio Lula da Silva<\/a> a intervenir p\u00fablicamente. El mandatario advirti\u00f3 sobre el riesgo de que el esc\u00e1ndalo termine <strong>erosionando la confianza de los brasile\u00f1os en las instituciones<\/strong>.<\/p>\n<p>\u00abSi no hay instituciones s\u00f3lidas y funcionando, la <a href=\"https:\/\/www.france24.com\/es\/tag\/democracia\/\" target=\"_self\">democracia<\/a> estar\u00e1 muy vulnerable\u00bb, afirm\u00f3 Lula durante un acto en Brasilia junto al presidente del Supremo, Edson Fachin.<\/p>\n<div class=\"m-em-image\">\n<figure class=\"m-item-image m-item-image--original m-item-image--has-caption\"> <picture class=\"a-picture a-picture--original\"><source type=\"image\/webp\" srcset=\"https:\/\/s.france24.com\/media\/display\/0289cb14-a84e-11f1-92d8-005056a97e36\/w:246\/ff655fd41b1eb2c460f4f86df4318ee95ef05ed6.webp 246w, https:\/\/s.france24.com\/media\/display\/0289cb14-a84e-11f1-92d8-005056a97e36\/w:388\/ff655fd41b1eb2c460f4f86df4318ee95ef05ed6.webp 388w, https:\/\/s.france24.com\/media\/display\/0289cb14-a84e-11f1-92d8-005056a97e36\/w:720\/ff655fd41b1eb2c460f4f86df4318ee95ef05ed6.webp 720w, https:\/\/s.france24.com\/media\/display\/0289cb14-a84e-11f1-92d8-005056a97e36\/w:980\/ff655fd41b1eb2c460f4f86df4318ee95ef05ed6.webp 980w\" sizes=\"(max-width: 1023px) calc(100vw - 32px), (min-width: 1024px) 850px\"><img fetchpriority=\"low\" decoding=\"async\" src=\"https:\/\/s.france24.com\/media\/display\/0289cb14-a84e-11f1-92d8-005056a97e36\/w:980\/ff655fd41b1eb2c460f4f86df4318ee95ef05ed6.jpg\" srcset=\"https:\/\/s.france24.com\/media\/display\/0289cb14-a84e-11f1-92d8-005056a97e36\/w:246\/ff655fd41b1eb2c460f4f86df4318ee95ef05ed6.jpg 246w, https:\/\/s.france24.com\/media\/display\/0289cb14-a84e-11f1-92d8-005056a97e36\/w:388\/ff655fd41b1eb2c460f4f86df4318ee95ef05ed6.jpg 388w, https:\/\/s.france24.com\/media\/display\/0289cb14-a84e-11f1-92d8-005056a97e36\/w:720\/ff655fd41b1eb2c460f4f86df4318ee95ef05ed6.jpg 720w, https:\/\/s.france24.com\/media\/display\/0289cb14-a84e-11f1-92d8-005056a97e36\/w:980\/ff655fd41b1eb2c460f4f86df4318ee95ef05ed6.jpg 980w\" sizes=\"(max-width: 1023px) calc(100vw - 32px), (min-width: 1024px) 850px\" alt=\"El presidente brasile\u00f1o, Luiz Inacio Lula da Silva, habla durante una ceremonia para celebrar los avances en el sistema de seguridad social, el 3 de septiembre de 2026 en el palacio de Planalto, en Brasilia\" loading=\"lazy\" class=\"a-img \">\n<\/picture><figcaption class=\"a-figcaption\"> El presidente brasile\u00f1o, Luiz Inacio Lula da Silva, habla durante una ceremonia para celebrar los avances en el sistema de seguridad social, el 3 de septiembre de 2026 en el palacio de Planalto, en Brasilia \u00a9 Evaristo Sa \/ AFP <\/figcaption><\/figure>\n<\/p><\/div>\n<p>El mandatario, que buscar\u00e1 su reelecci\u00f3n en los comicios del 4 de octubre, se mostr\u00f3 preocupado de que la sociedad<strong> pierda \u00abla esperanza, la fe y la credibilidad en las instituciones\u00bb<\/strong> y reclam\u00f3 que las investigaciones avancen sin proteger a ninguna autoridad.<\/p>\n<blockquote class=\"quote\" readability=\"9\">\n<p>\u00abNadie, nadie, en nombre de la democracia, puede utilizar el cargo que ocupa en beneficio personal. Nadie\u00bb.<\/p>\n<\/blockquote>\n<p>La crisis tiene como protagonista a una de las figuras m\u00e1s poderosas y pol\u00e9micas de la <a href=\"https:\/\/www.france24.com\/es\/tag\/justicia\/\" target=\"_self\">Justicia<\/a> brasile\u00f1a. Moraes llev\u00f3 adelante el proceso que termin\u00f3 con la <strong>condena y encarcelamiento del expresidente <a href=\"https:\/\/www.france24.com\/es\/tag\/jair-bolsonaro\/\" target=\"_self\">Jair Bolsonaro<\/a><\/strong> por intento de <a href=\"https:\/\/www.france24.com\/es\/tag\/golpe-de-estado\/\" target=\"_self\">golpe de Estado<\/a>.<\/p>\n<p>Durante los \u00faltimos a\u00f1os se convirti\u00f3 tambi\u00e9n en una de las principales caras de la ofensiva judicial contra la <a href=\"https:\/\/www.france24.com\/es\/tag\/desinformaci\u00f3n\/\" target=\"_self\">desinformaci\u00f3n<\/a> y los sectores m\u00e1s radicales del bolsonarismo.<\/p>\n<p>Ahora es el propio magistrado quien enfrenta pedidos para que se investigue su conducta.<\/p>\n<div class=\"m-em-video\">\n<div class=\"o-video-player o-video-player--16x9\" data-media-video-wbmz417799-f24-es-20260904 data-show-hidden-video-player=\"WBMZ417799-F24-ES-20260904\" data-wrapper-video-player data-youtube-script>\n<div class=\"o-em-consent \" readability=\"7\">\n<div class=\"o-em-consent__content\" readability=\"34\">\n<p class=\"o-em-consent__content__text\">Para mostrar este contenido de YouTube, debe autorizar las cookies de medici\u00f3n de audiencia y publicidad.<\/p>\n<p> <button class=\"a-master-button a-master-button--dark\" data-action=\"accept\"> Aceptar <svg class=\"a-svg a-svg--icon-check\"> <use xlink:href=\"\/build\/images\/svg\/sprite.68b43361c11f23b39049016b32e6ae31.svg#icon-check\" href=\"\/build\/images\/svg\/sprite.68b43361c11f23b39049016b32e6ae31.svg#icon-check\" \/> <\/svg> <\/button> <button class=\"a-link\" data-action=\"manage\">Gestionar mis opciones <svg class=\"a-svg a-svg--icon-edit\"> <use xlink:href=\"\/build\/images\/svg\/sprite.68b43361c11f23b39049016b32e6ae31.svg#icon-edit\" href=\"\/build\/images\/svg\/sprite.68b43361c11f23b39049016b32e6ae31.svg#icon-edit\" \/> <\/svg><br \/>\n<\/button> <\/div>\n<\/div>\n<div class=\"o-em-adblock\" data-adblock-content readability=\"7\">\n<div class=\"o-em-adblock__content\" readability=\"34\">\n<p class=\"o-em-adblock__content__text\">Una extensi\u00f3n de tu navegador parece estar bloqueando la carga del reproductor de video. Para poder ver este contenido, debes desactivarla en este sitio.<\/p>\n<p> <button class=\"a-master-button a-master-button--dark\" data-action=\"reload\">Reintentar<\/button> <\/div>\n<\/div>\n<figure class=\"m-item-image m-item-image--16x9 m-item-image--has-caption\"> <picture class=\"a-picture a-picture--16x9\"><source type=\"image\/webp\" srcset=\"https:\/\/s.france24.com\/media\/display\/bdf963a2-a7b6-11f1-b39d-005056a90284\/w:388\/p:16x9\/ES-20260903-074237-074416-CS.webp 388w, https:\/\/s.france24.com\/media\/display\/bdf963a2-a7b6-11f1-b39d-005056a90284\/w:720\/p:16x9\/ES-20260903-074237-074416-CS.webp 720w, https:\/\/s.france24.com\/media\/display\/bdf963a2-a7b6-11f1-b39d-005056a90284\/w:1024\/p:16x9\/ES-20260903-074237-074416-CS.webp 1024w\" sizes=\"(max-width: 639px) calc(100vw - 32px), (max-width: 1076px) calc(100vw - 44px), 850px\"><img fetchpriority=\"high\" decoding=\"auto\" src=\"https:\/\/s.france24.com\/media\/display\/bdf963a2-a7b6-11f1-b39d-005056a90284\/w:1024\/p:16x9\/ES-20260903-074237-074416-CS.jpg\" srcset=\"https:\/\/s.france24.com\/media\/display\/bdf963a2-a7b6-11f1-b39d-005056a90284\/w:388\/p:16x9\/ES-20260903-074237-074416-CS.jpg 388w, https:\/\/s.france24.com\/media\/display\/bdf963a2-a7b6-11f1-b39d-005056a90284\/w:720\/p:16x9\/ES-20260903-074237-074416-CS.jpg 720w, https:\/\/s.france24.com\/media\/display\/bdf963a2-a7b6-11f1-b39d-005056a90284\/w:1024\/p:16x9\/ES-20260903-074237-074416-CS.jpg 1024w\" sizes=\"(max-width: 639px) calc(100vw - 32px), (max-width: 1076px) calc(100vw - 44px), 850px\" width=\"1024\" height=\"576\" alt loading=\"eager\" class=\"a-img \">\n<\/picture><figcaption class=\"a-figcaption\"> Imagen de portada: \u00a9 France 24 <\/figcaption><\/figure>\n<\/p><\/div>\n<\/div>\n<h2><strong>Los mensajes que pusieron a Moraes bajo sospecha<\/strong><\/h2>\n<p>El origen de la crisis est\u00e1 en el celular de <strong>Daniel Vorcaro<\/strong>, antiguo propietario del Banco Master, detenido en el marco de una investigaci\u00f3n por un enorme fraude financiero. La entidad quebr\u00f3 con una deuda superior a los<strong> 7.000 millones de d\u00f3lares<\/strong> con cientos de inversores.<\/p>\n<p>Las investigaciones revelaron una extensa red de contactos de Vorcaro con dirigentes pol\u00edticos, funcionarios y miembros del Poder Judicial. Entre ellos hay un n\u00famero telef\u00f3nico atribuido a Moraes.<\/p>\n<p>Un informe de la Polic\u00eda Federal dado a conocer esta semana contiene mensajes enviados por el banquero a ese n\u00famero poco antes de su detenci\u00f3n. En uno de ellos, en presunta referencia a la posibilidad de abandonar Brasil ante el avance de la investigaci\u00f3n, Vorcaro preguntaba:<\/p>\n<blockquote class=\"quote\" readability=\"5\">\n<p>\u00ab\u00bfCrees que el lunes ya tengo que estar afuera?\u00bb<\/p>\n<\/blockquote>\n<p>D\u00edas antes hab\u00eda escrito:<\/p>\n<blockquote class=\"quote\" readability=\"5\">\n<p>\u00abSiempre juntos. Sabes que te tengo todo el agradecimiento de mi vida\u00bb.<\/p>\n<\/blockquote>\n<p>Las respuestas del interlocutor no aparecen en el informe policial divulgado hasta ahora. Tampoco se ha determinado p\u00fablicamente si Moraes advirti\u00f3 al banquero sobre su inminente detenci\u00f3n, una de las sospechas que deber\u00e1n esclarecerse.<\/p>\n<div class=\"m-em-image\">\n<figure class=\"m-item-image m-item-image--original m-item-image--has-caption\"> <picture class=\"a-picture a-picture--original\"><source type=\"image\/webp\" srcset=\"https:\/\/s.france24.com\/media\/display\/19d65e70-6b7e-11f1-83ba-005056bfb2b6\/w:246\/2026-06-18T154649Z-2044371153-RC24ZHAXO5J2-RTRMADP-3-BRAZIL-BANCO-MASTER.webp 246w, https:\/\/s.france24.com\/media\/display\/19d65e70-6b7e-11f1-83ba-005056bfb2b6\/w:388\/2026-06-18T154649Z-2044371153-RC24ZHAXO5J2-RTRMADP-3-BRAZIL-BANCO-MASTER.webp 388w, https:\/\/s.france24.com\/media\/display\/19d65e70-6b7e-11f1-83ba-005056bfb2b6\/w:720\/2026-06-18T154649Z-2044371153-RC24ZHAXO5J2-RTRMADP-3-BRAZIL-BANCO-MASTER.webp 720w, https:\/\/s.france24.com\/media\/display\/19d65e70-6b7e-11f1-83ba-005056bfb2b6\/w:980\/2026-06-18T154649Z-2044371153-RC24ZHAXO5J2-RTRMADP-3-BRAZIL-BANCO-MASTER.webp 980w\" sizes=\"(max-width: 1023px) calc(100vw - 32px), (min-width: 1024px) 850px\"><img fetchpriority=\"low\" decoding=\"async\" src=\"https:\/\/s.france24.com\/media\/display\/19d65e70-6b7e-11f1-83ba-005056bfb2b6\/w:980\/2026-06-18T154649Z-2044371153-RC24ZHAXO5J2-RTRMADP-3-BRAZIL-BANCO-MASTER.jpg\" srcset=\"https:\/\/s.france24.com\/media\/display\/19d65e70-6b7e-11f1-83ba-005056bfb2b6\/w:246\/2026-06-18T154649Z-2044371153-RC24ZHAXO5J2-RTRMADP-3-BRAZIL-BANCO-MASTER.jpg 246w, https:\/\/s.france24.com\/media\/display\/19d65e70-6b7e-11f1-83ba-005056bfb2b6\/w:388\/2026-06-18T154649Z-2044371153-RC24ZHAXO5J2-RTRMADP-3-BRAZIL-BANCO-MASTER.jpg 388w, https:\/\/s.france24.com\/media\/display\/19d65e70-6b7e-11f1-83ba-005056bfb2b6\/w:720\/2026-06-18T154649Z-2044371153-RC24ZHAXO5J2-RTRMADP-3-BRAZIL-BANCO-MASTER.jpg 720w, https:\/\/s.france24.com\/media\/display\/19d65e70-6b7e-11f1-83ba-005056bfb2b6\/w:980\/2026-06-18T154649Z-2044371153-RC24ZHAXO5J2-RTRMADP-3-BRAZIL-BANCO-MASTER.jpg 980w\" sizes=\"(max-width: 1023px) calc(100vw - 32px), (min-width: 1024px) 850px\" alt=\"Un guardia de seguridad frente a la sede del Banco Master, tras la detenci\u00f3n de su accionista controlante, el empresario Daniel Vorcaro, en S\u00e3o Paulo, Brasil. 18 de noviembre de 2025.\" loading=\"lazy\" class=\"a-img \">\n<\/picture><figcaption class=\"a-figcaption\"> Un guardia de seguridad frente a la sede del Banco Master, tras la detenci\u00f3n de su accionista controlante, el empresario Daniel Vorcaro, en S\u00e3o Paulo, Brasil. 18 de noviembre de 2025. REUTERS &#8211; Amanda Perobelli <\/figcaption><\/figure>\n<\/p><\/div>\n<p>La investigaci\u00f3n tambi\u00e9n descubri\u00f3 un <strong>contrato millonario<\/strong> entre el Banco Master y el estudio jur\u00eddico de Viviane Barci de Moraes, esposa del juez. Seg\u00fan las pesquisas citadas por la agencia EFE, Moraes intervino adem\u00e1s en la revisi\u00f3n de ese acuerdo de prestaci\u00f3n de servicios.<\/p>\n<p>Las revelaciones se hicieron p\u00fablicas despu\u00e9s de que Andr\u00e9 Mendon\u00e7a, otro de los integrantes del Supremo y juez instructor del caso, levantara el secreto judicial y pidiera que la situaci\u00f3n fuera analizada por el pleno del tribunal.<\/p>\n<p class=\"a-read-more\"><span class=\"a-read-more__label\">Leer tambi\u00e9n<\/span><a href=\"https:\/\/www.france24.com\/es\/am\u00e9rica-latina\/20260903-el-incre\u00edble-ascenso-de-augusto-cury-el-psiquiatra-que-promete-curar-la-pol\u00edtica-de-brasil\" target=\"_self\" class=\"a-read-more__link\">El incre\u00edble ascenso de&nbsp;Augusto Cury, el&nbsp;psiquiatra&nbsp;que&nbsp;promete&nbsp;curar&nbsp;la&nbsp;pol\u00edtica&nbsp;de Brasil<\/a><\/p>\n<h2><strong>Juez contra juez<\/strong><\/h2>\n<p>La respuesta de Moraes abri\u00f3 una crisis in\u00e9dita dentro de la corte.<\/p>\n<p>El jueves por la noche, el magistrado solicit\u00f3 que el propio Mendon\u00e7a sea investigado por presuntos delitos, entre ellos <strong>abuso de autoridad e improbidad administrativa<\/strong>, y lo acus\u00f3 de actuar para favorecer a determinados grupos pol\u00edticos.<\/p>\n<p>Mendon\u00e7a lleg\u00f3 al Supremo en 2021 por decisi\u00f3n de Jair Bolsonaro. Moraes, por su parte, fue designado en 2017 por el entonces presidente <a href=\"https:\/\/www.france24.com\/es\/tag\/michel-temer\/\" target=\"_self\">Michel Temer<\/a>. Aunque sus adversarios pol\u00edticos suelen presentarlo como un aliado de Lula, no forma parte del Gobierno.<\/p>\n<p>Para fundamentar su pedido contra Mendon\u00e7a, Moraes se apoy\u00f3 en un documento de inteligencia de la Polic\u00eda Federal que, seg\u00fan inform\u00f3 el diario \u2018Folha de S\u00e3o Paulo\u2019, la propia instituci\u00f3n dijo que carec\u00eda de<strong> \u00abvalor probatorio\u00bb<\/strong>.<\/p>\n<div class=\"m-em-video\">\n<div class=\"o-video-player o-video-player--16x9\" data-media-video-wbmz417800-f24-es-20260904 data-show-hidden-video-player=\"WBMZ417800-F24-ES-20260904\" data-wrapper-video-player data-youtube-script>\n<div class=\"o-em-consent \" readability=\"7\">\n<div class=\"o-em-consent__content\" readability=\"34\">\n<p class=\"o-em-consent__content__text\">Para mostrar este contenido de YouTube, debe autorizar las cookies de medici\u00f3n de audiencia y publicidad.<\/p>\n<p> <button class=\"a-master-button a-master-button--dark\" data-action=\"accept\"> Aceptar <svg class=\"a-svg a-svg--icon-check\"> <use xlink:href=\"\/build\/images\/svg\/sprite.68b43361c11f23b39049016b32e6ae31.svg#icon-check\" href=\"\/build\/images\/svg\/sprite.68b43361c11f23b39049016b32e6ae31.svg#icon-check\" \/> <\/svg> <\/button> <button class=\"a-link\" data-action=\"manage\">Gestionar mis opciones <svg class=\"a-svg a-svg--icon-edit\"> <use xlink:href=\"\/build\/images\/svg\/sprite.68b43361c11f23b39049016b32e6ae31.svg#icon-edit\" href=\"\/build\/images\/svg\/sprite.68b43361c11f23b39049016b32e6ae31.svg#icon-edit\" \/> <\/svg><br \/>\n<\/button> <\/div>\n<\/div>\n<div class=\"o-em-adblock\" data-adblock-content readability=\"7\">\n<div class=\"o-em-adblock__content\" readability=\"34\">\n<p class=\"o-em-adblock__content__text\">Una extensi\u00f3n de tu navegador parece estar bloqueando la carga del reproductor de video. Para poder ver este contenido, debes desactivarla en este sitio.<\/p>\n<p> <button class=\"a-master-button a-master-button--dark\" data-action=\"reload\">Reintentar<\/button> <\/div>\n<\/div>\n<figure class=\"m-item-image m-item-image--16x9 m-item-image--has-caption\"> <picture class=\"a-picture a-picture--16x9\"><source type=\"image\/webp\" srcset=\"https:\/\/s.france24.com\/media\/display\/2a4fcdfc-a672-11f1-af1b-005056bf30b7\/w:388\/p:16x9\/ES-20260901-200619-201125-CS.webp 388w, https:\/\/s.france24.com\/media\/display\/2a4fcdfc-a672-11f1-af1b-005056bf30b7\/w:720\/p:16x9\/ES-20260901-200619-201125-CS.webp 720w, https:\/\/s.france24.com\/media\/display\/2a4fcdfc-a672-11f1-af1b-005056bf30b7\/w:1024\/p:16x9\/ES-20260901-200619-201125-CS.webp 1024w\" sizes=\"(max-width: 639px) calc(100vw - 32px), (max-width: 1076px) calc(100vw - 44px), 850px\"><img fetchpriority=\"high\" decoding=\"auto\" src=\"https:\/\/s.france24.com\/media\/display\/2a4fcdfc-a672-11f1-af1b-005056bf30b7\/w:1024\/p:16x9\/ES-20260901-200619-201125-CS.jpg\" srcset=\"https:\/\/s.france24.com\/media\/display\/2a4fcdfc-a672-11f1-af1b-005056bf30b7\/w:388\/p:16x9\/ES-20260901-200619-201125-CS.jpg 388w, https:\/\/s.france24.com\/media\/display\/2a4fcdfc-a672-11f1-af1b-005056bf30b7\/w:720\/p:16x9\/ES-20260901-200619-201125-CS.jpg 720w, https:\/\/s.france24.com\/media\/display\/2a4fcdfc-a672-11f1-af1b-005056bf30b7\/w:1024\/p:16x9\/ES-20260901-200619-201125-CS.jpg 1024w\" sizes=\"(max-width: 639px) calc(100vw - 32px), (max-width: 1076px) calc(100vw - 44px), 850px\" width=\"1024\" height=\"576\" alt loading=\"eager\" class=\"a-img \">\n<\/picture><figcaption class=\"a-figcaption\"> Imagen de portada: \u00a9 France 24 <\/figcaption><\/figure>\n<\/p><\/div>\n<\/div>\n<p>La disputa oblig\u00f3 a intervenir a Fachin, quien abri\u00f3 un expediente separado para analizar posibles irregularidades en las investigaciones de la Polic\u00eda Federal y dio cinco d\u00edas a los involucrados para presentar sus explicaciones.<\/p>\n<p>\u00abNinguna autoridad est\u00e1 por encima de la Constituci\u00f3n. Ning\u00fan poder est\u00e1 por encima de la ley\u00bb, afirm\u00f3 este viernes el presidente del Supremo, quien prometi\u00f3 una respuesta \u00abfirme, proporcional y rigurosa\u00bb.<\/p>\n<p>\u00abEste puede ser el <strong>momento m\u00e1s dram\u00e1tico en la historia del Supremo Tribunal Federal de Brasil<\/strong>\u00ab, describi\u00f3 a Reuters Felipe Recondo, periodista e investigador que sigue al tribunal desde hace d\u00e9cadas.<\/p>\n<p class=\"a-read-more\"><span class=\"a-read-more__label\">Leer tambi\u00e9n<\/span><a href=\"https:\/\/www.france24.com\/es\/am\u00e9rica-latina\/20260901-fernando-cerimedo-el-pol\u00e9mico-asesor-que-teji\u00f3-v\u00ednculos-en-la-sombra-con-la-derecha-latinoamericana\" target=\"_self\" class=\"a-read-more__link\">Fernando Cerimedo, el pol\u00e9mico asesor que teji\u00f3 v\u00ednculos en la sombra con la derecha latinoamericana<\/a><\/p>\n<h2><strong>La credibilidad del Supremo, en juego<\/strong><\/h2>\n<p>La crisis llega despu\u00e9s de a\u00f1os en los que el Supremo ampli\u00f3 en gran medida su protagonismo en la vida pol\u00edtica brasile\u00f1a.<\/p>\n<p>El tribunal intervino en asuntos que van desde la pol\u00edtica ambiental hasta la despenalizaci\u00f3n de la tenencia de <a href=\"https:\/\/www.france24.com\/es\/tag\/marihuana\/\" target=\"_self\">marihuana<\/a> para consumo personal, pero fueron sus decisiones alrededor de Bolsonaro y sus aliados las que terminaron coloc\u00e1ndolo en el centro de la polarizaci\u00f3n pol\u00edtica.<\/p>\n<p>Moraes fue una figura muy importante en ese proceso. Su actuaci\u00f3n contra Bolsonaro y dirigentes de la derecha radical incluso provoc\u00f3 el a\u00f1o pasado sanciones temporales de la Administraci\u00f3n del presidente estadounidense, <a href=\"https:\/\/www.france24.com\/es\/tag\/donald-trump\/\" target=\"_self\">Donald Trump<\/a>, que acus\u00f3 al magistrado de impulsar procesos con motivaciones pol\u00edticas.<\/p>\n<div class=\"m-em-image\">\n<figure class=\"m-item-image m-item-image--original m-item-image--has-caption\"> <picture class=\"a-picture a-picture--original\"><source type=\"image\/webp\" srcset=\"https:\/\/s.france24.com\/media\/display\/18fc59da-a312-11f0-9b28-005056bf30b7\/w:246\/AP25272819280221.webp 246w, https:\/\/s.france24.com\/media\/display\/18fc59da-a312-11f0-9b28-005056bf30b7\/w:388\/AP25272819280221.webp 388w, https:\/\/s.france24.com\/media\/display\/18fc59da-a312-11f0-9b28-005056bf30b7\/w:720\/AP25272819280221.webp 720w, https:\/\/s.france24.com\/media\/display\/18fc59da-a312-11f0-9b28-005056bf30b7\/w:980\/AP25272819280221.webp 980w\" sizes=\"(max-width: 1023px) calc(100vw - 32px), (min-width: 1024px) 850px\"><img fetchpriority=\"low\" decoding=\"async\" src=\"https:\/\/s.france24.com\/media\/display\/18fc59da-a312-11f0-9b28-005056bf30b7\/w:980\/AP25272819280221.jpg\" srcset=\"https:\/\/s.france24.com\/media\/display\/18fc59da-a312-11f0-9b28-005056bf30b7\/w:246\/AP25272819280221.jpg 246w, https:\/\/s.france24.com\/media\/display\/18fc59da-a312-11f0-9b28-005056bf30b7\/w:388\/AP25272819280221.jpg 388w, https:\/\/s.france24.com\/media\/display\/18fc59da-a312-11f0-9b28-005056bf30b7\/w:720\/AP25272819280221.jpg 720w, https:\/\/s.france24.com\/media\/display\/18fc59da-a312-11f0-9b28-005056bf30b7\/w:980\/AP25272819280221.jpg 980w\" sizes=\"(max-width: 1023px) calc(100vw - 32px), (min-width: 1024px) 850px\" alt=\"Luiz In\u00e1cio Lula Da Silva abraza al magistrado Alexandre De Moraes en la ceremonia en la que \u00e9ste fue electo vicepresidente del Supremo Tribunal Federal de Brasil. Brasilia, 29 de septiembre de 2025.\" loading=\"lazy\" class=\"a-img \">\n<\/picture><figcaption class=\"a-figcaption\"> Luiz In\u00e1cio Lula Da Silva abraza al magistrado Alexandre De Moraes en la ceremonia en la que \u00e9ste fue electo vicepresidente del Supremo Tribunal Federal de Brasil. Brasilia, 29 de septiembre de 2025. AP &#8211; Eraldo Peres <\/figcaption><\/figure>\n<\/p><\/div>\n<p>Ese nuevo protagonismo estuvo acompa\u00f1ado por un <strong>deterioro de la confianza de una parte de la sociedad<\/strong> en el tribunal.<\/p>\n<p>Fachin, quien asumi\u00f3 este a\u00f1o la presidencia de la corte, ha impulsado la creaci\u00f3n de reglas m\u00e1s claras sobre la conducta de los magistrados y pidi\u00f3 este viernes la creaci\u00f3n de un c\u00f3digo de \u00e9tica para el Supremo, una iniciativa que encuentra resistencias entre algunos de sus integrantes.<\/p>\n<p>El caso Moraes ubica ahora al tribunal ante un dilema. Investigar a uno de sus miembros podr\u00eda debilitar a\u00fan m\u00e1s su imagen, pero negarse a hacerlo alimentar\u00eda las acusaciones de que la corte protege a sus propios jueces.<\/p>\n<p><strong>\u00abPara el tribunal, cualquier decisi\u00f3n que tome es mala\u00bb<\/strong>, resumi\u00f3 Recondo.<\/p>\n<p>Lula tambi\u00e9n apunt\u00f3 este viernes contra las filtraciones interesadas de expedientes judiciales y advirti\u00f3 que Brasil no puede \u00aboficializar la industria de las &#8216;<a href=\"https:\/\/www.france24.com\/es\/tag\/fake-news\/\" target=\"_self\">fake news<\/a>&#8216;\u00bb ni \u00abla industria de las filtraciones selectivas\u00bb por razones pol\u00edticas o econ\u00f3micas.<\/p>\n<blockquote class=\"quote\" readability=\"7\">\n<p>\u00abSi no ponemos fin a esto, perderemos la credibilidad que queremos que la sociedad tenga en la Justicia\u00bb.<\/p>\n<\/blockquote>\n<h2><strong>Una crisis que irrumpe en las elecciones<\/strong><\/h2>\n<p>El esc\u00e1ndalo estall\u00f3 adem\u00e1s cuando falta apenas un mes para las elecciones presidenciales del 4 de octubre.<\/p>\n<p>Lula llega a los comicios con una <strong>ventaja que se ha reducido frente al senador <a href=\"https:\/\/www.france24.com\/es\/tag\/fl\u00e1vio-bolsonaro\/\" target=\"_self\">Fl\u00e1vio Bolsonaro<\/a><\/strong>, hijo del expresidente y principal candidato de la derecha.<\/p>\n<p>Una encuesta de &#8216;Datafolha&#8217; difundida el jueves mostr\u00f3 un escenario de empate t\u00e9cnico en una eventual segunda vuelta, con <strong>46% para Lula y 44% para Fl\u00e1vio Bolsonaro<\/strong>.<\/p>\n<div class=\"m-em-video\">\n<div class=\"o-video-player o-video-player--16x9\" data-media-video-wbmz417802-f24-es-20260904 data-show-hidden-video-player=\"WBMZ417802-F24-ES-20260904\" data-wrapper-video-player data-youtube-script>\n<div class=\"o-em-consent \" readability=\"7\">\n<div class=\"o-em-consent__content\" readability=\"34\">\n<p class=\"o-em-consent__content__text\">Para mostrar este contenido de YouTube, debe autorizar las cookies de medici\u00f3n de audiencia y publicidad.<\/p>\n<p> <button class=\"a-master-button a-master-button--dark\" data-action=\"accept\"> Aceptar <svg class=\"a-svg a-svg--icon-check\"> <use xlink:href=\"\/build\/images\/svg\/sprite.68b43361c11f23b39049016b32e6ae31.svg#icon-check\" href=\"\/build\/images\/svg\/sprite.68b43361c11f23b39049016b32e6ae31.svg#icon-check\" \/> <\/svg> <\/button> <button class=\"a-link\" data-action=\"manage\">Gestionar mis opciones <svg class=\"a-svg a-svg--icon-edit\"> <use xlink:href=\"\/build\/images\/svg\/sprite.68b43361c11f23b39049016b32e6ae31.svg#icon-edit\" href=\"\/build\/images\/svg\/sprite.68b43361c11f23b39049016b32e6ae31.svg#icon-edit\" \/> <\/svg><br \/>\n<\/button> <\/div>\n<\/div>\n<div class=\"o-em-adblock\" data-adblock-content readability=\"7\">\n<div class=\"o-em-adblock__content\" readability=\"34\">\n<p class=\"o-em-adblock__content__text\">Una extensi\u00f3n de tu navegador parece estar bloqueando la carga del reproductor de video. Para poder ver este contenido, debes desactivarla en este sitio.<\/p>\n<p> <button class=\"a-master-button a-master-button--dark\" data-action=\"reload\">Reintentar<\/button> <\/div>\n<\/div>\n<figure class=\"m-item-image m-item-image--16x9 m-item-image--has-caption\"> <picture class=\"a-picture a-picture--16x9\"><source type=\"image\/webp\" srcset=\"https:\/\/s.france24.com\/media\/display\/21984d70-a739-11f1-a2cb-005056bf30b7\/w:388\/p:16x9\/ES-20260902-200502-200702-CS.webp 388w, https:\/\/s.france24.com\/media\/display\/21984d70-a739-11f1-a2cb-005056bf30b7\/w:720\/p:16x9\/ES-20260902-200502-200702-CS.webp 720w, https:\/\/s.france24.com\/media\/display\/21984d70-a739-11f1-a2cb-005056bf30b7\/w:1024\/p:16x9\/ES-20260902-200502-200702-CS.webp 1024w\" sizes=\"(max-width: 639px) calc(100vw - 32px), (max-width: 1076px) calc(100vw - 44px), 850px\"><img fetchpriority=\"high\" decoding=\"auto\" src=\"https:\/\/s.france24.com\/media\/display\/21984d70-a739-11f1-a2cb-005056bf30b7\/w:1024\/p:16x9\/ES-20260902-200502-200702-CS.jpg\" srcset=\"https:\/\/s.france24.com\/media\/display\/21984d70-a739-11f1-a2cb-005056bf30b7\/w:388\/p:16x9\/ES-20260902-200502-200702-CS.jpg 388w, https:\/\/s.france24.com\/media\/display\/21984d70-a739-11f1-a2cb-005056bf30b7\/w:720\/p:16x9\/ES-20260902-200502-200702-CS.jpg 720w, https:\/\/s.france24.com\/media\/display\/21984d70-a739-11f1-a2cb-005056bf30b7\/w:1024\/p:16x9\/ES-20260902-200502-200702-CS.jpg 1024w\" sizes=\"(max-width: 639px) calc(100vw - 32px), (max-width: 1076px) calc(100vw - 44px), 850px\" width=\"1024\" height=\"576\" alt loading=\"eager\" class=\"a-img \">\n<\/picture><figcaption class=\"a-figcaption\"> Imagen de portada: \u00a9 France 24 <\/figcaption><\/figure>\n<\/p><\/div>\n<\/div>\n<p>El bolsonarismo pretende convertir las revelaciones sobre Moraes en uno de los ejes del final de la campa\u00f1a. Fl\u00e1vio Bolsonaro convoc\u00f3 a sus seguidores a movilizarse el 7 de septiembre, <a href=\"https:\/\/www.france24.com\/es\/tag\/d\u00eda-de-la-independencia\/\" target=\"_self\">D\u00eda de la Independencia<\/a>, una fecha que su padre utiliz\u00f3 durante su Presidencia para realizar demostraciones de fuerza en las calles.<\/p>\n<p>Desde la oposici\u00f3n tambi\u00e9n reclamaron un <strong>juicio pol\u00edtico contra Moraes<\/strong>.&nbsp;<\/p>\n<p>\u00abLa sociedad necesita reaccionar pac\u00edfica y democr\u00e1ticamente. Es hora de decir basta\u00bb, afirm\u00f3 el l\u00edder opositor en el Senado, Rog\u00e9rio Marinho, quien acus\u00f3 al juez de ejercer un \u00abpoder sin control\u00bb.<\/p>\n<p>Pero el caso Vorcaro <strong>tambi\u00e9n salpica a&nbsp;Fl\u00e1vio Bolsonaro<\/strong>. El l\u00edder de derecha reconoci\u00f3 que se reuni\u00f3 con el banquero para buscar financiaci\u00f3n para una pel\u00edcula biogr\u00e1fica sobre su padre, y la Polic\u00eda investiga movimientos millonarios vinculados a esas gestiones.<\/p>\n<div class=\"m-em-image\">\n<figure class=\"m-item-image m-item-image--original m-item-image--has-caption\"> <picture class=\"a-picture a-picture--original\"><source type=\"image\/webp\" srcset=\"https:\/\/s.france24.com\/media\/display\/e1fb0c9c-8885-11f1-8334-005056a97e36\/w:246\/243d074f235c5bafd9dc3ad37d6f4493d430e16c.webp 246w, https:\/\/s.france24.com\/media\/display\/e1fb0c9c-8885-11f1-8334-005056a97e36\/w:388\/243d074f235c5bafd9dc3ad37d6f4493d430e16c.webp 388w, https:\/\/s.france24.com\/media\/display\/e1fb0c9c-8885-11f1-8334-005056a97e36\/w:720\/243d074f235c5bafd9dc3ad37d6f4493d430e16c.webp 720w, https:\/\/s.france24.com\/media\/display\/e1fb0c9c-8885-11f1-8334-005056a97e36\/w:980\/243d074f235c5bafd9dc3ad37d6f4493d430e16c.webp 980w\" sizes=\"(max-width: 1023px) calc(100vw - 32px), (min-width: 1024px) 850px\"><img fetchpriority=\"low\" decoding=\"async\" src=\"https:\/\/s.france24.com\/media\/display\/e1fb0c9c-8885-11f1-8334-005056a97e36\/w:980\/243d074f235c5bafd9dc3ad37d6f4493d430e16c.jpg\" srcset=\"https:\/\/s.france24.com\/media\/display\/e1fb0c9c-8885-11f1-8334-005056a97e36\/w:246\/243d074f235c5bafd9dc3ad37d6f4493d430e16c.jpg 246w, https:\/\/s.france24.com\/media\/display\/e1fb0c9c-8885-11f1-8334-005056a97e36\/w:388\/243d074f235c5bafd9dc3ad37d6f4493d430e16c.jpg 388w, https:\/\/s.france24.com\/media\/display\/e1fb0c9c-8885-11f1-8334-005056a97e36\/w:720\/243d074f235c5bafd9dc3ad37d6f4493d430e16c.jpg 720w, https:\/\/s.france24.com\/media\/display\/e1fb0c9c-8885-11f1-8334-005056a97e36\/w:980\/243d074f235c5bafd9dc3ad37d6f4493d430e16c.jpg 980w\" sizes=\"(max-width: 1023px) calc(100vw - 32px), (min-width: 1024px) 850px\" alt=\"El senador de Brasil Fl\u00e1vio Bolsonaro (2-d) reacciona en la convenci\u00f3n nacional del Partido Liberal de Brasil (PL) este s\u00e1bado, en S\u00e3o Paulo (Brasil). Bolsonaro lanz\u00f3 su candidatura a la Presidencia de Brasil con un discurso en el que reivindic\u00f3 el legado pol\u00edtico de su padre, el exmandatario Jair Bolsonaro, preso por intento de golpe de Estado.\" loading=\"lazy\" class=\"a-img \">\n<\/picture><figcaption class=\"a-figcaption\"> El senador de Brasil Fl\u00e1vio Bolsonaro (2-d) reacciona en la convenci\u00f3n nacional del Partido Liberal de Brasil (PL) este s\u00e1bado, en S\u00e3o Paulo (Brasil). Bolsonaro lanz\u00f3 su candidatura a la Presidencia de Brasil con un discurso en el que reivindic\u00f3 el legado pol\u00edtico de su padre, el exmandatario Jair Bolsonaro, preso por intento de golpe de Estado. EFE &#8211; Isaac Fontana <\/figcaption><\/figure>\n<\/p><\/div>\n<p>Mientras la campa\u00f1a intenta capitalizar el esc\u00e1ndalo, el Supremo enfrenta una decisi\u00f3n que hasta hace poco parec\u00eda imposible: determinar si existen elementos suficientes para investigar formalmente a uno de sus propios jueces.<\/p>\n<p>\u00abEstamos en un momento de gran incertidumbre\u00bb, resumi\u00f3 a Reuters Leonardo Barreto, de la consultora pol\u00edtica Think Policy.<\/p>\n<p>En medio de la disputa que ya excedi\u00f3 los l\u00edmites del tribunal, Lula lanz\u00f3 una advertencia sobre lo que considera que est\u00e1 verdaderamente en juego:<\/p>\n<blockquote class=\"quote\" readability=\"5\">\n<p>\u00abLa ley vale para todos\u00bb.<\/p>\n<\/blockquote>\n<p>Con EFE, Reuters, AFP y medios locales<\/p>\n","protected":false},"excerpt":{"rendered":"<p>El Supremo Tribunal Federal (STF) de Brasil&#46;&#46;&#46;<\/p>\n","protected":false},"author":1,"featured_media":413611,"comment_status":"closed","ping_status":"closed","sticky":false,"template":"","format":"standard","meta":{"_jetpack_newsletter_access":"","_jetpack_dont_email_post_to_subs":false,"_jetpack_newsletter_tier_id":0,"_jetpack_memberships_contains_paywalled_content":false,"_jetpack_feature_clip_id":0,"_jetpack_memberships_contains_paid_content":false,"footnotes":"","jetpack_publicize_message":"","jetpack_publicize_feature_enabled":true,"jetpack_social_post_already_shared":true,"jetpack_social_options":{"image_generator_settings":{"template":"highway","default_image_id":0,"font":"","enabled":false},"version":2},"jetpack_post_was_ever_published":false},"categories":[43],"tags":[],"class_list":["post-413610","post","type-post","status-publish","format-standard","has-post-thumbnail","hentry","category-internacionales"],"yoast_head":"<!-- This site is optimized with the Yoast SEO plugin v28.1 - https:\/\/yoast.com\/product\/yoast-seo-wordpress\/ -->\n<title>Guerra abierta en el Supremo de Brasil: la crisis judicial estalla a un mes de las elecciones - Sarmiento24h<\/title>\n<meta name=\"robots\" content=\"index, follow, max-snippet:-1, max-image-preview:large, max-video-preview:-1\" \/>\n<link rel=\"canonical\" href=\"https:\/\/sarmiento24h.com\/?p=413610\" \/>\n<meta property=\"og:locale\" content=\"es_ES\" \/>\n<meta property=\"og:type\" content=\"article\" \/>\n<meta property=\"og:title\" content=\"Guerra abierta en el Supremo de Brasil: la crisis judicial estalla a un mes de las elecciones - Sarmiento24h\" \/>\n<meta property=\"og:description\" content=\"El Supremo Tribunal Federal (STF) de Brasil&#046;&#046;&#046;\" \/>\n<meta property=\"og:url\" content=\"https:\/\/sarmiento24h.com\/?p=413610\" \/>\n<meta property=\"og:site_name\" content=\"Sarmiento24h\" \/>\n<meta property=\"article:publisher\" content=\"https:\/\/facebook.com\/s24hnoticias\" \/>\n<meta property=\"article:published_time\" content=\"2026-09-04T21:48:32+00:00\" \/>\n<meta property=\"og:image\" content=\"https:\/\/s.france24.com\/media\/display\/0289cb14-a84e-11f1-92d8-005056a97e36\/w:980\/ff655fd41b1eb2c460f4f86df4318ee95ef05ed6.jpg\" \/>\n<meta name=\"author\" content=\"sarmiento24h@gmail.com\" \/>\n<meta name=\"twitter:card\" content=\"summary_large_image\" \/>\n<meta name=\"twitter:creator\" content=\"@sarmiento24h\" \/>\n<meta name=\"twitter:site\" content=\"@sarmiento24h\" \/>\n<meta name=\"twitter:label1\" content=\"Escrito por\" \/>\n\t<meta name=\"twitter:data1\" content=\"sarmiento24h@gmail.com\" \/>\n\t<meta name=\"twitter:label2\" content=\"Tiempo de lectura\" \/>\n\t<meta name=\"twitter:data2\" content=\"9 minutos\" \/>\n<script type=\"application\/ld+json\" class=\"yoast-schema-graph\">{\"@context\":\"https:\\\/\\\/schema.org\",\"@graph\":[{\"@type\":\"Article\",\"@id\":\"https:\\\/\\\/sarmiento24h.com\\\/?p=413610#article\",\"isPartOf\":{\"@id\":\"https:\\\/\\\/sarmiento24h.com\\\/?p=413610\"},\"author\":{\"name\":\"sarmiento24h@gmail.com\",\"@id\":\"https:\\\/\\\/sarmiento24h.com\\\/#\\\/schema\\\/person\\\/d653a59725ad629a7e0429af7b939d4d\"},\"headline\":\"Guerra abierta en el Supremo de Brasil: la crisis judicial estalla a un mes de las elecciones\",\"datePublished\":\"2026-09-04T21:48:32+00:00\",\"mainEntityOfPage\":{\"@id\":\"https:\\\/\\\/sarmiento24h.com\\\/?p=413610\"},\"wordCount\":1847,\"publisher\":{\"@id\":\"https:\\\/\\\/sarmiento24h.com\\\/#organization\"},\"image\":{\"@id\":\"https:\\\/\\\/sarmiento24h.com\\\/?p=413610#primaryimage\"},\"thumbnailUrl\":\"https:\\\/\\\/sarmiento24h.com\\\/wp-content\\\/uploads\\\/2026\\\/09\\\/guerra-abierta-en-el-supremo-de-brasil-la-crisis-judicial-estalla-a-un-mes-de-las-elecciones.jpg\",\"articleSection\":[\"Internacionales\"],\"inLanguage\":\"es\"},{\"@type\":\"WebPage\",\"@id\":\"https:\\\/\\\/sarmiento24h.com\\\/?p=413610\",\"url\":\"https:\\\/\\\/sarmiento24h.com\\\/?p=413610\",\"name\":\"Guerra abierta en el Supremo de Brasil: la crisis judicial estalla a un mes de las elecciones - Sarmiento24h\",\"isPartOf\":{\"@id\":\"https:\\\/\\\/sarmiento24h.com\\\/#website\"},\"primaryImageOfPage\":{\"@id\":\"https:\\\/\\\/sarmiento24h.com\\\/?p=413610#primaryimage\"},\"image\":{\"@id\":\"https:\\\/\\\/sarmiento24h.com\\\/?p=413610#primaryimage\"},\"thumbnailUrl\":\"https:\\\/\\\/sarmiento24h.com\\\/wp-content\\\/uploads\\\/2026\\\/09\\\/guerra-abierta-en-el-supremo-de-brasil-la-crisis-judicial-estalla-a-un-mes-de-las-elecciones.jpg\",\"datePublished\":\"2026-09-04T21:48:32+00:00\",\"breadcrumb\":{\"@id\":\"https:\\\/\\\/sarmiento24h.com\\\/?p=413610#breadcrumb\"},\"inLanguage\":\"es\",\"potentialAction\":[{\"@type\":\"ReadAction\",\"target\":[\"https:\\\/\\\/sarmiento24h.com\\\/?p=413610\"]}]},{\"@type\":\"ImageObject\",\"inLanguage\":\"es\",\"@id\":\"https:\\\/\\\/sarmiento24h.com\\\/?p=413610#primaryimage\",\"url\":\"https:\\\/\\\/sarmiento24h.com\\\/wp-content\\\/uploads\\\/2026\\\/09\\\/guerra-abierta-en-el-supremo-de-brasil-la-crisis-judicial-estalla-a-un-mes-de-las-elecciones.jpg\",\"contentUrl\":\"https:\\\/\\\/sarmiento24h.com\\\/wp-content\\\/uploads\\\/2026\\\/09\\\/guerra-abierta-en-el-supremo-de-brasil-la-crisis-judicial-estalla-a-un-mes-de-las-elecciones.jpg\",\"width\":980,\"height\":653},{\"@type\":\"BreadcrumbList\",\"@id\":\"https:\\\/\\\/sarmiento24h.com\\\/?p=413610#breadcrumb\",\"itemListElement\":[{\"@type\":\"ListItem\",\"position\":1,\"name\":\"Home\",\"item\":\"https:\\\/\\\/sarmiento24h.com\\\/\"},{\"@type\":\"ListItem\",\"position\":2,\"name\":\"Guerra abierta en el Supremo de Brasil: la crisis judicial estalla a un mes de las elecciones\"}]},{\"@type\":\"WebSite\",\"@id\":\"https:\\\/\\\/sarmiento24h.com\\\/#website\",\"url\":\"https:\\\/\\\/sarmiento24h.com\\\/\",\"name\":\"Sarmiento24h\",\"description\":\"\",\"publisher\":{\"@id\":\"https:\\\/\\\/sarmiento24h.com\\\/#organization\"},\"potentialAction\":[{\"@type\":\"SearchAction\",\"target\":{\"@type\":\"EntryPoint\",\"urlTemplate\":\"https:\\\/\\\/sarmiento24h.com\\\/?s={search_term_string}\"},\"query-input\":{\"@type\":\"PropertyValueSpecification\",\"valueRequired\":true,\"valueName\":\"search_term_string\"}}],\"inLanguage\":\"es\"},{\"@type\":\"Organization\",\"@id\":\"https:\\\/\\\/sarmiento24h.com\\\/#organization\",\"name\":\"Sarmiento24h\",\"url\":\"https:\\\/\\\/sarmiento24h.com\\\/\",\"logo\":{\"@type\":\"ImageObject\",\"inLanguage\":\"es\",\"@id\":\"https:\\\/\\\/sarmiento24h.com\\\/#\\\/schema\\\/logo\\\/image\\\/\",\"url\":\"https:\\\/\\\/sarmiento24h.com\\\/wp-content\\\/uploads\\\/2025\\\/12\\\/AddText_12-16-10.30.52.jpg\",\"contentUrl\":\"https:\\\/\\\/sarmiento24h.com\\\/wp-content\\\/uploads\\\/2025\\\/12\\\/AddText_12-16-10.30.52.jpg\",\"width\":1220,\"height\":324,\"caption\":\"Sarmiento24h\"},\"image\":{\"@id\":\"https:\\\/\\\/sarmiento24h.com\\\/#\\\/schema\\\/logo\\\/image\\\/\"},\"sameAs\":[\"https:\\\/\\\/facebook.com\\\/s24hnoticias\",\"https:\\\/\\\/x.com\\\/sarmiento24h\"]},{\"@type\":\"Person\",\"@id\":\"https:\\\/\\\/sarmiento24h.com\\\/#\\\/schema\\\/person\\\/d653a59725ad629a7e0429af7b939d4d\",\"name\":\"sarmiento24h@gmail.com\",\"image\":{\"@type\":\"ImageObject\",\"inLanguage\":\"es\",\"@id\":\"https:\\\/\\\/sarmiento24h.com\\\/wp-content\\\/litespeed\\\/avatar\\\/d02cbc4e23c747e6659cd45907173c8f.jpg?ver=1788047690\",\"url\":\"https:\\\/\\\/sarmiento24h.com\\\/wp-content\\\/litespeed\\\/avatar\\\/d02cbc4e23c747e6659cd45907173c8f.jpg?ver=1788047690\",\"contentUrl\":\"https:\\\/\\\/sarmiento24h.com\\\/wp-content\\\/litespeed\\\/avatar\\\/d02cbc4e23c747e6659cd45907173c8f.jpg?ver=1788047690\",\"caption\":\"sarmiento24h@gmail.com\"},\"sameAs\":[\"https:\\\/\\\/sarmiento24h.com\"],\"url\":\"https:\\\/\\\/sarmiento24h.com\\\/?author=1\"}]}<\/script>\n<!-- \/ Yoast SEO plugin. -->","yoast_head_json":{"title":"Guerra abierta en el Supremo de Brasil: la crisis judicial estalla a un mes de las elecciones - Sarmiento24h","robots":{"index":"index","follow":"follow","max-snippet":"max-snippet:-1","max-image-preview":"max-image-preview:large","max-video-preview":"max-video-preview:-1"},"canonical":"https:\/\/sarmiento24h.com\/?p=413610","og_locale":"es_ES","og_type":"article","og_title":"Guerra abierta en el Supremo de Brasil: la crisis judicial estalla a un mes de las elecciones - Sarmiento24h","og_description":"El Supremo Tribunal Federal (STF) de Brasil&#46;&#46;&#46;","og_url":"https:\/\/sarmiento24h.com\/?p=413610","og_site_name":"Sarmiento24h","article_publisher":"https:\/\/facebook.com\/s24hnoticias","article_published_time":"2026-09-04T21:48:32+00:00","og_image":[{"url":"https:\/\/s.france24.com\/media\/display\/0289cb14-a84e-11f1-92d8-005056a97e36\/w:980\/ff655fd41b1eb2c460f4f86df4318ee95ef05ed6.jpg","type":"","width":"","height":""}],"author":"sarmiento24h@gmail.com","twitter_card":"summary_large_image","twitter_creator":"@sarmiento24h","twitter_site":"@sarmiento24h","twitter_misc":{"Escrito por":"sarmiento24h@gmail.com","Tiempo de lectura":"9 minutos"},"schema":{"@context":"https:\/\/schema.org","@graph":[{"@type":"Article","@id":"https:\/\/sarmiento24h.com\/?p=413610#article","isPartOf":{"@id":"https:\/\/sarmiento24h.com\/?p=413610"},"author":{"name":"sarmiento24h@gmail.com","@id":"https:\/\/sarmiento24h.com\/#\/schema\/person\/d653a59725ad629a7e0429af7b939d4d"},"headline":"Guerra abierta en el Supremo de Brasil: la crisis judicial estalla a un mes de las elecciones","datePublished":"2026-09-04T21:48:32+00:00","mainEntityOfPage":{"@id":"https:\/\/sarmiento24h.com\/?p=413610"},"wordCount":1847,"publisher":{"@id":"https:\/\/sarmiento24h.com\/#organization"},"image":{"@id":"https:\/\/sarmiento24h.com\/?p=413610#primaryimage"},"thumbnailUrl":"https:\/\/sarmiento24h.com\/wp-content\/uploads\/2026\/09\/guerra-abierta-en-el-supremo-de-brasil-la-crisis-judicial-estalla-a-un-mes-de-las-elecciones.jpg","articleSection":["Internacionales"],"inLanguage":"es"},{"@type":"WebPage","@id":"https:\/\/sarmiento24h.com\/?p=413610","url":"https:\/\/sarmiento24h.com\/?p=413610","name":"Guerra abierta en el Supremo de Brasil: la crisis judicial estalla a un mes de las elecciones - Sarmiento24h","isPartOf":{"@id":"https:\/\/sarmiento24h.com\/#website"},"primaryImageOfPage":{"@id":"https:\/\/sarmiento24h.com\/?p=413610#primaryimage"},"image":{"@id":"https:\/\/sarmiento24h.com\/?p=413610#primaryimage"},"thumbnailUrl":"https:\/\/sarmiento24h.com\/wp-content\/uploads\/2026\/09\/guerra-abierta-en-el-supremo-de-brasil-la-crisis-judicial-estalla-a-un-mes-de-las-elecciones.jpg","datePublished":"2026-09-04T21:48:32+00:00","breadcrumb":{"@id":"https:\/\/sarmiento24h.com\/?p=413610#breadcrumb"},"inLanguage":"es","potentialAction":[{"@type":"ReadAction","target":["https:\/\/sarmiento24h.com\/?p=413610"]}]},{"@type":"ImageObject","inLanguage":"es","@id":"https:\/\/sarmiento24h.com\/?p=413610#primaryimage","url":"https:\/\/sarmiento24h.com\/wp-content\/uploads\/2026\/09\/guerra-abierta-en-el-supremo-de-brasil-la-crisis-judicial-estalla-a-un-mes-de-las-elecciones.jpg","contentUrl":"https:\/\/sarmiento24h.com\/wp-content\/uploads\/2026\/09\/guerra-abierta-en-el-supremo-de-brasil-la-crisis-judicial-estalla-a-un-mes-de-las-elecciones.jpg","width":980,"height":653},{"@type":"BreadcrumbList","@id":"https:\/\/sarmiento24h.com\/?p=413610#breadcrumb","itemListElement":[{"@type":"ListItem","position":1,"name":"Home","item":"https:\/\/sarmiento24h.com\/"},{"@type":"ListItem","position":2,"name":"Guerra abierta en el Supremo de Brasil: la crisis judicial estalla a un mes de las elecciones"}]},{"@type":"WebSite","@id":"https:\/\/sarmiento24h.com\/#website","url":"https:\/\/sarmiento24h.com\/","name":"Sarmiento24h","description":"","publisher":{"@id":"https:\/\/sarmiento24h.com\/#organization"},"potentialAction":[{"@type":"SearchAction","target":{"@type":"EntryPoint","urlTemplate":"https:\/\/sarmiento24h.com\/?s={search_term_string}"},"query-input":{"@type":"PropertyValueSpecification","valueRequired":true,"valueName":"search_term_string"}}],"inLanguage":"es"},{"@type":"Organization","@id":"https:\/\/sarmiento24h.com\/#organization","name":"Sarmiento24h","url":"https:\/\/sarmiento24h.com\/","logo":{"@type":"ImageObject","inLanguage":"es","@id":"https:\/\/sarmiento24h.com\/#\/schema\/logo\/image\/","url":"https:\/\/sarmiento24h.com\/wp-content\/uploads\/2025\/12\/AddText_12-16-10.30.52.jpg","contentUrl":"https:\/\/sarmiento24h.com\/wp-content\/uploads\/2025\/12\/AddText_12-16-10.30.52.jpg","width":1220,"height":324,"caption":"Sarmiento24h"},"image":{"@id":"https:\/\/sarmiento24h.com\/#\/schema\/logo\/image\/"},"sameAs":["https:\/\/facebook.com\/s24hnoticias","https:\/\/x.com\/sarmiento24h"]},{"@type":"Person","@id":"https:\/\/sarmiento24h.com\/#\/schema\/person\/d653a59725ad629a7e0429af7b939d4d","name":"sarmiento24h@gmail.com","image":{"@type":"ImageObject","inLanguage":"es","@id":"https:\/\/sarmiento24h.com\/wp-content\/litespeed\/avatar\/d02cbc4e23c747e6659cd45907173c8f.jpg?ver=1788047690","url":"https:\/\/sarmiento24h.com\/wp-content\/litespeed\/avatar\/d02cbc4e23c747e6659cd45907173c8f.jpg?ver=1788047690","contentUrl":"https:\/\/sarmiento24h.com\/wp-content\/litespeed\/avatar\/d02cbc4e23c747e6659cd45907173c8f.jpg?ver=1788047690","caption":"sarmiento24h@gmail.com"},"sameAs":["https:\/\/sarmiento24h.com"],"url":"https:\/\/sarmiento24h.com\/?author=1"}]}},"jetpack_publicize_connections":[],"jetpack_featured_media_url":"https:\/\/sarmiento24h.com\/wp-content\/uploads\/2026\/09\/guerra-abierta-en-el-supremo-de-brasil-la-crisis-judicial-estalla-a-un-mes-de-las-elecciones.jpg","jetpack_sharing_enabled":true,"_links":{"self":[{"href":"https:\/\/sarmiento24h.com\/index.php?rest_route=\/wp\/v2\/posts\/413610","targetHints":{"allow":["GET"]}}],"collection":[{"href":"https:\/\/sarmiento24h.com\/index.php?rest_route=\/wp\/v2\/posts"}],"about":[{"href":"https:\/\/sarmiento24h.com\/index.php?rest_route=\/wp\/v2\/types\/post"}],"author":[{"embeddable":true,"href":"https:\/\/sarmiento24h.com\/index.php?rest_route=\/wp\/v2\/users\/1"}],"replies":[{"embeddable":true,"href":"https:\/\/sarmiento24h.com\/index.php?rest_route=%2Fwp%2Fv2%2Fcomments&post=413610"}],"version-history":[{"count":0,"href":"https:\/\/sarmiento24h.com\/index.php?rest_route=\/wp\/v2\/posts\/413610\/revisions"}],"wp:featuredmedia":[{"embeddable":true,"href":"https:\/\/sarmiento24h.com\/index.php?rest_route=\/wp\/v2\/media\/413611"}],"wp:attachment":[{"href":"https:\/\/sarmiento24h.com\/index.php?rest_route=%2Fwp%2Fv2%2Fmedia&parent=413610"}],"wp:term":[{"taxonomy":"category","embeddable":true,"href":"https:\/\/sarmiento24h.com\/index.php?rest_route=%2Fwp%2Fv2%2Fcategories&post=413610"},{"taxonomy":"post_tag","embeddable":true,"href":"https:\/\/sarmiento24h.com\/index.php?rest_route=%2Fwp%2Fv2%2Ftags&post=413610"}],"curies":[{"name":"wp","href":"https:\/\/api.w.org\/{rel}","templated":true}]}}