{"id":413771,"date":"2026-09-05T00:07:31","date_gmt":"2026-09-05T00:07:31","guid":{"rendered":"http:\/\/b86bff3a-a8b5-11f1-b11f-d3e5ec9784b4"},"modified":"2026-09-05T00:07:31","modified_gmt":"2026-09-05T00:07:31","slug":"la-onu-denuncia-posibles-crimenes-de-lesa-humanidad-de-israel-en-campos-de-refugiados-de-cisjordania","status":"publish","type":"post","link":"https:\/\/sarmiento24h.com\/?p=413771","title":{"rendered":"La ONU denuncia posibles cr\u00edmenes de lesa humanidad de Israel en campos de refugiados de Cisjordania"},"content":{"rendered":"<p>Casi veinte meses despu\u00e9s de que <a href=\"https:\/\/www.france24.com\/es\/tag\/israel\/\" target=\"_self\" class=\"gtm-add-suggested-tag\">Israel<\/a> lanzara su invasi\u00f3n de tres campos de refugiados palestinos en el norte de <a href=\"https:\/\/www.france24.com\/es\/tag\/cisjordania\/\" target=\"_self\" class=\"gtm-add-suggested-tag\">Cisjordania<\/a> ocupada, m\u00e1s de 33.000 palestinos no han podido regresar a sus hogares en <a href=\"https:\/\/www.france24.com\/es\/tag\/jenin\/\" target=\"_self\" class=\"gtm-add-suggested-tag\">Jenin<\/a>, Tulkarem y Nur Shams, \u00e1reas devastadas por el <a href=\"https:\/\/www.france24.com\/es\/tag\/ej\u00e9rcito-israel\u00ed\/\" target=\"_self\" class=\"gtm-add-suggested-tag\">Ej\u00e9rcito israel\u00ed<\/a>.<\/p>\n<p>As\u00ed lo recoge <a href=\"https:\/\/www.ohchr.org\/en\/press-releases\/2026\/09\/israeli-forces-expelled-palestinian-refugees-three-west-bank-camps-violation\" target=\"_blank\">un informe de la Oficina de Derechos Humanos de la ONU (ACNUDH)<\/a>, que advirti\u00f3 que las acciones de Israel en esas zonas podr\u00edan constituir cr\u00edmenes de lesa humanidad por desplazamiento forzado y posible \u00ablimpieza \u00e9tnica\u00bb.<\/p>\n<p>El documento, publicado este 4 de septiembre, se enfoca en el proceder de las fuerzas israel\u00edes en los dos primeros meses de lo que Israel bautiz\u00f3 como operaci\u00f3n &#8216;Muro de Hierro&#8217;, lanzada el 21 de enero de 2025, apenas 48 horas despu\u00e9s del inicio de un fr\u00e1gil alto el fuego en <a href=\"https:\/\/www.france24.com\/es\/tag\/gaza\/\" target=\"_self\" class=\"gtm-add-suggested-tag\">Gaza<\/a>, que posteriormente colaps\u00f3.<\/p>\n<p>Seg\u00fan reconstruy\u00f3 la investigaci\u00f3n, el Ej\u00e9rcito, la Polic\u00eda y otras fuerzas israel\u00edes entraron en los campamentos y mataron a civiles, destruyeron cientos de viviendas, da\u00f1aron carreteras y otras infraestructuras, cortaron el agua y la electricidad e impidieron el acceso humanitario a la zona.<\/p>\n<div class=\"m-em-image\">\n<figure class=\"m-item-image m-item-image--original m-item-image--has-caption\"> <picture class=\"a-picture a-picture--original\"><source type=\"image\/webp\" srcset=\"https:\/\/s.france24.com\/media\/display\/75f65e48-e197-11ef-86bd-005056bf30b7\/w:246\/000_36WY4WT.webp 246w, https:\/\/s.france24.com\/media\/display\/75f65e48-e197-11ef-86bd-005056bf30b7\/w:388\/000_36WY4WT.webp 388w, https:\/\/s.france24.com\/media\/display\/75f65e48-e197-11ef-86bd-005056bf30b7\/w:720\/000_36WY4WT.webp 720w, https:\/\/s.france24.com\/media\/display\/75f65e48-e197-11ef-86bd-005056bf30b7\/w:980\/000_36WY4WT.webp 980w\" sizes=\"(max-width: 1023px) calc(100vw - 32px), (min-width: 1024px) 850px\"><img fetchpriority=\"low\" decoding=\"async\" src=\"https:\/\/s.france24.com\/media\/display\/75f65e48-e197-11ef-86bd-005056bf30b7\/w:980\/000_36WY4WT.jpg\" srcset=\"https:\/\/s.france24.com\/media\/display\/75f65e48-e197-11ef-86bd-005056bf30b7\/w:246\/000_36WY4WT.jpg 246w, https:\/\/s.france24.com\/media\/display\/75f65e48-e197-11ef-86bd-005056bf30b7\/w:388\/000_36WY4WT.jpg 388w, https:\/\/s.france24.com\/media\/display\/75f65e48-e197-11ef-86bd-005056bf30b7\/w:720\/000_36WY4WT.jpg 720w, https:\/\/s.france24.com\/media\/display\/75f65e48-e197-11ef-86bd-005056bf30b7\/w:980\/000_36WY4WT.jpg 980w\" sizes=\"(max-width: 1023px) calc(100vw - 32px), (min-width: 1024px) 850px\" alt=\"Smoke billows from the site of several explosions during an Israeli raid on the Jenin camp for Palestinian refugees on February 2, 2025.\" loading=\"lazy\" class=\"a-img \">\n<\/picture><figcaption class=\"a-figcaption\"> El humo se eleva desde el lugar donde se produjeron varias explosiones durante una incursi\u00f3n israel\u00ed en el campamento de refugiados palestinos de Jenin, el 2 de febrero de 2025. \u00a9 Mohammad Mansour \/ AFP <\/figcaption><\/figure>\n<\/p><\/div>\n<p>Posteriormente, fueron casa por casa \u00abobligando a los residentes a marcharse\u00bb, mientras, de acuerdo al testimonio de los desplazados, declaraban que no habr\u00eda m\u00e1s campos de refugiados y que \u00abtodos deber\u00edan irse a <a href=\"https:\/\/www.france24.com\/es\/tag\/jordania\/\" target=\"_self\" class=\"gtm-add-suggested-tag\">Jordania<\/a>\u00ab.<\/p>\n<p>A los pocos d\u00edas, a\u00f1ade el reporte, las tropas israel\u00edes \u00abconsolidaron su control sobre los campos de refugiados de Jenin, Nur Shams y Tulkarem y desplazaron por la fuerza a toda su poblaci\u00f3n\u00bb.<\/p>\n<p>Para ACNUDH, se trat\u00f3 de un \u00abdesplazamiento a gran escala, prolongado y sistem\u00e1tico\u00bb, el m\u00e1s grande en Cisjordania ocupada desde 1967, lo que \u00absuscita serias preocupaciones\u00bb de que se trate del \u00abcrimen de lesa humanidad de traslado forzoso\u00bb.<\/p>\n<p>El texto recuerda que, hasta julio de este a\u00f1o y seg\u00fan cifras de Naciones Unidas, hay 33.362 palestinos desplazados de los tres campamentos a los que no se les ha permitido regresar.<\/p>\n<p class=\"a-read-more\"><span class=\"a-read-more__label\">Leer tambi\u00e9n<\/span><a href=\"https:\/\/www.france24.com\/es\/medio-oriente\/20250321-todos-est\u00e1n-sufriendo-dos-meses-de-una-invasi\u00f3n-israel\u00ed-en-jenin-que-evoca-a-gaza\" target=\"_self\" class=\"a-read-more__link\">\u00abTodos est\u00e1n sufriendo\u00bb: dos meses de una invasi\u00f3n israel\u00ed en Jenin que evoca a Gaza<\/a><\/p>\n<h2><strong>Castigo colectivo y posible limpieza \u00e9tnica<\/strong><\/h2>\n<p>Muchos de los exiliados, no obstante, tampoco tendr\u00edan ad\u00f3nde volver por el grado de devastaci\u00f3n causado por Israel en los tres campos, que forman parte de los 19 existentes en Cisjordania, establecidos despu\u00e9s de la expulsi\u00f3n entre 1947 y 1949 de m\u00e1s de 700.000 palestinos de sus hogares, que se encontraban en territorios de lo que hoy es Israel, una etapa hist\u00f3rica que se conoce como <a href=\"https:\/\/www.france24.com\/es\/tag\/nakba\/\" target=\"_self\" class=\"gtm-add-suggested-tag\">Nakba<\/a> (&#8216;cat\u00e1strofe&#8217;, en \u00e1rabe).<\/p>\n<p>Con ese trauma a cuestas, para muchos refugiados y sus descendientes, las im\u00e1genes se repiten en la actualidad, sin posibilidades de retornar por la invasi\u00f3n israel\u00ed. Si lo hicieran, se encontrar\u00edan con aproximadamente el 52% de las estructuras destruidas o da\u00f1adas en Jenin, el 48% en Nur Shams y el 36% en Tulkarem, seg\u00fan relev\u00f3 de la ONU en octubre de 2025.<\/p>\n<p>La ACNUDH recalc\u00f3 que \u00abel uso de ataques a\u00e9reos, excavadoras blindadas y detonaciones controladas para volver inhabitables campamentos enteros, forzar el desplazamiento de sus residentes e impedir su regreso no est\u00e1 permitido por el derecho internacional\u00bb.<\/p>\n<p>Estas acciones israel\u00edes, asever\u00f3 el reporte, \u00abparecen constituir un castigo colectivo y suscitan preocupaci\u00f3n por una posible limpieza \u00e9tnica\u00bb.<\/p>\n<div class=\"m-em-video\">\n<div class=\"o-video-player o-video-player--16x9\" data-media-video-wbmz417814-f24-es-20260905 data-show-hidden-video-player=\"WBMZ417814-F24-ES-20260905\" data-wrapper-video-player data-youtube-script>\n<div class=\"o-em-consent \" readability=\"7\">\n<div class=\"o-em-consent__content\" readability=\"34\">\n<p class=\"o-em-consent__content__text\">Para mostrar este contenido de YouTube, debe autorizar las cookies de medici\u00f3n de audiencia y publicidad.<\/p>\n<p> <button class=\"a-master-button a-master-button--dark\" data-action=\"accept\"> Aceptar <svg class=\"a-svg a-svg--icon-check\"> <use xlink:href=\"\/build\/images\/svg\/sprite.68b43361c11f23b39049016b32e6ae31.svg#icon-check\" href=\"\/build\/images\/svg\/sprite.68b43361c11f23b39049016b32e6ae31.svg#icon-check\" \/> <\/svg> <\/button> <button class=\"a-link\" data-action=\"manage\">Gestionar mis opciones <svg class=\"a-svg a-svg--icon-edit\"> <use xlink:href=\"\/build\/images\/svg\/sprite.68b43361c11f23b39049016b32e6ae31.svg#icon-edit\" href=\"\/build\/images\/svg\/sprite.68b43361c11f23b39049016b32e6ae31.svg#icon-edit\" \/> <\/svg><br \/>\n<\/button> <\/div>\n<\/div>\n<div class=\"o-em-adblock\" data-adblock-content readability=\"7\">\n<div class=\"o-em-adblock__content\" readability=\"34\">\n<p class=\"o-em-adblock__content__text\">Una extensi\u00f3n de tu navegador parece estar bloqueando la carga del reproductor de video. Para poder ver este contenido, debes desactivarla en este sitio.<\/p>\n<p> <button class=\"a-master-button a-master-button--dark\" data-action=\"reload\">Reintentar<\/button> <\/div>\n<\/div>\n<figure class=\"m-item-image m-item-image--16x9 m-item-image--has-caption\"> <picture class=\"a-picture a-picture--16x9\"><source type=\"image\/webp\" srcset=\"https:\/\/s.france24.com\/media\/display\/1dff7bbc-f6e4-11f0-acc9-005056bf30b7\/w:388\/p:16x9\/ES-20260121-071003-071155-CS.webp 388w, https:\/\/s.france24.com\/media\/display\/1dff7bbc-f6e4-11f0-acc9-005056bf30b7\/w:720\/p:16x9\/ES-20260121-071003-071155-CS.webp 720w, https:\/\/s.france24.com\/media\/display\/1dff7bbc-f6e4-11f0-acc9-005056bf30b7\/w:1024\/p:16x9\/ES-20260121-071003-071155-CS.webp 1024w\" sizes=\"(max-width: 639px) calc(100vw - 32px), (max-width: 1076px) calc(100vw - 44px), 850px\"><img fetchpriority=\"high\" decoding=\"auto\" src=\"https:\/\/s.france24.com\/media\/display\/1dff7bbc-f6e4-11f0-acc9-005056bf30b7\/w:1024\/p:16x9\/ES-20260121-071003-071155-CS.jpg\" srcset=\"https:\/\/s.france24.com\/media\/display\/1dff7bbc-f6e4-11f0-acc9-005056bf30b7\/w:388\/p:16x9\/ES-20260121-071003-071155-CS.jpg 388w, https:\/\/s.france24.com\/media\/display\/1dff7bbc-f6e4-11f0-acc9-005056bf30b7\/w:720\/p:16x9\/ES-20260121-071003-071155-CS.jpg 720w, https:\/\/s.france24.com\/media\/display\/1dff7bbc-f6e4-11f0-acc9-005056bf30b7\/w:1024\/p:16x9\/ES-20260121-071003-071155-CS.jpg 1024w\" sizes=\"(max-width: 639px) calc(100vw - 32px), (max-width: 1076px) calc(100vw - 44px), 850px\" width=\"1024\" height=\"576\" alt loading=\"eager\" class=\"a-img \">\n<\/picture><figcaption class=\"a-figcaption\"> Imagen de portada: \u00a9 France 24 <\/figcaption><\/figure>\n<\/p><\/div>\n<\/div>\n<p>Asimismo, en el per\u00edodo analizado, la investigaci\u00f3n de la ACNUDH contabiliz\u00f3 102 palestinos asesinados, entre ellos 21 ni\u00f1os.<\/p>\n<p>Algunos de los casos documentados incluyen el de Sondos Shalabi, embarazada de ocho meses, que muri\u00f3 por los disparos de soldados israel\u00edes cuando intentaba alejarse en coche de Nur Shams; Saddam Hussein Rajab, de diez a\u00f1os, baleado en Tulkarem mientras esperaba a su padre; y una ni\u00f1a de dos a\u00f1os que recibi\u00f3 un tiro de fuerzas israel\u00edes a trav\u00e9s de la ventana de su casa en Jenin, mientras cenaba con su madre y su t\u00eda.<\/p>\n<p>En este contexto, el Alto Comisionado de la ONU para los Derechos Humanos, <a href=\"https:\/\/www.france24.com\/es\/tag\/volker-t\u00fcrk\/\" target=\"_self\" class=\"gtm-add-suggested-tag\">Volker T\u00fcrk<\/a>, advirti\u00f3 que el &#8216;modus operandi&#8217; de Israel \u00absugiere que su&nbsp;objetivo es expulsar al mayor n\u00famero posible de palestinos y allanar el camino para m\u00e1s asentamientos israel\u00edes ilegales, en una nueva violaci\u00f3n del derecho internacional\u00bb.<\/p>\n<p>Adem\u00e1s, citando \u00abla conclusi\u00f3n expl\u00edcita de la <a href=\"https:\/\/www.france24.com\/es\/tag\/corte-internacional-de-justicia\/\" target=\"_self\" class=\"gtm-add-suggested-tag\">Corte Internacional de Justicia<\/a>, hace ya m\u00e1s de dos a\u00f1os\u00bb, record\u00f3 que Israel \u00abdebe poner fin a su presencia ilegal en el territorio palestino ocupado lo antes posible\u00bb.<\/p>\n<p class=\"a-read-more\"><span class=\"a-read-more__label\">Leer tambi\u00e9n<\/span><a href=\"https:\/\/www.france24.com\/es\/video\/20260217-qu\u00e9-implican-las-medidas-de-expansi\u00f3n-israel\u00ed-en-cisjordania-y-c\u00f3mo-afectan-a-los-palestinos\" target=\"_self\" class=\"a-read-more__link\">\u00bfQu\u00e9 implican las medidas de expansi\u00f3n israel\u00ed en Cisjordania y c\u00f3mo afectan a los palestinos?<\/a><\/p>\n<p>La respuesta israel\u00ed lleg\u00f3 desde su misi\u00f3n diplom\u00e1tica en Ginebra, que se\u00f1al\u00f3 a la ACNUDH por supuestamente dejar de lado \u00abla imparcialidad, la independencia y la neutralidad para convertirse en el epicentro de un vil activismo\u00bb.<\/p>\n<p>Tambi\u00e9n acus\u00f3 al informe de \u00abdifundir informaci\u00f3n err\u00f3nea\u00bb y de \u00abomitir la amenaza de ataques terroristas\u00bb, la justificaci\u00f3n utilizada por las autoridades israel\u00edes para invadir los tres campos.<\/p>\n<h2><strong>Expulsi\u00f3n y anexi\u00f3n de facto, la agenda del gobierno israel\u00ed<\/strong><\/h2>\n<p>Desde el momento en que inici\u00f3 su invasi\u00f3n de los tres campamentos de refugiados, el ministro de Defensa, <a href=\"https:\/\/www.france24.com\/es\/tag\/israel-katz\/\" target=\"_self\" class=\"gtm-add-suggested-tag\">Israel Katz<\/a>, dijo haber indicado a las tropas que se prepararan para una ocupaci\u00f3n prolongada de esas \u00e1reas desalojadas y para impedir el regreso de los residentes.<\/p>\n<p>Adem\u00e1s, la destrucci\u00f3n de infraestructuras y viviendas pretende, seg\u00fan analistas, cambiar la fisonom\u00eda de los campos con el objetivo de facilitar la entrada y salida de los tanques israel\u00edes para incursiones futuras.<\/p>\n<p>En \u00faltima instancia, representa un intento de borrar la noci\u00f3n de refugiados, todo un rasgo identitario entre los palestinos de los campos, atacando tambi\u00e9n a la <a href=\"https:\/\/www.france24.com\/es\/tag\/unrwa\/\" target=\"_self\" class=\"gtm-add-suggested-tag\">UNRWA<\/a>, la agencia de la ONU encargada de la administraci\u00f3n de los campamentos que con el paso de los a\u00f1os se hab\u00edan convertido en zonas urbanizadas y habitadas por miles de refugiados y sus descendientes.<\/p>\n<p>De forma m\u00e1s amplia, estas acciones van en l\u00ednea con una agenda expansionista impulsada por el Gobierno de <a href=\"https:\/\/www.france24.com\/es\/tag\/benjamin-netanyahu\/\" target=\"_self\" class=\"gtm-add-suggested-tag\">Benjamin Netanyahu<\/a>, que ha fomentado la violencia de soldados y colonos, el desalojo y demolici\u00f3n de viviendas, la confiscaci\u00f3n de tierras palestinas y la ampliaci\u00f3n o creaci\u00f3n de asentamientos, afianzando una anexi\u00f3n de facto del territorio ocupado y volviendo cada vez m\u00e1s imposible la implementaci\u00f3n de un Estado palestino.<\/p>\n<div id=\"em-WBMZ417816-F24-ES-20260905\" class=\"m-em-flash\" data-xtwitter-script>\n<div class=\"o-em-consent \" readability=\"7\">\n<div class=\"o-em-consent__content\" readability=\"34\">\n<p class=\"o-em-consent__content__text\">Para mostrar este contenido de X (Twitter), debe autorizar las cookies de medici\u00f3n de audiencia y publicidad.<\/p>\n<p> <button class=\"a-master-button a-master-button--dark\" data-action=\"accept\"> Aceptar <svg class=\"a-svg a-svg--icon-check\"> <use xlink:href=\"\/build\/images\/svg\/sprite.68b43361c11f23b39049016b32e6ae31.svg#icon-check\" href=\"\/build\/images\/svg\/sprite.68b43361c11f23b39049016b32e6ae31.svg#icon-check\" \/> <\/svg> <\/button> <button class=\"a-link\" data-action=\"manage\">Gestionar mis opciones <svg class=\"a-svg a-svg--icon-edit\"> <use xlink:href=\"\/build\/images\/svg\/sprite.68b43361c11f23b39049016b32e6ae31.svg#icon-edit\" href=\"\/build\/images\/svg\/sprite.68b43361c11f23b39049016b32e6ae31.svg#icon-edit\" \/> <\/svg><br \/>\n<\/button> <\/div>\n<\/div>\n<\/div>\n<p>El jueves, <a href=\"https:\/\/www.france24.com\/es\/tag\/amnist\u00eda-internacional\/\" target=\"_self\" class=\"gtm-add-suggested-tag\">Amnist\u00eda Internacional<\/a> denunci\u00f3 la intensificaci\u00f3n de esas medidas israel\u00edes hacia la anexi\u00f3n de toda Cisjordania, despu\u00e9s de que en julio, el Ejecutivo ultranacionalista de Benjamin Netanyahu dictara la incautaci\u00f3n de unas 20 hect\u00e1reas de tierras palestinas en la gobernaci\u00f3n de Jenin, dentro del \u00c1rea A que, seg\u00fan los Acuerdos de Oslo, son te\u00f3ricamente competencia exclusiva de la Autoridad Palestina.<\/p>\n<p>Ese movimiento persigue, seg\u00fan Amnist\u00eda, la uni\u00f3n de las colonias israel\u00edes de Emek Dotan y Noa, que est\u00e1n entre los 34 nuevos emplazamientos aprobados por el Gobierno israel\u00ed a principios de este a\u00f1o.<\/p>\n<p>\u00abEstas \u00faltimas \u00f3rdenes de confiscaci\u00f3n en la Zona A demuestran c\u00f3mo Israel est\u00e1 expandiendo descaradamente su agenda de anexi\u00f3n a \u00e1reas que han estado bajo el control de las autoridades palestinas desde los Acuerdos de Oslo\u00bb, subray\u00f3 en el comunicado Heba Morayef, directora para <a href=\"https:\/\/www.france24.com\/es\/tag\/medio-oriente\/\" target=\"_self\" class=\"gtm-add-suggested-tag\">Medio Oriente<\/a> de Amnist\u00eda, quien reclam\u00f3 mayor presi\u00f3n de las autoridades de pa\u00edses con estrechas relaciones con Israel para que revoque estas medidas.<\/p>\n<p>Con EFE y AFP<\/p>\n","protected":false},"excerpt":{"rendered":"<p>Casi veinte meses despu\u00e9s de que Israel&#46;&#46;&#46;<\/p>\n","protected":false},"author":1,"featured_media":413772,"comment_status":"closed","ping_status":"closed","sticky":false,"template":"","format":"standard","meta":{"_jetpack_newsletter_access":"","_jetpack_dont_email_post_to_subs":false,"_jetpack_newsletter_tier_id":0,"_jetpack_memberships_contains_paywalled_content":false,"_jetpack_feature_clip_id":0,"_jetpack_memberships_contains_paid_content":false,"footnotes":"","jetpack_publicize_message":"","jetpack_publicize_feature_enabled":true,"jetpack_social_post_already_shared":true,"jetpack_social_options":{"image_generator_settings":{"template":"highway","default_image_id":0,"font":"","enabled":false},"version":2},"jetpack_post_was_ever_published":false},"categories":[43],"tags":[],"class_list":["post-413771","post","type-post","status-publish","format-standard","has-post-thumbnail","hentry","category-internacionales"],"yoast_head":"<!-- This site is optimized with the Yoast SEO plugin v28.1 - https:\/\/yoast.com\/product\/yoast-seo-wordpress\/ -->\n<title>La ONU denuncia posibles cr\u00edmenes de lesa humanidad de Israel en campos de refugiados de Cisjordania - Sarmiento24h<\/title>\n<meta name=\"robots\" content=\"index, follow, max-snippet:-1, max-image-preview:large, max-video-preview:-1\" \/>\n<link rel=\"canonical\" href=\"https:\/\/sarmiento24h.com\/?p=413771\" \/>\n<meta property=\"og:locale\" content=\"es_ES\" \/>\n<meta property=\"og:type\" content=\"article\" \/>\n<meta property=\"og:title\" content=\"La ONU denuncia posibles cr\u00edmenes de lesa humanidad de Israel en campos de refugiados de Cisjordania - Sarmiento24h\" \/>\n<meta property=\"og:description\" content=\"Casi veinte meses despu\u00e9s de que Israel&#046;&#046;&#046;\" \/>\n<meta property=\"og:url\" content=\"https:\/\/sarmiento24h.com\/?p=413771\" \/>\n<meta property=\"og:site_name\" content=\"Sarmiento24h\" \/>\n<meta property=\"article:publisher\" content=\"https:\/\/facebook.com\/s24hnoticias\" \/>\n<meta property=\"article:published_time\" content=\"2026-09-05T00:07:31+00:00\" \/>\n<meta property=\"og:image\" content=\"https:\/\/s.france24.com\/media\/display\/75f65e48-e197-11ef-86bd-005056bf30b7\/w:980\/000_36WY4WT.jpg\" \/>\n<meta name=\"author\" content=\"sarmiento24h@gmail.com\" \/>\n<meta name=\"twitter:card\" content=\"summary_large_image\" \/>\n<meta name=\"twitter:creator\" content=\"@sarmiento24h\" \/>\n<meta name=\"twitter:site\" content=\"@sarmiento24h\" \/>\n<meta name=\"twitter:label1\" content=\"Escrito por\" \/>\n\t<meta name=\"twitter:data1\" content=\"sarmiento24h@gmail.com\" \/>\n\t<meta name=\"twitter:label2\" content=\"Tiempo de lectura\" \/>\n\t<meta name=\"twitter:data2\" content=\"7 minutos\" \/>\n<script type=\"application\/ld+json\" class=\"yoast-schema-graph\">{\"@context\":\"https:\\\/\\\/schema.org\",\"@graph\":[{\"@type\":\"Article\",\"@id\":\"https:\\\/\\\/sarmiento24h.com\\\/?p=413771#article\",\"isPartOf\":{\"@id\":\"https:\\\/\\\/sarmiento24h.com\\\/?p=413771\"},\"author\":{\"name\":\"sarmiento24h@gmail.com\",\"@id\":\"https:\\\/\\\/sarmiento24h.com\\\/#\\\/schema\\\/person\\\/d653a59725ad629a7e0429af7b939d4d\"},\"headline\":\"La ONU denuncia posibles cr\u00edmenes de lesa humanidad de Israel en campos de refugiados de Cisjordania\",\"datePublished\":\"2026-09-05T00:07:31+00:00\",\"mainEntityOfPage\":{\"@id\":\"https:\\\/\\\/sarmiento24h.com\\\/?p=413771\"},\"wordCount\":1393,\"publisher\":{\"@id\":\"https:\\\/\\\/sarmiento24h.com\\\/#organization\"},\"image\":{\"@id\":\"https:\\\/\\\/sarmiento24h.com\\\/?p=413771#primaryimage\"},\"thumbnailUrl\":\"https:\\\/\\\/sarmiento24h.com\\\/wp-content\\\/uploads\\\/2026\\\/09\\\/la-onu-denuncia-posibles-crimenes-de-lesa-humanidad-de-israel-en-campos-de-refugiados-de-cisjordania.jpg\",\"articleSection\":[\"Internacionales\"],\"inLanguage\":\"es\"},{\"@type\":\"WebPage\",\"@id\":\"https:\\\/\\\/sarmiento24h.com\\\/?p=413771\",\"url\":\"https:\\\/\\\/sarmiento24h.com\\\/?p=413771\",\"name\":\"La ONU denuncia posibles cr\u00edmenes de lesa humanidad de Israel en campos de refugiados de Cisjordania - Sarmiento24h\",\"isPartOf\":{\"@id\":\"https:\\\/\\\/sarmiento24h.com\\\/#website\"},\"primaryImageOfPage\":{\"@id\":\"https:\\\/\\\/sarmiento24h.com\\\/?p=413771#primaryimage\"},\"image\":{\"@id\":\"https:\\\/\\\/sarmiento24h.com\\\/?p=413771#primaryimage\"},\"thumbnailUrl\":\"https:\\\/\\\/sarmiento24h.com\\\/wp-content\\\/uploads\\\/2026\\\/09\\\/la-onu-denuncia-posibles-crimenes-de-lesa-humanidad-de-israel-en-campos-de-refugiados-de-cisjordania.jpg\",\"datePublished\":\"2026-09-05T00:07:31+00:00\",\"breadcrumb\":{\"@id\":\"https:\\\/\\\/sarmiento24h.com\\\/?p=413771#breadcrumb\"},\"inLanguage\":\"es\",\"potentialAction\":[{\"@type\":\"ReadAction\",\"target\":[\"https:\\\/\\\/sarmiento24h.com\\\/?p=413771\"]}]},{\"@type\":\"ImageObject\",\"inLanguage\":\"es\",\"@id\":\"https:\\\/\\\/sarmiento24h.com\\\/?p=413771#primaryimage\",\"url\":\"https:\\\/\\\/sarmiento24h.com\\\/wp-content\\\/uploads\\\/2026\\\/09\\\/la-onu-denuncia-posibles-crimenes-de-lesa-humanidad-de-israel-en-campos-de-refugiados-de-cisjordania.jpg\",\"contentUrl\":\"https:\\\/\\\/sarmiento24h.com\\\/wp-content\\\/uploads\\\/2026\\\/09\\\/la-onu-denuncia-posibles-crimenes-de-lesa-humanidad-de-israel-en-campos-de-refugiados-de-cisjordania.jpg\",\"width\":980,\"height\":654},{\"@type\":\"BreadcrumbList\",\"@id\":\"https:\\\/\\\/sarmiento24h.com\\\/?p=413771#breadcrumb\",\"itemListElement\":[{\"@type\":\"ListItem\",\"position\":1,\"name\":\"Home\",\"item\":\"https:\\\/\\\/sarmiento24h.com\\\/\"},{\"@type\":\"ListItem\",\"position\":2,\"name\":\"La ONU denuncia posibles cr\u00edmenes de lesa humanidad de Israel en campos de refugiados de Cisjordania\"}]},{\"@type\":\"WebSite\",\"@id\":\"https:\\\/\\\/sarmiento24h.com\\\/#website\",\"url\":\"https:\\\/\\\/sarmiento24h.com\\\/\",\"name\":\"Sarmiento24h\",\"description\":\"\",\"publisher\":{\"@id\":\"https:\\\/\\\/sarmiento24h.com\\\/#organization\"},\"potentialAction\":[{\"@type\":\"SearchAction\",\"target\":{\"@type\":\"EntryPoint\",\"urlTemplate\":\"https:\\\/\\\/sarmiento24h.com\\\/?s={search_term_string}\"},\"query-input\":{\"@type\":\"PropertyValueSpecification\",\"valueRequired\":true,\"valueName\":\"search_term_string\"}}],\"inLanguage\":\"es\"},{\"@type\":\"Organization\",\"@id\":\"https:\\\/\\\/sarmiento24h.com\\\/#organization\",\"name\":\"Sarmiento24h\",\"url\":\"https:\\\/\\\/sarmiento24h.com\\\/\",\"logo\":{\"@type\":\"ImageObject\",\"inLanguage\":\"es\",\"@id\":\"https:\\\/\\\/sarmiento24h.com\\\/#\\\/schema\\\/logo\\\/image\\\/\",\"url\":\"https:\\\/\\\/sarmiento24h.com\\\/wp-content\\\/uploads\\\/2025\\\/12\\\/AddText_12-16-10.30.52.jpg\",\"contentUrl\":\"https:\\\/\\\/sarmiento24h.com\\\/wp-content\\\/uploads\\\/2025\\\/12\\\/AddText_12-16-10.30.52.jpg\",\"width\":1220,\"height\":324,\"caption\":\"Sarmiento24h\"},\"image\":{\"@id\":\"https:\\\/\\\/sarmiento24h.com\\\/#\\\/schema\\\/logo\\\/image\\\/\"},\"sameAs\":[\"https:\\\/\\\/facebook.com\\\/s24hnoticias\",\"https:\\\/\\\/x.com\\\/sarmiento24h\"]},{\"@type\":\"Person\",\"@id\":\"https:\\\/\\\/sarmiento24h.com\\\/#\\\/schema\\\/person\\\/d653a59725ad629a7e0429af7b939d4d\",\"name\":\"sarmiento24h@gmail.com\",\"image\":{\"@type\":\"ImageObject\",\"inLanguage\":\"es\",\"@id\":\"https:\\\/\\\/sarmiento24h.com\\\/wp-content\\\/litespeed\\\/avatar\\\/d02cbc4e23c747e6659cd45907173c8f.jpg?ver=1788047690\",\"url\":\"https:\\\/\\\/sarmiento24h.com\\\/wp-content\\\/litespeed\\\/avatar\\\/d02cbc4e23c747e6659cd45907173c8f.jpg?ver=1788047690\",\"contentUrl\":\"https:\\\/\\\/sarmiento24h.com\\\/wp-content\\\/litespeed\\\/avatar\\\/d02cbc4e23c747e6659cd45907173c8f.jpg?ver=1788047690\",\"caption\":\"sarmiento24h@gmail.com\"},\"sameAs\":[\"https:\\\/\\\/sarmiento24h.com\"],\"url\":\"https:\\\/\\\/sarmiento24h.com\\\/?author=1\"}]}<\/script>\n<!-- \/ Yoast SEO plugin. -->","yoast_head_json":{"title":"La ONU denuncia posibles cr\u00edmenes de lesa humanidad de Israel en campos de refugiados de Cisjordania - Sarmiento24h","robots":{"index":"index","follow":"follow","max-snippet":"max-snippet:-1","max-image-preview":"max-image-preview:large","max-video-preview":"max-video-preview:-1"},"canonical":"https:\/\/sarmiento24h.com\/?p=413771","og_locale":"es_ES","og_type":"article","og_title":"La ONU denuncia posibles cr\u00edmenes de lesa humanidad de Israel en campos de refugiados de Cisjordania - Sarmiento24h","og_description":"Casi veinte meses despu\u00e9s de que Israel&#46;&#46;&#46;","og_url":"https:\/\/sarmiento24h.com\/?p=413771","og_site_name":"Sarmiento24h","article_publisher":"https:\/\/facebook.com\/s24hnoticias","article_published_time":"2026-09-05T00:07:31+00:00","og_image":[{"url":"https:\/\/s.france24.com\/media\/display\/75f65e48-e197-11ef-86bd-005056bf30b7\/w:980\/000_36WY4WT.jpg","type":"","width":"","height":""}],"author":"sarmiento24h@gmail.com","twitter_card":"summary_large_image","twitter_creator":"@sarmiento24h","twitter_site":"@sarmiento24h","twitter_misc":{"Escrito por":"sarmiento24h@gmail.com","Tiempo de lectura":"7 minutos"},"schema":{"@context":"https:\/\/schema.org","@graph":[{"@type":"Article","@id":"https:\/\/sarmiento24h.com\/?p=413771#article","isPartOf":{"@id":"https:\/\/sarmiento24h.com\/?p=413771"},"author":{"name":"sarmiento24h@gmail.com","@id":"https:\/\/sarmiento24h.com\/#\/schema\/person\/d653a59725ad629a7e0429af7b939d4d"},"headline":"La ONU denuncia posibles cr\u00edmenes de lesa humanidad de Israel en campos de refugiados de Cisjordania","datePublished":"2026-09-05T00:07:31+00:00","mainEntityOfPage":{"@id":"https:\/\/sarmiento24h.com\/?p=413771"},"wordCount":1393,"publisher":{"@id":"https:\/\/sarmiento24h.com\/#organization"},"image":{"@id":"https:\/\/sarmiento24h.com\/?p=413771#primaryimage"},"thumbnailUrl":"https:\/\/sarmiento24h.com\/wp-content\/uploads\/2026\/09\/la-onu-denuncia-posibles-crimenes-de-lesa-humanidad-de-israel-en-campos-de-refugiados-de-cisjordania.jpg","articleSection":["Internacionales"],"inLanguage":"es"},{"@type":"WebPage","@id":"https:\/\/sarmiento24h.com\/?p=413771","url":"https:\/\/sarmiento24h.com\/?p=413771","name":"La ONU denuncia posibles cr\u00edmenes de lesa humanidad de Israel en campos de refugiados de Cisjordania - Sarmiento24h","isPartOf":{"@id":"https:\/\/sarmiento24h.com\/#website"},"primaryImageOfPage":{"@id":"https:\/\/sarmiento24h.com\/?p=413771#primaryimage"},"image":{"@id":"https:\/\/sarmiento24h.com\/?p=413771#primaryimage"},"thumbnailUrl":"https:\/\/sarmiento24h.com\/wp-content\/uploads\/2026\/09\/la-onu-denuncia-posibles-crimenes-de-lesa-humanidad-de-israel-en-campos-de-refugiados-de-cisjordania.jpg","datePublished":"2026-09-05T00:07:31+00:00","breadcrumb":{"@id":"https:\/\/sarmiento24h.com\/?p=413771#breadcrumb"},"inLanguage":"es","potentialAction":[{"@type":"ReadAction","target":["https:\/\/sarmiento24h.com\/?p=413771"]}]},{"@type":"ImageObject","inLanguage":"es","@id":"https:\/\/sarmiento24h.com\/?p=413771#primaryimage","url":"https:\/\/sarmiento24h.com\/wp-content\/uploads\/2026\/09\/la-onu-denuncia-posibles-crimenes-de-lesa-humanidad-de-israel-en-campos-de-refugiados-de-cisjordania.jpg","contentUrl":"https:\/\/sarmiento24h.com\/wp-content\/uploads\/2026\/09\/la-onu-denuncia-posibles-crimenes-de-lesa-humanidad-de-israel-en-campos-de-refugiados-de-cisjordania.jpg","width":980,"height":654},{"@type":"BreadcrumbList","@id":"https:\/\/sarmiento24h.com\/?p=413771#breadcrumb","itemListElement":[{"@type":"ListItem","position":1,"name":"Home","item":"https:\/\/sarmiento24h.com\/"},{"@type":"ListItem","position":2,"name":"La ONU denuncia posibles cr\u00edmenes de lesa humanidad de Israel en campos de refugiados de Cisjordania"}]},{"@type":"WebSite","@id":"https:\/\/sarmiento24h.com\/#website","url":"https:\/\/sarmiento24h.com\/","name":"Sarmiento24h","description":"","publisher":{"@id":"https:\/\/sarmiento24h.com\/#organization"},"potentialAction":[{"@type":"SearchAction","target":{"@type":"EntryPoint","urlTemplate":"https:\/\/sarmiento24h.com\/?s={search_term_string}"},"query-input":{"@type":"PropertyValueSpecification","valueRequired":true,"valueName":"search_term_string"}}],"inLanguage":"es"},{"@type":"Organization","@id":"https:\/\/sarmiento24h.com\/#organization","name":"Sarmiento24h","url":"https:\/\/sarmiento24h.com\/","logo":{"@type":"ImageObject","inLanguage":"es","@id":"https:\/\/sarmiento24h.com\/#\/schema\/logo\/image\/","url":"https:\/\/sarmiento24h.com\/wp-content\/uploads\/2025\/12\/AddText_12-16-10.30.52.jpg","contentUrl":"https:\/\/sarmiento24h.com\/wp-content\/uploads\/2025\/12\/AddText_12-16-10.30.52.jpg","width":1220,"height":324,"caption":"Sarmiento24h"},"image":{"@id":"https:\/\/sarmiento24h.com\/#\/schema\/logo\/image\/"},"sameAs":["https:\/\/facebook.com\/s24hnoticias","https:\/\/x.com\/sarmiento24h"]},{"@type":"Person","@id":"https:\/\/sarmiento24h.com\/#\/schema\/person\/d653a59725ad629a7e0429af7b939d4d","name":"sarmiento24h@gmail.com","image":{"@type":"ImageObject","inLanguage":"es","@id":"https:\/\/sarmiento24h.com\/wp-content\/litespeed\/avatar\/d02cbc4e23c747e6659cd45907173c8f.jpg?ver=1788047690","url":"https:\/\/sarmiento24h.com\/wp-content\/litespeed\/avatar\/d02cbc4e23c747e6659cd45907173c8f.jpg?ver=1788047690","contentUrl":"https:\/\/sarmiento24h.com\/wp-content\/litespeed\/avatar\/d02cbc4e23c747e6659cd45907173c8f.jpg?ver=1788047690","caption":"sarmiento24h@gmail.com"},"sameAs":["https:\/\/sarmiento24h.com"],"url":"https:\/\/sarmiento24h.com\/?author=1"}]}},"jetpack_publicize_connections":[],"jetpack_featured_media_url":"https:\/\/sarmiento24h.com\/wp-content\/uploads\/2026\/09\/la-onu-denuncia-posibles-crimenes-de-lesa-humanidad-de-israel-en-campos-de-refugiados-de-cisjordania.jpg","jetpack_sharing_enabled":true,"_links":{"self":[{"href":"https:\/\/sarmiento24h.com\/index.php?rest_route=\/wp\/v2\/posts\/413771","targetHints":{"allow":["GET"]}}],"collection":[{"href":"https:\/\/sarmiento24h.com\/index.php?rest_route=\/wp\/v2\/posts"}],"about":[{"href":"https:\/\/sarmiento24h.com\/index.php?rest_route=\/wp\/v2\/types\/post"}],"author":[{"embeddable":true,"href":"https:\/\/sarmiento24h.com\/index.php?rest_route=\/wp\/v2\/users\/1"}],"replies":[{"embeddable":true,"href":"https:\/\/sarmiento24h.com\/index.php?rest_route=%2Fwp%2Fv2%2Fcomments&post=413771"}],"version-history":[{"count":0,"href":"https:\/\/sarmiento24h.com\/index.php?rest_route=\/wp\/v2\/posts\/413771\/revisions"}],"wp:featuredmedia":[{"embeddable":true,"href":"https:\/\/sarmiento24h.com\/index.php?rest_route=\/wp\/v2\/media\/413772"}],"wp:attachment":[{"href":"https:\/\/sarmiento24h.com\/index.php?rest_route=%2Fwp%2Fv2%2Fmedia&parent=413771"}],"wp:term":[{"taxonomy":"category","embeddable":true,"href":"https:\/\/sarmiento24h.com\/index.php?rest_route=%2Fwp%2Fv2%2Fcategories&post=413771"},{"taxonomy":"post_tag","embeddable":true,"href":"https:\/\/sarmiento24h.com\/index.php?rest_route=%2Fwp%2Fv2%2Ftags&post=413771"}],"curies":[{"name":"wp","href":"https:\/\/api.w.org\/{rel}","templated":true}]}}