{"id":413911,"date":"2026-09-05T01:26:51","date_gmt":"2026-09-05T01:26:51","guid":{"rendered":"http:\/\/almomento.net\/?p=1147663"},"modified":"2026-09-05T01:26:51","modified_gmt":"2026-09-05T01:26:51","slug":"abinader-dice-la-rd-ha-tenido-avances-economicos-y-sociales","status":"publish","type":"post","link":"https:\/\/sarmiento24h.com\/?p=413911","title":{"rendered":"Abinader dice la RD ha tenido avances econ\u00f3micos y sociales"},"content":{"rendered":"<div class=\"gs-tts-pro gs-tts-theme-light\" data-gs-tts-player readability=\"7\">\n<p> <strong>Escuchar art\u00edculo<\/strong> <br \/><button type=\"button\" class=\"gs-tts-btn gs-tts-start\" data-gs-tts-start>Reproducir<\/button> <button type=\"button\" class=\"gs-tts-btn gs-tts-pause\" data-gs-tts-pause>Pausar<\/button> <button type=\"button\" class=\"gs-tts-btn gs-tts-stop\" data-gs-tts-stop>Detener<\/button> <\/p>\n<\/p><\/div>\n<p class=\"isSelectedEnd\"><strong>SANTO DOMINGO.\u2013<\/strong> El presidente Luis Abinader dijo que la Rep\u00fablica Dominicana ha tenido avances econ\u00f3micos y sociales durante las gestiones del Partido Revolucionario Moderno (PRM), entre ellos reducci\u00f3n de la pobreza, progreso hacia la meta de hambre cero y crecimiento de la econom\u00eda, pese a la pandemia de COVID-19 y las crisis internacionales de los \u00faltimos a\u00f1os.<\/p>\n<p class=\"isSelectedEnd\">Durante la conferencia <strong>\u201cComunicando el Relanzamiento del Gobierno\u201d<\/strong>, organizada por la Direcci\u00f3n de Prensa de la Presidencia en el auditorio del Ministerio de Vivienda, H\u00e1bitat y Edificaciones (MIVHED), dijo que se ha desarrollado un amplio programa de obras en diferentes provincias.<\/p>\n<p class=\"isSelectedEnd\">Afirm\u00f3 que la pobreza, que en 2019 rondaba el 26 %, se redujo a cerca del <strong>16 % el primer trimestre de 2026<\/strong>, mientras&nbsp; el pa\u00eds avanza hacia la meta de hambre cero.<\/p>\n<p class=\"isSelectedEnd\">Se\u00f1al\u00f3 adem\u00e1s que la econom\u00eda dominicana registra un <strong>crecimiento acumulado de 4.5 %<\/strong>, acompa\u00f1ado de una mejor\u00eda de salarios por encima de la inflaci\u00f3n.<\/p>\n<p><strong>AVANCES EN SEGURIDAD Y DEFENSA<\/strong><\/p>\n<p class=\"isSelectedEnd\">En materia de seguridad y defensa, Abinader afirm\u00f3 que Rep\u00fablica Dominicana ha experimentado una transformaci\u00f3n significativa, al pasar de una posici\u00f3n de \u201cretaguardia a una de vanguardia en materia militar\u201d.<\/p>\n<p class=\"isSelectedEnd\">Explic\u00f3 que el pa\u00eds no solo ha incrementado la adquisici\u00f3n de equipos para sus cuerpos de seguridad sino que tambi\u00e9n ha desarrollado capacidades para <strong>ensamblar y producir tecnolog\u00eda y equipamiento militar<\/strong>, despertando el inter\u00e9s de otras naciones.<\/p>\n<p class=\"isSelectedEnd\">Como ejemplo, cit\u00f3 la reciente visita del presidente de Honduras, Nasry Asfura, quien conoci\u00f3 las capacidades de la Industria Militar Dominicana y expres\u00f3 inter\u00e9s en adquirir aeronaves y veh\u00edculos blindados ensamblados en el pa\u00eds.<\/p>\n<figure id=\"attachment_1147666\" aria-describedby=\"caption-attachment-1147666\" class=\"wp-caption alignleft\"><img loading=\"lazy\" decoding=\"async\" class=\" wp-image-1147666\" src=\"https:\/\/almomento.net\/wp-content\/uploads\/2026\/09\/caminero-300x204.jpg\" alt width=\"438\" height=\"298\" srcset=\"https:\/\/almomento.net\/wp-content\/uploads\/2026\/09\/caminero-300x204.jpg 300w, https:\/\/almomento.net\/wp-content\/uploads\/2026\/09\/caminero-140x95.jpg 140w, https:\/\/almomento.net\/wp-content\/uploads\/2026\/09\/caminero-367x250.jpg 367w, https:\/\/almomento.net\/wp-content\/uploads\/2026\/09\/caminero.jpg 664w\" sizes=\"auto, (max-width: 438px) 100vw, 438px\"><figcaption id=\"caption-attachment-1147666\" class=\"wp-caption-text\">Alberto Caminero<\/figcaption><\/figure>\n<p><strong>MAS DE 2,000 OBRAS<\/strong><\/p>\n<p class=\"isSelectedEnd\">El director de Prensa de la Presidencia, <strong>Alberto Caminero<\/strong>, inform\u00f3 que durante la actual gesti\u00f3n han sido ejecutadas m\u00e1s de <strong>2,000 obras<\/strong>, con&nbsp; inversi\u00f3n superior a <strong>RD$750,000 millones<\/strong>.<\/p>\n<p class=\"isSelectedEnd\">Exhort\u00f3 a los corresponsales y equipos de comunicaci\u00f3n gubernamental a fortalecer la difusi\u00f3n de estos proyectos y los programas desarrollados en las provincias, utilizando las redes sociales y las nuevas herramientas digitales.<\/p>\n<p class=\"isSelectedEnd\">Por su parte, el ministro administrativo de la Presidencia, <strong>Andr\u00e9s Bautista<\/strong>, llam\u00f3 a funcionarios y comunicadores a asumir como una responsabilidad colectiva la tarea de informar a la ciudadan\u00eda sobre las ejecutorias del Gobierno.<\/p>\n<p><strong>COMUNICACION Y NUEVAS TECNOLOGIAS<\/strong><\/p>\n<p class=\"isSelectedEnd\">El director de Informaci\u00f3n y Prensa de la Presidencia, <strong>F\u00e9lix Reyna<\/strong>, destac\u00f3 la importancia de promover encuentros que permitan actualizar conocimientos y fortalecer la coordinaci\u00f3n entre los equipos de comunicaci\u00f3n de las instituciones p\u00fablicas.<\/p>\n<p class=\"isSelectedEnd\">En tanto, el subdirector de DIECOM, <strong>Abel Guzm\u00e1n Then<\/strong>, exhort\u00f3 a los corresponsales y voceros a mantenerse unidos para comunicar las obras y acciones gubernamentales en las distintas provincias.<\/p>\n<p class=\"isSelectedEnd\">Durante el conversatorio, el consultor en marketing pol\u00edtico <strong>Rafael Cerame<\/strong> resalt\u00f3 que una comunicaci\u00f3n clara constituye un componente esencial de la gesti\u00f3n p\u00fablica. Advirti\u00f3 que cuando los resultados de una administraci\u00f3n no son transmitidos de manera comprensible, puede generarse una brecha entre las acciones ejecutadas y la percepci\u00f3n de la ciudadan\u00eda.<\/p>\n<p><strong>INTELIGENCIA ARTIFICIAL APLICADA A LA COMUNICACION<\/strong><\/p>\n<p class=\"isSelectedEnd\">El rector del Instituto Tecnol\u00f3gico de Las Am\u00e9ricas (ITLA), <strong>Jimmy Rosario<\/strong>, ofreci\u00f3 la conferencia <strong>\u201cComunicaci\u00f3n e Inteligencia Artificial\u201d<\/strong>, en la que abord\u00f3 el impacto de las nuevas tecnolog\u00edas y las oportunidades que ofrecen a los profesionales de la comunicaci\u00f3n.<\/p>\n<p>of-am-sp<\/p>\n<div class=\"heateor_sss_sharing_container heateor_sss_horizontal_sharing\" data-heateor-sss-href=\"https:\/\/almomento.net\/abinader-destaca-los-avances-sociales-y-economicos-gobierno\/\" readability=\"7\">\n<p>Comp\u00e1rtelo en tus redes:<\/p>\n<\/div>\n<p> <!-- 468x60 --><br \/>\n<ins class=\"adsbygoogle\" data-ad-client=\"ca-pub-3511341636159665\" data-ad-slot=\"3538255450\"><\/ins> <!-- .entry-content --> <\/p>\n","protected":false},"excerpt":{"rendered":"<p>Escuchar art\u00edculo Reproducir Pausar Detener SANTO DOMINGO.\u2013&#46;&#46;&#46;<\/p>\n","protected":false},"author":1,"featured_media":413912,"comment_status":"closed","ping_status":"closed","sticky":false,"template":"","format":"standard","meta":{"_jetpack_newsletter_access":"","_jetpack_dont_email_post_to_subs":false,"_jetpack_newsletter_tier_id":0,"_jetpack_memberships_contains_paywalled_content":false,"_jetpack_feature_clip_id":0,"_jetpack_memberships_contains_paid_content":false,"footnotes":"","jetpack_publicize_message":"","jetpack_publicize_feature_enabled":true,"jetpack_social_post_already_shared":true,"jetpack_social_options":{"image_generator_settings":{"template":"highway","default_image_id":0,"font":"","enabled":false},"version":2},"jetpack_post_was_ever_published":false},"categories":[60],"tags":[],"class_list":["post-413911","post","type-post","status-publish","format-standard","has-post-thumbnail","hentry","category-economicas"],"yoast_head":"<!-- This site is optimized with the Yoast SEO plugin v28.1 - https:\/\/yoast.com\/product\/yoast-seo-wordpress\/ -->\n<title>Abinader dice la RD ha tenido avances econ\u00f3micos y sociales - Sarmiento24h<\/title>\n<meta name=\"robots\" content=\"index, follow, max-snippet:-1, max-image-preview:large, max-video-preview:-1\" \/>\n<link rel=\"canonical\" href=\"https:\/\/sarmiento24h.com\/?p=413911\" \/>\n<meta property=\"og:locale\" content=\"es_ES\" \/>\n<meta property=\"og:type\" content=\"article\" \/>\n<meta property=\"og:title\" content=\"Abinader dice la RD ha tenido avances econ\u00f3micos y sociales - Sarmiento24h\" \/>\n<meta property=\"og:description\" content=\"Escuchar art\u00edculo Reproducir Pausar Detener SANTO DOMINGO.\u2013&#046;&#046;&#046;\" \/>\n<meta property=\"og:url\" content=\"https:\/\/sarmiento24h.com\/?p=413911\" \/>\n<meta property=\"og:site_name\" content=\"Sarmiento24h\" \/>\n<meta property=\"article:publisher\" content=\"https:\/\/facebook.com\/s24hnoticias\" \/>\n<meta property=\"article:published_time\" content=\"2026-09-05T01:26:51+00:00\" \/>\n<meta name=\"author\" content=\"sarmiento24h@gmail.com\" \/>\n<meta name=\"twitter:card\" content=\"summary_large_image\" \/>\n<meta name=\"twitter:creator\" content=\"@sarmiento24h\" \/>\n<meta name=\"twitter:site\" content=\"@sarmiento24h\" \/>\n<meta name=\"twitter:label1\" content=\"Escrito por\" \/>\n\t<meta name=\"twitter:data1\" content=\"sarmiento24h@gmail.com\" \/>\n\t<meta name=\"twitter:label2\" content=\"Tiempo de lectura\" \/>\n\t<meta name=\"twitter:data2\" content=\"3 minutos\" \/>\n<script type=\"application\/ld+json\" class=\"yoast-schema-graph\">{\"@context\":\"https:\\\/\\\/schema.org\",\"@graph\":[{\"@type\":\"Article\",\"@id\":\"https:\\\/\\\/sarmiento24h.com\\\/?p=413911#article\",\"isPartOf\":{\"@id\":\"https:\\\/\\\/sarmiento24h.com\\\/?p=413911\"},\"author\":{\"name\":\"sarmiento24h@gmail.com\",\"@id\":\"https:\\\/\\\/sarmiento24h.com\\\/#\\\/schema\\\/person\\\/d653a59725ad629a7e0429af7b939d4d\"},\"headline\":\"Abinader dice la RD ha tenido avances econ\u00f3micos y sociales\",\"datePublished\":\"2026-09-05T01:26:51+00:00\",\"mainEntityOfPage\":{\"@id\":\"https:\\\/\\\/sarmiento24h.com\\\/?p=413911\"},\"wordCount\":589,\"publisher\":{\"@id\":\"https:\\\/\\\/sarmiento24h.com\\\/#organization\"},\"image\":{\"@id\":\"https:\\\/\\\/sarmiento24h.com\\\/?p=413911#primaryimage\"},\"thumbnailUrl\":\"https:\\\/\\\/sarmiento24h.com\\\/wp-content\\\/uploads\\\/2026\\\/09\\\/abinader-dice-la-rd-ha-tenido-avances-economicos-y-sociales.jpg\",\"articleSection\":[\"Economicas\"],\"inLanguage\":\"es\"},{\"@type\":\"WebPage\",\"@id\":\"https:\\\/\\\/sarmiento24h.com\\\/?p=413911\",\"url\":\"https:\\\/\\\/sarmiento24h.com\\\/?p=413911\",\"name\":\"Abinader dice la RD ha tenido avances econ\u00f3micos y sociales - Sarmiento24h\",\"isPartOf\":{\"@id\":\"https:\\\/\\\/sarmiento24h.com\\\/#website\"},\"primaryImageOfPage\":{\"@id\":\"https:\\\/\\\/sarmiento24h.com\\\/?p=413911#primaryimage\"},\"image\":{\"@id\":\"https:\\\/\\\/sarmiento24h.com\\\/?p=413911#primaryimage\"},\"thumbnailUrl\":\"https:\\\/\\\/sarmiento24h.com\\\/wp-content\\\/uploads\\\/2026\\\/09\\\/abinader-dice-la-rd-ha-tenido-avances-economicos-y-sociales.jpg\",\"datePublished\":\"2026-09-05T01:26:51+00:00\",\"breadcrumb\":{\"@id\":\"https:\\\/\\\/sarmiento24h.com\\\/?p=413911#breadcrumb\"},\"inLanguage\":\"es\",\"potentialAction\":[{\"@type\":\"ReadAction\",\"target\":[\"https:\\\/\\\/sarmiento24h.com\\\/?p=413911\"]}]},{\"@type\":\"ImageObject\",\"inLanguage\":\"es\",\"@id\":\"https:\\\/\\\/sarmiento24h.com\\\/?p=413911#primaryimage\",\"url\":\"https:\\\/\\\/sarmiento24h.com\\\/wp-content\\\/uploads\\\/2026\\\/09\\\/abinader-dice-la-rd-ha-tenido-avances-economicos-y-sociales.jpg\",\"contentUrl\":\"https:\\\/\\\/sarmiento24h.com\\\/wp-content\\\/uploads\\\/2026\\\/09\\\/abinader-dice-la-rd-ha-tenido-avances-economicos-y-sociales.jpg\",\"width\":300,\"height\":204},{\"@type\":\"BreadcrumbList\",\"@id\":\"https:\\\/\\\/sarmiento24h.com\\\/?p=413911#breadcrumb\",\"itemListElement\":[{\"@type\":\"ListItem\",\"position\":1,\"name\":\"Home\",\"item\":\"https:\\\/\\\/sarmiento24h.com\\\/\"},{\"@type\":\"ListItem\",\"position\":2,\"name\":\"Abinader dice la RD ha tenido avances econ\u00f3micos y sociales\"}]},{\"@type\":\"WebSite\",\"@id\":\"https:\\\/\\\/sarmiento24h.com\\\/#website\",\"url\":\"https:\\\/\\\/sarmiento24h.com\\\/\",\"name\":\"Sarmiento24h\",\"description\":\"\",\"publisher\":{\"@id\":\"https:\\\/\\\/sarmiento24h.com\\\/#organization\"},\"potentialAction\":[{\"@type\":\"SearchAction\",\"target\":{\"@type\":\"EntryPoint\",\"urlTemplate\":\"https:\\\/\\\/sarmiento24h.com\\\/?s={search_term_string}\"},\"query-input\":{\"@type\":\"PropertyValueSpecification\",\"valueRequired\":true,\"valueName\":\"search_term_string\"}}],\"inLanguage\":\"es\"},{\"@type\":\"Organization\",\"@id\":\"https:\\\/\\\/sarmiento24h.com\\\/#organization\",\"name\":\"Sarmiento24h\",\"url\":\"https:\\\/\\\/sarmiento24h.com\\\/\",\"logo\":{\"@type\":\"ImageObject\",\"inLanguage\":\"es\",\"@id\":\"https:\\\/\\\/sarmiento24h.com\\\/#\\\/schema\\\/logo\\\/image\\\/\",\"url\":\"https:\\\/\\\/sarmiento24h.com\\\/wp-content\\\/uploads\\\/2025\\\/12\\\/AddText_12-16-10.30.52.jpg\",\"contentUrl\":\"https:\\\/\\\/sarmiento24h.com\\\/wp-content\\\/uploads\\\/2025\\\/12\\\/AddText_12-16-10.30.52.jpg\",\"width\":1220,\"height\":324,\"caption\":\"Sarmiento24h\"},\"image\":{\"@id\":\"https:\\\/\\\/sarmiento24h.com\\\/#\\\/schema\\\/logo\\\/image\\\/\"},\"sameAs\":[\"https:\\\/\\\/facebook.com\\\/s24hnoticias\",\"https:\\\/\\\/x.com\\\/sarmiento24h\"]},{\"@type\":\"Person\",\"@id\":\"https:\\\/\\\/sarmiento24h.com\\\/#\\\/schema\\\/person\\\/d653a59725ad629a7e0429af7b939d4d\",\"name\":\"sarmiento24h@gmail.com\",\"image\":{\"@type\":\"ImageObject\",\"inLanguage\":\"es\",\"@id\":\"https:\\\/\\\/sarmiento24h.com\\\/wp-content\\\/litespeed\\\/avatar\\\/d02cbc4e23c747e6659cd45907173c8f.jpg?ver=1788047690\",\"url\":\"https:\\\/\\\/sarmiento24h.com\\\/wp-content\\\/litespeed\\\/avatar\\\/d02cbc4e23c747e6659cd45907173c8f.jpg?ver=1788047690\",\"contentUrl\":\"https:\\\/\\\/sarmiento24h.com\\\/wp-content\\\/litespeed\\\/avatar\\\/d02cbc4e23c747e6659cd45907173c8f.jpg?ver=1788047690\",\"caption\":\"sarmiento24h@gmail.com\"},\"sameAs\":[\"https:\\\/\\\/sarmiento24h.com\"],\"url\":\"https:\\\/\\\/sarmiento24h.com\\\/?author=1\"}]}<\/script>\n<!-- \/ Yoast SEO plugin. -->","yoast_head_json":{"title":"Abinader dice la RD ha tenido avances econ\u00f3micos y sociales - Sarmiento24h","robots":{"index":"index","follow":"follow","max-snippet":"max-snippet:-1","max-image-preview":"max-image-preview:large","max-video-preview":"max-video-preview:-1"},"canonical":"https:\/\/sarmiento24h.com\/?p=413911","og_locale":"es_ES","og_type":"article","og_title":"Abinader dice la RD ha tenido avances econ\u00f3micos y sociales - Sarmiento24h","og_description":"Escuchar art\u00edculo Reproducir Pausar Detener SANTO DOMINGO.\u2013&#46;&#46;&#46;","og_url":"https:\/\/sarmiento24h.com\/?p=413911","og_site_name":"Sarmiento24h","article_publisher":"https:\/\/facebook.com\/s24hnoticias","article_published_time":"2026-09-05T01:26:51+00:00","author":"sarmiento24h@gmail.com","twitter_card":"summary_large_image","twitter_creator":"@sarmiento24h","twitter_site":"@sarmiento24h","twitter_misc":{"Escrito por":"sarmiento24h@gmail.com","Tiempo de lectura":"3 minutos"},"schema":{"@context":"https:\/\/schema.org","@graph":[{"@type":"Article","@id":"https:\/\/sarmiento24h.com\/?p=413911#article","isPartOf":{"@id":"https:\/\/sarmiento24h.com\/?p=413911"},"author":{"name":"sarmiento24h@gmail.com","@id":"https:\/\/sarmiento24h.com\/#\/schema\/person\/d653a59725ad629a7e0429af7b939d4d"},"headline":"Abinader dice la RD ha tenido avances econ\u00f3micos y sociales","datePublished":"2026-09-05T01:26:51+00:00","mainEntityOfPage":{"@id":"https:\/\/sarmiento24h.com\/?p=413911"},"wordCount":589,"publisher":{"@id":"https:\/\/sarmiento24h.com\/#organization"},"image":{"@id":"https:\/\/sarmiento24h.com\/?p=413911#primaryimage"},"thumbnailUrl":"https:\/\/sarmiento24h.com\/wp-content\/uploads\/2026\/09\/abinader-dice-la-rd-ha-tenido-avances-economicos-y-sociales.jpg","articleSection":["Economicas"],"inLanguage":"es"},{"@type":"WebPage","@id":"https:\/\/sarmiento24h.com\/?p=413911","url":"https:\/\/sarmiento24h.com\/?p=413911","name":"Abinader dice la RD ha tenido avances econ\u00f3micos y sociales - Sarmiento24h","isPartOf":{"@id":"https:\/\/sarmiento24h.com\/#website"},"primaryImageOfPage":{"@id":"https:\/\/sarmiento24h.com\/?p=413911#primaryimage"},"image":{"@id":"https:\/\/sarmiento24h.com\/?p=413911#primaryimage"},"thumbnailUrl":"https:\/\/sarmiento24h.com\/wp-content\/uploads\/2026\/09\/abinader-dice-la-rd-ha-tenido-avances-economicos-y-sociales.jpg","datePublished":"2026-09-05T01:26:51+00:00","breadcrumb":{"@id":"https:\/\/sarmiento24h.com\/?p=413911#breadcrumb"},"inLanguage":"es","potentialAction":[{"@type":"ReadAction","target":["https:\/\/sarmiento24h.com\/?p=413911"]}]},{"@type":"ImageObject","inLanguage":"es","@id":"https:\/\/sarmiento24h.com\/?p=413911#primaryimage","url":"https:\/\/sarmiento24h.com\/wp-content\/uploads\/2026\/09\/abinader-dice-la-rd-ha-tenido-avances-economicos-y-sociales.jpg","contentUrl":"https:\/\/sarmiento24h.com\/wp-content\/uploads\/2026\/09\/abinader-dice-la-rd-ha-tenido-avances-economicos-y-sociales.jpg","width":300,"height":204},{"@type":"BreadcrumbList","@id":"https:\/\/sarmiento24h.com\/?p=413911#breadcrumb","itemListElement":[{"@type":"ListItem","position":1,"name":"Home","item":"https:\/\/sarmiento24h.com\/"},{"@type":"ListItem","position":2,"name":"Abinader dice la RD ha tenido avances econ\u00f3micos y sociales"}]},{"@type":"WebSite","@id":"https:\/\/sarmiento24h.com\/#website","url":"https:\/\/sarmiento24h.com\/","name":"Sarmiento24h","description":"","publisher":{"@id":"https:\/\/sarmiento24h.com\/#organization"},"potentialAction":[{"@type":"SearchAction","target":{"@type":"EntryPoint","urlTemplate":"https:\/\/sarmiento24h.com\/?s={search_term_string}"},"query-input":{"@type":"PropertyValueSpecification","valueRequired":true,"valueName":"search_term_string"}}],"inLanguage":"es"},{"@type":"Organization","@id":"https:\/\/sarmiento24h.com\/#organization","name":"Sarmiento24h","url":"https:\/\/sarmiento24h.com\/","logo":{"@type":"ImageObject","inLanguage":"es","@id":"https:\/\/sarmiento24h.com\/#\/schema\/logo\/image\/","url":"https:\/\/sarmiento24h.com\/wp-content\/uploads\/2025\/12\/AddText_12-16-10.30.52.jpg","contentUrl":"https:\/\/sarmiento24h.com\/wp-content\/uploads\/2025\/12\/AddText_12-16-10.30.52.jpg","width":1220,"height":324,"caption":"Sarmiento24h"},"image":{"@id":"https:\/\/sarmiento24h.com\/#\/schema\/logo\/image\/"},"sameAs":["https:\/\/facebook.com\/s24hnoticias","https:\/\/x.com\/sarmiento24h"]},{"@type":"Person","@id":"https:\/\/sarmiento24h.com\/#\/schema\/person\/d653a59725ad629a7e0429af7b939d4d","name":"sarmiento24h@gmail.com","image":{"@type":"ImageObject","inLanguage":"es","@id":"https:\/\/sarmiento24h.com\/wp-content\/litespeed\/avatar\/d02cbc4e23c747e6659cd45907173c8f.jpg?ver=1788047690","url":"https:\/\/sarmiento24h.com\/wp-content\/litespeed\/avatar\/d02cbc4e23c747e6659cd45907173c8f.jpg?ver=1788047690","contentUrl":"https:\/\/sarmiento24h.com\/wp-content\/litespeed\/avatar\/d02cbc4e23c747e6659cd45907173c8f.jpg?ver=1788047690","caption":"sarmiento24h@gmail.com"},"sameAs":["https:\/\/sarmiento24h.com"],"url":"https:\/\/sarmiento24h.com\/?author=1"}]}},"jetpack_publicize_connections":[],"jetpack_featured_media_url":"https:\/\/sarmiento24h.com\/wp-content\/uploads\/2026\/09\/abinader-dice-la-rd-ha-tenido-avances-economicos-y-sociales.jpg","jetpack_sharing_enabled":true,"_links":{"self":[{"href":"https:\/\/sarmiento24h.com\/index.php?rest_route=\/wp\/v2\/posts\/413911","targetHints":{"allow":["GET"]}}],"collection":[{"href":"https:\/\/sarmiento24h.com\/index.php?rest_route=\/wp\/v2\/posts"}],"about":[{"href":"https:\/\/sarmiento24h.com\/index.php?rest_route=\/wp\/v2\/types\/post"}],"author":[{"embeddable":true,"href":"https:\/\/sarmiento24h.com\/index.php?rest_route=\/wp\/v2\/users\/1"}],"replies":[{"embeddable":true,"href":"https:\/\/sarmiento24h.com\/index.php?rest_route=%2Fwp%2Fv2%2Fcomments&post=413911"}],"version-history":[{"count":0,"href":"https:\/\/sarmiento24h.com\/index.php?rest_route=\/wp\/v2\/posts\/413911\/revisions"}],"wp:featuredmedia":[{"embeddable":true,"href":"https:\/\/sarmiento24h.com\/index.php?rest_route=\/wp\/v2\/media\/413912"}],"wp:attachment":[{"href":"https:\/\/sarmiento24h.com\/index.php?rest_route=%2Fwp%2Fv2%2Fmedia&parent=413911"}],"wp:term":[{"taxonomy":"category","embeddable":true,"href":"https:\/\/sarmiento24h.com\/index.php?rest_route=%2Fwp%2Fv2%2Fcategories&post=413911"},{"taxonomy":"post_tag","embeddable":true,"href":"https:\/\/sarmiento24h.com\/index.php?rest_route=%2Fwp%2Fv2%2Ftags&post=413911"}],"curies":[{"name":"wp","href":"https:\/\/api.w.org\/{rel}","templated":true}]}}