{"id":414003,"date":"2026-09-05T02:37:43","date_gmt":"2026-09-05T02:37:43","guid":{"rendered":"https:\/\/diariodigitalrd.com\/?p=717647"},"modified":"2026-09-05T02:37:43","modified_gmt":"2026-09-05T02:37:43","slug":"aeropuerto-de-cabo-rojo-preve-iniciar-operaciones-en-febrero-de-2027","status":"publish","type":"post","link":"https:\/\/sarmiento24h.com\/?p=414003","title":{"rendered":"Aeropuerto de Cabo Rojo prev\u00e9 iniciar operaciones en febrero de 2027"},"content":{"rendered":"<h2 class=\"wp-block-heading\"><strong>Gobierno supervisa obras del proyecto tur\u00edstico y sus avances en Pedernales<\/strong><\/h2>\n<p class=\"has-drop-cap has-medium-font-size wp-block-paragraph\"><strong>Pedernales, RD.<\/strong> \u2013 El <strong>Aeropuerto Internacional de Cabo Rojo, en Oviedo<\/strong>, tiene previsto iniciar operaciones en febrero de 2027, como parte de la transformaci\u00f3n tur\u00edstica que impulsa el Gobierno en Pedernales mediante un proyecto cuya inversi\u00f3n total estimada ronda los <strong>3,000 millones de d\u00f3lares<\/strong>.<\/p>\n<p class=\"wp-block-paragraph\">El anuncio fue realizado este viernes por el ministro de la Presidencia, <strong>Jos\u00e9 Ignacio Paliza<\/strong>, durante una jornada de supervisi\u00f3n de las obras del Proyecto Tur\u00edstico Cabo Rojo, en la que estuvo acompa\u00f1ado por el ministro de Administraci\u00f3n P\u00fablica, Sigmund Freund.<\/p>\n<figure class=\"wp-block-image size-large\"><img loading=\"lazy\" decoding=\"async\" width=\"1024\" height=\"682\" src=\"https:\/\/diariodigitalrd.b-cdn.net\/2026\/09\/05af43f8-539e-4239-a186-a741d4edff88-1024x682.jpeg\" alt class=\"wp-image-717649\" srcset=\"https:\/\/diariodigitalrd.b-cdn.net\/2026\/09\/05af43f8-539e-4239-a186-a741d4edff88-1024x682.jpeg 1024w, https:\/\/diariodigitalrd.b-cdn.net\/2026\/09\/05af43f8-539e-4239-a186-a741d4edff88-300x200.jpeg 300w, https:\/\/diariodigitalrd.b-cdn.net\/2026\/09\/05af43f8-539e-4239-a186-a741d4edff88-768x511.jpeg 768w, https:\/\/diariodigitalrd.b-cdn.net\/2026\/09\/05af43f8-539e-4239-a186-a741d4edff88.jpeg 1280w\" sizes=\"auto, (max-width: 1024px) 100vw, 1024px\"><\/figure>\n<p class=\"wp-block-paragraph\">Los funcionarios sostuvieron una reuni\u00f3n de trabajo con ejecutivos y representantes de las instituciones involucradas en el desarrollo de las infraestructuras y posteriormente recorrieron las instalaciones donde se construye el nuevo aeropuerto.<\/p>\n<p class=\"has-medium-font-size wp-block-paragraph\">Durante la visita recibieron informaci\u00f3n sobre los avances de la torre de control, la terminal de pasajeros, el campo a\u00e9reo y las obras viales relacionadas con la infraestructura aeroportuaria.<\/p>\n<p class=\"wp-block-paragraph\">Paliza explic\u00f3 que el objetivo es que el aeropuerto est\u00e9 listo en febrero del pr\u00f3ximo a\u00f1o con todos sus componentes operativos, de manera que pueda acompa\u00f1ar la puesta en marcha de la oferta hotelera y facilitar la llegada de visitantes al nuevo destino tur\u00edstico del sur del pa\u00eds.<\/p>\n<blockquote class=\"wp-block-quote is-layout-flow wp-block-quote-is-layout-flow\" readability=\"9\">\n<p class=\"wp-block-paragraph\">\u201cEstamos trabajando arduamente en el Aeropuerto Internacional de Oviedo, para que est\u00e9 operativo para el mes de febrero, con todos y cada uno de sus componentes\u201d, afirm\u00f3 el funcionario.<\/p>\n<\/blockquote>\n<p class=\"wp-block-paragraph\">El desarrollo aeroportuario avanza de forma paralela a la construcci\u00f3n de los hoteles y otras infraestructuras contempladas dentro de Cabo Rojo. Actualmente se levantan tres establecimientos hoteleros y, seg\u00fan las proyecciones oficiales, el primero ser\u00e1 inaugurado junto con el aeropuerto en febrero de 2027.<\/p>\n<p class=\"wp-block-paragraph\">Un segundo hotel estar\u00eda terminado para mediados de ese mismo a\u00f1o, mientras contin\u00faan las dem\u00e1s obras que forman parte del proyecto, incluido el puerto destinado a recibir cruceros.<\/p>\n<p class=\"wp-block-paragraph\"><strong>Inversi\u00f3n y empleos<\/strong><\/p>\n<p class=\"wp-block-paragraph\">De acuerdo con Paliza, el Proyecto Tur\u00edstico Cabo Rojo contempla una inversi\u00f3n estimada cercana a <strong>US$3,000 millones<\/strong>, de los cuales alrededor de <strong>US$1,200 millones corresponden a la fase inicial<\/strong>.<\/p>\n<p class=\"wp-block-paragraph\">En cuanto al aeropuerto, se proyecta que genere aproximadamente <strong>500 empleos directos y 1,500 indirectos<\/strong>, con un impacto que, seg\u00fan las autoridades, trascender\u00e1 a Oviedo y alcanzar\u00e1 a otras comunidades de la regi\u00f3n.<\/p>\n<p class=\"wp-block-paragraph\">La infraestructura tambi\u00e9n busca dinamizar la actividad econ\u00f3mica de Pedernales y crear nuevas oportunidades para residentes de Barahona y otras localidades del sur, a medida que avance la construcci\u00f3n de los distintos componentes del proyecto.<\/p>\n<p class=\"wp-block-paragraph\">Paliza destac\u00f3 particularmente el efecto esperado en Oviedo, comunidad que tendr\u00e1 una conexi\u00f3n a\u00e9rea directa con el nuevo polo tur\u00edstico.<\/p>\n<blockquote class=\"wp-block-quote is-layout-flow wp-block-quote-is-layout-flow\" readability=\"7\">\n<p class=\"wp-block-paragraph\">\u201cSolo el aeropuerto tendr\u00e1 un impacto tal sobre Oviedo que le transformar\u00e1 la vida para siempre a esa comunidad y sus habitantes\u201d, sostuvo.<\/p>\n<\/blockquote>\n<p class=\"wp-block-paragraph\">El ministro de la Presidencia asegur\u00f3 adem\u00e1s que el Gobierno mantiene un seguimiento permanente de las obras junto con los inversionistas privados y las instituciones p\u00fablicas vinculadas, con el prop\u00f3sito de que los distintos componentes avancen de manera coordinada.<\/p>\n<p class=\"wp-block-paragraph\">Como parte de la agenda, Paliza y Freund tambi\u00e9n realizaron un recorrido por las instalaciones del Hotel Iberostar, una de las infraestructuras hoteleras vinculadas al desarrollo de Cabo Rojo.<\/p>\n<p class=\"wp-block-paragraph\">En la supervisi\u00f3n participaron el director del Instituto Dominicano de Aviaci\u00f3n Civil (IDAC), Igor Rodr\u00edguez Dur\u00e1n; el director ejecutivo del Departamento Aeroportuario, M\u00e9rido de Jes\u00fas Torres Espinal; y el viceministro de Ejecuci\u00f3n de Proyectos de la Presidencia, Roger Pujols.<\/p>\n<p class=\"wp-block-paragraph\">Tambi\u00e9n estuvieron representantes de la Empresa de Transmisi\u00f3n El\u00e9ctrica Dominicana (ETED), el Ministerio de Obras P\u00fablicas y Comunicaciones (MOPC), el Consorcio AyH, CTCR y EPSA LABCO.<\/p>\n<p class=\"wp-block-paragraph\">Con la entrada en operaci\u00f3n del aeropuerto, la expansi\u00f3n hotelera y el desarrollo del puerto de cruceros, el Gobierno apuesta a consolidar a Pedernales como uno de los principales polos tur\u00edsticos emergentes de Rep\u00fablica Dominicana y a generar una mayor actividad econ\u00f3mica en una de las zonas con menor desarrollo tur\u00edstico del pa\u00eds.<\/p>\n","protected":false},"excerpt":{"rendered":"<p>Gobierno supervisa obras del proyecto tur\u00edstico y&#46;&#46;&#46;<\/p>\n","protected":false},"author":1,"featured_media":414004,"comment_status":"closed","ping_status":"closed","sticky":false,"template":"","format":"standard","meta":{"_jetpack_newsletter_access":"","_jetpack_dont_email_post_to_subs":false,"_jetpack_newsletter_tier_id":0,"_jetpack_memberships_contains_paywalled_content":false,"_jetpack_feature_clip_id":0,"_jetpack_memberships_contains_paid_content":false,"footnotes":"","jetpack_publicize_message":"","jetpack_publicize_feature_enabled":true,"jetpack_social_post_already_shared":true,"jetpack_social_options":{"image_generator_settings":{"template":"highway","default_image_id":0,"font":"","enabled":false},"version":2},"jetpack_post_was_ever_published":false},"categories":[59,62],"tags":[],"class_list":["post-414003","post","type-post","status-publish","format-standard","has-post-thumbnail","hentry","category-actualidad","category-turismo"],"yoast_head":"<!-- This site is optimized with the Yoast SEO plugin v28.1 - https:\/\/yoast.com\/product\/yoast-seo-wordpress\/ -->\n<title>Aeropuerto de Cabo Rojo prev\u00e9 iniciar operaciones en febrero de 2027 - Sarmiento24h<\/title>\n<meta name=\"robots\" content=\"index, follow, max-snippet:-1, max-image-preview:large, max-video-preview:-1\" \/>\n<link rel=\"canonical\" href=\"https:\/\/sarmiento24h.com\/?p=414003\" \/>\n<meta property=\"og:locale\" content=\"es_ES\" \/>\n<meta property=\"og:type\" content=\"article\" \/>\n<meta property=\"og:title\" content=\"Aeropuerto de Cabo Rojo prev\u00e9 iniciar operaciones en febrero de 2027 - Sarmiento24h\" \/>\n<meta property=\"og:description\" content=\"Gobierno supervisa obras del proyecto tur\u00edstico y&#046;&#046;&#046;\" \/>\n<meta property=\"og:url\" content=\"https:\/\/sarmiento24h.com\/?p=414003\" \/>\n<meta property=\"og:site_name\" content=\"Sarmiento24h\" \/>\n<meta property=\"article:publisher\" content=\"https:\/\/facebook.com\/s24hnoticias\" \/>\n<meta property=\"article:published_time\" content=\"2026-09-05T02:37:43+00:00\" \/>\n<meta name=\"author\" content=\"sarmiento24h@gmail.com\" \/>\n<meta name=\"twitter:card\" content=\"summary_large_image\" \/>\n<meta name=\"twitter:creator\" content=\"@sarmiento24h\" \/>\n<meta name=\"twitter:site\" content=\"@sarmiento24h\" \/>\n<meta name=\"twitter:label1\" content=\"Escrito por\" \/>\n\t<meta name=\"twitter:data1\" content=\"sarmiento24h@gmail.com\" \/>\n\t<meta name=\"twitter:label2\" content=\"Tiempo de lectura\" \/>\n\t<meta name=\"twitter:data2\" content=\"3 minutos\" \/>\n<script type=\"application\/ld+json\" class=\"yoast-schema-graph\">{\"@context\":\"https:\\\/\\\/schema.org\",\"@graph\":[{\"@type\":\"Article\",\"@id\":\"https:\\\/\\\/sarmiento24h.com\\\/?p=414003#article\",\"isPartOf\":{\"@id\":\"https:\\\/\\\/sarmiento24h.com\\\/?p=414003\"},\"author\":{\"name\":\"sarmiento24h@gmail.com\",\"@id\":\"https:\\\/\\\/sarmiento24h.com\\\/#\\\/schema\\\/person\\\/d653a59725ad629a7e0429af7b939d4d\"},\"headline\":\"Aeropuerto de Cabo Rojo prev\u00e9 iniciar operaciones en febrero de 2027\",\"datePublished\":\"2026-09-05T02:37:43+00:00\",\"mainEntityOfPage\":{\"@id\":\"https:\\\/\\\/sarmiento24h.com\\\/?p=414003\"},\"wordCount\":696,\"publisher\":{\"@id\":\"https:\\\/\\\/sarmiento24h.com\\\/#organization\"},\"image\":{\"@id\":\"https:\\\/\\\/sarmiento24h.com\\\/?p=414003#primaryimage\"},\"thumbnailUrl\":\"https:\\\/\\\/sarmiento24h.com\\\/wp-content\\\/uploads\\\/2026\\\/09\\\/aeropuerto-de-cabo-rojo-preve-iniciar-operaciones-en-febrero-de-2027.jpg\",\"articleSection\":[\"Actualidad\",\"Turismo\"],\"inLanguage\":\"es\"},{\"@type\":\"WebPage\",\"@id\":\"https:\\\/\\\/sarmiento24h.com\\\/?p=414003\",\"url\":\"https:\\\/\\\/sarmiento24h.com\\\/?p=414003\",\"name\":\"Aeropuerto de Cabo Rojo prev\u00e9 iniciar operaciones en febrero de 2027 - Sarmiento24h\",\"isPartOf\":{\"@id\":\"https:\\\/\\\/sarmiento24h.com\\\/#website\"},\"primaryImageOfPage\":{\"@id\":\"https:\\\/\\\/sarmiento24h.com\\\/?p=414003#primaryimage\"},\"image\":{\"@id\":\"https:\\\/\\\/sarmiento24h.com\\\/?p=414003#primaryimage\"},\"thumbnailUrl\":\"https:\\\/\\\/sarmiento24h.com\\\/wp-content\\\/uploads\\\/2026\\\/09\\\/aeropuerto-de-cabo-rojo-preve-iniciar-operaciones-en-febrero-de-2027.jpg\",\"datePublished\":\"2026-09-05T02:37:43+00:00\",\"breadcrumb\":{\"@id\":\"https:\\\/\\\/sarmiento24h.com\\\/?p=414003#breadcrumb\"},\"inLanguage\":\"es\",\"potentialAction\":[{\"@type\":\"ReadAction\",\"target\":[\"https:\\\/\\\/sarmiento24h.com\\\/?p=414003\"]}]},{\"@type\":\"ImageObject\",\"inLanguage\":\"es\",\"@id\":\"https:\\\/\\\/sarmiento24h.com\\\/?p=414003#primaryimage\",\"url\":\"https:\\\/\\\/sarmiento24h.com\\\/wp-content\\\/uploads\\\/2026\\\/09\\\/aeropuerto-de-cabo-rojo-preve-iniciar-operaciones-en-febrero-de-2027.jpg\",\"contentUrl\":\"https:\\\/\\\/sarmiento24h.com\\\/wp-content\\\/uploads\\\/2026\\\/09\\\/aeropuerto-de-cabo-rojo-preve-iniciar-operaciones-en-febrero-de-2027.jpg\",\"width\":1024,\"height\":682},{\"@type\":\"BreadcrumbList\",\"@id\":\"https:\\\/\\\/sarmiento24h.com\\\/?p=414003#breadcrumb\",\"itemListElement\":[{\"@type\":\"ListItem\",\"position\":1,\"name\":\"Home\",\"item\":\"https:\\\/\\\/sarmiento24h.com\\\/\"},{\"@type\":\"ListItem\",\"position\":2,\"name\":\"Aeropuerto de Cabo Rojo prev\u00e9 iniciar operaciones en febrero de 2027\"}]},{\"@type\":\"WebSite\",\"@id\":\"https:\\\/\\\/sarmiento24h.com\\\/#website\",\"url\":\"https:\\\/\\\/sarmiento24h.com\\\/\",\"name\":\"Sarmiento24h\",\"description\":\"\",\"publisher\":{\"@id\":\"https:\\\/\\\/sarmiento24h.com\\\/#organization\"},\"potentialAction\":[{\"@type\":\"SearchAction\",\"target\":{\"@type\":\"EntryPoint\",\"urlTemplate\":\"https:\\\/\\\/sarmiento24h.com\\\/?s={search_term_string}\"},\"query-input\":{\"@type\":\"PropertyValueSpecification\",\"valueRequired\":true,\"valueName\":\"search_term_string\"}}],\"inLanguage\":\"es\"},{\"@type\":\"Organization\",\"@id\":\"https:\\\/\\\/sarmiento24h.com\\\/#organization\",\"name\":\"Sarmiento24h\",\"url\":\"https:\\\/\\\/sarmiento24h.com\\\/\",\"logo\":{\"@type\":\"ImageObject\",\"inLanguage\":\"es\",\"@id\":\"https:\\\/\\\/sarmiento24h.com\\\/#\\\/schema\\\/logo\\\/image\\\/\",\"url\":\"https:\\\/\\\/sarmiento24h.com\\\/wp-content\\\/uploads\\\/2025\\\/12\\\/AddText_12-16-10.30.52.jpg\",\"contentUrl\":\"https:\\\/\\\/sarmiento24h.com\\\/wp-content\\\/uploads\\\/2025\\\/12\\\/AddText_12-16-10.30.52.jpg\",\"width\":1220,\"height\":324,\"caption\":\"Sarmiento24h\"},\"image\":{\"@id\":\"https:\\\/\\\/sarmiento24h.com\\\/#\\\/schema\\\/logo\\\/image\\\/\"},\"sameAs\":[\"https:\\\/\\\/facebook.com\\\/s24hnoticias\",\"https:\\\/\\\/x.com\\\/sarmiento24h\"]},{\"@type\":\"Person\",\"@id\":\"https:\\\/\\\/sarmiento24h.com\\\/#\\\/schema\\\/person\\\/d653a59725ad629a7e0429af7b939d4d\",\"name\":\"sarmiento24h@gmail.com\",\"image\":{\"@type\":\"ImageObject\",\"inLanguage\":\"es\",\"@id\":\"https:\\\/\\\/sarmiento24h.com\\\/wp-content\\\/litespeed\\\/avatar\\\/d02cbc4e23c747e6659cd45907173c8f.jpg?ver=1788047690\",\"url\":\"https:\\\/\\\/sarmiento24h.com\\\/wp-content\\\/litespeed\\\/avatar\\\/d02cbc4e23c747e6659cd45907173c8f.jpg?ver=1788047690\",\"contentUrl\":\"https:\\\/\\\/sarmiento24h.com\\\/wp-content\\\/litespeed\\\/avatar\\\/d02cbc4e23c747e6659cd45907173c8f.jpg?ver=1788047690\",\"caption\":\"sarmiento24h@gmail.com\"},\"sameAs\":[\"https:\\\/\\\/sarmiento24h.com\"],\"url\":\"https:\\\/\\\/sarmiento24h.com\\\/?author=1\"}]}<\/script>\n<!-- \/ Yoast SEO plugin. -->","yoast_head_json":{"title":"Aeropuerto de Cabo Rojo prev\u00e9 iniciar operaciones en febrero de 2027 - Sarmiento24h","robots":{"index":"index","follow":"follow","max-snippet":"max-snippet:-1","max-image-preview":"max-image-preview:large","max-video-preview":"max-video-preview:-1"},"canonical":"https:\/\/sarmiento24h.com\/?p=414003","og_locale":"es_ES","og_type":"article","og_title":"Aeropuerto de Cabo Rojo prev\u00e9 iniciar operaciones en febrero de 2027 - Sarmiento24h","og_description":"Gobierno supervisa obras del proyecto tur\u00edstico y&#46;&#46;&#46;","og_url":"https:\/\/sarmiento24h.com\/?p=414003","og_site_name":"Sarmiento24h","article_publisher":"https:\/\/facebook.com\/s24hnoticias","article_published_time":"2026-09-05T02:37:43+00:00","author":"sarmiento24h@gmail.com","twitter_card":"summary_large_image","twitter_creator":"@sarmiento24h","twitter_site":"@sarmiento24h","twitter_misc":{"Escrito por":"sarmiento24h@gmail.com","Tiempo de lectura":"3 minutos"},"schema":{"@context":"https:\/\/schema.org","@graph":[{"@type":"Article","@id":"https:\/\/sarmiento24h.com\/?p=414003#article","isPartOf":{"@id":"https:\/\/sarmiento24h.com\/?p=414003"},"author":{"name":"sarmiento24h@gmail.com","@id":"https:\/\/sarmiento24h.com\/#\/schema\/person\/d653a59725ad629a7e0429af7b939d4d"},"headline":"Aeropuerto de Cabo Rojo prev\u00e9 iniciar operaciones en febrero de 2027","datePublished":"2026-09-05T02:37:43+00:00","mainEntityOfPage":{"@id":"https:\/\/sarmiento24h.com\/?p=414003"},"wordCount":696,"publisher":{"@id":"https:\/\/sarmiento24h.com\/#organization"},"image":{"@id":"https:\/\/sarmiento24h.com\/?p=414003#primaryimage"},"thumbnailUrl":"https:\/\/sarmiento24h.com\/wp-content\/uploads\/2026\/09\/aeropuerto-de-cabo-rojo-preve-iniciar-operaciones-en-febrero-de-2027.jpg","articleSection":["Actualidad","Turismo"],"inLanguage":"es"},{"@type":"WebPage","@id":"https:\/\/sarmiento24h.com\/?p=414003","url":"https:\/\/sarmiento24h.com\/?p=414003","name":"Aeropuerto de Cabo Rojo prev\u00e9 iniciar operaciones en febrero de 2027 - Sarmiento24h","isPartOf":{"@id":"https:\/\/sarmiento24h.com\/#website"},"primaryImageOfPage":{"@id":"https:\/\/sarmiento24h.com\/?p=414003#primaryimage"},"image":{"@id":"https:\/\/sarmiento24h.com\/?p=414003#primaryimage"},"thumbnailUrl":"https:\/\/sarmiento24h.com\/wp-content\/uploads\/2026\/09\/aeropuerto-de-cabo-rojo-preve-iniciar-operaciones-en-febrero-de-2027.jpg","datePublished":"2026-09-05T02:37:43+00:00","breadcrumb":{"@id":"https:\/\/sarmiento24h.com\/?p=414003#breadcrumb"},"inLanguage":"es","potentialAction":[{"@type":"ReadAction","target":["https:\/\/sarmiento24h.com\/?p=414003"]}]},{"@type":"ImageObject","inLanguage":"es","@id":"https:\/\/sarmiento24h.com\/?p=414003#primaryimage","url":"https:\/\/sarmiento24h.com\/wp-content\/uploads\/2026\/09\/aeropuerto-de-cabo-rojo-preve-iniciar-operaciones-en-febrero-de-2027.jpg","contentUrl":"https:\/\/sarmiento24h.com\/wp-content\/uploads\/2026\/09\/aeropuerto-de-cabo-rojo-preve-iniciar-operaciones-en-febrero-de-2027.jpg","width":1024,"height":682},{"@type":"BreadcrumbList","@id":"https:\/\/sarmiento24h.com\/?p=414003#breadcrumb","itemListElement":[{"@type":"ListItem","position":1,"name":"Home","item":"https:\/\/sarmiento24h.com\/"},{"@type":"ListItem","position":2,"name":"Aeropuerto de Cabo Rojo prev\u00e9 iniciar operaciones en febrero de 2027"}]},{"@type":"WebSite","@id":"https:\/\/sarmiento24h.com\/#website","url":"https:\/\/sarmiento24h.com\/","name":"Sarmiento24h","description":"","publisher":{"@id":"https:\/\/sarmiento24h.com\/#organization"},"potentialAction":[{"@type":"SearchAction","target":{"@type":"EntryPoint","urlTemplate":"https:\/\/sarmiento24h.com\/?s={search_term_string}"},"query-input":{"@type":"PropertyValueSpecification","valueRequired":true,"valueName":"search_term_string"}}],"inLanguage":"es"},{"@type":"Organization","@id":"https:\/\/sarmiento24h.com\/#organization","name":"Sarmiento24h","url":"https:\/\/sarmiento24h.com\/","logo":{"@type":"ImageObject","inLanguage":"es","@id":"https:\/\/sarmiento24h.com\/#\/schema\/logo\/image\/","url":"https:\/\/sarmiento24h.com\/wp-content\/uploads\/2025\/12\/AddText_12-16-10.30.52.jpg","contentUrl":"https:\/\/sarmiento24h.com\/wp-content\/uploads\/2025\/12\/AddText_12-16-10.30.52.jpg","width":1220,"height":324,"caption":"Sarmiento24h"},"image":{"@id":"https:\/\/sarmiento24h.com\/#\/schema\/logo\/image\/"},"sameAs":["https:\/\/facebook.com\/s24hnoticias","https:\/\/x.com\/sarmiento24h"]},{"@type":"Person","@id":"https:\/\/sarmiento24h.com\/#\/schema\/person\/d653a59725ad629a7e0429af7b939d4d","name":"sarmiento24h@gmail.com","image":{"@type":"ImageObject","inLanguage":"es","@id":"https:\/\/sarmiento24h.com\/wp-content\/litespeed\/avatar\/d02cbc4e23c747e6659cd45907173c8f.jpg?ver=1788047690","url":"https:\/\/sarmiento24h.com\/wp-content\/litespeed\/avatar\/d02cbc4e23c747e6659cd45907173c8f.jpg?ver=1788047690","contentUrl":"https:\/\/sarmiento24h.com\/wp-content\/litespeed\/avatar\/d02cbc4e23c747e6659cd45907173c8f.jpg?ver=1788047690","caption":"sarmiento24h@gmail.com"},"sameAs":["https:\/\/sarmiento24h.com"],"url":"https:\/\/sarmiento24h.com\/?author=1"}]}},"jetpack_publicize_connections":[],"jetpack_featured_media_url":"https:\/\/sarmiento24h.com\/wp-content\/uploads\/2026\/09\/aeropuerto-de-cabo-rojo-preve-iniciar-operaciones-en-febrero-de-2027.jpg","jetpack_sharing_enabled":true,"_links":{"self":[{"href":"https:\/\/sarmiento24h.com\/index.php?rest_route=\/wp\/v2\/posts\/414003","targetHints":{"allow":["GET"]}}],"collection":[{"href":"https:\/\/sarmiento24h.com\/index.php?rest_route=\/wp\/v2\/posts"}],"about":[{"href":"https:\/\/sarmiento24h.com\/index.php?rest_route=\/wp\/v2\/types\/post"}],"author":[{"embeddable":true,"href":"https:\/\/sarmiento24h.com\/index.php?rest_route=\/wp\/v2\/users\/1"}],"replies":[{"embeddable":true,"href":"https:\/\/sarmiento24h.com\/index.php?rest_route=%2Fwp%2Fv2%2Fcomments&post=414003"}],"version-history":[{"count":0,"href":"https:\/\/sarmiento24h.com\/index.php?rest_route=\/wp\/v2\/posts\/414003\/revisions"}],"wp:featuredmedia":[{"embeddable":true,"href":"https:\/\/sarmiento24h.com\/index.php?rest_route=\/wp\/v2\/media\/414004"}],"wp:attachment":[{"href":"https:\/\/sarmiento24h.com\/index.php?rest_route=%2Fwp%2Fv2%2Fmedia&parent=414003"}],"wp:term":[{"taxonomy":"category","embeddable":true,"href":"https:\/\/sarmiento24h.com\/index.php?rest_route=%2Fwp%2Fv2%2Fcategories&post=414003"},{"taxonomy":"post_tag","embeddable":true,"href":"https:\/\/sarmiento24h.com\/index.php?rest_route=%2Fwp%2Fv2%2Ftags&post=414003"}],"curies":[{"name":"wp","href":"https:\/\/api.w.org\/{rel}","templated":true}]}}