{"id":414039,"date":"2026-09-05T03:47:04","date_gmt":"2026-09-05T03:47:04","guid":{"rendered":"https:\/\/pinceldigital.do\/?p=76288"},"modified":"2026-09-05T03:47:04","modified_gmt":"2026-09-05T03:47:04","slug":"luis-miguel-de-camps-apuesta-por-conectar-educacion-talento-y-vocaciones-productivas-para-transformar-el-agro","status":"publish","type":"post","link":"https:\/\/sarmiento24h.com\/?p=414039","title":{"rendered":"Luis Miguel De Camps apuesta por conectar educaci\u00f3n, talento y vocaciones productivas para transformar el agro"},"content":{"rendered":"<p class=\"wp-block-paragraph\">El ministro de Educaci\u00f3n, Luis Miguel De Camps, resalt\u00f3 la importancia de fortalecer desde las primeras etapas de formaci\u00f3n el v\u00ednculo de los estudiantes con el sector agropecuario, a fin de desarrollar las capacidades que permitan a las nuevas generaciones acceder a mayores oportunidades.<\/p>\n<p class=\"wp-block-paragraph\">Durante su participaci\u00f3n en el XXVIII Encuentro de L\u00edderes del Sector Agropecuario, organizado por la Junta Agroempresarial Dominicana (JAD), De Camps afirm\u00f3 que la formaci\u00f3n del capital humano que requiere el desarrollo del agro no puede comenzar \u00fanicamente cuando los estudiantes llegan a la Educaci\u00f3n Secundaria y deben escoger una modalidad.<\/p>\n<p class=\"wp-block-paragraph\">\u201cLa cultura agropecuaria empieza desde antes: con ciencias, matem\u00e1ticas, educaci\u00f3n medioambiental, sostenibilidad, conocimiento del territorio, tecnolog\u00eda, emprendimiento y comprensi\u00f3n del valor que tienen la producci\u00f3n y los alimentos para la vida de una sociedad\u201d, expres\u00f3 De Camps.<\/p>\n<p class=\"wp-block-paragraph\">Al participar en el panel de ministros \u201cFormaci\u00f3n del Capital Humano para la Agropecuaria y la Agroindustria Nacionales\u201d, el titular del Ministerio de Educaci\u00f3n explic\u00f3 que uno de los principales desaf\u00edos del sistema educativo es lograr una mayor pertinencia entre las capacidades que desarrolla y las transformaciones que experimentan los distintos sectores productivos y territorios del pa\u00eds.<\/p>\n<p class=\"wp-block-paragraph\">Se\u00f1al\u00f3 que las vocaciones productivas var\u00edan entre las regiones y provincias, por lo que la oferta educativa no puede concebirse de manera uniforme, sino tomando en cuenta qu\u00e9 produce cada territorio, cu\u00e1les son sus potencialidades y qu\u00e9 capacidades humanas necesitar\u00e1 para desarrollarlas.<\/p>\n<p class=\"wp-block-paragraph\">De Camps indic\u00f3 que ese enfoque forma parte de la visi\u00f3n educativa impulsada por el presidente Luis Abinader, orientada a avanzar hacia un sistema que, adem\u00e1s del acceso y la cobertura, responda por los aprendizajes, las capacidades, la pertinencia y las oportunidades de los estudiantes.<\/p>\n<p class=\"wp-block-paragraph\">El ministro destac\u00f3 que el pa\u00eds ya cuenta con una base de formaci\u00f3n vinculada con la agropecuaria y la agroindustria, presente en 17 regionales, 44 distritos educativos y 51 polit\u00e9cnicos, con 2,610 estudiantes matriculados.<\/p>\n<p class=\"wp-block-paragraph\">Precis\u00f3 que Azua, La Vega, San Crist\u00f3bal, Santiago y San Juan de la Maguana concentran 1,651 estudiantes, equivalentes al 63.3 % de esa matr\u00edcula.<\/p>\n<p class=\"wp-block-paragraph\">La oferta incluye Producci\u00f3n Agropecuaria, Industrias Alimentarias, Conservaci\u00f3n del Medio Natural y An\u00e1lisis Qu\u00edmico-Farmac\u00e9utico, con la mayor concentraci\u00f3n de estudiantes en Producci\u00f3n Agropecuaria.<\/p>\n<p class=\"wp-block-paragraph\">De Camps plante\u00f3 que el reto no consiste solamente en ampliar la matr\u00edcula, sino en determinar d\u00f3nde debe crecer la oferta, cu\u00e1les t\u00edtulos necesita cada territorio, qu\u00e9 capacidades docentes deben fortalecerse y cu\u00e1les talleres y laboratorios son necesarios para conectar la formaci\u00f3n con las cadenas productivas reales.<\/p>\n<p class=\"wp-block-paragraph\">En ese sentido, afirm\u00f3 que la Educaci\u00f3n T\u00e9cnico-Profesional es una trayectoria de formaci\u00f3n leg\u00edtima, exigente y capaz de abrir oportunidades de continuidad educativa, emprendimiento y desarrollo profesional.<\/p>\n<p class=\"wp-block-paragraph\">Inform\u00f3 que el Ministerio de Educaci\u00f3n avanza en la actualizaci\u00f3n de la oferta curricular de la familia profesional agropecuaria y en una cartera de t\u00edtulos orientada a responder mejor a las nuevas necesidades de producci\u00f3n y transformaci\u00f3n.<\/p>\n<p class=\"wp-block-paragraph\">De Camps sostuvo que la relaci\u00f3n entre educaci\u00f3n y producci\u00f3n debe dejar de ser reactiva para convertirse en anticipatoria, de manera que el pa\u00eds pueda identificar las capacidades que necesitar\u00e1 el agro dentro de cinco o diez a\u00f1os y comenzar a desarrollarlas desde ahora.<\/p>\n<p class=\"wp-block-paragraph\">Hizo \u00e9nfasis en que el objetivo de la educaci\u00f3n no es formar \u00fanicamente empleados, sino personas capaces de decidir, innovar, emprender y contribuir al desarrollo de sus comunidades y del pa\u00eds.<\/p>\n<figure class=\"wp-block-gallery has-nested-images columns-default is-cropped wp-block-gallery-1 is-layout-flex wp-block-gallery-is-layout-flex\">\n<figure class=\"wp-block-image size-large\"><img loading=\"lazy\" decoding=\"async\" data-recalc-dims=\"1\" width=\"696\" height=\"464\" data-id=\"76292\" src=\"https:\/\/i0.wp.com\/pinceldigital.do\/wp-content\/uploads\/2026\/09\/174d066d-8812-4912-b856-7c22f19f4bf9.jpeg?resize=696%2C464&amp;ssl=1\" alt class=\"wp-image-76292\" srcset=\"https:\/\/i0.wp.com\/pinceldigital.do\/wp-content\/uploads\/2026\/09\/174d066d-8812-4912-b856-7c22f19f4bf9.jpeg?w=696&amp;ssl=1 696w, https:\/\/i0.wp.com\/pinceldigital.do\/wp-content\/uploads\/2026\/09\/174d066d-8812-4912-b856-7c22f19f4bf9.jpeg?resize=300%2C200&amp;ssl=1 300w, https:\/\/i0.wp.com\/pinceldigital.do\/wp-content\/uploads\/2026\/09\/174d066d-8812-4912-b856-7c22f19f4bf9.jpeg?resize=630%2C420&amp;ssl=1 630w\" sizes=\"auto, (max-width: 696px) 100vw, 696px\"><\/figure>\n<figure class=\"wp-block-image size-large\"><img loading=\"lazy\" decoding=\"async\" data-recalc-dims=\"1\" width=\"464\" height=\"696\" data-id=\"76290\" src=\"https:\/\/i0.wp.com\/pinceldigital.do\/wp-content\/uploads\/2026\/09\/6d7fc05e-ab04-43fc-af62-160b08341969.jpeg?resize=464%2C696&amp;ssl=1\" alt class=\"wp-image-76290\" srcset=\"https:\/\/i0.wp.com\/pinceldigital.do\/wp-content\/uploads\/2026\/09\/6d7fc05e-ab04-43fc-af62-160b08341969.jpeg?w=464&amp;ssl=1 464w, https:\/\/i0.wp.com\/pinceldigital.do\/wp-content\/uploads\/2026\/09\/6d7fc05e-ab04-43fc-af62-160b08341969.jpeg?resize=200%2C300&amp;ssl=1 200w, https:\/\/i0.wp.com\/pinceldigital.do\/wp-content\/uploads\/2026\/09\/6d7fc05e-ab04-43fc-af62-160b08341969.jpeg?resize=280%2C420&amp;ssl=1 280w\" sizes=\"auto, (max-width: 464px) 100vw, 464px\"><\/figure>\n<figure class=\"wp-block-image size-large\"><img loading=\"lazy\" decoding=\"async\" data-recalc-dims=\"1\" width=\"696\" height=\"464\" data-id=\"76291\" src=\"https:\/\/i0.wp.com\/pinceldigital.do\/wp-content\/uploads\/2026\/09\/4a2e8cf0-b3a2-452a-a064-28e2e7103032.jpeg?resize=696%2C464&amp;ssl=1\" alt class=\"wp-image-76291\" srcset=\"https:\/\/i0.wp.com\/pinceldigital.do\/wp-content\/uploads\/2026\/09\/4a2e8cf0-b3a2-452a-a064-28e2e7103032.jpeg?w=696&amp;ssl=1 696w, https:\/\/i0.wp.com\/pinceldigital.do\/wp-content\/uploads\/2026\/09\/4a2e8cf0-b3a2-452a-a064-28e2e7103032.jpeg?resize=300%2C200&amp;ssl=1 300w, https:\/\/i0.wp.com\/pinceldigital.do\/wp-content\/uploads\/2026\/09\/4a2e8cf0-b3a2-452a-a064-28e2e7103032.jpeg?resize=630%2C420&amp;ssl=1 630w\" sizes=\"auto, (max-width: 696px) 100vw, 696px\"><\/figure>\n<figure class=\"wp-block-image size-large\"><img decoding=\"async\" data-recalc-dims=\"1\" loading=\"lazy\" width=\"696\" height=\"452\" data-id=\"76289\" src=\"https:\/\/i0.wp.com\/pinceldigital.do\/wp-content\/uploads\/2026\/09\/7c979ef5-0190-48cc-ad51-b27813ce736e.jpeg?resize=696%2C452&amp;ssl=1\" alt class=\"wp-image-76289\" srcset=\"https:\/\/i0.wp.com\/pinceldigital.do\/wp-content\/uploads\/2026\/09\/7c979ef5-0190-48cc-ad51-b27813ce736e.jpeg?w=696&amp;ssl=1 696w, https:\/\/i0.wp.com\/pinceldigital.do\/wp-content\/uploads\/2026\/09\/7c979ef5-0190-48cc-ad51-b27813ce736e.jpeg?resize=300%2C195&amp;ssl=1 300w, https:\/\/i0.wp.com\/pinceldigital.do\/wp-content\/uploads\/2026\/09\/7c979ef5-0190-48cc-ad51-b27813ce736e.jpeg?resize=647%2C420&amp;ssl=1 647w\" sizes=\"auto, (max-width: 696px) 100vw, 696px\"><\/figure>\n<\/figure>\n","protected":false},"excerpt":{"rendered":"<p>El ministro de Educaci\u00f3n, Luis Miguel De&#46;&#46;&#46;<\/p>\n","protected":false},"author":1,"featured_media":414040,"comment_status":"closed","ping_status":"closed","sticky":false,"template":"","format":"standard","meta":{"_jetpack_newsletter_access":"","_jetpack_dont_email_post_to_subs":false,"_jetpack_newsletter_tier_id":0,"_jetpack_memberships_contains_paywalled_content":false,"_jetpack_feature_clip_id":0,"_jetpack_memberships_contains_paid_content":false,"footnotes":"","jetpack_publicize_message":"","jetpack_publicize_feature_enabled":true,"jetpack_social_post_already_shared":true,"jetpack_social_options":{"image_generator_settings":{"template":"highway","default_image_id":0,"font":"","enabled":false},"version":2},"jetpack_post_was_ever_published":false},"categories":[42],"tags":[],"class_list":["post-414039","post","type-post","status-publish","format-standard","has-post-thumbnail","hentry","category-nacionales"],"yoast_head":"<!-- This site is optimized with the Yoast SEO plugin v28.1 - https:\/\/yoast.com\/product\/yoast-seo-wordpress\/ -->\n<title>Luis Miguel De Camps apuesta por conectar educaci\u00f3n, talento y vocaciones productivas para transformar el agro - Sarmiento24h<\/title>\n<meta name=\"robots\" content=\"index, follow, max-snippet:-1, max-image-preview:large, max-video-preview:-1\" \/>\n<link rel=\"canonical\" href=\"https:\/\/sarmiento24h.com\/?p=414039\" \/>\n<meta property=\"og:locale\" content=\"es_ES\" \/>\n<meta property=\"og:type\" content=\"article\" \/>\n<meta property=\"og:title\" content=\"Luis Miguel De Camps apuesta por conectar educaci\u00f3n, talento y vocaciones productivas para transformar el agro - Sarmiento24h\" \/>\n<meta property=\"og:description\" content=\"El ministro de Educaci\u00f3n, Luis Miguel De&#046;&#046;&#046;\" \/>\n<meta property=\"og:url\" content=\"https:\/\/sarmiento24h.com\/?p=414039\" \/>\n<meta property=\"og:site_name\" content=\"Sarmiento24h\" \/>\n<meta property=\"article:publisher\" content=\"https:\/\/facebook.com\/s24hnoticias\" \/>\n<meta property=\"article:published_time\" content=\"2026-09-05T03:47:04+00:00\" \/>\n<meta name=\"author\" content=\"sarmiento24h@gmail.com\" \/>\n<meta name=\"twitter:card\" content=\"summary_large_image\" \/>\n<meta name=\"twitter:creator\" content=\"@sarmiento24h\" \/>\n<meta name=\"twitter:site\" content=\"@sarmiento24h\" \/>\n<meta name=\"twitter:label1\" content=\"Escrito por\" \/>\n\t<meta name=\"twitter:data1\" content=\"sarmiento24h@gmail.com\" \/>\n\t<meta name=\"twitter:label2\" content=\"Tiempo de lectura\" \/>\n\t<meta name=\"twitter:data2\" content=\"3 minutos\" \/>\n<script type=\"application\/ld+json\" class=\"yoast-schema-graph\">{\"@context\":\"https:\\\/\\\/schema.org\",\"@graph\":[{\"@type\":\"Article\",\"@id\":\"https:\\\/\\\/sarmiento24h.com\\\/?p=414039#article\",\"isPartOf\":{\"@id\":\"https:\\\/\\\/sarmiento24h.com\\\/?p=414039\"},\"author\":{\"name\":\"sarmiento24h@gmail.com\",\"@id\":\"https:\\\/\\\/sarmiento24h.com\\\/#\\\/schema\\\/person\\\/d653a59725ad629a7e0429af7b939d4d\"},\"headline\":\"Luis Miguel De Camps apuesta por conectar educaci\u00f3n, talento y vocaciones productivas para transformar el agro\",\"datePublished\":\"2026-09-05T03:47:04+00:00\",\"mainEntityOfPage\":{\"@id\":\"https:\\\/\\\/sarmiento24h.com\\\/?p=414039\"},\"wordCount\":608,\"publisher\":{\"@id\":\"https:\\\/\\\/sarmiento24h.com\\\/#organization\"},\"image\":{\"@id\":\"https:\\\/\\\/sarmiento24h.com\\\/?p=414039#primaryimage\"},\"thumbnailUrl\":\"https:\\\/\\\/sarmiento24h.com\\\/wp-content\\\/uploads\\\/2026\\\/09\\\/luis-miguel-de-camps-apuesta-por-conectar-educacion-talento-y-vocaciones-productivas-para-transformar-el-agro.jpg\",\"articleSection\":[\"Nacionales\"],\"inLanguage\":\"es\"},{\"@type\":\"WebPage\",\"@id\":\"https:\\\/\\\/sarmiento24h.com\\\/?p=414039\",\"url\":\"https:\\\/\\\/sarmiento24h.com\\\/?p=414039\",\"name\":\"Luis Miguel De Camps apuesta por conectar educaci\u00f3n, talento y vocaciones productivas para transformar el agro - Sarmiento24h\",\"isPartOf\":{\"@id\":\"https:\\\/\\\/sarmiento24h.com\\\/#website\"},\"primaryImageOfPage\":{\"@id\":\"https:\\\/\\\/sarmiento24h.com\\\/?p=414039#primaryimage\"},\"image\":{\"@id\":\"https:\\\/\\\/sarmiento24h.com\\\/?p=414039#primaryimage\"},\"thumbnailUrl\":\"https:\\\/\\\/sarmiento24h.com\\\/wp-content\\\/uploads\\\/2026\\\/09\\\/luis-miguel-de-camps-apuesta-por-conectar-educacion-talento-y-vocaciones-productivas-para-transformar-el-agro.jpg\",\"datePublished\":\"2026-09-05T03:47:04+00:00\",\"breadcrumb\":{\"@id\":\"https:\\\/\\\/sarmiento24h.com\\\/?p=414039#breadcrumb\"},\"inLanguage\":\"es\",\"potentialAction\":[{\"@type\":\"ReadAction\",\"target\":[\"https:\\\/\\\/sarmiento24h.com\\\/?p=414039\"]}]},{\"@type\":\"ImageObject\",\"inLanguage\":\"es\",\"@id\":\"https:\\\/\\\/sarmiento24h.com\\\/?p=414039#primaryimage\",\"url\":\"https:\\\/\\\/sarmiento24h.com\\\/wp-content\\\/uploads\\\/2026\\\/09\\\/luis-miguel-de-camps-apuesta-por-conectar-educacion-talento-y-vocaciones-productivas-para-transformar-el-agro.jpg\",\"contentUrl\":\"https:\\\/\\\/sarmiento24h.com\\\/wp-content\\\/uploads\\\/2026\\\/09\\\/luis-miguel-de-camps-apuesta-por-conectar-educacion-talento-y-vocaciones-productivas-para-transformar-el-agro.jpg\",\"width\":696,\"height\":464},{\"@type\":\"BreadcrumbList\",\"@id\":\"https:\\\/\\\/sarmiento24h.com\\\/?p=414039#breadcrumb\",\"itemListElement\":[{\"@type\":\"ListItem\",\"position\":1,\"name\":\"Home\",\"item\":\"https:\\\/\\\/sarmiento24h.com\\\/\"},{\"@type\":\"ListItem\",\"position\":2,\"name\":\"Luis Miguel De Camps apuesta por conectar educaci\u00f3n, talento y vocaciones productivas para transformar el agro\"}]},{\"@type\":\"WebSite\",\"@id\":\"https:\\\/\\\/sarmiento24h.com\\\/#website\",\"url\":\"https:\\\/\\\/sarmiento24h.com\\\/\",\"name\":\"Sarmiento24h\",\"description\":\"\",\"publisher\":{\"@id\":\"https:\\\/\\\/sarmiento24h.com\\\/#organization\"},\"potentialAction\":[{\"@type\":\"SearchAction\",\"target\":{\"@type\":\"EntryPoint\",\"urlTemplate\":\"https:\\\/\\\/sarmiento24h.com\\\/?s={search_term_string}\"},\"query-input\":{\"@type\":\"PropertyValueSpecification\",\"valueRequired\":true,\"valueName\":\"search_term_string\"}}],\"inLanguage\":\"es\"},{\"@type\":\"Organization\",\"@id\":\"https:\\\/\\\/sarmiento24h.com\\\/#organization\",\"name\":\"Sarmiento24h\",\"url\":\"https:\\\/\\\/sarmiento24h.com\\\/\",\"logo\":{\"@type\":\"ImageObject\",\"inLanguage\":\"es\",\"@id\":\"https:\\\/\\\/sarmiento24h.com\\\/#\\\/schema\\\/logo\\\/image\\\/\",\"url\":\"https:\\\/\\\/sarmiento24h.com\\\/wp-content\\\/uploads\\\/2025\\\/12\\\/AddText_12-16-10.30.52.jpg\",\"contentUrl\":\"https:\\\/\\\/sarmiento24h.com\\\/wp-content\\\/uploads\\\/2025\\\/12\\\/AddText_12-16-10.30.52.jpg\",\"width\":1220,\"height\":324,\"caption\":\"Sarmiento24h\"},\"image\":{\"@id\":\"https:\\\/\\\/sarmiento24h.com\\\/#\\\/schema\\\/logo\\\/image\\\/\"},\"sameAs\":[\"https:\\\/\\\/facebook.com\\\/s24hnoticias\",\"https:\\\/\\\/x.com\\\/sarmiento24h\"]},{\"@type\":\"Person\",\"@id\":\"https:\\\/\\\/sarmiento24h.com\\\/#\\\/schema\\\/person\\\/d653a59725ad629a7e0429af7b939d4d\",\"name\":\"sarmiento24h@gmail.com\",\"image\":{\"@type\":\"ImageObject\",\"inLanguage\":\"es\",\"@id\":\"https:\\\/\\\/sarmiento24h.com\\\/wp-content\\\/litespeed\\\/avatar\\\/d02cbc4e23c747e6659cd45907173c8f.jpg?ver=1788047690\",\"url\":\"https:\\\/\\\/sarmiento24h.com\\\/wp-content\\\/litespeed\\\/avatar\\\/d02cbc4e23c747e6659cd45907173c8f.jpg?ver=1788047690\",\"contentUrl\":\"https:\\\/\\\/sarmiento24h.com\\\/wp-content\\\/litespeed\\\/avatar\\\/d02cbc4e23c747e6659cd45907173c8f.jpg?ver=1788047690\",\"caption\":\"sarmiento24h@gmail.com\"},\"sameAs\":[\"https:\\\/\\\/sarmiento24h.com\"],\"url\":\"https:\\\/\\\/sarmiento24h.com\\\/?author=1\"}]}<\/script>\n<!-- \/ Yoast SEO plugin. -->","yoast_head_json":{"title":"Luis Miguel De Camps apuesta por conectar educaci\u00f3n, talento y vocaciones productivas para transformar el agro - Sarmiento24h","robots":{"index":"index","follow":"follow","max-snippet":"max-snippet:-1","max-image-preview":"max-image-preview:large","max-video-preview":"max-video-preview:-1"},"canonical":"https:\/\/sarmiento24h.com\/?p=414039","og_locale":"es_ES","og_type":"article","og_title":"Luis Miguel De Camps apuesta por conectar educaci\u00f3n, talento y vocaciones productivas para transformar el agro - Sarmiento24h","og_description":"El ministro de Educaci\u00f3n, Luis Miguel De&#46;&#46;&#46;","og_url":"https:\/\/sarmiento24h.com\/?p=414039","og_site_name":"Sarmiento24h","article_publisher":"https:\/\/facebook.com\/s24hnoticias","article_published_time":"2026-09-05T03:47:04+00:00","author":"sarmiento24h@gmail.com","twitter_card":"summary_large_image","twitter_creator":"@sarmiento24h","twitter_site":"@sarmiento24h","twitter_misc":{"Escrito por":"sarmiento24h@gmail.com","Tiempo de lectura":"3 minutos"},"schema":{"@context":"https:\/\/schema.org","@graph":[{"@type":"Article","@id":"https:\/\/sarmiento24h.com\/?p=414039#article","isPartOf":{"@id":"https:\/\/sarmiento24h.com\/?p=414039"},"author":{"name":"sarmiento24h@gmail.com","@id":"https:\/\/sarmiento24h.com\/#\/schema\/person\/d653a59725ad629a7e0429af7b939d4d"},"headline":"Luis Miguel De Camps apuesta por conectar educaci\u00f3n, talento y vocaciones productivas para transformar el agro","datePublished":"2026-09-05T03:47:04+00:00","mainEntityOfPage":{"@id":"https:\/\/sarmiento24h.com\/?p=414039"},"wordCount":608,"publisher":{"@id":"https:\/\/sarmiento24h.com\/#organization"},"image":{"@id":"https:\/\/sarmiento24h.com\/?p=414039#primaryimage"},"thumbnailUrl":"https:\/\/sarmiento24h.com\/wp-content\/uploads\/2026\/09\/luis-miguel-de-camps-apuesta-por-conectar-educacion-talento-y-vocaciones-productivas-para-transformar-el-agro.jpg","articleSection":["Nacionales"],"inLanguage":"es"},{"@type":"WebPage","@id":"https:\/\/sarmiento24h.com\/?p=414039","url":"https:\/\/sarmiento24h.com\/?p=414039","name":"Luis Miguel De Camps apuesta por conectar educaci\u00f3n, talento y vocaciones productivas para transformar el agro - Sarmiento24h","isPartOf":{"@id":"https:\/\/sarmiento24h.com\/#website"},"primaryImageOfPage":{"@id":"https:\/\/sarmiento24h.com\/?p=414039#primaryimage"},"image":{"@id":"https:\/\/sarmiento24h.com\/?p=414039#primaryimage"},"thumbnailUrl":"https:\/\/sarmiento24h.com\/wp-content\/uploads\/2026\/09\/luis-miguel-de-camps-apuesta-por-conectar-educacion-talento-y-vocaciones-productivas-para-transformar-el-agro.jpg","datePublished":"2026-09-05T03:47:04+00:00","breadcrumb":{"@id":"https:\/\/sarmiento24h.com\/?p=414039#breadcrumb"},"inLanguage":"es","potentialAction":[{"@type":"ReadAction","target":["https:\/\/sarmiento24h.com\/?p=414039"]}]},{"@type":"ImageObject","inLanguage":"es","@id":"https:\/\/sarmiento24h.com\/?p=414039#primaryimage","url":"https:\/\/sarmiento24h.com\/wp-content\/uploads\/2026\/09\/luis-miguel-de-camps-apuesta-por-conectar-educacion-talento-y-vocaciones-productivas-para-transformar-el-agro.jpg","contentUrl":"https:\/\/sarmiento24h.com\/wp-content\/uploads\/2026\/09\/luis-miguel-de-camps-apuesta-por-conectar-educacion-talento-y-vocaciones-productivas-para-transformar-el-agro.jpg","width":696,"height":464},{"@type":"BreadcrumbList","@id":"https:\/\/sarmiento24h.com\/?p=414039#breadcrumb","itemListElement":[{"@type":"ListItem","position":1,"name":"Home","item":"https:\/\/sarmiento24h.com\/"},{"@type":"ListItem","position":2,"name":"Luis Miguel De Camps apuesta por conectar educaci\u00f3n, talento y vocaciones productivas para transformar el agro"}]},{"@type":"WebSite","@id":"https:\/\/sarmiento24h.com\/#website","url":"https:\/\/sarmiento24h.com\/","name":"Sarmiento24h","description":"","publisher":{"@id":"https:\/\/sarmiento24h.com\/#organization"},"potentialAction":[{"@type":"SearchAction","target":{"@type":"EntryPoint","urlTemplate":"https:\/\/sarmiento24h.com\/?s={search_term_string}"},"query-input":{"@type":"PropertyValueSpecification","valueRequired":true,"valueName":"search_term_string"}}],"inLanguage":"es"},{"@type":"Organization","@id":"https:\/\/sarmiento24h.com\/#organization","name":"Sarmiento24h","url":"https:\/\/sarmiento24h.com\/","logo":{"@type":"ImageObject","inLanguage":"es","@id":"https:\/\/sarmiento24h.com\/#\/schema\/logo\/image\/","url":"https:\/\/sarmiento24h.com\/wp-content\/uploads\/2025\/12\/AddText_12-16-10.30.52.jpg","contentUrl":"https:\/\/sarmiento24h.com\/wp-content\/uploads\/2025\/12\/AddText_12-16-10.30.52.jpg","width":1220,"height":324,"caption":"Sarmiento24h"},"image":{"@id":"https:\/\/sarmiento24h.com\/#\/schema\/logo\/image\/"},"sameAs":["https:\/\/facebook.com\/s24hnoticias","https:\/\/x.com\/sarmiento24h"]},{"@type":"Person","@id":"https:\/\/sarmiento24h.com\/#\/schema\/person\/d653a59725ad629a7e0429af7b939d4d","name":"sarmiento24h@gmail.com","image":{"@type":"ImageObject","inLanguage":"es","@id":"https:\/\/sarmiento24h.com\/wp-content\/litespeed\/avatar\/d02cbc4e23c747e6659cd45907173c8f.jpg?ver=1788047690","url":"https:\/\/sarmiento24h.com\/wp-content\/litespeed\/avatar\/d02cbc4e23c747e6659cd45907173c8f.jpg?ver=1788047690","contentUrl":"https:\/\/sarmiento24h.com\/wp-content\/litespeed\/avatar\/d02cbc4e23c747e6659cd45907173c8f.jpg?ver=1788047690","caption":"sarmiento24h@gmail.com"},"sameAs":["https:\/\/sarmiento24h.com"],"url":"https:\/\/sarmiento24h.com\/?author=1"}]}},"jetpack_publicize_connections":[],"jetpack_featured_media_url":"https:\/\/sarmiento24h.com\/wp-content\/uploads\/2026\/09\/luis-miguel-de-camps-apuesta-por-conectar-educacion-talento-y-vocaciones-productivas-para-transformar-el-agro.jpg","jetpack_sharing_enabled":true,"_links":{"self":[{"href":"https:\/\/sarmiento24h.com\/index.php?rest_route=\/wp\/v2\/posts\/414039","targetHints":{"allow":["GET"]}}],"collection":[{"href":"https:\/\/sarmiento24h.com\/index.php?rest_route=\/wp\/v2\/posts"}],"about":[{"href":"https:\/\/sarmiento24h.com\/index.php?rest_route=\/wp\/v2\/types\/post"}],"author":[{"embeddable":true,"href":"https:\/\/sarmiento24h.com\/index.php?rest_route=\/wp\/v2\/users\/1"}],"replies":[{"embeddable":true,"href":"https:\/\/sarmiento24h.com\/index.php?rest_route=%2Fwp%2Fv2%2Fcomments&post=414039"}],"version-history":[{"count":0,"href":"https:\/\/sarmiento24h.com\/index.php?rest_route=\/wp\/v2\/posts\/414039\/revisions"}],"wp:featuredmedia":[{"embeddable":true,"href":"https:\/\/sarmiento24h.com\/index.php?rest_route=\/wp\/v2\/media\/414040"}],"wp:attachment":[{"href":"https:\/\/sarmiento24h.com\/index.php?rest_route=%2Fwp%2Fv2%2Fmedia&parent=414039"}],"wp:term":[{"taxonomy":"category","embeddable":true,"href":"https:\/\/sarmiento24h.com\/index.php?rest_route=%2Fwp%2Fv2%2Fcategories&post=414039"},{"taxonomy":"post_tag","embeddable":true,"href":"https:\/\/sarmiento24h.com\/index.php?rest_route=%2Fwp%2Fv2%2Ftags&post=414039"}],"curies":[{"name":"wp","href":"https:\/\/api.w.org\/{rel}","templated":true}]}}