{"id":414114,"date":"2026-09-05T04:47:48","date_gmt":"2026-09-05T04:47:48","guid":{"rendered":"http:\/\/5e3d7d28-a8c8-11f1-90d9-d9c8cc477580"},"modified":"2026-09-05T04:47:48","modified_gmt":"2026-09-05T04:47:48","slug":"un-nuevo-mapamundipor-que-la-onu-quiere-dejar-atras-el-mapa-tradicional","status":"publish","type":"post","link":"https:\/\/sarmiento24h.com\/?p=414114","title":{"rendered":"Un nuevo mapamundi:\u00bfPor qu\u00e9 la ONU quiere dejar atr\u00e1s el mapa tradicional?"},"content":{"rendered":"<p>La <a href=\"https:\/\/www.france24.com\/es\/tag\/asamblea-general-de-la-onu\/\" target=\"_self\">Asamblea General de Naciones Unidas<\/a> aprob\u00f3 este viernes 4 de septiembre una <strong>resoluci\u00f3n que promueve dejar atr\u00e1s, para determinados usos, el mapamundi<\/strong> que durante siglos se utiliz\u00f3 en escuelas, medios de comunicaci\u00f3n y documentos oficiales.&nbsp;<\/p>\n<p>Con 164 votos a favor, <strong>un voto en contra de <a href=\"https:\/\/www.france24.com\/es\/tag\/estados-unidos\/\" target=\"_self\">Estados Unidos<\/a><\/strong> y seis abstenciones, la resoluci\u00f3n aprobada <strong>alienta a utilizar proyecciones como<\/strong> <strong>Equal Earth<\/strong>, que representan de manera m\u00e1s fiel el tama\u00f1o relativo de los continentes, en reemplazo de la tradicional proyecci\u00f3n de <strong>Mercator<\/strong>.<\/p>\n<p>El cambio puede parecer menor porque, despu\u00e9s de todo, los pa\u00edses seguir\u00e1n estando exactamente en el mismo lugar. Pero basta con mirar uno de los ejemplos m\u00e1s conocidos para entender el problema: en un mapamundi de Mercator, <strong><a href=\"https:\/\/www.france24.com\/es\/tag\/groenlandia\/\" target=\"_self\">Groenlandia<\/a> puede parecer casi tan grande como <a href=\"https:\/\/www.france24.com\/es\/tag\/\u00e1frica\/\" target=\"_self\">\u00c1frica<\/a>, <\/strong>cuando en realidad el <strong>continente africano es unas 14 veces mayor<\/strong>.<\/p>\n<div id=\"em-WBMZ417836-F24-ES-20260905\" class=\"m-em-flash\" data-xtwitter-script>\n<div class=\"o-em-consent \" readability=\"7\">\n<div class=\"o-em-consent__content\" readability=\"34\">\n<p class=\"o-em-consent__content__text\">Para mostrar este contenido de X (Twitter), debe autorizar las cookies de medici\u00f3n de audiencia y publicidad.<\/p>\n<p> <button class=\"a-master-button a-master-button--dark\" data-action=\"accept\"> Aceptar <svg class=\"a-svg a-svg--icon-check\"> <use xlink:href=\"\/build\/images\/svg\/sprite.68b43361c11f23b39049016b32e6ae31.svg#icon-check\" href=\"\/build\/images\/svg\/sprite.68b43361c11f23b39049016b32e6ae31.svg#icon-check\" \/> <\/svg> <\/button> <button class=\"a-link\" data-action=\"manage\">Gestionar mis opciones <svg class=\"a-svg a-svg--icon-edit\"> <use xlink:href=\"\/build\/images\/svg\/sprite.68b43361c11f23b39049016b32e6ae31.svg#icon-edit\" href=\"\/build\/images\/svg\/sprite.68b43361c11f23b39049016b32e6ae31.svg#icon-edit\" \/> <\/svg><br \/>\n<\/button> <\/div>\n<\/div>\n<\/div>\n<p>La explicaci\u00f3n est\u00e1 en un problema que los cart\u00f3grafos enfrentan desde hace much\u00edsimo tiempo: \u00bfc\u00f3mo representar sobre una superficie plana un planeta que es aproximadamente esf\u00e9rico?<\/p>\n<p>No hay una soluci\u00f3n perfecta. Cada vez que la superficie curva de la Tierra se traslada a un plano, algo se distorsiona, ya sea el tama\u00f1o, la forma, las distancias o las direcciones. La propia resoluci\u00f3n de Naciones Unidas reconoce que <strong>ninguna proyecci\u00f3n puede representar perfectamente el planeta<\/strong> y que cada una resulta apropiada para determinados fines.<\/p>\n<p class=\"a-read-more\"><span class=\"a-read-more__label\">Leer tambi\u00e9n<\/span><a href=\"https:\/\/www.france24.com\/es\/medio-oriente\/20260904-la-onu-denuncia-posibles-cr\u00edmenes-de-lesa-humanidad-de-israel-en-campos-de-refugiados-de-cisjordania\" target=\"_self\" class=\"a-read-more__link\">La ONU denuncia posibles cr\u00edmenes de lesa humanidad de Israel en campos de refugiados de Cisjordania<\/a><\/p>\n<h2><strong>Un mapa pensado para navegar<\/strong><\/h2>\n<p>La proyecci\u00f3n que domina buena parte del imaginario mundial fue creada en 1569 por el cart\u00f3grafo flamenco Gerardus Mercator. Su objetivo no era mostrar con exactitud cu\u00e1nto territorio ocupaba cada continente, sino <strong>facilitar la navegaci\u00f3n<\/strong>.<\/p>\n<p>Mercator logr\u00f3 conservar los \u00e1ngulos y las direcciones, lo que result\u00f3 muy \u00fatil para los navegantes. Una ruta pod\u00eda trazarse como una l\u00ednea recta sobre el mapa y mantener un rumbo constante con la br\u00fajula.<\/p>\n<p>El costo de eso es una <strong>fuerte distorsi\u00f3n de las superficies<\/strong>, que aumenta cuanto m\u00e1s lejos del ecuador se encuentra un territorio. Por eso Groenlandia, <a href=\"https:\/\/www.france24.com\/es\/tag\/canad\u00e1\/\" target=\"_self\">Canad\u00e1<\/a>, <a href=\"https:\/\/www.france24.com\/es\/tag\/rusia\/\" target=\"_self\">Rusia<\/a> o los pa\u00edses del norte de <a href=\"https:\/\/www.france24.com\/es\/europa\/\" target=\"_self\">Europa<\/a> aparecen mucho m\u00e1s grandes en relaci\u00f3n con zonas cercanas al ecuador.<\/p>\n<p>\u00c1frica, en cambio, queda <strong>visualmente m\u00e1s peque\u00f1a de lo que realmente es<\/strong>. Lo mismo ocurre, aunque en distintas proporciones, con <a href=\"https:\/\/www.france24.com\/es\/tag\/am\u00e9rica-latina\/\" target=\"_self\">Am\u00e9rica Latina<\/a>, <a href=\"https:\/\/www.france24.com\/es\/tag\/asia\/\" target=\"_self\">Asia<\/a> Meridional y otras regiones.<\/p>\n<div id=\"em-WBMZ417837-F24-ES-20260905\" class=\"m-em-flash\" data-xtwitter-script>\n<div class=\"o-em-consent \" readability=\"7\">\n<div class=\"o-em-consent__content\" readability=\"34\">\n<p class=\"o-em-consent__content__text\">Para mostrar este contenido de X (Twitter), debe autorizar las cookies de medici\u00f3n de audiencia y publicidad.<\/p>\n<p> <button class=\"a-master-button a-master-button--dark\" data-action=\"accept\"> Aceptar <svg class=\"a-svg a-svg--icon-check\"> <use xlink:href=\"\/build\/images\/svg\/sprite.68b43361c11f23b39049016b32e6ae31.svg#icon-check\" href=\"\/build\/images\/svg\/sprite.68b43361c11f23b39049016b32e6ae31.svg#icon-check\" \/> <\/svg> <\/button> <button class=\"a-link\" data-action=\"manage\">Gestionar mis opciones <svg class=\"a-svg a-svg--icon-edit\"> <use xlink:href=\"\/build\/images\/svg\/sprite.68b43361c11f23b39049016b32e6ae31.svg#icon-edit\" href=\"\/build\/images\/svg\/sprite.68b43361c11f23b39049016b32e6ae31.svg#icon-edit\" \/> <\/svg><br \/>\n<\/button> <\/div>\n<\/div>\n<\/div>\n<p>Naciones Unidas se\u00f1ala precisamente que Mercator distorsiona las masas continentales alejadas del ecuador y que, desde el punto de vista de la superficie, esto trae como consecuencia un empeque\u00f1ecimiento proporcional de \u00c1frica y otras regiones.<\/p>\n<p>Sin embargo, eso <strong>no convierte a Mercator en un mapa \u201cincorrecto\u201d<\/strong>. Sigue siendo \u00fatil para el prop\u00f3sito para el que fue creado. De hecho, la resoluci\u00f3n no proh\u00edbe expresamente su utilizaci\u00f3n en \u00e1mbitos como la navegaci\u00f3n. El cuestionamiento aparece cuando una proyecci\u00f3n dise\u00f1ada con ese objetivo se termina utilizando como una representaci\u00f3n general del tama\u00f1o del mundo.<\/p>\n<p class=\"a-read-more\"><span class=\"a-read-more__label\">Leer tambi\u00e9n<\/span><a href=\"https:\/\/www.france24.com\/es\/programas\/\u00e1frica-7-d\u00edas\/20260901-libia-camino-a-la-unificaci\u00f3n-rivales-pactan-una-hoja-de-ruta-electoral\" target=\"_self\" class=\"a-read-more__link\">Libia, \u00bfcamino a la unificaci\u00f3n?: rivales pactan una hoja de ruta electoral<\/a><\/p>\n<h2><strong>\u00bfQu\u00e9 cambia con Equal Earth?<\/strong><\/h2>\n<p>La alternativa impulsada por la resoluci\u00f3n es Equal Earth, una proyecci\u00f3n desarrollada en 2018 por un grupo de cart\u00f3grafos.<\/p>\n<p>Su l\u00f3gica es distinta a la de Mercator. Equal Earth pertenece a las llamadas proyecciones de \u00e1rea equivalente, que buscan preservar las proporciones de superficie. En otras palabras, <strong>si un territorio es varias veces m\u00e1s grande que otro en el mundo real, esa diferencia tambi\u00e9n deber\u00eda percibirse en el mapa<\/strong>.<\/p>\n<p>Por eso, al pasar de Mercator a Equal Earth, \u00c1frica, Am\u00e9rica Latina, Asia Meridional y Ocean\u00eda parecen crecer, mientras algunas regiones del norte parecen reducirse.<\/p>\n<p>Pero los continentes no cambiaron de tama\u00f1o, sino que lo que cambia es la forma de trasladarlos al plano.<\/p>\n<div id=\"em-WBMZ417838-F24-ES-20260905\" class=\"m-em-flash\" data-xtwitter-script>\n<div class=\"o-em-consent \" readability=\"7\">\n<div class=\"o-em-consent__content\" readability=\"34\">\n<p class=\"o-em-consent__content__text\">Para mostrar este contenido de X (Twitter), debe autorizar las cookies de medici\u00f3n de audiencia y publicidad.<\/p>\n<p> <button class=\"a-master-button a-master-button--dark\" data-action=\"accept\"> Aceptar <svg class=\"a-svg a-svg--icon-check\"> <use xlink:href=\"\/build\/images\/svg\/sprite.68b43361c11f23b39049016b32e6ae31.svg#icon-check\" href=\"\/build\/images\/svg\/sprite.68b43361c11f23b39049016b32e6ae31.svg#icon-check\" \/> <\/svg> <\/button> <button class=\"a-link\" data-action=\"manage\">Gestionar mis opciones <svg class=\"a-svg a-svg--icon-edit\"> <use xlink:href=\"\/build\/images\/svg\/sprite.68b43361c11f23b39049016b32e6ae31.svg#icon-edit\" href=\"\/build\/images\/svg\/sprite.68b43361c11f23b39049016b32e6ae31.svg#icon-edit\" \/> <\/svg><br \/>\n<\/button> <\/div>\n<\/div>\n<\/div>\n<p>Uno de los creadores de Equal Earth, Bojan \u0160avri\u010d, explic\u00f3 que la proyecci\u00f3n busca <strong>preservar las superficies relativas de los continentes<\/strong> y, al mismo tiempo, <strong>mantener sus formas<\/strong> lo m\u00e1s parecidas posible a como se observan sobre un globo.<\/p>\n<p>La ONU considera que Equal Earth ofrece una representaci\u00f3n m\u00e1s precisa del tama\u00f1o de las masas continentales. Sin embargo, la resoluci\u00f3n tampoco establece que tenga que convertirse en el \u00fanico mapamundi posible:<strong> alienta el uso de Equal Earth<\/strong> o de otras proyecciones similares cuando sea importante representar correctamente las superficies.<\/p>\n<h2><strong>\u00bfVa a desaparecer el mapa de Mercator?<\/strong><\/h2>\n<p>La respuesta es <strong>no<\/strong>. La resoluci\u00f3n de la Asamblea General no es jur\u00eddicamente vinculante y tampoco proh\u00edbe la proyecci\u00f3n de Mercator.<\/p>\n<p>En cambio, recomienda a los Estados, organismos internacionales y otras instituciones que <strong>adopten y difundan mapas que reproduzcan de manera m\u00e1s fiel el tama\u00f1o de los continentes<\/strong> cuando esa sea la informaci\u00f3n relevante.<\/p>\n<p>Asimismo, alienta la creaci\u00f3n de normas para las herramientas cartogr\u00e1ficas digitales e impresas e insta a las grandes plataformas tecnol\u00f3gicas a dialogar con los gobiernos y las organizaciones regionales para avanzar hacia representaciones m\u00e1s precisas del planeta.<\/p>\n<p>Tambi\u00e9n pide incorporar una ense\u00f1anza m\u00e1s cr\u00edtica de la cartograf\u00eda en los programas escolares y explicar a los usuarios las caracter\u00edsticas, las limitaciones y los usos adecuados de las distintas proyecciones.<\/p>\n<p class=\"a-read-more\"><span class=\"a-read-more__label\">Leer tambi\u00e9n<\/span><a href=\"https:\/\/www.france24.com\/es\/\u00e1frica\/20260820-liberia-el-nuevo-destino-de-1-200-migrantes-deportados-de-estados-unidos-a-terceros-pa\u00edses\" target=\"_self\" class=\"a-read-more__link\">Liberia: el nuevo destino de 1.200 migrantes deportados de Estados Unidos a terceros pa\u00edses<\/a><\/p>\n<p><a href=\"https:\/\/www.france24.com\/es\/tag\/togo\/\" target=\"_self\">Togo<\/a>, que encabez\u00f3 la iniciativa junto con otros pa\u00edses africanos, ya anunci\u00f3 que pretende<strong> modificar sus propios materiales escolares<\/strong> antes de finales de este a\u00f1o.<\/p>\n<p>La <a href=\"https:\/\/www.france24.com\/es\/tag\/uni\u00f3n-africana\/\" target=\"_self\">Uni\u00f3n Africana<\/a> (UA) celebr\u00f3 la aprobaci\u00f3n y dijo que <strong>\u201cmarca un paso hist\u00f3rico hacia una representaci\u00f3n cartogr\u00e1fica global precisa y equitativa\u201d<\/strong>.<\/p>\n<blockquote class=\"quote\" readability=\"11\">\n<p>\u201cDurante siglos, la proyecci\u00f3n de Mercator distorsion\u00f3 la geograf\u00eda global, reduciendo a \u00c1frica al tama\u00f1o de Groenlandia cuando nuestro continente es en realidad 14 veces m\u00e1s grande. La resoluci\u00f3n adoptada hoy garantiza que el mapa del mundo refleje finalmente la escala, el peso y el lugar reales de \u00c1frica\u201d.<\/p>\n<\/blockquote>\n<p>Francia, uno de los pa\u00edses que copatrocin\u00f3 la resoluci\u00f3n, tambi\u00e9n anunci\u00f3 que abandonar\u00e1 Mercator para materiales escolares.<\/p>\n<p>Su ministro de Exteriores, <a href=\"https:\/\/www.france24.com\/es\/tag\/jean-no\u00ebl-barrot\/\" target=\"_self\">Jean-No\u00ebl Barrot<\/a>, expres\u00f3 que cambiar los mapas \u00abobviamente no cambia el mundo\u201d, pero corregir una representaci\u00f3n distorsionada supone \u201cun acto de verdad\u201d.<\/p>\n<div id=\"em-WBMZ417839-F24-ES-20260905\" class=\"m-em-flash\" data-xtwitter-script>\n<div class=\"o-em-consent \" readability=\"7\">\n<div class=\"o-em-consent__content\" readability=\"34\">\n<p class=\"o-em-consent__content__text\">Para mostrar este contenido de X (Twitter), debe autorizar las cookies de medici\u00f3n de audiencia y publicidad.<\/p>\n<p> <button class=\"a-master-button a-master-button--dark\" data-action=\"accept\"> Aceptar <svg class=\"a-svg a-svg--icon-check\"> <use xlink:href=\"\/build\/images\/svg\/sprite.68b43361c11f23b39049016b32e6ae31.svg#icon-check\" href=\"\/build\/images\/svg\/sprite.68b43361c11f23b39049016b32e6ae31.svg#icon-check\" \/> <\/svg> <\/button> <button class=\"a-link\" data-action=\"manage\">Gestionar mis opciones <svg class=\"a-svg a-svg--icon-edit\"> <use xlink:href=\"\/build\/images\/svg\/sprite.68b43361c11f23b39049016b32e6ae31.svg#icon-edit\" href=\"\/build\/images\/svg\/sprite.68b43361c11f23b39049016b32e6ae31.svg#icon-edit\" \/> <\/svg><br \/>\n<\/button> <\/div>\n<\/div>\n<\/div>\n<h2><strong>Un debate que va m\u00e1s all\u00e1 de la cartograf\u00eda<\/strong><\/h2>\n<p>Detr\u00e1s de la discusi\u00f3n matem\u00e1tica tambi\u00e9n hay una disputa sobre <strong>c\u00f3mo los mapas influyen en la manera de ver el mundo<\/strong>.<\/p>\n<p>\u201cLos mapas no son \u00fanicamente herramientas geogr\u00e1ficas\u201d, asegur\u00f3 ante la Asamblea General el ministro de Exteriores de Togo, Robert Dussey.&nbsp;<\/p>\n<blockquote class=\"quote\" readability=\"8\">\n<p>\u201cDan forma a nuestro entendimiento del mundo, orientan la educaci\u00f3n, alimentan la imaginaci\u00f3n e influyen en las percepciones colectivas\u201d.<\/p>\n<\/blockquote>\n<p>Para los pa\u00edses que impulsaron la resoluci\u00f3n, la utilizaci\u00f3n durante siglos de mapas que reducen visualmente a \u00c1frica no es una cuesti\u00f3n puramente est\u00e9tica. Consideran que contribuy\u00f3 a <strong>minimizar simb\u00f3licamente al continente<\/strong> y a consolidar una visi\u00f3n desequilibrada de la geograf\u00eda mundial.<\/p>\n<p>La resoluci\u00f3n adopta justamente ese enfoque. Vincula la iniciativa con los esfuerzos de la Uni\u00f3n Africana para revisar determinados legados hist\u00f3ricos y sostiene que corregir la distorsi\u00f3n cartogr\u00e1fica constituye un <strong>acto de \u201cjusticia cognitiva y reparaci\u00f3n por el pasado\u201d<\/strong>.<\/p>\n<div class=\"m-em-image\">\n<figure class=\"m-item-image m-item-image--original m-item-image--has-caption\"> <picture class=\"a-picture a-picture--original\"><source type=\"image\/webp\" srcset=\"https:\/\/s.france24.com\/media\/display\/7736bc62-a897-11f1-bce0-005056bf30b7\/w:246\/90cec5fa3002ad36d573d6be0cb4d170445f6efb.webp 246w, https:\/\/s.france24.com\/media\/display\/7736bc62-a897-11f1-bce0-005056bf30b7\/w:388\/90cec5fa3002ad36d573d6be0cb4d170445f6efb.webp 388w, https:\/\/s.france24.com\/media\/display\/7736bc62-a897-11f1-bce0-005056bf30b7\/w:720\/90cec5fa3002ad36d573d6be0cb4d170445f6efb.webp 720w, https:\/\/s.france24.com\/media\/display\/7736bc62-a897-11f1-bce0-005056bf30b7\/w:980\/90cec5fa3002ad36d573d6be0cb4d170445f6efb.webp 980w\" sizes=\"(max-width: 1023px) calc(100vw - 32px), (min-width: 1024px) 850px\"><img fetchpriority=\"low\" decoding=\"async\" src=\"https:\/\/s.france24.com\/media\/display\/7736bc62-a897-11f1-bce0-005056bf30b7\/w:980\/90cec5fa3002ad36d573d6be0cb4d170445f6efb.jpg\" srcset=\"https:\/\/s.france24.com\/media\/display\/7736bc62-a897-11f1-bce0-005056bf30b7\/w:246\/90cec5fa3002ad36d573d6be0cb4d170445f6efb.jpg 246w, https:\/\/s.france24.com\/media\/display\/7736bc62-a897-11f1-bce0-005056bf30b7\/w:388\/90cec5fa3002ad36d573d6be0cb4d170445f6efb.jpg 388w, https:\/\/s.france24.com\/media\/display\/7736bc62-a897-11f1-bce0-005056bf30b7\/w:720\/90cec5fa3002ad36d573d6be0cb4d170445f6efb.jpg 720w, https:\/\/s.france24.com\/media\/display\/7736bc62-a897-11f1-bce0-005056bf30b7\/w:980\/90cec5fa3002ad36d573d6be0cb4d170445f6efb.jpg 980w\" sizes=\"(max-width: 1023px) calc(100vw - 32px), (min-width: 1024px) 850px\" alt=\"Estados Unidos fue el \u00fanico pa\u00eds que vot\u00f3 en contra de la resoluci\u00f3n.\" loading=\"lazy\" class=\"a-img \">\n<\/picture><figcaption class=\"a-figcaption\"> Estados Unidos fue el \u00fanico pa\u00eds que vot\u00f3 en contra de la resoluci\u00f3n. \u00a9 Kent NISHIMURA \/ AFP <\/figcaption><\/figure>\n<\/p><\/div>\n<p>Ese componente pol\u00edtico explica tambi\u00e9n la oposici\u00f3n de Estados Unidos, el \u00fanico pa\u00eds que vot\u00f3 en contra de la resoluci\u00f3n.<\/p>\n<p><a href=\"https:\/\/www.france24.com\/es\/tag\/washington\/\" target=\"_self\">Washington<\/a> acus\u00f3 a la Asamblea General de <strong>impulsar una \u201cagenda ideol\u00f3gica\u201d<\/strong> y cuestion\u00f3 que Naciones Unidas dedicara tiempo a discutir mapas del siglo XVI y conceptos relacionados con las reparaciones y la \u201cjusticia cognitiva\u201d, en lugar de concentrarse en problemas de paz, prosperidad y relaciones internacionales.<\/p>\n<p>Para el ministro Dussey de Togo, en cambio, la cuesti\u00f3n es precisamente qu\u00e9 imagen del planeta se transmite a las pr\u00f3ximas generaciones.<\/p>\n<blockquote class=\"quote\" readability=\"6\">\n<p>\u201cUn mundo justo comienza con un mapa justo\u00bb, sostuvo.<\/p>\n<\/blockquote>\n<p>La discusi\u00f3n, por lo tanto, no parece que vaya a terminar con la votaci\u00f3n de este viernes. La resoluci\u00f3n pide al secretario general de Naciones Unidas que informe sobre su aplicaci\u00f3n hasta el 83\u00ba per\u00edodo de sesiones y prev\u00e9 que el tema vuelva a la agenda de la Asamblea General.<\/p>\n<p>Con EFE, AFP, Reuters y medios locales<\/p>\n","protected":false},"excerpt":{"rendered":"<p>La Asamblea General de Naciones Unidas aprob\u00f3&#46;&#46;&#46;<\/p>\n","protected":false},"author":1,"featured_media":414115,"comment_status":"closed","ping_status":"closed","sticky":false,"template":"","format":"standard","meta":{"_jetpack_newsletter_access":"","_jetpack_dont_email_post_to_subs":false,"_jetpack_newsletter_tier_id":0,"_jetpack_memberships_contains_paywalled_content":false,"_jetpack_feature_clip_id":0,"_jetpack_memberships_contains_paid_content":false,"footnotes":"","jetpack_publicize_message":"","jetpack_publicize_feature_enabled":true,"jetpack_social_post_already_shared":true,"jetpack_social_options":{"image_generator_settings":{"template":"highway","default_image_id":0,"font":"","enabled":false},"version":2},"jetpack_post_was_ever_published":false},"categories":[43],"tags":[],"class_list":["post-414114","post","type-post","status-publish","format-standard","has-post-thumbnail","hentry","category-internacionales"],"yoast_head":"<!-- This site is optimized with the Yoast SEO plugin v28.1 - https:\/\/yoast.com\/product\/yoast-seo-wordpress\/ -->\n<title>Un nuevo mapamundi:\u00bfPor qu\u00e9 la ONU quiere dejar atr\u00e1s el mapa tradicional? - Sarmiento24h<\/title>\n<meta name=\"robots\" content=\"index, follow, max-snippet:-1, max-image-preview:large, max-video-preview:-1\" \/>\n<link rel=\"canonical\" href=\"https:\/\/sarmiento24h.com\/?p=414114\" \/>\n<meta property=\"og:locale\" content=\"es_ES\" \/>\n<meta property=\"og:type\" content=\"article\" \/>\n<meta property=\"og:title\" content=\"Un nuevo mapamundi:\u00bfPor qu\u00e9 la ONU quiere dejar atr\u00e1s el mapa tradicional? - Sarmiento24h\" \/>\n<meta property=\"og:description\" content=\"La Asamblea General de Naciones Unidas aprob\u00f3&#046;&#046;&#046;\" \/>\n<meta property=\"og:url\" content=\"https:\/\/sarmiento24h.com\/?p=414114\" \/>\n<meta property=\"og:site_name\" content=\"Sarmiento24h\" \/>\n<meta property=\"article:publisher\" content=\"https:\/\/facebook.com\/s24hnoticias\" \/>\n<meta property=\"article:published_time\" content=\"2026-09-05T04:47:48+00:00\" \/>\n<meta property=\"og:image\" content=\"https:\/\/s.france24.com\/media\/display\/7736bc62-a897-11f1-bce0-005056bf30b7\/w:980\/90cec5fa3002ad36d573d6be0cb4d170445f6efb.jpg\" \/>\n<meta name=\"author\" content=\"sarmiento24h@gmail.com\" \/>\n<meta name=\"twitter:card\" content=\"summary_large_image\" \/>\n<meta name=\"twitter:creator\" content=\"@sarmiento24h\" \/>\n<meta name=\"twitter:site\" content=\"@sarmiento24h\" \/>\n<meta name=\"twitter:label1\" content=\"Escrito por\" \/>\n\t<meta name=\"twitter:data1\" content=\"sarmiento24h@gmail.com\" \/>\n\t<meta name=\"twitter:label2\" content=\"Tiempo de lectura\" \/>\n\t<meta name=\"twitter:data2\" content=\"8 minutos\" \/>\n<script type=\"application\/ld+json\" class=\"yoast-schema-graph\">{\"@context\":\"https:\\\/\\\/schema.org\",\"@graph\":[{\"@type\":\"Article\",\"@id\":\"https:\\\/\\\/sarmiento24h.com\\\/?p=414114#article\",\"isPartOf\":{\"@id\":\"https:\\\/\\\/sarmiento24h.com\\\/?p=414114\"},\"author\":{\"name\":\"sarmiento24h@gmail.com\",\"@id\":\"https:\\\/\\\/sarmiento24h.com\\\/#\\\/schema\\\/person\\\/d653a59725ad629a7e0429af7b939d4d\"},\"headline\":\"Un nuevo mapamundi:\u00bfPor qu\u00e9 la ONU quiere dejar atr\u00e1s el mapa tradicional?\",\"datePublished\":\"2026-09-05T04:47:48+00:00\",\"mainEntityOfPage\":{\"@id\":\"https:\\\/\\\/sarmiento24h.com\\\/?p=414114\"},\"wordCount\":1539,\"publisher\":{\"@id\":\"https:\\\/\\\/sarmiento24h.com\\\/#organization\"},\"image\":{\"@id\":\"https:\\\/\\\/sarmiento24h.com\\\/?p=414114#primaryimage\"},\"thumbnailUrl\":\"https:\\\/\\\/sarmiento24h.com\\\/wp-content\\\/uploads\\\/2026\\\/09\\\/un-nuevo-mapamundipor-que-la-onu-quiere-dejar-atras-el-mapa-tradicional.jpg\",\"articleSection\":[\"Internacionales\"],\"inLanguage\":\"es\"},{\"@type\":\"WebPage\",\"@id\":\"https:\\\/\\\/sarmiento24h.com\\\/?p=414114\",\"url\":\"https:\\\/\\\/sarmiento24h.com\\\/?p=414114\",\"name\":\"Un nuevo mapamundi:\u00bfPor qu\u00e9 la ONU quiere dejar atr\u00e1s el mapa tradicional? - Sarmiento24h\",\"isPartOf\":{\"@id\":\"https:\\\/\\\/sarmiento24h.com\\\/#website\"},\"primaryImageOfPage\":{\"@id\":\"https:\\\/\\\/sarmiento24h.com\\\/?p=414114#primaryimage\"},\"image\":{\"@id\":\"https:\\\/\\\/sarmiento24h.com\\\/?p=414114#primaryimage\"},\"thumbnailUrl\":\"https:\\\/\\\/sarmiento24h.com\\\/wp-content\\\/uploads\\\/2026\\\/09\\\/un-nuevo-mapamundipor-que-la-onu-quiere-dejar-atras-el-mapa-tradicional.jpg\",\"datePublished\":\"2026-09-05T04:47:48+00:00\",\"breadcrumb\":{\"@id\":\"https:\\\/\\\/sarmiento24h.com\\\/?p=414114#breadcrumb\"},\"inLanguage\":\"es\",\"potentialAction\":[{\"@type\":\"ReadAction\",\"target\":[\"https:\\\/\\\/sarmiento24h.com\\\/?p=414114\"]}]},{\"@type\":\"ImageObject\",\"inLanguage\":\"es\",\"@id\":\"https:\\\/\\\/sarmiento24h.com\\\/?p=414114#primaryimage\",\"url\":\"https:\\\/\\\/sarmiento24h.com\\\/wp-content\\\/uploads\\\/2026\\\/09\\\/un-nuevo-mapamundipor-que-la-onu-quiere-dejar-atras-el-mapa-tradicional.jpg\",\"contentUrl\":\"https:\\\/\\\/sarmiento24h.com\\\/wp-content\\\/uploads\\\/2026\\\/09\\\/un-nuevo-mapamundipor-que-la-onu-quiere-dejar-atras-el-mapa-tradicional.jpg\",\"width\":980,\"height\":653},{\"@type\":\"BreadcrumbList\",\"@id\":\"https:\\\/\\\/sarmiento24h.com\\\/?p=414114#breadcrumb\",\"itemListElement\":[{\"@type\":\"ListItem\",\"position\":1,\"name\":\"Home\",\"item\":\"https:\\\/\\\/sarmiento24h.com\\\/\"},{\"@type\":\"ListItem\",\"position\":2,\"name\":\"Un nuevo mapamundi:\u00bfPor qu\u00e9 la ONU quiere dejar atr\u00e1s el mapa tradicional?\"}]},{\"@type\":\"WebSite\",\"@id\":\"https:\\\/\\\/sarmiento24h.com\\\/#website\",\"url\":\"https:\\\/\\\/sarmiento24h.com\\\/\",\"name\":\"Sarmiento24h\",\"description\":\"\",\"publisher\":{\"@id\":\"https:\\\/\\\/sarmiento24h.com\\\/#organization\"},\"potentialAction\":[{\"@type\":\"SearchAction\",\"target\":{\"@type\":\"EntryPoint\",\"urlTemplate\":\"https:\\\/\\\/sarmiento24h.com\\\/?s={search_term_string}\"},\"query-input\":{\"@type\":\"PropertyValueSpecification\",\"valueRequired\":true,\"valueName\":\"search_term_string\"}}],\"inLanguage\":\"es\"},{\"@type\":\"Organization\",\"@id\":\"https:\\\/\\\/sarmiento24h.com\\\/#organization\",\"name\":\"Sarmiento24h\",\"url\":\"https:\\\/\\\/sarmiento24h.com\\\/\",\"logo\":{\"@type\":\"ImageObject\",\"inLanguage\":\"es\",\"@id\":\"https:\\\/\\\/sarmiento24h.com\\\/#\\\/schema\\\/logo\\\/image\\\/\",\"url\":\"https:\\\/\\\/sarmiento24h.com\\\/wp-content\\\/uploads\\\/2025\\\/12\\\/AddText_12-16-10.30.52.jpg\",\"contentUrl\":\"https:\\\/\\\/sarmiento24h.com\\\/wp-content\\\/uploads\\\/2025\\\/12\\\/AddText_12-16-10.30.52.jpg\",\"width\":1220,\"height\":324,\"caption\":\"Sarmiento24h\"},\"image\":{\"@id\":\"https:\\\/\\\/sarmiento24h.com\\\/#\\\/schema\\\/logo\\\/image\\\/\"},\"sameAs\":[\"https:\\\/\\\/facebook.com\\\/s24hnoticias\",\"https:\\\/\\\/x.com\\\/sarmiento24h\"]},{\"@type\":\"Person\",\"@id\":\"https:\\\/\\\/sarmiento24h.com\\\/#\\\/schema\\\/person\\\/d653a59725ad629a7e0429af7b939d4d\",\"name\":\"sarmiento24h@gmail.com\",\"image\":{\"@type\":\"ImageObject\",\"inLanguage\":\"es\",\"@id\":\"https:\\\/\\\/sarmiento24h.com\\\/wp-content\\\/litespeed\\\/avatar\\\/d02cbc4e23c747e6659cd45907173c8f.jpg?ver=1788047690\",\"url\":\"https:\\\/\\\/sarmiento24h.com\\\/wp-content\\\/litespeed\\\/avatar\\\/d02cbc4e23c747e6659cd45907173c8f.jpg?ver=1788047690\",\"contentUrl\":\"https:\\\/\\\/sarmiento24h.com\\\/wp-content\\\/litespeed\\\/avatar\\\/d02cbc4e23c747e6659cd45907173c8f.jpg?ver=1788047690\",\"caption\":\"sarmiento24h@gmail.com\"},\"sameAs\":[\"https:\\\/\\\/sarmiento24h.com\"],\"url\":\"https:\\\/\\\/sarmiento24h.com\\\/?author=1\"}]}<\/script>\n<!-- \/ Yoast SEO plugin. -->","yoast_head_json":{"title":"Un nuevo mapamundi:\u00bfPor qu\u00e9 la ONU quiere dejar atr\u00e1s el mapa tradicional? - Sarmiento24h","robots":{"index":"index","follow":"follow","max-snippet":"max-snippet:-1","max-image-preview":"max-image-preview:large","max-video-preview":"max-video-preview:-1"},"canonical":"https:\/\/sarmiento24h.com\/?p=414114","og_locale":"es_ES","og_type":"article","og_title":"Un nuevo mapamundi:\u00bfPor qu\u00e9 la ONU quiere dejar atr\u00e1s el mapa tradicional? - Sarmiento24h","og_description":"La Asamblea General de Naciones Unidas aprob\u00f3&#46;&#46;&#46;","og_url":"https:\/\/sarmiento24h.com\/?p=414114","og_site_name":"Sarmiento24h","article_publisher":"https:\/\/facebook.com\/s24hnoticias","article_published_time":"2026-09-05T04:47:48+00:00","og_image":[{"url":"https:\/\/s.france24.com\/media\/display\/7736bc62-a897-11f1-bce0-005056bf30b7\/w:980\/90cec5fa3002ad36d573d6be0cb4d170445f6efb.jpg","type":"","width":"","height":""}],"author":"sarmiento24h@gmail.com","twitter_card":"summary_large_image","twitter_creator":"@sarmiento24h","twitter_site":"@sarmiento24h","twitter_misc":{"Escrito por":"sarmiento24h@gmail.com","Tiempo de lectura":"8 minutos"},"schema":{"@context":"https:\/\/schema.org","@graph":[{"@type":"Article","@id":"https:\/\/sarmiento24h.com\/?p=414114#article","isPartOf":{"@id":"https:\/\/sarmiento24h.com\/?p=414114"},"author":{"name":"sarmiento24h@gmail.com","@id":"https:\/\/sarmiento24h.com\/#\/schema\/person\/d653a59725ad629a7e0429af7b939d4d"},"headline":"Un nuevo mapamundi:\u00bfPor qu\u00e9 la ONU quiere dejar atr\u00e1s el mapa tradicional?","datePublished":"2026-09-05T04:47:48+00:00","mainEntityOfPage":{"@id":"https:\/\/sarmiento24h.com\/?p=414114"},"wordCount":1539,"publisher":{"@id":"https:\/\/sarmiento24h.com\/#organization"},"image":{"@id":"https:\/\/sarmiento24h.com\/?p=414114#primaryimage"},"thumbnailUrl":"https:\/\/sarmiento24h.com\/wp-content\/uploads\/2026\/09\/un-nuevo-mapamundipor-que-la-onu-quiere-dejar-atras-el-mapa-tradicional.jpg","articleSection":["Internacionales"],"inLanguage":"es"},{"@type":"WebPage","@id":"https:\/\/sarmiento24h.com\/?p=414114","url":"https:\/\/sarmiento24h.com\/?p=414114","name":"Un nuevo mapamundi:\u00bfPor qu\u00e9 la ONU quiere dejar atr\u00e1s el mapa tradicional? - Sarmiento24h","isPartOf":{"@id":"https:\/\/sarmiento24h.com\/#website"},"primaryImageOfPage":{"@id":"https:\/\/sarmiento24h.com\/?p=414114#primaryimage"},"image":{"@id":"https:\/\/sarmiento24h.com\/?p=414114#primaryimage"},"thumbnailUrl":"https:\/\/sarmiento24h.com\/wp-content\/uploads\/2026\/09\/un-nuevo-mapamundipor-que-la-onu-quiere-dejar-atras-el-mapa-tradicional.jpg","datePublished":"2026-09-05T04:47:48+00:00","breadcrumb":{"@id":"https:\/\/sarmiento24h.com\/?p=414114#breadcrumb"},"inLanguage":"es","potentialAction":[{"@type":"ReadAction","target":["https:\/\/sarmiento24h.com\/?p=414114"]}]},{"@type":"ImageObject","inLanguage":"es","@id":"https:\/\/sarmiento24h.com\/?p=414114#primaryimage","url":"https:\/\/sarmiento24h.com\/wp-content\/uploads\/2026\/09\/un-nuevo-mapamundipor-que-la-onu-quiere-dejar-atras-el-mapa-tradicional.jpg","contentUrl":"https:\/\/sarmiento24h.com\/wp-content\/uploads\/2026\/09\/un-nuevo-mapamundipor-que-la-onu-quiere-dejar-atras-el-mapa-tradicional.jpg","width":980,"height":653},{"@type":"BreadcrumbList","@id":"https:\/\/sarmiento24h.com\/?p=414114#breadcrumb","itemListElement":[{"@type":"ListItem","position":1,"name":"Home","item":"https:\/\/sarmiento24h.com\/"},{"@type":"ListItem","position":2,"name":"Un nuevo mapamundi:\u00bfPor qu\u00e9 la ONU quiere dejar atr\u00e1s el mapa tradicional?"}]},{"@type":"WebSite","@id":"https:\/\/sarmiento24h.com\/#website","url":"https:\/\/sarmiento24h.com\/","name":"Sarmiento24h","description":"","publisher":{"@id":"https:\/\/sarmiento24h.com\/#organization"},"potentialAction":[{"@type":"SearchAction","target":{"@type":"EntryPoint","urlTemplate":"https:\/\/sarmiento24h.com\/?s={search_term_string}"},"query-input":{"@type":"PropertyValueSpecification","valueRequired":true,"valueName":"search_term_string"}}],"inLanguage":"es"},{"@type":"Organization","@id":"https:\/\/sarmiento24h.com\/#organization","name":"Sarmiento24h","url":"https:\/\/sarmiento24h.com\/","logo":{"@type":"ImageObject","inLanguage":"es","@id":"https:\/\/sarmiento24h.com\/#\/schema\/logo\/image\/","url":"https:\/\/sarmiento24h.com\/wp-content\/uploads\/2025\/12\/AddText_12-16-10.30.52.jpg","contentUrl":"https:\/\/sarmiento24h.com\/wp-content\/uploads\/2025\/12\/AddText_12-16-10.30.52.jpg","width":1220,"height":324,"caption":"Sarmiento24h"},"image":{"@id":"https:\/\/sarmiento24h.com\/#\/schema\/logo\/image\/"},"sameAs":["https:\/\/facebook.com\/s24hnoticias","https:\/\/x.com\/sarmiento24h"]},{"@type":"Person","@id":"https:\/\/sarmiento24h.com\/#\/schema\/person\/d653a59725ad629a7e0429af7b939d4d","name":"sarmiento24h@gmail.com","image":{"@type":"ImageObject","inLanguage":"es","@id":"https:\/\/sarmiento24h.com\/wp-content\/litespeed\/avatar\/d02cbc4e23c747e6659cd45907173c8f.jpg?ver=1788047690","url":"https:\/\/sarmiento24h.com\/wp-content\/litespeed\/avatar\/d02cbc4e23c747e6659cd45907173c8f.jpg?ver=1788047690","contentUrl":"https:\/\/sarmiento24h.com\/wp-content\/litespeed\/avatar\/d02cbc4e23c747e6659cd45907173c8f.jpg?ver=1788047690","caption":"sarmiento24h@gmail.com"},"sameAs":["https:\/\/sarmiento24h.com"],"url":"https:\/\/sarmiento24h.com\/?author=1"}]}},"jetpack_publicize_connections":[],"jetpack_featured_media_url":"https:\/\/sarmiento24h.com\/wp-content\/uploads\/2026\/09\/un-nuevo-mapamundipor-que-la-onu-quiere-dejar-atras-el-mapa-tradicional.jpg","jetpack_sharing_enabled":true,"_links":{"self":[{"href":"https:\/\/sarmiento24h.com\/index.php?rest_route=\/wp\/v2\/posts\/414114","targetHints":{"allow":["GET"]}}],"collection":[{"href":"https:\/\/sarmiento24h.com\/index.php?rest_route=\/wp\/v2\/posts"}],"about":[{"href":"https:\/\/sarmiento24h.com\/index.php?rest_route=\/wp\/v2\/types\/post"}],"author":[{"embeddable":true,"href":"https:\/\/sarmiento24h.com\/index.php?rest_route=\/wp\/v2\/users\/1"}],"replies":[{"embeddable":true,"href":"https:\/\/sarmiento24h.com\/index.php?rest_route=%2Fwp%2Fv2%2Fcomments&post=414114"}],"version-history":[{"count":0,"href":"https:\/\/sarmiento24h.com\/index.php?rest_route=\/wp\/v2\/posts\/414114\/revisions"}],"wp:featuredmedia":[{"embeddable":true,"href":"https:\/\/sarmiento24h.com\/index.php?rest_route=\/wp\/v2\/media\/414115"}],"wp:attachment":[{"href":"https:\/\/sarmiento24h.com\/index.php?rest_route=%2Fwp%2Fv2%2Fmedia&parent=414114"}],"wp:term":[{"taxonomy":"category","embeddable":true,"href":"https:\/\/sarmiento24h.com\/index.php?rest_route=%2Fwp%2Fv2%2Fcategories&post=414114"},{"taxonomy":"post_tag","embeddable":true,"href":"https:\/\/sarmiento24h.com\/index.php?rest_route=%2Fwp%2Fv2%2Ftags&post=414114"}],"curies":[{"name":"wp","href":"https:\/\/api.w.org\/{rel}","templated":true}]}}