{"id":4147,"date":"2025-12-16T22:16:28","date_gmt":"2025-12-16T22:16:28","guid":{"rendered":"http:\/\/almomento.net\/?p=1086234"},"modified":"2025-12-16T22:16:28","modified_gmt":"2025-12-16T22:16:28","slug":"presidente-abinader-encabezo-encuentro-peluqueros-rd-2025","status":"publish","type":"post","link":"https:\/\/sarmiento24h.com\/?p=4147","title":{"rendered":"Presidente Abinader encabez\u00f3 encuentro Peluqueros RD 2025"},"content":{"rendered":"<p><!-- .entry-header --> <\/p>\n<div class=\"img_center\" readability=\"7\"> <a href=\"https:\/\/almomento.net\/wp-content\/uploads\/2025\/12\/WhatsApp-Image-2025-12-16-at-2.34.32-PM1.jpeg\" alt=\"Presidente Abinader encabez\u00f3 encuentro Peluqueros RD 2025\" title=\"Presidente Abinader encabez\u00f3 encuentro Peluqueros RD 2025\" data-toggle=\"lightbox\" class=\"thickbox\"><img decoding=\"async\" src=\"https:\/\/almomento.net\/wp-content\/uploads\/2025\/12\/WhatsApp-Image-2025-12-16-at-2.34.32-PM1.jpeg\" class=\"attachment-post-thumbnail size-post-thumbnail wp-post-image\" alt=\"imagen\" title=\"Presidente Abinader encabez\u00f3 encuentro Peluqueros RD 2025\" data-toggle data-title=\"Presidente Abinader encabez\u00f3 encuentro Peluqueros RD 2025\"><\/a><\/p>\n<p>Abinader es recortado por Billy N\u00fa\u00f1ez.<\/p>\n<\/p><\/div>\n<p>SANTO DOMINGO.\u2013 El presidente Luis Abinader encabez\u00f3 este martes un encuentro nacional con 1,000 peluqueros y barberos, en el marco del evento Peluqueros RD 2025, una jornada de integraci\u00f3n social, reconocimiento al trabajo comunitario y fortalecimiento del sector belleza.<\/p>\n<p>Unos 5,000 cortes de cabello fueron realizados de manera gratuita a comunitarios, reafirmando el compromiso del Gobierno con la inclusi\u00f3n, dignificaci\u00f3n del trabajo y el apoyo a los sectores productivos emergentes.<\/p>\n<p>Durante la actividad, celebrada en el Polideportivo Nuevo Domingo Savio, el Mandatario recibi\u00f3 un recorte de cabello realizado por Billy N\u00fa\u00f1ez, quien ejerce la profesi\u00f3n desde hace m\u00e1s de cinco d\u00e9cadas, resaltando el valor del oficio y su v\u00ednculo directo con la comunidad.<\/p>\n<p><strong>PELUQUEROS SON UN GRUPO DE ALTO IMPACTO SOCIAL<\/strong><\/p>\n<p>Abinader expres\u00f3 su cercan\u00eda, solidaridad y compromiso con el sector de los peluqueros&nbsp; de la Rep\u00fablica Dominicana, a quienes defini\u00f3 como un grupo de alto impacto social.<\/p>\n<p>Destac\u00f3 que pocos oficios influyen tanto en la vida cotidiana de la gente como el de la peluquer\u00eda, por su contacto directo con las comunidades y su aporte a la dignidad, la autoestima y el bienestar de miles de familias dominicanas.<\/p>\n<p>Desde el Estado, se\u00f1al\u00f3, se realizan encuentros permanentes con \u00e1reas claves de la sociedad, como el de los peluqueros, para escuchar sus necesidades y convertirlas en pol\u00edticas p\u00fablicas concretas. Dijo que este sector ocupa un lugar importante dentro de la agenda social y econ\u00f3mica del Gobierno.<\/p>\n<p><strong>UNA COOPERATIVA PARA EL SECTOR DE LOS PELUQUEROS<\/strong><\/p>\n<p>El Presidente Abinader inform\u00f3 que se ha impulsado la creaci\u00f3n de una cooperativa que cumpla con las normas establecidas, con el objetivo de servir como herramienta de financiamiento, ahorro y respaldo para el presente y el futuro de los trabajadores del sector.<\/p>\n<p>Indic\u00f3 que esta iniciativa busca fortalecer la estabilidad econ\u00f3mica de los peluqueros y abrirles mayores oportunidades de crecimiento.<\/p>\n<p>Asimismo, instruy\u00f3 a los responsables a reunirse a la mayor brevedad posible para crear un cap\u00edtulo y una l\u00ednea especial dirigida exclusivamente a peluqueros as\u00ed como evaluar alternativas que permitan facilitar la creaci\u00f3n de un club que responda a las necesidades del sector, especialmente en el Distrito Nacional.<\/p>\n<p>Reiter\u00f3 que el Gobierno se siente orgulloso de este gremio y mantiene compromisos firmes con su desarrollo.<\/p>\n<p>an\/am<\/p>\n<div class=\"heateor_sss_sharing_container heateor_sss_horizontal_sharing\" data-heateor-sss-href=\"https:\/\/almomento.net\/presidente-abinader-encabezo-encuentro-peluqueros-rd-2025\/\" readability=\"7\">\n<p>Comp\u00e1rtelo en tus redes:<\/p>\n<\/div>\n<p> <!-- 468x60 --><br \/>\n<ins class=\"adsbygoogle\" data-ad-client=\"ca-pub-3511341636159665\" data-ad-slot=\"3538255450\"><\/ins> <!-- .entry-content --> <\/p>\n","protected":false},"excerpt":{"rendered":"<p>Abinader es recortado por Billy N\u00fa\u00f1ez. SANTO&#46;&#46;&#46;<\/p>\n","protected":false},"author":1,"featured_media":4148,"comment_status":"closed","ping_status":"closed","sticky":false,"template":"","format":"standard","meta":{"_jetpack_memberships_contains_paid_content":false,"footnotes":"","jetpack_publicize_message":"","jetpack_publicize_feature_enabled":true,"jetpack_social_post_already_shared":false,"jetpack_social_options":{"image_generator_settings":{"template":"highway","default_image_id":0,"font":"","enabled":false},"version":2}},"categories":[69],"tags":[],"class_list":["post-4147","post","type-post","status-publish","format-standard","has-post-thumbnail","hentry","category-portada"],"yoast_head":"<!-- This site is optimized with the Yoast SEO plugin v27.3 - https:\/\/yoast.com\/product\/yoast-seo-wordpress\/ -->\n<title>Presidente Abinader encabez\u00f3 encuentro Peluqueros RD 2025 - Sarmiento24h<\/title>\n<meta name=\"robots\" content=\"index, follow, max-snippet:-1, max-image-preview:large, max-video-preview:-1\" \/>\n<link rel=\"canonical\" href=\"https:\/\/sarmiento24h.com\/?p=4147\" \/>\n<meta property=\"og:locale\" content=\"es_ES\" \/>\n<meta property=\"og:type\" content=\"article\" \/>\n<meta property=\"og:title\" content=\"Presidente Abinader encabez\u00f3 encuentro Peluqueros RD 2025 - Sarmiento24h\" \/>\n<meta property=\"og:description\" content=\"Abinader es recortado por Billy N\u00fa\u00f1ez. SANTO&#046;&#046;&#046;\" \/>\n<meta property=\"og:url\" content=\"https:\/\/sarmiento24h.com\/?p=4147\" \/>\n<meta property=\"og:site_name\" content=\"Sarmiento24h\" \/>\n<meta property=\"article:publisher\" content=\"https:\/\/facebook.com\/s24hnoticias\" \/>\n<meta property=\"article:published_time\" content=\"2025-12-16T22:16:28+00:00\" \/>\n<meta property=\"og:image\" content=\"https:\/\/sarmiento24h.com\/wp-content\/uploads\/2025\/12\/presidente-abinader-encabezo-encuentro-peluqueros-rd-2025.jpg\" \/>\n\t<meta property=\"og:image:width\" content=\"1600\" \/>\n\t<meta property=\"og:image:height\" content=\"1066\" \/>\n\t<meta property=\"og:image:type\" content=\"image\/jpeg\" \/>\n<meta name=\"author\" content=\"sarmiento24h@gmail.com\" \/>\n<meta name=\"twitter:card\" content=\"summary_large_image\" \/>\n<meta name=\"twitter:creator\" content=\"@sarmiento24h\" \/>\n<meta name=\"twitter:site\" content=\"@sarmiento24h\" \/>\n<meta name=\"twitter:label1\" content=\"Escrito por\" \/>\n\t<meta name=\"twitter:data1\" content=\"sarmiento24h@gmail.com\" \/>\n\t<meta name=\"twitter:label2\" content=\"Tiempo de lectura\" \/>\n\t<meta name=\"twitter:data2\" content=\"2 minutos\" \/>\n<script type=\"application\/ld+json\" class=\"yoast-schema-graph\">{\"@context\":\"https:\\\/\\\/schema.org\",\"@graph\":[{\"@type\":\"Article\",\"@id\":\"https:\\\/\\\/sarmiento24h.com\\\/?p=4147#article\",\"isPartOf\":{\"@id\":\"https:\\\/\\\/sarmiento24h.com\\\/?p=4147\"},\"author\":{\"name\":\"sarmiento24h@gmail.com\",\"@id\":\"https:\\\/\\\/sarmiento24h.com\\\/#\\\/schema\\\/person\\\/d653a59725ad629a7e0429af7b939d4d\"},\"headline\":\"Presidente Abinader encabez\u00f3 encuentro Peluqueros RD 2025\",\"datePublished\":\"2025-12-16T22:16:28+00:00\",\"mainEntityOfPage\":{\"@id\":\"https:\\\/\\\/sarmiento24h.com\\\/?p=4147\"},\"wordCount\":406,\"publisher\":{\"@id\":\"https:\\\/\\\/sarmiento24h.com\\\/#organization\"},\"image\":{\"@id\":\"https:\\\/\\\/sarmiento24h.com\\\/?p=4147#primaryimage\"},\"thumbnailUrl\":\"https:\\\/\\\/sarmiento24h.com\\\/wp-content\\\/uploads\\\/2025\\\/12\\\/presidente-abinader-encabezo-encuentro-peluqueros-rd-2025.jpg\",\"articleSection\":[\"Portada\"],\"inLanguage\":\"es\"},{\"@type\":\"WebPage\",\"@id\":\"https:\\\/\\\/sarmiento24h.com\\\/?p=4147\",\"url\":\"https:\\\/\\\/sarmiento24h.com\\\/?p=4147\",\"name\":\"Presidente Abinader encabez\u00f3 encuentro Peluqueros RD 2025 - Sarmiento24h\",\"isPartOf\":{\"@id\":\"https:\\\/\\\/sarmiento24h.com\\\/#website\"},\"primaryImageOfPage\":{\"@id\":\"https:\\\/\\\/sarmiento24h.com\\\/?p=4147#primaryimage\"},\"image\":{\"@id\":\"https:\\\/\\\/sarmiento24h.com\\\/?p=4147#primaryimage\"},\"thumbnailUrl\":\"https:\\\/\\\/sarmiento24h.com\\\/wp-content\\\/uploads\\\/2025\\\/12\\\/presidente-abinader-encabezo-encuentro-peluqueros-rd-2025.jpg\",\"datePublished\":\"2025-12-16T22:16:28+00:00\",\"breadcrumb\":{\"@id\":\"https:\\\/\\\/sarmiento24h.com\\\/?p=4147#breadcrumb\"},\"inLanguage\":\"es\",\"potentialAction\":[{\"@type\":\"ReadAction\",\"target\":[\"https:\\\/\\\/sarmiento24h.com\\\/?p=4147\"]}]},{\"@type\":\"ImageObject\",\"inLanguage\":\"es\",\"@id\":\"https:\\\/\\\/sarmiento24h.com\\\/?p=4147#primaryimage\",\"url\":\"https:\\\/\\\/sarmiento24h.com\\\/wp-content\\\/uploads\\\/2025\\\/12\\\/presidente-abinader-encabezo-encuentro-peluqueros-rd-2025.jpg\",\"contentUrl\":\"https:\\\/\\\/sarmiento24h.com\\\/wp-content\\\/uploads\\\/2025\\\/12\\\/presidente-abinader-encabezo-encuentro-peluqueros-rd-2025.jpg\",\"width\":1600,\"height\":1066},{\"@type\":\"BreadcrumbList\",\"@id\":\"https:\\\/\\\/sarmiento24h.com\\\/?p=4147#breadcrumb\",\"itemListElement\":[{\"@type\":\"ListItem\",\"position\":1,\"name\":\"Home\",\"item\":\"https:\\\/\\\/sarmiento24h.com\\\/\"},{\"@type\":\"ListItem\",\"position\":2,\"name\":\"Presidente Abinader encabez\u00f3 encuentro Peluqueros RD 2025\"}]},{\"@type\":\"WebSite\",\"@id\":\"https:\\\/\\\/sarmiento24h.com\\\/#website\",\"url\":\"https:\\\/\\\/sarmiento24h.com\\\/\",\"name\":\"Sarmiento24h\",\"description\":\"\",\"publisher\":{\"@id\":\"https:\\\/\\\/sarmiento24h.com\\\/#organization\"},\"potentialAction\":[{\"@type\":\"SearchAction\",\"target\":{\"@type\":\"EntryPoint\",\"urlTemplate\":\"https:\\\/\\\/sarmiento24h.com\\\/?s={search_term_string}\"},\"query-input\":{\"@type\":\"PropertyValueSpecification\",\"valueRequired\":true,\"valueName\":\"search_term_string\"}}],\"inLanguage\":\"es\"},{\"@type\":\"Organization\",\"@id\":\"https:\\\/\\\/sarmiento24h.com\\\/#organization\",\"name\":\"Sarmiento24h\",\"url\":\"https:\\\/\\\/sarmiento24h.com\\\/\",\"logo\":{\"@type\":\"ImageObject\",\"inLanguage\":\"es\",\"@id\":\"https:\\\/\\\/sarmiento24h.com\\\/#\\\/schema\\\/logo\\\/image\\\/\",\"url\":\"https:\\\/\\\/sarmiento24h.com\\\/wp-content\\\/uploads\\\/2025\\\/12\\\/AddText_12-16-10.30.52.jpg\",\"contentUrl\":\"https:\\\/\\\/sarmiento24h.com\\\/wp-content\\\/uploads\\\/2025\\\/12\\\/AddText_12-16-10.30.52.jpg\",\"width\":1220,\"height\":324,\"caption\":\"Sarmiento24h\"},\"image\":{\"@id\":\"https:\\\/\\\/sarmiento24h.com\\\/#\\\/schema\\\/logo\\\/image\\\/\"},\"sameAs\":[\"https:\\\/\\\/facebook.com\\\/s24hnoticias\",\"https:\\\/\\\/x.com\\\/sarmiento24h\"]},{\"@type\":\"Person\",\"@id\":\"https:\\\/\\\/sarmiento24h.com\\\/#\\\/schema\\\/person\\\/d653a59725ad629a7e0429af7b939d4d\",\"name\":\"sarmiento24h@gmail.com\",\"image\":{\"@type\":\"ImageObject\",\"inLanguage\":\"es\",\"@id\":\"https:\\\/\\\/sarmiento24h.com\\\/wp-content\\\/litespeed\\\/avatar\\\/d02cbc4e23c747e6659cd45907173c8f.jpg?ver=1777157796\",\"url\":\"https:\\\/\\\/sarmiento24h.com\\\/wp-content\\\/litespeed\\\/avatar\\\/d02cbc4e23c747e6659cd45907173c8f.jpg?ver=1777157796\",\"contentUrl\":\"https:\\\/\\\/sarmiento24h.com\\\/wp-content\\\/litespeed\\\/avatar\\\/d02cbc4e23c747e6659cd45907173c8f.jpg?ver=1777157796\",\"caption\":\"sarmiento24h@gmail.com\"},\"sameAs\":[\"https:\\\/\\\/sarmiento24h.com\"],\"url\":\"https:\\\/\\\/sarmiento24h.com\\\/?author=1\"}]}<\/script>\n<!-- \/ Yoast SEO plugin. -->","yoast_head_json":{"title":"Presidente Abinader encabez\u00f3 encuentro Peluqueros RD 2025 - Sarmiento24h","robots":{"index":"index","follow":"follow","max-snippet":"max-snippet:-1","max-image-preview":"max-image-preview:large","max-video-preview":"max-video-preview:-1"},"canonical":"https:\/\/sarmiento24h.com\/?p=4147","og_locale":"es_ES","og_type":"article","og_title":"Presidente Abinader encabez\u00f3 encuentro Peluqueros RD 2025 - Sarmiento24h","og_description":"Abinader es recortado por Billy N\u00fa\u00f1ez. SANTO&#46;&#46;&#46;","og_url":"https:\/\/sarmiento24h.com\/?p=4147","og_site_name":"Sarmiento24h","article_publisher":"https:\/\/facebook.com\/s24hnoticias","article_published_time":"2025-12-16T22:16:28+00:00","og_image":[{"width":1600,"height":1066,"url":"https:\/\/sarmiento24h.com\/wp-content\/uploads\/2025\/12\/presidente-abinader-encabezo-encuentro-peluqueros-rd-2025.jpg","type":"image\/jpeg"}],"author":"sarmiento24h@gmail.com","twitter_card":"summary_large_image","twitter_creator":"@sarmiento24h","twitter_site":"@sarmiento24h","twitter_misc":{"Escrito por":"sarmiento24h@gmail.com","Tiempo de lectura":"2 minutos"},"schema":{"@context":"https:\/\/schema.org","@graph":[{"@type":"Article","@id":"https:\/\/sarmiento24h.com\/?p=4147#article","isPartOf":{"@id":"https:\/\/sarmiento24h.com\/?p=4147"},"author":{"name":"sarmiento24h@gmail.com","@id":"https:\/\/sarmiento24h.com\/#\/schema\/person\/d653a59725ad629a7e0429af7b939d4d"},"headline":"Presidente Abinader encabez\u00f3 encuentro Peluqueros RD 2025","datePublished":"2025-12-16T22:16:28+00:00","mainEntityOfPage":{"@id":"https:\/\/sarmiento24h.com\/?p=4147"},"wordCount":406,"publisher":{"@id":"https:\/\/sarmiento24h.com\/#organization"},"image":{"@id":"https:\/\/sarmiento24h.com\/?p=4147#primaryimage"},"thumbnailUrl":"https:\/\/sarmiento24h.com\/wp-content\/uploads\/2025\/12\/presidente-abinader-encabezo-encuentro-peluqueros-rd-2025.jpg","articleSection":["Portada"],"inLanguage":"es"},{"@type":"WebPage","@id":"https:\/\/sarmiento24h.com\/?p=4147","url":"https:\/\/sarmiento24h.com\/?p=4147","name":"Presidente Abinader encabez\u00f3 encuentro Peluqueros RD 2025 - Sarmiento24h","isPartOf":{"@id":"https:\/\/sarmiento24h.com\/#website"},"primaryImageOfPage":{"@id":"https:\/\/sarmiento24h.com\/?p=4147#primaryimage"},"image":{"@id":"https:\/\/sarmiento24h.com\/?p=4147#primaryimage"},"thumbnailUrl":"https:\/\/sarmiento24h.com\/wp-content\/uploads\/2025\/12\/presidente-abinader-encabezo-encuentro-peluqueros-rd-2025.jpg","datePublished":"2025-12-16T22:16:28+00:00","breadcrumb":{"@id":"https:\/\/sarmiento24h.com\/?p=4147#breadcrumb"},"inLanguage":"es","potentialAction":[{"@type":"ReadAction","target":["https:\/\/sarmiento24h.com\/?p=4147"]}]},{"@type":"ImageObject","inLanguage":"es","@id":"https:\/\/sarmiento24h.com\/?p=4147#primaryimage","url":"https:\/\/sarmiento24h.com\/wp-content\/uploads\/2025\/12\/presidente-abinader-encabezo-encuentro-peluqueros-rd-2025.jpg","contentUrl":"https:\/\/sarmiento24h.com\/wp-content\/uploads\/2025\/12\/presidente-abinader-encabezo-encuentro-peluqueros-rd-2025.jpg","width":1600,"height":1066},{"@type":"BreadcrumbList","@id":"https:\/\/sarmiento24h.com\/?p=4147#breadcrumb","itemListElement":[{"@type":"ListItem","position":1,"name":"Home","item":"https:\/\/sarmiento24h.com\/"},{"@type":"ListItem","position":2,"name":"Presidente Abinader encabez\u00f3 encuentro Peluqueros RD 2025"}]},{"@type":"WebSite","@id":"https:\/\/sarmiento24h.com\/#website","url":"https:\/\/sarmiento24h.com\/","name":"Sarmiento24h","description":"","publisher":{"@id":"https:\/\/sarmiento24h.com\/#organization"},"potentialAction":[{"@type":"SearchAction","target":{"@type":"EntryPoint","urlTemplate":"https:\/\/sarmiento24h.com\/?s={search_term_string}"},"query-input":{"@type":"PropertyValueSpecification","valueRequired":true,"valueName":"search_term_string"}}],"inLanguage":"es"},{"@type":"Organization","@id":"https:\/\/sarmiento24h.com\/#organization","name":"Sarmiento24h","url":"https:\/\/sarmiento24h.com\/","logo":{"@type":"ImageObject","inLanguage":"es","@id":"https:\/\/sarmiento24h.com\/#\/schema\/logo\/image\/","url":"https:\/\/sarmiento24h.com\/wp-content\/uploads\/2025\/12\/AddText_12-16-10.30.52.jpg","contentUrl":"https:\/\/sarmiento24h.com\/wp-content\/uploads\/2025\/12\/AddText_12-16-10.30.52.jpg","width":1220,"height":324,"caption":"Sarmiento24h"},"image":{"@id":"https:\/\/sarmiento24h.com\/#\/schema\/logo\/image\/"},"sameAs":["https:\/\/facebook.com\/s24hnoticias","https:\/\/x.com\/sarmiento24h"]},{"@type":"Person","@id":"https:\/\/sarmiento24h.com\/#\/schema\/person\/d653a59725ad629a7e0429af7b939d4d","name":"sarmiento24h@gmail.com","image":{"@type":"ImageObject","inLanguage":"es","@id":"https:\/\/sarmiento24h.com\/wp-content\/litespeed\/avatar\/d02cbc4e23c747e6659cd45907173c8f.jpg?ver=1777157796","url":"https:\/\/sarmiento24h.com\/wp-content\/litespeed\/avatar\/d02cbc4e23c747e6659cd45907173c8f.jpg?ver=1777157796","contentUrl":"https:\/\/sarmiento24h.com\/wp-content\/litespeed\/avatar\/d02cbc4e23c747e6659cd45907173c8f.jpg?ver=1777157796","caption":"sarmiento24h@gmail.com"},"sameAs":["https:\/\/sarmiento24h.com"],"url":"https:\/\/sarmiento24h.com\/?author=1"}]}},"jetpack_publicize_connections":[],"jetpack_featured_media_url":"https:\/\/sarmiento24h.com\/wp-content\/uploads\/2025\/12\/presidente-abinader-encabezo-encuentro-peluqueros-rd-2025.jpg","jetpack_sharing_enabled":true,"_links":{"self":[{"href":"https:\/\/sarmiento24h.com\/index.php?rest_route=\/wp\/v2\/posts\/4147","targetHints":{"allow":["GET"]}}],"collection":[{"href":"https:\/\/sarmiento24h.com\/index.php?rest_route=\/wp\/v2\/posts"}],"about":[{"href":"https:\/\/sarmiento24h.com\/index.php?rest_route=\/wp\/v2\/types\/post"}],"author":[{"embeddable":true,"href":"https:\/\/sarmiento24h.com\/index.php?rest_route=\/wp\/v2\/users\/1"}],"replies":[{"embeddable":true,"href":"https:\/\/sarmiento24h.com\/index.php?rest_route=%2Fwp%2Fv2%2Fcomments&post=4147"}],"version-history":[{"count":0,"href":"https:\/\/sarmiento24h.com\/index.php?rest_route=\/wp\/v2\/posts\/4147\/revisions"}],"wp:featuredmedia":[{"embeddable":true,"href":"https:\/\/sarmiento24h.com\/index.php?rest_route=\/wp\/v2\/media\/4148"}],"wp:attachment":[{"href":"https:\/\/sarmiento24h.com\/index.php?rest_route=%2Fwp%2Fv2%2Fmedia&parent=4147"}],"wp:term":[{"taxonomy":"category","embeddable":true,"href":"https:\/\/sarmiento24h.com\/index.php?rest_route=%2Fwp%2Fv2%2Fcategories&post=4147"},{"taxonomy":"post_tag","embeddable":true,"href":"https:\/\/sarmiento24h.com\/index.php?rest_route=%2Fwp%2Fv2%2Ftags&post=4147"}],"curies":[{"name":"wp","href":"https:\/\/api.w.org\/{rel}","templated":true}]}}