{"id":414787,"date":"2026-09-05T14:57:04","date_gmt":"2026-09-05T14:57:04","guid":{"rendered":"http:\/\/fe8ece40-a935-11f1-93b1-2339a3359617"},"modified":"2026-09-05T14:57:04","modified_gmt":"2026-09-05T14:57:04","slug":"la-visita-de-luis-de-la-fuente-a-ceuta-provoca-criticas-en-marruecos-por-su-supuesto-trasfondo-politico","status":"publish","type":"post","link":"https:\/\/sarmiento24h.com\/?p=414787","title":{"rendered":"La visita de Luis de la Fuente a Ceuta provoca cr\u00edticas en Marruecos por su supuesto trasfondo pol\u00edtico"},"content":{"rendered":"<p>La presencia del seleccionador espa\u00f1ol y del presidente de la RFEF en la ciudad norteafricana gener\u00f3 cuestionamientos en medios marroqu\u00edes, que consideran que el viaje excede el \u00e1mbito deportivo. La visita coincidi\u00f3 con la llegada del trofeo del Mundial y se produjo en un contexto marcado por las tensiones migratorias y la organizaci\u00f3n de la Copa del Mundo de 2030.<\/p>\n<p>La visita del seleccionador espa\u00f1ol <strong>Luis de la Fuente a <a href=\"https:\/\/www.google.com\/url?sa=t&amp;source=web&amp;rct=j&amp;opi=89978449&amp;url=https:\/\/www.france24.com\/es\/tag\/ceuta\/&amp;ved=2ahUKEwjIyN3t09eWAxW4ALkGHRvzCjwQFnoECCUQAQ&amp;usg=AOvVaw2TJwKCq2O3ZTLdbf4gULBr\" target=\"_blank\">Ceuta<\/a><\/strong> gener\u00f3 una fuerte reacci\u00f3n en medios de Marruecos, que interpretaron el viaje como un gesto con implicaciones pol\u00edticas m\u00e1s all\u00e1 del f\u00fatbol. De la Fuente lleg\u00f3 este viernes a la ciudad norteafricana junto al presidente de la <strong>Real Federaci\u00f3n Espa\u00f1ola de F\u00fatbol (RFEF), Rafael Louz\u00e1n<\/strong>, con motivo de la llegada del trofeo de campe\u00f3n del mundo.<\/p>\n<div class=\"m-em-video\">\n<div class=\"o-video-player o-video-player--16x9\" data-media-video-wbmz417928-f24-es-20260905 data-show-hidden-video-player=\"WBMZ417928-F24-ES-20260905\" data-wrapper-video-player data-youtube-script>\n<div class=\"o-em-consent \" readability=\"7\">\n<div class=\"o-em-consent__content\" readability=\"34\">\n<p class=\"o-em-consent__content__text\">Para mostrar este contenido de YouTube, debe autorizar las cookies de medici\u00f3n de audiencia y publicidad.<\/p>\n<p> <button class=\"a-master-button a-master-button--dark\" data-action=\"accept\"> Aceptar <svg class=\"a-svg a-svg--icon-check\"> <use xlink:href=\"\/build\/images\/svg\/sprite.68b43361c11f23b39049016b32e6ae31.svg#icon-check\" href=\"\/build\/images\/svg\/sprite.68b43361c11f23b39049016b32e6ae31.svg#icon-check\" \/> <\/svg> <\/button> <button class=\"a-link\" data-action=\"manage\">Gestionar mis opciones <svg class=\"a-svg a-svg--icon-edit\"> <use xlink:href=\"\/build\/images\/svg\/sprite.68b43361c11f23b39049016b32e6ae31.svg#icon-edit\" href=\"\/build\/images\/svg\/sprite.68b43361c11f23b39049016b32e6ae31.svg#icon-edit\" \/> <\/svg><br \/>\n<\/button> <\/div>\n<\/div>\n<div class=\"o-em-adblock\" data-adblock-content readability=\"7\">\n<div class=\"o-em-adblock__content\" readability=\"34\">\n<p class=\"o-em-adblock__content__text\">Una extensi\u00f3n de tu navegador parece estar bloqueando la carga del reproductor de video. Para poder ver este contenido, debes desactivarla en este sitio.<\/p>\n<p> <button class=\"a-master-button a-master-button--dark\" data-action=\"reload\">Reintentar<\/button> <\/div>\n<\/div>\n<figure class=\"m-item-image m-item-image--16x9 m-item-image--has-caption\"> <picture class=\"a-picture a-picture--16x9\"><source type=\"image\/webp\" srcset=\"https:\/\/s.france24.com\/media\/display\/02933f98-a888-11f1-bad0-005056a97e36\/w:388\/p:16x9\/ES-20260904-074242-074931-CS.webp 388w, https:\/\/s.france24.com\/media\/display\/02933f98-a888-11f1-bad0-005056a97e36\/w:720\/p:16x9\/ES-20260904-074242-074931-CS.webp 720w, https:\/\/s.france24.com\/media\/display\/02933f98-a888-11f1-bad0-005056a97e36\/w:1024\/p:16x9\/ES-20260904-074242-074931-CS.webp 1024w\" sizes=\"(max-width: 639px) calc(100vw - 32px), (max-width: 1076px) calc(100vw - 44px), 850px\"><img fetchpriority=\"high\" decoding=\"auto\" src=\"https:\/\/s.france24.com\/media\/display\/02933f98-a888-11f1-bad0-005056a97e36\/w:1024\/p:16x9\/ES-20260904-074242-074931-CS.jpg\" srcset=\"https:\/\/s.france24.com\/media\/display\/02933f98-a888-11f1-bad0-005056a97e36\/w:388\/p:16x9\/ES-20260904-074242-074931-CS.jpg 388w, https:\/\/s.france24.com\/media\/display\/02933f98-a888-11f1-bad0-005056a97e36\/w:720\/p:16x9\/ES-20260904-074242-074931-CS.jpg 720w, https:\/\/s.france24.com\/media\/display\/02933f98-a888-11f1-bad0-005056a97e36\/w:1024\/p:16x9\/ES-20260904-074242-074931-CS.jpg 1024w\" sizes=\"(max-width: 639px) calc(100vw - 32px), (max-width: 1076px) calc(100vw - 44px), 850px\" width=\"1024\" height=\"576\" alt loading=\"eager\" class=\"a-img \">\n<\/picture><figcaption class=\"a-figcaption\"> Imagen de portada: \u00a9 France 24 <\/figcaption><\/figure>\n<\/p><\/div>\n<\/div>\n<p>El viaje fue presentado por la federaci\u00f3n espa\u00f1ola como una visita institucional y como una muestra de apoyo a los habitantes de Ceuta tras la crisis provocada por la entrada de miles de personas el pasado 30 de julio. Pero la presencia de los m\u00e1ximos responsables del f\u00fatbol espa\u00f1ol en una ciudad cuya soberan\u00eda es cuestionada por Marruecos despert\u00f3 otra lectura al otro lado de la frontera. <\/p>\n<p>El diario deportivo marroqu\u00ed <strong>Almontakhab<\/strong> calific\u00f3 a Ceuta de \u00abocupada\u00bb y sostuvo que la visita tiene \u00abdelicadas dimensiones pol\u00edticas\u00bb. Seg\u00fan el medio, el desplazamiento debe interpretarse tambi\u00e9n dentro de la relaci\u00f3n entre ambos pa\u00edses y de la creciente dimensi\u00f3n geopol\u00edtica que rodea al f\u00fatbol espa\u00f1ol y marroqu\u00ed.<\/p>\n<div class=\"m-em-image\">\n<figure class=\"m-item-image m-item-image--original m-item-image--has-caption\"> <picture class=\"a-picture a-picture--original\"><source type=\"image\/webp\" srcset=\"https:\/\/s.france24.com\/media\/display\/15041960-83ce-11f1-b774-005056a90284\/w:246\/2026-07-19T234557Z-1784504753-DPAF260720X99X106596-RTRFIPP-4-SOCCER-WORLDCUP-NATIONALTEAM-2026WORLDCUP-FIFAWORLDCUP-WORLDCHAMPIONSH.webp 246w, https:\/\/s.france24.com\/media\/display\/15041960-83ce-11f1-b774-005056a90284\/w:388\/2026-07-19T234557Z-1784504753-DPAF260720X99X106596-RTRFIPP-4-SOCCER-WORLDCUP-NATIONALTEAM-2026WORLDCUP-FIFAWORLDCUP-WORLDCHAMPIONSH.webp 388w, https:\/\/s.france24.com\/media\/display\/15041960-83ce-11f1-b774-005056a90284\/w:720\/2026-07-19T234557Z-1784504753-DPAF260720X99X106596-RTRFIPP-4-SOCCER-WORLDCUP-NATIONALTEAM-2026WORLDCUP-FIFAWORLDCUP-WORLDCHAMPIONSH.webp 720w, https:\/\/s.france24.com\/media\/display\/15041960-83ce-11f1-b774-005056a90284\/w:980\/2026-07-19T234557Z-1784504753-DPAF260720X99X106596-RTRFIPP-4-SOCCER-WORLDCUP-NATIONALTEAM-2026WORLDCUP-FIFAWORLDCUP-WORLDCHAMPIONSH.webp 980w\" sizes=\"(max-width: 1023px) calc(100vw - 32px), (min-width: 1024px) 850px\"><img fetchpriority=\"low\" decoding=\"async\" src=\"https:\/\/s.france24.com\/media\/display\/15041960-83ce-11f1-b774-005056a90284\/w:980\/2026-07-19T234557Z-1784504753-DPAF260720X99X106596-RTRFIPP-4-SOCCER-WORLDCUP-NATIONALTEAM-2026WORLDCUP-FIFAWORLDCUP-WORLDCHAMPIONSH.jpg\" srcset=\"https:\/\/s.france24.com\/media\/display\/15041960-83ce-11f1-b774-005056a90284\/w:246\/2026-07-19T234557Z-1784504753-DPAF260720X99X106596-RTRFIPP-4-SOCCER-WORLDCUP-NATIONALTEAM-2026WORLDCUP-FIFAWORLDCUP-WORLDCHAMPIONSH.jpg 246w, https:\/\/s.france24.com\/media\/display\/15041960-83ce-11f1-b774-005056a90284\/w:388\/2026-07-19T234557Z-1784504753-DPAF260720X99X106596-RTRFIPP-4-SOCCER-WORLDCUP-NATIONALTEAM-2026WORLDCUP-FIFAWORLDCUP-WORLDCHAMPIONSH.jpg 388w, https:\/\/s.france24.com\/media\/display\/15041960-83ce-11f1-b774-005056a90284\/w:720\/2026-07-19T234557Z-1784504753-DPAF260720X99X106596-RTRFIPP-4-SOCCER-WORLDCUP-NATIONALTEAM-2026WORLDCUP-FIFAWORLDCUP-WORLDCHAMPIONSH.jpg 720w, https:\/\/s.france24.com\/media\/display\/15041960-83ce-11f1-b774-005056a90284\/w:980\/2026-07-19T234557Z-1784504753-DPAF260720X99X106596-RTRFIPP-4-SOCCER-WORLDCUP-NATIONALTEAM-2026WORLDCUP-FIFAWORLDCUP-WORLDCHAMPIONSH.jpg 980w\" sizes=\"(max-width: 1023px) calc(100vw - 32px), (min-width: 1024px) 850px\" alt=\"Gianni Infantino et Donald Trump lors de la remise du troph\u00e9e de champion du monde au Metlife Stadium pr\u00e8s de New York, le 19 juillet 2026\" loading=\"lazy\" class=\"a-img \">\n<\/picture><figcaption class=\"a-figcaption\"> Gianni Infantino et Donald Trump lors de la remise du troph\u00e9e de champion du monde au Metlife Stadium pr\u00e8s de New York, le 19 juillet 2026. \u00a9 Tom Weller, dpa <\/figcaption><\/figure>\n<\/p><\/div>\n<p>La cuesti\u00f3n adquiere una relevancia particular por la organizaci\u00f3n conjunta del <strong>Mundial de 2030<\/strong>, que Espa\u00f1a, Marruecos y Portugal preparan de manera coordinada. Para Almontakhab, la visita no encaja con la imagen de cooperaci\u00f3n y buena vecindad que los tres pa\u00edses buscan proyectar de cara al torneo. <\/p>\n<p>El medio consider\u00f3 que este tipo de gestos pueden terminar mezclando las instituciones deportivas con las disputas vinculadas a la soberan\u00eda y a la historia entre Espa\u00f1a y Marruecos. Se trata, en cualquier caso, de una interpretaci\u00f3n de la prensa marroqu\u00ed sobre el significado del viaje.<\/p>\n<p class=\"a-read-more\"><span class=\"a-read-more__label\">Leer tambi\u00e9n<\/span><a href=\"https:\/\/www.france24.com\/es\/video\/20260903-s\u00e1nchez-defiende-ante-el-congreso-que-no-hay-pruebas-de-que-marruecos-orquestara-la-crisis-de-ceuta\" target=\"_self\" class=\"a-read-more__link\">S\u00e1nchez defiende ante el Congreso que no hay pruebas de que Marruecos orquestara la crisis de Ceuta<\/a><\/p>\n<h3><strong>Una visita en medio de la tensi\u00f3n migratoria<\/strong><\/h3>\n<p>La llegada de De la Fuente y Louz\u00e1n a Ceuta tambi\u00e9n se produjo despu\u00e9s de una nueva crisis migratoria en torno a la ciudad. La visita fue vinculada por la federaci\u00f3n espa\u00f1ola con el respaldo a la poblaci\u00f3n local despu\u00e9s de los acontecimientos del 30 de julio, cuando miles de personas intentaron entrar en territorio espa\u00f1ol.<\/p>\n<p>Ese contexto contribuy\u00f3 a que la presencia de los dirigentes del f\u00fatbol espa\u00f1ol fuera observada en Marruecos desde una perspectiva que excede los l\u00edmites del deporte.<\/p>\n<div class=\"m-em-video\">\n<div class=\"o-video-player o-video-player--16x9\" data-media-video-wbmz417933-f24-es-20260905 data-show-hidden-video-player=\"WBMZ417933-F24-ES-20260905\" data-wrapper-video-player data-youtube-script>\n<div class=\"o-em-consent \" readability=\"7\">\n<div class=\"o-em-consent__content\" readability=\"34\">\n<p class=\"o-em-consent__content__text\">Para mostrar este contenido de YouTube, debe autorizar las cookies de medici\u00f3n de audiencia y publicidad.<\/p>\n<p> <button class=\"a-master-button a-master-button--dark\" data-action=\"accept\"> Aceptar <svg class=\"a-svg a-svg--icon-check\"> <use xlink:href=\"\/build\/images\/svg\/sprite.68b43361c11f23b39049016b32e6ae31.svg#icon-check\" href=\"\/build\/images\/svg\/sprite.68b43361c11f23b39049016b32e6ae31.svg#icon-check\" \/> <\/svg> <\/button> <button class=\"a-link\" data-action=\"manage\">Gestionar mis opciones <svg class=\"a-svg a-svg--icon-edit\"> <use xlink:href=\"\/build\/images\/svg\/sprite.68b43361c11f23b39049016b32e6ae31.svg#icon-edit\" href=\"\/build\/images\/svg\/sprite.68b43361c11f23b39049016b32e6ae31.svg#icon-edit\" \/> <\/svg><br \/>\n<\/button> <\/div>\n<\/div>\n<div class=\"o-em-adblock\" data-adblock-content readability=\"7\">\n<div class=\"o-em-adblock__content\" readability=\"34\">\n<p class=\"o-em-adblock__content__text\">Una extensi\u00f3n de tu navegador parece estar bloqueando la carga del reproductor de video. Para poder ver este contenido, debes desactivarla en este sitio.<\/p>\n<p> <button class=\"a-master-button a-master-button--dark\" data-action=\"reload\">Reintentar<\/button> <\/div>\n<\/div>\n<figure class=\"m-item-image m-item-image--16x9 m-item-image--has-caption\"> <picture class=\"a-picture a-picture--16x9\"><source type=\"image\/webp\" srcset=\"https:\/\/s.france24.com\/media\/display\/eb8122f0-0744-11f1-b32c-005056a90284\/w:388\/p:16x9\/2026-02-11T101517Z-368656913-RC2MJJAM480M-RTRMADP-3-SPAIN-ACCIDENT-TRAIN-SANCHEZ.webp 388w, https:\/\/s.france24.com\/media\/display\/eb8122f0-0744-11f1-b32c-005056a90284\/w:720\/p:16x9\/2026-02-11T101517Z-368656913-RC2MJJAM480M-RTRMADP-3-SPAIN-ACCIDENT-TRAIN-SANCHEZ.webp 720w, https:\/\/s.france24.com\/media\/display\/eb8122f0-0744-11f1-b32c-005056a90284\/w:1024\/p:16x9\/2026-02-11T101517Z-368656913-RC2MJJAM480M-RTRMADP-3-SPAIN-ACCIDENT-TRAIN-SANCHEZ.webp 1024w\" sizes=\"(max-width: 639px) calc(100vw - 32px), (max-width: 1076px) calc(100vw - 44px), 850px\"><img fetchpriority=\"high\" decoding=\"auto\" src=\"https:\/\/s.france24.com\/media\/display\/eb8122f0-0744-11f1-b32c-005056a90284\/w:1024\/p:16x9\/2026-02-11T101517Z-368656913-RC2MJJAM480M-RTRMADP-3-SPAIN-ACCIDENT-TRAIN-SANCHEZ.jpg\" srcset=\"https:\/\/s.france24.com\/media\/display\/eb8122f0-0744-11f1-b32c-005056a90284\/w:388\/p:16x9\/2026-02-11T101517Z-368656913-RC2MJJAM480M-RTRMADP-3-SPAIN-ACCIDENT-TRAIN-SANCHEZ.jpg 388w, https:\/\/s.france24.com\/media\/display\/eb8122f0-0744-11f1-b32c-005056a90284\/w:720\/p:16x9\/2026-02-11T101517Z-368656913-RC2MJJAM480M-RTRMADP-3-SPAIN-ACCIDENT-TRAIN-SANCHEZ.jpg 720w, https:\/\/s.france24.com\/media\/display\/eb8122f0-0744-11f1-b32c-005056a90284\/w:1024\/p:16x9\/2026-02-11T101517Z-368656913-RC2MJJAM480M-RTRMADP-3-SPAIN-ACCIDENT-TRAIN-SANCHEZ.jpg 1024w\" sizes=\"(max-width: 639px) calc(100vw - 32px), (max-width: 1076px) calc(100vw - 44px), 850px\" width=\"1024\" height=\"576\" alt=\"El presidente del Gobierno espa\u00f1ol, Pedro S\u00e1nchez, se dirige al Parlamento sobre el mortal accidente de tren en Adamuz el 18 de enero y otros accidentes ferroviarios en el pa\u00eds, en Madrid, Espa\u00f1a, el 11 de febrero de 2026.\" loading=\"eager\" class=\"a-img \">\n<\/picture><figcaption class=\"a-figcaption\"> Imagen de portada: El presidente del Gobierno espa\u00f1ol, Pedro S\u00e1nchez, se dirige al Parlamento sobre el mortal accidente de tren en Adamuz el 18 de enero y otros accidentes ferroviarios en el pa\u00eds, en Madrid, Espa\u00f1a, el 11 de febrero de 2026. \u00a9 Reuters\/Violeta Santos Moura <\/figcaption><\/figure>\n<\/p><\/div>\n<\/div>\n<p>El portal <strong>Al3omk.com<\/strong> titul\u00f3 su cobertura con una referencia directa a la \u00abpolitizaci\u00f3n del deporte\u00bb y vincul\u00f3 la visita del seleccionador con la crisis migratoria. El medio recogi\u00f3 adem\u00e1s las cr\u00edticas de quienes consideran que el f\u00fatbol est\u00e1 siendo utilizado para transmitir mensajes relacionados con cuestiones pol\u00edticas.<\/p>\n<p>En una l\u00ednea similar, el medio franc\u00f3fono <strong>Le360<\/strong> describi\u00f3 el viaje como una visita \u00abcargada de simbolismo\u00bb y sostuvo que la presencia de los responsables de la federaci\u00f3n espa\u00f1ola termina difuminando la separaci\u00f3n entre f\u00fatbol y pol\u00edtica.<\/p>\n<div class=\"m-em-image\">\n<figure class=\"m-item-image m-item-image--original m-item-image--has-caption\"> <picture class=\"a-picture a-picture--original\"><source type=\"image\/webp\" srcset=\"https:\/\/s.france24.com\/media\/display\/46def7a4-a852-11f1-8c9d-005056a97e36\/w:246\/000-C74D8RY.webp 246w, https:\/\/s.france24.com\/media\/display\/46def7a4-a852-11f1-8c9d-005056a97e36\/w:388\/000-C74D8RY.webp 388w, https:\/\/s.france24.com\/media\/display\/46def7a4-a852-11f1-8c9d-005056a97e36\/w:720\/000-C74D8RY.webp 720w, https:\/\/s.france24.com\/media\/display\/46def7a4-a852-11f1-8c9d-005056a97e36\/w:980\/000-C74D8RY.webp 980w\" sizes=\"(max-width: 1023px) calc(100vw - 32px), (min-width: 1024px) 850px\"><img fetchpriority=\"low\" decoding=\"async\" src=\"https:\/\/s.france24.com\/media\/display\/46def7a4-a852-11f1-8c9d-005056a97e36\/w:980\/000-C74D8RY.jpg\" srcset=\"https:\/\/s.france24.com\/media\/display\/46def7a4-a852-11f1-8c9d-005056a97e36\/w:246\/000-C74D8RY.jpg 246w, https:\/\/s.france24.com\/media\/display\/46def7a4-a852-11f1-8c9d-005056a97e36\/w:388\/000-C74D8RY.jpg 388w, https:\/\/s.france24.com\/media\/display\/46def7a4-a852-11f1-8c9d-005056a97e36\/w:720\/000-C74D8RY.jpg 720w, https:\/\/s.france24.com\/media\/display\/46def7a4-a852-11f1-8c9d-005056a97e36\/w:980\/000-C74D8RY.jpg 980w\" sizes=\"(max-width: 1023px) calc(100vw - 32px), (min-width: 1024px) 850px\" alt=\"Deux migrants utilisent un smartphone alors qu'ils passent la nuit pr\u00e8s d'abris de fortune sur la plage d'El Trampolin, \u00e0 Ceuta, le 1er septembre 2026.\" loading=\"lazy\" class=\"a-img \">\n<\/picture><figcaption class=\"a-figcaption\"> Deux migrants utilisent un smartphone alors qu&#8217;ils passent la nuit pr\u00e8s d&#8217;abris de fortune sur la plage d&#8217;El Trampolin, \u00e0 Ceuta, mardi 1er septembre 2026. \u00a9 Antonio Sempere, AFP <\/figcaption><\/figure>\n<\/p><\/div>\n<h3><strong>El Mundial de 2030, otro elemento de fondo<\/strong><\/h3>\n<p>La controversia aparece adem\u00e1s en un momento especialmente sensible para la relaci\u00f3n futbol\u00edstica entre Espa\u00f1a y Marruecos. Los dos pa\u00edses ser\u00e1n anfitriones, junto con Portugal, del <strong>Mundial de 2030<\/strong>, un proyecto que pretende mostrar la capacidad de cooperaci\u00f3n entre ambas orillas del Mediterr\u00e1neo.<\/p>\n<p>Sin embargo, persisten disputas y sensibilidades pol\u00edticas que tambi\u00e9n atraviesan el f\u00fatbol. Le360 relacion\u00f3 la visita a Ceuta con la disputa en torno a la sede de la final del Mundial y afirm\u00f3 que el viaje se produjo en plena campa\u00f1a para impedir que <strong>Casablanca<\/strong> quede fuera de la carrera por albergar ese partido.<\/p>\n<p class=\"a-read-more\"><span class=\"a-read-more__label\">Leer tambi\u00e9n<\/span><a href=\"https:\/\/www.france24.com\/es\/deportes\/20260806-infantino-ofreci\u00f3-la-final-del-mundial-2030-a-marruecos-esto-se-sabe-de-la-controversia\" target=\"_self\" class=\"a-read-more__link\">\u00bfInfantino ofreci\u00f3 la final del Mundial 2030 a Marruecos? Esto se sabe de la controversia<\/a><\/p>\n<p>As\u00ed, una visita vinculada oficialmente a la llegada del trofeo de campe\u00f3n del mundo termin\u00f3 convertida en un nuevo episodio de la compleja relaci\u00f3n entre Espa\u00f1a y Marruecos. El viaje de De la Fuente y Louz\u00e1n puso al f\u00fatbol en el centro de cuestiones que van mucho m\u00e1s all\u00e1 de una competici\u00f3n deportiva: <strong>la soberan\u00eda de Ceuta, la crisis migratoria y los equilibrios de poder alrededor del Mundial de 2030<\/strong>.<\/p>\n","protected":false},"excerpt":{"rendered":"<p>La presencia del seleccionador espa\u00f1ol y del&#46;&#46;&#46;<\/p>\n","protected":false},"author":1,"featured_media":414788,"comment_status":"closed","ping_status":"closed","sticky":false,"template":"","format":"standard","meta":{"_jetpack_newsletter_access":"","_jetpack_dont_email_post_to_subs":false,"_jetpack_newsletter_tier_id":0,"_jetpack_memberships_contains_paywalled_content":false,"_jetpack_feature_clip_id":0,"_jetpack_memberships_contains_paid_content":false,"footnotes":"","jetpack_publicize_message":"","jetpack_publicize_feature_enabled":true,"jetpack_social_post_already_shared":true,"jetpack_social_options":{"image_generator_settings":{"template":"highway","default_image_id":0,"font":"","enabled":false},"version":2},"jetpack_post_was_ever_published":false},"categories":[48,43],"tags":[],"class_list":["post-414787","post","type-post","status-publish","format-standard","has-post-thumbnail","hentry","category-deportes","category-internacionales"],"yoast_head":"<!-- This site is optimized with the Yoast SEO plugin v28.1 - https:\/\/yoast.com\/product\/yoast-seo-wordpress\/ -->\n<title>La visita de Luis de la Fuente a Ceuta provoca cr\u00edticas en Marruecos por su supuesto trasfondo pol\u00edtico - Sarmiento24h<\/title>\n<meta name=\"robots\" content=\"index, follow, max-snippet:-1, max-image-preview:large, max-video-preview:-1\" \/>\n<link rel=\"canonical\" href=\"https:\/\/sarmiento24h.com\/?p=414787\" \/>\n<meta property=\"og:locale\" content=\"es_ES\" \/>\n<meta property=\"og:type\" content=\"article\" \/>\n<meta property=\"og:title\" content=\"La visita de Luis de la Fuente a Ceuta provoca cr\u00edticas en Marruecos por su supuesto trasfondo pol\u00edtico - Sarmiento24h\" \/>\n<meta property=\"og:description\" content=\"La presencia del seleccionador espa\u00f1ol y del&#046;&#046;&#046;\" \/>\n<meta property=\"og:url\" content=\"https:\/\/sarmiento24h.com\/?p=414787\" \/>\n<meta property=\"og:site_name\" content=\"Sarmiento24h\" \/>\n<meta property=\"article:publisher\" content=\"https:\/\/facebook.com\/s24hnoticias\" \/>\n<meta property=\"article:published_time\" content=\"2026-09-05T14:57:04+00:00\" \/>\n<meta property=\"og:image\" content=\"https:\/\/s.france24.com\/media\/display\/02933f98-a888-11f1-bad0-005056a97e36\/w:1024\/p:16x9\/ES-20260904-074242-074931-CS.jpg\" \/>\n<meta name=\"author\" content=\"sarmiento24h@gmail.com\" \/>\n<meta name=\"twitter:card\" content=\"summary_large_image\" \/>\n<meta name=\"twitter:creator\" content=\"@sarmiento24h\" \/>\n<meta name=\"twitter:site\" content=\"@sarmiento24h\" \/>\n<meta name=\"twitter:label1\" content=\"Escrito por\" \/>\n\t<meta name=\"twitter:data1\" content=\"sarmiento24h@gmail.com\" \/>\n\t<meta name=\"twitter:label2\" content=\"Tiempo de lectura\" \/>\n\t<meta name=\"twitter:data2\" content=\"5 minutos\" \/>\n<script type=\"application\/ld+json\" class=\"yoast-schema-graph\">{\"@context\":\"https:\\\/\\\/schema.org\",\"@graph\":[{\"@type\":\"Article\",\"@id\":\"https:\\\/\\\/sarmiento24h.com\\\/?p=414787#article\",\"isPartOf\":{\"@id\":\"https:\\\/\\\/sarmiento24h.com\\\/?p=414787\"},\"author\":{\"name\":\"sarmiento24h@gmail.com\",\"@id\":\"https:\\\/\\\/sarmiento24h.com\\\/#\\\/schema\\\/person\\\/d653a59725ad629a7e0429af7b939d4d\"},\"headline\":\"La visita de Luis de la Fuente a Ceuta provoca cr\u00edticas en Marruecos por su supuesto trasfondo pol\u00edtico\",\"datePublished\":\"2026-09-05T14:57:04+00:00\",\"mainEntityOfPage\":{\"@id\":\"https:\\\/\\\/sarmiento24h.com\\\/?p=414787\"},\"wordCount\":1020,\"publisher\":{\"@id\":\"https:\\\/\\\/sarmiento24h.com\\\/#organization\"},\"image\":{\"@id\":\"https:\\\/\\\/sarmiento24h.com\\\/?p=414787#primaryimage\"},\"thumbnailUrl\":\"https:\\\/\\\/sarmiento24h.com\\\/wp-content\\\/uploads\\\/2026\\\/09\\\/la-visita-de-luis-de-la-fuente-a-ceuta-provoca-criticas-en-marruecos-por-su-supuesto-trasfondo-politico.jpg\",\"articleSection\":[\"Deportes\",\"Internacionales\"],\"inLanguage\":\"es\"},{\"@type\":\"WebPage\",\"@id\":\"https:\\\/\\\/sarmiento24h.com\\\/?p=414787\",\"url\":\"https:\\\/\\\/sarmiento24h.com\\\/?p=414787\",\"name\":\"La visita de Luis de la Fuente a Ceuta provoca cr\u00edticas en Marruecos por su supuesto trasfondo pol\u00edtico - Sarmiento24h\",\"isPartOf\":{\"@id\":\"https:\\\/\\\/sarmiento24h.com\\\/#website\"},\"primaryImageOfPage\":{\"@id\":\"https:\\\/\\\/sarmiento24h.com\\\/?p=414787#primaryimage\"},\"image\":{\"@id\":\"https:\\\/\\\/sarmiento24h.com\\\/?p=414787#primaryimage\"},\"thumbnailUrl\":\"https:\\\/\\\/sarmiento24h.com\\\/wp-content\\\/uploads\\\/2026\\\/09\\\/la-visita-de-luis-de-la-fuente-a-ceuta-provoca-criticas-en-marruecos-por-su-supuesto-trasfondo-politico.jpg\",\"datePublished\":\"2026-09-05T14:57:04+00:00\",\"breadcrumb\":{\"@id\":\"https:\\\/\\\/sarmiento24h.com\\\/?p=414787#breadcrumb\"},\"inLanguage\":\"es\",\"potentialAction\":[{\"@type\":\"ReadAction\",\"target\":[\"https:\\\/\\\/sarmiento24h.com\\\/?p=414787\"]}]},{\"@type\":\"ImageObject\",\"inLanguage\":\"es\",\"@id\":\"https:\\\/\\\/sarmiento24h.com\\\/?p=414787#primaryimage\",\"url\":\"https:\\\/\\\/sarmiento24h.com\\\/wp-content\\\/uploads\\\/2026\\\/09\\\/la-visita-de-luis-de-la-fuente-a-ceuta-provoca-criticas-en-marruecos-por-su-supuesto-trasfondo-politico.jpg\",\"contentUrl\":\"https:\\\/\\\/sarmiento24h.com\\\/wp-content\\\/uploads\\\/2026\\\/09\\\/la-visita-de-luis-de-la-fuente-a-ceuta-provoca-criticas-en-marruecos-por-su-supuesto-trasfondo-politico.jpg\",\"width\":1024,\"height\":576},{\"@type\":\"BreadcrumbList\",\"@id\":\"https:\\\/\\\/sarmiento24h.com\\\/?p=414787#breadcrumb\",\"itemListElement\":[{\"@type\":\"ListItem\",\"position\":1,\"name\":\"Home\",\"item\":\"https:\\\/\\\/sarmiento24h.com\\\/\"},{\"@type\":\"ListItem\",\"position\":2,\"name\":\"La visita de Luis de la Fuente a Ceuta provoca cr\u00edticas en Marruecos por su supuesto trasfondo pol\u00edtico\"}]},{\"@type\":\"WebSite\",\"@id\":\"https:\\\/\\\/sarmiento24h.com\\\/#website\",\"url\":\"https:\\\/\\\/sarmiento24h.com\\\/\",\"name\":\"Sarmiento24h\",\"description\":\"\",\"publisher\":{\"@id\":\"https:\\\/\\\/sarmiento24h.com\\\/#organization\"},\"potentialAction\":[{\"@type\":\"SearchAction\",\"target\":{\"@type\":\"EntryPoint\",\"urlTemplate\":\"https:\\\/\\\/sarmiento24h.com\\\/?s={search_term_string}\"},\"query-input\":{\"@type\":\"PropertyValueSpecification\",\"valueRequired\":true,\"valueName\":\"search_term_string\"}}],\"inLanguage\":\"es\"},{\"@type\":\"Organization\",\"@id\":\"https:\\\/\\\/sarmiento24h.com\\\/#organization\",\"name\":\"Sarmiento24h\",\"url\":\"https:\\\/\\\/sarmiento24h.com\\\/\",\"logo\":{\"@type\":\"ImageObject\",\"inLanguage\":\"es\",\"@id\":\"https:\\\/\\\/sarmiento24h.com\\\/#\\\/schema\\\/logo\\\/image\\\/\",\"url\":\"https:\\\/\\\/sarmiento24h.com\\\/wp-content\\\/uploads\\\/2025\\\/12\\\/AddText_12-16-10.30.52.jpg\",\"contentUrl\":\"https:\\\/\\\/sarmiento24h.com\\\/wp-content\\\/uploads\\\/2025\\\/12\\\/AddText_12-16-10.30.52.jpg\",\"width\":1220,\"height\":324,\"caption\":\"Sarmiento24h\"},\"image\":{\"@id\":\"https:\\\/\\\/sarmiento24h.com\\\/#\\\/schema\\\/logo\\\/image\\\/\"},\"sameAs\":[\"https:\\\/\\\/facebook.com\\\/s24hnoticias\",\"https:\\\/\\\/x.com\\\/sarmiento24h\"]},{\"@type\":\"Person\",\"@id\":\"https:\\\/\\\/sarmiento24h.com\\\/#\\\/schema\\\/person\\\/d653a59725ad629a7e0429af7b939d4d\",\"name\":\"sarmiento24h@gmail.com\",\"image\":{\"@type\":\"ImageObject\",\"inLanguage\":\"es\",\"@id\":\"https:\\\/\\\/sarmiento24h.com\\\/wp-content\\\/litespeed\\\/avatar\\\/d02cbc4e23c747e6659cd45907173c8f.jpg?ver=1788047690\",\"url\":\"https:\\\/\\\/sarmiento24h.com\\\/wp-content\\\/litespeed\\\/avatar\\\/d02cbc4e23c747e6659cd45907173c8f.jpg?ver=1788047690\",\"contentUrl\":\"https:\\\/\\\/sarmiento24h.com\\\/wp-content\\\/litespeed\\\/avatar\\\/d02cbc4e23c747e6659cd45907173c8f.jpg?ver=1788047690\",\"caption\":\"sarmiento24h@gmail.com\"},\"sameAs\":[\"https:\\\/\\\/sarmiento24h.com\"],\"url\":\"https:\\\/\\\/sarmiento24h.com\\\/?author=1\"}]}<\/script>\n<!-- \/ Yoast SEO plugin. -->","yoast_head_json":{"title":"La visita de Luis de la Fuente a Ceuta provoca cr\u00edticas en Marruecos por su supuesto trasfondo pol\u00edtico - Sarmiento24h","robots":{"index":"index","follow":"follow","max-snippet":"max-snippet:-1","max-image-preview":"max-image-preview:large","max-video-preview":"max-video-preview:-1"},"canonical":"https:\/\/sarmiento24h.com\/?p=414787","og_locale":"es_ES","og_type":"article","og_title":"La visita de Luis de la Fuente a Ceuta provoca cr\u00edticas en Marruecos por su supuesto trasfondo pol\u00edtico - Sarmiento24h","og_description":"La presencia del seleccionador espa\u00f1ol y del&#46;&#46;&#46;","og_url":"https:\/\/sarmiento24h.com\/?p=414787","og_site_name":"Sarmiento24h","article_publisher":"https:\/\/facebook.com\/s24hnoticias","article_published_time":"2026-09-05T14:57:04+00:00","og_image":[{"url":"https:\/\/s.france24.com\/media\/display\/02933f98-a888-11f1-bad0-005056a97e36\/w:1024\/p:16x9\/ES-20260904-074242-074931-CS.jpg","type":"","width":"","height":""}],"author":"sarmiento24h@gmail.com","twitter_card":"summary_large_image","twitter_creator":"@sarmiento24h","twitter_site":"@sarmiento24h","twitter_misc":{"Escrito por":"sarmiento24h@gmail.com","Tiempo de lectura":"5 minutos"},"schema":{"@context":"https:\/\/schema.org","@graph":[{"@type":"Article","@id":"https:\/\/sarmiento24h.com\/?p=414787#article","isPartOf":{"@id":"https:\/\/sarmiento24h.com\/?p=414787"},"author":{"name":"sarmiento24h@gmail.com","@id":"https:\/\/sarmiento24h.com\/#\/schema\/person\/d653a59725ad629a7e0429af7b939d4d"},"headline":"La visita de Luis de la Fuente a Ceuta provoca cr\u00edticas en Marruecos por su supuesto trasfondo pol\u00edtico","datePublished":"2026-09-05T14:57:04+00:00","mainEntityOfPage":{"@id":"https:\/\/sarmiento24h.com\/?p=414787"},"wordCount":1020,"publisher":{"@id":"https:\/\/sarmiento24h.com\/#organization"},"image":{"@id":"https:\/\/sarmiento24h.com\/?p=414787#primaryimage"},"thumbnailUrl":"https:\/\/sarmiento24h.com\/wp-content\/uploads\/2026\/09\/la-visita-de-luis-de-la-fuente-a-ceuta-provoca-criticas-en-marruecos-por-su-supuesto-trasfondo-politico.jpg","articleSection":["Deportes","Internacionales"],"inLanguage":"es"},{"@type":"WebPage","@id":"https:\/\/sarmiento24h.com\/?p=414787","url":"https:\/\/sarmiento24h.com\/?p=414787","name":"La visita de Luis de la Fuente a Ceuta provoca cr\u00edticas en Marruecos por su supuesto trasfondo pol\u00edtico - Sarmiento24h","isPartOf":{"@id":"https:\/\/sarmiento24h.com\/#website"},"primaryImageOfPage":{"@id":"https:\/\/sarmiento24h.com\/?p=414787#primaryimage"},"image":{"@id":"https:\/\/sarmiento24h.com\/?p=414787#primaryimage"},"thumbnailUrl":"https:\/\/sarmiento24h.com\/wp-content\/uploads\/2026\/09\/la-visita-de-luis-de-la-fuente-a-ceuta-provoca-criticas-en-marruecos-por-su-supuesto-trasfondo-politico.jpg","datePublished":"2026-09-05T14:57:04+00:00","breadcrumb":{"@id":"https:\/\/sarmiento24h.com\/?p=414787#breadcrumb"},"inLanguage":"es","potentialAction":[{"@type":"ReadAction","target":["https:\/\/sarmiento24h.com\/?p=414787"]}]},{"@type":"ImageObject","inLanguage":"es","@id":"https:\/\/sarmiento24h.com\/?p=414787#primaryimage","url":"https:\/\/sarmiento24h.com\/wp-content\/uploads\/2026\/09\/la-visita-de-luis-de-la-fuente-a-ceuta-provoca-criticas-en-marruecos-por-su-supuesto-trasfondo-politico.jpg","contentUrl":"https:\/\/sarmiento24h.com\/wp-content\/uploads\/2026\/09\/la-visita-de-luis-de-la-fuente-a-ceuta-provoca-criticas-en-marruecos-por-su-supuesto-trasfondo-politico.jpg","width":1024,"height":576},{"@type":"BreadcrumbList","@id":"https:\/\/sarmiento24h.com\/?p=414787#breadcrumb","itemListElement":[{"@type":"ListItem","position":1,"name":"Home","item":"https:\/\/sarmiento24h.com\/"},{"@type":"ListItem","position":2,"name":"La visita de Luis de la Fuente a Ceuta provoca cr\u00edticas en Marruecos por su supuesto trasfondo pol\u00edtico"}]},{"@type":"WebSite","@id":"https:\/\/sarmiento24h.com\/#website","url":"https:\/\/sarmiento24h.com\/","name":"Sarmiento24h","description":"","publisher":{"@id":"https:\/\/sarmiento24h.com\/#organization"},"potentialAction":[{"@type":"SearchAction","target":{"@type":"EntryPoint","urlTemplate":"https:\/\/sarmiento24h.com\/?s={search_term_string}"},"query-input":{"@type":"PropertyValueSpecification","valueRequired":true,"valueName":"search_term_string"}}],"inLanguage":"es"},{"@type":"Organization","@id":"https:\/\/sarmiento24h.com\/#organization","name":"Sarmiento24h","url":"https:\/\/sarmiento24h.com\/","logo":{"@type":"ImageObject","inLanguage":"es","@id":"https:\/\/sarmiento24h.com\/#\/schema\/logo\/image\/","url":"https:\/\/sarmiento24h.com\/wp-content\/uploads\/2025\/12\/AddText_12-16-10.30.52.jpg","contentUrl":"https:\/\/sarmiento24h.com\/wp-content\/uploads\/2025\/12\/AddText_12-16-10.30.52.jpg","width":1220,"height":324,"caption":"Sarmiento24h"},"image":{"@id":"https:\/\/sarmiento24h.com\/#\/schema\/logo\/image\/"},"sameAs":["https:\/\/facebook.com\/s24hnoticias","https:\/\/x.com\/sarmiento24h"]},{"@type":"Person","@id":"https:\/\/sarmiento24h.com\/#\/schema\/person\/d653a59725ad629a7e0429af7b939d4d","name":"sarmiento24h@gmail.com","image":{"@type":"ImageObject","inLanguage":"es","@id":"https:\/\/sarmiento24h.com\/wp-content\/litespeed\/avatar\/d02cbc4e23c747e6659cd45907173c8f.jpg?ver=1788047690","url":"https:\/\/sarmiento24h.com\/wp-content\/litespeed\/avatar\/d02cbc4e23c747e6659cd45907173c8f.jpg?ver=1788047690","contentUrl":"https:\/\/sarmiento24h.com\/wp-content\/litespeed\/avatar\/d02cbc4e23c747e6659cd45907173c8f.jpg?ver=1788047690","caption":"sarmiento24h@gmail.com"},"sameAs":["https:\/\/sarmiento24h.com"],"url":"https:\/\/sarmiento24h.com\/?author=1"}]}},"jetpack_publicize_connections":[],"jetpack_featured_media_url":"https:\/\/sarmiento24h.com\/wp-content\/uploads\/2026\/09\/la-visita-de-luis-de-la-fuente-a-ceuta-provoca-criticas-en-marruecos-por-su-supuesto-trasfondo-politico.jpg","jetpack_sharing_enabled":true,"_links":{"self":[{"href":"https:\/\/sarmiento24h.com\/index.php?rest_route=\/wp\/v2\/posts\/414787","targetHints":{"allow":["GET"]}}],"collection":[{"href":"https:\/\/sarmiento24h.com\/index.php?rest_route=\/wp\/v2\/posts"}],"about":[{"href":"https:\/\/sarmiento24h.com\/index.php?rest_route=\/wp\/v2\/types\/post"}],"author":[{"embeddable":true,"href":"https:\/\/sarmiento24h.com\/index.php?rest_route=\/wp\/v2\/users\/1"}],"replies":[{"embeddable":true,"href":"https:\/\/sarmiento24h.com\/index.php?rest_route=%2Fwp%2Fv2%2Fcomments&post=414787"}],"version-history":[{"count":0,"href":"https:\/\/sarmiento24h.com\/index.php?rest_route=\/wp\/v2\/posts\/414787\/revisions"}],"wp:featuredmedia":[{"embeddable":true,"href":"https:\/\/sarmiento24h.com\/index.php?rest_route=\/wp\/v2\/media\/414788"}],"wp:attachment":[{"href":"https:\/\/sarmiento24h.com\/index.php?rest_route=%2Fwp%2Fv2%2Fmedia&parent=414787"}],"wp:term":[{"taxonomy":"category","embeddable":true,"href":"https:\/\/sarmiento24h.com\/index.php?rest_route=%2Fwp%2Fv2%2Fcategories&post=414787"},{"taxonomy":"post_tag","embeddable":true,"href":"https:\/\/sarmiento24h.com\/index.php?rest_route=%2Fwp%2Fv2%2Ftags&post=414787"}],"curies":[{"name":"wp","href":"https:\/\/api.w.org\/{rel}","templated":true}]}}