{"id":415027,"date":"2026-09-05T18:17:19","date_gmt":"2026-09-05T18:17:19","guid":{"rendered":"https:\/\/pinceldigital.do\/?p=76295"},"modified":"2026-09-05T18:17:19","modified_gmt":"2026-09-05T18:17:19","slug":"pucmm-inaugura-aula-estrado-en-honor-al-jurista-flavio-dario-espinal-hued","status":"publish","type":"post","link":"https:\/\/sarmiento24h.com\/?p=415027","title":{"rendered":"PUCMM inaugura aula estrado en honor al jurista Flavio Dar\u00edo Espinal Hued"},"content":{"rendered":"<p class=\"wp-block-paragraph\">Santiago,R.D.- La Pontificia Universidad Cat\u00f3lica Madre y Maestra (PUCMM), a trav\u00e9s de su Fundaci\u00f3n Madre y Maestra y la Escuela de Derecho del campus Santiago, inaugur\u00f3 este viernes el <em>Aula Estrado Flavio Dar\u00edo Espinal Hued<\/em>, un nuevo espacio acad\u00e9mico destinado a fortalecer la formaci\u00f3n pr\u00e1ctica de los estudiantes de Derecho.<\/p>\n<p class=\"wp-block-paragraph\">El aula, ubicada en el segundo nivel del edificio Padre Arroyo, busca acercar a los estudiantes a escenarios propios del ejercicio profesional mediante audiencias simuladas, debates, argumentaciones y otros ejercicios acad\u00e9micos, permiti\u00e9ndoles desarrollar competencias fundamentales para el ejercicio de la profesi\u00f3n jur\u00eddica.<\/p>\n<p class=\"wp-block-paragraph\">Este espacio rinde homenaje al legado del jurista Flavio Dar\u00edo Espinal Hued, primer decano de la Facultad de Derecho de esta academia. Las instalaciones cuentan con modernos recursos tecnol\u00f3gicos, entre ellos pantalla interactiva, sistema integrado de sonido y c\u00e1maras para videoconferencias, que permitir\u00e1n realizar simulaciones de audiencias, competencias acad\u00e9micas, conferencias y actividades de formaci\u00f3n continua.<\/p>\n<p class=\"wp-block-paragraph\">Durante la bendici\u00f3n de la nueva aula estrado, el reverendo padre doctor Secilio Espinal, rector de la Madre y Maestra, destac\u00f3 el papel del doctor Flavio Dar\u00edo Espinal Hued en los or\u00edgenes y desarrollo de la instituci\u00f3n. \u201cEspinal Hued tambi\u00e9n estuvo en esta dimensi\u00f3n de apoyo, de sostenibilidad y de visi\u00f3n de desarrollo de la instituci\u00f3n\u201d, afirm\u00f3.<\/p>\n<p class=\"wp-block-paragraph\">Espinal aprovech\u00f3 la ocasi\u00f3n para resaltar los avances alcanzados por la universidad durante sus 64 a\u00f1os de trayectoria y revel\u00f3 que la matr\u00edcula estudiantil super\u00f3 los 15 mil alumnos, \u201ccifra que no alcanzaba hace una d\u00e9cada, lo cual es un logro sin precedente para la gesti\u00f3n universitaria y para todo su equipo\u201d, sostuvo.<\/p>\n<p class=\"wp-block-paragraph\">Esta aula fue posible gracias al respaldo de la Fundaci\u00f3n Madre y Maestra y de las firmas de abogados Estrella &amp; Tupete y Guzm\u00e1n Ariza, cuyos aportes contribuyeron a la creaci\u00f3n de este espacio que estar\u00e1 al servicio de los estudiantes de la Escuela de Derecho.<\/p>\n<p class=\"wp-block-paragraph\">\u201cHoy entregamos a la comunidad universitaria espacios modernos, funcionales y tecnol\u00f3gicamente equipados, concebidos para fortalecer la ense\u00f1anza pr\u00e1ctica del Derecho\u201d, afirm\u00f3 Mercedes Carmen Capell\u00e1n, presidenta de la Fundaci\u00f3n Madre y Maestra.<\/p>\n<p class=\"wp-block-paragraph\">\u201cHoy no solo inauguramos un espacio f\u00edsico. Tambi\u00e9n rendimos homenaje a la memoria de un hombre que dej\u00f3 una huella perdurable en la historia de nuestra Universidad\u201d, expres\u00f3.<\/p>\n<p class=\"wp-block-paragraph\">Capell\u00e1n dijo que con esta iniciativa se busca mantener vivo el legado de Espinal Hued como jurista y educador, y exhort\u00f3 a quienes utilicen el espacio a inspirarse en su ejemplo para ejercer el Derecho \u201ccon excelencia, integridad y vocaci\u00f3n de servicio\u201d.<\/p>\n<p class=\"wp-block-paragraph\">El director de la Escuela de Derecho de la PUCMM, Edwin Espinal, consider\u00f3 que el homenaje representa un acto de preservaci\u00f3n de la memoria hist\u00f3rica de la universidad. \u201cNo solo honra al primer decano del entonces Facultad de Derecho de la Universidad, sino que tambi\u00e9n recupera su recuerdo en el a\u00f1o del centenario de su nacimiento\u201d, afirm\u00f3 Espinal, quien resalt\u00f3 que la iniciativa permite vincular la trayectoria institucional con la vida y los valores de quien fuera uno de los fundadores de la carrera de Derecho, cuya trayectoria estuvo marcada por la rectitud, la prudencia, la sencillez, la conciliaci\u00f3n y una conducta coherente en el \u00e1mbito profesional y ciudadano.<\/p>\n<p class=\"wp-block-paragraph\">El abogado Flavio Dar\u00edo Espinal, hijo del jurista, valor\u00f3 el homenaje rendido a su padre y destac\u00f3 el significado que tiene para su familia y para la comunidad jur\u00eddica. El espacio no solo estar\u00e1 destinado a las pr\u00e1cticas jur\u00eddicas y competencias de los estudiantes, sino que tambi\u00e9n podr\u00e1 ser utilizado por la comunidad jur\u00eddica para procesos arbitrales y otras actividades profesionales.<\/p>\n<p class=\"wp-block-paragraph\">Durante su intervenci\u00f3n, Espinal record\u00f3 el papel fundamental que desempe\u00f1\u00f3 su padre en la creaci\u00f3n y consolidaci\u00f3n de la universidad, particularmente como primer decano de Derecho, funci\u00f3n desde la cual estructur\u00f3 el plan de estudios y convoc\u00f3 a los primeros profesores de la carrera.<\/p>\n<p class=\"wp-block-paragraph\">\u201cLa vieja guardia universitaria sabe del involucramiento de mi padre en el proceso de creaci\u00f3n de la Universidad Cat\u00f3lica Madre y Maestra\u201d, sostuvo, al considerar que la fundaci\u00f3n de la universidad en Santiago constituy\u00f3 una decisi\u00f3n visionaria en un per\u00edodo marcado por profundas dificultades sociales y pol\u00edticas en el pa\u00eds.<\/p>\n<p class=\"wp-block-paragraph\">El se\u00f1or Fabio Guzm\u00e1n Ariza, presidente de Guzm\u00e1n Ariza, destac\u00f3 la importancia de la formaci\u00f3n \u00e9tica de los abogados y record\u00f3 que las instituciones universitarias que forman juristas tienen una gran responsabilidad sobre los profesionales que entregan a la sociedad. \u201cLa verdadera funci\u00f3n del abogado debe ser de comunicaci\u00f3n, no de fricci\u00f3n\u201d, afirm\u00f3 Guzm\u00e1n Ariza.<\/p>\n<p class=\"wp-block-paragraph\">La inauguraci\u00f3n concluy\u00f3 con la bendici\u00f3n del aula a cargo del rector Secilio Espinal y el corte de cinta que dej\u00f3 formalmente abierto el nuevo espacio acad\u00e9mico.<\/p>\n<figure class=\"wp-block-gallery has-nested-images columns-default is-cropped wp-block-gallery-1 is-layout-flex wp-block-gallery-is-layout-flex\">\n<figure class=\"wp-block-image size-large\"><img loading=\"lazy\" decoding=\"async\" data-recalc-dims=\"1\" width=\"696\" height=\"464\" data-id=\"76299\" src=\"https:\/\/i0.wp.com\/pinceldigital.do\/wp-content\/uploads\/2026\/09\/ec148837-d177-4ea3-8884-017dd876f79f.jpeg?resize=696%2C464&amp;ssl=1\" alt class=\"wp-image-76299\" srcset=\"https:\/\/i0.wp.com\/pinceldigital.do\/wp-content\/uploads\/2026\/09\/ec148837-d177-4ea3-8884-017dd876f79f.jpeg?w=696&amp;ssl=1 696w, https:\/\/i0.wp.com\/pinceldigital.do\/wp-content\/uploads\/2026\/09\/ec148837-d177-4ea3-8884-017dd876f79f.jpeg?resize=300%2C200&amp;ssl=1 300w, https:\/\/i0.wp.com\/pinceldigital.do\/wp-content\/uploads\/2026\/09\/ec148837-d177-4ea3-8884-017dd876f79f.jpeg?resize=630%2C420&amp;ssl=1 630w\" sizes=\"auto, (max-width: 696px) 100vw, 696px\"><\/figure>\n<figure class=\"wp-block-image size-large\"><img loading=\"lazy\" decoding=\"async\" data-recalc-dims=\"1\" width=\"696\" height=\"464\" data-id=\"76296\" src=\"https:\/\/i0.wp.com\/pinceldigital.do\/wp-content\/uploads\/2026\/09\/ca23bc16-a5a9-43bc-86c2-cdd44fa27f89.jpeg?resize=696%2C464&amp;ssl=1\" alt class=\"wp-image-76296\" srcset=\"https:\/\/i0.wp.com\/pinceldigital.do\/wp-content\/uploads\/2026\/09\/ca23bc16-a5a9-43bc-86c2-cdd44fa27f89.jpeg?w=696&amp;ssl=1 696w, https:\/\/i0.wp.com\/pinceldigital.do\/wp-content\/uploads\/2026\/09\/ca23bc16-a5a9-43bc-86c2-cdd44fa27f89.jpeg?resize=300%2C200&amp;ssl=1 300w, https:\/\/i0.wp.com\/pinceldigital.do\/wp-content\/uploads\/2026\/09\/ca23bc16-a5a9-43bc-86c2-cdd44fa27f89.jpeg?resize=630%2C420&amp;ssl=1 630w\" sizes=\"auto, (max-width: 696px) 100vw, 696px\"><\/figure>\n<figure class=\"wp-block-image size-large\"><img loading=\"lazy\" decoding=\"async\" data-recalc-dims=\"1\" width=\"696\" height=\"464\" data-id=\"76298\" src=\"https:\/\/i0.wp.com\/pinceldigital.do\/wp-content\/uploads\/2026\/09\/7e7d5f0e-54c6-4816-8011-c6da263a47b7.jpeg?resize=696%2C464&amp;ssl=1\" alt class=\"wp-image-76298\" srcset=\"https:\/\/i0.wp.com\/pinceldigital.do\/wp-content\/uploads\/2026\/09\/7e7d5f0e-54c6-4816-8011-c6da263a47b7.jpeg?w=696&amp;ssl=1 696w, https:\/\/i0.wp.com\/pinceldigital.do\/wp-content\/uploads\/2026\/09\/7e7d5f0e-54c6-4816-8011-c6da263a47b7.jpeg?resize=300%2C200&amp;ssl=1 300w, https:\/\/i0.wp.com\/pinceldigital.do\/wp-content\/uploads\/2026\/09\/7e7d5f0e-54c6-4816-8011-c6da263a47b7.jpeg?resize=630%2C420&amp;ssl=1 630w\" sizes=\"auto, (max-width: 696px) 100vw, 696px\"><\/figure>\n<figure class=\"wp-block-image size-large\"><img decoding=\"async\" data-recalc-dims=\"1\" loading=\"lazy\" width=\"696\" height=\"464\" data-id=\"76297\" src=\"https:\/\/i0.wp.com\/pinceldigital.do\/wp-content\/uploads\/2026\/09\/2af6fc44-b05e-4014-a3b9-ca89ff17bc7b.jpeg?resize=696%2C464&amp;ssl=1\" alt class=\"wp-image-76297\" srcset=\"https:\/\/i0.wp.com\/pinceldigital.do\/wp-content\/uploads\/2026\/09\/2af6fc44-b05e-4014-a3b9-ca89ff17bc7b.jpeg?w=696&amp;ssl=1 696w, https:\/\/i0.wp.com\/pinceldigital.do\/wp-content\/uploads\/2026\/09\/2af6fc44-b05e-4014-a3b9-ca89ff17bc7b.jpeg?resize=300%2C200&amp;ssl=1 300w, https:\/\/i0.wp.com\/pinceldigital.do\/wp-content\/uploads\/2026\/09\/2af6fc44-b05e-4014-a3b9-ca89ff17bc7b.jpeg?resize=630%2C420&amp;ssl=1 630w\" sizes=\"auto, (max-width: 696px) 100vw, 696px\"><\/figure>\n<\/figure>\n<figure class=\"wp-block-gallery has-nested-images columns-default is-cropped wp-block-gallery-2 is-layout-flex wp-block-gallery-is-layout-flex\">\n<figure class=\"wp-block-image size-large\"><img decoding=\"async\" data-recalc-dims=\"1\" loading=\"lazy\" width=\"696\" height=\"464\" data-id=\"76303\" src=\"https:\/\/i0.wp.com\/pinceldigital.do\/wp-content\/uploads\/2026\/09\/008b1d6b-0f42-41b9-82ab-272fce2a15b2.jpeg?resize=696%2C464&amp;ssl=1\" alt class=\"wp-image-76303\" srcset=\"https:\/\/i0.wp.com\/pinceldigital.do\/wp-content\/uploads\/2026\/09\/008b1d6b-0f42-41b9-82ab-272fce2a15b2.jpeg?w=696&amp;ssl=1 696w, https:\/\/i0.wp.com\/pinceldigital.do\/wp-content\/uploads\/2026\/09\/008b1d6b-0f42-41b9-82ab-272fce2a15b2.jpeg?resize=300%2C200&amp;ssl=1 300w, https:\/\/i0.wp.com\/pinceldigital.do\/wp-content\/uploads\/2026\/09\/008b1d6b-0f42-41b9-82ab-272fce2a15b2.jpeg?resize=630%2C420&amp;ssl=1 630w\" sizes=\"auto, (max-width: 696px) 100vw, 696px\"><\/figure>\n<figure class=\"wp-block-image size-large\"><img decoding=\"async\" data-recalc-dims=\"1\" loading=\"lazy\" width=\"696\" height=\"464\" data-id=\"76302\" src=\"https:\/\/i0.wp.com\/pinceldigital.do\/wp-content\/uploads\/2026\/09\/c0a62377-ddb9-40a7-a1b0-3d674c0e7abf.jpeg?resize=696%2C464&amp;ssl=1\" alt class=\"wp-image-76302\" srcset=\"https:\/\/i0.wp.com\/pinceldigital.do\/wp-content\/uploads\/2026\/09\/c0a62377-ddb9-40a7-a1b0-3d674c0e7abf.jpeg?w=696&amp;ssl=1 696w, https:\/\/i0.wp.com\/pinceldigital.do\/wp-content\/uploads\/2026\/09\/c0a62377-ddb9-40a7-a1b0-3d674c0e7abf.jpeg?resize=300%2C200&amp;ssl=1 300w, https:\/\/i0.wp.com\/pinceldigital.do\/wp-content\/uploads\/2026\/09\/c0a62377-ddb9-40a7-a1b0-3d674c0e7abf.jpeg?resize=630%2C420&amp;ssl=1 630w\" sizes=\"auto, (max-width: 696px) 100vw, 696px\"><\/figure>\n<figure class=\"wp-block-image size-large\"><img decoding=\"async\" data-recalc-dims=\"1\" loading=\"lazy\" width=\"696\" height=\"463\" data-id=\"76301\" src=\"https:\/\/i0.wp.com\/pinceldigital.do\/wp-content\/uploads\/2026\/09\/e9e6fe20-284b-4eae-9912-3d87480f83f6.jpeg?resize=696%2C463&amp;ssl=1\" alt class=\"wp-image-76301\" srcset=\"https:\/\/i0.wp.com\/pinceldigital.do\/wp-content\/uploads\/2026\/09\/e9e6fe20-284b-4eae-9912-3d87480f83f6.jpeg?w=696&amp;ssl=1 696w, https:\/\/i0.wp.com\/pinceldigital.do\/wp-content\/uploads\/2026\/09\/e9e6fe20-284b-4eae-9912-3d87480f83f6.jpeg?resize=300%2C200&amp;ssl=1 300w, https:\/\/i0.wp.com\/pinceldigital.do\/wp-content\/uploads\/2026\/09\/e9e6fe20-284b-4eae-9912-3d87480f83f6.jpeg?resize=631%2C420&amp;ssl=1 631w\" sizes=\"auto, (max-width: 696px) 100vw, 696px\"><\/figure>\n<figure class=\"wp-block-image size-large\"><img decoding=\"async\" data-recalc-dims=\"1\" loading=\"lazy\" width=\"696\" height=\"463\" data-id=\"76300\" src=\"https:\/\/i0.wp.com\/pinceldigital.do\/wp-content\/uploads\/2026\/09\/c0b26fbe-6600-4f16-b7af-4fd3f4562408.jpeg?resize=696%2C463&amp;ssl=1\" alt class=\"wp-image-76300\" srcset=\"https:\/\/i0.wp.com\/pinceldigital.do\/wp-content\/uploads\/2026\/09\/c0b26fbe-6600-4f16-b7af-4fd3f4562408.jpeg?w=696&amp;ssl=1 696w, https:\/\/i0.wp.com\/pinceldigital.do\/wp-content\/uploads\/2026\/09\/c0b26fbe-6600-4f16-b7af-4fd3f4562408.jpeg?resize=300%2C200&amp;ssl=1 300w, https:\/\/i0.wp.com\/pinceldigital.do\/wp-content\/uploads\/2026\/09\/c0b26fbe-6600-4f16-b7af-4fd3f4562408.jpeg?resize=631%2C420&amp;ssl=1 631w\" sizes=\"auto, (max-width: 696px) 100vw, 696px\"><\/figure>\n<\/figure>\n<figure class=\"wp-block-gallery has-nested-images columns-default is-cropped wp-block-gallery-3 is-layout-flex wp-block-gallery-is-layout-flex\">\n<figure class=\"wp-block-image size-large\"><img decoding=\"async\" data-recalc-dims=\"1\" loading=\"lazy\" width=\"696\" height=\"464\" data-id=\"76305\" src=\"https:\/\/i0.wp.com\/pinceldigital.do\/wp-content\/uploads\/2026\/09\/2df39e0f-0c84-4c27-85b0-eeb92217ccb7.jpeg?resize=696%2C464&amp;ssl=1\" alt class=\"wp-image-76305\" srcset=\"https:\/\/i0.wp.com\/pinceldigital.do\/wp-content\/uploads\/2026\/09\/2df39e0f-0c84-4c27-85b0-eeb92217ccb7.jpeg?w=696&amp;ssl=1 696w, https:\/\/i0.wp.com\/pinceldigital.do\/wp-content\/uploads\/2026\/09\/2df39e0f-0c84-4c27-85b0-eeb92217ccb7.jpeg?resize=300%2C200&amp;ssl=1 300w, https:\/\/i0.wp.com\/pinceldigital.do\/wp-content\/uploads\/2026\/09\/2df39e0f-0c84-4c27-85b0-eeb92217ccb7.jpeg?resize=630%2C420&amp;ssl=1 630w\" sizes=\"auto, (max-width: 696px) 100vw, 696px\"><\/figure>\n<figure class=\"wp-block-image size-large\"><img decoding=\"async\" data-recalc-dims=\"1\" loading=\"lazy\" width=\"696\" height=\"463\" data-id=\"76304\" src=\"https:\/\/i0.wp.com\/pinceldigital.do\/wp-content\/uploads\/2026\/09\/78466d4b-4c95-4a26-accb-c7597eec49f9.jpeg?resize=696%2C463&amp;ssl=1\" alt class=\"wp-image-76304\" srcset=\"https:\/\/i0.wp.com\/pinceldigital.do\/wp-content\/uploads\/2026\/09\/78466d4b-4c95-4a26-accb-c7597eec49f9.jpeg?w=696&amp;ssl=1 696w, https:\/\/i0.wp.com\/pinceldigital.do\/wp-content\/uploads\/2026\/09\/78466d4b-4c95-4a26-accb-c7597eec49f9.jpeg?resize=300%2C200&amp;ssl=1 300w, https:\/\/i0.wp.com\/pinceldigital.do\/wp-content\/uploads\/2026\/09\/78466d4b-4c95-4a26-accb-c7597eec49f9.jpeg?resize=631%2C420&amp;ssl=1 631w\" sizes=\"auto, (max-width: 696px) 100vw, 696px\"><\/figure>\n<\/figure>\n","protected":false},"excerpt":{"rendered":"<p>Santiago,R.D.- La Pontificia Universidad Cat\u00f3lica Madre y&#46;&#46;&#46;<\/p>\n","protected":false},"author":1,"featured_media":415028,"comment_status":"closed","ping_status":"closed","sticky":false,"template":"","format":"standard","meta":{"_jetpack_newsletter_access":"","_jetpack_dont_email_post_to_subs":false,"_jetpack_newsletter_tier_id":0,"_jetpack_memberships_contains_paywalled_content":false,"_jetpack_feature_clip_id":0,"_jetpack_memberships_contains_paid_content":false,"footnotes":"","jetpack_publicize_message":"","jetpack_publicize_feature_enabled":true,"jetpack_social_post_already_shared":true,"jetpack_social_options":{"image_generator_settings":{"template":"highway","default_image_id":0,"font":"","enabled":false},"version":2},"jetpack_post_was_ever_published":false},"categories":[42],"tags":[],"class_list":["post-415027","post","type-post","status-publish","format-standard","has-post-thumbnail","hentry","category-nacionales"],"yoast_head":"<!-- This site is optimized with the Yoast SEO plugin v28.1 - https:\/\/yoast.com\/product\/yoast-seo-wordpress\/ -->\n<title>PUCMM inaugura aula estrado en honor al jurista Flavio Dar\u00edo Espinal Hued - Sarmiento24h<\/title>\n<meta name=\"robots\" content=\"index, follow, max-snippet:-1, max-image-preview:large, max-video-preview:-1\" \/>\n<link rel=\"canonical\" href=\"https:\/\/sarmiento24h.com\/?p=415027\" \/>\n<meta property=\"og:locale\" content=\"es_ES\" \/>\n<meta property=\"og:type\" content=\"article\" \/>\n<meta property=\"og:title\" content=\"PUCMM inaugura aula estrado en honor al jurista Flavio Dar\u00edo Espinal Hued - Sarmiento24h\" \/>\n<meta property=\"og:description\" content=\"Santiago,R.D.- La Pontificia Universidad Cat\u00f3lica Madre y&#046;&#046;&#046;\" \/>\n<meta property=\"og:url\" content=\"https:\/\/sarmiento24h.com\/?p=415027\" \/>\n<meta property=\"og:site_name\" content=\"Sarmiento24h\" \/>\n<meta property=\"article:publisher\" content=\"https:\/\/facebook.com\/s24hnoticias\" \/>\n<meta property=\"article:published_time\" content=\"2026-09-05T18:17:19+00:00\" \/>\n<meta name=\"author\" content=\"sarmiento24h@gmail.com\" \/>\n<meta name=\"twitter:card\" content=\"summary_large_image\" \/>\n<meta name=\"twitter:creator\" content=\"@sarmiento24h\" \/>\n<meta name=\"twitter:site\" content=\"@sarmiento24h\" \/>\n<meta name=\"twitter:label1\" content=\"Escrito por\" \/>\n\t<meta name=\"twitter:data1\" content=\"sarmiento24h@gmail.com\" \/>\n\t<meta name=\"twitter:label2\" content=\"Tiempo de lectura\" \/>\n\t<meta name=\"twitter:data2\" content=\"4 minutos\" \/>\n<script type=\"application\/ld+json\" class=\"yoast-schema-graph\">{\"@context\":\"https:\\\/\\\/schema.org\",\"@graph\":[{\"@type\":\"Article\",\"@id\":\"https:\\\/\\\/sarmiento24h.com\\\/?p=415027#article\",\"isPartOf\":{\"@id\":\"https:\\\/\\\/sarmiento24h.com\\\/?p=415027\"},\"author\":{\"name\":\"sarmiento24h@gmail.com\",\"@id\":\"https:\\\/\\\/sarmiento24h.com\\\/#\\\/schema\\\/person\\\/d653a59725ad629a7e0429af7b939d4d\"},\"headline\":\"PUCMM inaugura aula estrado en honor al jurista Flavio Dar\u00edo Espinal Hued\",\"datePublished\":\"2026-09-05T18:17:19+00:00\",\"mainEntityOfPage\":{\"@id\":\"https:\\\/\\\/sarmiento24h.com\\\/?p=415027\"},\"wordCount\":839,\"publisher\":{\"@id\":\"https:\\\/\\\/sarmiento24h.com\\\/#organization\"},\"image\":{\"@id\":\"https:\\\/\\\/sarmiento24h.com\\\/?p=415027#primaryimage\"},\"thumbnailUrl\":\"https:\\\/\\\/sarmiento24h.com\\\/wp-content\\\/uploads\\\/2026\\\/09\\\/pucmm-inaugura-aula-estrado-en-honor-al-jurista-flavio-dario-espinal-hued.jpg\",\"articleSection\":[\"Nacionales\"],\"inLanguage\":\"es\"},{\"@type\":\"WebPage\",\"@id\":\"https:\\\/\\\/sarmiento24h.com\\\/?p=415027\",\"url\":\"https:\\\/\\\/sarmiento24h.com\\\/?p=415027\",\"name\":\"PUCMM inaugura aula estrado en honor al jurista Flavio Dar\u00edo Espinal Hued - Sarmiento24h\",\"isPartOf\":{\"@id\":\"https:\\\/\\\/sarmiento24h.com\\\/#website\"},\"primaryImageOfPage\":{\"@id\":\"https:\\\/\\\/sarmiento24h.com\\\/?p=415027#primaryimage\"},\"image\":{\"@id\":\"https:\\\/\\\/sarmiento24h.com\\\/?p=415027#primaryimage\"},\"thumbnailUrl\":\"https:\\\/\\\/sarmiento24h.com\\\/wp-content\\\/uploads\\\/2026\\\/09\\\/pucmm-inaugura-aula-estrado-en-honor-al-jurista-flavio-dario-espinal-hued.jpg\",\"datePublished\":\"2026-09-05T18:17:19+00:00\",\"breadcrumb\":{\"@id\":\"https:\\\/\\\/sarmiento24h.com\\\/?p=415027#breadcrumb\"},\"inLanguage\":\"es\",\"potentialAction\":[{\"@type\":\"ReadAction\",\"target\":[\"https:\\\/\\\/sarmiento24h.com\\\/?p=415027\"]}]},{\"@type\":\"ImageObject\",\"inLanguage\":\"es\",\"@id\":\"https:\\\/\\\/sarmiento24h.com\\\/?p=415027#primaryimage\",\"url\":\"https:\\\/\\\/sarmiento24h.com\\\/wp-content\\\/uploads\\\/2026\\\/09\\\/pucmm-inaugura-aula-estrado-en-honor-al-jurista-flavio-dario-espinal-hued.jpg\",\"contentUrl\":\"https:\\\/\\\/sarmiento24h.com\\\/wp-content\\\/uploads\\\/2026\\\/09\\\/pucmm-inaugura-aula-estrado-en-honor-al-jurista-flavio-dario-espinal-hued.jpg\",\"width\":696,\"height\":464},{\"@type\":\"BreadcrumbList\",\"@id\":\"https:\\\/\\\/sarmiento24h.com\\\/?p=415027#breadcrumb\",\"itemListElement\":[{\"@type\":\"ListItem\",\"position\":1,\"name\":\"Home\",\"item\":\"https:\\\/\\\/sarmiento24h.com\\\/\"},{\"@type\":\"ListItem\",\"position\":2,\"name\":\"PUCMM inaugura aula estrado en honor al jurista Flavio Dar\u00edo Espinal Hued\"}]},{\"@type\":\"WebSite\",\"@id\":\"https:\\\/\\\/sarmiento24h.com\\\/#website\",\"url\":\"https:\\\/\\\/sarmiento24h.com\\\/\",\"name\":\"Sarmiento24h\",\"description\":\"\",\"publisher\":{\"@id\":\"https:\\\/\\\/sarmiento24h.com\\\/#organization\"},\"potentialAction\":[{\"@type\":\"SearchAction\",\"target\":{\"@type\":\"EntryPoint\",\"urlTemplate\":\"https:\\\/\\\/sarmiento24h.com\\\/?s={search_term_string}\"},\"query-input\":{\"@type\":\"PropertyValueSpecification\",\"valueRequired\":true,\"valueName\":\"search_term_string\"}}],\"inLanguage\":\"es\"},{\"@type\":\"Organization\",\"@id\":\"https:\\\/\\\/sarmiento24h.com\\\/#organization\",\"name\":\"Sarmiento24h\",\"url\":\"https:\\\/\\\/sarmiento24h.com\\\/\",\"logo\":{\"@type\":\"ImageObject\",\"inLanguage\":\"es\",\"@id\":\"https:\\\/\\\/sarmiento24h.com\\\/#\\\/schema\\\/logo\\\/image\\\/\",\"url\":\"https:\\\/\\\/sarmiento24h.com\\\/wp-content\\\/uploads\\\/2025\\\/12\\\/AddText_12-16-10.30.52.jpg\",\"contentUrl\":\"https:\\\/\\\/sarmiento24h.com\\\/wp-content\\\/uploads\\\/2025\\\/12\\\/AddText_12-16-10.30.52.jpg\",\"width\":1220,\"height\":324,\"caption\":\"Sarmiento24h\"},\"image\":{\"@id\":\"https:\\\/\\\/sarmiento24h.com\\\/#\\\/schema\\\/logo\\\/image\\\/\"},\"sameAs\":[\"https:\\\/\\\/facebook.com\\\/s24hnoticias\",\"https:\\\/\\\/x.com\\\/sarmiento24h\"]},{\"@type\":\"Person\",\"@id\":\"https:\\\/\\\/sarmiento24h.com\\\/#\\\/schema\\\/person\\\/d653a59725ad629a7e0429af7b939d4d\",\"name\":\"sarmiento24h@gmail.com\",\"image\":{\"@type\":\"ImageObject\",\"inLanguage\":\"es\",\"@id\":\"https:\\\/\\\/sarmiento24h.com\\\/wp-content\\\/litespeed\\\/avatar\\\/d02cbc4e23c747e6659cd45907173c8f.jpg?ver=1788047690\",\"url\":\"https:\\\/\\\/sarmiento24h.com\\\/wp-content\\\/litespeed\\\/avatar\\\/d02cbc4e23c747e6659cd45907173c8f.jpg?ver=1788047690\",\"contentUrl\":\"https:\\\/\\\/sarmiento24h.com\\\/wp-content\\\/litespeed\\\/avatar\\\/d02cbc4e23c747e6659cd45907173c8f.jpg?ver=1788047690\",\"caption\":\"sarmiento24h@gmail.com\"},\"sameAs\":[\"https:\\\/\\\/sarmiento24h.com\"],\"url\":\"https:\\\/\\\/sarmiento24h.com\\\/?author=1\"}]}<\/script>\n<!-- \/ Yoast SEO plugin. -->","yoast_head_json":{"title":"PUCMM inaugura aula estrado en honor al jurista Flavio Dar\u00edo Espinal Hued - Sarmiento24h","robots":{"index":"index","follow":"follow","max-snippet":"max-snippet:-1","max-image-preview":"max-image-preview:large","max-video-preview":"max-video-preview:-1"},"canonical":"https:\/\/sarmiento24h.com\/?p=415027","og_locale":"es_ES","og_type":"article","og_title":"PUCMM inaugura aula estrado en honor al jurista Flavio Dar\u00edo Espinal Hued - Sarmiento24h","og_description":"Santiago,R.D.- La Pontificia Universidad Cat\u00f3lica Madre y&#46;&#46;&#46;","og_url":"https:\/\/sarmiento24h.com\/?p=415027","og_site_name":"Sarmiento24h","article_publisher":"https:\/\/facebook.com\/s24hnoticias","article_published_time":"2026-09-05T18:17:19+00:00","author":"sarmiento24h@gmail.com","twitter_card":"summary_large_image","twitter_creator":"@sarmiento24h","twitter_site":"@sarmiento24h","twitter_misc":{"Escrito por":"sarmiento24h@gmail.com","Tiempo de lectura":"4 minutos"},"schema":{"@context":"https:\/\/schema.org","@graph":[{"@type":"Article","@id":"https:\/\/sarmiento24h.com\/?p=415027#article","isPartOf":{"@id":"https:\/\/sarmiento24h.com\/?p=415027"},"author":{"name":"sarmiento24h@gmail.com","@id":"https:\/\/sarmiento24h.com\/#\/schema\/person\/d653a59725ad629a7e0429af7b939d4d"},"headline":"PUCMM inaugura aula estrado en honor al jurista Flavio Dar\u00edo Espinal Hued","datePublished":"2026-09-05T18:17:19+00:00","mainEntityOfPage":{"@id":"https:\/\/sarmiento24h.com\/?p=415027"},"wordCount":839,"publisher":{"@id":"https:\/\/sarmiento24h.com\/#organization"},"image":{"@id":"https:\/\/sarmiento24h.com\/?p=415027#primaryimage"},"thumbnailUrl":"https:\/\/sarmiento24h.com\/wp-content\/uploads\/2026\/09\/pucmm-inaugura-aula-estrado-en-honor-al-jurista-flavio-dario-espinal-hued.jpg","articleSection":["Nacionales"],"inLanguage":"es"},{"@type":"WebPage","@id":"https:\/\/sarmiento24h.com\/?p=415027","url":"https:\/\/sarmiento24h.com\/?p=415027","name":"PUCMM inaugura aula estrado en honor al jurista Flavio Dar\u00edo Espinal Hued - Sarmiento24h","isPartOf":{"@id":"https:\/\/sarmiento24h.com\/#website"},"primaryImageOfPage":{"@id":"https:\/\/sarmiento24h.com\/?p=415027#primaryimage"},"image":{"@id":"https:\/\/sarmiento24h.com\/?p=415027#primaryimage"},"thumbnailUrl":"https:\/\/sarmiento24h.com\/wp-content\/uploads\/2026\/09\/pucmm-inaugura-aula-estrado-en-honor-al-jurista-flavio-dario-espinal-hued.jpg","datePublished":"2026-09-05T18:17:19+00:00","breadcrumb":{"@id":"https:\/\/sarmiento24h.com\/?p=415027#breadcrumb"},"inLanguage":"es","potentialAction":[{"@type":"ReadAction","target":["https:\/\/sarmiento24h.com\/?p=415027"]}]},{"@type":"ImageObject","inLanguage":"es","@id":"https:\/\/sarmiento24h.com\/?p=415027#primaryimage","url":"https:\/\/sarmiento24h.com\/wp-content\/uploads\/2026\/09\/pucmm-inaugura-aula-estrado-en-honor-al-jurista-flavio-dario-espinal-hued.jpg","contentUrl":"https:\/\/sarmiento24h.com\/wp-content\/uploads\/2026\/09\/pucmm-inaugura-aula-estrado-en-honor-al-jurista-flavio-dario-espinal-hued.jpg","width":696,"height":464},{"@type":"BreadcrumbList","@id":"https:\/\/sarmiento24h.com\/?p=415027#breadcrumb","itemListElement":[{"@type":"ListItem","position":1,"name":"Home","item":"https:\/\/sarmiento24h.com\/"},{"@type":"ListItem","position":2,"name":"PUCMM inaugura aula estrado en honor al jurista Flavio Dar\u00edo Espinal Hued"}]},{"@type":"WebSite","@id":"https:\/\/sarmiento24h.com\/#website","url":"https:\/\/sarmiento24h.com\/","name":"Sarmiento24h","description":"","publisher":{"@id":"https:\/\/sarmiento24h.com\/#organization"},"potentialAction":[{"@type":"SearchAction","target":{"@type":"EntryPoint","urlTemplate":"https:\/\/sarmiento24h.com\/?s={search_term_string}"},"query-input":{"@type":"PropertyValueSpecification","valueRequired":true,"valueName":"search_term_string"}}],"inLanguage":"es"},{"@type":"Organization","@id":"https:\/\/sarmiento24h.com\/#organization","name":"Sarmiento24h","url":"https:\/\/sarmiento24h.com\/","logo":{"@type":"ImageObject","inLanguage":"es","@id":"https:\/\/sarmiento24h.com\/#\/schema\/logo\/image\/","url":"https:\/\/sarmiento24h.com\/wp-content\/uploads\/2025\/12\/AddText_12-16-10.30.52.jpg","contentUrl":"https:\/\/sarmiento24h.com\/wp-content\/uploads\/2025\/12\/AddText_12-16-10.30.52.jpg","width":1220,"height":324,"caption":"Sarmiento24h"},"image":{"@id":"https:\/\/sarmiento24h.com\/#\/schema\/logo\/image\/"},"sameAs":["https:\/\/facebook.com\/s24hnoticias","https:\/\/x.com\/sarmiento24h"]},{"@type":"Person","@id":"https:\/\/sarmiento24h.com\/#\/schema\/person\/d653a59725ad629a7e0429af7b939d4d","name":"sarmiento24h@gmail.com","image":{"@type":"ImageObject","inLanguage":"es","@id":"https:\/\/sarmiento24h.com\/wp-content\/litespeed\/avatar\/d02cbc4e23c747e6659cd45907173c8f.jpg?ver=1788047690","url":"https:\/\/sarmiento24h.com\/wp-content\/litespeed\/avatar\/d02cbc4e23c747e6659cd45907173c8f.jpg?ver=1788047690","contentUrl":"https:\/\/sarmiento24h.com\/wp-content\/litespeed\/avatar\/d02cbc4e23c747e6659cd45907173c8f.jpg?ver=1788047690","caption":"sarmiento24h@gmail.com"},"sameAs":["https:\/\/sarmiento24h.com"],"url":"https:\/\/sarmiento24h.com\/?author=1"}]}},"jetpack_publicize_connections":[],"jetpack_featured_media_url":"https:\/\/sarmiento24h.com\/wp-content\/uploads\/2026\/09\/pucmm-inaugura-aula-estrado-en-honor-al-jurista-flavio-dario-espinal-hued.jpg","jetpack_sharing_enabled":true,"_links":{"self":[{"href":"https:\/\/sarmiento24h.com\/index.php?rest_route=\/wp\/v2\/posts\/415027","targetHints":{"allow":["GET"]}}],"collection":[{"href":"https:\/\/sarmiento24h.com\/index.php?rest_route=\/wp\/v2\/posts"}],"about":[{"href":"https:\/\/sarmiento24h.com\/index.php?rest_route=\/wp\/v2\/types\/post"}],"author":[{"embeddable":true,"href":"https:\/\/sarmiento24h.com\/index.php?rest_route=\/wp\/v2\/users\/1"}],"replies":[{"embeddable":true,"href":"https:\/\/sarmiento24h.com\/index.php?rest_route=%2Fwp%2Fv2%2Fcomments&post=415027"}],"version-history":[{"count":0,"href":"https:\/\/sarmiento24h.com\/index.php?rest_route=\/wp\/v2\/posts\/415027\/revisions"}],"wp:featuredmedia":[{"embeddable":true,"href":"https:\/\/sarmiento24h.com\/index.php?rest_route=\/wp\/v2\/media\/415028"}],"wp:attachment":[{"href":"https:\/\/sarmiento24h.com\/index.php?rest_route=%2Fwp%2Fv2%2Fmedia&parent=415027"}],"wp:term":[{"taxonomy":"category","embeddable":true,"href":"https:\/\/sarmiento24h.com\/index.php?rest_route=%2Fwp%2Fv2%2Fcategories&post=415027"},{"taxonomy":"post_tag","embeddable":true,"href":"https:\/\/sarmiento24h.com\/index.php?rest_route=%2Fwp%2Fv2%2Ftags&post=415027"}],"curies":[{"name":"wp","href":"https:\/\/api.w.org\/{rel}","templated":true}]}}