{"id":415105,"date":"2026-09-05T19:26:50","date_gmt":"2026-09-05T19:26:50","guid":{"rendered":"http:\/\/7f532802-a957-11f1-ad12-4dff28197790"},"modified":"2026-09-05T19:26:50","modified_gmt":"2026-09-05T19:26:50","slug":"america-latina-abre-el-debate-sobre-limitar-el-acceso-de-los-menores-a-las-redes-sociales","status":"publish","type":"post","link":"https:\/\/sarmiento24h.com\/?p=415105","title":{"rendered":"Am\u00e9rica Latina abre el debate sobre limitar el acceso de los menores a las redes sociales"},"content":{"rendered":"<p><strong>\u00bfA qu\u00e9 edad deber\u00eda permitirse a un adolescente abrir una cuenta en una red social?<\/strong> La pregunta, que durante a\u00f1os qued\u00f3 principalmente en manos de las familias y de las propias plataformas, comienza a ocupar un lugar cada vez m\u00e1s importante en la agenda de los gobiernos.<\/p>\n<p>Expertos, legisladores y representantes de organizaciones civiles de <strong>Panam\u00e1, Costa Rica, Rep\u00fablica Dominicana y Ecuador<\/strong> coincidieron esta semana en Costa Rica en la necesidad de abrir una discusi\u00f3n regional sobre el acceso de ni\u00f1os y adolescentes a las redes sociales y el uso de tel\u00e9fonos celulares.<\/p>\n<p>El encuentro fue organizado por el Proyecto de Apoyo al Periodismo Independiente y la Lucha contra la Desinformaci\u00f3n, financiado por la Uni\u00f3n Europea y desarrollado junto al Programa de Naciones Unidas para el Desarrollo (PNUD).<\/p>\n<div class=\"m-em-video\">\n<div class=\"o-video-player o-video-player--16x9\" data-media-video-wbmz417979-f24-es-20260905 data-show-hidden-video-player=\"WBMZ417979-F24-ES-20260905\" data-wrapper-video-player data-youtube-script>\n<div class=\"o-em-consent \" readability=\"7\">\n<div class=\"o-em-consent__content\" readability=\"34\">\n<p class=\"o-em-consent__content__text\">Para mostrar este contenido de YouTube, debe autorizar las cookies de medici\u00f3n de audiencia y publicidad.<\/p>\n<p> <button class=\"a-master-button a-master-button--dark\" data-action=\"accept\"> Aceptar <svg class=\"a-svg a-svg--icon-check\"> <use xlink:href=\"\/build\/images\/svg\/sprite.68b43361c11f23b39049016b32e6ae31.svg#icon-check\" href=\"\/build\/images\/svg\/sprite.68b43361c11f23b39049016b32e6ae31.svg#icon-check\" \/> <\/svg> <\/button> <button class=\"a-link\" data-action=\"manage\">Gestionar mis opciones <svg class=\"a-svg a-svg--icon-edit\"> <use xlink:href=\"\/build\/images\/svg\/sprite.68b43361c11f23b39049016b32e6ae31.svg#icon-edit\" href=\"\/build\/images\/svg\/sprite.68b43361c11f23b39049016b32e6ae31.svg#icon-edit\" \/> <\/svg><br \/>\n<\/button> <\/div>\n<\/div>\n<div class=\"o-em-adblock\" data-adblock-content readability=\"7\">\n<div class=\"o-em-adblock__content\" readability=\"34\">\n<p class=\"o-em-adblock__content__text\">Una extensi\u00f3n de tu navegador parece estar bloqueando la carga del reproductor de video. Para poder ver este contenido, debes desactivarla en este sitio.<\/p>\n<p> <button class=\"a-master-button a-master-button--dark\" data-action=\"reload\">Reintentar<\/button> <\/div>\n<\/div>\n<figure class=\"m-item-image m-item-image--16x9 m-item-image--has-caption\"> <picture class=\"a-picture a-picture--16x9\"><source type=\"image\/webp\" srcset=\"https:\/\/s.france24.com\/media\/display\/fa57438c-a17b-11f1-bb1e-005056bf30b7\/w:388\/p:16x9\/AP26238582456488.webp 388w, https:\/\/s.france24.com\/media\/display\/fa57438c-a17b-11f1-bb1e-005056bf30b7\/w:720\/p:16x9\/AP26238582456488.webp 720w, https:\/\/s.france24.com\/media\/display\/fa57438c-a17b-11f1-bb1e-005056bf30b7\/w:1024\/p:16x9\/AP26238582456488.webp 1024w\" sizes=\"(max-width: 639px) calc(100vw - 32px), (max-width: 1076px) calc(100vw - 44px), 850px\"><img fetchpriority=\"high\" decoding=\"auto\" src=\"https:\/\/s.france24.com\/media\/display\/fa57438c-a17b-11f1-bb1e-005056bf30b7\/w:1024\/p:16x9\/AP26238582456488.jpg\" srcset=\"https:\/\/s.france24.com\/media\/display\/fa57438c-a17b-11f1-bb1e-005056bf30b7\/w:388\/p:16x9\/AP26238582456488.jpg 388w, https:\/\/s.france24.com\/media\/display\/fa57438c-a17b-11f1-bb1e-005056bf30b7\/w:720\/p:16x9\/AP26238582456488.jpg 720w, https:\/\/s.france24.com\/media\/display\/fa57438c-a17b-11f1-bb1e-005056bf30b7\/w:1024\/p:16x9\/AP26238582456488.jpg 1024w\" sizes=\"(max-width: 639px) calc(100vw - 32px), (max-width: 1076px) calc(100vw - 44px), 850px\" width=\"1024\" height=\"576\" alt=\"Un autom\u00f3vil pasa frente al logotipo de &quot;Meta&quot; en la sede de la empresa, el 28 de octubre de 2021, en Menlo Park, California. \" loading=\"eager\" class=\"a-img \">\n<\/picture><figcaption class=\"a-figcaption\"> Imagen de portada: Un autom\u00f3vil pasa frente al logotipo de \u00abMeta\u00bb en la sede de la empresa, el 28 de octubre de 2021, en Menlo Park, California. \u00a9 AP <\/figcaption><\/figure>\n<\/p><\/div>\n<\/div>\n<p>El debate parte de una realidad particularmente marcada en Am\u00e9rica Latina y el Caribe: seg\u00fan datos citados por el PNUD, los usuarios de la regi\u00f3n pasan en promedio <strong>tres horas y media al d\u00eda en redes sociales<\/strong>, el registro m\u00e1s elevado entre las regiones del mundo. <\/p>\n<p>Los participantes plantearon que cualquier regulaci\u00f3n deber\u00eda contemplar la participaci\u00f3n de los propios j\u00f3venes y tener en cuenta las diferencias sociales, culturales y econ\u00f3micas entre los pa\u00edses. Tambi\u00e9n se\u00f1alaron que padres, gobiernos y compa\u00f1\u00edas tecnol\u00f3gicas deber\u00edan formar parte de la discusi\u00f3n.<\/p>\n<h3><strong>Un debate que todav\u00eda no se convirti\u00f3 en ley<\/strong><\/h3>\n<p>La preocupaci\u00f3n por los efectos del uso intensivo de las plataformas digitales ya aparece vinculada a cuestiones como la salud mental, la autoestima, el comportamiento y el desempe\u00f1o escolar. Sin embargo, ninguno de los cuatro pa\u00edses representados en el encuentro cuenta actualmente con una legislaci\u00f3n espec\u00edfica destinada a limitar estos efectos.<\/p>\n<div class=\"m-em-image\">\n<figure class=\"m-item-image m-item-image--original m-item-image--has-caption\"> <picture class=\"a-picture a-picture--original\"><source type=\"image\/webp\" srcset=\"https:\/\/s.france24.com\/media\/display\/f7b845e4-a12c-11f1-940f-005056a90284\/w:246\/ab28f5369bf4432bbcf91394be358ab18dfaec63.webp 246w, https:\/\/s.france24.com\/media\/display\/f7b845e4-a12c-11f1-940f-005056a90284\/w:388\/ab28f5369bf4432bbcf91394be358ab18dfaec63.webp 388w, https:\/\/s.france24.com\/media\/display\/f7b845e4-a12c-11f1-940f-005056a90284\/w:720\/ab28f5369bf4432bbcf91394be358ab18dfaec63.webp 720w, https:\/\/s.france24.com\/media\/display\/f7b845e4-a12c-11f1-940f-005056a90284\/w:980\/ab28f5369bf4432bbcf91394be358ab18dfaec63.webp 980w\" sizes=\"(max-width: 1023px) calc(100vw - 32px), (min-width: 1024px) 850px\"><img fetchpriority=\"low\" decoding=\"async\" src=\"https:\/\/s.france24.com\/media\/display\/f7b845e4-a12c-11f1-940f-005056a90284\/w:980\/ab28f5369bf4432bbcf91394be358ab18dfaec63.jpg\" srcset=\"https:\/\/s.france24.com\/media\/display\/f7b845e4-a12c-11f1-940f-005056a90284\/w:246\/ab28f5369bf4432bbcf91394be358ab18dfaec63.jpg 246w, https:\/\/s.france24.com\/media\/display\/f7b845e4-a12c-11f1-940f-005056a90284\/w:388\/ab28f5369bf4432bbcf91394be358ab18dfaec63.jpg 388w, https:\/\/s.france24.com\/media\/display\/f7b845e4-a12c-11f1-940f-005056a90284\/w:720\/ab28f5369bf4432bbcf91394be358ab18dfaec63.jpg 720w, https:\/\/s.france24.com\/media\/display\/f7b845e4-a12c-11f1-940f-005056a90284\/w:980\/ab28f5369bf4432bbcf91394be358ab18dfaec63.jpg 980w\" sizes=\"(max-width: 1023px) calc(100vw - 32px), (min-width: 1024px) 850px\" alt=\"Los fiscales generales de California (I), Colorado (C) y Nueva Jersey (D) hablan en una conferencia de prensa sobre su demanda contra Meta, el 18 de agosto de 2026 en Oakland\" loading=\"lazy\" class=\"a-img \">\n<\/picture><figcaption class=\"a-figcaption\"> Los fiscales generales de California (I), Colorado (C) y Nueva Jersey (D) hablan en una conferencia de prensa sobre su demanda contra Meta, el 18 de agosto de 2026 en Oakland \u00a9 Godofredo A. V\u00c1SQUEZ \/ AFP\/Archivos <\/figcaption><\/figure>\n<\/p><\/div>\n<p>En <strong>Ecuador y Panam\u00e1<\/strong> existen iniciativas parlamentarias relacionadas con el uso de celulares y redes sociales por parte de menores. Costa Rica, por su parte, analiza reformas m\u00e1s amplias relacionadas con las nuevas tecnolog\u00edas. <\/p>\n<p>Los participantes del encuentro tambi\u00e9n reclamaron m\u00e1s estudios cient\u00edficos que permitan evaluar el impacto de las plataformas y sirvan como base para futuras decisiones legislativas.<\/p>\n<p>La discusi\u00f3n se produce adem\u00e1s en un contexto internacional en el que varios gobiernos ya decidieron avanzar con restricciones.<\/p>\n<p class=\"a-read-more\"><span class=\"a-read-more__label\">Leer tambi\u00e9n<\/span><a href=\"https:\/\/www.france24.com\/es\/programas\/ciencia-y-tecnolog\u00eda\/20260716-meta-y-la-ia-qui\u00e9n-es-due\u00f1o-de-las-fotos-que-subes-a-instagram\" target=\"_self\" class=\"a-read-more__link\">Meta y la IA: \u00bfqui\u00e9n es due\u00f1o de las fotos que subes a Instagram?<\/a><\/p>\n<h3><strong>Australia abri\u00f3 el camino<\/strong><\/h3>\n<p><strong>Australia fue uno de los primeros pa\u00edses en establecer una prohibici\u00f3n amplia para los menores de 16 a\u00f1os.<\/strong> La legislaci\u00f3n aprobada en 2024 contempla sanciones econ\u00f3micas para las plataformas que permitan el acceso de adolescentes por debajo de esa edad.<\/p>\n<p>Otros pa\u00edses siguieron posteriormente esa direcci\u00f3n. <strong>Indonesia<\/strong> restringi\u00f3 este a\u00f1o el acceso de menores de 16 a varias plataformas, entre ellas TikTok, Facebook, Instagram, Threads, X y YouTube.<\/p>\n<p>En junio, <strong>Malasia<\/strong> adopt\u00f3 una medida similar y estableci\u00f3 controles de edad para impedir que los menores de 16 a\u00f1os puedan utilizar determinadas redes sociales.<\/p>\n<div class=\"m-em-video\">\n<div class=\"o-video-player o-video-player--16x9\" data-media-video-wbmz417981-f24-es-20260905 data-show-hidden-video-player=\"WBMZ417981-F24-ES-20260905\" data-wrapper-video-player data-youtube-script>\n<div class=\"o-em-consent \" readability=\"7\">\n<div class=\"o-em-consent__content\" readability=\"34\">\n<p class=\"o-em-consent__content__text\">Para mostrar este contenido de YouTube, debe autorizar las cookies de medici\u00f3n de audiencia y publicidad.<\/p>\n<p> <button class=\"a-master-button a-master-button--dark\" data-action=\"accept\"> Aceptar <svg class=\"a-svg a-svg--icon-check\"> <use xlink:href=\"\/build\/images\/svg\/sprite.68b43361c11f23b39049016b32e6ae31.svg#icon-check\" href=\"\/build\/images\/svg\/sprite.68b43361c11f23b39049016b32e6ae31.svg#icon-check\" \/> <\/svg> <\/button> <button class=\"a-link\" data-action=\"manage\">Gestionar mis opciones <svg class=\"a-svg a-svg--icon-edit\"> <use xlink:href=\"\/build\/images\/svg\/sprite.68b43361c11f23b39049016b32e6ae31.svg#icon-edit\" href=\"\/build\/images\/svg\/sprite.68b43361c11f23b39049016b32e6ae31.svg#icon-edit\" \/> <\/svg><br \/>\n<\/button> <\/div>\n<\/div>\n<div class=\"o-em-adblock\" data-adblock-content readability=\"7\">\n<div class=\"o-em-adblock__content\" readability=\"34\">\n<p class=\"o-em-adblock__content__text\">Una extensi\u00f3n de tu navegador parece estar bloqueando la carga del reproductor de video. Para poder ver este contenido, debes desactivarla en este sitio.<\/p>\n<p> <button class=\"a-master-button a-master-button--dark\" data-action=\"reload\">Reintentar<\/button> <\/div>\n<\/div>\n<figure class=\"m-item-image m-item-image--16x9 m-item-image--has-caption\"> <picture class=\"a-picture a-picture--16x9\"><source type=\"image\/webp\" srcset=\"https:\/\/s.france24.com\/media\/display\/8b52f9b8-2d6d-11f1-87d0-005056bf30b7\/w:388\/p:16x9\/ES-20260331-191013-191156-CS.webp 388w, https:\/\/s.france24.com\/media\/display\/8b52f9b8-2d6d-11f1-87d0-005056bf30b7\/w:720\/p:16x9\/ES-20260331-191013-191156-CS.webp 720w, https:\/\/s.france24.com\/media\/display\/8b52f9b8-2d6d-11f1-87d0-005056bf30b7\/w:1024\/p:16x9\/ES-20260331-191013-191156-CS.webp 1024w\" sizes=\"(max-width: 639px) calc(100vw - 32px), (max-width: 1076px) calc(100vw - 44px), 850px\"><img fetchpriority=\"high\" decoding=\"auto\" src=\"https:\/\/s.france24.com\/media\/display\/8b52f9b8-2d6d-11f1-87d0-005056bf30b7\/w:1024\/p:16x9\/ES-20260331-191013-191156-CS.jpg\" srcset=\"https:\/\/s.france24.com\/media\/display\/8b52f9b8-2d6d-11f1-87d0-005056bf30b7\/w:388\/p:16x9\/ES-20260331-191013-191156-CS.jpg 388w, https:\/\/s.france24.com\/media\/display\/8b52f9b8-2d6d-11f1-87d0-005056bf30b7\/w:720\/p:16x9\/ES-20260331-191013-191156-CS.jpg 720w, https:\/\/s.france24.com\/media\/display\/8b52f9b8-2d6d-11f1-87d0-005056bf30b7\/w:1024\/p:16x9\/ES-20260331-191013-191156-CS.jpg 1024w\" sizes=\"(max-width: 639px) calc(100vw - 32px), (max-width: 1076px) calc(100vw - 44px), 850px\" width=\"1024\" height=\"576\" alt loading=\"eager\" class=\"a-img \">\n<\/picture><figcaption class=\"a-figcaption\"> Imagen de portada: \u00a9 France 24 <\/figcaption><\/figure>\n<\/p><\/div>\n<\/div>\n<p>El debate tambi\u00e9n lleg\u00f3 a <strong>Nueva Zelanda<\/strong>, donde el Gobierno anunci\u00f3 su intenci\u00f3n de establecer una restricci\u00f3n para los menores de 16 a\u00f1os. <\/p>\n<p>En Estados Unidos, mientras tanto, distintas iniciativas impulsadas a nivel estatal buscan limitar el acceso de adolescentes a las plataformas. Entre ellas aparecen proyectos en Texas, Nueva York y Florida, aunque no existe una regla uniforme para todo el pa\u00eds.<\/p>\n<h3><strong>Europa busca una edad m\u00ednima com\u00fan<\/strong><\/h3>\n<p>En Europa, el escenario es m\u00e1s fragmentado. No existe una edad \u00fanica para todas las plataformas y los pa\u00edses avanzan a velocidades diferentes, pero cada vez son m\u00e1s los gobiernos que analizan elevar el l\u00edmite o reforzar los mecanismos para comprobar la edad de los usuarios.<\/p>\n<p><strong>Espa\u00f1a<\/strong> estudia aumentar de 14 a 16 a\u00f1os la edad m\u00ednima para abrir una cuenta en una red social. El proyecto de Ley de Protecci\u00f3n de Menores en Entornos Digitales contempla adem\u00e1s sistemas de verificaci\u00f3n de edad y modificaciones destinadas a reforzar la protecci\u00f3n frente a pr\u00e1cticas como el acoso sexual en l\u00ednea y la difusi\u00f3n de contenidos manipulados.<\/p>\n<p><strong>Francia<\/strong> tambi\u00e9n intenta endurecer las reglas. El Parlamento hab\u00eda avanzado con una propuesta para impedir el acceso de los menores de 15 a\u00f1os, pero el Consejo Constitucional anul\u00f3 el principal art\u00edculo de la iniciativa. El Gobierno franc\u00e9s anunci\u00f3 que buscar\u00e1 reformularla con vistas a una nueva aprobaci\u00f3n.<\/p>\n<div class=\"m-em-image\">\n<figure class=\"m-item-image m-item-image--original m-item-image--has-caption\"> <picture class=\"a-picture a-picture--original\"><source type=\"image\/webp\" srcset=\"https:\/\/s.france24.com\/media\/display\/f4d788d8-a2b4-11f1-8597-005056bf30b7\/w:246\/Part-GTY-1976436302-1-1-0.webp 246w, https:\/\/s.france24.com\/media\/display\/f4d788d8-a2b4-11f1-8597-005056bf30b7\/w:388\/Part-GTY-1976436302-1-1-0.webp 388w, https:\/\/s.france24.com\/media\/display\/f4d788d8-a2b4-11f1-8597-005056bf30b7\/w:720\/Part-GTY-1976436302-1-1-0.webp 720w, https:\/\/s.france24.com\/media\/display\/f4d788d8-a2b4-11f1-8597-005056bf30b7\/w:980\/Part-GTY-1976436302-1-1-0.webp 980w\" sizes=\"(max-width: 1023px) calc(100vw - 32px), (min-width: 1024px) 850px\"><img fetchpriority=\"low\" decoding=\"async\" src=\"https:\/\/s.france24.com\/media\/display\/f4d788d8-a2b4-11f1-8597-005056bf30b7\/w:980\/Part-GTY-1976436302-1-1-0.jpg\" srcset=\"https:\/\/s.france24.com\/media\/display\/f4d788d8-a2b4-11f1-8597-005056bf30b7\/w:246\/Part-GTY-1976436302-1-1-0.jpg 246w, https:\/\/s.france24.com\/media\/display\/f4d788d8-a2b4-11f1-8597-005056bf30b7\/w:388\/Part-GTY-1976436302-1-1-0.jpg 388w, https:\/\/s.france24.com\/media\/display\/f4d788d8-a2b4-11f1-8597-005056bf30b7\/w:720\/Part-GTY-1976436302-1-1-0.jpg 720w, https:\/\/s.france24.com\/media\/display\/f4d788d8-a2b4-11f1-8597-005056bf30b7\/w:980\/Part-GTY-1976436302-1-1-0.jpg 980w\" sizes=\"(max-width: 1023px) calc(100vw - 32px), (min-width: 1024px) 850px\" alt=\"L'ancien ing\u00e9nieur de Meta Arturo B\u00e9jar prend la parole lors d'un rassemblement pour demander aux entreprises de la tech de rendre des comptes sur les mesures prises pour prot\u00e9ger les enfants et les adolescents en ligne, le 31 janvier 2024 \u00e0 Washington\" loading=\"lazy\" class=\"a-img \">\n<\/picture><figcaption class=\"a-figcaption\"> L&#8217;ancien ing\u00e9nieur de Meta Arturo B\u00e9jar prend la parole lors d&#8217;un rassemblement pour demander aux entreprises de la tech de rendre des comptes sur les mesures prises pour prot\u00e9ger les enfants et les adolescents en ligne, le 31 janvier 2024 \u00e0 Washington \u00a9 Jemal Countess \/ GETTY IMAGES NORTH AMERICA\/AFP\/Archives <\/figcaption><\/figure>\n<\/p><\/div>\n<p>Grecia y Dinamarca estudian establecer el l\u00edmite en los 15 a\u00f1os, mientras que Eslovenia y Finlandia preparan modificaciones en esa misma direcci\u00f3n. Portugal analiza establecer una especie de mayor\u00eda de edad digital a los 16 a\u00f1os y permitir el acceso entre los 13 y los 16 con autorizaci\u00f3n de los padres. <\/p>\n<p>Austria estudia fijar el l\u00edmite en 14 a\u00f1os y Noruega prepara una regulaci\u00f3n para los menores de 16. Otros pa\u00edses, como Italia, Chipre, Eslovaquia, Irlanda, Polonia y Pa\u00edses Bajos, tambi\u00e9n discuten distintas f\u00f3rmulas para restringir el acceso de los adolescentes.<\/p>\n<h3><strong>La presi\u00f3n sobre las plataformas<\/strong><\/h3>\n<p>La discusi\u00f3n no se limita a las leyes. Tambi\u00e9n alcanza directamente a las grandes empresas tecnol\u00f3gicas.<\/p>\n<p>El anuncio de <strong>Meta<\/strong>, matriz de Facebook e Instagram, de desembolsar millones de d\u00f3lares para resolver demandas presentadas en Estados Unidos volvi\u00f3 a poner el foco sobre el dise\u00f1o de las plataformas y sus posibles efectos sobre los menores.<\/p>\n<p>Las acusaciones sostienen que la compa\u00f1\u00eda desarroll\u00f3 productos capaces de fomentar comportamientos adictivos entre ni\u00f1os y adolescentes y que no inform\u00f3 adecuadamente sobre algunos de los riesgos asociados a sus servicios.<\/p>\n<p class=\"a-read-more\"><span class=\"a-read-more__label\">Leer tambi\u00e9n<\/span><a href=\"https:\/\/www.france24.com\/es\/programas\/econom\u00eda\/20260710-la-uni\u00f3n-europea-concluye-que-redes-sociales-de-meta-generan-adicci\u00f3n-y-amenaza-con-multas\" target=\"_self\" class=\"a-read-more__link\">La Uni\u00f3n Europea concluye que redes sociales de Meta generan adicci\u00f3n y amenaza con multas<\/a><\/p>\n<p>El caso forma parte de una discusi\u00f3n mucho m\u00e1s amplia: <strong>hasta d\u00f3nde llega la responsabilidad de las familias, d\u00f3nde comienza la de las empresas tecnol\u00f3gicas y qu\u00e9 papel debe asumir el Estado<\/strong>.<\/p>\n<p>En Am\u00e9rica Latina, ese debate apenas comienza a tomar forma legislativa. El encuentro celebrado en Costa Rica mostr\u00f3 que la preocupaci\u00f3n ya est\u00e1 instalada entre especialistas y autoridades de varios pa\u00edses.<\/p>\n<p>La pregunta ahora es qu\u00e9 tipo de regulaci\u00f3n puede proteger a los menores sin convertir las redes sociales en un espacio inaccesible para ellos. Y, sobre todo, <strong>si Am\u00e9rica Latina seguir\u00e1 el camino de los pa\u00edses que ya comenzaron a imponer l\u00edmites de edad o buscar\u00e1 un modelo propio para afrontar el problema<\/strong>.<\/p>\n<p>Con EFE<\/p>\n","protected":false},"excerpt":{"rendered":"<p>\u00bfA qu\u00e9 edad deber\u00eda permitirse a un&#46;&#46;&#46;<\/p>\n","protected":false},"author":1,"featured_media":415106,"comment_status":"closed","ping_status":"closed","sticky":false,"template":"","format":"standard","meta":{"_jetpack_newsletter_access":"","_jetpack_dont_email_post_to_subs":false,"_jetpack_newsletter_tier_id":0,"_jetpack_memberships_contains_paywalled_content":false,"_jetpack_feature_clip_id":0,"_jetpack_memberships_contains_paid_content":false,"footnotes":"","jetpack_publicize_message":"","jetpack_publicize_feature_enabled":true,"jetpack_social_post_already_shared":true,"jetpack_social_options":{"image_generator_settings":{"template":"highway","default_image_id":0,"font":"","enabled":false},"version":2},"jetpack_post_was_ever_published":false},"categories":[43],"tags":[],"class_list":["post-415105","post","type-post","status-publish","format-standard","has-post-thumbnail","hentry","category-internacionales"],"yoast_head":"<!-- This site is optimized with the Yoast SEO plugin v28.1 - https:\/\/yoast.com\/product\/yoast-seo-wordpress\/ -->\n<title>Am\u00e9rica Latina abre el debate sobre limitar el acceso de los menores a las redes sociales - Sarmiento24h<\/title>\n<meta name=\"robots\" content=\"index, follow, max-snippet:-1, max-image-preview:large, max-video-preview:-1\" \/>\n<link rel=\"canonical\" href=\"https:\/\/sarmiento24h.com\/?p=415105\" \/>\n<meta property=\"og:locale\" content=\"es_ES\" \/>\n<meta property=\"og:type\" content=\"article\" \/>\n<meta property=\"og:title\" content=\"Am\u00e9rica Latina abre el debate sobre limitar el acceso de los menores a las redes sociales - Sarmiento24h\" \/>\n<meta property=\"og:description\" content=\"\u00bfA qu\u00e9 edad deber\u00eda permitirse a un&#046;&#046;&#046;\" \/>\n<meta property=\"og:url\" content=\"https:\/\/sarmiento24h.com\/?p=415105\" \/>\n<meta property=\"og:site_name\" content=\"Sarmiento24h\" \/>\n<meta property=\"article:publisher\" content=\"https:\/\/facebook.com\/s24hnoticias\" \/>\n<meta property=\"article:published_time\" content=\"2026-09-05T19:26:50+00:00\" \/>\n<meta property=\"og:image\" content=\"https:\/\/s.france24.com\/media\/display\/fa57438c-a17b-11f1-bb1e-005056bf30b7\/w:1024\/p:16x9\/AP26238582456488.jpg\" \/>\n<meta name=\"author\" content=\"sarmiento24h@gmail.com\" \/>\n<meta name=\"twitter:card\" content=\"summary_large_image\" \/>\n<meta name=\"twitter:creator\" content=\"@sarmiento24h\" \/>\n<meta name=\"twitter:site\" content=\"@sarmiento24h\" \/>\n<meta name=\"twitter:label1\" content=\"Escrito por\" \/>\n\t<meta name=\"twitter:data1\" content=\"sarmiento24h@gmail.com\" \/>\n\t<meta name=\"twitter:label2\" content=\"Tiempo de lectura\" \/>\n\t<meta name=\"twitter:data2\" content=\"7 minutos\" \/>\n<script type=\"application\/ld+json\" class=\"yoast-schema-graph\">{\"@context\":\"https:\\\/\\\/schema.org\",\"@graph\":[{\"@type\":\"Article\",\"@id\":\"https:\\\/\\\/sarmiento24h.com\\\/?p=415105#article\",\"isPartOf\":{\"@id\":\"https:\\\/\\\/sarmiento24h.com\\\/?p=415105\"},\"author\":{\"name\":\"sarmiento24h@gmail.com\",\"@id\":\"https:\\\/\\\/sarmiento24h.com\\\/#\\\/schema\\\/person\\\/d653a59725ad629a7e0429af7b939d4d\"},\"headline\":\"Am\u00e9rica Latina abre el debate sobre limitar el acceso de los menores a las redes sociales\",\"datePublished\":\"2026-09-05T19:26:50+00:00\",\"mainEntityOfPage\":{\"@id\":\"https:\\\/\\\/sarmiento24h.com\\\/?p=415105\"},\"wordCount\":1333,\"publisher\":{\"@id\":\"https:\\\/\\\/sarmiento24h.com\\\/#organization\"},\"image\":{\"@id\":\"https:\\\/\\\/sarmiento24h.com\\\/?p=415105#primaryimage\"},\"thumbnailUrl\":\"https:\\\/\\\/sarmiento24h.com\\\/wp-content\\\/uploads\\\/2026\\\/09\\\/america-latina-abre-el-debate-sobre-limitar-el-acceso-de-los-menores-a-las-redes-sociales.jpg\",\"articleSection\":[\"Internacionales\"],\"inLanguage\":\"es\"},{\"@type\":\"WebPage\",\"@id\":\"https:\\\/\\\/sarmiento24h.com\\\/?p=415105\",\"url\":\"https:\\\/\\\/sarmiento24h.com\\\/?p=415105\",\"name\":\"Am\u00e9rica Latina abre el debate sobre limitar el acceso de los menores a las redes sociales - Sarmiento24h\",\"isPartOf\":{\"@id\":\"https:\\\/\\\/sarmiento24h.com\\\/#website\"},\"primaryImageOfPage\":{\"@id\":\"https:\\\/\\\/sarmiento24h.com\\\/?p=415105#primaryimage\"},\"image\":{\"@id\":\"https:\\\/\\\/sarmiento24h.com\\\/?p=415105#primaryimage\"},\"thumbnailUrl\":\"https:\\\/\\\/sarmiento24h.com\\\/wp-content\\\/uploads\\\/2026\\\/09\\\/america-latina-abre-el-debate-sobre-limitar-el-acceso-de-los-menores-a-las-redes-sociales.jpg\",\"datePublished\":\"2026-09-05T19:26:50+00:00\",\"breadcrumb\":{\"@id\":\"https:\\\/\\\/sarmiento24h.com\\\/?p=415105#breadcrumb\"},\"inLanguage\":\"es\",\"potentialAction\":[{\"@type\":\"ReadAction\",\"target\":[\"https:\\\/\\\/sarmiento24h.com\\\/?p=415105\"]}]},{\"@type\":\"ImageObject\",\"inLanguage\":\"es\",\"@id\":\"https:\\\/\\\/sarmiento24h.com\\\/?p=415105#primaryimage\",\"url\":\"https:\\\/\\\/sarmiento24h.com\\\/wp-content\\\/uploads\\\/2026\\\/09\\\/america-latina-abre-el-debate-sobre-limitar-el-acceso-de-los-menores-a-las-redes-sociales.jpg\",\"contentUrl\":\"https:\\\/\\\/sarmiento24h.com\\\/wp-content\\\/uploads\\\/2026\\\/09\\\/america-latina-abre-el-debate-sobre-limitar-el-acceso-de-los-menores-a-las-redes-sociales.jpg\",\"width\":1024,\"height\":576},{\"@type\":\"BreadcrumbList\",\"@id\":\"https:\\\/\\\/sarmiento24h.com\\\/?p=415105#breadcrumb\",\"itemListElement\":[{\"@type\":\"ListItem\",\"position\":1,\"name\":\"Home\",\"item\":\"https:\\\/\\\/sarmiento24h.com\\\/\"},{\"@type\":\"ListItem\",\"position\":2,\"name\":\"Am\u00e9rica Latina abre el debate sobre limitar el acceso de los menores a las redes sociales\"}]},{\"@type\":\"WebSite\",\"@id\":\"https:\\\/\\\/sarmiento24h.com\\\/#website\",\"url\":\"https:\\\/\\\/sarmiento24h.com\\\/\",\"name\":\"Sarmiento24h\",\"description\":\"\",\"publisher\":{\"@id\":\"https:\\\/\\\/sarmiento24h.com\\\/#organization\"},\"potentialAction\":[{\"@type\":\"SearchAction\",\"target\":{\"@type\":\"EntryPoint\",\"urlTemplate\":\"https:\\\/\\\/sarmiento24h.com\\\/?s={search_term_string}\"},\"query-input\":{\"@type\":\"PropertyValueSpecification\",\"valueRequired\":true,\"valueName\":\"search_term_string\"}}],\"inLanguage\":\"es\"},{\"@type\":\"Organization\",\"@id\":\"https:\\\/\\\/sarmiento24h.com\\\/#organization\",\"name\":\"Sarmiento24h\",\"url\":\"https:\\\/\\\/sarmiento24h.com\\\/\",\"logo\":{\"@type\":\"ImageObject\",\"inLanguage\":\"es\",\"@id\":\"https:\\\/\\\/sarmiento24h.com\\\/#\\\/schema\\\/logo\\\/image\\\/\",\"url\":\"https:\\\/\\\/sarmiento24h.com\\\/wp-content\\\/uploads\\\/2025\\\/12\\\/AddText_12-16-10.30.52.jpg\",\"contentUrl\":\"https:\\\/\\\/sarmiento24h.com\\\/wp-content\\\/uploads\\\/2025\\\/12\\\/AddText_12-16-10.30.52.jpg\",\"width\":1220,\"height\":324,\"caption\":\"Sarmiento24h\"},\"image\":{\"@id\":\"https:\\\/\\\/sarmiento24h.com\\\/#\\\/schema\\\/logo\\\/image\\\/\"},\"sameAs\":[\"https:\\\/\\\/facebook.com\\\/s24hnoticias\",\"https:\\\/\\\/x.com\\\/sarmiento24h\"]},{\"@type\":\"Person\",\"@id\":\"https:\\\/\\\/sarmiento24h.com\\\/#\\\/schema\\\/person\\\/d653a59725ad629a7e0429af7b939d4d\",\"name\":\"sarmiento24h@gmail.com\",\"image\":{\"@type\":\"ImageObject\",\"inLanguage\":\"es\",\"@id\":\"https:\\\/\\\/sarmiento24h.com\\\/wp-content\\\/litespeed\\\/avatar\\\/d02cbc4e23c747e6659cd45907173c8f.jpg?ver=1788047690\",\"url\":\"https:\\\/\\\/sarmiento24h.com\\\/wp-content\\\/litespeed\\\/avatar\\\/d02cbc4e23c747e6659cd45907173c8f.jpg?ver=1788047690\",\"contentUrl\":\"https:\\\/\\\/sarmiento24h.com\\\/wp-content\\\/litespeed\\\/avatar\\\/d02cbc4e23c747e6659cd45907173c8f.jpg?ver=1788047690\",\"caption\":\"sarmiento24h@gmail.com\"},\"sameAs\":[\"https:\\\/\\\/sarmiento24h.com\"],\"url\":\"https:\\\/\\\/sarmiento24h.com\\\/?author=1\"}]}<\/script>\n<!-- \/ Yoast SEO plugin. -->","yoast_head_json":{"title":"Am\u00e9rica Latina abre el debate sobre limitar el acceso de los menores a las redes sociales - Sarmiento24h","robots":{"index":"index","follow":"follow","max-snippet":"max-snippet:-1","max-image-preview":"max-image-preview:large","max-video-preview":"max-video-preview:-1"},"canonical":"https:\/\/sarmiento24h.com\/?p=415105","og_locale":"es_ES","og_type":"article","og_title":"Am\u00e9rica Latina abre el debate sobre limitar el acceso de los menores a las redes sociales - Sarmiento24h","og_description":"\u00bfA qu\u00e9 edad deber\u00eda permitirse a un&#46;&#46;&#46;","og_url":"https:\/\/sarmiento24h.com\/?p=415105","og_site_name":"Sarmiento24h","article_publisher":"https:\/\/facebook.com\/s24hnoticias","article_published_time":"2026-09-05T19:26:50+00:00","og_image":[{"url":"https:\/\/s.france24.com\/media\/display\/fa57438c-a17b-11f1-bb1e-005056bf30b7\/w:1024\/p:16x9\/AP26238582456488.jpg","type":"","width":"","height":""}],"author":"sarmiento24h@gmail.com","twitter_card":"summary_large_image","twitter_creator":"@sarmiento24h","twitter_site":"@sarmiento24h","twitter_misc":{"Escrito por":"sarmiento24h@gmail.com","Tiempo de lectura":"7 minutos"},"schema":{"@context":"https:\/\/schema.org","@graph":[{"@type":"Article","@id":"https:\/\/sarmiento24h.com\/?p=415105#article","isPartOf":{"@id":"https:\/\/sarmiento24h.com\/?p=415105"},"author":{"name":"sarmiento24h@gmail.com","@id":"https:\/\/sarmiento24h.com\/#\/schema\/person\/d653a59725ad629a7e0429af7b939d4d"},"headline":"Am\u00e9rica Latina abre el debate sobre limitar el acceso de los menores a las redes sociales","datePublished":"2026-09-05T19:26:50+00:00","mainEntityOfPage":{"@id":"https:\/\/sarmiento24h.com\/?p=415105"},"wordCount":1333,"publisher":{"@id":"https:\/\/sarmiento24h.com\/#organization"},"image":{"@id":"https:\/\/sarmiento24h.com\/?p=415105#primaryimage"},"thumbnailUrl":"https:\/\/sarmiento24h.com\/wp-content\/uploads\/2026\/09\/america-latina-abre-el-debate-sobre-limitar-el-acceso-de-los-menores-a-las-redes-sociales.jpg","articleSection":["Internacionales"],"inLanguage":"es"},{"@type":"WebPage","@id":"https:\/\/sarmiento24h.com\/?p=415105","url":"https:\/\/sarmiento24h.com\/?p=415105","name":"Am\u00e9rica Latina abre el debate sobre limitar el acceso de los menores a las redes sociales - Sarmiento24h","isPartOf":{"@id":"https:\/\/sarmiento24h.com\/#website"},"primaryImageOfPage":{"@id":"https:\/\/sarmiento24h.com\/?p=415105#primaryimage"},"image":{"@id":"https:\/\/sarmiento24h.com\/?p=415105#primaryimage"},"thumbnailUrl":"https:\/\/sarmiento24h.com\/wp-content\/uploads\/2026\/09\/america-latina-abre-el-debate-sobre-limitar-el-acceso-de-los-menores-a-las-redes-sociales.jpg","datePublished":"2026-09-05T19:26:50+00:00","breadcrumb":{"@id":"https:\/\/sarmiento24h.com\/?p=415105#breadcrumb"},"inLanguage":"es","potentialAction":[{"@type":"ReadAction","target":["https:\/\/sarmiento24h.com\/?p=415105"]}]},{"@type":"ImageObject","inLanguage":"es","@id":"https:\/\/sarmiento24h.com\/?p=415105#primaryimage","url":"https:\/\/sarmiento24h.com\/wp-content\/uploads\/2026\/09\/america-latina-abre-el-debate-sobre-limitar-el-acceso-de-los-menores-a-las-redes-sociales.jpg","contentUrl":"https:\/\/sarmiento24h.com\/wp-content\/uploads\/2026\/09\/america-latina-abre-el-debate-sobre-limitar-el-acceso-de-los-menores-a-las-redes-sociales.jpg","width":1024,"height":576},{"@type":"BreadcrumbList","@id":"https:\/\/sarmiento24h.com\/?p=415105#breadcrumb","itemListElement":[{"@type":"ListItem","position":1,"name":"Home","item":"https:\/\/sarmiento24h.com\/"},{"@type":"ListItem","position":2,"name":"Am\u00e9rica Latina abre el debate sobre limitar el acceso de los menores a las redes sociales"}]},{"@type":"WebSite","@id":"https:\/\/sarmiento24h.com\/#website","url":"https:\/\/sarmiento24h.com\/","name":"Sarmiento24h","description":"","publisher":{"@id":"https:\/\/sarmiento24h.com\/#organization"},"potentialAction":[{"@type":"SearchAction","target":{"@type":"EntryPoint","urlTemplate":"https:\/\/sarmiento24h.com\/?s={search_term_string}"},"query-input":{"@type":"PropertyValueSpecification","valueRequired":true,"valueName":"search_term_string"}}],"inLanguage":"es"},{"@type":"Organization","@id":"https:\/\/sarmiento24h.com\/#organization","name":"Sarmiento24h","url":"https:\/\/sarmiento24h.com\/","logo":{"@type":"ImageObject","inLanguage":"es","@id":"https:\/\/sarmiento24h.com\/#\/schema\/logo\/image\/","url":"https:\/\/sarmiento24h.com\/wp-content\/uploads\/2025\/12\/AddText_12-16-10.30.52.jpg","contentUrl":"https:\/\/sarmiento24h.com\/wp-content\/uploads\/2025\/12\/AddText_12-16-10.30.52.jpg","width":1220,"height":324,"caption":"Sarmiento24h"},"image":{"@id":"https:\/\/sarmiento24h.com\/#\/schema\/logo\/image\/"},"sameAs":["https:\/\/facebook.com\/s24hnoticias","https:\/\/x.com\/sarmiento24h"]},{"@type":"Person","@id":"https:\/\/sarmiento24h.com\/#\/schema\/person\/d653a59725ad629a7e0429af7b939d4d","name":"sarmiento24h@gmail.com","image":{"@type":"ImageObject","inLanguage":"es","@id":"https:\/\/sarmiento24h.com\/wp-content\/litespeed\/avatar\/d02cbc4e23c747e6659cd45907173c8f.jpg?ver=1788047690","url":"https:\/\/sarmiento24h.com\/wp-content\/litespeed\/avatar\/d02cbc4e23c747e6659cd45907173c8f.jpg?ver=1788047690","contentUrl":"https:\/\/sarmiento24h.com\/wp-content\/litespeed\/avatar\/d02cbc4e23c747e6659cd45907173c8f.jpg?ver=1788047690","caption":"sarmiento24h@gmail.com"},"sameAs":["https:\/\/sarmiento24h.com"],"url":"https:\/\/sarmiento24h.com\/?author=1"}]}},"jetpack_publicize_connections":[],"jetpack_featured_media_url":"https:\/\/sarmiento24h.com\/wp-content\/uploads\/2026\/09\/america-latina-abre-el-debate-sobre-limitar-el-acceso-de-los-menores-a-las-redes-sociales.jpg","jetpack_sharing_enabled":true,"_links":{"self":[{"href":"https:\/\/sarmiento24h.com\/index.php?rest_route=\/wp\/v2\/posts\/415105","targetHints":{"allow":["GET"]}}],"collection":[{"href":"https:\/\/sarmiento24h.com\/index.php?rest_route=\/wp\/v2\/posts"}],"about":[{"href":"https:\/\/sarmiento24h.com\/index.php?rest_route=\/wp\/v2\/types\/post"}],"author":[{"embeddable":true,"href":"https:\/\/sarmiento24h.com\/index.php?rest_route=\/wp\/v2\/users\/1"}],"replies":[{"embeddable":true,"href":"https:\/\/sarmiento24h.com\/index.php?rest_route=%2Fwp%2Fv2%2Fcomments&post=415105"}],"version-history":[{"count":0,"href":"https:\/\/sarmiento24h.com\/index.php?rest_route=\/wp\/v2\/posts\/415105\/revisions"}],"wp:featuredmedia":[{"embeddable":true,"href":"https:\/\/sarmiento24h.com\/index.php?rest_route=\/wp\/v2\/media\/415106"}],"wp:attachment":[{"href":"https:\/\/sarmiento24h.com\/index.php?rest_route=%2Fwp%2Fv2%2Fmedia&parent=415105"}],"wp:term":[{"taxonomy":"category","embeddable":true,"href":"https:\/\/sarmiento24h.com\/index.php?rest_route=%2Fwp%2Fv2%2Fcategories&post=415105"},{"taxonomy":"post_tag","embeddable":true,"href":"https:\/\/sarmiento24h.com\/index.php?rest_route=%2Fwp%2Fv2%2Ftags&post=415105"}],"curies":[{"name":"wp","href":"https:\/\/api.w.org\/{rel}","templated":true}]}}