{"id":415412,"date":"2026-09-05T23:47:50","date_gmt":"2026-09-05T23:47:50","guid":{"rendered":"http:\/\/fa9c37f8-a96e-11f1-9ea8-5f8000195a63"},"modified":"2026-09-05T23:47:50","modified_gmt":"2026-09-05T23:47:50","slug":"la-casa-esta-vacia-el-drama-de-las-familias-palestinas-bajo-la-violencia-en-cisjordania","status":"publish","type":"post","link":"https:\/\/sarmiento24h.com\/?p=415412","title":{"rendered":"\u201cLa casa est\u00e1 vac\u00eda\u201d: el drama de las familias palestinas bajo la violencia en Cisjordania"},"content":{"rendered":"<p>\u201cLloro todos los d\u00edas por la p\u00e9rdida de mi hijo Sam. Era la alegr\u00eda de nuestra vida, era nuestra vida. Era la felicidad de este hogar. Ahora la casa est\u00e1 vac\u00eda\u201d.<\/p>\n<p>Dania Abu Haikal habla de su hijo Sam y recuerda a un ni\u00f1o que \u201csiempre estaba sonriendo\u201d. \u201cYo le daba de comer y le cambiaba el pa\u00f1al. Lo amaba much\u00edsimo\u201d, dice.<\/p>\n<p>En otra casa, otra madre palestina usa casi las mismas palabras para describir la p\u00e9rdida de su hijo, Alia al-Hallaq. Desde entonces, cuenta, su vida cambi\u00f3 para siempre.<\/p>\n<blockquote class=\"quote\" readability=\"8\">\n<p>\u201cPerd\u00ed mi vida despu\u00e9s de perder a Mohammed. No hay vida despu\u00e9s de perder a Mohammed. Lo m\u00e1s dif\u00edcil es perder a un hijo. Sol\u00eda ver a madres que hab\u00edan perdido a sus hijos y sent\u00eda tristeza por ellas, pero nunca esper\u00e9 este nivel de dolor\u201d.<\/p>\n<\/blockquote>\n<p>Para ella tambi\u00e9n <strong>\u201cla casa est\u00e1 vac\u00eda\u201d<\/strong>.<\/p>\n<p>Las historias de Dania y Alia son el rostro m\u00e1s doloroso de una <strong><a href=\"https:\/\/www.france24.com\/es\/tag\/violencia\/\" target=\"_self\">violencia<\/a> que se ha intensificado en <a href=\"https:\/\/www.france24.com\/es\/tag\/cisjordania\/\" target=\"_self\">Cisjordania<\/a> ocupada<\/strong>, donde las operaciones del <a href=\"https:\/\/www.france24.com\/es\/tag\/ej\u00e9rcito-israel\u00ed\/\" target=\"_self\">Ej\u00e9rcito israel\u00ed<\/a>, los ataques de <a href=\"https:\/\/www.france24.com\/es\/tag\/colonos-israel\u00edes\/\" target=\"_self\">colonos<\/a>, las demoliciones y confiscaciones de tierras y la expansi\u00f3n de los asentamientos est\u00e1n transformando la vida de cientos de miles de palestinos.<\/p>\n<div class=\"m-em-video\">\n<div class=\"o-video-player o-video-player--16x9\" data-media-video-wbmz418012-f24-es-20260905 data-show-hidden-video-player=\"WBMZ418012-F24-ES-20260905\" data-wrapper-video-player data-youtube-script>\n<div class=\"o-em-consent \" readability=\"7\">\n<div class=\"o-em-consent__content\" readability=\"34\">\n<p class=\"o-em-consent__content__text\">Para mostrar este contenido de YouTube, debe autorizar las cookies de medici\u00f3n de audiencia y publicidad.<\/p>\n<p> <button class=\"a-master-button a-master-button--dark\" data-action=\"accept\"> Aceptar <svg class=\"a-svg a-svg--icon-check\"> <use xlink:href=\"\/build\/images\/svg\/sprite.68b43361c11f23b39049016b32e6ae31.svg#icon-check\" href=\"\/build\/images\/svg\/sprite.68b43361c11f23b39049016b32e6ae31.svg#icon-check\" \/> <\/svg> <\/button> <button class=\"a-link\" data-action=\"manage\">Gestionar mis opciones <svg class=\"a-svg a-svg--icon-edit\"> <use xlink:href=\"\/build\/images\/svg\/sprite.68b43361c11f23b39049016b32e6ae31.svg#icon-edit\" href=\"\/build\/images\/svg\/sprite.68b43361c11f23b39049016b32e6ae31.svg#icon-edit\" \/> <\/svg><br \/>\n<\/button> <\/div>\n<\/div>\n<div class=\"o-em-adblock\" data-adblock-content readability=\"7\">\n<div class=\"o-em-adblock__content\" readability=\"34\">\n<p class=\"o-em-adblock__content__text\">Una extensi\u00f3n de tu navegador parece estar bloqueando la carga del reproductor de video. Para poder ver este contenido, debes desactivarla en este sitio.<\/p>\n<p> <button class=\"a-master-button a-master-button--dark\" data-action=\"reload\">Reintentar<\/button> <\/div>\n<\/div>\n<figure class=\"m-item-image m-item-image--16x9 m-item-image--has-caption\"> <picture class=\"a-picture a-picture--16x9\"><source type=\"image\/webp\" srcset=\"https:\/\/s.france24.com\/media\/display\/977c5836-a498-11f1-ba43-005056bfb2b6\/w:388\/p:16x9\/ES-20260830-121211-121414-CS.webp 388w, https:\/\/s.france24.com\/media\/display\/977c5836-a498-11f1-ba43-005056bfb2b6\/w:720\/p:16x9\/ES-20260830-121211-121414-CS.webp 720w, https:\/\/s.france24.com\/media\/display\/977c5836-a498-11f1-ba43-005056bfb2b6\/w:1024\/p:16x9\/ES-20260830-121211-121414-CS.webp 1024w\" sizes=\"(max-width: 639px) calc(100vw - 32px), (max-width: 1076px) calc(100vw - 44px), 850px\"><img fetchpriority=\"high\" decoding=\"auto\" src=\"https:\/\/s.france24.com\/media\/display\/977c5836-a498-11f1-ba43-005056bfb2b6\/w:1024\/p:16x9\/ES-20260830-121211-121414-CS.jpg\" srcset=\"https:\/\/s.france24.com\/media\/display\/977c5836-a498-11f1-ba43-005056bfb2b6\/w:388\/p:16x9\/ES-20260830-121211-121414-CS.jpg 388w, https:\/\/s.france24.com\/media\/display\/977c5836-a498-11f1-ba43-005056bfb2b6\/w:720\/p:16x9\/ES-20260830-121211-121414-CS.jpg 720w, https:\/\/s.france24.com\/media\/display\/977c5836-a498-11f1-ba43-005056bfb2b6\/w:1024\/p:16x9\/ES-20260830-121211-121414-CS.jpg 1024w\" sizes=\"(max-width: 639px) calc(100vw - 32px), (max-width: 1076px) calc(100vw - 44px), 850px\" width=\"1024\" height=\"576\" alt=\"2026-08-30 17:12 Madres palestinas en luto por la muerte de sus hijos menores de eda\" loading=\"eager\" class=\"a-img \">\n<\/picture><figcaption class=\"a-figcaption\"> Imagen de portada: 2026-08-30 17:12 Madres palestinas en luto por la muerte de sus hijos menores de eda \u00a9 France 24 <\/figcaption><\/figure>\n<\/p><\/div>\n<\/div>\n<p>Un <a href=\"https:\/\/www.ohchr.org\/en\/press-releases\/2026\/09\/israeli-forces-expelled-palestinian-refugees-three-west-bank-camps-violation\" target=\"_blank\">informe<\/a> publicado esta semana por la Oficina del Alto Comisionado de las <a href=\"https:\/\/www.france24.com\/es\/tag\/onu\/\" target=\"_self\">Naciones Unidas<\/a> para los <a href=\"https:\/\/www.france24.com\/es\/tag\/derechos-humanos\/\" target=\"_self\">Derechos Humanos<\/a> (ACNUDH) registr\u00f3 la <strong>muerte de 102 palestinos, entre ellos 21 menores<\/strong>, durante los dos primeros meses de una gran operaci\u00f3n militar israel\u00ed lanzada en enero de 2025 en los campos de <a href=\"https:\/\/www.france24.com\/es\/tag\/refugiados\/\" target=\"_self\">refugiados<\/a> de <a href=\"https:\/\/www.france24.com\/es\/tag\/jenin\/\" target=\"_self\">Jenin<\/a>, Tulkarem y Nur Shams.<\/p>\n<p>Entre ellos estaba Saddam Hussein Rajab, de diez a\u00f1os. Esperaba a su padre en Tulkarem cuando recibi\u00f3 un disparo. En Jenin, una ni\u00f1a de apenas dos a\u00f1os fue alcanzada por una bala de las fuerzas israel\u00edes a trav\u00e9s de la ventana de su casa mientras cenaba junto a su madre y su t\u00eda.<\/p>\n<p>Tambi\u00e9n muri\u00f3 Sondos Shalabi, que estaba embarazada de ocho meses. Recibi\u00f3 disparos de soldados israel\u00edes cuando intentaba alejarse en autom\u00f3vil de Nur Shams.<\/p>\n<p class=\"a-read-more\"><span class=\"a-read-more__label\">Leer tambi\u00e9n<\/span><a href=\"https:\/\/www.france24.com\/es\/medio-oriente\/20260904-la-onu-denuncia-posibles-cr\u00edmenes-de-lesa-humanidad-de-israel-en-campos-de-refugiados-de-cisjordania\" target=\"_self\" class=\"a-read-more__link\">La ONU denuncia posibles cr\u00edmenes de lesa humanidad de Israel en campos de refugiados de Cisjordania<\/a><\/p>\n<h2><strong>M\u00e1s de 33.000 personas sin poder volver a casa<\/strong><\/h2>\n<p>Casi veinte meses despu\u00e9s del inicio de la operaci\u00f3n israel\u00ed, m\u00e1s de <strong>33.000 palestinos contin\u00faan desplazados de Jenin, Tulkarem y Nur Shams<\/strong>. Todav\u00eda no han podido regresar a sus hogares.<\/p>\n<p>La ONU cifra en <strong>33.362<\/strong> las personas que permanec\u00edan desplazadas hasta julio. Seg\u00fan el organismo, se trata del <strong>mayor desplazamiento de poblaci\u00f3n palestina en Cisjordania ocupada desde 1967<\/strong>.<\/p>\n<div class=\"m-em-image\">\n<figure class=\"m-item-image m-item-image--original m-item-image--has-caption\"> <picture class=\"a-picture a-picture--original\"><source type=\"image\/webp\" srcset=\"https:\/\/s.france24.com\/media\/display\/344f191c-a419-11f1-97b2-005056bfb2b6\/w:246\/23e5f21ff97aa3f4b8a3f29c7438881fbb0559fe.webp 246w, https:\/\/s.france24.com\/media\/display\/344f191c-a419-11f1-97b2-005056bfb2b6\/w:388\/23e5f21ff97aa3f4b8a3f29c7438881fbb0559fe.webp 388w, https:\/\/s.france24.com\/media\/display\/344f191c-a419-11f1-97b2-005056bfb2b6\/w:720\/23e5f21ff97aa3f4b8a3f29c7438881fbb0559fe.webp 720w, https:\/\/s.france24.com\/media\/display\/344f191c-a419-11f1-97b2-005056bfb2b6\/w:980\/23e5f21ff97aa3f4b8a3f29c7438881fbb0559fe.webp 980w\" sizes=\"(max-width: 1023px) calc(100vw - 32px), (min-width: 1024px) 850px\"><img fetchpriority=\"low\" decoding=\"async\" src=\"https:\/\/s.france24.com\/media\/display\/344f191c-a419-11f1-97b2-005056bfb2b6\/w:980\/23e5f21ff97aa3f4b8a3f29c7438881fbb0559fe.jpg\" srcset=\"https:\/\/s.france24.com\/media\/display\/344f191c-a419-11f1-97b2-005056bfb2b6\/w:246\/23e5f21ff97aa3f4b8a3f29c7438881fbb0559fe.jpg 246w, https:\/\/s.france24.com\/media\/display\/344f191c-a419-11f1-97b2-005056bfb2b6\/w:388\/23e5f21ff97aa3f4b8a3f29c7438881fbb0559fe.jpg 388w, https:\/\/s.france24.com\/media\/display\/344f191c-a419-11f1-97b2-005056bfb2b6\/w:720\/23e5f21ff97aa3f4b8a3f29c7438881fbb0559fe.jpg 720w, https:\/\/s.france24.com\/media\/display\/344f191c-a419-11f1-97b2-005056bfb2b6\/w:980\/23e5f21ff97aa3f4b8a3f29c7438881fbb0559fe.jpg 980w\" sizes=\"(max-width: 1023px) calc(100vw - 32px), (min-width: 1024px) 850px\" alt=\"Israel ocupa Cisjordania desde 1967.\" loading=\"lazy\" class=\"a-img \">\n<\/picture><figcaption class=\"a-figcaption\"> Israel ocupa Cisjordania desde 1967. \u00a9 JAAFAR ASHTIYEH \/ AFP <\/figcaption><\/figure>\n<\/p><\/div>\n<p>La operaci\u00f3n, denominada por <a href=\"https:\/\/www.france24.com\/es\/tag\/israel\/\" target=\"_self\">Israel<\/a> \u201cMuro de Hierro\u201d, comenz\u00f3 el 21 de enero de 2025. De acuerdo con la investigaci\u00f3n de Naciones Unidas, el Ej\u00e9rcito, la Polic\u00eda y otras fuerzas israel\u00edes entraron en los campamentos, <strong>destruyeron cientos de viviendas<\/strong>, da\u00f1aron carreteras y otras infraestructuras, <strong>cortaron el suministro de agua y electricidad<\/strong> y dificultaron la llegada de <a href=\"https:\/\/www.france24.com\/es\/tag\/ayuda-humanitaria\/\" target=\"_self\">ayuda humanitaria<\/a>.<\/p>\n<p>Seg\u00fan el informe, las fuerzas fueron casa por casa \u201cobligando a los residentes a marcharse\u201d. Algunos desplazados revelaron a los investigadores que durante esas operaciones les dijeron que ya no habr\u00eda campos de refugiados y que \u201ctodos deber\u00edan irse a <a href=\"https:\/\/www.france24.com\/es\/tag\/jordania\/\" target=\"_self\">Jordania<\/a>\u201d.<\/p>\n<p>En pocos d\u00edas, las tropas israel\u00edes tomaron el control de los tres campos y toda su poblaci\u00f3n termin\u00f3 desplazada.<\/p>\n<div class=\"m-em-video\">\n<div class=\"o-video-player o-video-player--16x9\" data-media-video-wbmz418014-f24-es-20260905 data-show-hidden-video-player=\"WBMZ418014-F24-ES-20260905\" data-wrapper-video-player data-youtube-script>\n<div class=\"o-em-consent \" readability=\"7\">\n<div class=\"o-em-consent__content\" readability=\"34\">\n<p class=\"o-em-consent__content__text\">Para mostrar este contenido de YouTube, debe autorizar las cookies de medici\u00f3n de audiencia y publicidad.<\/p>\n<p> <button class=\"a-master-button a-master-button--dark\" data-action=\"accept\"> Aceptar <svg class=\"a-svg a-svg--icon-check\"> <use xlink:href=\"\/build\/images\/svg\/sprite.68b43361c11f23b39049016b32e6ae31.svg#icon-check\" href=\"\/build\/images\/svg\/sprite.68b43361c11f23b39049016b32e6ae31.svg#icon-check\" \/> <\/svg> <\/button> <button class=\"a-link\" data-action=\"manage\">Gestionar mis opciones <svg class=\"a-svg a-svg--icon-edit\"> <use xlink:href=\"\/build\/images\/svg\/sprite.68b43361c11f23b39049016b32e6ae31.svg#icon-edit\" href=\"\/build\/images\/svg\/sprite.68b43361c11f23b39049016b32e6ae31.svg#icon-edit\" \/> <\/svg><br \/>\n<\/button> <\/div>\n<\/div>\n<div class=\"o-em-adblock\" data-adblock-content readability=\"7\">\n<div class=\"o-em-adblock__content\" readability=\"34\">\n<p class=\"o-em-adblock__content__text\">Una extensi\u00f3n de tu navegador parece estar bloqueando la carga del reproductor de video. Para poder ver este contenido, debes desactivarla en este sitio.<\/p>\n<p> <button class=\"a-master-button a-master-button--dark\" data-action=\"reload\">Reintentar<\/button> <\/div>\n<\/div>\n<figure class=\"m-item-image m-item-image--16x9 m-item-image--has-caption\"> <picture class=\"a-picture a-picture--16x9\"><source type=\"image\/webp\" srcset=\"https:\/\/s.france24.com\/media\/display\/0b2eaafa-a7e5-11f1-829b-005056bf30b7\/w:388\/p:16x9\/ES-20260903-124503-125019-CS.webp 388w, https:\/\/s.france24.com\/media\/display\/0b2eaafa-a7e5-11f1-829b-005056bf30b7\/w:720\/p:16x9\/ES-20260903-124503-125019-CS.webp 720w, https:\/\/s.france24.com\/media\/display\/0b2eaafa-a7e5-11f1-829b-005056bf30b7\/w:1024\/p:16x9\/ES-20260903-124503-125019-CS.webp 1024w\" sizes=\"(max-width: 639px) calc(100vw - 32px), (max-width: 1076px) calc(100vw - 44px), 850px\"><img fetchpriority=\"high\" decoding=\"auto\" src=\"https:\/\/s.france24.com\/media\/display\/0b2eaafa-a7e5-11f1-829b-005056bf30b7\/w:1024\/p:16x9\/ES-20260903-124503-125019-CS.jpg\" srcset=\"https:\/\/s.france24.com\/media\/display\/0b2eaafa-a7e5-11f1-829b-005056bf30b7\/w:388\/p:16x9\/ES-20260903-124503-125019-CS.jpg 388w, https:\/\/s.france24.com\/media\/display\/0b2eaafa-a7e5-11f1-829b-005056bf30b7\/w:720\/p:16x9\/ES-20260903-124503-125019-CS.jpg 720w, https:\/\/s.france24.com\/media\/display\/0b2eaafa-a7e5-11f1-829b-005056bf30b7\/w:1024\/p:16x9\/ES-20260903-124503-125019-CS.jpg 1024w\" sizes=\"(max-width: 639px) calc(100vw - 32px), (max-width: 1076px) calc(100vw - 44px), 850px\" width=\"1024\" height=\"576\" alt loading=\"eager\" class=\"a-img \">\n<\/picture><figcaption class=\"a-figcaption\"> Imagen de portada: \u00a9 France 24 <\/figcaption><\/figure>\n<\/p><\/div>\n<\/div>\n<p>Una evaluaci\u00f3n de Naciones Unidas realizada en octubre de 2025 concluy\u00f3 que alrededor del <strong>52%<\/strong> de las estructuras de Jenin estaban destruidas o da\u00f1adas. En Nur Shams, la proporci\u00f3n alcanzaba el <strong>48%<\/strong>, mientras que en Tulkarem el <strong>36%<\/strong>.<\/p>\n<p>Para la ACNUDH, el \u201cdesplazamiento a gran escala, prolongado y sistem\u00e1tico\u201d genera serias preocupaciones de que pueda constituir el <a href=\"https:\/\/www.france24.com\/es\/tag\/cr\u00edmenes-de-lesa-humanidad\/\" target=\"_self\">crimen de lesa humanidad<\/a> de traslado forzoso.<\/p>\n<blockquote class=\"quote\" readability=\"9\">\n<p>\u201cEl uso de ataques a\u00e9reos, excavadoras blindadas y detonaciones controladas para volver inhabitables campamentos enteros, forzar el desplazamiento de sus residentes e impedir su regreso no est\u00e1 permitido por el derecho internacional\u201d.<\/p>\n<\/blockquote>\n<p>El organismo advirti\u00f3 tambi\u00e9n sobre un posible \u201ccastigo colectivo\u201d y se mostr\u00f3 preocupado por una eventual \u201climpieza \u00e9tnica\u201d.<\/p>\n<h2><strong>La violencia llega a las aldeas<\/strong><\/h2>\n<p>Este s\u00e1bado 5 de septiembre, el Ej\u00e9rcito israel\u00ed y grupos de colonos irrumpieron en al menos 11 aldeas y pueblos de la gobernaci\u00f3n de <a href=\"https:\/\/www.france24.com\/es\/tag\/ramala\/\" target=\"_self\">Ramala<\/a>, seg\u00fan inform\u00f3 la agencia palestina &#8216;Wafa&#8217;.<\/p>\n<p>En Al Mug\u00e1yer, un grupo de colonos ingres\u00f3 con su ganado en tierras palestinas. Luego llegaron soldados israel\u00edes, que <strong>lanzaron gases lacrim\u00f3genos<\/strong> hacia viviendas de la aldea, cerca de una casa donde una familia estaba de luto por dos j\u00f3venes muertos d\u00edas antes en otro episodio en el que participaron colonos y militares.<\/p>\n<p>En Burqa, colonos da\u00f1aron cultivos y olivares, seg\u00fan denunci\u00f3 el jefe del consejo local. Durante la noche, tropas israel\u00edes entraron adem\u00e1s en otras ocho aldeas de la zona.<\/p>\n<p>Ese mismo d\u00eda, el embajador de <a href=\"https:\/\/www.france24.com\/es\/tag\/estados-unidos\/\" target=\"_self\">Estados Unidos<\/a> en Israel, <a href=\"https:\/\/www.france24.com\/es\/tag\/mike-huckabee\/\" target=\"_self\">Mike Huckabee<\/a>, se encontraba en la localidad palestina de Turmusaya visitando a residentes con ciudadan\u00eda estadounidense afectados por la violencia de colonos.<\/p>\n<div class=\"m-em-image\">\n<figure class=\"m-item-image m-item-image--original m-item-image--has-caption\"> <picture class=\"a-picture a-picture--original\"><source type=\"image\/webp\" srcset=\"https:\/\/s.france24.com\/media\/display\/30fc9514-a928-11f1-bc37-005056a90284\/w:246\/378d4f166efab038ba74ac727f78322afa809980.webp 246w, https:\/\/s.france24.com\/media\/display\/30fc9514-a928-11f1-bc37-005056a90284\/w:388\/378d4f166efab038ba74ac727f78322afa809980.webp 388w, https:\/\/s.france24.com\/media\/display\/30fc9514-a928-11f1-bc37-005056a90284\/w:720\/378d4f166efab038ba74ac727f78322afa809980.webp 720w, https:\/\/s.france24.com\/media\/display\/30fc9514-a928-11f1-bc37-005056a90284\/w:980\/378d4f166efab038ba74ac727f78322afa809980.webp 980w\" sizes=\"(max-width: 1023px) calc(100vw - 32px), (min-width: 1024px) 850px\"><img fetchpriority=\"low\" decoding=\"async\" src=\"https:\/\/s.france24.com\/media\/display\/30fc9514-a928-11f1-bc37-005056a90284\/w:980\/378d4f166efab038ba74ac727f78322afa809980.jpg\" srcset=\"https:\/\/s.france24.com\/media\/display\/30fc9514-a928-11f1-bc37-005056a90284\/w:246\/378d4f166efab038ba74ac727f78322afa809980.jpg 246w, https:\/\/s.france24.com\/media\/display\/30fc9514-a928-11f1-bc37-005056a90284\/w:388\/378d4f166efab038ba74ac727f78322afa809980.jpg 388w, https:\/\/s.france24.com\/media\/display\/30fc9514-a928-11f1-bc37-005056a90284\/w:720\/378d4f166efab038ba74ac727f78322afa809980.jpg 720w, https:\/\/s.france24.com\/media\/display\/30fc9514-a928-11f1-bc37-005056a90284\/w:980\/378d4f166efab038ba74ac727f78322afa809980.jpg 980w\" sizes=\"(max-width: 1023px) calc(100vw - 32px), (min-width: 1024px) 850px\" alt=\"El embajador de Estados Unidos en Israel, Mike Huckabee, es recibido por miembros de la municipalidad local a su llegada a la casa de un palestino-estadounidense en la localidad de Turmus Ayya, en Cisjordania ocupada por Israel.\" loading=\"lazy\" class=\"a-img \">\n<\/picture><figcaption class=\"a-figcaption\"> El embajador de Estados Unidos en Israel, Mike Huckabee, es recibido por miembros de la municipalidad local a su llegada a la casa de un palestino-estadounidense en la localidad de Turmus Ayya, en Cisjordania ocupada por Israel. \u00a9 John Wessels \/ AFP <\/figcaption><\/figure>\n<\/p><\/div>\n<p>Huckabee calific\u00f3 esos ataques de <strong>\u201c<a href=\"https:\/\/www.france24.com\/es\/tag\/terrorismo\/\" target=\"_self\">terrorismo<\/a>\u201d<\/strong> y sostuvo que sus responsables deben afrontar <strong>\u201cconsecuencias severas\u201d<\/strong>. Tambi\u00e9n atribuy\u00f3 al Gobierno del primer ministro <a href=\"https:\/\/www.france24.com\/es\/tag\/benjamin-netanyahu\/\" target=\"_self\">Benjamin Netanyahu<\/a> la responsabilidad de garantizar la seguridad de los palestinos.<\/p>\n<p>Asimismo, el diplom\u00e1tico asegur\u00f3 que quienes protagonizan estos hechos son un \u201cpeque\u00f1o grupo de saqueadores\u201d y no todos los colonos.<\/p>\n<p class=\"a-read-more\"><span class=\"a-read-more__label\">Leer tambi\u00e9n<\/span><a href=\"https:\/\/www.france24.com\/es\/programas\/la-entrevista\/20260904-espero-que-ir\u00e1n-no-cometa-el-error-de-atacarnos-ministro-de-asuntos-exteriores-israel\u00ed\" target=\"_self\" class=\"a-read-more__link\">&#8216;Espero que Ir\u00e1n no cometa el error de atacarnos&#8217;: ministro de Asuntos Exteriores israel\u00ed<\/a><\/p>\n<h2><strong>Tierras, olivares y asentamientos<\/strong><\/h2>\n<p><a href=\"https:\/\/www.france24.com\/es\/tag\/amnist\u00eda-internacional\/\" target=\"_self\">Amnist\u00eda Internacional<\/a> denunci\u00f3 esta semana que Israel intensific\u00f3 las medidas que, seg\u00fan la organizaci\u00f3n, conducen hacia la <strong>anexi\u00f3n del territorio palestino ocupado<\/strong>.<\/p>\n<p>En julio, al menos 15 \u00f3rdenes del Ej\u00e9rcito israel\u00ed dispusieron la confiscaci\u00f3n de unas 20 hect\u00e1reas de tierras palestinas en Jenin. La particularidad es que los terrenos se encuentran en el \u00e1rea A de Cisjordania, que seg\u00fan los Acuerdos de Oslo de la d\u00e9cada de 1990 se encuentra te\u00f3ricamente bajo control civil y de seguridad de la <a href=\"https:\/\/www.france24.com\/es\/tag\/autoridad-nacional-palestina\/\" target=\"_self\">Autoridad Palestina<\/a>.<\/p>\n<p>Seg\u00fan Amnist\u00eda, las tierras ser\u00e1n utilizadas para conectar los asentamientos israel\u00edes de Emek Dotan y Noa, dos de los 34 nuevos asentamientos cuya creaci\u00f3n fue aprobada por el Gobierno israel\u00ed a principios de este a\u00f1o. Los asentamientos israel\u00edes en territorio palestino ocupado son considerados <strong>ilegales por el <a href=\"https:\/\/www.france24.com\/es\/tag\/derecho-internacional-humanitario\/\" target=\"_self\">derecho internacional<\/a><\/strong>.<\/p>\n<p>La oficina del gobernador de Jenin asegur\u00f3 que la aplicaci\u00f3n de las \u00f3rdenes ya ha comenzado y que cientos de familias podr\u00edan perder tierras agr\u00edcolas y olivares de los que dependen para subsistir, cuando se acerca la temporada de cosecha de aceitunas.<\/p>\n<div class=\"m-em-image\">\n<figure class=\"m-item-image m-item-image--original m-item-image--has-caption\"> <picture class=\"a-picture a-picture--original\"><source type=\"image\/webp\" srcset=\"https:\/\/s.france24.com\/media\/display\/7cd77414-a878-11f1-bbf1-005056a90284\/w:246\/AP25050234334915.webp 246w, https:\/\/s.france24.com\/media\/display\/7cd77414-a878-11f1-bbf1-005056a90284\/w:388\/AP25050234334915.webp 388w, https:\/\/s.france24.com\/media\/display\/7cd77414-a878-11f1-bbf1-005056a90284\/w:720\/AP25050234334915.webp 720w, https:\/\/s.france24.com\/media\/display\/7cd77414-a878-11f1-bbf1-005056a90284\/w:980\/AP25050234334915.webp 980w\" sizes=\"(max-width: 1023px) calc(100vw - 32px), (min-width: 1024px) 850px\"><img fetchpriority=\"low\" decoding=\"async\" src=\"https:\/\/s.france24.com\/media\/display\/7cd77414-a878-11f1-bbf1-005056a90284\/w:980\/AP25050234334915.jpg\" srcset=\"https:\/\/s.france24.com\/media\/display\/7cd77414-a878-11f1-bbf1-005056a90284\/w:246\/AP25050234334915.jpg 246w, https:\/\/s.france24.com\/media\/display\/7cd77414-a878-11f1-bbf1-005056a90284\/w:388\/AP25050234334915.jpg 388w, https:\/\/s.france24.com\/media\/display\/7cd77414-a878-11f1-bbf1-005056a90284\/w:720\/AP25050234334915.jpg 720w, https:\/\/s.france24.com\/media\/display\/7cd77414-a878-11f1-bbf1-005056a90284\/w:980\/AP25050234334915.jpg 980w\" sizes=\"(max-width: 1023px) calc(100vw - 32px), (min-width: 1024px) 850px\" alt=\"Residents of the West Bank refugee camp of Nur Shams, near Tulkarem, evacuate their homes as the Israeli military continues its operation in the area on February 11, 2025.\" loading=\"lazy\" class=\"a-img \">\n<\/picture><figcaption class=\"a-figcaption\"> Foto de archivo de residentes del campo de refugiados de Nur Shams, en Cisjordania, cerca de Tulkarem, evacuando sus hogares el 11 de febrero de 2025. \u00a9 Majdi Mohammed, AP <\/figcaption><\/figure>\n<\/p><\/div>\n<p>\u201cIsrael est\u00e1 dividiendo la gobernaci\u00f3n de Jenin en cantones aislados, socavando la integridad geogr\u00e1fica y econ\u00f3mica de la zona y desintegrando las comunidades palestinas\u201d, denunci\u00f3 Heba Morayef, directora para <a href=\"https:\/\/www.france24.com\/es\/tag\/medio-oriente\/\" target=\"_self\">Medio Oriente<\/a> de Amnist\u00eda Internacional.<\/p>\n<p>La ONG israel\u00ed Peace Now afirm\u00f3 que es la primera vez desde los Acuerdos de Oslo que Israel emite \u00f3rdenes de confiscaci\u00f3n militar en el \u00e1rea A abiertamente con fines civiles destinados a beneficiar a colonos.<\/p>\n<p>Netanyahu, por su parte, reivindic\u00f3 la semana pasada la pol\u00edtica de asentamientos de su Gobierno y destac\u00f3 la creaci\u00f3n de 104 asentamientos y 160 granjas israel\u00edes en Cisjordania durante las administraciones estadounidenses del presidente <a href=\"https:\/\/www.france24.com\/es\/tag\/donald-trump\/\" target=\"_self\">Donald Trump<\/a>.<\/p>\n<blockquote class=\"quote\" readability=\"6\">\n<p>\u201cEst\u00e1n haciendo realidad la visi\u00f3n de la tierra de Israel. Esta es nuestra tierra y seguir\u00e1 siendo nuestra\u201d.<\/p>\n<\/blockquote>\n<h3><strong>\u201cExpulsar al mayor n\u00famero posible de palestinos\u201d<\/strong><\/h3>\n<p>Para el alto comisionado de Naciones Unidas para los Derechos Humanos, <a href=\"https:\/\/www.france24.com\/es\/tag\/volker-t\u00fcrk\/\" target=\"_self\">Volker T\u00fcrk<\/a>,&nbsp;lo sucedido en los campos de refugiados est\u00e1 ligado al avance de los asentamientos.<\/p>\n<p>El \u201cmodus operandi\u201d israel\u00ed, afirm\u00f3, \u201csugiere que su objetivo es <strong>expulsar al mayor n\u00famero posible de palestinos<\/strong> y allanar el camino para m\u00e1s asentamientos israel\u00edes ilegales\u201d.<\/p>\n<p>Israel, por su parte, rechaza esas acusaciones.<\/p>\n<p>Su misi\u00f3n diplom\u00e1tica en Ginebra acus\u00f3 a la Oficina de Derechos Humanos de Naciones Unidas de <strong>abandonar \u201cla imparcialidad, la independencia y la neutralidad\u201d para convertirse en \u201cel epicentro de un vil activismo\u201d<\/strong>. Tambi\u00e9n asegur\u00f3 que el informe presenta informaci\u00f3n err\u00f3nea y omite la amenaza de ataques terroristas que, seg\u00fan Israel, motiv\u00f3 la operaci\u00f3n militar en los tres campos.<\/p>\n<div class=\"m-em-video\">\n<div class=\"o-video-player o-video-player--16x9\" data-media-video-wbmz418017-f24-es-20260905 data-show-hidden-video-player=\"WBMZ418017-F24-ES-20260905\" data-wrapper-video-player data-youtube-script>\n<div class=\"o-em-consent \" readability=\"7\">\n<div class=\"o-em-consent__content\" readability=\"34\">\n<p class=\"o-em-consent__content__text\">Para mostrar este contenido de YouTube, debe autorizar las cookies de medici\u00f3n de audiencia y publicidad.<\/p>\n<p> <button class=\"a-master-button a-master-button--dark\" data-action=\"accept\"> Aceptar <svg class=\"a-svg a-svg--icon-check\"> <use xlink:href=\"\/build\/images\/svg\/sprite.68b43361c11f23b39049016b32e6ae31.svg#icon-check\" href=\"\/build\/images\/svg\/sprite.68b43361c11f23b39049016b32e6ae31.svg#icon-check\" \/> <\/svg> <\/button> <button class=\"a-link\" data-action=\"manage\">Gestionar mis opciones <svg class=\"a-svg a-svg--icon-edit\"> <use xlink:href=\"\/build\/images\/svg\/sprite.68b43361c11f23b39049016b32e6ae31.svg#icon-edit\" href=\"\/build\/images\/svg\/sprite.68b43361c11f23b39049016b32e6ae31.svg#icon-edit\" \/> <\/svg><br \/>\n<\/button> <\/div>\n<\/div>\n<div class=\"o-em-adblock\" data-adblock-content readability=\"7\">\n<div class=\"o-em-adblock__content\" readability=\"34\">\n<p class=\"o-em-adblock__content__text\">Una extensi\u00f3n de tu navegador parece estar bloqueando la carga del reproductor de video. Para poder ver este contenido, debes desactivarla en este sitio.<\/p>\n<p> <button class=\"a-master-button a-master-button--dark\" data-action=\"reload\">Reintentar<\/button> <\/div>\n<\/div>\n<figure class=\"m-item-image m-item-image--16x9 m-item-image--has-caption\"> <picture class=\"a-picture a-picture--16x9\"><source type=\"image\/webp\" srcset=\"https:\/\/s.france24.com\/media\/display\/6213cdd0-a418-11f1-9a9b-005056a90284\/w:388\/p:16x9\/ES-20260829-190226-190605-CS.webp 388w, https:\/\/s.france24.com\/media\/display\/6213cdd0-a418-11f1-9a9b-005056a90284\/w:720\/p:16x9\/ES-20260829-190226-190605-CS.webp 720w, https:\/\/s.france24.com\/media\/display\/6213cdd0-a418-11f1-9a9b-005056a90284\/w:1024\/p:16x9\/ES-20260829-190226-190605-CS.webp 1024w\" sizes=\"(max-width: 639px) calc(100vw - 32px), (max-width: 1076px) calc(100vw - 44px), 850px\"><img fetchpriority=\"high\" decoding=\"auto\" src=\"https:\/\/s.france24.com\/media\/display\/6213cdd0-a418-11f1-9a9b-005056a90284\/w:1024\/p:16x9\/ES-20260829-190226-190605-CS.jpg\" srcset=\"https:\/\/s.france24.com\/media\/display\/6213cdd0-a418-11f1-9a9b-005056a90284\/w:388\/p:16x9\/ES-20260829-190226-190605-CS.jpg 388w, https:\/\/s.france24.com\/media\/display\/6213cdd0-a418-11f1-9a9b-005056a90284\/w:720\/p:16x9\/ES-20260829-190226-190605-CS.jpg 720w, https:\/\/s.france24.com\/media\/display\/6213cdd0-a418-11f1-9a9b-005056a90284\/w:1024\/p:16x9\/ES-20260829-190226-190605-CS.jpg 1024w\" sizes=\"(max-width: 639px) calc(100vw - 32px), (max-width: 1076px) calc(100vw - 44px), 850px\" width=\"1024\" height=\"576\" alt loading=\"eager\" class=\"a-img \">\n<\/picture><figcaption class=\"a-figcaption\"> Imagen de portada: \u00a9 France 24 <\/figcaption><\/figure>\n<\/p><\/div>\n<\/div>\n<p>El ministro de Defensa israel\u00ed, <a href=\"https:\/\/www.france24.com\/es\/tag\/israel-katz\/\" target=\"_self\">Israel Katz<\/a>, hab\u00eda dicho desde el comienzo de la ofensiva que las tropas deb\u00edan prepararse para permanecer durante un largo per\u00edodo en las zonas evacuadas y evitar el regreso de sus habitantes.<\/p>\n<p>Para las decenas de miles de palestinos que siguen fuera de sus hogares, todo eso se vive de otra manera: en una casa a la que no pueden regresar, un olivar que pueden perder o una habitaci\u00f3n en la que ya no duerme un hijo.<\/p>\n<p>Dania Abu Haikal y Alia al-Hallaq describen p\u00e9rdidas distintas con las mismas palabras.<\/p>\n<p><strong>\u201cLa casa est\u00e1 vac\u00eda\u201d.<\/strong><\/p>\n<p>Con EFE, AFP y medios locales<\/p>\n","protected":false},"excerpt":{"rendered":"<p>\u201cLloro todos los d\u00edas por la p\u00e9rdida&#46;&#46;&#46;<\/p>\n","protected":false},"author":1,"featured_media":415413,"comment_status":"closed","ping_status":"closed","sticky":false,"template":"","format":"standard","meta":{"_jetpack_newsletter_access":"","_jetpack_dont_email_post_to_subs":false,"_jetpack_newsletter_tier_id":0,"_jetpack_memberships_contains_paywalled_content":false,"_jetpack_feature_clip_id":0,"_jetpack_memberships_contains_paid_content":false,"footnotes":"","jetpack_publicize_message":"","jetpack_publicize_feature_enabled":true,"jetpack_social_post_already_shared":true,"jetpack_social_options":{"image_generator_settings":{"template":"highway","default_image_id":0,"font":"","enabled":false},"version":2},"jetpack_post_was_ever_published":false},"categories":[43],"tags":[],"class_list":["post-415412","post","type-post","status-publish","format-standard","has-post-thumbnail","hentry","category-internacionales"],"yoast_head":"<!-- This site is optimized with the Yoast SEO plugin v28.1 - https:\/\/yoast.com\/product\/yoast-seo-wordpress\/ -->\n<title>\u201cLa casa est\u00e1 vac\u00eda\u201d: el drama de las familias palestinas bajo la violencia en Cisjordania - Sarmiento24h<\/title>\n<meta name=\"robots\" content=\"index, follow, max-snippet:-1, max-image-preview:large, max-video-preview:-1\" \/>\n<link rel=\"canonical\" href=\"https:\/\/sarmiento24h.com\/?p=415412\" \/>\n<meta property=\"og:locale\" content=\"es_ES\" \/>\n<meta property=\"og:type\" content=\"article\" \/>\n<meta property=\"og:title\" content=\"\u201cLa casa est\u00e1 vac\u00eda\u201d: el drama de las familias palestinas bajo la violencia en Cisjordania - Sarmiento24h\" \/>\n<meta property=\"og:description\" content=\"\u201cLloro todos los d\u00edas por la p\u00e9rdida&#046;&#046;&#046;\" \/>\n<meta property=\"og:url\" content=\"https:\/\/sarmiento24h.com\/?p=415412\" \/>\n<meta property=\"og:site_name\" content=\"Sarmiento24h\" \/>\n<meta property=\"article:publisher\" content=\"https:\/\/facebook.com\/s24hnoticias\" \/>\n<meta property=\"article:published_time\" content=\"2026-09-05T23:47:50+00:00\" \/>\n<meta property=\"og:image\" content=\"https:\/\/s.france24.com\/media\/display\/977c5836-a498-11f1-ba43-005056bfb2b6\/w:1024\/p:16x9\/ES-20260830-121211-121414-CS.jpg\" \/>\n<meta name=\"author\" content=\"sarmiento24h@gmail.com\" \/>\n<meta name=\"twitter:card\" content=\"summary_large_image\" \/>\n<meta name=\"twitter:creator\" content=\"@sarmiento24h\" \/>\n<meta name=\"twitter:site\" content=\"@sarmiento24h\" \/>\n<meta name=\"twitter:label1\" content=\"Escrito por\" \/>\n\t<meta name=\"twitter:data1\" content=\"sarmiento24h@gmail.com\" \/>\n\t<meta name=\"twitter:label2\" content=\"Tiempo de lectura\" \/>\n\t<meta name=\"twitter:data2\" content=\"9 minutos\" \/>\n<script type=\"application\/ld+json\" class=\"yoast-schema-graph\">{\"@context\":\"https:\\\/\\\/schema.org\",\"@graph\":[{\"@type\":\"Article\",\"@id\":\"https:\\\/\\\/sarmiento24h.com\\\/?p=415412#article\",\"isPartOf\":{\"@id\":\"https:\\\/\\\/sarmiento24h.com\\\/?p=415412\"},\"author\":{\"name\":\"sarmiento24h@gmail.com\",\"@id\":\"https:\\\/\\\/sarmiento24h.com\\\/#\\\/schema\\\/person\\\/d653a59725ad629a7e0429af7b939d4d\"},\"headline\":\"\u201cLa casa est\u00e1 vac\u00eda\u201d: el drama de las familias palestinas bajo la violencia en Cisjordania\",\"datePublished\":\"2026-09-05T23:47:50+00:00\",\"mainEntityOfPage\":{\"@id\":\"https:\\\/\\\/sarmiento24h.com\\\/?p=415412\"},\"wordCount\":1762,\"publisher\":{\"@id\":\"https:\\\/\\\/sarmiento24h.com\\\/#organization\"},\"image\":{\"@id\":\"https:\\\/\\\/sarmiento24h.com\\\/?p=415412#primaryimage\"},\"thumbnailUrl\":\"https:\\\/\\\/sarmiento24h.com\\\/wp-content\\\/uploads\\\/2026\\\/09\\\/la-casa-esta-vacia-el-drama-de-las-familias-palestinas-bajo-la-violencia-en-cisjordania.jpg\",\"articleSection\":[\"Internacionales\"],\"inLanguage\":\"es\"},{\"@type\":\"WebPage\",\"@id\":\"https:\\\/\\\/sarmiento24h.com\\\/?p=415412\",\"url\":\"https:\\\/\\\/sarmiento24h.com\\\/?p=415412\",\"name\":\"\u201cLa casa est\u00e1 vac\u00eda\u201d: el drama de las familias palestinas bajo la violencia en Cisjordania - Sarmiento24h\",\"isPartOf\":{\"@id\":\"https:\\\/\\\/sarmiento24h.com\\\/#website\"},\"primaryImageOfPage\":{\"@id\":\"https:\\\/\\\/sarmiento24h.com\\\/?p=415412#primaryimage\"},\"image\":{\"@id\":\"https:\\\/\\\/sarmiento24h.com\\\/?p=415412#primaryimage\"},\"thumbnailUrl\":\"https:\\\/\\\/sarmiento24h.com\\\/wp-content\\\/uploads\\\/2026\\\/09\\\/la-casa-esta-vacia-el-drama-de-las-familias-palestinas-bajo-la-violencia-en-cisjordania.jpg\",\"datePublished\":\"2026-09-05T23:47:50+00:00\",\"breadcrumb\":{\"@id\":\"https:\\\/\\\/sarmiento24h.com\\\/?p=415412#breadcrumb\"},\"inLanguage\":\"es\",\"potentialAction\":[{\"@type\":\"ReadAction\",\"target\":[\"https:\\\/\\\/sarmiento24h.com\\\/?p=415412\"]}]},{\"@type\":\"ImageObject\",\"inLanguage\":\"es\",\"@id\":\"https:\\\/\\\/sarmiento24h.com\\\/?p=415412#primaryimage\",\"url\":\"https:\\\/\\\/sarmiento24h.com\\\/wp-content\\\/uploads\\\/2026\\\/09\\\/la-casa-esta-vacia-el-drama-de-las-familias-palestinas-bajo-la-violencia-en-cisjordania.jpg\",\"contentUrl\":\"https:\\\/\\\/sarmiento24h.com\\\/wp-content\\\/uploads\\\/2026\\\/09\\\/la-casa-esta-vacia-el-drama-de-las-familias-palestinas-bajo-la-violencia-en-cisjordania.jpg\",\"width\":1024,\"height\":576},{\"@type\":\"BreadcrumbList\",\"@id\":\"https:\\\/\\\/sarmiento24h.com\\\/?p=415412#breadcrumb\",\"itemListElement\":[{\"@type\":\"ListItem\",\"position\":1,\"name\":\"Home\",\"item\":\"https:\\\/\\\/sarmiento24h.com\\\/\"},{\"@type\":\"ListItem\",\"position\":2,\"name\":\"\u201cLa casa est\u00e1 vac\u00eda\u201d: el drama de las familias palestinas bajo la violencia en Cisjordania\"}]},{\"@type\":\"WebSite\",\"@id\":\"https:\\\/\\\/sarmiento24h.com\\\/#website\",\"url\":\"https:\\\/\\\/sarmiento24h.com\\\/\",\"name\":\"Sarmiento24h\",\"description\":\"\",\"publisher\":{\"@id\":\"https:\\\/\\\/sarmiento24h.com\\\/#organization\"},\"potentialAction\":[{\"@type\":\"SearchAction\",\"target\":{\"@type\":\"EntryPoint\",\"urlTemplate\":\"https:\\\/\\\/sarmiento24h.com\\\/?s={search_term_string}\"},\"query-input\":{\"@type\":\"PropertyValueSpecification\",\"valueRequired\":true,\"valueName\":\"search_term_string\"}}],\"inLanguage\":\"es\"},{\"@type\":\"Organization\",\"@id\":\"https:\\\/\\\/sarmiento24h.com\\\/#organization\",\"name\":\"Sarmiento24h\",\"url\":\"https:\\\/\\\/sarmiento24h.com\\\/\",\"logo\":{\"@type\":\"ImageObject\",\"inLanguage\":\"es\",\"@id\":\"https:\\\/\\\/sarmiento24h.com\\\/#\\\/schema\\\/logo\\\/image\\\/\",\"url\":\"https:\\\/\\\/sarmiento24h.com\\\/wp-content\\\/uploads\\\/2025\\\/12\\\/AddText_12-16-10.30.52.jpg\",\"contentUrl\":\"https:\\\/\\\/sarmiento24h.com\\\/wp-content\\\/uploads\\\/2025\\\/12\\\/AddText_12-16-10.30.52.jpg\",\"width\":1220,\"height\":324,\"caption\":\"Sarmiento24h\"},\"image\":{\"@id\":\"https:\\\/\\\/sarmiento24h.com\\\/#\\\/schema\\\/logo\\\/image\\\/\"},\"sameAs\":[\"https:\\\/\\\/facebook.com\\\/s24hnoticias\",\"https:\\\/\\\/x.com\\\/sarmiento24h\"]},{\"@type\":\"Person\",\"@id\":\"https:\\\/\\\/sarmiento24h.com\\\/#\\\/schema\\\/person\\\/d653a59725ad629a7e0429af7b939d4d\",\"name\":\"sarmiento24h@gmail.com\",\"image\":{\"@type\":\"ImageObject\",\"inLanguage\":\"es\",\"@id\":\"https:\\\/\\\/sarmiento24h.com\\\/wp-content\\\/litespeed\\\/avatar\\\/d02cbc4e23c747e6659cd45907173c8f.jpg?ver=1788652516\",\"url\":\"https:\\\/\\\/sarmiento24h.com\\\/wp-content\\\/litespeed\\\/avatar\\\/d02cbc4e23c747e6659cd45907173c8f.jpg?ver=1788652516\",\"contentUrl\":\"https:\\\/\\\/sarmiento24h.com\\\/wp-content\\\/litespeed\\\/avatar\\\/d02cbc4e23c747e6659cd45907173c8f.jpg?ver=1788652516\",\"caption\":\"sarmiento24h@gmail.com\"},\"sameAs\":[\"https:\\\/\\\/sarmiento24h.com\"],\"url\":\"https:\\\/\\\/sarmiento24h.com\\\/?author=1\"}]}<\/script>\n<!-- \/ Yoast SEO plugin. -->","yoast_head_json":{"title":"\u201cLa casa est\u00e1 vac\u00eda\u201d: el drama de las familias palestinas bajo la violencia en Cisjordania - Sarmiento24h","robots":{"index":"index","follow":"follow","max-snippet":"max-snippet:-1","max-image-preview":"max-image-preview:large","max-video-preview":"max-video-preview:-1"},"canonical":"https:\/\/sarmiento24h.com\/?p=415412","og_locale":"es_ES","og_type":"article","og_title":"\u201cLa casa est\u00e1 vac\u00eda\u201d: el drama de las familias palestinas bajo la violencia en Cisjordania - Sarmiento24h","og_description":"\u201cLloro todos los d\u00edas por la p\u00e9rdida&#46;&#46;&#46;","og_url":"https:\/\/sarmiento24h.com\/?p=415412","og_site_name":"Sarmiento24h","article_publisher":"https:\/\/facebook.com\/s24hnoticias","article_published_time":"2026-09-05T23:47:50+00:00","og_image":[{"url":"https:\/\/s.france24.com\/media\/display\/977c5836-a498-11f1-ba43-005056bfb2b6\/w:1024\/p:16x9\/ES-20260830-121211-121414-CS.jpg","type":"","width":"","height":""}],"author":"sarmiento24h@gmail.com","twitter_card":"summary_large_image","twitter_creator":"@sarmiento24h","twitter_site":"@sarmiento24h","twitter_misc":{"Escrito por":"sarmiento24h@gmail.com","Tiempo de lectura":"9 minutos"},"schema":{"@context":"https:\/\/schema.org","@graph":[{"@type":"Article","@id":"https:\/\/sarmiento24h.com\/?p=415412#article","isPartOf":{"@id":"https:\/\/sarmiento24h.com\/?p=415412"},"author":{"name":"sarmiento24h@gmail.com","@id":"https:\/\/sarmiento24h.com\/#\/schema\/person\/d653a59725ad629a7e0429af7b939d4d"},"headline":"\u201cLa casa est\u00e1 vac\u00eda\u201d: el drama de las familias palestinas bajo la violencia en Cisjordania","datePublished":"2026-09-05T23:47:50+00:00","mainEntityOfPage":{"@id":"https:\/\/sarmiento24h.com\/?p=415412"},"wordCount":1762,"publisher":{"@id":"https:\/\/sarmiento24h.com\/#organization"},"image":{"@id":"https:\/\/sarmiento24h.com\/?p=415412#primaryimage"},"thumbnailUrl":"https:\/\/sarmiento24h.com\/wp-content\/uploads\/2026\/09\/la-casa-esta-vacia-el-drama-de-las-familias-palestinas-bajo-la-violencia-en-cisjordania.jpg","articleSection":["Internacionales"],"inLanguage":"es"},{"@type":"WebPage","@id":"https:\/\/sarmiento24h.com\/?p=415412","url":"https:\/\/sarmiento24h.com\/?p=415412","name":"\u201cLa casa est\u00e1 vac\u00eda\u201d: el drama de las familias palestinas bajo la violencia en Cisjordania - Sarmiento24h","isPartOf":{"@id":"https:\/\/sarmiento24h.com\/#website"},"primaryImageOfPage":{"@id":"https:\/\/sarmiento24h.com\/?p=415412#primaryimage"},"image":{"@id":"https:\/\/sarmiento24h.com\/?p=415412#primaryimage"},"thumbnailUrl":"https:\/\/sarmiento24h.com\/wp-content\/uploads\/2026\/09\/la-casa-esta-vacia-el-drama-de-las-familias-palestinas-bajo-la-violencia-en-cisjordania.jpg","datePublished":"2026-09-05T23:47:50+00:00","breadcrumb":{"@id":"https:\/\/sarmiento24h.com\/?p=415412#breadcrumb"},"inLanguage":"es","potentialAction":[{"@type":"ReadAction","target":["https:\/\/sarmiento24h.com\/?p=415412"]}]},{"@type":"ImageObject","inLanguage":"es","@id":"https:\/\/sarmiento24h.com\/?p=415412#primaryimage","url":"https:\/\/sarmiento24h.com\/wp-content\/uploads\/2026\/09\/la-casa-esta-vacia-el-drama-de-las-familias-palestinas-bajo-la-violencia-en-cisjordania.jpg","contentUrl":"https:\/\/sarmiento24h.com\/wp-content\/uploads\/2026\/09\/la-casa-esta-vacia-el-drama-de-las-familias-palestinas-bajo-la-violencia-en-cisjordania.jpg","width":1024,"height":576},{"@type":"BreadcrumbList","@id":"https:\/\/sarmiento24h.com\/?p=415412#breadcrumb","itemListElement":[{"@type":"ListItem","position":1,"name":"Home","item":"https:\/\/sarmiento24h.com\/"},{"@type":"ListItem","position":2,"name":"\u201cLa casa est\u00e1 vac\u00eda\u201d: el drama de las familias palestinas bajo la violencia en Cisjordania"}]},{"@type":"WebSite","@id":"https:\/\/sarmiento24h.com\/#website","url":"https:\/\/sarmiento24h.com\/","name":"Sarmiento24h","description":"","publisher":{"@id":"https:\/\/sarmiento24h.com\/#organization"},"potentialAction":[{"@type":"SearchAction","target":{"@type":"EntryPoint","urlTemplate":"https:\/\/sarmiento24h.com\/?s={search_term_string}"},"query-input":{"@type":"PropertyValueSpecification","valueRequired":true,"valueName":"search_term_string"}}],"inLanguage":"es"},{"@type":"Organization","@id":"https:\/\/sarmiento24h.com\/#organization","name":"Sarmiento24h","url":"https:\/\/sarmiento24h.com\/","logo":{"@type":"ImageObject","inLanguage":"es","@id":"https:\/\/sarmiento24h.com\/#\/schema\/logo\/image\/","url":"https:\/\/sarmiento24h.com\/wp-content\/uploads\/2025\/12\/AddText_12-16-10.30.52.jpg","contentUrl":"https:\/\/sarmiento24h.com\/wp-content\/uploads\/2025\/12\/AddText_12-16-10.30.52.jpg","width":1220,"height":324,"caption":"Sarmiento24h"},"image":{"@id":"https:\/\/sarmiento24h.com\/#\/schema\/logo\/image\/"},"sameAs":["https:\/\/facebook.com\/s24hnoticias","https:\/\/x.com\/sarmiento24h"]},{"@type":"Person","@id":"https:\/\/sarmiento24h.com\/#\/schema\/person\/d653a59725ad629a7e0429af7b939d4d","name":"sarmiento24h@gmail.com","image":{"@type":"ImageObject","inLanguage":"es","@id":"https:\/\/sarmiento24h.com\/wp-content\/litespeed\/avatar\/d02cbc4e23c747e6659cd45907173c8f.jpg?ver=1788652516","url":"https:\/\/sarmiento24h.com\/wp-content\/litespeed\/avatar\/d02cbc4e23c747e6659cd45907173c8f.jpg?ver=1788652516","contentUrl":"https:\/\/sarmiento24h.com\/wp-content\/litespeed\/avatar\/d02cbc4e23c747e6659cd45907173c8f.jpg?ver=1788652516","caption":"sarmiento24h@gmail.com"},"sameAs":["https:\/\/sarmiento24h.com"],"url":"https:\/\/sarmiento24h.com\/?author=1"}]}},"jetpack_publicize_connections":[],"jetpack_featured_media_url":"https:\/\/sarmiento24h.com\/wp-content\/uploads\/2026\/09\/la-casa-esta-vacia-el-drama-de-las-familias-palestinas-bajo-la-violencia-en-cisjordania.jpg","jetpack_sharing_enabled":true,"_links":{"self":[{"href":"https:\/\/sarmiento24h.com\/index.php?rest_route=\/wp\/v2\/posts\/415412","targetHints":{"allow":["GET"]}}],"collection":[{"href":"https:\/\/sarmiento24h.com\/index.php?rest_route=\/wp\/v2\/posts"}],"about":[{"href":"https:\/\/sarmiento24h.com\/index.php?rest_route=\/wp\/v2\/types\/post"}],"author":[{"embeddable":true,"href":"https:\/\/sarmiento24h.com\/index.php?rest_route=\/wp\/v2\/users\/1"}],"replies":[{"embeddable":true,"href":"https:\/\/sarmiento24h.com\/index.php?rest_route=%2Fwp%2Fv2%2Fcomments&post=415412"}],"version-history":[{"count":0,"href":"https:\/\/sarmiento24h.com\/index.php?rest_route=\/wp\/v2\/posts\/415412\/revisions"}],"wp:featuredmedia":[{"embeddable":true,"href":"https:\/\/sarmiento24h.com\/index.php?rest_route=\/wp\/v2\/media\/415413"}],"wp:attachment":[{"href":"https:\/\/sarmiento24h.com\/index.php?rest_route=%2Fwp%2Fv2%2Fmedia&parent=415412"}],"wp:term":[{"taxonomy":"category","embeddable":true,"href":"https:\/\/sarmiento24h.com\/index.php?rest_route=%2Fwp%2Fv2%2Fcategories&post=415412"},{"taxonomy":"post_tag","embeddable":true,"href":"https:\/\/sarmiento24h.com\/index.php?rest_route=%2Fwp%2Fv2%2Ftags&post=415412"}],"curies":[{"name":"wp","href":"https:\/\/api.w.org\/{rel}","templated":true}]}}