{"id":415572,"date":"2026-09-06T01:59:52","date_gmt":"2026-09-06T01:59:52","guid":{"rendered":"http:\/\/6c8c26ce-a993-11f1-9789-87b276c17541"},"modified":"2026-09-06T01:59:52","modified_gmt":"2026-09-06T01:59:52","slug":"alemania-miles-de-personas-se-manifiestan-antes-de-unas-elecciones-que-se-ven-favorables-a-la-ultraderecha","status":"publish","type":"post","link":"https:\/\/sarmiento24h.com\/?p=415572","title":{"rendered":"Alemania: miles de personas se manifiestan antes de unas elecciones que se ven favorables a la ultraderecha"},"content":{"rendered":"<div><img decoding=\"async\" src=\"https:\/\/s.france24.com\/media\/display\/a33fa9ea-a95f-11f1-8774-005056a97e36\/w:1280\/p:16x9\/2026-09-05T121304Z-1372102362-RC20DNACLQG2-RTRMADP-3-GERMANY-ELECTION-SAXONY-ANHALT-PROTEST.jpg\" class=\"ff-og-image-inserted\"><\/div>\n<p>Casi 6.000 personas se manifestaron el s\u00e1bado 5 de septiembre en Magdeburgo, seg\u00fan la polic\u00eda. Protestaban contra el partido de <a href=\"https:\/\/www.france24.com\/es\/tag\/extrema-derecha\/\" target=\"_self\" class=\"gtm-add-suggested-tag\">extrema derecha<\/a> alem\u00e1n&nbsp;Alternativa para <a href=\"https:\/\/www.france24.com\/es\/tag\/alemania\/\" target=\"_self\" class=\"gtm-add-suggested-tag\">Alemania<\/a> (AfD)&nbsp;, que lidera las encuestas&nbsp;para las elecciones regionales&nbsp;que se celebrar\u00e1n el domingo en esta regi\u00f3n de Sajonia-Anhalt.<\/p>\n<p>Organizado por un grupo de asociaciones llamado \u00abSaxe-Anhalt. Abierto al mundo\u00bb, este evento reuni\u00f3 a personas de todas las edades.<\/p>\n<p>En esta antigua ciudad de <a href=\"https:\/\/www.france24.com\/es\/tag\/alemania\/\" target=\"_self\" class=\"gtm-add-suggested-tag\">Alemania<\/a> Oriental, se hab\u00edan programado discursos y conciertos hasta la noche frente a la catedral.<\/p>\n<p>Algunos ondeaban banderas arco\u00edris o sosten\u00edan carteles que proclamaban \u00abm\u00e1s amor, menos odio\u00bb, \u00abuna vida mejor sin nazis\u00bb o que \u00abla patata tambi\u00e9n es de origen extranjero\u00bb.<\/p>\n<h2><strong>Una situaci\u00f3n sin precedentes desde 1945.<\/strong><\/h2>\n<p>Entre ellos, Jeanette Becker, profesora en Stassfurt, declar\u00f3 a la AFP que hab\u00eda \u00abintentado de nuevo, a trav\u00e9s de mensajes en las redes sociales, persuadir a sus conocidos para que votaran por la democracia ma\u00f1ana\u00bb.<\/p>\n<p>Siegfried Hans Lohse, un estudiante de 20 a\u00f1os, admiti\u00f3 tener \u00abmuchas personas en su c\u00edrculo que simpatizan con la <a href=\"https:\/\/www.france24.com\/es\/tag\/extrema-derecha\/\" target=\"_self\" class=\"gtm-add-suggested-tag\">extrema derecha<\/a>\u00ab.<\/p>\n<p>Se espera que Alternativa para&nbsp;Alemania, un partido antiinmigrante y rus\u00f3filo que apoya&nbsp;a Donald Trump y es&nbsp;el favorito en las encuestas, gane las elecciones en este estado regional de 2,1 millones de habitantes.<\/p>\n<p>La&nbsp;AfD&nbsp;aspira a tomar las riendas de este estado, lo que supondr\u00eda un hito sin precedentes en Alemania desde 1945, pero no tiene garantizada la mayor\u00eda absoluta necesaria para gobernar. Hasta ahora, todos los partidos han descartado gobernar con la <a href=\"https:\/\/www.france24.com\/es\/tag\/extrema-derecha\/\" target=\"_self\" class=\"gtm-add-suggested-tag\">extrema derecha<\/a>, con la excepci\u00f3n del partido de izquierda prorruso&nbsp;BSW,&nbsp;cuyos miembros est\u00e1n divididos al respecto.<\/p>\n<p><em>Con AFP<\/em><\/p>\n","protected":false},"excerpt":{"rendered":"<p>Casi 6.000 personas se manifestaron el s\u00e1bado&#46;&#46;&#46;<\/p>\n","protected":false},"author":1,"featured_media":415573,"comment_status":"closed","ping_status":"closed","sticky":false,"template":"","format":"standard","meta":{"_jetpack_newsletter_access":"","_jetpack_dont_email_post_to_subs":false,"_jetpack_newsletter_tier_id":0,"_jetpack_memberships_contains_paywalled_content":false,"_jetpack_feature_clip_id":0,"_jetpack_memberships_contains_paid_content":false,"footnotes":"","jetpack_publicize_message":"","jetpack_publicize_feature_enabled":true,"jetpack_social_post_already_shared":true,"jetpack_social_options":{"image_generator_settings":{"template":"highway","default_image_id":0,"font":"","enabled":false},"version":2},"jetpack_post_was_ever_published":false},"categories":[43],"tags":[],"class_list":["post-415572","post","type-post","status-publish","format-standard","has-post-thumbnail","hentry","category-internacionales"],"yoast_head":"<!-- This site is optimized with the Yoast SEO plugin v28.1 - https:\/\/yoast.com\/product\/yoast-seo-wordpress\/ -->\n<title>Alemania: miles de personas se manifiestan antes de unas elecciones que se ven favorables a la ultraderecha - Sarmiento24h<\/title>\n<meta name=\"robots\" content=\"index, follow, max-snippet:-1, max-image-preview:large, max-video-preview:-1\" \/>\n<link rel=\"canonical\" href=\"https:\/\/sarmiento24h.com\/?p=415572\" \/>\n<meta property=\"og:locale\" content=\"es_ES\" \/>\n<meta property=\"og:type\" content=\"article\" \/>\n<meta property=\"og:title\" content=\"Alemania: miles de personas se manifiestan antes de unas elecciones que se ven favorables a la ultraderecha - Sarmiento24h\" \/>\n<meta property=\"og:description\" content=\"Casi 6.000 personas se manifestaron el s\u00e1bado&#046;&#046;&#046;\" \/>\n<meta property=\"og:url\" content=\"https:\/\/sarmiento24h.com\/?p=415572\" \/>\n<meta property=\"og:site_name\" content=\"Sarmiento24h\" \/>\n<meta property=\"article:publisher\" content=\"https:\/\/facebook.com\/s24hnoticias\" \/>\n<meta property=\"article:published_time\" content=\"2026-09-06T01:59:52+00:00\" \/>\n<meta property=\"og:image\" content=\"https:\/\/s.france24.com\/media\/display\/a33fa9ea-a95f-11f1-8774-005056a97e36\/w:1280\/p:16x9\/2026-09-05T121304Z-1372102362-RC20DNACLQG2-RTRMADP-3-GERMANY-ELECTION-SAXONY-ANHALT-PROTEST.jpg\" \/>\n<meta name=\"author\" content=\"sarmiento24h@gmail.com\" \/>\n<meta name=\"twitter:card\" content=\"summary_large_image\" \/>\n<meta name=\"twitter:creator\" content=\"@sarmiento24h\" \/>\n<meta name=\"twitter:site\" content=\"@sarmiento24h\" \/>\n<meta name=\"twitter:label1\" content=\"Escrito por\" \/>\n\t<meta name=\"twitter:data1\" content=\"sarmiento24h@gmail.com\" \/>\n\t<meta name=\"twitter:label2\" content=\"Tiempo de lectura\" \/>\n\t<meta name=\"twitter:data2\" content=\"1 minuto\" \/>\n<script type=\"application\/ld+json\" class=\"yoast-schema-graph\">{\"@context\":\"https:\\\/\\\/schema.org\",\"@graph\":[{\"@type\":\"Article\",\"@id\":\"https:\\\/\\\/sarmiento24h.com\\\/?p=415572#article\",\"isPartOf\":{\"@id\":\"https:\\\/\\\/sarmiento24h.com\\\/?p=415572\"},\"author\":{\"name\":\"sarmiento24h@gmail.com\",\"@id\":\"https:\\\/\\\/sarmiento24h.com\\\/#\\\/schema\\\/person\\\/d653a59725ad629a7e0429af7b939d4d\"},\"headline\":\"Alemania: miles de personas se manifiestan antes de unas elecciones que se ven favorables a la ultraderecha\",\"datePublished\":\"2026-09-06T01:59:52+00:00\",\"mainEntityOfPage\":{\"@id\":\"https:\\\/\\\/sarmiento24h.com\\\/?p=415572\"},\"wordCount\":313,\"publisher\":{\"@id\":\"https:\\\/\\\/sarmiento24h.com\\\/#organization\"},\"image\":{\"@id\":\"https:\\\/\\\/sarmiento24h.com\\\/?p=415572#primaryimage\"},\"thumbnailUrl\":\"https:\\\/\\\/sarmiento24h.com\\\/wp-content\\\/uploads\\\/2026\\\/09\\\/alemania-miles-de-personas-se-manifiestan-antes-de-unas-elecciones-que-se-ven-favorables-a-la-ultraderecha.jpg\",\"articleSection\":[\"Internacionales\"],\"inLanguage\":\"es\"},{\"@type\":\"WebPage\",\"@id\":\"https:\\\/\\\/sarmiento24h.com\\\/?p=415572\",\"url\":\"https:\\\/\\\/sarmiento24h.com\\\/?p=415572\",\"name\":\"Alemania: miles de personas se manifiestan antes de unas elecciones que se ven favorables a la ultraderecha - Sarmiento24h\",\"isPartOf\":{\"@id\":\"https:\\\/\\\/sarmiento24h.com\\\/#website\"},\"primaryImageOfPage\":{\"@id\":\"https:\\\/\\\/sarmiento24h.com\\\/?p=415572#primaryimage\"},\"image\":{\"@id\":\"https:\\\/\\\/sarmiento24h.com\\\/?p=415572#primaryimage\"},\"thumbnailUrl\":\"https:\\\/\\\/sarmiento24h.com\\\/wp-content\\\/uploads\\\/2026\\\/09\\\/alemania-miles-de-personas-se-manifiestan-antes-de-unas-elecciones-que-se-ven-favorables-a-la-ultraderecha.jpg\",\"datePublished\":\"2026-09-06T01:59:52+00:00\",\"breadcrumb\":{\"@id\":\"https:\\\/\\\/sarmiento24h.com\\\/?p=415572#breadcrumb\"},\"inLanguage\":\"es\",\"potentialAction\":[{\"@type\":\"ReadAction\",\"target\":[\"https:\\\/\\\/sarmiento24h.com\\\/?p=415572\"]}]},{\"@type\":\"ImageObject\",\"inLanguage\":\"es\",\"@id\":\"https:\\\/\\\/sarmiento24h.com\\\/?p=415572#primaryimage\",\"url\":\"https:\\\/\\\/sarmiento24h.com\\\/wp-content\\\/uploads\\\/2026\\\/09\\\/alemania-miles-de-personas-se-manifiestan-antes-de-unas-elecciones-que-se-ven-favorables-a-la-ultraderecha.jpg\",\"contentUrl\":\"https:\\\/\\\/sarmiento24h.com\\\/wp-content\\\/uploads\\\/2026\\\/09\\\/alemania-miles-de-personas-se-manifiestan-antes-de-unas-elecciones-que-se-ven-favorables-a-la-ultraderecha.jpg\",\"width\":1280,\"height\":720},{\"@type\":\"BreadcrumbList\",\"@id\":\"https:\\\/\\\/sarmiento24h.com\\\/?p=415572#breadcrumb\",\"itemListElement\":[{\"@type\":\"ListItem\",\"position\":1,\"name\":\"Home\",\"item\":\"https:\\\/\\\/sarmiento24h.com\\\/\"},{\"@type\":\"ListItem\",\"position\":2,\"name\":\"Alemania: miles de personas se manifiestan antes de unas elecciones que se ven favorables a la ultraderecha\"}]},{\"@type\":\"WebSite\",\"@id\":\"https:\\\/\\\/sarmiento24h.com\\\/#website\",\"url\":\"https:\\\/\\\/sarmiento24h.com\\\/\",\"name\":\"Sarmiento24h\",\"description\":\"\",\"publisher\":{\"@id\":\"https:\\\/\\\/sarmiento24h.com\\\/#organization\"},\"potentialAction\":[{\"@type\":\"SearchAction\",\"target\":{\"@type\":\"EntryPoint\",\"urlTemplate\":\"https:\\\/\\\/sarmiento24h.com\\\/?s={search_term_string}\"},\"query-input\":{\"@type\":\"PropertyValueSpecification\",\"valueRequired\":true,\"valueName\":\"search_term_string\"}}],\"inLanguage\":\"es\"},{\"@type\":\"Organization\",\"@id\":\"https:\\\/\\\/sarmiento24h.com\\\/#organization\",\"name\":\"Sarmiento24h\",\"url\":\"https:\\\/\\\/sarmiento24h.com\\\/\",\"logo\":{\"@type\":\"ImageObject\",\"inLanguage\":\"es\",\"@id\":\"https:\\\/\\\/sarmiento24h.com\\\/#\\\/schema\\\/logo\\\/image\\\/\",\"url\":\"https:\\\/\\\/sarmiento24h.com\\\/wp-content\\\/uploads\\\/2025\\\/12\\\/AddText_12-16-10.30.52.jpg\",\"contentUrl\":\"https:\\\/\\\/sarmiento24h.com\\\/wp-content\\\/uploads\\\/2025\\\/12\\\/AddText_12-16-10.30.52.jpg\",\"width\":1220,\"height\":324,\"caption\":\"Sarmiento24h\"},\"image\":{\"@id\":\"https:\\\/\\\/sarmiento24h.com\\\/#\\\/schema\\\/logo\\\/image\\\/\"},\"sameAs\":[\"https:\\\/\\\/facebook.com\\\/s24hnoticias\",\"https:\\\/\\\/x.com\\\/sarmiento24h\"]},{\"@type\":\"Person\",\"@id\":\"https:\\\/\\\/sarmiento24h.com\\\/#\\\/schema\\\/person\\\/d653a59725ad629a7e0429af7b939d4d\",\"name\":\"sarmiento24h@gmail.com\",\"image\":{\"@type\":\"ImageObject\",\"inLanguage\":\"es\",\"@id\":\"https:\\\/\\\/sarmiento24h.com\\\/wp-content\\\/litespeed\\\/avatar\\\/d02cbc4e23c747e6659cd45907173c8f.jpg?ver=1788652516\",\"url\":\"https:\\\/\\\/sarmiento24h.com\\\/wp-content\\\/litespeed\\\/avatar\\\/d02cbc4e23c747e6659cd45907173c8f.jpg?ver=1788652516\",\"contentUrl\":\"https:\\\/\\\/sarmiento24h.com\\\/wp-content\\\/litespeed\\\/avatar\\\/d02cbc4e23c747e6659cd45907173c8f.jpg?ver=1788652516\",\"caption\":\"sarmiento24h@gmail.com\"},\"sameAs\":[\"https:\\\/\\\/sarmiento24h.com\"],\"url\":\"https:\\\/\\\/sarmiento24h.com\\\/?author=1\"}]}<\/script>\n<!-- \/ Yoast SEO plugin. -->","yoast_head_json":{"title":"Alemania: miles de personas se manifiestan antes de unas elecciones que se ven favorables a la ultraderecha - Sarmiento24h","robots":{"index":"index","follow":"follow","max-snippet":"max-snippet:-1","max-image-preview":"max-image-preview:large","max-video-preview":"max-video-preview:-1"},"canonical":"https:\/\/sarmiento24h.com\/?p=415572","og_locale":"es_ES","og_type":"article","og_title":"Alemania: miles de personas se manifiestan antes de unas elecciones que se ven favorables a la ultraderecha - Sarmiento24h","og_description":"Casi 6.000 personas se manifestaron el s\u00e1bado&#46;&#46;&#46;","og_url":"https:\/\/sarmiento24h.com\/?p=415572","og_site_name":"Sarmiento24h","article_publisher":"https:\/\/facebook.com\/s24hnoticias","article_published_time":"2026-09-06T01:59:52+00:00","og_image":[{"url":"https:\/\/s.france24.com\/media\/display\/a33fa9ea-a95f-11f1-8774-005056a97e36\/w:1280\/p:16x9\/2026-09-05T121304Z-1372102362-RC20DNACLQG2-RTRMADP-3-GERMANY-ELECTION-SAXONY-ANHALT-PROTEST.jpg","type":"","width":"","height":""}],"author":"sarmiento24h@gmail.com","twitter_card":"summary_large_image","twitter_creator":"@sarmiento24h","twitter_site":"@sarmiento24h","twitter_misc":{"Escrito por":"sarmiento24h@gmail.com","Tiempo de lectura":"1 minuto"},"schema":{"@context":"https:\/\/schema.org","@graph":[{"@type":"Article","@id":"https:\/\/sarmiento24h.com\/?p=415572#article","isPartOf":{"@id":"https:\/\/sarmiento24h.com\/?p=415572"},"author":{"name":"sarmiento24h@gmail.com","@id":"https:\/\/sarmiento24h.com\/#\/schema\/person\/d653a59725ad629a7e0429af7b939d4d"},"headline":"Alemania: miles de personas se manifiestan antes de unas elecciones que se ven favorables a la ultraderecha","datePublished":"2026-09-06T01:59:52+00:00","mainEntityOfPage":{"@id":"https:\/\/sarmiento24h.com\/?p=415572"},"wordCount":313,"publisher":{"@id":"https:\/\/sarmiento24h.com\/#organization"},"image":{"@id":"https:\/\/sarmiento24h.com\/?p=415572#primaryimage"},"thumbnailUrl":"https:\/\/sarmiento24h.com\/wp-content\/uploads\/2026\/09\/alemania-miles-de-personas-se-manifiestan-antes-de-unas-elecciones-que-se-ven-favorables-a-la-ultraderecha.jpg","articleSection":["Internacionales"],"inLanguage":"es"},{"@type":"WebPage","@id":"https:\/\/sarmiento24h.com\/?p=415572","url":"https:\/\/sarmiento24h.com\/?p=415572","name":"Alemania: miles de personas se manifiestan antes de unas elecciones que se ven favorables a la ultraderecha - Sarmiento24h","isPartOf":{"@id":"https:\/\/sarmiento24h.com\/#website"},"primaryImageOfPage":{"@id":"https:\/\/sarmiento24h.com\/?p=415572#primaryimage"},"image":{"@id":"https:\/\/sarmiento24h.com\/?p=415572#primaryimage"},"thumbnailUrl":"https:\/\/sarmiento24h.com\/wp-content\/uploads\/2026\/09\/alemania-miles-de-personas-se-manifiestan-antes-de-unas-elecciones-que-se-ven-favorables-a-la-ultraderecha.jpg","datePublished":"2026-09-06T01:59:52+00:00","breadcrumb":{"@id":"https:\/\/sarmiento24h.com\/?p=415572#breadcrumb"},"inLanguage":"es","potentialAction":[{"@type":"ReadAction","target":["https:\/\/sarmiento24h.com\/?p=415572"]}]},{"@type":"ImageObject","inLanguage":"es","@id":"https:\/\/sarmiento24h.com\/?p=415572#primaryimage","url":"https:\/\/sarmiento24h.com\/wp-content\/uploads\/2026\/09\/alemania-miles-de-personas-se-manifiestan-antes-de-unas-elecciones-que-se-ven-favorables-a-la-ultraderecha.jpg","contentUrl":"https:\/\/sarmiento24h.com\/wp-content\/uploads\/2026\/09\/alemania-miles-de-personas-se-manifiestan-antes-de-unas-elecciones-que-se-ven-favorables-a-la-ultraderecha.jpg","width":1280,"height":720},{"@type":"BreadcrumbList","@id":"https:\/\/sarmiento24h.com\/?p=415572#breadcrumb","itemListElement":[{"@type":"ListItem","position":1,"name":"Home","item":"https:\/\/sarmiento24h.com\/"},{"@type":"ListItem","position":2,"name":"Alemania: miles de personas se manifiestan antes de unas elecciones que se ven favorables a la ultraderecha"}]},{"@type":"WebSite","@id":"https:\/\/sarmiento24h.com\/#website","url":"https:\/\/sarmiento24h.com\/","name":"Sarmiento24h","description":"","publisher":{"@id":"https:\/\/sarmiento24h.com\/#organization"},"potentialAction":[{"@type":"SearchAction","target":{"@type":"EntryPoint","urlTemplate":"https:\/\/sarmiento24h.com\/?s={search_term_string}"},"query-input":{"@type":"PropertyValueSpecification","valueRequired":true,"valueName":"search_term_string"}}],"inLanguage":"es"},{"@type":"Organization","@id":"https:\/\/sarmiento24h.com\/#organization","name":"Sarmiento24h","url":"https:\/\/sarmiento24h.com\/","logo":{"@type":"ImageObject","inLanguage":"es","@id":"https:\/\/sarmiento24h.com\/#\/schema\/logo\/image\/","url":"https:\/\/sarmiento24h.com\/wp-content\/uploads\/2025\/12\/AddText_12-16-10.30.52.jpg","contentUrl":"https:\/\/sarmiento24h.com\/wp-content\/uploads\/2025\/12\/AddText_12-16-10.30.52.jpg","width":1220,"height":324,"caption":"Sarmiento24h"},"image":{"@id":"https:\/\/sarmiento24h.com\/#\/schema\/logo\/image\/"},"sameAs":["https:\/\/facebook.com\/s24hnoticias","https:\/\/x.com\/sarmiento24h"]},{"@type":"Person","@id":"https:\/\/sarmiento24h.com\/#\/schema\/person\/d653a59725ad629a7e0429af7b939d4d","name":"sarmiento24h@gmail.com","image":{"@type":"ImageObject","inLanguage":"es","@id":"https:\/\/sarmiento24h.com\/wp-content\/litespeed\/avatar\/d02cbc4e23c747e6659cd45907173c8f.jpg?ver=1788652516","url":"https:\/\/sarmiento24h.com\/wp-content\/litespeed\/avatar\/d02cbc4e23c747e6659cd45907173c8f.jpg?ver=1788652516","contentUrl":"https:\/\/sarmiento24h.com\/wp-content\/litespeed\/avatar\/d02cbc4e23c747e6659cd45907173c8f.jpg?ver=1788652516","caption":"sarmiento24h@gmail.com"},"sameAs":["https:\/\/sarmiento24h.com"],"url":"https:\/\/sarmiento24h.com\/?author=1"}]}},"jetpack_publicize_connections":[],"jetpack_featured_media_url":"https:\/\/sarmiento24h.com\/wp-content\/uploads\/2026\/09\/alemania-miles-de-personas-se-manifiestan-antes-de-unas-elecciones-que-se-ven-favorables-a-la-ultraderecha.jpg","jetpack_sharing_enabled":true,"_links":{"self":[{"href":"https:\/\/sarmiento24h.com\/index.php?rest_route=\/wp\/v2\/posts\/415572","targetHints":{"allow":["GET"]}}],"collection":[{"href":"https:\/\/sarmiento24h.com\/index.php?rest_route=\/wp\/v2\/posts"}],"about":[{"href":"https:\/\/sarmiento24h.com\/index.php?rest_route=\/wp\/v2\/types\/post"}],"author":[{"embeddable":true,"href":"https:\/\/sarmiento24h.com\/index.php?rest_route=\/wp\/v2\/users\/1"}],"replies":[{"embeddable":true,"href":"https:\/\/sarmiento24h.com\/index.php?rest_route=%2Fwp%2Fv2%2Fcomments&post=415572"}],"version-history":[{"count":0,"href":"https:\/\/sarmiento24h.com\/index.php?rest_route=\/wp\/v2\/posts\/415572\/revisions"}],"wp:featuredmedia":[{"embeddable":true,"href":"https:\/\/sarmiento24h.com\/index.php?rest_route=\/wp\/v2\/media\/415573"}],"wp:attachment":[{"href":"https:\/\/sarmiento24h.com\/index.php?rest_route=%2Fwp%2Fv2%2Fmedia&parent=415572"}],"wp:term":[{"taxonomy":"category","embeddable":true,"href":"https:\/\/sarmiento24h.com\/index.php?rest_route=%2Fwp%2Fv2%2Fcategories&post=415572"},{"taxonomy":"post_tag","embeddable":true,"href":"https:\/\/sarmiento24h.com\/index.php?rest_route=%2Fwp%2Fv2%2Ftags&post=415572"}],"curies":[{"name":"wp","href":"https:\/\/api.w.org\/{rel}","templated":true}]}}