{"id":416470,"date":"2026-09-06T14:28:15","date_gmt":"2026-09-06T14:28:15","guid":{"rendered":"https:\/\/diariodigitalrd.com\/?p=717757"},"modified":"2026-09-06T14:28:15","modified_gmt":"2026-09-06T14:28:15","slug":"inflacion-anual-baja-a-5-13-en-agosto-informa-el-banco-central","status":"publish","type":"post","link":"https:\/\/sarmiento24h.com\/?p=416470","title":{"rendered":"Inflaci\u00f3n anual baja a 5.13 % en agosto, informa el Banco Central"},"content":{"rendered":"<div><img decoding=\"async\" src=\"https:\/\/diariodigitalrd.b-cdn.net\/2017\/08\/cropped-Diario-Digital-LOGO-512-2-300x300.png\" class=\"ff-og-image-inserted\"><\/div>\n<h2 class=\"wp-block-heading\"><strong>El IPC subi\u00f3 0.38 % en agosto, mientras la inflaci\u00f3n acumula dos meses consecutivos de descenso<\/strong><\/h2>\n<p class=\"has-drop-cap has-medium-font-size wp-block-paragraph\"><strong>Santo Domingo.<\/strong> La inflaci\u00f3n en Rep\u00fablica Dominicana continu\u00f3 moder\u00e1ndose durante agosto de 2026. El Banco Central de la Rep\u00fablica Dominicana (BCRD) inform\u00f3 que el \u00cdndice de Precios al Consumidor (IPC) registr\u00f3 una variaci\u00f3n mensual de 0.38 %, mientras que la inflaci\u00f3n interanual descendi\u00f3 a 5.13 %, marcando su segundo mes consecutivo de reducci\u00f3n y acerc\u00e1ndose gradualmente al rango meta establecido por las autoridades monetarias.<\/p>\n<p class=\"wp-block-paragraph\">De acuerdo con el organismo, la inflaci\u00f3n acumulada entre agosto de 2025 y agosto de 2026 se redujo en 0.54 puntos porcentuales respecto al nivel de 5.67 % observado en junio de este a\u00f1o. Este comportamiento refleja una tendencia de desaceleraci\u00f3n de los precios en un contexto donde las expectativas inflacionarias permanecen alineadas con la meta oficial de 4.0 % \u00b1 1.0 %.<\/p>\n<p class=\"wp-block-paragraph\">El informe tambi\u00e9n destaca que la inflaci\u00f3n subyacente interanual, indicador que excluye productos de alta volatilidad como alimentos frescos, combustibles, tarifas reguladas, bebidas alcoh\u00f3licas y tabaco, se situ\u00f3 en 4.76 % durante agosto. La cifra representa una mejora frente al 4.96 % registrado en junio y julio, manteni\u00e9ndose dentro del rango objetivo definido por el Banco Central. En t\u00e9rminos mensuales, este indicador avanz\u00f3 0.40 % respecto a julio.<\/p>\n<p class=\"wp-block-paragraph\"><strong>Alimentos, educaci\u00f3n y transporte impulsaron el aumento mensual<\/strong><\/p>\n<p class=\"wp-block-paragraph\">Seg\u00fan el BCRD, los grupos de <strong>Alimentos y Bebidas No Alcoh\u00f3licas, Educaci\u00f3n, Transporte, Bienes y Servicios Diversos, Restaurantes y Hoteles, as\u00ed como Muebles y Art\u00edculos para el Hogar<\/strong>, explicaron el 88.38 % de la inflaci\u00f3n observada en agosto.<\/p>\n<p class=\"wp-block-paragraph\">El grupo de alimentos present\u00f3 una variaci\u00f3n de 0.42 %, influida por los incrementos en productos como papas, pollo fresco, arroz, agua purificada, hortalizas, guandules verdes, refrescos y chinolas. No obstante, el impacto fue parcialmente compensado por reducciones en los precios de aj\u00edes, pl\u00e1tanos verdes, huevos, aguacates, yuca y naranjas.<\/p>\n<p class=\"wp-block-paragraph\">Por su parte, el sector educaci\u00f3n experiment\u00f3 el mayor incremento entre los principales grupos, con una variaci\u00f3n de 2.72 %. El aumento respondi\u00f3 principalmente a los ajustes en las tarifas de colegios privados por el inicio del a\u00f1o escolar, adem\u00e1s de incrementos en servicios universitarios, libros y transporte escolar.<\/p>\n<p class=\"wp-block-paragraph\">En el caso del transporte, la inflaci\u00f3n fue de 0.26 %, impulsada por los reajustes aplicados a las gasolinas y al gasoil. Tambi\u00e9n incidieron los aumentos en servicios de transporte en motocicletas y transporte escolar. Sin embargo, la apreciaci\u00f3n del peso dominicano frente al d\u00f3lar contribuy\u00f3 a reducir los precios de los autom\u00f3viles, mientras que la menor demanda estacional favoreci\u00f3 una baja en las tarifas de los boletos a\u00e9reos.<\/p>\n<p class=\"wp-block-paragraph\"><strong>Variaciones por regiones y niveles de ingreso<\/strong><\/p>\n<p class=\"wp-block-paragraph\">A nivel geogr\u00e1fico, la regi\u00f3n Norte o Cibao registr\u00f3 la mayor inflaci\u00f3n mensual con 0.49 %, seguida por la regi\u00f3n Sur con 0.46 %, la regi\u00f3n Este con 0.34 % y la regi\u00f3n Ozama con 0.29 %.<\/p>\n<p class=\"wp-block-paragraph\">En cuanto a los distintos estratos de ingreso, las tasas oscilaron entre 0.32 % y 0.37 %. Los hogares de menores ingresos registraron una inflaci\u00f3n de 0.32 %, mientras que los quintiles de mayores ingresos mostraron variaciones de 0.37 % y 0.35 %, beneficiados por la reducci\u00f3n en los precios de veh\u00edculos y boletos a\u00e9reos.<\/p>\n<p class=\"wp-block-paragraph\">Con estos resultados, el Banco Central sostiene que la trayectoria de la inflaci\u00f3n contin\u00faa mostrando se\u00f1ales de convergencia hacia el objetivo fijado por la pol\u00edtica monetaria, en un escenario de estabilidad relativa de los precios y de moderaci\u00f3n gradual de las presiones inflacionarias.<\/p>\n","protected":false},"excerpt":{"rendered":"<p>El IPC subi\u00f3 0.38 % en agosto,&#46;&#46;&#46;<\/p>\n","protected":false},"author":1,"featured_media":416471,"comment_status":"closed","ping_status":"closed","sticky":false,"template":"","format":"standard","meta":{"_jetpack_newsletter_access":"","_jetpack_dont_email_post_to_subs":false,"_jetpack_newsletter_tier_id":0,"_jetpack_memberships_contains_paywalled_content":false,"_jetpack_feature_clip_id":0,"_jetpack_memberships_contains_paid_content":false,"footnotes":"","jetpack_publicize_message":"","jetpack_publicize_feature_enabled":true,"jetpack_social_post_already_shared":true,"jetpack_social_options":{"image_generator_settings":{"template":"highway","default_image_id":0,"font":"","enabled":false},"version":2},"jetpack_post_was_ever_published":false},"categories":[60],"tags":[],"class_list":["post-416470","post","type-post","status-publish","format-standard","has-post-thumbnail","hentry","category-economicas"],"yoast_head":"<!-- This site is optimized with the Yoast SEO plugin v28.1 - https:\/\/yoast.com\/product\/yoast-seo-wordpress\/ -->\n<title>Inflaci\u00f3n anual baja a 5.13 % en agosto, informa el Banco Central - Sarmiento24h<\/title>\n<meta name=\"robots\" content=\"index, follow, max-snippet:-1, max-image-preview:large, max-video-preview:-1\" \/>\n<link rel=\"canonical\" href=\"https:\/\/sarmiento24h.com\/?p=416470\" \/>\n<meta property=\"og:locale\" content=\"es_ES\" \/>\n<meta property=\"og:type\" content=\"article\" \/>\n<meta property=\"og:title\" content=\"Inflaci\u00f3n anual baja a 5.13 % en agosto, informa el Banco Central - Sarmiento24h\" \/>\n<meta property=\"og:description\" content=\"El IPC subi\u00f3 0.38 % en agosto,&#046;&#046;&#046;\" \/>\n<meta property=\"og:url\" content=\"https:\/\/sarmiento24h.com\/?p=416470\" \/>\n<meta property=\"og:site_name\" content=\"Sarmiento24h\" \/>\n<meta property=\"article:publisher\" content=\"https:\/\/facebook.com\/s24hnoticias\" \/>\n<meta property=\"article:published_time\" content=\"2026-09-06T14:28:15+00:00\" \/>\n<meta property=\"og:image\" content=\"https:\/\/diariodigitalrd.b-cdn.net\/2017\/08\/cropped-Diario-Digital-LOGO-512-2-300x300.png\" \/>\n<meta name=\"author\" content=\"sarmiento24h@gmail.com\" \/>\n<meta name=\"twitter:card\" content=\"summary_large_image\" \/>\n<meta name=\"twitter:creator\" content=\"@sarmiento24h\" \/>\n<meta name=\"twitter:site\" content=\"@sarmiento24h\" \/>\n<meta name=\"twitter:label1\" content=\"Escrito por\" \/>\n\t<meta name=\"twitter:data1\" content=\"sarmiento24h@gmail.com\" \/>\n\t<meta name=\"twitter:label2\" content=\"Tiempo de lectura\" \/>\n\t<meta name=\"twitter:data2\" content=\"3 minutos\" \/>\n<script type=\"application\/ld+json\" class=\"yoast-schema-graph\">{\"@context\":\"https:\\\/\\\/schema.org\",\"@graph\":[{\"@type\":\"Article\",\"@id\":\"https:\\\/\\\/sarmiento24h.com\\\/?p=416470#article\",\"isPartOf\":{\"@id\":\"https:\\\/\\\/sarmiento24h.com\\\/?p=416470\"},\"author\":{\"name\":\"sarmiento24h@gmail.com\",\"@id\":\"https:\\\/\\\/sarmiento24h.com\\\/#\\\/schema\\\/person\\\/d653a59725ad629a7e0429af7b939d4d\"},\"headline\":\"Inflaci\u00f3n anual baja a 5.13 % en agosto, informa el Banco Central\",\"datePublished\":\"2026-09-06T14:28:15+00:00\",\"mainEntityOfPage\":{\"@id\":\"https:\\\/\\\/sarmiento24h.com\\\/?p=416470\"},\"wordCount\":580,\"publisher\":{\"@id\":\"https:\\\/\\\/sarmiento24h.com\\\/#organization\"},\"image\":{\"@id\":\"https:\\\/\\\/sarmiento24h.com\\\/?p=416470#primaryimage\"},\"thumbnailUrl\":\"https:\\\/\\\/sarmiento24h.com\\\/wp-content\\\/uploads\\\/2026\\\/09\\\/inflacion-anual-baja-a-5-13-en-agosto-informa-el-banco-central.png\",\"articleSection\":[\"Economicas\"],\"inLanguage\":\"es\"},{\"@type\":\"WebPage\",\"@id\":\"https:\\\/\\\/sarmiento24h.com\\\/?p=416470\",\"url\":\"https:\\\/\\\/sarmiento24h.com\\\/?p=416470\",\"name\":\"Inflaci\u00f3n anual baja a 5.13 % en agosto, informa el Banco Central - Sarmiento24h\",\"isPartOf\":{\"@id\":\"https:\\\/\\\/sarmiento24h.com\\\/#website\"},\"primaryImageOfPage\":{\"@id\":\"https:\\\/\\\/sarmiento24h.com\\\/?p=416470#primaryimage\"},\"image\":{\"@id\":\"https:\\\/\\\/sarmiento24h.com\\\/?p=416470#primaryimage\"},\"thumbnailUrl\":\"https:\\\/\\\/sarmiento24h.com\\\/wp-content\\\/uploads\\\/2026\\\/09\\\/inflacion-anual-baja-a-5-13-en-agosto-informa-el-banco-central.png\",\"datePublished\":\"2026-09-06T14:28:15+00:00\",\"breadcrumb\":{\"@id\":\"https:\\\/\\\/sarmiento24h.com\\\/?p=416470#breadcrumb\"},\"inLanguage\":\"es\",\"potentialAction\":[{\"@type\":\"ReadAction\",\"target\":[\"https:\\\/\\\/sarmiento24h.com\\\/?p=416470\"]}]},{\"@type\":\"ImageObject\",\"inLanguage\":\"es\",\"@id\":\"https:\\\/\\\/sarmiento24h.com\\\/?p=416470#primaryimage\",\"url\":\"https:\\\/\\\/sarmiento24h.com\\\/wp-content\\\/uploads\\\/2026\\\/09\\\/inflacion-anual-baja-a-5-13-en-agosto-informa-el-banco-central.png\",\"contentUrl\":\"https:\\\/\\\/sarmiento24h.com\\\/wp-content\\\/uploads\\\/2026\\\/09\\\/inflacion-anual-baja-a-5-13-en-agosto-informa-el-banco-central.png\",\"width\":300,\"height\":300},{\"@type\":\"BreadcrumbList\",\"@id\":\"https:\\\/\\\/sarmiento24h.com\\\/?p=416470#breadcrumb\",\"itemListElement\":[{\"@type\":\"ListItem\",\"position\":1,\"name\":\"Home\",\"item\":\"https:\\\/\\\/sarmiento24h.com\\\/\"},{\"@type\":\"ListItem\",\"position\":2,\"name\":\"Inflaci\u00f3n anual baja a 5.13 % en agosto, informa el Banco Central\"}]},{\"@type\":\"WebSite\",\"@id\":\"https:\\\/\\\/sarmiento24h.com\\\/#website\",\"url\":\"https:\\\/\\\/sarmiento24h.com\\\/\",\"name\":\"Sarmiento24h\",\"description\":\"\",\"publisher\":{\"@id\":\"https:\\\/\\\/sarmiento24h.com\\\/#organization\"},\"potentialAction\":[{\"@type\":\"SearchAction\",\"target\":{\"@type\":\"EntryPoint\",\"urlTemplate\":\"https:\\\/\\\/sarmiento24h.com\\\/?s={search_term_string}\"},\"query-input\":{\"@type\":\"PropertyValueSpecification\",\"valueRequired\":true,\"valueName\":\"search_term_string\"}}],\"inLanguage\":\"es\"},{\"@type\":\"Organization\",\"@id\":\"https:\\\/\\\/sarmiento24h.com\\\/#organization\",\"name\":\"Sarmiento24h\",\"url\":\"https:\\\/\\\/sarmiento24h.com\\\/\",\"logo\":{\"@type\":\"ImageObject\",\"inLanguage\":\"es\",\"@id\":\"https:\\\/\\\/sarmiento24h.com\\\/#\\\/schema\\\/logo\\\/image\\\/\",\"url\":\"https:\\\/\\\/sarmiento24h.com\\\/wp-content\\\/uploads\\\/2025\\\/12\\\/AddText_12-16-10.30.52.jpg\",\"contentUrl\":\"https:\\\/\\\/sarmiento24h.com\\\/wp-content\\\/uploads\\\/2025\\\/12\\\/AddText_12-16-10.30.52.jpg\",\"width\":1220,\"height\":324,\"caption\":\"Sarmiento24h\"},\"image\":{\"@id\":\"https:\\\/\\\/sarmiento24h.com\\\/#\\\/schema\\\/logo\\\/image\\\/\"},\"sameAs\":[\"https:\\\/\\\/facebook.com\\\/s24hnoticias\",\"https:\\\/\\\/x.com\\\/sarmiento24h\"]},{\"@type\":\"Person\",\"@id\":\"https:\\\/\\\/sarmiento24h.com\\\/#\\\/schema\\\/person\\\/d653a59725ad629a7e0429af7b939d4d\",\"name\":\"sarmiento24h@gmail.com\",\"image\":{\"@type\":\"ImageObject\",\"inLanguage\":\"es\",\"@id\":\"https:\\\/\\\/sarmiento24h.com\\\/wp-content\\\/litespeed\\\/avatar\\\/d02cbc4e23c747e6659cd45907173c8f.jpg?ver=1788652516\",\"url\":\"https:\\\/\\\/sarmiento24h.com\\\/wp-content\\\/litespeed\\\/avatar\\\/d02cbc4e23c747e6659cd45907173c8f.jpg?ver=1788652516\",\"contentUrl\":\"https:\\\/\\\/sarmiento24h.com\\\/wp-content\\\/litespeed\\\/avatar\\\/d02cbc4e23c747e6659cd45907173c8f.jpg?ver=1788652516\",\"caption\":\"sarmiento24h@gmail.com\"},\"sameAs\":[\"https:\\\/\\\/sarmiento24h.com\"],\"url\":\"https:\\\/\\\/sarmiento24h.com\\\/?author=1\"}]}<\/script>\n<!-- \/ Yoast SEO plugin. -->","yoast_head_json":{"title":"Inflaci\u00f3n anual baja a 5.13 % en agosto, informa el Banco Central - Sarmiento24h","robots":{"index":"index","follow":"follow","max-snippet":"max-snippet:-1","max-image-preview":"max-image-preview:large","max-video-preview":"max-video-preview:-1"},"canonical":"https:\/\/sarmiento24h.com\/?p=416470","og_locale":"es_ES","og_type":"article","og_title":"Inflaci\u00f3n anual baja a 5.13 % en agosto, informa el Banco Central - Sarmiento24h","og_description":"El IPC subi\u00f3 0.38 % en agosto,&#46;&#46;&#46;","og_url":"https:\/\/sarmiento24h.com\/?p=416470","og_site_name":"Sarmiento24h","article_publisher":"https:\/\/facebook.com\/s24hnoticias","article_published_time":"2026-09-06T14:28:15+00:00","og_image":[{"url":"https:\/\/diariodigitalrd.b-cdn.net\/2017\/08\/cropped-Diario-Digital-LOGO-512-2-300x300.png","type":"","width":"","height":""}],"author":"sarmiento24h@gmail.com","twitter_card":"summary_large_image","twitter_creator":"@sarmiento24h","twitter_site":"@sarmiento24h","twitter_misc":{"Escrito por":"sarmiento24h@gmail.com","Tiempo de lectura":"3 minutos"},"schema":{"@context":"https:\/\/schema.org","@graph":[{"@type":"Article","@id":"https:\/\/sarmiento24h.com\/?p=416470#article","isPartOf":{"@id":"https:\/\/sarmiento24h.com\/?p=416470"},"author":{"name":"sarmiento24h@gmail.com","@id":"https:\/\/sarmiento24h.com\/#\/schema\/person\/d653a59725ad629a7e0429af7b939d4d"},"headline":"Inflaci\u00f3n anual baja a 5.13 % en agosto, informa el Banco Central","datePublished":"2026-09-06T14:28:15+00:00","mainEntityOfPage":{"@id":"https:\/\/sarmiento24h.com\/?p=416470"},"wordCount":580,"publisher":{"@id":"https:\/\/sarmiento24h.com\/#organization"},"image":{"@id":"https:\/\/sarmiento24h.com\/?p=416470#primaryimage"},"thumbnailUrl":"https:\/\/sarmiento24h.com\/wp-content\/uploads\/2026\/09\/inflacion-anual-baja-a-5-13-en-agosto-informa-el-banco-central.png","articleSection":["Economicas"],"inLanguage":"es"},{"@type":"WebPage","@id":"https:\/\/sarmiento24h.com\/?p=416470","url":"https:\/\/sarmiento24h.com\/?p=416470","name":"Inflaci\u00f3n anual baja a 5.13 % en agosto, informa el Banco Central - Sarmiento24h","isPartOf":{"@id":"https:\/\/sarmiento24h.com\/#website"},"primaryImageOfPage":{"@id":"https:\/\/sarmiento24h.com\/?p=416470#primaryimage"},"image":{"@id":"https:\/\/sarmiento24h.com\/?p=416470#primaryimage"},"thumbnailUrl":"https:\/\/sarmiento24h.com\/wp-content\/uploads\/2026\/09\/inflacion-anual-baja-a-5-13-en-agosto-informa-el-banco-central.png","datePublished":"2026-09-06T14:28:15+00:00","breadcrumb":{"@id":"https:\/\/sarmiento24h.com\/?p=416470#breadcrumb"},"inLanguage":"es","potentialAction":[{"@type":"ReadAction","target":["https:\/\/sarmiento24h.com\/?p=416470"]}]},{"@type":"ImageObject","inLanguage":"es","@id":"https:\/\/sarmiento24h.com\/?p=416470#primaryimage","url":"https:\/\/sarmiento24h.com\/wp-content\/uploads\/2026\/09\/inflacion-anual-baja-a-5-13-en-agosto-informa-el-banco-central.png","contentUrl":"https:\/\/sarmiento24h.com\/wp-content\/uploads\/2026\/09\/inflacion-anual-baja-a-5-13-en-agosto-informa-el-banco-central.png","width":300,"height":300},{"@type":"BreadcrumbList","@id":"https:\/\/sarmiento24h.com\/?p=416470#breadcrumb","itemListElement":[{"@type":"ListItem","position":1,"name":"Home","item":"https:\/\/sarmiento24h.com\/"},{"@type":"ListItem","position":2,"name":"Inflaci\u00f3n anual baja a 5.13 % en agosto, informa el Banco Central"}]},{"@type":"WebSite","@id":"https:\/\/sarmiento24h.com\/#website","url":"https:\/\/sarmiento24h.com\/","name":"Sarmiento24h","description":"","publisher":{"@id":"https:\/\/sarmiento24h.com\/#organization"},"potentialAction":[{"@type":"SearchAction","target":{"@type":"EntryPoint","urlTemplate":"https:\/\/sarmiento24h.com\/?s={search_term_string}"},"query-input":{"@type":"PropertyValueSpecification","valueRequired":true,"valueName":"search_term_string"}}],"inLanguage":"es"},{"@type":"Organization","@id":"https:\/\/sarmiento24h.com\/#organization","name":"Sarmiento24h","url":"https:\/\/sarmiento24h.com\/","logo":{"@type":"ImageObject","inLanguage":"es","@id":"https:\/\/sarmiento24h.com\/#\/schema\/logo\/image\/","url":"https:\/\/sarmiento24h.com\/wp-content\/uploads\/2025\/12\/AddText_12-16-10.30.52.jpg","contentUrl":"https:\/\/sarmiento24h.com\/wp-content\/uploads\/2025\/12\/AddText_12-16-10.30.52.jpg","width":1220,"height":324,"caption":"Sarmiento24h"},"image":{"@id":"https:\/\/sarmiento24h.com\/#\/schema\/logo\/image\/"},"sameAs":["https:\/\/facebook.com\/s24hnoticias","https:\/\/x.com\/sarmiento24h"]},{"@type":"Person","@id":"https:\/\/sarmiento24h.com\/#\/schema\/person\/d653a59725ad629a7e0429af7b939d4d","name":"sarmiento24h@gmail.com","image":{"@type":"ImageObject","inLanguage":"es","@id":"https:\/\/sarmiento24h.com\/wp-content\/litespeed\/avatar\/d02cbc4e23c747e6659cd45907173c8f.jpg?ver=1788652516","url":"https:\/\/sarmiento24h.com\/wp-content\/litespeed\/avatar\/d02cbc4e23c747e6659cd45907173c8f.jpg?ver=1788652516","contentUrl":"https:\/\/sarmiento24h.com\/wp-content\/litespeed\/avatar\/d02cbc4e23c747e6659cd45907173c8f.jpg?ver=1788652516","caption":"sarmiento24h@gmail.com"},"sameAs":["https:\/\/sarmiento24h.com"],"url":"https:\/\/sarmiento24h.com\/?author=1"}]}},"jetpack_publicize_connections":[],"jetpack_featured_media_url":"https:\/\/sarmiento24h.com\/wp-content\/uploads\/2026\/09\/inflacion-anual-baja-a-5-13-en-agosto-informa-el-banco-central.png","jetpack_sharing_enabled":true,"_links":{"self":[{"href":"https:\/\/sarmiento24h.com\/index.php?rest_route=\/wp\/v2\/posts\/416470","targetHints":{"allow":["GET"]}}],"collection":[{"href":"https:\/\/sarmiento24h.com\/index.php?rest_route=\/wp\/v2\/posts"}],"about":[{"href":"https:\/\/sarmiento24h.com\/index.php?rest_route=\/wp\/v2\/types\/post"}],"author":[{"embeddable":true,"href":"https:\/\/sarmiento24h.com\/index.php?rest_route=\/wp\/v2\/users\/1"}],"replies":[{"embeddable":true,"href":"https:\/\/sarmiento24h.com\/index.php?rest_route=%2Fwp%2Fv2%2Fcomments&post=416470"}],"version-history":[{"count":0,"href":"https:\/\/sarmiento24h.com\/index.php?rest_route=\/wp\/v2\/posts\/416470\/revisions"}],"wp:featuredmedia":[{"embeddable":true,"href":"https:\/\/sarmiento24h.com\/index.php?rest_route=\/wp\/v2\/media\/416471"}],"wp:attachment":[{"href":"https:\/\/sarmiento24h.com\/index.php?rest_route=%2Fwp%2Fv2%2Fmedia&parent=416470"}],"wp:term":[{"taxonomy":"category","embeddable":true,"href":"https:\/\/sarmiento24h.com\/index.php?rest_route=%2Fwp%2Fv2%2Fcategories&post=416470"},{"taxonomy":"post_tag","embeddable":true,"href":"https:\/\/sarmiento24h.com\/index.php?rest_route=%2Fwp%2Fv2%2Ftags&post=416470"}],"curies":[{"name":"wp","href":"https:\/\/api.w.org\/{rel}","templated":true}]}}