{"id":416520,"date":"2026-09-06T14:58:08","date_gmt":"2026-09-06T14:58:08","guid":{"rendered":"http:\/\/almomento.net\/?p=1148291"},"modified":"2026-09-06T14:58:08","modified_gmt":"2026-09-06T14:58:08","slug":"wellington-arnaud-destaca-liderazgo-de-abinader-al-asumir-presidencia-del-prm","status":"publish","type":"post","link":"https:\/\/sarmiento24h.com\/?p=416520","title":{"rendered":"Wellington Arnaud destaca liderazgo de Abinader al asumir presidencia del PRM"},"content":{"rendered":"<p><!-- .entry-header --> <\/p>\n<div class=\"img_center\"> <a href=\"https:\/\/almomento.net\/wp-content\/uploads\/2026\/09\/wellington-arnaud-e1788703093612.jpg\" alt=\"Wellington Arnaud destaca liderazgo de Abinader al asumir presidencia del PRM\" title=\"Wellington Arnaud destaca liderazgo de Abinader al asumir presidencia del PRM\" data-toggle=\"lightbox\" class=\"thickbox\"><img decoding=\"async\" src=\"https:\/\/almomento.net\/wp-content\/uploads\/2026\/09\/wellington-arnaud-e1788703093612.jpg\" class=\"attachment-post-thumbnail size-post-thumbnail wp-post-image\" alt=\"imagen\" title=\"Wellington Arnaud destaca liderazgo de Abinader al asumir presidencia del PRM\" data-toggle data-title=\"Wellington Arnaud destaca liderazgo de Abinader al asumir presidencia del PRM\"><\/a> <\/div>\n<div id=\"entry-content\" readability=\"62.671523982999\">\n<div class=\"gs-tts-pro gs-tts-theme-light\" data-gs-tts-player readability=\"7\">\n<p> <strong>Escuchar art\u00edculo<\/strong> <br \/><button type=\"button\" class=\"gs-tts-btn gs-tts-start\" data-gs-tts-start>Reproducir<\/button> <button type=\"button\" class=\"gs-tts-btn gs-tts-pause\" data-gs-tts-pause>Pausar<\/button> <button type=\"button\" class=\"gs-tts-btn gs-tts-stop\" data-gs-tts-stop>Detener<\/button> <\/p>\n<\/p><\/div>\n<p class=\"isSelectedEnd\"><strong>Santo Domingo.\u2013<\/strong> El director ejecutivo del Instituto Nacional de Aguas Potables y Alcantarillados (INAPA) y aspirante a la candidatura presidencial del Partido Revolucionario Moderno (PRM), Wellington Arnaud, valor\u00f3 este domingo la llegada del presidente Luis Abinader a la presidencia de esa organizaci\u00f3n pol\u00edtica, al considerar que su liderazgo permitir\u00e1 conducir al partido hacia nuevos triunfos.<\/p>\n<p class=\"isSelectedEnd\">Arnaud ofreci\u00f3 las declaraciones a su llegada al Club Polideportivo San Carlos, donde se celebra el acto de juramentaci\u00f3n de las nuevas autoridades nacionales del PRM. El dirigente pol\u00edtico lleg\u00f3 acompa\u00f1ado de un grupo de simpatizantes y seguidores de su proyecto presidencial.<\/p>\n<p class=\"isSelectedEnd\">\u201cMuy feliz de que el presidente Abinader asuma hoy como presidente del partido. Eso para nosotros nos enorgullece porque \u00e9l es el l\u00edder y tiene la gran responsabilidad de guiar al partido a nuevos triunfos\u201d, expres\u00f3.<\/p>\n<blockquote class=\"wp-embedded-content\" data-secret=\"9I8SEOmSOf\" readability=\"0\">\n<p><a href=\"https:\/\/almomento.net\/luis-abinader-sera-juramentado-hoy-como-presidente-del-prm\/\">Luis Abinader ser\u00e1 juramentado hoy como presidente del PRM<\/a><\/p>\n<\/blockquote>\n<p class=\"isSelectedEnd\">El funcionario destac\u00f3 adem\u00e1s la manera en que Abinader ha ejercido su liderazgo dentro del PRM, haciendo \u00e9nfasis en la necesidad de preservar el equilibrio interno y garantizar que los diferentes sectores y dirigentes de la organizaci\u00f3n tengan oportunidades de avanzar.<\/p>\n<p class=\"isSelectedEnd\">\u201cEjerciendo su liderazgo como lo ha hecho, tomando en cuenta el equilibrio y que todo el mundo en el partido tenga la oportunidad de avanzar\u201d, manifest\u00f3 Arnaud.<\/p>\n<p>La juramentaci\u00f3n forma parte del proceso de renovaci\u00f3n de las autoridades nacionales del PRM, cuya direcci\u00f3n estar\u00e1 encabezada por el presidente Luis Abinader.<\/p>\n<p><iframe loading=\"lazy\" width=\"560\" height=\"315\" src=\"https:\/\/www.youtube.com\/embed\/qg0LUfl6ZKk?si=mhr6NMjJ09SyEG7m\" title=\"YouTube video player\" frameborder=\"0\" allow=\"accelerometer; autoplay; clipboard-write; encrypted-media; gyroscope; picture-in-picture; web-share\" referrerpolicy=\"strict-origin-when-cross-origin\" allowfullscreen>[embedded content]<\/iframe><\/p>\n<div class=\"heateor_sss_sharing_container heateor_sss_horizontal_sharing\" data-heateor-sss-href=\"https:\/\/almomento.net\/wellington-arnaud-destaca-liderazgo-de-abinader-al-asumir-presidencia-del-prm\/\" readability=\"7\">\n<p>Comp\u00e1rtelo en tus redes:<\/p>\n<\/div>\n<p> <!-- 468x60 --><br \/>\n<ins class=\"adsbygoogle\" data-ad-client=\"ca-pub-3511341636159665\" data-ad-slot=\"3538255450\"><\/ins> <!-- .entry-content --> <\/div>\n","protected":false},"excerpt":{"rendered":"<p>Escuchar art\u00edculo Reproducir Pausar Detener Santo Domingo.\u2013&#46;&#46;&#46;<\/p>\n","protected":false},"author":1,"featured_media":416521,"comment_status":"closed","ping_status":"closed","sticky":false,"template":"","format":"standard","meta":{"_jetpack_newsletter_access":"","_jetpack_dont_email_post_to_subs":false,"_jetpack_newsletter_tier_id":0,"_jetpack_memberships_contains_paywalled_content":false,"_jetpack_feature_clip_id":0,"_jetpack_memberships_contains_paid_content":false,"footnotes":"","jetpack_publicize_message":"","jetpack_publicize_feature_enabled":true,"jetpack_social_post_already_shared":true,"jetpack_social_options":{"image_generator_settings":{"template":"highway","default_image_id":0,"font":"","enabled":false},"version":2},"jetpack_post_was_ever_published":false},"categories":[61],"tags":[],"class_list":["post-416520","post","type-post","status-publish","format-standard","has-post-thumbnail","hentry","category-politica"],"yoast_head":"<!-- This site is optimized with the Yoast SEO plugin v28.1 - https:\/\/yoast.com\/product\/yoast-seo-wordpress\/ -->\n<title>Wellington Arnaud destaca liderazgo de Abinader al asumir presidencia del PRM - Sarmiento24h<\/title>\n<meta name=\"robots\" content=\"index, follow, max-snippet:-1, max-image-preview:large, max-video-preview:-1\" \/>\n<link rel=\"canonical\" href=\"https:\/\/sarmiento24h.com\/?p=416520\" \/>\n<meta property=\"og:locale\" content=\"es_ES\" \/>\n<meta property=\"og:type\" content=\"article\" \/>\n<meta property=\"og:title\" content=\"Wellington Arnaud destaca liderazgo de Abinader al asumir presidencia del PRM - Sarmiento24h\" \/>\n<meta property=\"og:description\" content=\"Escuchar art\u00edculo Reproducir Pausar Detener Santo Domingo.\u2013&#046;&#046;&#046;\" \/>\n<meta property=\"og:url\" content=\"https:\/\/sarmiento24h.com\/?p=416520\" \/>\n<meta property=\"og:site_name\" content=\"Sarmiento24h\" \/>\n<meta property=\"article:publisher\" content=\"https:\/\/facebook.com\/s24hnoticias\" \/>\n<meta property=\"article:published_time\" content=\"2026-09-06T14:58:08+00:00\" \/>\n<meta property=\"og:image\" content=\"https:\/\/almomento.net\/wp-content\/uploads\/2026\/09\/wellington-arnaud-e1788703093612.jpg\" \/>\n<meta name=\"author\" content=\"sarmiento24h@gmail.com\" \/>\n<meta name=\"twitter:card\" content=\"summary_large_image\" \/>\n<meta name=\"twitter:creator\" content=\"@sarmiento24h\" \/>\n<meta name=\"twitter:site\" content=\"@sarmiento24h\" \/>\n<meta name=\"twitter:label1\" content=\"Escrito por\" \/>\n\t<meta name=\"twitter:data1\" content=\"sarmiento24h@gmail.com\" \/>\n\t<meta name=\"twitter:label2\" content=\"Tiempo de lectura\" \/>\n\t<meta name=\"twitter:data2\" content=\"1 minuto\" \/>\n<script type=\"application\/ld+json\" class=\"yoast-schema-graph\">{\"@context\":\"https:\\\/\\\/schema.org\",\"@graph\":[{\"@type\":\"Article\",\"@id\":\"https:\\\/\\\/sarmiento24h.com\\\/?p=416520#article\",\"isPartOf\":{\"@id\":\"https:\\\/\\\/sarmiento24h.com\\\/?p=416520\"},\"author\":{\"name\":\"sarmiento24h@gmail.com\",\"@id\":\"https:\\\/\\\/sarmiento24h.com\\\/#\\\/schema\\\/person\\\/d653a59725ad629a7e0429af7b939d4d\"},\"headline\":\"Wellington Arnaud destaca liderazgo de Abinader al asumir presidencia del PRM\",\"datePublished\":\"2026-09-06T14:58:08+00:00\",\"mainEntityOfPage\":{\"@id\":\"https:\\\/\\\/sarmiento24h.com\\\/?p=416520\"},\"wordCount\":268,\"publisher\":{\"@id\":\"https:\\\/\\\/sarmiento24h.com\\\/#organization\"},\"image\":{\"@id\":\"https:\\\/\\\/sarmiento24h.com\\\/?p=416520#primaryimage\"},\"thumbnailUrl\":\"https:\\\/\\\/sarmiento24h.com\\\/wp-content\\\/uploads\\\/2026\\\/09\\\/wellington-arnaud-destaca-liderazgo-de-abinader-al-asumir-presidencia-del-prm.jpg\",\"articleSection\":[\"Politica\"],\"inLanguage\":\"es\"},{\"@type\":\"WebPage\",\"@id\":\"https:\\\/\\\/sarmiento24h.com\\\/?p=416520\",\"url\":\"https:\\\/\\\/sarmiento24h.com\\\/?p=416520\",\"name\":\"Wellington Arnaud destaca liderazgo de Abinader al asumir presidencia del PRM - Sarmiento24h\",\"isPartOf\":{\"@id\":\"https:\\\/\\\/sarmiento24h.com\\\/#website\"},\"primaryImageOfPage\":{\"@id\":\"https:\\\/\\\/sarmiento24h.com\\\/?p=416520#primaryimage\"},\"image\":{\"@id\":\"https:\\\/\\\/sarmiento24h.com\\\/?p=416520#primaryimage\"},\"thumbnailUrl\":\"https:\\\/\\\/sarmiento24h.com\\\/wp-content\\\/uploads\\\/2026\\\/09\\\/wellington-arnaud-destaca-liderazgo-de-abinader-al-asumir-presidencia-del-prm.jpg\",\"datePublished\":\"2026-09-06T14:58:08+00:00\",\"breadcrumb\":{\"@id\":\"https:\\\/\\\/sarmiento24h.com\\\/?p=416520#breadcrumb\"},\"inLanguage\":\"es\",\"potentialAction\":[{\"@type\":\"ReadAction\",\"target\":[\"https:\\\/\\\/sarmiento24h.com\\\/?p=416520\"]}]},{\"@type\":\"ImageObject\",\"inLanguage\":\"es\",\"@id\":\"https:\\\/\\\/sarmiento24h.com\\\/?p=416520#primaryimage\",\"url\":\"https:\\\/\\\/sarmiento24h.com\\\/wp-content\\\/uploads\\\/2026\\\/09\\\/wellington-arnaud-destaca-liderazgo-de-abinader-al-asumir-presidencia-del-prm.jpg\",\"contentUrl\":\"https:\\\/\\\/sarmiento24h.com\\\/wp-content\\\/uploads\\\/2026\\\/09\\\/wellington-arnaud-destaca-liderazgo-de-abinader-al-asumir-presidencia-del-prm.jpg\",\"width\":700,\"height\":394},{\"@type\":\"BreadcrumbList\",\"@id\":\"https:\\\/\\\/sarmiento24h.com\\\/?p=416520#breadcrumb\",\"itemListElement\":[{\"@type\":\"ListItem\",\"position\":1,\"name\":\"Home\",\"item\":\"https:\\\/\\\/sarmiento24h.com\\\/\"},{\"@type\":\"ListItem\",\"position\":2,\"name\":\"Wellington Arnaud destaca liderazgo de Abinader al asumir presidencia del PRM\"}]},{\"@type\":\"WebSite\",\"@id\":\"https:\\\/\\\/sarmiento24h.com\\\/#website\",\"url\":\"https:\\\/\\\/sarmiento24h.com\\\/\",\"name\":\"Sarmiento24h\",\"description\":\"\",\"publisher\":{\"@id\":\"https:\\\/\\\/sarmiento24h.com\\\/#organization\"},\"potentialAction\":[{\"@type\":\"SearchAction\",\"target\":{\"@type\":\"EntryPoint\",\"urlTemplate\":\"https:\\\/\\\/sarmiento24h.com\\\/?s={search_term_string}\"},\"query-input\":{\"@type\":\"PropertyValueSpecification\",\"valueRequired\":true,\"valueName\":\"search_term_string\"}}],\"inLanguage\":\"es\"},{\"@type\":\"Organization\",\"@id\":\"https:\\\/\\\/sarmiento24h.com\\\/#organization\",\"name\":\"Sarmiento24h\",\"url\":\"https:\\\/\\\/sarmiento24h.com\\\/\",\"logo\":{\"@type\":\"ImageObject\",\"inLanguage\":\"es\",\"@id\":\"https:\\\/\\\/sarmiento24h.com\\\/#\\\/schema\\\/logo\\\/image\\\/\",\"url\":\"https:\\\/\\\/sarmiento24h.com\\\/wp-content\\\/uploads\\\/2025\\\/12\\\/AddText_12-16-10.30.52.jpg\",\"contentUrl\":\"https:\\\/\\\/sarmiento24h.com\\\/wp-content\\\/uploads\\\/2025\\\/12\\\/AddText_12-16-10.30.52.jpg\",\"width\":1220,\"height\":324,\"caption\":\"Sarmiento24h\"},\"image\":{\"@id\":\"https:\\\/\\\/sarmiento24h.com\\\/#\\\/schema\\\/logo\\\/image\\\/\"},\"sameAs\":[\"https:\\\/\\\/facebook.com\\\/s24hnoticias\",\"https:\\\/\\\/x.com\\\/sarmiento24h\"]},{\"@type\":\"Person\",\"@id\":\"https:\\\/\\\/sarmiento24h.com\\\/#\\\/schema\\\/person\\\/d653a59725ad629a7e0429af7b939d4d\",\"name\":\"sarmiento24h@gmail.com\",\"image\":{\"@type\":\"ImageObject\",\"inLanguage\":\"es\",\"@id\":\"https:\\\/\\\/sarmiento24h.com\\\/wp-content\\\/litespeed\\\/avatar\\\/d02cbc4e23c747e6659cd45907173c8f.jpg?ver=1788652516\",\"url\":\"https:\\\/\\\/sarmiento24h.com\\\/wp-content\\\/litespeed\\\/avatar\\\/d02cbc4e23c747e6659cd45907173c8f.jpg?ver=1788652516\",\"contentUrl\":\"https:\\\/\\\/sarmiento24h.com\\\/wp-content\\\/litespeed\\\/avatar\\\/d02cbc4e23c747e6659cd45907173c8f.jpg?ver=1788652516\",\"caption\":\"sarmiento24h@gmail.com\"},\"sameAs\":[\"https:\\\/\\\/sarmiento24h.com\"],\"url\":\"https:\\\/\\\/sarmiento24h.com\\\/?author=1\"}]}<\/script>\n<!-- \/ Yoast SEO plugin. -->","yoast_head_json":{"title":"Wellington Arnaud destaca liderazgo de Abinader al asumir presidencia del PRM - Sarmiento24h","robots":{"index":"index","follow":"follow","max-snippet":"max-snippet:-1","max-image-preview":"max-image-preview:large","max-video-preview":"max-video-preview:-1"},"canonical":"https:\/\/sarmiento24h.com\/?p=416520","og_locale":"es_ES","og_type":"article","og_title":"Wellington Arnaud destaca liderazgo de Abinader al asumir presidencia del PRM - Sarmiento24h","og_description":"Escuchar art\u00edculo Reproducir Pausar Detener Santo Domingo.\u2013&#46;&#46;&#46;","og_url":"https:\/\/sarmiento24h.com\/?p=416520","og_site_name":"Sarmiento24h","article_publisher":"https:\/\/facebook.com\/s24hnoticias","article_published_time":"2026-09-06T14:58:08+00:00","og_image":[{"url":"https:\/\/almomento.net\/wp-content\/uploads\/2026\/09\/wellington-arnaud-e1788703093612.jpg","type":"","width":"","height":""}],"author":"sarmiento24h@gmail.com","twitter_card":"summary_large_image","twitter_creator":"@sarmiento24h","twitter_site":"@sarmiento24h","twitter_misc":{"Escrito por":"sarmiento24h@gmail.com","Tiempo de lectura":"1 minuto"},"schema":{"@context":"https:\/\/schema.org","@graph":[{"@type":"Article","@id":"https:\/\/sarmiento24h.com\/?p=416520#article","isPartOf":{"@id":"https:\/\/sarmiento24h.com\/?p=416520"},"author":{"name":"sarmiento24h@gmail.com","@id":"https:\/\/sarmiento24h.com\/#\/schema\/person\/d653a59725ad629a7e0429af7b939d4d"},"headline":"Wellington Arnaud destaca liderazgo de Abinader al asumir presidencia del PRM","datePublished":"2026-09-06T14:58:08+00:00","mainEntityOfPage":{"@id":"https:\/\/sarmiento24h.com\/?p=416520"},"wordCount":268,"publisher":{"@id":"https:\/\/sarmiento24h.com\/#organization"},"image":{"@id":"https:\/\/sarmiento24h.com\/?p=416520#primaryimage"},"thumbnailUrl":"https:\/\/sarmiento24h.com\/wp-content\/uploads\/2026\/09\/wellington-arnaud-destaca-liderazgo-de-abinader-al-asumir-presidencia-del-prm.jpg","articleSection":["Politica"],"inLanguage":"es"},{"@type":"WebPage","@id":"https:\/\/sarmiento24h.com\/?p=416520","url":"https:\/\/sarmiento24h.com\/?p=416520","name":"Wellington Arnaud destaca liderazgo de Abinader al asumir presidencia del PRM - Sarmiento24h","isPartOf":{"@id":"https:\/\/sarmiento24h.com\/#website"},"primaryImageOfPage":{"@id":"https:\/\/sarmiento24h.com\/?p=416520#primaryimage"},"image":{"@id":"https:\/\/sarmiento24h.com\/?p=416520#primaryimage"},"thumbnailUrl":"https:\/\/sarmiento24h.com\/wp-content\/uploads\/2026\/09\/wellington-arnaud-destaca-liderazgo-de-abinader-al-asumir-presidencia-del-prm.jpg","datePublished":"2026-09-06T14:58:08+00:00","breadcrumb":{"@id":"https:\/\/sarmiento24h.com\/?p=416520#breadcrumb"},"inLanguage":"es","potentialAction":[{"@type":"ReadAction","target":["https:\/\/sarmiento24h.com\/?p=416520"]}]},{"@type":"ImageObject","inLanguage":"es","@id":"https:\/\/sarmiento24h.com\/?p=416520#primaryimage","url":"https:\/\/sarmiento24h.com\/wp-content\/uploads\/2026\/09\/wellington-arnaud-destaca-liderazgo-de-abinader-al-asumir-presidencia-del-prm.jpg","contentUrl":"https:\/\/sarmiento24h.com\/wp-content\/uploads\/2026\/09\/wellington-arnaud-destaca-liderazgo-de-abinader-al-asumir-presidencia-del-prm.jpg","width":700,"height":394},{"@type":"BreadcrumbList","@id":"https:\/\/sarmiento24h.com\/?p=416520#breadcrumb","itemListElement":[{"@type":"ListItem","position":1,"name":"Home","item":"https:\/\/sarmiento24h.com\/"},{"@type":"ListItem","position":2,"name":"Wellington Arnaud destaca liderazgo de Abinader al asumir presidencia del PRM"}]},{"@type":"WebSite","@id":"https:\/\/sarmiento24h.com\/#website","url":"https:\/\/sarmiento24h.com\/","name":"Sarmiento24h","description":"","publisher":{"@id":"https:\/\/sarmiento24h.com\/#organization"},"potentialAction":[{"@type":"SearchAction","target":{"@type":"EntryPoint","urlTemplate":"https:\/\/sarmiento24h.com\/?s={search_term_string}"},"query-input":{"@type":"PropertyValueSpecification","valueRequired":true,"valueName":"search_term_string"}}],"inLanguage":"es"},{"@type":"Organization","@id":"https:\/\/sarmiento24h.com\/#organization","name":"Sarmiento24h","url":"https:\/\/sarmiento24h.com\/","logo":{"@type":"ImageObject","inLanguage":"es","@id":"https:\/\/sarmiento24h.com\/#\/schema\/logo\/image\/","url":"https:\/\/sarmiento24h.com\/wp-content\/uploads\/2025\/12\/AddText_12-16-10.30.52.jpg","contentUrl":"https:\/\/sarmiento24h.com\/wp-content\/uploads\/2025\/12\/AddText_12-16-10.30.52.jpg","width":1220,"height":324,"caption":"Sarmiento24h"},"image":{"@id":"https:\/\/sarmiento24h.com\/#\/schema\/logo\/image\/"},"sameAs":["https:\/\/facebook.com\/s24hnoticias","https:\/\/x.com\/sarmiento24h"]},{"@type":"Person","@id":"https:\/\/sarmiento24h.com\/#\/schema\/person\/d653a59725ad629a7e0429af7b939d4d","name":"sarmiento24h@gmail.com","image":{"@type":"ImageObject","inLanguage":"es","@id":"https:\/\/sarmiento24h.com\/wp-content\/litespeed\/avatar\/d02cbc4e23c747e6659cd45907173c8f.jpg?ver=1788652516","url":"https:\/\/sarmiento24h.com\/wp-content\/litespeed\/avatar\/d02cbc4e23c747e6659cd45907173c8f.jpg?ver=1788652516","contentUrl":"https:\/\/sarmiento24h.com\/wp-content\/litespeed\/avatar\/d02cbc4e23c747e6659cd45907173c8f.jpg?ver=1788652516","caption":"sarmiento24h@gmail.com"},"sameAs":["https:\/\/sarmiento24h.com"],"url":"https:\/\/sarmiento24h.com\/?author=1"}]}},"jetpack_publicize_connections":[],"jetpack_featured_media_url":"https:\/\/sarmiento24h.com\/wp-content\/uploads\/2026\/09\/wellington-arnaud-destaca-liderazgo-de-abinader-al-asumir-presidencia-del-prm.jpg","jetpack_sharing_enabled":true,"_links":{"self":[{"href":"https:\/\/sarmiento24h.com\/index.php?rest_route=\/wp\/v2\/posts\/416520","targetHints":{"allow":["GET"]}}],"collection":[{"href":"https:\/\/sarmiento24h.com\/index.php?rest_route=\/wp\/v2\/posts"}],"about":[{"href":"https:\/\/sarmiento24h.com\/index.php?rest_route=\/wp\/v2\/types\/post"}],"author":[{"embeddable":true,"href":"https:\/\/sarmiento24h.com\/index.php?rest_route=\/wp\/v2\/users\/1"}],"replies":[{"embeddable":true,"href":"https:\/\/sarmiento24h.com\/index.php?rest_route=%2Fwp%2Fv2%2Fcomments&post=416520"}],"version-history":[{"count":0,"href":"https:\/\/sarmiento24h.com\/index.php?rest_route=\/wp\/v2\/posts\/416520\/revisions"}],"wp:featuredmedia":[{"embeddable":true,"href":"https:\/\/sarmiento24h.com\/index.php?rest_route=\/wp\/v2\/media\/416521"}],"wp:attachment":[{"href":"https:\/\/sarmiento24h.com\/index.php?rest_route=%2Fwp%2Fv2%2Fmedia&parent=416520"}],"wp:term":[{"taxonomy":"category","embeddable":true,"href":"https:\/\/sarmiento24h.com\/index.php?rest_route=%2Fwp%2Fv2%2Fcategories&post=416520"},{"taxonomy":"post_tag","embeddable":true,"href":"https:\/\/sarmiento24h.com\/index.php?rest_route=%2Fwp%2Fv2%2Ftags&post=416520"}],"curies":[{"name":"wp","href":"https:\/\/api.w.org\/{rel}","templated":true}]}}