{"id":416566,"date":"2026-09-06T16:08:43","date_gmt":"2026-09-06T16:08:43","guid":{"rendered":"http:\/\/31266bfa-a9ff-11f1-b85b-1bcdc4f00764"},"modified":"2026-09-06T16:08:43","modified_gmt":"2026-09-06T16:08:43","slug":"sajonia-anhalt-el-estado-aleman-que-podria-darle-una-historica-victoria-a-la-extrema-derecha","status":"publish","type":"post","link":"https:\/\/sarmiento24h.com\/?p=416566","title":{"rendered":"Sajonia-Anhalt, el estado alem\u00e1n que podr\u00eda darle una hist\u00f3rica victoria a la extrema derecha"},"content":{"rendered":"<p>\u00ab\u00a1Vamos a recuperar nuestro pa\u00eds, amigos!\u00bb. Con esas palabras, Ulrich Siegmund areng\u00f3 a un grupo de seguidores, que lo recibi\u00f3 entre aplausos y v\u00edtores a su llegada al centro de votaci\u00f3n&nbsp;en la tur\u00edstica poblaci\u00f3n de Tangerm\u00fcnde.<\/p>\n<p>El candidato a primer ministro del estado federado de Sajonia-Anhalt se ilusiona con llevar a Alternativa para <a href=\"https:\/\/www.france24.com\/es\/tag\/alemania\/\" target=\"_self\" class=\"gtm-add-suggested-tag\">Alemania<\/a> (AfD) a formar el primer gobierno de <a href=\"https:\/\/www.france24.com\/es\/tag\/extrema-derecha\/\" target=\"_self\" class=\"gtm-add-suggested-tag\">extrema derecha<\/a> a nivel estatal en el pa\u00eds desde la <a href=\"https:\/\/www.france24.com\/es\/tag\/segunda-guerra-mundial\/\" target=\"_self\" class=\"gtm-add-suggested-tag\">Segunda Guerra Mundial<\/a>.<\/p>\n<p>El innegable crecimiento del partido ultraderechista en Alemania ha tenido, hasta ahora, un techo: comandar el Ejecutivo de un&nbsp;<em>Land<\/em>, una aspiraci\u00f3n que depende de conseguir la mayor\u00eda absoluta porque, de otra forma, quedar\u00eda aislado por la negativa del resto de las fuerzas a integrarse a una coalici\u00f3n.<\/p>\n<p>De hecho, la AfD ya ha terminado en lo m\u00e1s alto de una elecci\u00f3n estatal, hace dos a\u00f1os en la vecina <a href=\"https:\/\/www.france24.com\/es\/tag\/turingia\/\" target=\"_self\" class=\"gtm-add-suggested-tag\">Turingia<\/a>, en el este de Alemania, pero no pudo formar gobierno, con la Uni\u00f3n Cristianodem\u00f3crata (CDU) de centro-derecha finalmente tomando el poder con una alianza en minor\u00eda.<\/p>\n<div class=\"m-em-image\">\n<figure class=\"m-item-image m-item-image--original m-item-image--has-caption\"> <picture class=\"a-picture a-picture--original\"><source type=\"image\/webp\" srcset=\"https:\/\/s.france24.com\/media\/display\/998e9542-aa03-11f1-95dc-005056bf30b7\/w:246\/FOTO-ALEMANIA-CANDIDATO-AFD-SAJONIA.webp 246w, https:\/\/s.france24.com\/media\/display\/998e9542-aa03-11f1-95dc-005056bf30b7\/w:388\/FOTO-ALEMANIA-CANDIDATO-AFD-SAJONIA.webp 388w, https:\/\/s.france24.com\/media\/display\/998e9542-aa03-11f1-95dc-005056bf30b7\/w:720\/FOTO-ALEMANIA-CANDIDATO-AFD-SAJONIA.webp 720w, https:\/\/s.france24.com\/media\/display\/998e9542-aa03-11f1-95dc-005056bf30b7\/w:980\/FOTO-ALEMANIA-CANDIDATO-AFD-SAJONIA.webp 980w\" sizes=\"(max-width: 1023px) calc(100vw - 32px), (min-width: 1024px) 850px\"><img fetchpriority=\"low\" decoding=\"async\" src=\"https:\/\/s.france24.com\/media\/display\/998e9542-aa03-11f1-95dc-005056bf30b7\/w:980\/FOTO-ALEMANIA-CANDIDATO-AFD-SAJONIA.jpg\" srcset=\"https:\/\/s.france24.com\/media\/display\/998e9542-aa03-11f1-95dc-005056bf30b7\/w:246\/FOTO-ALEMANIA-CANDIDATO-AFD-SAJONIA.jpg 246w, https:\/\/s.france24.com\/media\/display\/998e9542-aa03-11f1-95dc-005056bf30b7\/w:388\/FOTO-ALEMANIA-CANDIDATO-AFD-SAJONIA.jpg 388w, https:\/\/s.france24.com\/media\/display\/998e9542-aa03-11f1-95dc-005056bf30b7\/w:720\/FOTO-ALEMANIA-CANDIDATO-AFD-SAJONIA.jpg 720w, https:\/\/s.france24.com\/media\/display\/998e9542-aa03-11f1-95dc-005056bf30b7\/w:980\/FOTO-ALEMANIA-CANDIDATO-AFD-SAJONIA.jpg 980w\" sizes=\"(max-width: 1023px) calc(100vw - 32px), (min-width: 1024px) 850px\" alt=\"El candidato del partido de extrema derecha Alternativa para Alemania (AfD), Ulrich Siegmund, y su esposa Julia, emiten su voto en las elecciones estatales de Sajonia-Anhalt en un colegio electoral de Tangerm\u00fcnde, Alemania, el 6 de septiembre de 2026.\" loading=\"lazy\" class=\"a-img \">\n<\/picture><figcaption class=\"a-figcaption\"> El candidato del partido de extrema derecha Alternativa para Alemania (AfD), Ulrich Siegmund, y su esposa Julia, emiten su voto en las elecciones estatales de Sajonia-Anhalt en un colegio electoral de Tangerm\u00fcnde, Alemania, el 6 de septiembre de 2026. \u00a9 Fabrizio Bensch \/ Reuters <\/figcaption><\/figure>\n<\/p><\/div>\n<p>De todos modos, <strong>Siegmund tambi\u00e9n ha se\u00f1alado que solo est\u00e1 dispuesto a gobernar si la AfD obtiene esa mayor\u00eda absoluta,<\/strong> argumentando&nbsp;que es necesario romper con lo que considera un patr\u00f3n de partidos que incumplen sus promesas preelectorales.<\/p>\n<p>Las ilusiones del carism\u00e1tico pol\u00edtico de 35 a\u00f1os tienen de su lado unos sondeos que lo han ubicado en torno al 41% de los votos y su aparentemente f\u00e9rrea decisi\u00f3n persigue el objetivo de movilizar a los votantes descontentos con el Gobierno nacional de <a href=\"https:\/\/www.france24.com\/es\/tag\/friedrich-merz\/\" target=\"_self\" class=\"gtm-add-suggested-tag\">Friedrich Merz<\/a> y con su partido CDU, que gobierna en Sajonia-Anhalt desde hace 24 a\u00f1os.<\/p>\n<p>Aunque el porcentaje exacto para constituir una mayor\u00eda absoluta depender\u00e1 de cu\u00e1ntos partidos superen el umbral m\u00ednimo del 5% necesario para entrar al Parlamento \u2013dise\u00f1ado, en parte, para dificultar que una sola fuerza gobierne en solitario\u2013, Siegmund se ha trazado la meta de alcanzar o superar el 45% de los sufragios.<\/p>\n<h2><strong>Un \u00abcaso seguro de extremismo\u00bb, con el foco en medidas contra la inmigraci\u00f3n<\/strong><\/h2>\n<p>La rama de Sajonia-Anhalt de la AfD es considerada una de las m\u00e1s radicales de la formaci\u00f3n que, tras 13 a\u00f1os de existencia, persigue una hist\u00f3rica victoria para catapultar sus aspiraciones de cara a la pr\u00f3xima elecci\u00f3n federal en 2029.<\/p>\n<p>Aunque los servicios secretos alemanes han calificado a la AfD de ser un&nbsp;<a href=\"https:\/\/www.france24.com\/es\/europa\/20250503-alemania-qu\u00e9-implica-la-clasificaci\u00f3n-de-afd-como-un-caso-seguro-de-extremismo-de-derechasu\" target=\"_self\">\u00abcaso seguro de extremismo de derechas\u00bb<\/a>, su popularidad no ha hecho m\u00e1s que crecer entre los habitantes de ese estado, en el que la AfD obtuvo su primera alcald\u00eda en 2023, con la victoria en el peque\u00f1o municipio de Raguhn-Jessnitz.<\/p>\n<p>En este estado de la antigua Alemania Oriental comunista, la extrema derecha ha sabido capitalizar el sentimiento arraigado de muchos de sus habitantes de ser hist\u00f3ricamente relegados por las \u00e9lites pol\u00edticas de la parte occidental desde la reunificaci\u00f3n del pa\u00eds en 1990.<\/p>\n<p>Si bien en muchos \u00edndices el desarrollo del este de Alemania se ha equiparado al del resto del pa\u00eds, el descontento prevalece en buena parte de los 2,14 millones de habitantes de Sajonia-Anhalt, la mayor\u00eda de los cuales vive en peque\u00f1as localidades o zonas rurales, con apenas dos ciudades por encima de los 100.000 residentes: la capital <a href=\"https:\/\/www.france24.com\/es\/tag\/magdeburgo\/\" target=\"_self\" class=\"gtm-add-suggested-tag\">Magdeburgo<\/a> (245.000) y Halle (226.000).<\/p>\n<div class=\"m-em-image\">\n<figure class=\"m-item-image m-item-image--original m-item-image--has-caption\"> <picture class=\"a-picture a-picture--original\"><source type=\"image\/webp\" srcset=\"https:\/\/s.france24.com\/media\/display\/e959480a-a9fa-11f1-a2d9-005056a90284\/w:246\/AP26249378012710.webp 246w, https:\/\/s.france24.com\/media\/display\/e959480a-a9fa-11f1-a2d9-005056a90284\/w:388\/AP26249378012710.webp 388w, https:\/\/s.france24.com\/media\/display\/e959480a-a9fa-11f1-a2d9-005056a90284\/w:720\/AP26249378012710.webp 720w, https:\/\/s.france24.com\/media\/display\/e959480a-a9fa-11f1-a2d9-005056a90284\/w:980\/AP26249378012710.webp 980w\" sizes=\"(max-width: 1023px) calc(100vw - 32px), (min-width: 1024px) 850px\"><img fetchpriority=\"low\" decoding=\"async\" src=\"https:\/\/s.france24.com\/media\/display\/e959480a-a9fa-11f1-a2d9-005056a90284\/w:980\/AP26249378012710.jpg\" srcset=\"https:\/\/s.france24.com\/media\/display\/e959480a-a9fa-11f1-a2d9-005056a90284\/w:246\/AP26249378012710.jpg 246w, https:\/\/s.france24.com\/media\/display\/e959480a-a9fa-11f1-a2d9-005056a90284\/w:388\/AP26249378012710.jpg 388w, https:\/\/s.france24.com\/media\/display\/e959480a-a9fa-11f1-a2d9-005056a90284\/w:720\/AP26249378012710.jpg 720w, https:\/\/s.france24.com\/media\/display\/e959480a-a9fa-11f1-a2d9-005056a90284\/w:980\/AP26249378012710.jpg 980w\" sizes=\"(max-width: 1023px) calc(100vw - 32px), (min-width: 1024px) 850px\" alt=\"Ulrich Siegmund, t\u00eate de liste du parti \u00ab Alternative pour l'Allemagne \u00bb (AfD), arrive avec son \u00e9pouse Julia au guidon d'une petite moto Schwalbe pour voter dans un bureau de vote \u00e0 l'occasion des \u00e9le\" loading=\"lazy\" class=\"a-img \">\n<\/picture><figcaption class=\"a-figcaption\"> Ulrich Siegmund, candidato principal del partido Alternativa para Alemania (AfD), llega con su esposa Julia en una peque\u00f1a motocicleta Schwalbe para votar en un colegio electoral para las elecciones regionales de Sajonia-Anhalt en Tangerm\u00fcnde, al este de Alemania, el 6 de septiembre de 2026. \u00a9 Matthias Schrader \/ AP <\/figcaption><\/figure>\n<\/p><\/div>\n<p>Siegmund ha buscado capitalizar la nostalgia por un pasado com\u00fan y por los rasgos identitarios del este alem\u00e1n con la utilizaci\u00f3n de un scooter azul Schwalbe de la marca Simson, conocido como &#8216;la Vespa de Alemania Oriental&#8217;, un modelo que perdura 35 a\u00f1os despu\u00e9s de la reunificaci\u00f3n.<\/p>\n<p>A bordo de ese veh\u00edculo lleg\u00f3 a votar este domingo en&nbsp;Tangerm\u00fcnde y en \u00e9l prometi\u00f3 trasladarse hasta la oficina del primer ministro, si es elegido.<\/p>\n<p>Ante votantes y curiosos, Siegmund destac\u00f3 lo que califico de \u00abun esp\u00edritu de optimismo y esperanza\u00bb y \u00abde renovaci\u00f3n, de impulso hacia adelante\u00bb, sensaciones que, seg\u00fan \u00e9l, no se ven hace tiempo en Alemania y son lo que necesita el pa\u00eds.<\/p>\n<p>Asimismo, prometi\u00f3 \u00abcerrar las brechas que nos separan\u00bb en Alemania entre este y oeste, y entre las diferentes ideolog\u00edas. \u00abDebemos volver a estar unidos. Es incre\u00edblemente importante. Y este d\u00eda comienza aqu\u00ed y ahora, el 6 de septiembre, en Sajonia-Anhalt\u00bb, sentenci\u00f3.<\/p>\n<blockquote class=\"quote\" readability=\"5\">\n<p>\u00abNo podemos avergonzarnos siempre de nuestra historia. No tenemos ninguna culpa de ella\u00bb<\/p>\n<\/blockquote>\n<p>Fuera de discursos y simbolismos, <strong>Siegmund ha prometido, entre otras medidas, una \u00abofensiva de deportaciones y remigraci\u00f3n\u00bb<\/strong> \u2013es decir, la expulsi\u00f3n de personas con antecedentes migratorios\u2013 y una ayuda econ\u00f3mica por nacimiento para los ni\u00f1os que tengan al menos uno de sus progenitores con pasaporte alem\u00e1n.<\/p>\n<p><strong>Tambi\u00e9n ha indicado que impulsar\u00e1 la prohibici\u00f3n de las banderas arcoiris del orgullo LGBTQ en las escuelas p\u00fablicas y el fin de los nuevos parques e\u00f3licos.<\/strong><\/p>\n<p>Adem\u00e1s, propone otras reformas en la educaci\u00f3n que expertos han catalogado de peligrosas porque, entre otras cosas, buscan <strong>minimizar la relevancia del estudio del nazismo en las escuelas.<\/strong> \u00abNo podemos avergonzarnos siempre de nuestra historia. No tenemos ninguna culpa de ella\u00bb, afirm\u00f3 durante el debate del 3 de septiembre en la televisi\u00f3n p\u00fablica ZDF.<\/p>\n<p><a href=\"https:\/\/www.zdfheute.de\/politik\/deutschland\/sachsen-anhalt-wahl-2026-bildung-schule-afd-inklusion-cdu-wahlprogramm-100.html\" target=\"_blank\">Su potencial reforma educativa<\/a> defiende, asimismo, que se elimine el aprendizaje conjunto de ni\u00f1os con y sin discapacidad, que los refugiados y <a href=\"https:\/\/www.france24.com\/es\/tag\/migrantes\/\" target=\"_self\" class=\"gtm-add-suggested-tag\">migrantes<\/a> sin conocimientos suficientes del idioma sean segregados en clases separadas o que se reintroduzca la recomendaci\u00f3n vinculante de trayectoria escolar despu\u00e9s de la escuela primaria, para determinar qu\u00e9 colegio secundario se adapta mejor al nivel y el rendimiento del alumno.<\/p>\n<p class=\"a-read-more\"><span class=\"a-read-more__label\">Leer tambi\u00e9n<\/span><a href=\"https:\/\/www.france24.com\/es\/europa\/20250503-alemania-qu\u00e9-implica-la-clasificaci\u00f3n-de-afd-como-un-caso-seguro-de-extremismo-de-derechasu\" target=\"_self\" class=\"a-read-more__link\">Alemania: \u00bfqu\u00e9 implica la clasificaci\u00f3n de AfD como un \u00abcaso seguro de extremismo de derechas\u00bb?<\/a><\/p>\n<h2><strong>La CDU se aferra a que una alta participaci\u00f3n le beneficie<\/strong><\/h2>\n<p>Si la AfD no consigue una mayor\u00eda absoluta, la CDU se perfila para mantener el poder bajo el liderazgo del actual primer ministro estatal <strong>Sven Schulze,<\/strong> aunque la formaci\u00f3n de un gobierno estable asoma como una tarea complicada.<\/p>\n<p>Segundo en las encuestas con alrededor de un 23% de la intenci\u00f3n de voto, la CDU apuesta a aislar a la AfD, formando un <em>&#8216;brandmauer&#8217;<\/em>, un cortafuegos con otras fuerzas pol\u00edticas para evitar el ascenso de la extrema derecha.<\/p>\n<p>Actualmente, Schulze comanda un Ejecutivo integrado por la CDU,&nbsp;el Partido Socialdem\u00f3crata (SPD) y los liberales del FDP. Sin embargo, de acuerdo con los sondeos, esta \u00faltima formaci\u00f3n quedar\u00eda fuera del Parlamento regional por no superar el l\u00edmite del 5%.<\/p>\n<div class=\"m-em-image\">\n<figure class=\"m-item-image m-item-image--original m-item-image--has-caption\"> <picture class=\"a-picture a-picture--original\"><source type=\"image\/webp\" srcset=\"https:\/\/s.france24.com\/media\/display\/f1744446-aa03-11f1-aa1b-005056a90284\/w:246\/FOTO-ALEMANIA-CANDIDATO-CDU-SAJONIA.webp 246w, https:\/\/s.france24.com\/media\/display\/f1744446-aa03-11f1-aa1b-005056a90284\/w:388\/FOTO-ALEMANIA-CANDIDATO-CDU-SAJONIA.webp 388w, https:\/\/s.france24.com\/media\/display\/f1744446-aa03-11f1-aa1b-005056a90284\/w:720\/FOTO-ALEMANIA-CANDIDATO-CDU-SAJONIA.webp 720w, https:\/\/s.france24.com\/media\/display\/f1744446-aa03-11f1-aa1b-005056a90284\/w:980\/FOTO-ALEMANIA-CANDIDATO-CDU-SAJONIA.webp 980w\" sizes=\"(max-width: 1023px) calc(100vw - 32px), (min-width: 1024px) 850px\"><img fetchpriority=\"low\" decoding=\"async\" src=\"https:\/\/s.france24.com\/media\/display\/f1744446-aa03-11f1-aa1b-005056a90284\/w:980\/FOTO-ALEMANIA-CANDIDATO-CDU-SAJONIA.jpg\" srcset=\"https:\/\/s.france24.com\/media\/display\/f1744446-aa03-11f1-aa1b-005056a90284\/w:246\/FOTO-ALEMANIA-CANDIDATO-CDU-SAJONIA.jpg 246w, https:\/\/s.france24.com\/media\/display\/f1744446-aa03-11f1-aa1b-005056a90284\/w:388\/FOTO-ALEMANIA-CANDIDATO-CDU-SAJONIA.jpg 388w, https:\/\/s.france24.com\/media\/display\/f1744446-aa03-11f1-aa1b-005056a90284\/w:720\/FOTO-ALEMANIA-CANDIDATO-CDU-SAJONIA.jpg 720w, https:\/\/s.france24.com\/media\/display\/f1744446-aa03-11f1-aa1b-005056a90284\/w:980\/FOTO-ALEMANIA-CANDIDATO-CDU-SAJONIA.jpg 980w\" sizes=\"(max-width: 1023px) calc(100vw - 32px), (min-width: 1024px) 850px\" alt=\"El primer ministro del estado de Sajonia-Anhalt y principal candidato de la Uni\u00f3n Dem\u00f3crata Cristiana (CDU), Sven Schulze, emite su voto en las elecciones estatales de Sajonia-Anhalt en Magdeburgo, Alemania, el 6 de septiembre de 2026.\" loading=\"lazy\" class=\"a-img \">\n<\/picture><figcaption class=\"a-figcaption\"> El primer ministro del estado de Sajonia-Anhalt y principal candidato de la Uni\u00f3n Dem\u00f3crata Cristiana (CDU), Sven Schulze, emite su voto en las elecciones estatales de Sajonia-Anhalt en Magdeburgo, Alemania, el 6 de septiembre de 2026. \u00a9 Christian Mang \/ Reuters <\/figcaption><\/figure>\n<\/p><\/div>\n<p><strong>Tanto las opciones de la AfD de conseguir una mayor\u00eda absoluta como las del CDU de formar una coalici\u00f3n propia estar\u00e1n determinadas por los partidos que consigan cruzar ese umbral.<\/strong><\/p>\n<p>Y es que en tercer lugar en la intenci\u00f3n de voto aparece La Izquierda, con alrededor del 11% de los apoyos, una formaci\u00f3n con la que el CDU ha rechazado aliarse, seg\u00fan lo dispuesto por el congreso del partido en 2018.<\/p>\n<p>As\u00ed, la f\u00f3rmula m\u00e1s viable para la CDU ser\u00eda formar una coalici\u00f3n con el SPD (4\u00ba en las encuestas, con un 8%) y Los Verdes (5\u00ba, con 6%), aunque tampoco tendr\u00eda una mayor\u00eda absoluta de esca\u00f1os, por lo que depender\u00eda de alg\u00fan tipo de respaldo t\u00e1cito o puntual de La Izquierda para gobernar en minor\u00eda.<\/p>\n<p>Estos c\u00e1lculos, sin embargo, cuentan con la incertidumbre del desempe\u00f1o de la BSW, una formaci\u00f3n de izquierda radical y antiinmigraci\u00f3n liderada por Sahra Wagenknecht, que ha rechazado contribuir a la reelecci\u00f3n de Schulze y no ha descartado un apoyo a la AfD. De todos modos, los pron\u00f3sticos sugieren que no lograr\u00eda entrar al Parlamento.<\/p>\n<p class=\"a-read-more\"><span class=\"a-read-more__label\">Leer tambi\u00e9n<\/span><a href=\"https:\/\/www.france24.com\/es\/europa\/20260906-alemania-miles-de-personas-se-manifiestan-antes-de-unas-elecciones-que-se-ven-favorables-a-la-ultraderecha\" target=\"_self\" class=\"a-read-more__link\">Alemania: miles de personas se manifiestan antes de unas elecciones que se ven favorables a la ultraderecha<\/a><\/p>\n<p>En las dif\u00edciles matem\u00e1ticas, la CDU se aferra a verse beneficiado por una alta participaci\u00f3n, que, en el primer corte entregado por las autoridades electorales estatales, superaba con creces la registrada en los comicios de 2021: al mediod\u00eda hab\u00edan votado 34,72% de los votantes elegibles, en comparaci\u00f3n con el 22,4% registrado en la anterior elecci\u00f3n.<\/p>\n<p>Tras emitir su sufragio en Magdeburgo, Schulze dese\u00f3 \u00abpoder celebrar una alta participaci\u00f3n hoy\u00bb y anticip\u00f3 que \u00abel resultado final probablemente no se conocer\u00e1 hasta muy tarde, debido a la enorme participaci\u00f3n en el voto por correo, que tambi\u00e9n deber\u00e1 ser contabilizado\u00bb.<\/p>\n<p>El l\u00edder regional de la CDU reconoci\u00f3 que \u00abha sido un per\u00edodo dif\u00edcil\u00bb y \u00abrealmente agotador, tanto f\u00edsica como mentalmente, m\u00e1s que en cualquier otra campa\u00f1a electoral en Sajonia-Anhalt\u00bb, pero subray\u00f3 que aguarda \u00abcon ilusi\u00f3n\u00bb el resultado que \u00abahora, depende del pueblo\u00bb.<\/p>\n<p>Con Reuters, AP y EFE<\/p>\n","protected":false},"excerpt":{"rendered":"<p>\u00ab\u00a1Vamos a recuperar nuestro pa\u00eds, amigos!\u00bb. Con&#46;&#46;&#46;<\/p>\n","protected":false},"author":1,"featured_media":416567,"comment_status":"closed","ping_status":"closed","sticky":false,"template":"","format":"standard","meta":{"_jetpack_newsletter_access":"","_jetpack_dont_email_post_to_subs":false,"_jetpack_newsletter_tier_id":0,"_jetpack_memberships_contains_paywalled_content":false,"_jetpack_feature_clip_id":0,"_jetpack_memberships_contains_paid_content":false,"footnotes":"","jetpack_publicize_message":"","jetpack_publicize_feature_enabled":true,"jetpack_social_post_already_shared":true,"jetpack_social_options":{"image_generator_settings":{"template":"highway","default_image_id":0,"font":"","enabled":false},"version":2},"jetpack_post_was_ever_published":false},"categories":[43],"tags":[],"class_list":["post-416566","post","type-post","status-publish","format-standard","has-post-thumbnail","hentry","category-internacionales"],"yoast_head":"<!-- This site is optimized with the Yoast SEO plugin v28.1 - https:\/\/yoast.com\/product\/yoast-seo-wordpress\/ -->\n<title>Sajonia-Anhalt, el estado alem\u00e1n que podr\u00eda darle una hist\u00f3rica victoria a la extrema derecha - Sarmiento24h<\/title>\n<meta name=\"robots\" content=\"index, follow, max-snippet:-1, max-image-preview:large, max-video-preview:-1\" \/>\n<link rel=\"canonical\" href=\"https:\/\/sarmiento24h.com\/?p=416566\" \/>\n<meta property=\"og:locale\" content=\"es_ES\" \/>\n<meta property=\"og:type\" content=\"article\" \/>\n<meta property=\"og:title\" content=\"Sajonia-Anhalt, el estado alem\u00e1n que podr\u00eda darle una hist\u00f3rica victoria a la extrema derecha - Sarmiento24h\" \/>\n<meta property=\"og:description\" content=\"\u00ab\u00a1Vamos a recuperar nuestro pa\u00eds, amigos!\u00bb. Con&#046;&#046;&#046;\" \/>\n<meta property=\"og:url\" content=\"https:\/\/sarmiento24h.com\/?p=416566\" \/>\n<meta property=\"og:site_name\" content=\"Sarmiento24h\" \/>\n<meta property=\"article:publisher\" content=\"https:\/\/facebook.com\/s24hnoticias\" \/>\n<meta property=\"article:published_time\" content=\"2026-09-06T16:08:43+00:00\" \/>\n<meta property=\"og:image\" content=\"https:\/\/s.france24.com\/media\/display\/998e9542-aa03-11f1-95dc-005056bf30b7\/w:980\/FOTO-ALEMANIA-CANDIDATO-AFD-SAJONIA.jpg\" \/>\n<meta name=\"author\" content=\"sarmiento24h@gmail.com\" \/>\n<meta name=\"twitter:card\" content=\"summary_large_image\" \/>\n<meta name=\"twitter:creator\" content=\"@sarmiento24h\" \/>\n<meta name=\"twitter:site\" content=\"@sarmiento24h\" \/>\n<meta name=\"twitter:label1\" content=\"Escrito por\" \/>\n\t<meta name=\"twitter:data1\" content=\"sarmiento24h@gmail.com\" \/>\n\t<meta name=\"twitter:label2\" content=\"Tiempo de lectura\" \/>\n\t<meta name=\"twitter:data2\" content=\"8 minutos\" \/>\n<script type=\"application\/ld+json\" class=\"yoast-schema-graph\">{\"@context\":\"https:\\\/\\\/schema.org\",\"@graph\":[{\"@type\":\"Article\",\"@id\":\"https:\\\/\\\/sarmiento24h.com\\\/?p=416566#article\",\"isPartOf\":{\"@id\":\"https:\\\/\\\/sarmiento24h.com\\\/?p=416566\"},\"author\":{\"name\":\"sarmiento24h@gmail.com\",\"@id\":\"https:\\\/\\\/sarmiento24h.com\\\/#\\\/schema\\\/person\\\/d653a59725ad629a7e0429af7b939d4d\"},\"headline\":\"Sajonia-Anhalt, el estado alem\u00e1n que podr\u00eda darle una hist\u00f3rica victoria a la extrema derecha\",\"datePublished\":\"2026-09-06T16:08:43+00:00\",\"mainEntityOfPage\":{\"@id\":\"https:\\\/\\\/sarmiento24h.com\\\/?p=416566\"},\"wordCount\":1629,\"publisher\":{\"@id\":\"https:\\\/\\\/sarmiento24h.com\\\/#organization\"},\"image\":{\"@id\":\"https:\\\/\\\/sarmiento24h.com\\\/?p=416566#primaryimage\"},\"thumbnailUrl\":\"https:\\\/\\\/sarmiento24h.com\\\/wp-content\\\/uploads\\\/2026\\\/09\\\/sajonia-anhalt-el-estado-aleman-que-podria-darle-una-historica-victoria-a-la-extrema-derecha.jpg\",\"articleSection\":[\"Internacionales\"],\"inLanguage\":\"es\"},{\"@type\":\"WebPage\",\"@id\":\"https:\\\/\\\/sarmiento24h.com\\\/?p=416566\",\"url\":\"https:\\\/\\\/sarmiento24h.com\\\/?p=416566\",\"name\":\"Sajonia-Anhalt, el estado alem\u00e1n que podr\u00eda darle una hist\u00f3rica victoria a la extrema derecha - Sarmiento24h\",\"isPartOf\":{\"@id\":\"https:\\\/\\\/sarmiento24h.com\\\/#website\"},\"primaryImageOfPage\":{\"@id\":\"https:\\\/\\\/sarmiento24h.com\\\/?p=416566#primaryimage\"},\"image\":{\"@id\":\"https:\\\/\\\/sarmiento24h.com\\\/?p=416566#primaryimage\"},\"thumbnailUrl\":\"https:\\\/\\\/sarmiento24h.com\\\/wp-content\\\/uploads\\\/2026\\\/09\\\/sajonia-anhalt-el-estado-aleman-que-podria-darle-una-historica-victoria-a-la-extrema-derecha.jpg\",\"datePublished\":\"2026-09-06T16:08:43+00:00\",\"breadcrumb\":{\"@id\":\"https:\\\/\\\/sarmiento24h.com\\\/?p=416566#breadcrumb\"},\"inLanguage\":\"es\",\"potentialAction\":[{\"@type\":\"ReadAction\",\"target\":[\"https:\\\/\\\/sarmiento24h.com\\\/?p=416566\"]}]},{\"@type\":\"ImageObject\",\"inLanguage\":\"es\",\"@id\":\"https:\\\/\\\/sarmiento24h.com\\\/?p=416566#primaryimage\",\"url\":\"https:\\\/\\\/sarmiento24h.com\\\/wp-content\\\/uploads\\\/2026\\\/09\\\/sajonia-anhalt-el-estado-aleman-que-podria-darle-una-historica-victoria-a-la-extrema-derecha.jpg\",\"contentUrl\":\"https:\\\/\\\/sarmiento24h.com\\\/wp-content\\\/uploads\\\/2026\\\/09\\\/sajonia-anhalt-el-estado-aleman-que-podria-darle-una-historica-victoria-a-la-extrema-derecha.jpg\",\"width\":980,\"height\":552},{\"@type\":\"BreadcrumbList\",\"@id\":\"https:\\\/\\\/sarmiento24h.com\\\/?p=416566#breadcrumb\",\"itemListElement\":[{\"@type\":\"ListItem\",\"position\":1,\"name\":\"Home\",\"item\":\"https:\\\/\\\/sarmiento24h.com\\\/\"},{\"@type\":\"ListItem\",\"position\":2,\"name\":\"Sajonia-Anhalt, el estado alem\u00e1n que podr\u00eda darle una hist\u00f3rica victoria a la extrema derecha\"}]},{\"@type\":\"WebSite\",\"@id\":\"https:\\\/\\\/sarmiento24h.com\\\/#website\",\"url\":\"https:\\\/\\\/sarmiento24h.com\\\/\",\"name\":\"Sarmiento24h\",\"description\":\"\",\"publisher\":{\"@id\":\"https:\\\/\\\/sarmiento24h.com\\\/#organization\"},\"potentialAction\":[{\"@type\":\"SearchAction\",\"target\":{\"@type\":\"EntryPoint\",\"urlTemplate\":\"https:\\\/\\\/sarmiento24h.com\\\/?s={search_term_string}\"},\"query-input\":{\"@type\":\"PropertyValueSpecification\",\"valueRequired\":true,\"valueName\":\"search_term_string\"}}],\"inLanguage\":\"es\"},{\"@type\":\"Organization\",\"@id\":\"https:\\\/\\\/sarmiento24h.com\\\/#organization\",\"name\":\"Sarmiento24h\",\"url\":\"https:\\\/\\\/sarmiento24h.com\\\/\",\"logo\":{\"@type\":\"ImageObject\",\"inLanguage\":\"es\",\"@id\":\"https:\\\/\\\/sarmiento24h.com\\\/#\\\/schema\\\/logo\\\/image\\\/\",\"url\":\"https:\\\/\\\/sarmiento24h.com\\\/wp-content\\\/uploads\\\/2025\\\/12\\\/AddText_12-16-10.30.52.jpg\",\"contentUrl\":\"https:\\\/\\\/sarmiento24h.com\\\/wp-content\\\/uploads\\\/2025\\\/12\\\/AddText_12-16-10.30.52.jpg\",\"width\":1220,\"height\":324,\"caption\":\"Sarmiento24h\"},\"image\":{\"@id\":\"https:\\\/\\\/sarmiento24h.com\\\/#\\\/schema\\\/logo\\\/image\\\/\"},\"sameAs\":[\"https:\\\/\\\/facebook.com\\\/s24hnoticias\",\"https:\\\/\\\/x.com\\\/sarmiento24h\"]},{\"@type\":\"Person\",\"@id\":\"https:\\\/\\\/sarmiento24h.com\\\/#\\\/schema\\\/person\\\/d653a59725ad629a7e0429af7b939d4d\",\"name\":\"sarmiento24h@gmail.com\",\"image\":{\"@type\":\"ImageObject\",\"inLanguage\":\"es\",\"@id\":\"https:\\\/\\\/sarmiento24h.com\\\/wp-content\\\/litespeed\\\/avatar\\\/d02cbc4e23c747e6659cd45907173c8f.jpg?ver=1788652516\",\"url\":\"https:\\\/\\\/sarmiento24h.com\\\/wp-content\\\/litespeed\\\/avatar\\\/d02cbc4e23c747e6659cd45907173c8f.jpg?ver=1788652516\",\"contentUrl\":\"https:\\\/\\\/sarmiento24h.com\\\/wp-content\\\/litespeed\\\/avatar\\\/d02cbc4e23c747e6659cd45907173c8f.jpg?ver=1788652516\",\"caption\":\"sarmiento24h@gmail.com\"},\"sameAs\":[\"https:\\\/\\\/sarmiento24h.com\"],\"url\":\"https:\\\/\\\/sarmiento24h.com\\\/?author=1\"}]}<\/script>\n<!-- \/ Yoast SEO plugin. -->","yoast_head_json":{"title":"Sajonia-Anhalt, el estado alem\u00e1n que podr\u00eda darle una hist\u00f3rica victoria a la extrema derecha - Sarmiento24h","robots":{"index":"index","follow":"follow","max-snippet":"max-snippet:-1","max-image-preview":"max-image-preview:large","max-video-preview":"max-video-preview:-1"},"canonical":"https:\/\/sarmiento24h.com\/?p=416566","og_locale":"es_ES","og_type":"article","og_title":"Sajonia-Anhalt, el estado alem\u00e1n que podr\u00eda darle una hist\u00f3rica victoria a la extrema derecha - Sarmiento24h","og_description":"\u00ab\u00a1Vamos a recuperar nuestro pa\u00eds, amigos!\u00bb. Con&#46;&#46;&#46;","og_url":"https:\/\/sarmiento24h.com\/?p=416566","og_site_name":"Sarmiento24h","article_publisher":"https:\/\/facebook.com\/s24hnoticias","article_published_time":"2026-09-06T16:08:43+00:00","og_image":[{"url":"https:\/\/s.france24.com\/media\/display\/998e9542-aa03-11f1-95dc-005056bf30b7\/w:980\/FOTO-ALEMANIA-CANDIDATO-AFD-SAJONIA.jpg","type":"","width":"","height":""}],"author":"sarmiento24h@gmail.com","twitter_card":"summary_large_image","twitter_creator":"@sarmiento24h","twitter_site":"@sarmiento24h","twitter_misc":{"Escrito por":"sarmiento24h@gmail.com","Tiempo de lectura":"8 minutos"},"schema":{"@context":"https:\/\/schema.org","@graph":[{"@type":"Article","@id":"https:\/\/sarmiento24h.com\/?p=416566#article","isPartOf":{"@id":"https:\/\/sarmiento24h.com\/?p=416566"},"author":{"name":"sarmiento24h@gmail.com","@id":"https:\/\/sarmiento24h.com\/#\/schema\/person\/d653a59725ad629a7e0429af7b939d4d"},"headline":"Sajonia-Anhalt, el estado alem\u00e1n que podr\u00eda darle una hist\u00f3rica victoria a la extrema derecha","datePublished":"2026-09-06T16:08:43+00:00","mainEntityOfPage":{"@id":"https:\/\/sarmiento24h.com\/?p=416566"},"wordCount":1629,"publisher":{"@id":"https:\/\/sarmiento24h.com\/#organization"},"image":{"@id":"https:\/\/sarmiento24h.com\/?p=416566#primaryimage"},"thumbnailUrl":"https:\/\/sarmiento24h.com\/wp-content\/uploads\/2026\/09\/sajonia-anhalt-el-estado-aleman-que-podria-darle-una-historica-victoria-a-la-extrema-derecha.jpg","articleSection":["Internacionales"],"inLanguage":"es"},{"@type":"WebPage","@id":"https:\/\/sarmiento24h.com\/?p=416566","url":"https:\/\/sarmiento24h.com\/?p=416566","name":"Sajonia-Anhalt, el estado alem\u00e1n que podr\u00eda darle una hist\u00f3rica victoria a la extrema derecha - Sarmiento24h","isPartOf":{"@id":"https:\/\/sarmiento24h.com\/#website"},"primaryImageOfPage":{"@id":"https:\/\/sarmiento24h.com\/?p=416566#primaryimage"},"image":{"@id":"https:\/\/sarmiento24h.com\/?p=416566#primaryimage"},"thumbnailUrl":"https:\/\/sarmiento24h.com\/wp-content\/uploads\/2026\/09\/sajonia-anhalt-el-estado-aleman-que-podria-darle-una-historica-victoria-a-la-extrema-derecha.jpg","datePublished":"2026-09-06T16:08:43+00:00","breadcrumb":{"@id":"https:\/\/sarmiento24h.com\/?p=416566#breadcrumb"},"inLanguage":"es","potentialAction":[{"@type":"ReadAction","target":["https:\/\/sarmiento24h.com\/?p=416566"]}]},{"@type":"ImageObject","inLanguage":"es","@id":"https:\/\/sarmiento24h.com\/?p=416566#primaryimage","url":"https:\/\/sarmiento24h.com\/wp-content\/uploads\/2026\/09\/sajonia-anhalt-el-estado-aleman-que-podria-darle-una-historica-victoria-a-la-extrema-derecha.jpg","contentUrl":"https:\/\/sarmiento24h.com\/wp-content\/uploads\/2026\/09\/sajonia-anhalt-el-estado-aleman-que-podria-darle-una-historica-victoria-a-la-extrema-derecha.jpg","width":980,"height":552},{"@type":"BreadcrumbList","@id":"https:\/\/sarmiento24h.com\/?p=416566#breadcrumb","itemListElement":[{"@type":"ListItem","position":1,"name":"Home","item":"https:\/\/sarmiento24h.com\/"},{"@type":"ListItem","position":2,"name":"Sajonia-Anhalt, el estado alem\u00e1n que podr\u00eda darle una hist\u00f3rica victoria a la extrema derecha"}]},{"@type":"WebSite","@id":"https:\/\/sarmiento24h.com\/#website","url":"https:\/\/sarmiento24h.com\/","name":"Sarmiento24h","description":"","publisher":{"@id":"https:\/\/sarmiento24h.com\/#organization"},"potentialAction":[{"@type":"SearchAction","target":{"@type":"EntryPoint","urlTemplate":"https:\/\/sarmiento24h.com\/?s={search_term_string}"},"query-input":{"@type":"PropertyValueSpecification","valueRequired":true,"valueName":"search_term_string"}}],"inLanguage":"es"},{"@type":"Organization","@id":"https:\/\/sarmiento24h.com\/#organization","name":"Sarmiento24h","url":"https:\/\/sarmiento24h.com\/","logo":{"@type":"ImageObject","inLanguage":"es","@id":"https:\/\/sarmiento24h.com\/#\/schema\/logo\/image\/","url":"https:\/\/sarmiento24h.com\/wp-content\/uploads\/2025\/12\/AddText_12-16-10.30.52.jpg","contentUrl":"https:\/\/sarmiento24h.com\/wp-content\/uploads\/2025\/12\/AddText_12-16-10.30.52.jpg","width":1220,"height":324,"caption":"Sarmiento24h"},"image":{"@id":"https:\/\/sarmiento24h.com\/#\/schema\/logo\/image\/"},"sameAs":["https:\/\/facebook.com\/s24hnoticias","https:\/\/x.com\/sarmiento24h"]},{"@type":"Person","@id":"https:\/\/sarmiento24h.com\/#\/schema\/person\/d653a59725ad629a7e0429af7b939d4d","name":"sarmiento24h@gmail.com","image":{"@type":"ImageObject","inLanguage":"es","@id":"https:\/\/sarmiento24h.com\/wp-content\/litespeed\/avatar\/d02cbc4e23c747e6659cd45907173c8f.jpg?ver=1788652516","url":"https:\/\/sarmiento24h.com\/wp-content\/litespeed\/avatar\/d02cbc4e23c747e6659cd45907173c8f.jpg?ver=1788652516","contentUrl":"https:\/\/sarmiento24h.com\/wp-content\/litespeed\/avatar\/d02cbc4e23c747e6659cd45907173c8f.jpg?ver=1788652516","caption":"sarmiento24h@gmail.com"},"sameAs":["https:\/\/sarmiento24h.com"],"url":"https:\/\/sarmiento24h.com\/?author=1"}]}},"jetpack_publicize_connections":[],"jetpack_featured_media_url":"https:\/\/sarmiento24h.com\/wp-content\/uploads\/2026\/09\/sajonia-anhalt-el-estado-aleman-que-podria-darle-una-historica-victoria-a-la-extrema-derecha.jpg","jetpack_sharing_enabled":true,"_links":{"self":[{"href":"https:\/\/sarmiento24h.com\/index.php?rest_route=\/wp\/v2\/posts\/416566","targetHints":{"allow":["GET"]}}],"collection":[{"href":"https:\/\/sarmiento24h.com\/index.php?rest_route=\/wp\/v2\/posts"}],"about":[{"href":"https:\/\/sarmiento24h.com\/index.php?rest_route=\/wp\/v2\/types\/post"}],"author":[{"embeddable":true,"href":"https:\/\/sarmiento24h.com\/index.php?rest_route=\/wp\/v2\/users\/1"}],"replies":[{"embeddable":true,"href":"https:\/\/sarmiento24h.com\/index.php?rest_route=%2Fwp%2Fv2%2Fcomments&post=416566"}],"version-history":[{"count":0,"href":"https:\/\/sarmiento24h.com\/index.php?rest_route=\/wp\/v2\/posts\/416566\/revisions"}],"wp:featuredmedia":[{"embeddable":true,"href":"https:\/\/sarmiento24h.com\/index.php?rest_route=\/wp\/v2\/media\/416567"}],"wp:attachment":[{"href":"https:\/\/sarmiento24h.com\/index.php?rest_route=%2Fwp%2Fv2%2Fmedia&parent=416566"}],"wp:term":[{"taxonomy":"category","embeddable":true,"href":"https:\/\/sarmiento24h.com\/index.php?rest_route=%2Fwp%2Fv2%2Fcategories&post=416566"},{"taxonomy":"post_tag","embeddable":true,"href":"https:\/\/sarmiento24h.com\/index.php?rest_route=%2Fwp%2Fv2%2Ftags&post=416566"}],"curies":[{"name":"wp","href":"https:\/\/api.w.org\/{rel}","templated":true}]}}