{"id":416642,"date":"2026-09-06T16:47:38","date_gmt":"2026-09-06T16:47:38","guid":{"rendered":"https:\/\/diariodigitalrd.com\/?p=717801"},"modified":"2026-09-06T16:47:38","modified_gmt":"2026-09-06T16:47:38","slug":"abinader-asume-este-domingo-la-presidencia-del-prm","status":"publish","type":"post","link":"https:\/\/sarmiento24h.com\/?p=416642","title":{"rendered":"Abinader asume este domingo la presidencia del PRM"},"content":{"rendered":"<h2 class=\"wp-block-heading\"><strong>El mandatario encabeza una nueva etapa del partido oficialista<\/strong><\/h2>\n<p class=\"has-drop-cap has-medium-font-size wp-block-paragraph\"><strong>Santo Domingo, RD.<\/strong>\u2013 El presidente Luis Abinader lleg\u00f3 la ma\u00f1ana de este domingo a la sede del Club San Carlos, en el Distrito Nacional, donde encabeza el acto de juramentaci\u00f3n de las nuevas autoridades del Partido Revolucionario Moderno (PRM) y asume formalmente la presidencia de la organizaci\u00f3n oficialista.<\/p>\n<figure class=\"wp-block-image size-large\"><img loading=\"lazy\" decoding=\"async\" width=\"1024\" height=\"576\" src=\"https:\/\/diariodigitalrd.b-cdn.net\/2026\/09\/IMG_6142-1024x576.jpeg\" alt class=\"wp-image-717809\" srcset=\"https:\/\/diariodigitalrd.b-cdn.net\/2026\/09\/IMG_6142-1024x576.jpeg 1024w, https:\/\/diariodigitalrd.b-cdn.net\/2026\/09\/IMG_6142-300x169.jpeg 300w, https:\/\/diariodigitalrd.b-cdn.net\/2026\/09\/IMG_6142-768x432.jpeg 768w, https:\/\/diariodigitalrd.b-cdn.net\/2026\/09\/IMG_6142-384x216.jpeg 384w, https:\/\/diariodigitalrd.b-cdn.net\/2026\/09\/IMG_6142-1200x675.jpeg 1200w, https:\/\/diariodigitalrd.b-cdn.net\/2026\/09\/IMG_6142.jpeg 1366w\" sizes=\"auto, (max-width: 1024px) 100vw, 1024px\"><\/figure>\n<p class=\"wp-block-paragraph\">El mandatario arrib\u00f3 al lugar acompa\u00f1ado de la vicepresidenta Raquel Pe\u00f1a, en una actividad que marca el inicio de una nueva etapa en la estructura partidaria y coloca directamente al jefe de Estado al frente de la principal fuerza pol\u00edtica del pa\u00eds.<\/p>\n<p class=\"wp-block-paragraph\">Junto a Abinader asumir\u00e1n Juan Garrig\u00f3 Mej\u00eda, como secretario general, y Gloria Reyes, como secretaria de organizaci\u00f3n. Garrig\u00f3 Mej\u00eda renunci\u00f3 recientemente a sus funciones como viceministro para concentrarse en las responsabilidades dentro del partido.<\/p>\n<p class=\"wp-block-paragraph\">La llegada del presidente a la direcci\u00f3n del PRM se produce en momentos en que la organizaci\u00f3n comienza a mirar hacia el pr\u00f3ximo ciclo electoral y deber\u00e1 preparar, adem\u00e1s de la candidatura presidencial, las boletas para los niveles congresual y municipal.<\/p>\n<p class=\"wp-block-paragraph\">Fundado el 9 de septiembre de 2014, tras la crisis que provoc\u00f3 la divisi\u00f3n del Partido Revolucionario Dominicano (PRD), el PRM ha pasado en poco m\u00e1s de una d\u00e9cada de ser una organizaci\u00f3n reci\u00e9n creada a controlar el Poder Ejecutivo y convertirse en la principal fuerza electoral del pa\u00eds.<\/p>\n<p class=\"wp-block-paragraph\">En 2016, apenas dos a\u00f1os despu\u00e9s de su fundaci\u00f3n, llev\u00f3 a Luis Abinader como candidato presidencial y a Carolina Mej\u00eda como vicepresidenta, alcanzando 1,613,222 votos, equivalentes al 34.98 % de los sufragios v\u00e1lidos.<\/p>\n<p class=\"wp-block-paragraph\">Posteriormente, en 2018, Jos\u00e9 Ignacio Paliza asumi\u00f3 la presidencia del partido y Carolina Mej\u00eda la secretar\u00eda general. Dos a\u00f1os despu\u00e9s, en 2020, Abinader llev\u00f3 al PRM al Gobierno por primera vez.<\/p>\n<p class=\"wp-block-paragraph\">La organizaci\u00f3n consolid\u00f3 su dominio electoral en 2024 mediante una coalici\u00f3n de 22 partidos, con la que logr\u00f3 imponerse en los principales niveles de elecci\u00f3n.<\/p>\n<p class=\"wp-block-paragraph\">Ahora, al asumir directamente la presidencia del PRM, Abinader enfrenta el desaf\u00edo de mantener cohesionada la organizaci\u00f3n mientras conduce el Gobierno y prepara al partido para las pr\u00f3ximas elecciones.<\/p>\n<p class=\"wp-block-paragraph\">La juramentaci\u00f3n de las nuevas autoridades est\u00e1 pautada para este domingo a partir de las 9:00 de la ma\u00f1ana en el Club San Carlos.<\/p>\n","protected":false},"excerpt":{"rendered":"<p>El mandatario encabeza una nueva etapa del&#46;&#46;&#46;<\/p>\n","protected":false},"author":1,"featured_media":416643,"comment_status":"closed","ping_status":"closed","sticky":false,"template":"","format":"standard","meta":{"_jetpack_newsletter_access":"","_jetpack_dont_email_post_to_subs":false,"_jetpack_newsletter_tier_id":0,"_jetpack_memberships_contains_paywalled_content":false,"_jetpack_feature_clip_id":0,"_jetpack_memberships_contains_paid_content":false,"footnotes":"","jetpack_publicize_message":"","jetpack_publicize_feature_enabled":true,"jetpack_social_post_already_shared":true,"jetpack_social_options":{"image_generator_settings":{"template":"highway","default_image_id":0,"font":"","enabled":false},"version":2},"jetpack_post_was_ever_published":false},"categories":[61],"tags":[],"class_list":["post-416642","post","type-post","status-publish","format-standard","has-post-thumbnail","hentry","category-politica"],"yoast_head":"<!-- This site is optimized with the Yoast SEO plugin v28.1 - https:\/\/yoast.com\/product\/yoast-seo-wordpress\/ -->\n<title>Abinader asume este domingo la presidencia del PRM - Sarmiento24h<\/title>\n<meta name=\"robots\" content=\"index, follow, max-snippet:-1, max-image-preview:large, max-video-preview:-1\" \/>\n<link rel=\"canonical\" href=\"https:\/\/sarmiento24h.com\/?p=416642\" \/>\n<meta property=\"og:locale\" content=\"es_ES\" \/>\n<meta property=\"og:type\" content=\"article\" \/>\n<meta property=\"og:title\" content=\"Abinader asume este domingo la presidencia del PRM - Sarmiento24h\" \/>\n<meta property=\"og:description\" content=\"El mandatario encabeza una nueva etapa del&#046;&#046;&#046;\" \/>\n<meta property=\"og:url\" content=\"https:\/\/sarmiento24h.com\/?p=416642\" \/>\n<meta property=\"og:site_name\" content=\"Sarmiento24h\" \/>\n<meta property=\"article:publisher\" content=\"https:\/\/facebook.com\/s24hnoticias\" \/>\n<meta property=\"article:published_time\" content=\"2026-09-06T16:47:38+00:00\" \/>\n<meta name=\"author\" content=\"sarmiento24h@gmail.com\" \/>\n<meta name=\"twitter:card\" content=\"summary_large_image\" \/>\n<meta name=\"twitter:creator\" content=\"@sarmiento24h\" \/>\n<meta name=\"twitter:site\" content=\"@sarmiento24h\" \/>\n<meta name=\"twitter:label1\" content=\"Escrito por\" \/>\n\t<meta name=\"twitter:data1\" content=\"sarmiento24h@gmail.com\" \/>\n\t<meta name=\"twitter:label2\" content=\"Tiempo de lectura\" \/>\n\t<meta name=\"twitter:data2\" content=\"2 minutos\" \/>\n<script type=\"application\/ld+json\" class=\"yoast-schema-graph\">{\"@context\":\"https:\\\/\\\/schema.org\",\"@graph\":[{\"@type\":\"Article\",\"@id\":\"https:\\\/\\\/sarmiento24h.com\\\/?p=416642#article\",\"isPartOf\":{\"@id\":\"https:\\\/\\\/sarmiento24h.com\\\/?p=416642\"},\"author\":{\"name\":\"sarmiento24h@gmail.com\",\"@id\":\"https:\\\/\\\/sarmiento24h.com\\\/#\\\/schema\\\/person\\\/d653a59725ad629a7e0429af7b939d4d\"},\"headline\":\"Abinader asume este domingo la presidencia del PRM\",\"datePublished\":\"2026-09-06T16:47:38+00:00\",\"mainEntityOfPage\":{\"@id\":\"https:\\\/\\\/sarmiento24h.com\\\/?p=416642\"},\"wordCount\":400,\"publisher\":{\"@id\":\"https:\\\/\\\/sarmiento24h.com\\\/#organization\"},\"image\":{\"@id\":\"https:\\\/\\\/sarmiento24h.com\\\/?p=416642#primaryimage\"},\"thumbnailUrl\":\"https:\\\/\\\/sarmiento24h.com\\\/wp-content\\\/uploads\\\/2026\\\/09\\\/abinader-asume-este-domingo-la-presidencia-del-prm.jpg\",\"articleSection\":[\"Politica\"],\"inLanguage\":\"es\"},{\"@type\":\"WebPage\",\"@id\":\"https:\\\/\\\/sarmiento24h.com\\\/?p=416642\",\"url\":\"https:\\\/\\\/sarmiento24h.com\\\/?p=416642\",\"name\":\"Abinader asume este domingo la presidencia del PRM - Sarmiento24h\",\"isPartOf\":{\"@id\":\"https:\\\/\\\/sarmiento24h.com\\\/#website\"},\"primaryImageOfPage\":{\"@id\":\"https:\\\/\\\/sarmiento24h.com\\\/?p=416642#primaryimage\"},\"image\":{\"@id\":\"https:\\\/\\\/sarmiento24h.com\\\/?p=416642#primaryimage\"},\"thumbnailUrl\":\"https:\\\/\\\/sarmiento24h.com\\\/wp-content\\\/uploads\\\/2026\\\/09\\\/abinader-asume-este-domingo-la-presidencia-del-prm.jpg\",\"datePublished\":\"2026-09-06T16:47:38+00:00\",\"breadcrumb\":{\"@id\":\"https:\\\/\\\/sarmiento24h.com\\\/?p=416642#breadcrumb\"},\"inLanguage\":\"es\",\"potentialAction\":[{\"@type\":\"ReadAction\",\"target\":[\"https:\\\/\\\/sarmiento24h.com\\\/?p=416642\"]}]},{\"@type\":\"ImageObject\",\"inLanguage\":\"es\",\"@id\":\"https:\\\/\\\/sarmiento24h.com\\\/?p=416642#primaryimage\",\"url\":\"https:\\\/\\\/sarmiento24h.com\\\/wp-content\\\/uploads\\\/2026\\\/09\\\/abinader-asume-este-domingo-la-presidencia-del-prm.jpg\",\"contentUrl\":\"https:\\\/\\\/sarmiento24h.com\\\/wp-content\\\/uploads\\\/2026\\\/09\\\/abinader-asume-este-domingo-la-presidencia-del-prm.jpg\",\"width\":1024,\"height\":576},{\"@type\":\"BreadcrumbList\",\"@id\":\"https:\\\/\\\/sarmiento24h.com\\\/?p=416642#breadcrumb\",\"itemListElement\":[{\"@type\":\"ListItem\",\"position\":1,\"name\":\"Home\",\"item\":\"https:\\\/\\\/sarmiento24h.com\\\/\"},{\"@type\":\"ListItem\",\"position\":2,\"name\":\"Abinader asume este domingo la presidencia del PRM\"}]},{\"@type\":\"WebSite\",\"@id\":\"https:\\\/\\\/sarmiento24h.com\\\/#website\",\"url\":\"https:\\\/\\\/sarmiento24h.com\\\/\",\"name\":\"Sarmiento24h\",\"description\":\"\",\"publisher\":{\"@id\":\"https:\\\/\\\/sarmiento24h.com\\\/#organization\"},\"potentialAction\":[{\"@type\":\"SearchAction\",\"target\":{\"@type\":\"EntryPoint\",\"urlTemplate\":\"https:\\\/\\\/sarmiento24h.com\\\/?s={search_term_string}\"},\"query-input\":{\"@type\":\"PropertyValueSpecification\",\"valueRequired\":true,\"valueName\":\"search_term_string\"}}],\"inLanguage\":\"es\"},{\"@type\":\"Organization\",\"@id\":\"https:\\\/\\\/sarmiento24h.com\\\/#organization\",\"name\":\"Sarmiento24h\",\"url\":\"https:\\\/\\\/sarmiento24h.com\\\/\",\"logo\":{\"@type\":\"ImageObject\",\"inLanguage\":\"es\",\"@id\":\"https:\\\/\\\/sarmiento24h.com\\\/#\\\/schema\\\/logo\\\/image\\\/\",\"url\":\"https:\\\/\\\/sarmiento24h.com\\\/wp-content\\\/uploads\\\/2025\\\/12\\\/AddText_12-16-10.30.52.jpg\",\"contentUrl\":\"https:\\\/\\\/sarmiento24h.com\\\/wp-content\\\/uploads\\\/2025\\\/12\\\/AddText_12-16-10.30.52.jpg\",\"width\":1220,\"height\":324,\"caption\":\"Sarmiento24h\"},\"image\":{\"@id\":\"https:\\\/\\\/sarmiento24h.com\\\/#\\\/schema\\\/logo\\\/image\\\/\"},\"sameAs\":[\"https:\\\/\\\/facebook.com\\\/s24hnoticias\",\"https:\\\/\\\/x.com\\\/sarmiento24h\"]},{\"@type\":\"Person\",\"@id\":\"https:\\\/\\\/sarmiento24h.com\\\/#\\\/schema\\\/person\\\/d653a59725ad629a7e0429af7b939d4d\",\"name\":\"sarmiento24h@gmail.com\",\"image\":{\"@type\":\"ImageObject\",\"inLanguage\":\"es\",\"@id\":\"https:\\\/\\\/sarmiento24h.com\\\/wp-content\\\/litespeed\\\/avatar\\\/d02cbc4e23c747e6659cd45907173c8f.jpg?ver=1788652516\",\"url\":\"https:\\\/\\\/sarmiento24h.com\\\/wp-content\\\/litespeed\\\/avatar\\\/d02cbc4e23c747e6659cd45907173c8f.jpg?ver=1788652516\",\"contentUrl\":\"https:\\\/\\\/sarmiento24h.com\\\/wp-content\\\/litespeed\\\/avatar\\\/d02cbc4e23c747e6659cd45907173c8f.jpg?ver=1788652516\",\"caption\":\"sarmiento24h@gmail.com\"},\"sameAs\":[\"https:\\\/\\\/sarmiento24h.com\"],\"url\":\"https:\\\/\\\/sarmiento24h.com\\\/?author=1\"}]}<\/script>\n<!-- \/ Yoast SEO plugin. -->","yoast_head_json":{"title":"Abinader asume este domingo la presidencia del PRM - Sarmiento24h","robots":{"index":"index","follow":"follow","max-snippet":"max-snippet:-1","max-image-preview":"max-image-preview:large","max-video-preview":"max-video-preview:-1"},"canonical":"https:\/\/sarmiento24h.com\/?p=416642","og_locale":"es_ES","og_type":"article","og_title":"Abinader asume este domingo la presidencia del PRM - Sarmiento24h","og_description":"El mandatario encabeza una nueva etapa del&#46;&#46;&#46;","og_url":"https:\/\/sarmiento24h.com\/?p=416642","og_site_name":"Sarmiento24h","article_publisher":"https:\/\/facebook.com\/s24hnoticias","article_published_time":"2026-09-06T16:47:38+00:00","author":"sarmiento24h@gmail.com","twitter_card":"summary_large_image","twitter_creator":"@sarmiento24h","twitter_site":"@sarmiento24h","twitter_misc":{"Escrito por":"sarmiento24h@gmail.com","Tiempo de lectura":"2 minutos"},"schema":{"@context":"https:\/\/schema.org","@graph":[{"@type":"Article","@id":"https:\/\/sarmiento24h.com\/?p=416642#article","isPartOf":{"@id":"https:\/\/sarmiento24h.com\/?p=416642"},"author":{"name":"sarmiento24h@gmail.com","@id":"https:\/\/sarmiento24h.com\/#\/schema\/person\/d653a59725ad629a7e0429af7b939d4d"},"headline":"Abinader asume este domingo la presidencia del PRM","datePublished":"2026-09-06T16:47:38+00:00","mainEntityOfPage":{"@id":"https:\/\/sarmiento24h.com\/?p=416642"},"wordCount":400,"publisher":{"@id":"https:\/\/sarmiento24h.com\/#organization"},"image":{"@id":"https:\/\/sarmiento24h.com\/?p=416642#primaryimage"},"thumbnailUrl":"https:\/\/sarmiento24h.com\/wp-content\/uploads\/2026\/09\/abinader-asume-este-domingo-la-presidencia-del-prm.jpg","articleSection":["Politica"],"inLanguage":"es"},{"@type":"WebPage","@id":"https:\/\/sarmiento24h.com\/?p=416642","url":"https:\/\/sarmiento24h.com\/?p=416642","name":"Abinader asume este domingo la presidencia del PRM - Sarmiento24h","isPartOf":{"@id":"https:\/\/sarmiento24h.com\/#website"},"primaryImageOfPage":{"@id":"https:\/\/sarmiento24h.com\/?p=416642#primaryimage"},"image":{"@id":"https:\/\/sarmiento24h.com\/?p=416642#primaryimage"},"thumbnailUrl":"https:\/\/sarmiento24h.com\/wp-content\/uploads\/2026\/09\/abinader-asume-este-domingo-la-presidencia-del-prm.jpg","datePublished":"2026-09-06T16:47:38+00:00","breadcrumb":{"@id":"https:\/\/sarmiento24h.com\/?p=416642#breadcrumb"},"inLanguage":"es","potentialAction":[{"@type":"ReadAction","target":["https:\/\/sarmiento24h.com\/?p=416642"]}]},{"@type":"ImageObject","inLanguage":"es","@id":"https:\/\/sarmiento24h.com\/?p=416642#primaryimage","url":"https:\/\/sarmiento24h.com\/wp-content\/uploads\/2026\/09\/abinader-asume-este-domingo-la-presidencia-del-prm.jpg","contentUrl":"https:\/\/sarmiento24h.com\/wp-content\/uploads\/2026\/09\/abinader-asume-este-domingo-la-presidencia-del-prm.jpg","width":1024,"height":576},{"@type":"BreadcrumbList","@id":"https:\/\/sarmiento24h.com\/?p=416642#breadcrumb","itemListElement":[{"@type":"ListItem","position":1,"name":"Home","item":"https:\/\/sarmiento24h.com\/"},{"@type":"ListItem","position":2,"name":"Abinader asume este domingo la presidencia del PRM"}]},{"@type":"WebSite","@id":"https:\/\/sarmiento24h.com\/#website","url":"https:\/\/sarmiento24h.com\/","name":"Sarmiento24h","description":"","publisher":{"@id":"https:\/\/sarmiento24h.com\/#organization"},"potentialAction":[{"@type":"SearchAction","target":{"@type":"EntryPoint","urlTemplate":"https:\/\/sarmiento24h.com\/?s={search_term_string}"},"query-input":{"@type":"PropertyValueSpecification","valueRequired":true,"valueName":"search_term_string"}}],"inLanguage":"es"},{"@type":"Organization","@id":"https:\/\/sarmiento24h.com\/#organization","name":"Sarmiento24h","url":"https:\/\/sarmiento24h.com\/","logo":{"@type":"ImageObject","inLanguage":"es","@id":"https:\/\/sarmiento24h.com\/#\/schema\/logo\/image\/","url":"https:\/\/sarmiento24h.com\/wp-content\/uploads\/2025\/12\/AddText_12-16-10.30.52.jpg","contentUrl":"https:\/\/sarmiento24h.com\/wp-content\/uploads\/2025\/12\/AddText_12-16-10.30.52.jpg","width":1220,"height":324,"caption":"Sarmiento24h"},"image":{"@id":"https:\/\/sarmiento24h.com\/#\/schema\/logo\/image\/"},"sameAs":["https:\/\/facebook.com\/s24hnoticias","https:\/\/x.com\/sarmiento24h"]},{"@type":"Person","@id":"https:\/\/sarmiento24h.com\/#\/schema\/person\/d653a59725ad629a7e0429af7b939d4d","name":"sarmiento24h@gmail.com","image":{"@type":"ImageObject","inLanguage":"es","@id":"https:\/\/sarmiento24h.com\/wp-content\/litespeed\/avatar\/d02cbc4e23c747e6659cd45907173c8f.jpg?ver=1788652516","url":"https:\/\/sarmiento24h.com\/wp-content\/litespeed\/avatar\/d02cbc4e23c747e6659cd45907173c8f.jpg?ver=1788652516","contentUrl":"https:\/\/sarmiento24h.com\/wp-content\/litespeed\/avatar\/d02cbc4e23c747e6659cd45907173c8f.jpg?ver=1788652516","caption":"sarmiento24h@gmail.com"},"sameAs":["https:\/\/sarmiento24h.com"],"url":"https:\/\/sarmiento24h.com\/?author=1"}]}},"jetpack_publicize_connections":[],"jetpack_featured_media_url":"https:\/\/sarmiento24h.com\/wp-content\/uploads\/2026\/09\/abinader-asume-este-domingo-la-presidencia-del-prm.jpg","jetpack_sharing_enabled":true,"_links":{"self":[{"href":"https:\/\/sarmiento24h.com\/index.php?rest_route=\/wp\/v2\/posts\/416642","targetHints":{"allow":["GET"]}}],"collection":[{"href":"https:\/\/sarmiento24h.com\/index.php?rest_route=\/wp\/v2\/posts"}],"about":[{"href":"https:\/\/sarmiento24h.com\/index.php?rest_route=\/wp\/v2\/types\/post"}],"author":[{"embeddable":true,"href":"https:\/\/sarmiento24h.com\/index.php?rest_route=\/wp\/v2\/users\/1"}],"replies":[{"embeddable":true,"href":"https:\/\/sarmiento24h.com\/index.php?rest_route=%2Fwp%2Fv2%2Fcomments&post=416642"}],"version-history":[{"count":0,"href":"https:\/\/sarmiento24h.com\/index.php?rest_route=\/wp\/v2\/posts\/416642\/revisions"}],"wp:featuredmedia":[{"embeddable":true,"href":"https:\/\/sarmiento24h.com\/index.php?rest_route=\/wp\/v2\/media\/416643"}],"wp:attachment":[{"href":"https:\/\/sarmiento24h.com\/index.php?rest_route=%2Fwp%2Fv2%2Fmedia&parent=416642"}],"wp:term":[{"taxonomy":"category","embeddable":true,"href":"https:\/\/sarmiento24h.com\/index.php?rest_route=%2Fwp%2Fv2%2Fcategories&post=416642"},{"taxonomy":"post_tag","embeddable":true,"href":"https:\/\/sarmiento24h.com\/index.php?rest_route=%2Fwp%2Fv2%2Ftags&post=416642"}],"curies":[{"name":"wp","href":"https:\/\/api.w.org\/{rel}","templated":true}]}}