{"id":416720,"date":"2026-09-06T18:21:45","date_gmt":"2026-09-06T18:21:45","guid":{"rendered":"http:\/\/ec35e09e-aa1b-11f1-b69c-b19d7ae43e3b"},"modified":"2026-09-06T18:21:45","modified_gmt":"2026-09-06T18:21:45","slug":"el-partido-ultraderechista-afd-se-encamina-a-la-victoria-de-unas-elecciones-clave-en-alemania","status":"publish","type":"post","link":"https:\/\/sarmiento24h.com\/?p=416720","title":{"rendered":"El partido ultraderechista AfD se encamina a la victoria de unas elecciones clave en Alemania"},"content":{"rendered":"<p>La AfD de extrema derecha ocupa el primer puesto en las elecciones regionales de Sajonia-Anhalt celebradas este domingo, seg\u00fan las encuestas a pie de urna realizadas tras el cierre de las urnas.<\/p>\n<p>Sin embargo, no est\u00e1 claro si podr\u00eda formar gobierno en solitario.<\/p>\n<p>De acuerdo con los primeros resultados, la AfD obtiene el 44,5 % de los votos, mientras que los conservadores del canciller Friedrich Merz se sit\u00faan en el 18,5 %. Por su parte, los socialdem\u00f3cratas, de centroizquierda, y los Verdes ecologistas superaron el umbral m\u00ednimo para entrar en el Parlamento, seg\u00fan mostr\u00f3 una encuesta a pie de urna de la cadena \u2018ARD\u2019.<\/p>\n<p>La copresidenta del partido, <strong>Alice Weidel, <\/strong>celebr\u00f3 un resultado \u201chist\u00f3rico\u201d que hab\u00eda otorgado a su bancada un claro mandato para gobernar.<\/p>\n<p>Pero si la AfD no puede gobernar en solitario, podr\u00eda desencadenarse un prolongado proceso de formaci\u00f3n de coaliciones por parte de los partidos mayoritarios, decididos a mantener fuera del poder a un movimiento pol\u00edtico investigado por extremismo de extrema derecha por el servicio de inteligencia interior alem\u00e1n.<\/p>\n<div class=\"m-em-image\">\n<figure class=\"m-item-image m-item-image--original m-item-image--has-caption\"> <picture class=\"a-picture a-picture--original\"><source type=\"image\/webp\" srcset=\"https:\/\/s.france24.com\/media\/display\/32740c3e-aa1c-11f1-b897-005056bfb2b6\/w:246\/2026-09-06T164303Z-744256215-RC2SDNA2BDQ5-RTRMADP-3-GERMANY-ELECTION-SAXONY-ANHALT-AFD.webp 246w, https:\/\/s.france24.com\/media\/display\/32740c3e-aa1c-11f1-b897-005056bfb2b6\/w:388\/2026-09-06T164303Z-744256215-RC2SDNA2BDQ5-RTRMADP-3-GERMANY-ELECTION-SAXONY-ANHALT-AFD.webp 388w, https:\/\/s.france24.com\/media\/display\/32740c3e-aa1c-11f1-b897-005056bfb2b6\/w:720\/2026-09-06T164303Z-744256215-RC2SDNA2BDQ5-RTRMADP-3-GERMANY-ELECTION-SAXONY-ANHALT-AFD.webp 720w, https:\/\/s.france24.com\/media\/display\/32740c3e-aa1c-11f1-b897-005056bfb2b6\/w:980\/2026-09-06T164303Z-744256215-RC2SDNA2BDQ5-RTRMADP-3-GERMANY-ELECTION-SAXONY-ANHALT-AFD.webp 980w\" sizes=\"(max-width: 1023px) calc(100vw - 32px), (min-width: 1024px) 850px\"><img fetchpriority=\"low\" decoding=\"async\" src=\"https:\/\/s.france24.com\/media\/display\/32740c3e-aa1c-11f1-b897-005056bfb2b6\/w:980\/2026-09-06T164303Z-744256215-RC2SDNA2BDQ5-RTRMADP-3-GERMANY-ELECTION-SAXONY-ANHALT-AFD.jpg\" srcset=\"https:\/\/s.france24.com\/media\/display\/32740c3e-aa1c-11f1-b897-005056bfb2b6\/w:246\/2026-09-06T164303Z-744256215-RC2SDNA2BDQ5-RTRMADP-3-GERMANY-ELECTION-SAXONY-ANHALT-AFD.jpg 246w, https:\/\/s.france24.com\/media\/display\/32740c3e-aa1c-11f1-b897-005056bfb2b6\/w:388\/2026-09-06T164303Z-744256215-RC2SDNA2BDQ5-RTRMADP-3-GERMANY-ELECTION-SAXONY-ANHALT-AFD.jpg 388w, https:\/\/s.france24.com\/media\/display\/32740c3e-aa1c-11f1-b897-005056bfb2b6\/w:720\/2026-09-06T164303Z-744256215-RC2SDNA2BDQ5-RTRMADP-3-GERMANY-ELECTION-SAXONY-ANHALT-AFD.jpg 720w, https:\/\/s.france24.com\/media\/display\/32740c3e-aa1c-11f1-b897-005056bfb2b6\/w:980\/2026-09-06T164303Z-744256215-RC2SDNA2BDQ5-RTRMADP-3-GERMANY-ELECTION-SAXONY-ANHALT-AFD.jpg 980w\" sizes=\"(max-width: 1023px) calc(100vw - 32px), (min-width: 1024px) 850px\" alt=\"Simpatizantes del partido ultraderechista Alternativa para Alemania (AfD) celebran tras el cierre de las urnas en las elecciones estatales de Sajonia-Anhalt, en Magdeburgo, Alemania, el 6 de septiembre de 2026.\" loading=\"lazy\" class=\"a-img \">\n<\/picture><figcaption class=\"a-figcaption\"> Simpatizantes del partido ultraderechista Alternativa para Alemania (AfD) celebran tras el cierre de las urnas en las elecciones estatales de Sajonia-Anhalt, en Magdeburgo, Alemania, el 6 de septiembre de 2026. \u00a9 Reuters\/Thilo Schmuelgen <\/figcaption><\/figure>\n<\/p><\/div>\n<p>La Alianza Sahra Wagenknecht (BSW), de populismo de izquierdas y posible socio de coalici\u00f3n de la AfD, tambi\u00e9n podr\u00eda superar el umbral electoral.<\/p>\n<p>Aunque los partidos de extrema derecha han ganado terreno en otras partes de Europa, el pasado nazi de Alemania ha contribuido a que los partidos mayoritarios se muestren reacios a cooperar con la AfD, que aboga por una l\u00ednea dura en materia de inmigraci\u00f3n y por estrechar los lazos con Rusia.<\/p>\n<p>La AfD, liderada en Sajonia-Anhalt por <strong>Ulrich Siegmund,<\/strong> de 35 a\u00f1os, considera que las acusaciones de extremismo son alarmismo y un insulto a sus millones de seguidores.<\/p>\n<p>El resultado de este domingo supone tambi\u00e9n otro golpe a la autoridad del canciller alem\u00e1n, <strong>Friedrich Merz,<\/strong> cuya popularidad ha deca\u00eddo mientras su Gobierno de coalici\u00f3n lucha por reactivar el crecimiento en la mayor econom\u00eda de Europa.<\/p>\n<blockquote class=\"quote\" readability=\"5\">\n<p>&nbsp;\u201cLa vida es mejor sin nazis\u201d<\/p>\n<\/blockquote>\n<p>Un primer gobierno regional de la AfD supondr\u00eda una conmoci\u00f3n para muchos en Alemania, un pa\u00eds que se ha esforzado por dejar atr\u00e1s su oscura historia de la Segunda Guerra Mundial y el Holocausto y que, hasta ahora, ha mantenido a raya a los partidos extremistas mediante una pol\u00edtica conocida como el \u201ccortafuegos\u201d.<\/p>\n<div class=\"m-em-image\">\n<figure class=\"m-item-image m-item-image--original m-item-image--has-caption\"> <picture class=\"a-picture a-picture--original\"><source type=\"image\/webp\" srcset=\"https:\/\/s.france24.com\/media\/display\/acf885d4-aa1c-11f1-9299-005056a97e36\/w:246\/2026-09-06T135559Z-1511652403-RC2PDNAXWYP9-RTRMADP-3-GERMANY-ELECTION-SAXONY-ANHALT-PROTEST.webp 246w, https:\/\/s.france24.com\/media\/display\/acf885d4-aa1c-11f1-9299-005056a97e36\/w:388\/2026-09-06T135559Z-1511652403-RC2PDNAXWYP9-RTRMADP-3-GERMANY-ELECTION-SAXONY-ANHALT-PROTEST.webp 388w, https:\/\/s.france24.com\/media\/display\/acf885d4-aa1c-11f1-9299-005056a97e36\/w:720\/2026-09-06T135559Z-1511652403-RC2PDNAXWYP9-RTRMADP-3-GERMANY-ELECTION-SAXONY-ANHALT-PROTEST.webp 720w, https:\/\/s.france24.com\/media\/display\/acf885d4-aa1c-11f1-9299-005056a97e36\/w:980\/2026-09-06T135559Z-1511652403-RC2PDNAXWYP9-RTRMADP-3-GERMANY-ELECTION-SAXONY-ANHALT-PROTEST.webp 980w\" sizes=\"(max-width: 1023px) calc(100vw - 32px), (min-width: 1024px) 850px\"><img fetchpriority=\"low\" decoding=\"async\" src=\"https:\/\/s.france24.com\/media\/display\/acf885d4-aa1c-11f1-9299-005056a97e36\/w:980\/2026-09-06T135559Z-1511652403-RC2PDNAXWYP9-RTRMADP-3-GERMANY-ELECTION-SAXONY-ANHALT-PROTEST.jpg\" srcset=\"https:\/\/s.france24.com\/media\/display\/acf885d4-aa1c-11f1-9299-005056a97e36\/w:246\/2026-09-06T135559Z-1511652403-RC2PDNAXWYP9-RTRMADP-3-GERMANY-ELECTION-SAXONY-ANHALT-PROTEST.jpg 246w, https:\/\/s.france24.com\/media\/display\/acf885d4-aa1c-11f1-9299-005056a97e36\/w:388\/2026-09-06T135559Z-1511652403-RC2PDNAXWYP9-RTRMADP-3-GERMANY-ELECTION-SAXONY-ANHALT-PROTEST.jpg 388w, https:\/\/s.france24.com\/media\/display\/acf885d4-aa1c-11f1-9299-005056a97e36\/w:720\/2026-09-06T135559Z-1511652403-RC2PDNAXWYP9-RTRMADP-3-GERMANY-ELECTION-SAXONY-ANHALT-PROTEST.jpg 720w, https:\/\/s.france24.com\/media\/display\/acf885d4-aa1c-11f1-9299-005056a97e36\/w:980\/2026-09-06T135559Z-1511652403-RC2PDNAXWYP9-RTRMADP-3-GERMANY-ELECTION-SAXONY-ANHALT-PROTEST.jpg 980w\" sizes=\"(max-width: 1023px) calc(100vw - 32px), (min-width: 1024px) 850px\" alt=\"Manifestantes portan una pancarta con el lema &quot;Todos somos antifascistas&quot; durante una protesta contra el partido de extrema derecha Alternativa para Alemania (AfD), cuyo lema es &quot;No hay ma\u00f1ana para los fascistas&quot;, el d\u00eda de las elecciones estatales de Sajonia-Anhalt, en Magdeburgo, Alemania, el 6 de septiembre de 2026.\" loading=\"lazy\" class=\"a-img \">\n<\/picture><figcaption class=\"a-figcaption\"> Manifestantes portan una pancarta con el lema \u00abTodos somos antifascistas\u00bb durante una protesta contra el partido de extrema derecha Alternativa para Alemania (AfD), cuyo lema es \u00abNo hay ma\u00f1ana para los fascistas\u00bb, el d\u00eda de las elecciones estatales de Sajonia-Anhalt, en Magdeburgo, Alemania, el 6 de septiembre de 2026. \u00a9 Reuters\/Christian Mang <\/figcaption><\/figure>\n<\/p><\/div>\n<p>El espectro de un gobierno regional de extrema derecha atrajo a miles de opositores de la AfD a una manifestaci\u00f3n celebrada en la v\u00edspera de las elecciones en Magdeburgo, la capital regional, con pancartas en las que se le\u00eda \u201cla vida es mejor sin nazis\u201d.<\/p>\n<p>\u201cEstoy muy preocupada (&#8230;) <strong>Sean cuales sean los resultados, el ambiente cambiar\u00e1. Los simpatizantes de la extrema derecha se mostrar\u00e1n m\u00e1s abiertamente en las calles\u201d, <\/strong>&nbsp;declar\u00f3 a la agencia de noticias AFP la manifestante Laura Saalfeld.<\/p>\n<p class=\"a-read-more\"><span class=\"a-read-more__label\">Leer tambi\u00e9n<\/span><a href=\"https:\/\/www.france24.com\/es\/europa\/20260906-sajonia-anhalt-el-estado-alem\u00e1n-que-podr\u00eda-darle-una-hist\u00f3rica-victoria-a-la-extrema-derecha\" target=\"_self\" class=\"a-read-more__link\">Sajonia-Anhalt, el estado alem\u00e1n que podr\u00eda darle una hist\u00f3rica victoria a la extrema derecha<\/a><\/p>\n<h2><strong>Cara sonriente, agenda radical<\/strong><\/h2>\n<p>Siegmund, el carism\u00e1tico candidato de la AfD, aspira a liderar una revoluci\u00f3n pol\u00edtica desde Sajonia-Anhalt que impulse al partido a la victoria nacional en 2029.<\/p>\n<p>Durante la campa\u00f1a, Siegmund, un antiguo empresario con un llamativo corte de pelo rapado a los lados y una enorme presencia en redes sociales, ha sido asediado por sus admiradores, muchos de ellos luciendo camisetas con su imagen.<\/p>\n<p>El partido ha sabido aprovechar la nostalgia por la Alemania Oriental comunista, as\u00ed como el resentimiento persistente por la brecha de riqueza con Occidente d\u00e9cadas despu\u00e9s de la ca\u00edda del Muro de Berl\u00edn en 1989.<\/p>\n<p>En consonancia con el a veces desafiante orgullo local por la Alemania Oriental, Siegmund ha utilizado con frecuencia la emblem\u00e1tica bicicleta Simson, incluso para ir a votar el domingo en su ciudad natal de Tangerm\u00fcnde.<\/p>\n<p>Aunque Siegmund ha sido apodado el rostro amable de la AfD, <strong>sus promesas de campa\u00f1a han sido radicales, incluyendo una ofensiva de remigraci\u00f3n y deportaci\u00f3n contra los inmigrantes irregulares desde el primer d\u00eda.<\/strong><\/p>\n<div class=\"m-em-image\">\n<figure class=\"m-item-image m-item-image--original m-item-image--has-caption\"> <picture class=\"a-picture a-picture--original\"><source type=\"image\/webp\" srcset=\"https:\/\/s.france24.com\/media\/display\/da8a52c0-aa1c-11f1-877e-005056a97e36\/w:246\/2026-09-06T161334Z-331466048-RC2SDNABZ3K9-RTRMADP-3-GERMANY-ELECTION-SAXONY-ANHALT-AFD.webp 246w, https:\/\/s.france24.com\/media\/display\/da8a52c0-aa1c-11f1-877e-005056a97e36\/w:388\/2026-09-06T161334Z-331466048-RC2SDNABZ3K9-RTRMADP-3-GERMANY-ELECTION-SAXONY-ANHALT-AFD.webp 388w, https:\/\/s.france24.com\/media\/display\/da8a52c0-aa1c-11f1-877e-005056a97e36\/w:720\/2026-09-06T161334Z-331466048-RC2SDNABZ3K9-RTRMADP-3-GERMANY-ELECTION-SAXONY-ANHALT-AFD.webp 720w, https:\/\/s.france24.com\/media\/display\/da8a52c0-aa1c-11f1-877e-005056a97e36\/w:980\/2026-09-06T161334Z-331466048-RC2SDNABZ3K9-RTRMADP-3-GERMANY-ELECTION-SAXONY-ANHALT-AFD.webp 980w\" sizes=\"(max-width: 1023px) calc(100vw - 32px), (min-width: 1024px) 850px\"><img fetchpriority=\"low\" decoding=\"async\" src=\"https:\/\/s.france24.com\/media\/display\/da8a52c0-aa1c-11f1-877e-005056a97e36\/w:980\/2026-09-06T161334Z-331466048-RC2SDNABZ3K9-RTRMADP-3-GERMANY-ELECTION-SAXONY-ANHALT-AFD.jpg\" srcset=\"https:\/\/s.france24.com\/media\/display\/da8a52c0-aa1c-11f1-877e-005056a97e36\/w:246\/2026-09-06T161334Z-331466048-RC2SDNABZ3K9-RTRMADP-3-GERMANY-ELECTION-SAXONY-ANHALT-AFD.jpg 246w, https:\/\/s.france24.com\/media\/display\/da8a52c0-aa1c-11f1-877e-005056a97e36\/w:388\/2026-09-06T161334Z-331466048-RC2SDNABZ3K9-RTRMADP-3-GERMANY-ELECTION-SAXONY-ANHALT-AFD.jpg 388w, https:\/\/s.france24.com\/media\/display\/da8a52c0-aa1c-11f1-877e-005056a97e36\/w:720\/2026-09-06T161334Z-331466048-RC2SDNABZ3K9-RTRMADP-3-GERMANY-ELECTION-SAXONY-ANHALT-AFD.jpg 720w, https:\/\/s.france24.com\/media\/display\/da8a52c0-aa1c-11f1-877e-005056a97e36\/w:980\/2026-09-06T161334Z-331466048-RC2SDNABZ3K9-RTRMADP-3-GERMANY-ELECTION-SAXONY-ANHALT-AFD.jpg 980w\" sizes=\"(max-width: 1023px) calc(100vw - 32px), (min-width: 1024px) 850px\" alt=\"Ulrich Siegmund, principal candidato del partido ultraderechista Alternativa para Alemania (AfD), concede una entrevista a la cadena ARD tras el cierre de las urnas en las elecciones estatales de Sajonia-Anhalt, en Magdeburgo, Alemania, el 6 de septiembre de 2026.\" loading=\"lazy\" class=\"a-img \">\n<\/picture><figcaption class=\"a-figcaption\"> Ulrich Siegmund, principal candidato del partido ultraderechista Alternativa para Alemania (AfD), concede una entrevista a la cadena ARD tras el cierre de las urnas en las elecciones estatales de Sajonia-Anhalt, en Magdeburgo, Alemania, el 6 de septiembre de 2026. \u00a9 Reuters\/Annegret Hilse <\/figcaption><\/figure>\n<\/p><\/div>\n<p>La agenda anti-woke del partido<strong> tambi\u00e9n incluye la promesa de reemplazar las banderas arco\u00edris del orgullo LGBTQ+<\/strong> <strong>en las escuelas p\u00fablicas por la bandera alemana est\u00e1ndar y modificar la ense\u00f1anza de la historia para reducir el \u00e9nfasis en el Tercer Reich.<\/strong><\/p>\n<p>Para reemplazar a los trabajadores inmigrantes, la AfD quiere atraer de vuelta a los expatriados alemanes, al tiempo que ofrece \u00abbonos por nacimiento\u00bb a las familias para revertir la disminuci\u00f3n de la poblaci\u00f3n en el peque\u00f1o estado de 2,1 millones de habitantes.<\/p>\n<p>El Instituto Econ\u00f3mico Alem\u00e1n ha advertido que la pol\u00edtica de inmigraci\u00f3n de la AfD ser\u00eda \u00abruinosa\u00bb para Sajonia-Anhalt, que depende en gran medida de los trabajadores nacidos en el extranjero, especialmente en el sector sanitario.<\/p>\n<p>Otros han expresado su<strong> temor de que un aparato de seguridad estatal dirigido por la AfD pueda filtrar informaci\u00f3n sensible a Rusia, que Mosc\u00fa podr\u00eda utilizar para desestabilizar Alemania.<\/strong><\/p>\n<p><strong>El Kremlin \u201cno oculta que la AfD es el instrumento m\u00e1s importante para desestabilizar Alemania para (el presidente ruso Vladimir) Putin\u201d, <\/strong>declar\u00f3 Georg Maier, ministro del Interior del estado de Turingia, al diario Handelsblatt.<\/p>\n<p>Una victoria de la AfD tambi\u00e9n aumenta la presi\u00f3n sobre Merz, quien se ha comprometido a reactivar una econom\u00eda estancada y restringir la inmigraci\u00f3n irregular, pero cuyo partido tambi\u00e9n ha sido superado por la AfD en las encuestas nacionales.<\/p>\n<p>El polit\u00f3logo Wolfgang Schroeder, de la Universidad de Kassel, afirm\u00f3 que, tras una victoria de la AfD en Sajonia-Anhalt, \u201clas cr\u00edticas a Merz ser\u00e1n a\u00fan m\u00e1s fuertes y las demandas de un mejor liderazgo ser\u00e1n imposibles de ignorar\u201d.<\/p>\n<p class=\"a-read-more\"><span class=\"a-read-more__label\">Leer tambi\u00e9n<\/span><a href=\"https:\/\/www.france24.com\/es\/video\/20260906-qui\u00e9n-es-ulrich-siegmund-cara-del-partido-de-ultraderecha-que-lidera-los-sondeos-en-sajonia-anhalt\" target=\"_self\" class=\"a-read-more__link\">Qui\u00e9n es Ulrich Siegmund, cara del partido de ultraderecha que lidera los sondeos en Sajonia-Anhalt<\/a><\/p>\n<p>Este art\u00edculo fue adaptado de su <a href=\"https:\/\/www.france24.com\/en\/europe\/20260906-germany-s-far-right-afd-takes-huge-lead-in-key-vote-early-results-suggest\" target=\"_self\"><em>versi\u00f3n original en ingl\u00e9s<\/em><\/a><\/p>\n<p>Con AFP y Reuters<\/p>\n","protected":false},"excerpt":{"rendered":"<p>La AfD de extrema derecha ocupa el&#46;&#46;&#46;<\/p>\n","protected":false},"author":1,"featured_media":416721,"comment_status":"closed","ping_status":"closed","sticky":false,"template":"","format":"standard","meta":{"_jetpack_newsletter_access":"","_jetpack_dont_email_post_to_subs":false,"_jetpack_newsletter_tier_id":0,"_jetpack_memberships_contains_paywalled_content":false,"_jetpack_feature_clip_id":0,"_jetpack_memberships_contains_paid_content":false,"footnotes":"","jetpack_publicize_message":"","jetpack_publicize_feature_enabled":true,"jetpack_social_post_already_shared":true,"jetpack_social_options":{"image_generator_settings":{"template":"highway","default_image_id":0,"font":"","enabled":false},"version":2},"jetpack_post_was_ever_published":false},"categories":[43],"tags":[],"class_list":["post-416720","post","type-post","status-publish","format-standard","has-post-thumbnail","hentry","category-internacionales"],"yoast_head":"<!-- This site is optimized with the Yoast SEO plugin v28.1 - https:\/\/yoast.com\/product\/yoast-seo-wordpress\/ -->\n<title>El partido ultraderechista AfD se encamina a la victoria de unas elecciones clave en Alemania - Sarmiento24h<\/title>\n<meta name=\"robots\" content=\"index, follow, max-snippet:-1, max-image-preview:large, max-video-preview:-1\" \/>\n<link rel=\"canonical\" href=\"https:\/\/sarmiento24h.com\/?p=416720\" \/>\n<meta property=\"og:locale\" content=\"es_ES\" \/>\n<meta property=\"og:type\" content=\"article\" \/>\n<meta property=\"og:title\" content=\"El partido ultraderechista AfD se encamina a la victoria de unas elecciones clave en Alemania - Sarmiento24h\" \/>\n<meta property=\"og:description\" content=\"La AfD de extrema derecha ocupa el&#046;&#046;&#046;\" \/>\n<meta property=\"og:url\" content=\"https:\/\/sarmiento24h.com\/?p=416720\" \/>\n<meta property=\"og:site_name\" content=\"Sarmiento24h\" \/>\n<meta property=\"article:publisher\" content=\"https:\/\/facebook.com\/s24hnoticias\" \/>\n<meta property=\"article:published_time\" content=\"2026-09-06T18:21:45+00:00\" \/>\n<meta property=\"og:image\" content=\"https:\/\/s.france24.com\/media\/display\/32740c3e-aa1c-11f1-b897-005056bfb2b6\/w:980\/2026-09-06T164303Z-744256215-RC2SDNA2BDQ5-RTRMADP-3-GERMANY-ELECTION-SAXONY-ANHALT-AFD.jpg\" \/>\n<meta name=\"author\" content=\"sarmiento24h@gmail.com\" \/>\n<meta name=\"twitter:card\" content=\"summary_large_image\" \/>\n<meta name=\"twitter:creator\" content=\"@sarmiento24h\" \/>\n<meta name=\"twitter:site\" content=\"@sarmiento24h\" \/>\n<meta name=\"twitter:label1\" content=\"Escrito por\" \/>\n\t<meta name=\"twitter:data1\" content=\"sarmiento24h@gmail.com\" \/>\n\t<meta name=\"twitter:label2\" content=\"Tiempo de lectura\" \/>\n\t<meta name=\"twitter:data2\" content=\"6 minutos\" \/>\n<script type=\"application\/ld+json\" class=\"yoast-schema-graph\">{\"@context\":\"https:\\\/\\\/schema.org\",\"@graph\":[{\"@type\":\"Article\",\"@id\":\"https:\\\/\\\/sarmiento24h.com\\\/?p=416720#article\",\"isPartOf\":{\"@id\":\"https:\\\/\\\/sarmiento24h.com\\\/?p=416720\"},\"author\":{\"name\":\"sarmiento24h@gmail.com\",\"@id\":\"https:\\\/\\\/sarmiento24h.com\\\/#\\\/schema\\\/person\\\/d653a59725ad629a7e0429af7b939d4d\"},\"headline\":\"El partido ultraderechista AfD se encamina a la victoria de unas elecciones clave en Alemania\",\"datePublished\":\"2026-09-06T18:21:45+00:00\",\"mainEntityOfPage\":{\"@id\":\"https:\\\/\\\/sarmiento24h.com\\\/?p=416720\"},\"wordCount\":1139,\"publisher\":{\"@id\":\"https:\\\/\\\/sarmiento24h.com\\\/#organization\"},\"image\":{\"@id\":\"https:\\\/\\\/sarmiento24h.com\\\/?p=416720#primaryimage\"},\"thumbnailUrl\":\"https:\\\/\\\/sarmiento24h.com\\\/wp-content\\\/uploads\\\/2026\\\/09\\\/el-partido-ultraderechista-afd-se-encamina-a-la-victoria-de-unas-elecciones-clave-en-alemania.jpg\",\"articleSection\":[\"Internacionales\"],\"inLanguage\":\"es\"},{\"@type\":\"WebPage\",\"@id\":\"https:\\\/\\\/sarmiento24h.com\\\/?p=416720\",\"url\":\"https:\\\/\\\/sarmiento24h.com\\\/?p=416720\",\"name\":\"El partido ultraderechista AfD se encamina a la victoria de unas elecciones clave en Alemania - Sarmiento24h\",\"isPartOf\":{\"@id\":\"https:\\\/\\\/sarmiento24h.com\\\/#website\"},\"primaryImageOfPage\":{\"@id\":\"https:\\\/\\\/sarmiento24h.com\\\/?p=416720#primaryimage\"},\"image\":{\"@id\":\"https:\\\/\\\/sarmiento24h.com\\\/?p=416720#primaryimage\"},\"thumbnailUrl\":\"https:\\\/\\\/sarmiento24h.com\\\/wp-content\\\/uploads\\\/2026\\\/09\\\/el-partido-ultraderechista-afd-se-encamina-a-la-victoria-de-unas-elecciones-clave-en-alemania.jpg\",\"datePublished\":\"2026-09-06T18:21:45+00:00\",\"breadcrumb\":{\"@id\":\"https:\\\/\\\/sarmiento24h.com\\\/?p=416720#breadcrumb\"},\"inLanguage\":\"es\",\"potentialAction\":[{\"@type\":\"ReadAction\",\"target\":[\"https:\\\/\\\/sarmiento24h.com\\\/?p=416720\"]}]},{\"@type\":\"ImageObject\",\"inLanguage\":\"es\",\"@id\":\"https:\\\/\\\/sarmiento24h.com\\\/?p=416720#primaryimage\",\"url\":\"https:\\\/\\\/sarmiento24h.com\\\/wp-content\\\/uploads\\\/2026\\\/09\\\/el-partido-ultraderechista-afd-se-encamina-a-la-victoria-de-unas-elecciones-clave-en-alemania.jpg\",\"contentUrl\":\"https:\\\/\\\/sarmiento24h.com\\\/wp-content\\\/uploads\\\/2026\\\/09\\\/el-partido-ultraderechista-afd-se-encamina-a-la-victoria-de-unas-elecciones-clave-en-alemania.jpg\",\"width\":980,\"height\":653},{\"@type\":\"BreadcrumbList\",\"@id\":\"https:\\\/\\\/sarmiento24h.com\\\/?p=416720#breadcrumb\",\"itemListElement\":[{\"@type\":\"ListItem\",\"position\":1,\"name\":\"Home\",\"item\":\"https:\\\/\\\/sarmiento24h.com\\\/\"},{\"@type\":\"ListItem\",\"position\":2,\"name\":\"El partido ultraderechista AfD se encamina a la victoria de unas elecciones clave en Alemania\"}]},{\"@type\":\"WebSite\",\"@id\":\"https:\\\/\\\/sarmiento24h.com\\\/#website\",\"url\":\"https:\\\/\\\/sarmiento24h.com\\\/\",\"name\":\"Sarmiento24h\",\"description\":\"\",\"publisher\":{\"@id\":\"https:\\\/\\\/sarmiento24h.com\\\/#organization\"},\"potentialAction\":[{\"@type\":\"SearchAction\",\"target\":{\"@type\":\"EntryPoint\",\"urlTemplate\":\"https:\\\/\\\/sarmiento24h.com\\\/?s={search_term_string}\"},\"query-input\":{\"@type\":\"PropertyValueSpecification\",\"valueRequired\":true,\"valueName\":\"search_term_string\"}}],\"inLanguage\":\"es\"},{\"@type\":\"Organization\",\"@id\":\"https:\\\/\\\/sarmiento24h.com\\\/#organization\",\"name\":\"Sarmiento24h\",\"url\":\"https:\\\/\\\/sarmiento24h.com\\\/\",\"logo\":{\"@type\":\"ImageObject\",\"inLanguage\":\"es\",\"@id\":\"https:\\\/\\\/sarmiento24h.com\\\/#\\\/schema\\\/logo\\\/image\\\/\",\"url\":\"https:\\\/\\\/sarmiento24h.com\\\/wp-content\\\/uploads\\\/2025\\\/12\\\/AddText_12-16-10.30.52.jpg\",\"contentUrl\":\"https:\\\/\\\/sarmiento24h.com\\\/wp-content\\\/uploads\\\/2025\\\/12\\\/AddText_12-16-10.30.52.jpg\",\"width\":1220,\"height\":324,\"caption\":\"Sarmiento24h\"},\"image\":{\"@id\":\"https:\\\/\\\/sarmiento24h.com\\\/#\\\/schema\\\/logo\\\/image\\\/\"},\"sameAs\":[\"https:\\\/\\\/facebook.com\\\/s24hnoticias\",\"https:\\\/\\\/x.com\\\/sarmiento24h\"]},{\"@type\":\"Person\",\"@id\":\"https:\\\/\\\/sarmiento24h.com\\\/#\\\/schema\\\/person\\\/d653a59725ad629a7e0429af7b939d4d\",\"name\":\"sarmiento24h@gmail.com\",\"image\":{\"@type\":\"ImageObject\",\"inLanguage\":\"es\",\"@id\":\"https:\\\/\\\/sarmiento24h.com\\\/wp-content\\\/litespeed\\\/avatar\\\/d02cbc4e23c747e6659cd45907173c8f.jpg?ver=1788652516\",\"url\":\"https:\\\/\\\/sarmiento24h.com\\\/wp-content\\\/litespeed\\\/avatar\\\/d02cbc4e23c747e6659cd45907173c8f.jpg?ver=1788652516\",\"contentUrl\":\"https:\\\/\\\/sarmiento24h.com\\\/wp-content\\\/litespeed\\\/avatar\\\/d02cbc4e23c747e6659cd45907173c8f.jpg?ver=1788652516\",\"caption\":\"sarmiento24h@gmail.com\"},\"sameAs\":[\"https:\\\/\\\/sarmiento24h.com\"],\"url\":\"https:\\\/\\\/sarmiento24h.com\\\/?author=1\"}]}<\/script>\n<!-- \/ Yoast SEO plugin. -->","yoast_head_json":{"title":"El partido ultraderechista AfD se encamina a la victoria de unas elecciones clave en Alemania - Sarmiento24h","robots":{"index":"index","follow":"follow","max-snippet":"max-snippet:-1","max-image-preview":"max-image-preview:large","max-video-preview":"max-video-preview:-1"},"canonical":"https:\/\/sarmiento24h.com\/?p=416720","og_locale":"es_ES","og_type":"article","og_title":"El partido ultraderechista AfD se encamina a la victoria de unas elecciones clave en Alemania - Sarmiento24h","og_description":"La AfD de extrema derecha ocupa el&#46;&#46;&#46;","og_url":"https:\/\/sarmiento24h.com\/?p=416720","og_site_name":"Sarmiento24h","article_publisher":"https:\/\/facebook.com\/s24hnoticias","article_published_time":"2026-09-06T18:21:45+00:00","og_image":[{"url":"https:\/\/s.france24.com\/media\/display\/32740c3e-aa1c-11f1-b897-005056bfb2b6\/w:980\/2026-09-06T164303Z-744256215-RC2SDNA2BDQ5-RTRMADP-3-GERMANY-ELECTION-SAXONY-ANHALT-AFD.jpg","type":"","width":"","height":""}],"author":"sarmiento24h@gmail.com","twitter_card":"summary_large_image","twitter_creator":"@sarmiento24h","twitter_site":"@sarmiento24h","twitter_misc":{"Escrito por":"sarmiento24h@gmail.com","Tiempo de lectura":"6 minutos"},"schema":{"@context":"https:\/\/schema.org","@graph":[{"@type":"Article","@id":"https:\/\/sarmiento24h.com\/?p=416720#article","isPartOf":{"@id":"https:\/\/sarmiento24h.com\/?p=416720"},"author":{"name":"sarmiento24h@gmail.com","@id":"https:\/\/sarmiento24h.com\/#\/schema\/person\/d653a59725ad629a7e0429af7b939d4d"},"headline":"El partido ultraderechista AfD se encamina a la victoria de unas elecciones clave en Alemania","datePublished":"2026-09-06T18:21:45+00:00","mainEntityOfPage":{"@id":"https:\/\/sarmiento24h.com\/?p=416720"},"wordCount":1139,"publisher":{"@id":"https:\/\/sarmiento24h.com\/#organization"},"image":{"@id":"https:\/\/sarmiento24h.com\/?p=416720#primaryimage"},"thumbnailUrl":"https:\/\/sarmiento24h.com\/wp-content\/uploads\/2026\/09\/el-partido-ultraderechista-afd-se-encamina-a-la-victoria-de-unas-elecciones-clave-en-alemania.jpg","articleSection":["Internacionales"],"inLanguage":"es"},{"@type":"WebPage","@id":"https:\/\/sarmiento24h.com\/?p=416720","url":"https:\/\/sarmiento24h.com\/?p=416720","name":"El partido ultraderechista AfD se encamina a la victoria de unas elecciones clave en Alemania - Sarmiento24h","isPartOf":{"@id":"https:\/\/sarmiento24h.com\/#website"},"primaryImageOfPage":{"@id":"https:\/\/sarmiento24h.com\/?p=416720#primaryimage"},"image":{"@id":"https:\/\/sarmiento24h.com\/?p=416720#primaryimage"},"thumbnailUrl":"https:\/\/sarmiento24h.com\/wp-content\/uploads\/2026\/09\/el-partido-ultraderechista-afd-se-encamina-a-la-victoria-de-unas-elecciones-clave-en-alemania.jpg","datePublished":"2026-09-06T18:21:45+00:00","breadcrumb":{"@id":"https:\/\/sarmiento24h.com\/?p=416720#breadcrumb"},"inLanguage":"es","potentialAction":[{"@type":"ReadAction","target":["https:\/\/sarmiento24h.com\/?p=416720"]}]},{"@type":"ImageObject","inLanguage":"es","@id":"https:\/\/sarmiento24h.com\/?p=416720#primaryimage","url":"https:\/\/sarmiento24h.com\/wp-content\/uploads\/2026\/09\/el-partido-ultraderechista-afd-se-encamina-a-la-victoria-de-unas-elecciones-clave-en-alemania.jpg","contentUrl":"https:\/\/sarmiento24h.com\/wp-content\/uploads\/2026\/09\/el-partido-ultraderechista-afd-se-encamina-a-la-victoria-de-unas-elecciones-clave-en-alemania.jpg","width":980,"height":653},{"@type":"BreadcrumbList","@id":"https:\/\/sarmiento24h.com\/?p=416720#breadcrumb","itemListElement":[{"@type":"ListItem","position":1,"name":"Home","item":"https:\/\/sarmiento24h.com\/"},{"@type":"ListItem","position":2,"name":"El partido ultraderechista AfD se encamina a la victoria de unas elecciones clave en Alemania"}]},{"@type":"WebSite","@id":"https:\/\/sarmiento24h.com\/#website","url":"https:\/\/sarmiento24h.com\/","name":"Sarmiento24h","description":"","publisher":{"@id":"https:\/\/sarmiento24h.com\/#organization"},"potentialAction":[{"@type":"SearchAction","target":{"@type":"EntryPoint","urlTemplate":"https:\/\/sarmiento24h.com\/?s={search_term_string}"},"query-input":{"@type":"PropertyValueSpecification","valueRequired":true,"valueName":"search_term_string"}}],"inLanguage":"es"},{"@type":"Organization","@id":"https:\/\/sarmiento24h.com\/#organization","name":"Sarmiento24h","url":"https:\/\/sarmiento24h.com\/","logo":{"@type":"ImageObject","inLanguage":"es","@id":"https:\/\/sarmiento24h.com\/#\/schema\/logo\/image\/","url":"https:\/\/sarmiento24h.com\/wp-content\/uploads\/2025\/12\/AddText_12-16-10.30.52.jpg","contentUrl":"https:\/\/sarmiento24h.com\/wp-content\/uploads\/2025\/12\/AddText_12-16-10.30.52.jpg","width":1220,"height":324,"caption":"Sarmiento24h"},"image":{"@id":"https:\/\/sarmiento24h.com\/#\/schema\/logo\/image\/"},"sameAs":["https:\/\/facebook.com\/s24hnoticias","https:\/\/x.com\/sarmiento24h"]},{"@type":"Person","@id":"https:\/\/sarmiento24h.com\/#\/schema\/person\/d653a59725ad629a7e0429af7b939d4d","name":"sarmiento24h@gmail.com","image":{"@type":"ImageObject","inLanguage":"es","@id":"https:\/\/sarmiento24h.com\/wp-content\/litespeed\/avatar\/d02cbc4e23c747e6659cd45907173c8f.jpg?ver=1788652516","url":"https:\/\/sarmiento24h.com\/wp-content\/litespeed\/avatar\/d02cbc4e23c747e6659cd45907173c8f.jpg?ver=1788652516","contentUrl":"https:\/\/sarmiento24h.com\/wp-content\/litespeed\/avatar\/d02cbc4e23c747e6659cd45907173c8f.jpg?ver=1788652516","caption":"sarmiento24h@gmail.com"},"sameAs":["https:\/\/sarmiento24h.com"],"url":"https:\/\/sarmiento24h.com\/?author=1"}]}},"jetpack_publicize_connections":[],"jetpack_featured_media_url":"https:\/\/sarmiento24h.com\/wp-content\/uploads\/2026\/09\/el-partido-ultraderechista-afd-se-encamina-a-la-victoria-de-unas-elecciones-clave-en-alemania.jpg","jetpack_sharing_enabled":true,"_links":{"self":[{"href":"https:\/\/sarmiento24h.com\/index.php?rest_route=\/wp\/v2\/posts\/416720","targetHints":{"allow":["GET"]}}],"collection":[{"href":"https:\/\/sarmiento24h.com\/index.php?rest_route=\/wp\/v2\/posts"}],"about":[{"href":"https:\/\/sarmiento24h.com\/index.php?rest_route=\/wp\/v2\/types\/post"}],"author":[{"embeddable":true,"href":"https:\/\/sarmiento24h.com\/index.php?rest_route=\/wp\/v2\/users\/1"}],"replies":[{"embeddable":true,"href":"https:\/\/sarmiento24h.com\/index.php?rest_route=%2Fwp%2Fv2%2Fcomments&post=416720"}],"version-history":[{"count":0,"href":"https:\/\/sarmiento24h.com\/index.php?rest_route=\/wp\/v2\/posts\/416720\/revisions"}],"wp:featuredmedia":[{"embeddable":true,"href":"https:\/\/sarmiento24h.com\/index.php?rest_route=\/wp\/v2\/media\/416721"}],"wp:attachment":[{"href":"https:\/\/sarmiento24h.com\/index.php?rest_route=%2Fwp%2Fv2%2Fmedia&parent=416720"}],"wp:term":[{"taxonomy":"category","embeddable":true,"href":"https:\/\/sarmiento24h.com\/index.php?rest_route=%2Fwp%2Fv2%2Fcategories&post=416720"},{"taxonomy":"post_tag","embeddable":true,"href":"https:\/\/sarmiento24h.com\/index.php?rest_route=%2Fwp%2Fv2%2Ftags&post=416720"}],"curies":[{"name":"wp","href":"https:\/\/api.w.org\/{rel}","templated":true}]}}