{"id":416722,"date":"2026-09-06T18:21:46","date_gmt":"2026-09-06T18:21:46","guid":{"rendered":"http:\/\/bfec9242-aa13-11f1-9494-1f734dbef6e7"},"modified":"2026-09-06T18:21:46","modified_gmt":"2026-09-06T18:21:46","slug":"de-la-espriella-un-mes-de-poder-en-colombia-terremoto-mano-dura-y-una-presidencia-que-busca-controlar-el-mensaje","status":"publish","type":"post","link":"https:\/\/sarmiento24h.com\/?p=416722","title":{"rendered":"De la Espriella, un mes de poder en Colombia: terremoto, mano dura y una Presidencia que busca controlar el mensaje"},"content":{"rendered":"<p>Un Gobierno obligado a empezar en medio de una tragedia y marcado por controversias.<\/p>\n<p>Abelardo de la Espriella no tuvo pr\u00e1cticamente periodo de gracia. Tres d\u00edas despu\u00e9s de asumir la Presidencia, el terremoto del 10 de agosto convirti\u00f3 una agenda destinada a presentar las primeras prioridades del nuevo Gobierno en una operaci\u00f3n de emergencia nacional. El sismo, de magnitud 7,4, golpe\u00f3 con especial fuerza el occidente del pa\u00eds, derrib\u00f3 edificios y caus\u00f3 da\u00f1os en viviendas, hospitales, escuelas, carreteras y otras infraestructuras. La tragedia dej\u00f3 al menos 331 muertos y 4.519 heridos, seg\u00fan cifras oficiales, adem\u00e1s de decenas de miles de viviendas afectadas.<\/p>\n<div class=\"m-em-image\">\n<figure class=\"m-item-image m-item-image--original m-item-image--has-caption\"> <picture class=\"a-picture a-picture--original\"><source type=\"image\/webp\" srcset=\"https:\/\/s.france24.com\/media\/display\/4f012fc8-9d77-11f1-a0c2-005056bf30b7\/w:246\/IVS-DESINFO-21AGO-PORTADA-WEB-00000.webp 246w, https:\/\/s.france24.com\/media\/display\/4f012fc8-9d77-11f1-a0c2-005056bf30b7\/w:388\/IVS-DESINFO-21AGO-PORTADA-WEB-00000.webp 388w, https:\/\/s.france24.com\/media\/display\/4f012fc8-9d77-11f1-a0c2-005056bf30b7\/w:720\/IVS-DESINFO-21AGO-PORTADA-WEB-00000.webp 720w, https:\/\/s.france24.com\/media\/display\/4f012fc8-9d77-11f1-a0c2-005056bf30b7\/w:980\/IVS-DESINFO-21AGO-PORTADA-WEB-00000.webp 980w\" sizes=\"(max-width: 1023px) calc(100vw - 32px), (min-width: 1024px) 850px\"><img fetchpriority=\"low\" decoding=\"async\" src=\"https:\/\/s.france24.com\/media\/display\/4f012fc8-9d77-11f1-a0c2-005056bf30b7\/w:980\/IVS-DESINFO-21AGO-PORTADA-WEB-00000.png\" srcset=\"https:\/\/s.france24.com\/media\/display\/4f012fc8-9d77-11f1-a0c2-005056bf30b7\/w:246\/IVS-DESINFO-21AGO-PORTADA-WEB-00000.png 246w, https:\/\/s.france24.com\/media\/display\/4f012fc8-9d77-11f1-a0c2-005056bf30b7\/w:388\/IVS-DESINFO-21AGO-PORTADA-WEB-00000.png 388w, https:\/\/s.france24.com\/media\/display\/4f012fc8-9d77-11f1-a0c2-005056bf30b7\/w:720\/IVS-DESINFO-21AGO-PORTADA-WEB-00000.png 720w, https:\/\/s.france24.com\/media\/display\/4f012fc8-9d77-11f1-a0c2-005056bf30b7\/w:980\/IVS-DESINFO-21AGO-PORTADA-WEB-00000.png 980w\" sizes=\"(max-width: 1023px) calc(100vw - 32px), (min-width: 1024px) 850px\" alt=\"Varias personas retiran una bandera colombiana de entre los escombros mientras trabajan en el lugar donde se produjo el derrumbe de un edificio da\u00f1ado por un terremoto, en Pereira, Colombia, el 12 de agosto de 2026.\" loading=\"lazy\" class=\"a-img \">\n<\/picture><figcaption class=\"a-figcaption\"> Varias personas retiran una bandera colombiana de entre los escombros mientras trabajan en el lugar donde se produjo el derrumbe de un edificio da\u00f1ado por un terremoto, en Pereira, Colombia, el 12 de agosto de 2026. \u00a9 REUTERS\/Juan David Duque <\/figcaption><\/figure>\n<\/p><\/div>\n<p>La primera respuesta del mandatario ha recibido valoraciones contrapuestas, aunque incluso algunos de sus cr\u00edticos reconocen aspectos positivos. El presidente asumi\u00f3 personalmente el liderazgo de la emergencia, se traslad\u00f3 a las zonas afectadas, instal\u00f3 puestos de mando y busc\u00f3 movilizar recursos nacionales e internacionales. Mar\u00eda Jos\u00e9 Torres Macho, m\u00e1xima responsable de Naciones Unidas en Colombia, se\u00f1al\u00f3 que la transici\u00f3n entre el Gobierno de Petro y el nuevo Ejecutivo no impidi\u00f3 el funcionamiento de las instituciones humanitarias. En una entrevista con France 24, el pasado agosto, el experto en gesti\u00f3n del riesgo Jaime Enrique G\u00f3mez Zapata calific\u00f3 de \u201cmuy buena\u201d la respuesta inicial y destac\u00f3 el liderazgo directo del presidente.<\/p>\n<p>Tambi\u00e9n hubo, sin embargo, problemas derivados del momento pol\u00edtico. Rafael Cruz, antiguo director de la Unidad Nacional para la Gesti\u00f3n del Riesgo de Desastres (UNGRD), consider\u00f3 acertada la decisi\u00f3n de De la Espriella de acudir r\u00e1pidamente a la sala de crisis y declarar la emergencia, pero cuestion\u00f3 que durante los primeros cuatro d\u00edas no se hubiera producido, a su juicio, una coordinaci\u00f3n suficiente sobre el terreno.&nbsp;<\/p>\n<div class=\"m-em-image\">\n<figure class=\"m-item-image m-item-image--original m-item-image--has-caption\"> <picture class=\"a-picture a-picture--original\"><source type=\"image\/webp\" srcset=\"https:\/\/s.france24.com\/media\/display\/1da0a39c-9b73-11f1-9e7b-005056bfb2b6\/w:246\/e4efda7d190808d0c94c284d623f014d6e6df908w.webp 246w, https:\/\/s.france24.com\/media\/display\/1da0a39c-9b73-11f1-9e7b-005056bfb2b6\/w:388\/e4efda7d190808d0c94c284d623f014d6e6df908w.webp 388w, https:\/\/s.france24.com\/media\/display\/1da0a39c-9b73-11f1-9e7b-005056bfb2b6\/w:720\/e4efda7d190808d0c94c284d623f014d6e6df908w.webp 720w, https:\/\/s.france24.com\/media\/display\/1da0a39c-9b73-11f1-9e7b-005056bfb2b6\/w:980\/e4efda7d190808d0c94c284d623f014d6e6df908w.webp 980w\" sizes=\"(max-width: 1023px) calc(100vw - 32px), (min-width: 1024px) 850px\"><img fetchpriority=\"low\" decoding=\"async\" src=\"https:\/\/s.france24.com\/media\/display\/1da0a39c-9b73-11f1-9e7b-005056bfb2b6\/w:980\/e4efda7d190808d0c94c284d623f014d6e6df908w.jpg\" srcset=\"https:\/\/s.france24.com\/media\/display\/1da0a39c-9b73-11f1-9e7b-005056bfb2b6\/w:246\/e4efda7d190808d0c94c284d623f014d6e6df908w.jpg 246w, https:\/\/s.france24.com\/media\/display\/1da0a39c-9b73-11f1-9e7b-005056bfb2b6\/w:388\/e4efda7d190808d0c94c284d623f014d6e6df908w.jpg 388w, https:\/\/s.france24.com\/media\/display\/1da0a39c-9b73-11f1-9e7b-005056bfb2b6\/w:720\/e4efda7d190808d0c94c284d623f014d6e6df908w.jpg 720w, https:\/\/s.france24.com\/media\/display\/1da0a39c-9b73-11f1-9e7b-005056bfb2b6\/w:980\/e4efda7d190808d0c94c284d623f014d6e6df908w.jpg 980w\" sizes=\"(max-width: 1023px) calc(100vw - 32px), (min-width: 1024px) 850px\" alt=\"Archivo: el presidnete de Colombia, Abelardo de la Espriella, ofrece una conferencia de prensa, junto a miembros de su gabinete, para actualizar el balance de afectados por el terremoto del 10 de agosto en Colombia. Bogot\u00e1, 13 de agosto de 2026.\" loading=\"lazy\" class=\"a-img \">\n<\/picture><figcaption class=\"a-figcaption\"> Archivo: el presidnete de Colombia, Abelardo de la Espriella, ofrece una conferencia de prensa, junto a miembros de su gabinete, para actualizar el balance de afectados por el terremoto del 10 de agosto en Colombia. Bogot\u00e1, 13 de agosto de 2026. EFE &#8211; Pablo R. Seco <\/figcaption><\/figure>\n<\/p><\/div>\n<p>La falta de un equipo plenamente instalado cuando ocurri\u00f3 el terremoto tambi\u00e9n fue se\u00f1alada como una dificultad adicional de un Gobierno que llevaba menos de 72 horas en funciones.&nbsp;<\/p>\n<p>El balance inicial, por tanto, presenta dos caras: capacidad presidencial para reaccionar ante una crisis extraordinaria, pero tambi\u00e9n las limitaciones de una Administraci\u00f3n que todav\u00eda estaba terminando de conformarse y que ha sido fuertemente cuestionada tras no llevar a cabo un empalme con su antecesor, Gustavo Petro, quien sigue sin reconocer el triunfo de De la Espriella, con acusaciones de fraude que recuerdan al discurso de Donald Trump en 2020 cuando sin pruebas acus\u00f3 a Joe Biden de \u201cama\u00f1ar\u201d las elecciones.<\/p>\n<p class=\"a-read-more\"><span class=\"a-read-more__label\">Leer tambi\u00e9n<\/span><a href=\"https:\/\/www.france24.com\/es\/am\u00e9rica-latina\/20260817-cr\u00f3nica-una-semana-despu\u00e9s-del-terremoto-colombia-vive-el-duelo-entre-los-escombros-y-la-reconstrucci\u00f3n\" target=\"_self\" class=\"a-read-more__link\">Cr\u00f3nica: una semana despu\u00e9s del terremoto, Colombia vive el duelo entre los escombros y la esperanza de recuperaci\u00f3n<\/a><\/p>\n<h2><strong>La controversia por la ayuda internacional<\/strong><\/h2>\n<p>Uno de los debates m\u00e1s sensibles surgidos despu\u00e9s del terremoto se refiere a la decisi\u00f3n de Bogot\u00e1 de limitar la entrada de equipos internacionales de b\u00fasqueda y rescate. El Gobierno argument\u00f3 entonces que Colombia dispone de una importante capacidad propia y que, en una operaci\u00f3n de esta naturaleza, es indispensable contar con grupos que cumplan est\u00e1ndares internacionales de certificaci\u00f3n. La UNGRD anunci\u00f3 que aceptar\u00eda equipos de Israel, Ecuador, El Salvador y Estados Unidos, mientras Colombia movilizaba sus propios grupos especializados.<\/p>\n<p>La posici\u00f3n oficial tiene fundamentos t\u00e9cnicos. Colombia cuenta con m\u00e1s de una veintena de equipos de b\u00fasqueda y rescate y con unidades acreditadas por el Grupo Asesor Internacional de Operaciones de B\u00fasqueda y Rescate de Naciones Unidas, INSARAG. Expertos consultados por France 24 reconocieron que el pa\u00eds dispone de una capacidad nacional considerable y que la coordinaci\u00f3n de numerosos equipos extranjeros durante las primeras horas de una cat\u00e1strofe puede generar dificultades log\u00edsticas. Desde esa perspectiva, establecer criterios de certificaci\u00f3n no implica necesariamente una decisi\u00f3n pol\u00edtica: en operaciones de rescate urbano, la interoperabilidad, los protocolos y la experiencia son factores esenciales.<\/p>\n<p>Pero la decisi\u00f3n gener\u00f3 interrogantes, ya que algunos pa\u00edses con amplia experiencia quedaron fuera de la primera convocatoria. M\u00e9xico, Brasil y Chile ofrecieron ayuda y no fueron incorporados inicialmente bajo los mismos criterios, mientras que s\u00ed fueron aceptados equipos de Israel y otros pa\u00edses.&nbsp;<\/p>\n<div class=\"m-em-image\">\n<figure class=\"m-item-image m-item-image--original m-item-image--has-caption\"> <picture class=\"a-picture a-picture--original\"><source type=\"image\/webp\" srcset=\"https:\/\/s.france24.com\/media\/display\/e5b275a8-97fa-11f1-9d5f-005056bf30b7\/w:246\/2026-08-14T150324Z-1344025553-RC2FYMAEW1TR-RTRMADP-3-COLOMBIA-QUAKE-1.webp 246w, https:\/\/s.france24.com\/media\/display\/e5b275a8-97fa-11f1-9d5f-005056bf30b7\/w:388\/2026-08-14T150324Z-1344025553-RC2FYMAEW1TR-RTRMADP-3-COLOMBIA-QUAKE-1.webp 388w, https:\/\/s.france24.com\/media\/display\/e5b275a8-97fa-11f1-9d5f-005056bf30b7\/w:720\/2026-08-14T150324Z-1344025553-RC2FYMAEW1TR-RTRMADP-3-COLOMBIA-QUAKE-1.webp 720w, https:\/\/s.france24.com\/media\/display\/e5b275a8-97fa-11f1-9d5f-005056bf30b7\/w:980\/2026-08-14T150324Z-1344025553-RC2FYMAEW1TR-RTRMADP-3-COLOMBIA-QUAKE-1.webp 980w\" sizes=\"(max-width: 1023px) calc(100vw - 32px), (min-width: 1024px) 850px\"><img fetchpriority=\"low\" decoding=\"async\" src=\"https:\/\/s.france24.com\/media\/display\/e5b275a8-97fa-11f1-9d5f-005056bf30b7\/w:980\/2026-08-14T150324Z-1344025553-RC2FYMAEW1TR-RTRMADP-3-COLOMBIA-QUAKE-1.jpg\" srcset=\"https:\/\/s.france24.com\/media\/display\/e5b275a8-97fa-11f1-9d5f-005056bf30b7\/w:246\/2026-08-14T150324Z-1344025553-RC2FYMAEW1TR-RTRMADP-3-COLOMBIA-QUAKE-1.jpg 246w, https:\/\/s.france24.com\/media\/display\/e5b275a8-97fa-11f1-9d5f-005056bf30b7\/w:388\/2026-08-14T150324Z-1344025553-RC2FYMAEW1TR-RTRMADP-3-COLOMBIA-QUAKE-1.jpg 388w, https:\/\/s.france24.com\/media\/display\/e5b275a8-97fa-11f1-9d5f-005056bf30b7\/w:720\/2026-08-14T150324Z-1344025553-RC2FYMAEW1TR-RTRMADP-3-COLOMBIA-QUAKE-1.jpg 720w, https:\/\/s.france24.com\/media\/display\/e5b275a8-97fa-11f1-9d5f-005056bf30b7\/w:980\/2026-08-14T150324Z-1344025553-RC2FYMAEW1TR-RTRMADP-3-COLOMBIA-QUAKE-1.jpg 980w\" sizes=\"(max-width: 1023px) calc(100vw - 32px), (min-width: 1024px) 850px\" alt=\"Los rescatistas trabajan entre los escombros del edificio Ana Pilar durante las operaciones de rescate tras el terremoto en Cali, Colombia, el 14 de agosto de 2026.\" loading=\"lazy\" class=\"a-img \">\n<\/picture><figcaption class=\"a-figcaption\"> Los rescatistas trabajan entre los escombros del edificio Ana Pilar durante las operaciones de rescate tras el terremoto en Cali, Colombia, el 14 de agosto de 2026. \u00a9 Reuters\/Raquel Cunha <\/figcaption><\/figure>\n<\/p><\/div>\n<p>La presidenta mexicana, Claudia Sheinbaum, afirm\u00f3 que los rescatistas de su pa\u00eds no viajaron porque Bogot\u00e1 exig\u00eda certificaciones adicionales. En Chile, equipos USAR tambi\u00e9n ofrecieron su colaboraci\u00f3n. El saliente director de la UNGRD, Rafael Cruz, consider\u00f3 que la magnitud de la emergencia justificaba ampliar la cooperaci\u00f3n y sostuvo que los equipos chilenos contaban con una experiencia particularmente relevante.<\/p>\n<p>El episodio aliment\u00f3 sospechas de que, adem\u00e1s de los criterios t\u00e9cnicos, pudiera haber existido un componente ideol\u00f3gico.&nbsp;<\/p>\n<p>Esa acusaci\u00f3n no ha sido demostrada, y el propio debate entre expertos muestra que existen argumentos t\u00e9cnicos para restringir determinados equipos durante las primeras fases de una emergencia. Pero la selecci\u00f3n result\u00f3 pol\u00edticamente significativa en un Gobierno que apenas comenzaba y que ya hab\u00eda mostrado una orientaci\u00f3n internacional muy distinta de la de su antecesor, el primer mandatario de izquierda del pa\u00eds y exmiembro de la extinta guerrilla M-19, Gustavo Petro.&nbsp;<\/p>\n<p>En una emergencia en la que cada hora puede ser decisiva para encontrar supervivientes, la pregunta de fondo no fue \u00fanicamente si Colombia ten\u00eda capacidad propia, sino si esa capacidad justificaba renunciar a equipos extranjeros experimentados cuando todav\u00eda exist\u00eda una necesidad potencial de rescate.<\/p>\n<div class=\"m-em-image\">\n<figure class=\"m-item-image m-item-image--original m-item-image--has-caption\"> <picture class=\"a-picture a-picture--original\"><source type=\"image\/webp\" srcset=\"https:\/\/s.france24.com\/media\/display\/13b61e82-980a-11f1-94cd-005056bf30b7\/w:246\/FOTO-COLOMBIA-CALI-AYUDA-VOLUNTARIOS.webp 246w, https:\/\/s.france24.com\/media\/display\/13b61e82-980a-11f1-94cd-005056bf30b7\/w:388\/FOTO-COLOMBIA-CALI-AYUDA-VOLUNTARIOS.webp 388w, https:\/\/s.france24.com\/media\/display\/13b61e82-980a-11f1-94cd-005056bf30b7\/w:720\/FOTO-COLOMBIA-CALI-AYUDA-VOLUNTARIOS.webp 720w, https:\/\/s.france24.com\/media\/display\/13b61e82-980a-11f1-94cd-005056bf30b7\/w:980\/FOTO-COLOMBIA-CALI-AYUDA-VOLUNTARIOS.webp 980w\" sizes=\"(max-width: 1023px) calc(100vw - 32px), (min-width: 1024px) 850px\"><img fetchpriority=\"low\" decoding=\"async\" src=\"https:\/\/s.france24.com\/media\/display\/13b61e82-980a-11f1-94cd-005056bf30b7\/w:980\/FOTO-COLOMBIA-CALI-AYUDA-VOLUNTARIOS.jpg\" srcset=\"https:\/\/s.france24.com\/media\/display\/13b61e82-980a-11f1-94cd-005056bf30b7\/w:246\/FOTO-COLOMBIA-CALI-AYUDA-VOLUNTARIOS.jpg 246w, https:\/\/s.france24.com\/media\/display\/13b61e82-980a-11f1-94cd-005056bf30b7\/w:388\/FOTO-COLOMBIA-CALI-AYUDA-VOLUNTARIOS.jpg 388w, https:\/\/s.france24.com\/media\/display\/13b61e82-980a-11f1-94cd-005056bf30b7\/w:720\/FOTO-COLOMBIA-CALI-AYUDA-VOLUNTARIOS.jpg 720w, https:\/\/s.france24.com\/media\/display\/13b61e82-980a-11f1-94cd-005056bf30b7\/w:980\/FOTO-COLOMBIA-CALI-AYUDA-VOLUNTARIOS.jpg 980w\" sizes=\"(max-width: 1023px) calc(100vw - 32px), (min-width: 1024px) 850px\" alt=\"Los rescatistas distribuyen paquetes de alimentos a los equipos de rescate y voluntarios que buscan entre los escombros cuatro d\u00edas despu\u00e9s del terremoto que azot\u00f3 Cali, Colombia, el 14 de agosto de 2026.\" loading=\"lazy\" class=\"a-img \">\n<\/picture><figcaption class=\"a-figcaption\"> Los rescatistas distribuyen paquetes de alimentos a los equipos de rescate y voluntarios que buscan entre los escombros cuatro d\u00edas despu\u00e9s del terremoto que azot\u00f3 Cali, Colombia, el 14 de agosto de 2026. \u00a9 Iv\u00e1n Valencia \/ AP <\/figcaption><\/figure>\n<\/p><\/div>\n<p>Ahora el desaf\u00edo es diferente. La fase de b\u00fasqueda y salvamento dio paso a la evaluaci\u00f3n de da\u00f1os, la reconstrucci\u00f3n y la recuperaci\u00f3n. Miles de viviendas deber\u00e1n ser revisadas y ser\u00e1 necesario determinar cu\u00e1les pueden ser rehabilitadas y cu\u00e1les deben ser demolidas.&nbsp;<\/p>\n<p>Los expertos&nbsp; se\u00f1alan que la demanda de ingenieros estructurales y especialistas para evaluar edificios ser\u00e1 especialmente importante. Probablemente el \u00e9xito de la gesti\u00f3n de la cat\u00e1strofe terminar\u00e1 midi\u00e9ndose menos por la presencia del presidente ante las c\u00e1maras que por la velocidad y transparencia con que se reconstruyan las zonas afectadas.<\/p>\n<p class=\"a-read-more\"><span class=\"a-read-more__label\">Leer tambi\u00e9n<\/span><a href=\"https:\/\/www.france24.com\/es\/am\u00e9rica-latina\/20260815-terremoto-en-colombia-limit\u00f3-el-nuevo-gobierno-la-ayuda-internacional\" target=\"_self\" class=\"a-read-more__link\">Terremoto en Colombia: \u00bfLimit\u00f3 el nuevo Gobierno la ayuda internacional?<\/a><\/p>\n<h2><strong>La \u201cmano de hierro\u201d frente a los grupos armados<\/strong><\/h2>\n<p>Cuando la emergencia s\u00edsmica comenz\u00f3 a perder intensidad, la seguridad recuper\u00f3 el primer lugar en la agenda presidencial. De la Espriella lleg\u00f3 al poder prometiendo una ruptura con la estrategia de la denominada \u201cpaz total\u201d de Gustavo Petro y una pol\u00edtica de confrontaci\u00f3n directa contra los grupos armados al margen de la ley, como las disidencias de las disidencias de las FARC, el autodenominado Ej\u00e9rcito de Liberaci\u00f3n Nacional (ELN), las bandas criminales y las estructuras vinculadas al narcotr\u00e1fico.<\/p>\n<p>Los primeros resultados exhibidos por el Gobierno buscan respaldar esa promesa. Seg\u00fan las cifras difundidas por la Presidencia y recogidas por la agencia de noticias EFE, las Fuerzas Armadas capturaron durante el primer mes a nueve integrantes de diferentes organizaciones criminales y dieron muerte a cerca de 40 presuntos miembros de grupos armados.&nbsp;<\/p>\n<div class=\"m-em-image\">\n<figure class=\"m-item-image m-item-image--original m-item-image--has-caption\"> <picture class=\"a-picture a-picture--original\"><source type=\"image\/webp\" srcset=\"https:\/\/s.france24.com\/media\/display\/f2888540-0230-11ef-95dc-005056a97e36\/w:246\/ebeb6ac2341b3d5e12b300a854d83903be327579.webp 246w, https:\/\/s.france24.com\/media\/display\/f2888540-0230-11ef-95dc-005056a97e36\/w:388\/ebeb6ac2341b3d5e12b300a854d83903be327579.webp 388w, https:\/\/s.france24.com\/media\/display\/f2888540-0230-11ef-95dc-005056a97e36\/w:720\/ebeb6ac2341b3d5e12b300a854d83903be327579.webp 720w, https:\/\/s.france24.com\/media\/display\/f2888540-0230-11ef-95dc-005056a97e36\/w:980\/ebeb6ac2341b3d5e12b300a854d83903be327579.webp 980w\" sizes=\"(max-width: 1023px) calc(100vw - 32px), (min-width: 1024px) 850px\"><img fetchpriority=\"low\" decoding=\"async\" src=\"https:\/\/s.france24.com\/media\/display\/f2888540-0230-11ef-95dc-005056a97e36\/w:980\/ebeb6ac2341b3d5e12b300a854d83903be327579.jpg\" srcset=\"https:\/\/s.france24.com\/media\/display\/f2888540-0230-11ef-95dc-005056a97e36\/w:246\/ebeb6ac2341b3d5e12b300a854d83903be327579.jpg 246w, https:\/\/s.france24.com\/media\/display\/f2888540-0230-11ef-95dc-005056a97e36\/w:388\/ebeb6ac2341b3d5e12b300a854d83903be327579.jpg 388w, https:\/\/s.france24.com\/media\/display\/f2888540-0230-11ef-95dc-005056a97e36\/w:720\/ebeb6ac2341b3d5e12b300a854d83903be327579.jpg 720w, https:\/\/s.france24.com\/media\/display\/f2888540-0230-11ef-95dc-005056a97e36\/w:980\/ebeb6ac2341b3d5e12b300a854d83903be327579.jpg 980w\" sizes=\"(max-width: 1023px) calc(100vw - 32px), (min-width: 1024px) 850px\" alt=\"Un guerrillero de las disidencias de las FARC junto a un cartel de propaganda rebelde, el 25 de marzo de 2024\" loading=\"lazy\" class=\"a-img \">\n<\/picture><figcaption class=\"a-figcaption\"> Un guerrillero de las disidencias de las FARC junto a un cartel de propaganda rebelde, el 25 de marzo de 2024 \u00a9 Raul ARBOLEDA \/ AFP <\/figcaption><\/figure>\n<\/p><\/div>\n<p>Tambi\u00e9n fueron incautadas 49.379 toneladas de estupefacientes, 1.485 armas de fuego y erradicadas 1.321 hect\u00e1reas de coca. La prensa local ha presentado esta estrategia como uno de los principales elementos que definen el cambio de rumbo respecto al Gobierno anterior.<\/p>\n<p>La apuesta tiene una l\u00f3gica pol\u00edtica clara: <strong>despu\u00e9s de a\u00f1os de expansi\u00f3n territorial de grupos armados <\/strong>y de cuestionamientos a los resultados de la \u201cpaz total\u201d, el nuevo Gobierno asegura que apunta a recuperar la iniciativa del Estado y demostrar que las organizaciones ilegales volver\u00e1n a enfrentarse a una respuesta militar contundente.&nbsp;<\/p>\n<div class=\"m-em-image\">\n<figure class=\"m-item-image m-item-image--original m-item-image--has-caption\"> <picture class=\"a-picture a-picture--original\"><source type=\"image\/webp\" srcset=\"https:\/\/s.france24.com\/media\/display\/f7ceab52-43e3-11ef-bd8e-005056bfb2b6\/w:246\/AP24103634190273.webp 246w, https:\/\/s.france24.com\/media\/display\/f7ceab52-43e3-11ef-bd8e-005056bfb2b6\/w:388\/AP24103634190273.webp 388w, https:\/\/s.france24.com\/media\/display\/f7ceab52-43e3-11ef-bd8e-005056bfb2b6\/w:720\/AP24103634190273.webp 720w, https:\/\/s.france24.com\/media\/display\/f7ceab52-43e3-11ef-bd8e-005056bfb2b6\/w:980\/AP24103634190273.webp 980w\" sizes=\"(max-width: 1023px) calc(100vw - 32px), (min-width: 1024px) 850px\"><img fetchpriority=\"low\" decoding=\"async\" src=\"https:\/\/s.france24.com\/media\/display\/f7ceab52-43e3-11ef-bd8e-005056bfb2b6\/w:980\/AP24103634190273.jpg\" srcset=\"https:\/\/s.france24.com\/media\/display\/f7ceab52-43e3-11ef-bd8e-005056bfb2b6\/w:246\/AP24103634190273.jpg 246w, https:\/\/s.france24.com\/media\/display\/f7ceab52-43e3-11ef-bd8e-005056bfb2b6\/w:388\/AP24103634190273.jpg 388w, https:\/\/s.france24.com\/media\/display\/f7ceab52-43e3-11ef-bd8e-005056bfb2b6\/w:720\/AP24103634190273.jpg 720w, https:\/\/s.france24.com\/media\/display\/f7ceab52-43e3-11ef-bd8e-005056bfb2b6\/w:980\/AP24103634190273.jpg 980w\" sizes=\"(max-width: 1023px) calc(100vw - 32px), (min-width: 1024px) 850px\" alt=\"Miembros de las disidencias de las extintas FARC hacen un bloqueo vial en Corinto, Colombia, el viernes 12 de abril de 2024.\" loading=\"lazy\" class=\"a-img \">\n<\/picture><figcaption class=\"a-figcaption\"> Miembros de las disidencias de las extintas FARC hacen un bloqueo vial en Corinto, Colombia, el viernes 12 de abril de 2024. AP &#8211; Edwin Rodriguez <\/figcaption><\/figure>\n<\/p><\/div>\n<p>Para sus partidarios, las operaciones y las cifras de incautaciones representan una recuperaci\u00f3n de la autoridad estatal y un mensaje especialmente dirigido a territorios donde las comunidades han vivido bajo la presi\u00f3n de grupos armados.<\/p>\n<p>Pero el endurecimiento tambi\u00e9n ha abierto uno de los primeros grandes frentes de controversia de la Presidencia.<\/p>\n<p class=\"a-read-more\"><span class=\"a-read-more__label\">Leer tambi\u00e9n<\/span><a href=\"https:\/\/www.france24.com\/es\/am\u00e9rica-latina\/20260828-qu\u00e9-se-sabe-del-secuestro-de-un-militar-de-la-legi\u00f3n-extranjera-francesa-en-colombia\" target=\"_self\" class=\"a-read-more__link\">\u00bfQu\u00e9 se sabe del secuestro de un militar de la Legi\u00f3n Extranjera francesa en Colombia?<\/a><\/p>\n<h2><strong>Los menores muertos y los l\u00edmites de la ofensiva<\/strong><\/h2>\n<p>La muerte de menores de edad en operaciones a\u00e9reas contra grupos armados se ha convertido en el caso m\u00e1s sensible de la pol\u00edtica de seguridad de De la Espriella. El Instituto Nacional de Medicina Legal confirm\u00f3 que tres de los diez cuerpos recuperados despu\u00e9s de un bombardeo registrado el pasado 27 de agosto en el Guaviare, en el oriente de Colombia, correspond\u00edan a menores de 15 y 16 a\u00f1os. El Gobierno defendi\u00f3 la operaci\u00f3n argumentando que los adolescentes formaban parte de una estructura armada y, por tanto, constitu\u00edan objetivos leg\u00edtimos.<\/p>\n<p><strong>En el trasfondo del flagelo se sit\u00faa un grave fen\u00f3meno de reclutamiento de ni\u00f1os y adolescentes por parte de organizaciones armadas al margen de la ley, como las disidencias de las FARC, <\/strong>grupos que se rehusaron a entregar las armas y acogerse al denominado Acuerdo de Paz de 2016.<\/p>\n<p>Seg\u00fan cifras de la Defensor\u00eda del Pueblo, entre 2024 y el 31 de julio de 2026 se tuvo conocimiento de 1.173 casos de reclutamiento de menores. Una situaci\u00f3n que pone al Estado ante una disyuntiva especialmente compleja: combatir militarmente a organizaciones que utilizan menores, pero al mismo tiempo proteger a esos menores como v\u00edctimas del conflicto.<\/p>\n<div id=\"em-WBMZ418088-F24-ES-20260906\" class=\"m-em-flash\" data-xtwitter-script>\n<div class=\"o-em-consent \" readability=\"7\">\n<div class=\"o-em-consent__content\" readability=\"34\">\n<p class=\"o-em-consent__content__text\">Para mostrar este contenido de X (Twitter), debe autorizar las cookies de medici\u00f3n de audiencia y publicidad.<\/p>\n<p> <button class=\"a-master-button a-master-button--dark\" data-action=\"accept\"> Aceptar <svg class=\"a-svg a-svg--icon-check\"> <use xlink:href=\"\/build\/images\/svg\/sprite.68b43361c11f23b39049016b32e6ae31.svg#icon-check\" href=\"\/build\/images\/svg\/sprite.68b43361c11f23b39049016b32e6ae31.svg#icon-check\" \/> <\/svg> <\/button> <button class=\"a-link\" data-action=\"manage\">Gestionar mis opciones <svg class=\"a-svg a-svg--icon-edit\"> <use xlink:href=\"\/build\/images\/svg\/sprite.68b43361c11f23b39049016b32e6ae31.svg#icon-edit\" href=\"\/build\/images\/svg\/sprite.68b43361c11f23b39049016b32e6ae31.svg#icon-edit\" \/> <\/svg><br \/>\n<\/button> <\/div>\n<\/div>\n<\/div>\n<p><strong>Dos decisiones judiciales recientes han puesto l\u00edmites a la estrategia del Ejecutivo.<\/strong> Un juzgado de Bogot\u00e1 y posteriormente un tribunal del Guaviare ordenaron adoptar medidas para evitar bombardeos cuando exista informaci\u00f3n sobre la presencia de menores y exigieron reforzar los mecanismos de inteligencia, evaluaci\u00f3n de riesgos y protecci\u00f3n de ni\u00f1os y adolescentes antes de las operaciones a\u00e9reas. El Gobierno anunci\u00f3 que apelar\u00eda, calificando uno de los fallos de \u201cabsurdo e inconstitucional\u201d.<\/p>\n<p>La controversia constituye probablemente la primera prueba importante de los l\u00edmites institucionales de la \u201cmano de hierro\u201d. De la Espriella puede mantener una pol\u00edtica de seguridad m\u00e1s agresiva que su antecesor, pero tendr\u00e1 que demostrar que el fortalecimiento de la acci\u00f3n militar no implica rebajar los est\u00e1ndares de protecci\u00f3n de la poblaci\u00f3n civil.&nbsp;<\/p>\n<p>La eficacia de la estrategia no depender\u00e1 \u00fanicamente del n\u00famero de integrantes de grupos armados capturados o abatidos, sino tambi\u00e9n de su capacidad para reducir la violencia sin generar nuevas controversias sobre el cumplimiento de las obligaciones legales del Estado.<\/p>\n<p class=\"a-read-more\"><span class=\"a-read-more__label\">Leer tambi\u00e9n<\/span><a href=\"https:\/\/www.france24.com\/es\/am\u00e9rica-latina\/20260831-qu\u00e9-responde-el-gobierno-colombiano-tras-el-bombardeo-contra-disidencias-de-las-farc-en-el-que-murieron-tres-menores\" target=\"_self\" class=\"a-read-more__link\">\u00bfQu\u00e9 responde el Gobierno colombiano tras el bombardeo contra disidencias de las FARC en el que murieron tres menores?<\/a><\/p>\n<h2><strong>Un giro de 180 grados respecto a Petro<\/strong><\/h2>\n<p>El contraste con Gustavo Petro atraviesa pr\u00e1cticamente todas las \u00e1reas del primer mes de De la Espriella. El cambio resulta especialmente evidente en seguridad, donde el actual presidente ha desmantelado buena parte de la l\u00f3gica de negociaci\u00f3n de la \u201cpaz total\u201d y ha sustituido el lenguaje de di\u00e1logo por el de confrontaci\u00f3n. Tambi\u00e9n se percibe en la relaci\u00f3n con las Fuerzas Armadas y en la manera de comunicar los resultados de las operaciones.<\/p>\n<p>La prensa local ha descrito a De la Espriella como un presidente de actividad intensa, muy involucrado en la ejecuci\u00f3n cotidiana y particularmente interesado en mostrar p\u00fablicamente lo que hace su Gobierno. La Presidencia ha difundido im\u00e1genes del mandatario en escenarios militares y junto a resultados de operaciones, una estrategia que busca reforzar su identidad pol\u00edtica de dirigente dispuesto a enfrentar directamente al crimen.<\/p>\n<div class=\"m-em-image\">\n<figure class=\"m-item-image m-item-image--original m-item-image--has-caption\"> <picture class=\"a-picture a-picture--original\"><source type=\"image\/webp\" srcset=\"https:\/\/s.france24.com\/media\/display\/522e372c-17b9-11ef-873e-005056a90284\/w:246\/cauca3.webp 246w, https:\/\/s.france24.com\/media\/display\/522e372c-17b9-11ef-873e-005056a90284\/w:388\/cauca3.webp 388w, https:\/\/s.france24.com\/media\/display\/522e372c-17b9-11ef-873e-005056a90284\/w:720\/cauca3.webp 720w, https:\/\/s.france24.com\/media\/display\/522e372c-17b9-11ef-873e-005056a90284\/w:980\/cauca3.webp 980w\" sizes=\"(max-width: 1023px) calc(100vw - 32px), (min-width: 1024px) 850px\"><img fetchpriority=\"low\" decoding=\"async\" src=\"https:\/\/s.france24.com\/media\/display\/522e372c-17b9-11ef-873e-005056a90284\/w:980\/cauca3.jpg\" srcset=\"https:\/\/s.france24.com\/media\/display\/522e372c-17b9-11ef-873e-005056a90284\/w:246\/cauca3.jpg 246w, https:\/\/s.france24.com\/media\/display\/522e372c-17b9-11ef-873e-005056a90284\/w:388\/cauca3.jpg 388w, https:\/\/s.france24.com\/media\/display\/522e372c-17b9-11ef-873e-005056a90284\/w:720\/cauca3.jpg 720w, https:\/\/s.france24.com\/media\/display\/522e372c-17b9-11ef-873e-005056a90284\/w:980\/cauca3.jpg 980w\" sizes=\"(max-width: 1023px) calc(100vw - 32px), (min-width: 1024px) 850px\" alt=\"Un miembro del frente Carlos Patino de la guerrilla disidente de las FARC patrulla junto a cultivos de coca en el Ca\u00f1\u00f3n de Micay, una zona monta\u00f1osa y basti\u00f3n del EMC en el departamento del Cauca, suroeste de Colombia, el 24 de marzo de 2024.\" loading=\"lazy\" class=\"a-img \">\n<\/picture><figcaption class=\"a-figcaption\"> Un miembro del frente Carlos Patino de la guerrilla disidente de las FARC patrulla junto a cultivos de coca en el Ca\u00f1\u00f3n de Micay, una zona monta\u00f1osa y basti\u00f3n del EMC en el departamento del Cauca, suroeste de Colombia, el 24 de marzo de 2024. \u00a9 AFP \/ RAUL ARBOLEDA <\/figcaption><\/figure>\n<\/p><\/div>\n<p>La diferencia con Petro tambi\u00e9n se visibiliza en el plano internacional. De la Espriella busca una relaci\u00f3n mucho m\u00e1s estrecha con Washington, especialmente en seguridad y narcotr\u00e1fico, mientras el gobierno anterior mantuvo frecuentes enfrentamientos diplom\u00e1ticos con la Administraci\u00f3n de Donald Trump.&nbsp;<\/p>\n<p>La cooperaci\u00f3n con Estados Unidos, as\u00ed como el acercamiento con Israel representan, en ese sentido, una reorientaci\u00f3n significativa de la pol\u00edtica exterior colombiana. El terremoto, incluso, proporcion\u00f3 una primera expresi\u00f3n pr\u00e1ctica de esa nueva relaci\u00f3n, con la participaci\u00f3n estadounidense en la respuesta humanitaria.<\/p>\n<p class=\"a-read-more\"><span class=\"a-read-more__label\">Leer tambi\u00e9n<\/span><a href=\"https:\/\/www.france24.com\/es\/video\/20260830-de-la-espriella-derriba-la-paz-total-de-petro-es-un-retroceso-para-la-paz-en-colombia\" target=\"_self\" class=\"a-read-more__link\">De la Espriella derriba la &#8216;Paz Total&#8217; de Petro: \u00bfEs un retroceso para la paz en Colombia?<\/a><\/p>\n<h2><strong>Washington y una nueva arquitectura internacional<\/strong><\/h2>\n<p>La aproximaci\u00f3n a Estados Unidos no es \u00fanicamente simb\u00f3lica. El nuevo Gobierno pretende profundizar la cooperaci\u00f3n en materia de seguridad y lucha contra el narcotr\u00e1fico, al tiempo que busca fortalecer los v\u00ednculos econ\u00f3micos y comerciales. El cambio supone recuperar una relaci\u00f3n que durante la gesti\u00f3n de Petro atraves\u00f3 momentos de fuerte tensi\u00f3n.<\/p>\n<p>Tambi\u00e9n se ha producido un acercamiento con Israel, despu\u00e9s de que Petro rompiera relaciones con ese pa\u00eds en el contexto de las hostilidades en Gaza que el exmandatario ha se\u00f1alado expresamente como genocidio, en corcondancia con expertos de Naciones Unidas.&nbsp;<\/p>\n<p>El giro forma parte de una pol\u00edtica exterior m\u00e1s pr\u00f3xima a Washington y a gobiernos conservadores de la regi\u00f3n que, de hecho, se consolida con <a href=\"https:\/\/www.france24.com\/es\/am\u00e9rica-latina\/20260904-rubio-desembarca-en-los-andes-la-apuesta-de-trump-por-consolidar-un-bloque-de-aliados-en-am\u00e9rica-latina\" target=\"_self\">la pr\u00f3xima visita del secretario de Estado, Marco Rubio, entre el 8 y 10 de septiembre,<\/a> justamente a tres pa\u00edses de la regi\u00f3n afines a la pol\u00edtica estadounidense: Colombia, Ecuador y Per\u00fa. Para los partidarios de De la Espriella, se trata de una recuperaci\u00f3n de alianzas estrat\u00e9gicas que consideran importantes para la seguridad colombiana; para sus cr\u00edticos, supone una alineaci\u00f3n ideol\u00f3gica excesiva con Estados Unidos y el Estado de mayor\u00eda jud\u00eda.<\/p>\n<div class=\"m-em-image\">\n<figure class=\"m-item-image m-item-image--original m-item-image--has-caption\"> <picture class=\"a-picture a-picture--original\"><source type=\"image\/webp\" srcset=\"https:\/\/s.france24.com\/media\/display\/30fdf6da-8cc2-11f0-8d90-005056a97e36\/w:246\/AP24339599300259.webp 246w, https:\/\/s.france24.com\/media\/display\/30fdf6da-8cc2-11f0-8d90-005056a97e36\/w:388\/AP24339599300259.webp 388w, https:\/\/s.france24.com\/media\/display\/30fdf6da-8cc2-11f0-8d90-005056a97e36\/w:720\/AP24339599300259.webp 720w, https:\/\/s.france24.com\/media\/display\/30fdf6da-8cc2-11f0-8d90-005056a97e36\/w:980\/AP24339599300259.webp 980w\" sizes=\"(max-width: 1023px) calc(100vw - 32px), (min-width: 1024px) 850px\"><img fetchpriority=\"low\" decoding=\"async\" src=\"https:\/\/s.france24.com\/media\/display\/30fdf6da-8cc2-11f0-8d90-005056a97e36\/w:980\/AP24339599300259.jpg\" srcset=\"https:\/\/s.france24.com\/media\/display\/30fdf6da-8cc2-11f0-8d90-005056a97e36\/w:246\/AP24339599300259.jpg 246w, https:\/\/s.france24.com\/media\/display\/30fdf6da-8cc2-11f0-8d90-005056a97e36\/w:388\/AP24339599300259.jpg 388w, https:\/\/s.france24.com\/media\/display\/30fdf6da-8cc2-11f0-8d90-005056a97e36\/w:720\/AP24339599300259.jpg 720w, https:\/\/s.france24.com\/media\/display\/30fdf6da-8cc2-11f0-8d90-005056a97e36\/w:980\/AP24339599300259.jpg 980w\" sizes=\"(max-width: 1023px) calc(100vw - 32px), (min-width: 1024px) 850px\" alt=\"The US flag flies in front of the US Supreme Court, Wednesday, Dec. 4, 2024, on Capitol Hill in Washington.\" loading=\"lazy\" class=\"a-img \">\n<\/picture><figcaption class=\"a-figcaption\"> Archivo: la bandera estadounidense ondea frente a la Corte Suprema de los Estados Unidos, el mi\u00e9rcoles 4 de diciembre de 2024, en el Capitolio en Washington. \u00a9 Mariam Zuhaib\/AP <\/figcaption><\/figure>\n<\/p><\/div>\n<p>El terremoto mostr\u00f3, adem\u00e1s, que esta nueva orientaci\u00f3n tiene consecuencias pr\u00e1cticas. Israel estuvo entre los pa\u00edses cuyos equipos de rescate fueron aceptados por Bogot\u00e1, mientras grupos latinoamericanos experimentados, como los de Chile o M\u00e9xico, quedaron inicialmente fuera, seg\u00fan Bogot\u00e1, por cuestiones de certificaci\u00f3n. Aunque no puede establecerse a partir de estos hechos que existiera una discriminaci\u00f3n pol\u00edtica, la selecci\u00f3n aliment\u00f3 precisamente esa interpretaci\u00f3n y oblig\u00f3 al Gobierno a explicar con mayor claridad sus criterios.<\/p>\n<p class=\"a-read-more\"><span class=\"a-read-more__label\">Leer tambi\u00e9n<\/span><a href=\"https:\/\/www.france24.com\/es\/am\u00e9rica-latina\/20260904-rubio-desembarca-en-los-andes-la-apuesta-de-trump-por-consolidar-un-bloque-de-aliados-en-am\u00e9rica-latina\" target=\"_self\" class=\"a-read-more__link\">Rubio desembarca en los Andes: la apuesta de Trump por consolidar un bloque de aliados en Am\u00e9rica Latina<\/a><\/p>\n<h2><strong>Una Presidencia que busca controlar el mensaje<\/strong><\/h2>\n<p>Otro elemento que define el primer mes de De la Espriella es la manera en que administra la comunicaci\u00f3n. La Presidencia ha centralizado fuertemente las comunicaciones oficiales y ha limitado las apariciones p\u00fablicas de ministros y viceministros.&nbsp;<\/p>\n<p>Medios de comunicaci\u00f3n colombianos reportan instrucciones para que los funcionarios no concedan entrevistas o ruedas de prensa sin autorizaci\u00f3n previa y \u00f3 la existencia de una estrategia para priorizar determinados medios considerados \u201camigos\u201d.<\/p>\n<p>La Casa de Nari\u00f1o no ha confirmado p\u00fablicamente todas esas directrices, que proceden de notas tomadas durante una reuni\u00f3n de responsables de comunicaci\u00f3n. Sin embargo, varias de las pr\u00e1cticas descritas coinciden con lo observado durante las primeras semanas: pocas entrevistas ministeriales, ruedas de prensa sin preguntas y una concentraci\u00f3n de los principales anuncios en el propio presidente.<\/p>\n<p>Hay una explicaci\u00f3n pol\u00edtica para esta estrategia. <strong>Centralizar el mensaje permite reducir contradicciones entre ministros, controlar la agenda y proyectar una imagen de Gobierno cohesionado.<\/strong>&nbsp;<\/p>\n<div class=\"m-em-image\">\n<figure class=\"m-item-image m-item-image--original m-item-image--has-caption\"> <picture class=\"a-picture a-picture--original\"><source type=\"image\/webp\" srcset=\"https:\/\/s.france24.com\/media\/display\/9adbd7d2-9b23-11f1-9ebb-005056a90284\/w:246\/2026-08-14T205657Z-460322067-RC2JYMAZBGY6-RTRMADP-3-COLOMBIA-QUAKE.webp 246w, https:\/\/s.france24.com\/media\/display\/9adbd7d2-9b23-11f1-9ebb-005056a90284\/w:388\/2026-08-14T205657Z-460322067-RC2JYMAZBGY6-RTRMADP-3-COLOMBIA-QUAKE.webp 388w, https:\/\/s.france24.com\/media\/display\/9adbd7d2-9b23-11f1-9ebb-005056a90284\/w:720\/2026-08-14T205657Z-460322067-RC2JYMAZBGY6-RTRMADP-3-COLOMBIA-QUAKE.webp 720w, https:\/\/s.france24.com\/media\/display\/9adbd7d2-9b23-11f1-9ebb-005056a90284\/w:980\/2026-08-14T205657Z-460322067-RC2JYMAZBGY6-RTRMADP-3-COLOMBIA-QUAKE.webp 980w\" sizes=\"(max-width: 1023px) calc(100vw - 32px), (min-width: 1024px) 850px\"><img fetchpriority=\"low\" decoding=\"async\" src=\"https:\/\/s.france24.com\/media\/display\/9adbd7d2-9b23-11f1-9ebb-005056a90284\/w:980\/2026-08-14T205657Z-460322067-RC2JYMAZBGY6-RTRMADP-3-COLOMBIA-QUAKE.jpg\" srcset=\"https:\/\/s.france24.com\/media\/display\/9adbd7d2-9b23-11f1-9ebb-005056a90284\/w:246\/2026-08-14T205657Z-460322067-RC2JYMAZBGY6-RTRMADP-3-COLOMBIA-QUAKE.jpg 246w, https:\/\/s.france24.com\/media\/display\/9adbd7d2-9b23-11f1-9ebb-005056a90284\/w:388\/2026-08-14T205657Z-460322067-RC2JYMAZBGY6-RTRMADP-3-COLOMBIA-QUAKE.jpg 388w, https:\/\/s.france24.com\/media\/display\/9adbd7d2-9b23-11f1-9ebb-005056a90284\/w:720\/2026-08-14T205657Z-460322067-RC2JYMAZBGY6-RTRMADP-3-COLOMBIA-QUAKE.jpg 720w, https:\/\/s.france24.com\/media\/display\/9adbd7d2-9b23-11f1-9ebb-005056a90284\/w:980\/2026-08-14T205657Z-460322067-RC2JYMAZBGY6-RTRMADP-3-COLOMBIA-QUAKE.jpg 980w\" sizes=\"(max-width: 1023px) calc(100vw - 32px), (min-width: 1024px) 850px\" alt=\"Archivo: el presidente colombiano Abelardo de la Espriella habla con los medios de comunicaci\u00f3n en una estaci\u00f3n de bomberos junto a su esposa Ana Luc\u00eda Pineda tras el terremoto de Pereira, Colombia, el 14 de agosto de 2026.\" loading=\"lazy\" class=\"a-img \">\n<\/picture><figcaption class=\"a-figcaption\"> Archivo: el presidente colombiano Abelardo de la Espriella habla con los medios de comunicaci\u00f3n en una estaci\u00f3n de bomberos junto a su esposa Ana Luc\u00eda Pineda tras el terremoto de Pereira, Colombia, el 14 de agosto de 2026. \u00a9 Reuters\/Luisa Gonz\u00e1lez <\/figcaption><\/figure>\n<\/p><\/div>\n<p>Camilo Granada, antiguo alto consejero presidencial para las comunicaciones de Juan Manuel Santos, declar\u00f3 al diario \u2018El Pa\u00eds\u2019 que considera comprensible que cualquier Gobierno quiera controlar su narrativa. Sin embargo, advierte que esa estrategia encuentra l\u00edmites cuando restringe el acceso de los periodistas a la informaci\u00f3n p\u00fablica. La organizaci\u00f3n El Veinte, dedicada a la defensa de la libertad de expresi\u00f3n, fue todav\u00eda m\u00e1s cr\u00edtica y calific\u00f3 el esquema denunciado de potencial amenaza para la libertad de prensa y el derecho ciudadano a estar informado.<\/p>\n<p>El dilema para De la Espriella ser\u00e1 encontrar un equilibrio entre disciplina comunicativa y transparencia. <strong>Un Gobierno puede decidir qui\u00e9n concede una entrevista o c\u00f3mo estructura sus mensajes, pero en una democracia la rendici\u00f3n de cuentas requiere tambi\u00e9n preguntas, contradicci\u00f3n y acceso de medios con distintas l\u00edneas editoriales.<\/strong> Como advierte Granada, una estrategia de control absoluto del mensaje puede resultar dif\u00edcil de mantener cuando las necesidades de informaci\u00f3n de la sociedad superan la capacidad de unos pocos voceros.<\/p>\n<p class=\"a-read-more\"><span class=\"a-read-more__label\">Leer tambi\u00e9n<\/span><a href=\"https:\/\/www.france24.com\/es\/programas\/invitad-del-d\u00eda\/20260904-abelardo-de-la-espriella-busca-limitar-la-libertad-de-prensa-en-colombia\" target=\"_self\" class=\"a-read-more__link\">\u00bfAbelardo de la Espriella busca limitar la libertad de prensa en Colombia?<\/a><\/p>\n<h2><strong>\u00bfUn mes que ya define el rumbo?<\/strong><\/h2>\n<p>Los primeros 30 d\u00edas de De la Espriella parecen ser menos una etapa de instalaci\u00f3n que una prueba acelerada de su modelo de Gobierno.&nbsp;<\/p>\n<p>El terremoto le permiti\u00f3 mostrar capacidad de reacci\u00f3n y liderazgo personal, aunque tambi\u00e9n expuso problemas de coordinaci\u00f3n y abri\u00f3 una controversia sobre la gesti\u00f3n de la ayuda internacional. Y la ofensiva contra los grupos armados ha dado al presidente una plataforma para cumplir su promesa de \u201cmano de hierro\u201d, pero las muertes de menores y las decisiones judiciales han recordado que la fuerza del Estado est\u00e1 sometida a l\u00edmites legales.<\/p>\n<p>Al mismo tiempo, el giro con respecto a Gustavo Petro es dif\u00edcil de ignorar. La pol\u00edtica de seguridad, la relaci\u00f3n con Washington, el acercamiento a Israel y el discurso frente a las organizaciones armadas apuntan en una direcci\u00f3n claramente distinta. Incluso el estilo presidencial \u2014m\u00e1s centralizado, visible y combativo\u2014 representa una ruptura con la etapa anterior.<\/p>\n<div class=\"m-em-image\">\n<figure class=\"m-item-image m-item-image--original m-item-image--has-caption\"> <picture class=\"a-picture a-picture--original\"><source type=\"image\/webp\" srcset=\"https:\/\/s.france24.com\/media\/display\/b95096a6-aa16-11f1-b911-005056bf30b7\/w:246\/2026-08-28T215418Z-1596773657-RC2U7NAJZ8F2-RTRMADP-3-COLOMBIA-POLITICS.webp 246w, https:\/\/s.france24.com\/media\/display\/b95096a6-aa16-11f1-b911-005056bf30b7\/w:388\/2026-08-28T215418Z-1596773657-RC2U7NAJZ8F2-RTRMADP-3-COLOMBIA-POLITICS.webp 388w, https:\/\/s.france24.com\/media\/display\/b95096a6-aa16-11f1-b911-005056bf30b7\/w:720\/2026-08-28T215418Z-1596773657-RC2U7NAJZ8F2-RTRMADP-3-COLOMBIA-POLITICS.webp 720w, https:\/\/s.france24.com\/media\/display\/b95096a6-aa16-11f1-b911-005056bf30b7\/w:980\/2026-08-28T215418Z-1596773657-RC2U7NAJZ8F2-RTRMADP-3-COLOMBIA-POLITICS.webp 980w\" sizes=\"(max-width: 1023px) calc(100vw - 32px), (min-width: 1024px) 850px\"><img fetchpriority=\"low\" decoding=\"async\" src=\"https:\/\/s.france24.com\/media\/display\/b95096a6-aa16-11f1-b911-005056bf30b7\/w:980\/2026-08-28T215418Z-1596773657-RC2U7NAJZ8F2-RTRMADP-3-COLOMBIA-POLITICS.jpg\" srcset=\"https:\/\/s.france24.com\/media\/display\/b95096a6-aa16-11f1-b911-005056bf30b7\/w:246\/2026-08-28T215418Z-1596773657-RC2U7NAJZ8F2-RTRMADP-3-COLOMBIA-POLITICS.jpg 246w, https:\/\/s.france24.com\/media\/display\/b95096a6-aa16-11f1-b911-005056bf30b7\/w:388\/2026-08-28T215418Z-1596773657-RC2U7NAJZ8F2-RTRMADP-3-COLOMBIA-POLITICS.jpg 388w, https:\/\/s.france24.com\/media\/display\/b95096a6-aa16-11f1-b911-005056bf30b7\/w:720\/2026-08-28T215418Z-1596773657-RC2U7NAJZ8F2-RTRMADP-3-COLOMBIA-POLITICS.jpg 720w, https:\/\/s.france24.com\/media\/display\/b95096a6-aa16-11f1-b911-005056bf30b7\/w:980\/2026-08-28T215418Z-1596773657-RC2U7NAJZ8F2-RTRMADP-3-COLOMBIA-POLITICS.jpg 980w\" sizes=\"(max-width: 1023px) calc(100vw - 32px), (min-width: 1024px) 850px\" alt=\"Archivo: el presidente colombiano Abelardo De La Espriella, rodeado de personal de seguridad, durante la entrega de ayuda humanitaria a las personas afectadas por el terremoto del 10 de agosto en Cali, Colombia, el 28 de agosto de 2026.\" loading=\"lazy\" class=\"a-img \">\n<\/picture><figcaption class=\"a-figcaption\"> Archivo: el presidente colombiano Abelardo De La Espriella, rodeado de personal de seguridad, durante la entrega de ayuda humanitaria a las personas afectadas por el terremoto del 10 de agosto en Cali, Colombia, el 28 de agosto de 2026. \u00a9 Reuters\/Jair F. Coll <\/figcaption><\/figure>\n<\/p><\/div>\n<p>Pero el verdadero balance de esta primera etapa todav\u00eda est\u00e1 por escribirse. Los resultados inmediatos en seguridad tendr\u00e1n que traducirse en una reducci\u00f3n sostenible de la violencia; la ayuda anunciada tras el terremoto deber\u00e1 convertirse en reconstrucci\u00f3n efectiva; y el control de la comunicaci\u00f3n tendr\u00e1 que convivir con las exigencias de transparencia propias de una democracia.&nbsp;<\/p>\n<p>De la Espriella ha dejado claro en sus primeras cuatro semanas qu\u00e9 tipo de presidente quiere ser. Lo que a\u00fan est\u00e1 por comprobarse es si esa mezcla de autoridad, exposici\u00f3n permanente y confrontaci\u00f3n puede producir resultados duraderos sin profundizar los conflictos institucionales y pol\u00edticos que ya empiezan a acompa\u00f1ar su mandato.<\/p>\n<p class=\"a-read-more\"><span class=\"a-read-more__label\">Leer tambi\u00e9n<\/span><a href=\"https:\/\/www.france24.com\/es\/video\/20260903-directo-latam-y-el-cambio-de-la-ministra-de-educaci\u00f3n-de-colombia-y-el-fin-de-las-mesas-de-di\u00e1logo\" target=\"_self\" class=\"a-read-more__link\">Directo Latam y el cambio de la ministra de Educaci\u00f3n de Colombia y el fin de las mesas de di\u00e1logo<\/a><\/p>\n<p>Con EFE y medios locales<\/p>\n","protected":false},"excerpt":{"rendered":"<p>Un Gobierno obligado a empezar en medio&#46;&#46;&#46;<\/p>\n","protected":false},"author":1,"featured_media":416723,"comment_status":"closed","ping_status":"closed","sticky":false,"template":"","format":"standard","meta":{"_jetpack_newsletter_access":"","_jetpack_dont_email_post_to_subs":false,"_jetpack_newsletter_tier_id":0,"_jetpack_memberships_contains_paywalled_content":false,"_jetpack_feature_clip_id":0,"_jetpack_memberships_contains_paid_content":false,"footnotes":"","jetpack_publicize_message":"","jetpack_publicize_feature_enabled":true,"jetpack_social_post_already_shared":true,"jetpack_social_options":{"image_generator_settings":{"template":"highway","default_image_id":0,"font":"","enabled":false},"version":2},"jetpack_post_was_ever_published":false},"categories":[43],"tags":[],"class_list":["post-416722","post","type-post","status-publish","format-standard","has-post-thumbnail","hentry","category-internacionales"],"yoast_head":"<!-- This site is optimized with the Yoast SEO plugin v28.1 - https:\/\/yoast.com\/product\/yoast-seo-wordpress\/ -->\n<title>De la Espriella, un mes de poder en Colombia: terremoto, mano dura y una Presidencia que busca controlar el mensaje - Sarmiento24h<\/title>\n<meta name=\"robots\" content=\"index, follow, max-snippet:-1, max-image-preview:large, max-video-preview:-1\" \/>\n<link rel=\"canonical\" href=\"https:\/\/sarmiento24h.com\/?p=416722\" \/>\n<meta property=\"og:locale\" content=\"es_ES\" \/>\n<meta property=\"og:type\" content=\"article\" \/>\n<meta property=\"og:title\" content=\"De la Espriella, un mes de poder en Colombia: terremoto, mano dura y una Presidencia que busca controlar el mensaje - Sarmiento24h\" \/>\n<meta property=\"og:description\" content=\"Un Gobierno obligado a empezar en medio&#046;&#046;&#046;\" \/>\n<meta property=\"og:url\" content=\"https:\/\/sarmiento24h.com\/?p=416722\" \/>\n<meta property=\"og:site_name\" content=\"Sarmiento24h\" \/>\n<meta property=\"article:publisher\" content=\"https:\/\/facebook.com\/s24hnoticias\" \/>\n<meta property=\"article:published_time\" content=\"2026-09-06T18:21:46+00:00\" \/>\n<meta property=\"og:image\" content=\"https:\/\/s.france24.com\/media\/display\/4f012fc8-9d77-11f1-a0c2-005056bf30b7\/w:980\/IVS-DESINFO-21AGO-PORTADA-WEB-00000.png\" \/>\n<meta name=\"author\" content=\"sarmiento24h@gmail.com\" \/>\n<meta name=\"twitter:card\" content=\"summary_large_image\" \/>\n<meta name=\"twitter:creator\" content=\"@sarmiento24h\" \/>\n<meta name=\"twitter:site\" content=\"@sarmiento24h\" \/>\n<meta name=\"twitter:label1\" content=\"Escrito por\" \/>\n\t<meta name=\"twitter:data1\" content=\"sarmiento24h@gmail.com\" \/>\n\t<meta name=\"twitter:label2\" content=\"Tiempo de lectura\" \/>\n\t<meta name=\"twitter:data2\" content=\"17 minutos\" \/>\n<script type=\"application\/ld+json\" class=\"yoast-schema-graph\">{\"@context\":\"https:\\\/\\\/schema.org\",\"@graph\":[{\"@type\":\"Article\",\"@id\":\"https:\\\/\\\/sarmiento24h.com\\\/?p=416722#article\",\"isPartOf\":{\"@id\":\"https:\\\/\\\/sarmiento24h.com\\\/?p=416722\"},\"author\":{\"name\":\"sarmiento24h@gmail.com\",\"@id\":\"https:\\\/\\\/sarmiento24h.com\\\/#\\\/schema\\\/person\\\/d653a59725ad629a7e0429af7b939d4d\"},\"headline\":\"De la Espriella, un mes de poder en Colombia: terremoto, mano dura y una Presidencia que busca controlar el mensaje\",\"datePublished\":\"2026-09-06T18:21:46+00:00\",\"mainEntityOfPage\":{\"@id\":\"https:\\\/\\\/sarmiento24h.com\\\/?p=416722\"},\"wordCount\":3433,\"publisher\":{\"@id\":\"https:\\\/\\\/sarmiento24h.com\\\/#organization\"},\"image\":{\"@id\":\"https:\\\/\\\/sarmiento24h.com\\\/?p=416722#primaryimage\"},\"thumbnailUrl\":\"https:\\\/\\\/sarmiento24h.com\\\/wp-content\\\/uploads\\\/2026\\\/09\\\/de-la-espriella-un-mes-de-poder-en-colombia-terremoto-mano-dura-y-una-presidencia-que-busca-controlar-el-mensaje.png\",\"articleSection\":[\"Internacionales\"],\"inLanguage\":\"es\"},{\"@type\":\"WebPage\",\"@id\":\"https:\\\/\\\/sarmiento24h.com\\\/?p=416722\",\"url\":\"https:\\\/\\\/sarmiento24h.com\\\/?p=416722\",\"name\":\"De la Espriella, un mes de poder en Colombia: terremoto, mano dura y una Presidencia que busca controlar el mensaje - Sarmiento24h\",\"isPartOf\":{\"@id\":\"https:\\\/\\\/sarmiento24h.com\\\/#website\"},\"primaryImageOfPage\":{\"@id\":\"https:\\\/\\\/sarmiento24h.com\\\/?p=416722#primaryimage\"},\"image\":{\"@id\":\"https:\\\/\\\/sarmiento24h.com\\\/?p=416722#primaryimage\"},\"thumbnailUrl\":\"https:\\\/\\\/sarmiento24h.com\\\/wp-content\\\/uploads\\\/2026\\\/09\\\/de-la-espriella-un-mes-de-poder-en-colombia-terremoto-mano-dura-y-una-presidencia-que-busca-controlar-el-mensaje.png\",\"datePublished\":\"2026-09-06T18:21:46+00:00\",\"breadcrumb\":{\"@id\":\"https:\\\/\\\/sarmiento24h.com\\\/?p=416722#breadcrumb\"},\"inLanguage\":\"es\",\"potentialAction\":[{\"@type\":\"ReadAction\",\"target\":[\"https:\\\/\\\/sarmiento24h.com\\\/?p=416722\"]}]},{\"@type\":\"ImageObject\",\"inLanguage\":\"es\",\"@id\":\"https:\\\/\\\/sarmiento24h.com\\\/?p=416722#primaryimage\",\"url\":\"https:\\\/\\\/sarmiento24h.com\\\/wp-content\\\/uploads\\\/2026\\\/09\\\/de-la-espriella-un-mes-de-poder-en-colombia-terremoto-mano-dura-y-una-presidencia-que-busca-controlar-el-mensaje.png\",\"contentUrl\":\"https:\\\/\\\/sarmiento24h.com\\\/wp-content\\\/uploads\\\/2026\\\/09\\\/de-la-espriella-un-mes-de-poder-en-colombia-terremoto-mano-dura-y-una-presidencia-que-busca-controlar-el-mensaje.png\",\"width\":980,\"height\":551},{\"@type\":\"BreadcrumbList\",\"@id\":\"https:\\\/\\\/sarmiento24h.com\\\/?p=416722#breadcrumb\",\"itemListElement\":[{\"@type\":\"ListItem\",\"position\":1,\"name\":\"Home\",\"item\":\"https:\\\/\\\/sarmiento24h.com\\\/\"},{\"@type\":\"ListItem\",\"position\":2,\"name\":\"De la Espriella, un mes de poder en Colombia: terremoto, mano dura y una Presidencia que busca controlar el mensaje\"}]},{\"@type\":\"WebSite\",\"@id\":\"https:\\\/\\\/sarmiento24h.com\\\/#website\",\"url\":\"https:\\\/\\\/sarmiento24h.com\\\/\",\"name\":\"Sarmiento24h\",\"description\":\"\",\"publisher\":{\"@id\":\"https:\\\/\\\/sarmiento24h.com\\\/#organization\"},\"potentialAction\":[{\"@type\":\"SearchAction\",\"target\":{\"@type\":\"EntryPoint\",\"urlTemplate\":\"https:\\\/\\\/sarmiento24h.com\\\/?s={search_term_string}\"},\"query-input\":{\"@type\":\"PropertyValueSpecification\",\"valueRequired\":true,\"valueName\":\"search_term_string\"}}],\"inLanguage\":\"es\"},{\"@type\":\"Organization\",\"@id\":\"https:\\\/\\\/sarmiento24h.com\\\/#organization\",\"name\":\"Sarmiento24h\",\"url\":\"https:\\\/\\\/sarmiento24h.com\\\/\",\"logo\":{\"@type\":\"ImageObject\",\"inLanguage\":\"es\",\"@id\":\"https:\\\/\\\/sarmiento24h.com\\\/#\\\/schema\\\/logo\\\/image\\\/\",\"url\":\"https:\\\/\\\/sarmiento24h.com\\\/wp-content\\\/uploads\\\/2025\\\/12\\\/AddText_12-16-10.30.52.jpg\",\"contentUrl\":\"https:\\\/\\\/sarmiento24h.com\\\/wp-content\\\/uploads\\\/2025\\\/12\\\/AddText_12-16-10.30.52.jpg\",\"width\":1220,\"height\":324,\"caption\":\"Sarmiento24h\"},\"image\":{\"@id\":\"https:\\\/\\\/sarmiento24h.com\\\/#\\\/schema\\\/logo\\\/image\\\/\"},\"sameAs\":[\"https:\\\/\\\/facebook.com\\\/s24hnoticias\",\"https:\\\/\\\/x.com\\\/sarmiento24h\"]},{\"@type\":\"Person\",\"@id\":\"https:\\\/\\\/sarmiento24h.com\\\/#\\\/schema\\\/person\\\/d653a59725ad629a7e0429af7b939d4d\",\"name\":\"sarmiento24h@gmail.com\",\"image\":{\"@type\":\"ImageObject\",\"inLanguage\":\"es\",\"@id\":\"https:\\\/\\\/sarmiento24h.com\\\/wp-content\\\/litespeed\\\/avatar\\\/d02cbc4e23c747e6659cd45907173c8f.jpg?ver=1788652516\",\"url\":\"https:\\\/\\\/sarmiento24h.com\\\/wp-content\\\/litespeed\\\/avatar\\\/d02cbc4e23c747e6659cd45907173c8f.jpg?ver=1788652516\",\"contentUrl\":\"https:\\\/\\\/sarmiento24h.com\\\/wp-content\\\/litespeed\\\/avatar\\\/d02cbc4e23c747e6659cd45907173c8f.jpg?ver=1788652516\",\"caption\":\"sarmiento24h@gmail.com\"},\"sameAs\":[\"https:\\\/\\\/sarmiento24h.com\"],\"url\":\"https:\\\/\\\/sarmiento24h.com\\\/?author=1\"}]}<\/script>\n<!-- \/ Yoast SEO plugin. -->","yoast_head_json":{"title":"De la Espriella, un mes de poder en Colombia: terremoto, mano dura y una Presidencia que busca controlar el mensaje - Sarmiento24h","robots":{"index":"index","follow":"follow","max-snippet":"max-snippet:-1","max-image-preview":"max-image-preview:large","max-video-preview":"max-video-preview:-1"},"canonical":"https:\/\/sarmiento24h.com\/?p=416722","og_locale":"es_ES","og_type":"article","og_title":"De la Espriella, un mes de poder en Colombia: terremoto, mano dura y una Presidencia que busca controlar el mensaje - Sarmiento24h","og_description":"Un Gobierno obligado a empezar en medio&#46;&#46;&#46;","og_url":"https:\/\/sarmiento24h.com\/?p=416722","og_site_name":"Sarmiento24h","article_publisher":"https:\/\/facebook.com\/s24hnoticias","article_published_time":"2026-09-06T18:21:46+00:00","og_image":[{"url":"https:\/\/s.france24.com\/media\/display\/4f012fc8-9d77-11f1-a0c2-005056bf30b7\/w:980\/IVS-DESINFO-21AGO-PORTADA-WEB-00000.png","type":"","width":"","height":""}],"author":"sarmiento24h@gmail.com","twitter_card":"summary_large_image","twitter_creator":"@sarmiento24h","twitter_site":"@sarmiento24h","twitter_misc":{"Escrito por":"sarmiento24h@gmail.com","Tiempo de lectura":"17 minutos"},"schema":{"@context":"https:\/\/schema.org","@graph":[{"@type":"Article","@id":"https:\/\/sarmiento24h.com\/?p=416722#article","isPartOf":{"@id":"https:\/\/sarmiento24h.com\/?p=416722"},"author":{"name":"sarmiento24h@gmail.com","@id":"https:\/\/sarmiento24h.com\/#\/schema\/person\/d653a59725ad629a7e0429af7b939d4d"},"headline":"De la Espriella, un mes de poder en Colombia: terremoto, mano dura y una Presidencia que busca controlar el mensaje","datePublished":"2026-09-06T18:21:46+00:00","mainEntityOfPage":{"@id":"https:\/\/sarmiento24h.com\/?p=416722"},"wordCount":3433,"publisher":{"@id":"https:\/\/sarmiento24h.com\/#organization"},"image":{"@id":"https:\/\/sarmiento24h.com\/?p=416722#primaryimage"},"thumbnailUrl":"https:\/\/sarmiento24h.com\/wp-content\/uploads\/2026\/09\/de-la-espriella-un-mes-de-poder-en-colombia-terremoto-mano-dura-y-una-presidencia-que-busca-controlar-el-mensaje.png","articleSection":["Internacionales"],"inLanguage":"es"},{"@type":"WebPage","@id":"https:\/\/sarmiento24h.com\/?p=416722","url":"https:\/\/sarmiento24h.com\/?p=416722","name":"De la Espriella, un mes de poder en Colombia: terremoto, mano dura y una Presidencia que busca controlar el mensaje - Sarmiento24h","isPartOf":{"@id":"https:\/\/sarmiento24h.com\/#website"},"primaryImageOfPage":{"@id":"https:\/\/sarmiento24h.com\/?p=416722#primaryimage"},"image":{"@id":"https:\/\/sarmiento24h.com\/?p=416722#primaryimage"},"thumbnailUrl":"https:\/\/sarmiento24h.com\/wp-content\/uploads\/2026\/09\/de-la-espriella-un-mes-de-poder-en-colombia-terremoto-mano-dura-y-una-presidencia-que-busca-controlar-el-mensaje.png","datePublished":"2026-09-06T18:21:46+00:00","breadcrumb":{"@id":"https:\/\/sarmiento24h.com\/?p=416722#breadcrumb"},"inLanguage":"es","potentialAction":[{"@type":"ReadAction","target":["https:\/\/sarmiento24h.com\/?p=416722"]}]},{"@type":"ImageObject","inLanguage":"es","@id":"https:\/\/sarmiento24h.com\/?p=416722#primaryimage","url":"https:\/\/sarmiento24h.com\/wp-content\/uploads\/2026\/09\/de-la-espriella-un-mes-de-poder-en-colombia-terremoto-mano-dura-y-una-presidencia-que-busca-controlar-el-mensaje.png","contentUrl":"https:\/\/sarmiento24h.com\/wp-content\/uploads\/2026\/09\/de-la-espriella-un-mes-de-poder-en-colombia-terremoto-mano-dura-y-una-presidencia-que-busca-controlar-el-mensaje.png","width":980,"height":551},{"@type":"BreadcrumbList","@id":"https:\/\/sarmiento24h.com\/?p=416722#breadcrumb","itemListElement":[{"@type":"ListItem","position":1,"name":"Home","item":"https:\/\/sarmiento24h.com\/"},{"@type":"ListItem","position":2,"name":"De la Espriella, un mes de poder en Colombia: terremoto, mano dura y una Presidencia que busca controlar el mensaje"}]},{"@type":"WebSite","@id":"https:\/\/sarmiento24h.com\/#website","url":"https:\/\/sarmiento24h.com\/","name":"Sarmiento24h","description":"","publisher":{"@id":"https:\/\/sarmiento24h.com\/#organization"},"potentialAction":[{"@type":"SearchAction","target":{"@type":"EntryPoint","urlTemplate":"https:\/\/sarmiento24h.com\/?s={search_term_string}"},"query-input":{"@type":"PropertyValueSpecification","valueRequired":true,"valueName":"search_term_string"}}],"inLanguage":"es"},{"@type":"Organization","@id":"https:\/\/sarmiento24h.com\/#organization","name":"Sarmiento24h","url":"https:\/\/sarmiento24h.com\/","logo":{"@type":"ImageObject","inLanguage":"es","@id":"https:\/\/sarmiento24h.com\/#\/schema\/logo\/image\/","url":"https:\/\/sarmiento24h.com\/wp-content\/uploads\/2025\/12\/AddText_12-16-10.30.52.jpg","contentUrl":"https:\/\/sarmiento24h.com\/wp-content\/uploads\/2025\/12\/AddText_12-16-10.30.52.jpg","width":1220,"height":324,"caption":"Sarmiento24h"},"image":{"@id":"https:\/\/sarmiento24h.com\/#\/schema\/logo\/image\/"},"sameAs":["https:\/\/facebook.com\/s24hnoticias","https:\/\/x.com\/sarmiento24h"]},{"@type":"Person","@id":"https:\/\/sarmiento24h.com\/#\/schema\/person\/d653a59725ad629a7e0429af7b939d4d","name":"sarmiento24h@gmail.com","image":{"@type":"ImageObject","inLanguage":"es","@id":"https:\/\/sarmiento24h.com\/wp-content\/litespeed\/avatar\/d02cbc4e23c747e6659cd45907173c8f.jpg?ver=1788652516","url":"https:\/\/sarmiento24h.com\/wp-content\/litespeed\/avatar\/d02cbc4e23c747e6659cd45907173c8f.jpg?ver=1788652516","contentUrl":"https:\/\/sarmiento24h.com\/wp-content\/litespeed\/avatar\/d02cbc4e23c747e6659cd45907173c8f.jpg?ver=1788652516","caption":"sarmiento24h@gmail.com"},"sameAs":["https:\/\/sarmiento24h.com"],"url":"https:\/\/sarmiento24h.com\/?author=1"}]}},"jetpack_publicize_connections":[],"jetpack_featured_media_url":"https:\/\/sarmiento24h.com\/wp-content\/uploads\/2026\/09\/de-la-espriella-un-mes-de-poder-en-colombia-terremoto-mano-dura-y-una-presidencia-que-busca-controlar-el-mensaje.png","jetpack_sharing_enabled":true,"_links":{"self":[{"href":"https:\/\/sarmiento24h.com\/index.php?rest_route=\/wp\/v2\/posts\/416722","targetHints":{"allow":["GET"]}}],"collection":[{"href":"https:\/\/sarmiento24h.com\/index.php?rest_route=\/wp\/v2\/posts"}],"about":[{"href":"https:\/\/sarmiento24h.com\/index.php?rest_route=\/wp\/v2\/types\/post"}],"author":[{"embeddable":true,"href":"https:\/\/sarmiento24h.com\/index.php?rest_route=\/wp\/v2\/users\/1"}],"replies":[{"embeddable":true,"href":"https:\/\/sarmiento24h.com\/index.php?rest_route=%2Fwp%2Fv2%2Fcomments&post=416722"}],"version-history":[{"count":0,"href":"https:\/\/sarmiento24h.com\/index.php?rest_route=\/wp\/v2\/posts\/416722\/revisions"}],"wp:featuredmedia":[{"embeddable":true,"href":"https:\/\/sarmiento24h.com\/index.php?rest_route=\/wp\/v2\/media\/416723"}],"wp:attachment":[{"href":"https:\/\/sarmiento24h.com\/index.php?rest_route=%2Fwp%2Fv2%2Fmedia&parent=416722"}],"wp:term":[{"taxonomy":"category","embeddable":true,"href":"https:\/\/sarmiento24h.com\/index.php?rest_route=%2Fwp%2Fv2%2Fcategories&post=416722"},{"taxonomy":"post_tag","embeddable":true,"href":"https:\/\/sarmiento24h.com\/index.php?rest_route=%2Fwp%2Fv2%2Ftags&post=416722"}],"curies":[{"name":"wp","href":"https:\/\/api.w.org\/{rel}","templated":true}]}}