{"id":416800,"date":"2026-09-06T19:26:52","date_gmt":"2026-09-06T19:26:52","guid":{"rendered":"http:\/\/3b29f9c2-aa23-11f1-9aed-2f9e93fdd267"},"modified":"2026-09-06T19:26:52","modified_gmt":"2026-09-06T19:26:52","slug":"nuevas-protestas-piden-por-los-ninos-de-ceuta-espana-deporta-a-21-migrantes-por-atacar-a-militares","status":"publish","type":"post","link":"https:\/\/sarmiento24h.com\/?p=416800","title":{"rendered":"Nuevas protestas piden por los ni\u00f1os de Ceuta; Espa\u00f1a deporta a 21 migrantes por atacar a militares"},"content":{"rendered":"<p>Adem\u00e1s de personas que siguen deambulando o que duermen en campamentos improvisados, otra de las im\u00e1genes recurrentes de la <a href=\"https:\/\/www.france24.com\/es\/tag\/crisis-migratoria\/\" target=\"_self\" class=\"gtm-add-suggested-tag\">crisis migratoria<\/a> en <a href=\"https:\/\/www.france24.com\/es\/tag\/ceuta\/\" target=\"_self\" class=\"gtm-add-suggested-tag\">Ceuta<\/a> son las <a href=\"https:\/\/www.france24.com\/es\/tag\/protestas\/\" target=\"_self\" class=\"gtm-add-suggested-tag\">protestas<\/a> de ciudadanos, descontentos con la situaci\u00f3n causada por la entrada de cerca de 80.000 <a href=\"https:\/\/www.france24.com\/es\/tag\/migrantes\/\" target=\"_self\" class=\"gtm-add-suggested-tag\">migrantes<\/a> desde <a href=\"https:\/\/www.france24.com\/es\/tag\/marruecos\/\" target=\"_self\" class=\"gtm-add-suggested-tag\">Marruecos<\/a> el 30 y 31 de julio pasados.<\/p>\n<p>Este domingo 6 de septiembre, una nueva manifestaci\u00f3n reuni\u00f3 a m\u00e1s de 500 personas al grito de \u00abPor los ni\u00f1os de Ceuta\u00bb, un reclamo para que se garanticen los derechos de los menores de la ciudad, que se han visto privados de numerosas actividades en el \u00faltimo mes a causa de la crisis.<\/p>\n<p>El acto, organizado por el Foro Ciudadano de Ayuda a Ceuta y <a href=\"https:\/\/www.france24.com\/es\/tag\/melilla\/\" target=\"_self\" class=\"gtm-add-suggested-tag\">Melilla<\/a> (el otro enclave espa\u00f1ol en el norte de <a href=\"https:\/\/www.france24.com\/es\/tag\/\u00e1frica\/\" target=\"_self\" class=\"gtm-add-suggested-tag\">\u00c1frica<\/a>) y promovido en redes sociales, inici\u00f3 en la Plaza de los Reyes, junto al edificio de la Delegaci\u00f3n del Gobierno espa\u00f1ol, en un claro se\u00f1alamiento al Ejecutivo de <a href=\"https:\/\/www.france24.com\/es\/tag\/pedro-s\u00e1nchez\/\" target=\"_self\" class=\"gtm-add-suggested-tag\">Pedro S\u00e1nchez<\/a>, visto como responsable principal de lo que muchos ciudadanos consideran una gesti\u00f3n tard\u00eda e inefectiva de la situaci\u00f3n.<\/p>\n<p>Numerosas familias con ni\u00f1os y estudiantes encabezaron la marcha, con carteles con leyendas como \u00abNecesito ser ni\u00f1o en mi ciudad\u00bb o \u00abNos han robado agosto\u00bb. Otros recalcaron que Ceuta \u00abno es un CETI\u00bb, siglas de los&nbsp;Centros de Estancia Temporal de Inmigrantes<!--TgQPHd|||[]--> en Espa\u00f1a.<\/p>\n<div id=\"em-WBMZ418120-F24-ES-20260906\" class=\"m-em-flash\" data-xtwitter-script>\n<div class=\"o-em-consent \" readability=\"7\">\n<div class=\"o-em-consent__content\" readability=\"34\">\n<p class=\"o-em-consent__content__text\">Para mostrar este contenido de X (Twitter), debe autorizar las cookies de medici\u00f3n de audiencia y publicidad.<\/p>\n<p> <button class=\"a-master-button a-master-button--dark\" data-action=\"accept\"> Aceptar <svg class=\"a-svg a-svg--icon-check\"> <use xlink:href=\"\/build\/images\/svg\/sprite.68b43361c11f23b39049016b32e6ae31.svg#icon-check\" href=\"\/build\/images\/svg\/sprite.68b43361c11f23b39049016b32e6ae31.svg#icon-check\" \/> <\/svg> <\/button> <button class=\"a-link\" data-action=\"manage\">Gestionar mis opciones <svg class=\"a-svg a-svg--icon-edit\"> <use xlink:href=\"\/build\/images\/svg\/sprite.68b43361c11f23b39049016b32e6ae31.svg#icon-edit\" href=\"\/build\/images\/svg\/sprite.68b43361c11f23b39049016b32e6ae31.svg#icon-edit\" \/> <\/svg><br \/>\n<\/button> <\/div>\n<\/div>\n<\/div>\n<p>Entre las medidas que exigieron los manifestantes est\u00e1n que se den las condiciones para una vuelta a clases \u00absegura\u00bb \u2013el inicio del ciclo escolar est\u00e1 previsto para este 8 de septiembre\u2013 y que se garanticen la protecci\u00f3n y el bienestar de la <a href=\"https:\/\/www.france24.com\/es\/tag\/infancia\/\" target=\"_self\" class=\"gtm-add-suggested-tag\">infancia<\/a> de Ceuta.<\/p>\n<p>Noelia Alc\u00e1zar, vecina ceut\u00ed e integrante del Foro, fue una de las encargadas de leer el manifiesto, en el que se subray\u00f3 que los ni\u00f1os&nbsp;\u00abno han provocado esta crisis, no han decidido c\u00f3mo se debe gestionar y no tienen responsabilidad pero s\u00ed est\u00e1n sufriendo sus consecuencias\u00bb.<\/p>\n<p><a href=\"https:\/\/www.elpueblodeceuta.es\/sec\/politica\/inmigracion\/plaza-reyes-clama-curso-seguro_3_1188065.html#slide-1\" target=\"_blank\">Seg\u00fan indica el medio local &#8216;El Pueblo de Ceuta&#8217;<\/a>, Alc\u00e1zar destac\u00f3 las medidas dispuestas por el Gobierno, como la vigilancia en las rutas de acceso a los colegios o el refuerzo en vallas perimetrales, pero remarc\u00f3 que estas acciones deben ser temporales y \u00abno se conviertan en lo habitual\u00bb.<\/p>\n<p>De acuerdo al mencionado peri\u00f3dico, los manifestantes tambi\u00e9n reprocharon la ausencia en el terreno de la <a href=\"https:\/\/www.france24.com\/es\/tag\/uni\u00f3n-europea\/\" target=\"_self\" class=\"gtm-add-suggested-tag\">Uni\u00f3n Europea<\/a>, coreando el c\u00e1ntico&nbsp;\u00ab<a href=\"https:\/\/www.france24.com\/es\/tag\/europa\/\" target=\"_self\" class=\"gtm-add-suggested-tag\">Europa<\/a>, escucha: Ceuta es tu lucha\u00bb, y mantuvieron un minuto de silencio para demostrar que en Ceuta \u00absomos solidarios,&nbsp;que nos apenan las 150 muertes que se han producido\u00bb.&nbsp;<\/p>\n<p>Al finalizar la lectura del manifiesto, una parte de los convocantes se traslad\u00f3 hasta la frontera del Tarajal y protagoniz\u00f3 una sentada que mantuvo cerrado 40 minutos el cruce entre Ceuta y Marruecos.<\/p>\n<p class=\"a-read-more\"><span class=\"a-read-more__label\">Leer tambi\u00e9n<\/span><a href=\"https:\/\/www.france24.com\/es\/europa\/20260902-el-d\u00eda-de-ceuta-miles-de-espa\u00f1oles-se-movilizan-ante-la-crisis-migratoria-del-enclave-del-pa\u00eds-en-\u00e1frica\" target=\"_self\" class=\"a-read-more__link\">El D\u00eda de Ceuta: miles de espa\u00f1oles se movilizan ante la crisis migratoria del enclave del pa\u00eds en \u00c1frica<\/a><\/p>\n<h2><strong>Expulsan a 21 migrantes marroqu\u00edes que arrojaron piedras a fuerzas de seguridad<\/strong><\/h2>\n<p>En la noche del s\u00e1bado, 21 migrantes marroqu\u00edes fueron detenidos en Ceuta por lanzar piedras contra una patrulla militar y guardias civiles, que se hab\u00edan acercado a la playa ceut\u00ed del Trampol\u00edn ante los reportes de peleas entre los inmigrantes, que acampan de manera informal en la zona.<\/p>\n<p>Seg\u00fan informaron fuentes policiales a la agencia EFE, los veinti\u00fan arrestados fueron trasladados a la frontera del Tarajal y, tras reconocer su participaci\u00f3n en los hechos, aceptaron ser devueltos voluntariamente a Marruecos.<\/p>\n<p>La Asociaci\u00f3n de Tropa y Mariner\u00eda Espa\u00f1ola (ATME) advirti\u00f3 este domingo que este tipo de incidentes se est\u00e1n repitiendo porque la Guardia Civil no est\u00e1 investida \u00abde la autoridad suficiente para poder ejercer su trabajo de una manera eficaz y contundente\u00bb.<\/p>\n<div class=\"m-em-image\">\n<figure class=\"m-item-image m-item-image--original m-item-image--has-caption\"> <picture class=\"a-picture a-picture--original\"><source type=\"image\/webp\" srcset=\"https:\/\/s.france24.com\/media\/display\/62f5d27e-aa22-11f1-a7c2-005056a97e36\/w:246\/FOTO-ESPANA-CEUTA-CAMPAMENTO-MIGRANTES.webp 246w, https:\/\/s.france24.com\/media\/display\/62f5d27e-aa22-11f1-a7c2-005056a97e36\/w:388\/FOTO-ESPANA-CEUTA-CAMPAMENTO-MIGRANTES.webp 388w, https:\/\/s.france24.com\/media\/display\/62f5d27e-aa22-11f1-a7c2-005056a97e36\/w:720\/FOTO-ESPANA-CEUTA-CAMPAMENTO-MIGRANTES.webp 720w, https:\/\/s.france24.com\/media\/display\/62f5d27e-aa22-11f1-a7c2-005056a97e36\/w:980\/FOTO-ESPANA-CEUTA-CAMPAMENTO-MIGRANTES.webp 980w\" sizes=\"(max-width: 1023px) calc(100vw - 32px), (min-width: 1024px) 850px\"><img fetchpriority=\"low\" decoding=\"async\" src=\"https:\/\/s.france24.com\/media\/display\/62f5d27e-aa22-11f1-a7c2-005056a97e36\/w:980\/FOTO-ESPANA-CEUTA-CAMPAMENTO-MIGRANTES.jpg\" srcset=\"https:\/\/s.france24.com\/media\/display\/62f5d27e-aa22-11f1-a7c2-005056a97e36\/w:246\/FOTO-ESPANA-CEUTA-CAMPAMENTO-MIGRANTES.jpg 246w, https:\/\/s.france24.com\/media\/display\/62f5d27e-aa22-11f1-a7c2-005056a97e36\/w:388\/FOTO-ESPANA-CEUTA-CAMPAMENTO-MIGRANTES.jpg 388w, https:\/\/s.france24.com\/media\/display\/62f5d27e-aa22-11f1-a7c2-005056a97e36\/w:720\/FOTO-ESPANA-CEUTA-CAMPAMENTO-MIGRANTES.jpg 720w, https:\/\/s.france24.com\/media\/display\/62f5d27e-aa22-11f1-a7c2-005056a97e36\/w:980\/FOTO-ESPANA-CEUTA-CAMPAMENTO-MIGRANTES.jpg 980w\" sizes=\"(max-width: 1023px) calc(100vw - 32px), (min-width: 1024px) 850px\" alt=\"Vista de las tiendas de campa\u00f1a y construcciones improvisadas por los migrantes asentados en la playa del Trampol\u00edn, en Ceuta, el 6 de septiembre de 2026.\" loading=\"lazy\" class=\"a-img \">\n<\/picture><figcaption class=\"a-figcaption\"> Vista de las tiendas de campa\u00f1a y construcciones improvisadas por los migrantes asentados en la playa del Trampol\u00edn, en Ceuta, el 6 de septiembre de 2026. \u00a9 Reduan \/ EFE <\/figcaption><\/figure>\n<\/p><\/div>\n<p>Este domingo, otra pelea por causas que no han sido esclarecidas entre dos migrantes en la misma zona termin\u00f3 con una persona de nacionalidad marroqu\u00ed herida tras recibir dos pu\u00f1aladas, mientras que una segunda tuvo que ser atendida por un golpe en el ojo.<\/p>\n<p>Por otra parte, fuentes policiales indicaron a EFE que m\u00e1s de 700 migrantes marroqu\u00edes han abandonado Ceuta de forma voluntaria a lo largo de la \u00faltima semana, una salida que ocurre a modo de goteo pr\u00e1cticamente diario entre aquellos que han permanecido estos 39 d\u00edas viviendo en los montes, las calles o los acantilados de la ciudad aut\u00f3noma.<\/p>\n<p>Las dif\u00edciles condiciones, la falta de un lugar para poder dormir y las noticias de que no ser\u00edan regularizados han motivado a muchas de estas personas a regresar a Marruecos, un flujo que la polic\u00eda estima que podr\u00eda incrementarse en las pr\u00f3ximas semanas, sobre todo por las potenciales condiciones meteorol\u00f3gicas adversas.<\/p>\n<p>A m\u00e1s de un mes de la entrada masiva, no est\u00e1 claro cu\u00e1ntos migrantes permanecen en Ceuta. El Ministerio del Interior calcula que quedan unas 5.000 personas \u2013entre ellas 1.500 menores\u2013, pero el gobierno ceut\u00ed eleva ese n\u00famero a 9.000.<\/p>\n<h2><strong>El refugio en el puerto abre una nueva disputa entre el gobierno nacional y el local<\/strong><\/h2>\n<p>El s\u00e1bado, el Gobierno de Pedro S\u00e1nchez tom\u00f3 una medida in\u00e9dita desde el inicio de la crisis: firm\u00f3 una orden para tomar el control del puerto de Ceuta y autorizar la instalaci\u00f3n all\u00ed de un campamento para acoger a m\u00e1s de mil migrantes, contrariando la postura del Ejecutivo local, liderado por&nbsp;Juan Jes\u00fas Vivas, del conservador <a href=\"https:\/\/www.france24.com\/es\/tag\/partido-popular\/\" target=\"_self\" class=\"gtm-add-suggested-tag\">Partido Popular<\/a> (PP).<\/p>\n<p>La medida fue firmada por el ministro de Transportes espa\u00f1ol, <a href=\"https:\/\/www.france24.com\/es\/tag\/\u00f3scar-puente\/\" target=\"_self\" class=\"gtm-add-suggested-tag\">\u00d3scar Puente<\/a>, y es la primera acci\u00f3n unilateral adoptada por la Administraci\u00f3n central, que hasta ahora hab\u00eda abogado por coordinar cada paso con las autoridades locales.<\/p>\n<p>Sin embargo, <a href=\"https:\/\/elpais.com\/espana\/2026-09-06\/ceuta-atrapada-en-la-guerra-politica.html\" target=\"_blank\">seg\u00fan recoge la prensa espa\u00f1ola<\/a>, en Madrid ha crecido la noci\u00f3n de que Vivas, impulsado por el liderazgo del PP, ha extremado su resistencia a las propuestas del Gobierno central para estirar la crisis, que est\u00e1 haciendo mella en el Ejecutivo de S\u00e1nchez, apuntado por la falta de celeridad en las respuestas y por lo que sus cr\u00edticos interpretan como excesiva complacencia con el supuesto rol de Marruecos en la oleada.<\/p>\n<p class=\"a-read-more\"><span class=\"a-read-more__label\">Leer tambi\u00e9n<\/span><a href=\"https:\/\/www.france24.com\/es\/europa\/20260903-s\u00e1nchez-no-hay-pruebas-s\u00f3lidas-de-que-marruecos-planificara-la-llegada-masiva-de-migrantes-a-ceuta\" target=\"_self\" class=\"a-read-more__link\">S\u00e1nchez: no hay \u00abpruebas s\u00f3lidas\u00bb de que Marruecos planificara la llegada masiva de migrantes a Ceuta<\/a><\/p>\n<p>A trav\u00e9s de X, este domingo, el propio Puente ha se\u00f1alado a Vivas por haberse \u00abolvidado de su papel institucional\u00bb y convertirse, para \u00e9l, en \u00abun mero pe\u00f3n\u00bb del l\u00edder nacional del PP, <a href=\"https:\/\/www.france24.com\/es\/tag\/alberto-n\u00fa\u00f1ez-feij\u00f3o\/\" target=\"_self\" class=\"gtm-add-suggested-tag\">Alberto N\u00fa\u00f1ez Feij\u00f3o<\/a>.<\/p>\n<p>Previamente, y luego de que el gobierno de Vivas calificara de \u00abgrave error\u00bb la instalaci\u00f3n del asentamiento en el puerto, Puente cuestion\u00f3 que \u00ablo que hoy le parece un gran error le parec\u00eda perfecto el martes pasado\u00bb, cuando el Gobierno firm\u00f3 el decreto de medidas de urgencia, que inclu\u00eda la utilizaci\u00f3n de una superficie de 16.000 metros cuadrados para implementar carpas para migrantes en esa zona.<\/p>\n<p>\u00abA m\u00ed hace tiempo que no me la da con queso ninguno del PP. Quieren que se enquiste la crisis. Ceuta y Espa\u00f1a les dan igual. Que les quede claro que no lo vamos a consentir\u00bb, a\u00f1adi\u00f3 Puente.<\/p>\n<div id=\"em-WBMZ418114-F24-ES-20260906\" class=\"m-em-flash\" data-xtwitter-script>\n<div class=\"o-em-consent \" readability=\"7\">\n<div class=\"o-em-consent__content\" readability=\"34\">\n<p class=\"o-em-consent__content__text\">Para mostrar este contenido de X (Twitter), debe autorizar las cookies de medici\u00f3n de audiencia y publicidad.<\/p>\n<p> <button class=\"a-master-button a-master-button--dark\" data-action=\"accept\"> Aceptar <svg class=\"a-svg a-svg--icon-check\"> <use xlink:href=\"\/build\/images\/svg\/sprite.68b43361c11f23b39049016b32e6ae31.svg#icon-check\" href=\"\/build\/images\/svg\/sprite.68b43361c11f23b39049016b32e6ae31.svg#icon-check\" \/> <\/svg> <\/button> <button class=\"a-link\" data-action=\"manage\">Gestionar mis opciones <svg class=\"a-svg a-svg--icon-edit\"> <use xlink:href=\"\/build\/images\/svg\/sprite.68b43361c11f23b39049016b32e6ae31.svg#icon-edit\" href=\"\/build\/images\/svg\/sprite.68b43361c11f23b39049016b32e6ae31.svg#icon-edit\" \/> <\/svg><br \/>\n<\/button> <\/div>\n<\/div>\n<\/div>\n<p>Desde el gobierno de Ceuta y la direcci\u00f3n del PP, en cambio, niegan que su rechazo se trate de un c\u00e1lculo pol\u00edtico, sino que consideran err\u00f3neo que el refugio se emplace en una \u00abinfraestructura estrat\u00e9gica\u00bb y subrayan el rechazo ciudadano a la propuesta.<\/p>\n<p>Tras conocerse la orden gubernamental, vecinos de las barriadas de la Junta Obras del Puerto y de Parques de Ceuta exigieron en un comunicado conjunto la \u00abparalizaci\u00f3n inmediata\u00bb de las obras y manifestaron su \u00abindignaci\u00f3n y profunda preocupaci\u00f3n\u00bb por la continuidad de los trabajos de instalaci\u00f3n del campamento.<\/p>\n<p>En tanto, la Confederaci\u00f3n de Empresarios de Ceuta (CECE) demand\u00f3 que el Gobierno espa\u00f1ol respete la decisi\u00f3n del Consejo de Administraci\u00f3n de la Autoridad Portuaria ceut\u00ed, que el viernes vot\u00f3 en contra de la solicitud para instalar las carpas de migrantes en terrenos del puerto.<\/p>\n<p>En paralelo a los cuestionamientos internos, la crisis en Ceuta tambi\u00e9n es aprovechada por detractores externos de S\u00e1nchez, como el presidente estadounidense <a href=\"https:\/\/www.france24.com\/es\/tag\/donald-trump\/\" target=\"_self\" class=\"gtm-add-suggested-tag\">Donald Trump<\/a>, quien el s\u00e1bado reiter\u00f3 sus cr\u00edticas a trav\u00e9s de un mensaje en Truth Social: \u00abMuy triste lo que est\u00e1 pasando en Espa\u00f1a, un pa\u00eds con cero control de su frontera\u00bb.<\/p>\n<p>Con EFE y medios locales<\/p>\n","protected":false},"excerpt":{"rendered":"<p>Adem\u00e1s de personas que siguen deambulando o&#46;&#46;&#46;<\/p>\n","protected":false},"author":1,"featured_media":416801,"comment_status":"closed","ping_status":"closed","sticky":false,"template":"","format":"standard","meta":{"_jetpack_newsletter_access":"","_jetpack_dont_email_post_to_subs":false,"_jetpack_newsletter_tier_id":0,"_jetpack_memberships_contains_paywalled_content":false,"_jetpack_feature_clip_id":0,"_jetpack_memberships_contains_paid_content":false,"footnotes":"","jetpack_publicize_message":"","jetpack_publicize_feature_enabled":true,"jetpack_social_post_already_shared":true,"jetpack_social_options":{"image_generator_settings":{"template":"highway","default_image_id":0,"font":"","enabled":false},"version":2},"jetpack_post_was_ever_published":false},"categories":[43],"tags":[],"class_list":["post-416800","post","type-post","status-publish","format-standard","has-post-thumbnail","hentry","category-internacionales"],"yoast_head":"<!-- This site is optimized with the Yoast SEO plugin v28.1 - https:\/\/yoast.com\/product\/yoast-seo-wordpress\/ -->\n<title>Nuevas protestas piden por los ni\u00f1os de Ceuta; Espa\u00f1a deporta a 21 migrantes por atacar a militares - Sarmiento24h<\/title>\n<meta name=\"robots\" content=\"index, follow, max-snippet:-1, max-image-preview:large, max-video-preview:-1\" \/>\n<link rel=\"canonical\" href=\"https:\/\/sarmiento24h.com\/?p=416800\" \/>\n<meta property=\"og:locale\" content=\"es_ES\" \/>\n<meta property=\"og:type\" content=\"article\" \/>\n<meta property=\"og:title\" content=\"Nuevas protestas piden por los ni\u00f1os de Ceuta; Espa\u00f1a deporta a 21 migrantes por atacar a militares - Sarmiento24h\" \/>\n<meta property=\"og:description\" content=\"Adem\u00e1s de personas que siguen deambulando o&#046;&#046;&#046;\" \/>\n<meta property=\"og:url\" content=\"https:\/\/sarmiento24h.com\/?p=416800\" \/>\n<meta property=\"og:site_name\" content=\"Sarmiento24h\" \/>\n<meta property=\"article:publisher\" content=\"https:\/\/facebook.com\/s24hnoticias\" \/>\n<meta property=\"article:published_time\" content=\"2026-09-06T19:26:52+00:00\" \/>\n<meta property=\"og:image\" content=\"https:\/\/s.france24.com\/media\/display\/62f5d27e-aa22-11f1-a7c2-005056a97e36\/w:980\/FOTO-ESPANA-CEUTA-CAMPAMENTO-MIGRANTES.jpg\" \/>\n<meta name=\"author\" content=\"sarmiento24h@gmail.com\" \/>\n<meta name=\"twitter:card\" content=\"summary_large_image\" \/>\n<meta name=\"twitter:creator\" content=\"@sarmiento24h\" \/>\n<meta name=\"twitter:site\" content=\"@sarmiento24h\" \/>\n<meta name=\"twitter:label1\" content=\"Escrito por\" \/>\n\t<meta name=\"twitter:data1\" content=\"sarmiento24h@gmail.com\" \/>\n\t<meta name=\"twitter:label2\" content=\"Tiempo de lectura\" \/>\n\t<meta name=\"twitter:data2\" content=\"7 minutos\" \/>\n<script type=\"application\/ld+json\" class=\"yoast-schema-graph\">{\"@context\":\"https:\\\/\\\/schema.org\",\"@graph\":[{\"@type\":\"Article\",\"@id\":\"https:\\\/\\\/sarmiento24h.com\\\/?p=416800#article\",\"isPartOf\":{\"@id\":\"https:\\\/\\\/sarmiento24h.com\\\/?p=416800\"},\"author\":{\"name\":\"sarmiento24h@gmail.com\",\"@id\":\"https:\\\/\\\/sarmiento24h.com\\\/#\\\/schema\\\/person\\\/d653a59725ad629a7e0429af7b939d4d\"},\"headline\":\"Nuevas protestas piden por los ni\u00f1os de Ceuta; Espa\u00f1a deporta a 21 migrantes por atacar a militares\",\"datePublished\":\"2026-09-06T19:26:52+00:00\",\"mainEntityOfPage\":{\"@id\":\"https:\\\/\\\/sarmiento24h.com\\\/?p=416800\"},\"wordCount\":1515,\"publisher\":{\"@id\":\"https:\\\/\\\/sarmiento24h.com\\\/#organization\"},\"image\":{\"@id\":\"https:\\\/\\\/sarmiento24h.com\\\/?p=416800#primaryimage\"},\"thumbnailUrl\":\"https:\\\/\\\/sarmiento24h.com\\\/wp-content\\\/uploads\\\/2026\\\/09\\\/nuevas-protestas-piden-por-los-ninos-de-ceuta-espana-deporta-a-21-migrantes-por-atacar-a-militares.jpg\",\"articleSection\":[\"Internacionales\"],\"inLanguage\":\"es\"},{\"@type\":\"WebPage\",\"@id\":\"https:\\\/\\\/sarmiento24h.com\\\/?p=416800\",\"url\":\"https:\\\/\\\/sarmiento24h.com\\\/?p=416800\",\"name\":\"Nuevas protestas piden por los ni\u00f1os de Ceuta; Espa\u00f1a deporta a 21 migrantes por atacar a militares - Sarmiento24h\",\"isPartOf\":{\"@id\":\"https:\\\/\\\/sarmiento24h.com\\\/#website\"},\"primaryImageOfPage\":{\"@id\":\"https:\\\/\\\/sarmiento24h.com\\\/?p=416800#primaryimage\"},\"image\":{\"@id\":\"https:\\\/\\\/sarmiento24h.com\\\/?p=416800#primaryimage\"},\"thumbnailUrl\":\"https:\\\/\\\/sarmiento24h.com\\\/wp-content\\\/uploads\\\/2026\\\/09\\\/nuevas-protestas-piden-por-los-ninos-de-ceuta-espana-deporta-a-21-migrantes-por-atacar-a-militares.jpg\",\"datePublished\":\"2026-09-06T19:26:52+00:00\",\"breadcrumb\":{\"@id\":\"https:\\\/\\\/sarmiento24h.com\\\/?p=416800#breadcrumb\"},\"inLanguage\":\"es\",\"potentialAction\":[{\"@type\":\"ReadAction\",\"target\":[\"https:\\\/\\\/sarmiento24h.com\\\/?p=416800\"]}]},{\"@type\":\"ImageObject\",\"inLanguage\":\"es\",\"@id\":\"https:\\\/\\\/sarmiento24h.com\\\/?p=416800#primaryimage\",\"url\":\"https:\\\/\\\/sarmiento24h.com\\\/wp-content\\\/uploads\\\/2026\\\/09\\\/nuevas-protestas-piden-por-los-ninos-de-ceuta-espana-deporta-a-21-migrantes-por-atacar-a-militares.jpg\",\"contentUrl\":\"https:\\\/\\\/sarmiento24h.com\\\/wp-content\\\/uploads\\\/2026\\\/09\\\/nuevas-protestas-piden-por-los-ninos-de-ceuta-espana-deporta-a-21-migrantes-por-atacar-a-militares.jpg\",\"width\":980,\"height\":551},{\"@type\":\"BreadcrumbList\",\"@id\":\"https:\\\/\\\/sarmiento24h.com\\\/?p=416800#breadcrumb\",\"itemListElement\":[{\"@type\":\"ListItem\",\"position\":1,\"name\":\"Home\",\"item\":\"https:\\\/\\\/sarmiento24h.com\\\/\"},{\"@type\":\"ListItem\",\"position\":2,\"name\":\"Nuevas protestas piden por los ni\u00f1os de Ceuta; Espa\u00f1a deporta a 21 migrantes por atacar a militares\"}]},{\"@type\":\"WebSite\",\"@id\":\"https:\\\/\\\/sarmiento24h.com\\\/#website\",\"url\":\"https:\\\/\\\/sarmiento24h.com\\\/\",\"name\":\"Sarmiento24h\",\"description\":\"\",\"publisher\":{\"@id\":\"https:\\\/\\\/sarmiento24h.com\\\/#organization\"},\"potentialAction\":[{\"@type\":\"SearchAction\",\"target\":{\"@type\":\"EntryPoint\",\"urlTemplate\":\"https:\\\/\\\/sarmiento24h.com\\\/?s={search_term_string}\"},\"query-input\":{\"@type\":\"PropertyValueSpecification\",\"valueRequired\":true,\"valueName\":\"search_term_string\"}}],\"inLanguage\":\"es\"},{\"@type\":\"Organization\",\"@id\":\"https:\\\/\\\/sarmiento24h.com\\\/#organization\",\"name\":\"Sarmiento24h\",\"url\":\"https:\\\/\\\/sarmiento24h.com\\\/\",\"logo\":{\"@type\":\"ImageObject\",\"inLanguage\":\"es\",\"@id\":\"https:\\\/\\\/sarmiento24h.com\\\/#\\\/schema\\\/logo\\\/image\\\/\",\"url\":\"https:\\\/\\\/sarmiento24h.com\\\/wp-content\\\/uploads\\\/2025\\\/12\\\/AddText_12-16-10.30.52.jpg\",\"contentUrl\":\"https:\\\/\\\/sarmiento24h.com\\\/wp-content\\\/uploads\\\/2025\\\/12\\\/AddText_12-16-10.30.52.jpg\",\"width\":1220,\"height\":324,\"caption\":\"Sarmiento24h\"},\"image\":{\"@id\":\"https:\\\/\\\/sarmiento24h.com\\\/#\\\/schema\\\/logo\\\/image\\\/\"},\"sameAs\":[\"https:\\\/\\\/facebook.com\\\/s24hnoticias\",\"https:\\\/\\\/x.com\\\/sarmiento24h\"]},{\"@type\":\"Person\",\"@id\":\"https:\\\/\\\/sarmiento24h.com\\\/#\\\/schema\\\/person\\\/d653a59725ad629a7e0429af7b939d4d\",\"name\":\"sarmiento24h@gmail.com\",\"image\":{\"@type\":\"ImageObject\",\"inLanguage\":\"es\",\"@id\":\"https:\\\/\\\/sarmiento24h.com\\\/wp-content\\\/litespeed\\\/avatar\\\/d02cbc4e23c747e6659cd45907173c8f.jpg?ver=1788652516\",\"url\":\"https:\\\/\\\/sarmiento24h.com\\\/wp-content\\\/litespeed\\\/avatar\\\/d02cbc4e23c747e6659cd45907173c8f.jpg?ver=1788652516\",\"contentUrl\":\"https:\\\/\\\/sarmiento24h.com\\\/wp-content\\\/litespeed\\\/avatar\\\/d02cbc4e23c747e6659cd45907173c8f.jpg?ver=1788652516\",\"caption\":\"sarmiento24h@gmail.com\"},\"sameAs\":[\"https:\\\/\\\/sarmiento24h.com\"],\"url\":\"https:\\\/\\\/sarmiento24h.com\\\/?author=1\"}]}<\/script>\n<!-- \/ Yoast SEO plugin. -->","yoast_head_json":{"title":"Nuevas protestas piden por los ni\u00f1os de Ceuta; Espa\u00f1a deporta a 21 migrantes por atacar a militares - Sarmiento24h","robots":{"index":"index","follow":"follow","max-snippet":"max-snippet:-1","max-image-preview":"max-image-preview:large","max-video-preview":"max-video-preview:-1"},"canonical":"https:\/\/sarmiento24h.com\/?p=416800","og_locale":"es_ES","og_type":"article","og_title":"Nuevas protestas piden por los ni\u00f1os de Ceuta; Espa\u00f1a deporta a 21 migrantes por atacar a militares - Sarmiento24h","og_description":"Adem\u00e1s de personas que siguen deambulando o&#46;&#46;&#46;","og_url":"https:\/\/sarmiento24h.com\/?p=416800","og_site_name":"Sarmiento24h","article_publisher":"https:\/\/facebook.com\/s24hnoticias","article_published_time":"2026-09-06T19:26:52+00:00","og_image":[{"url":"https:\/\/s.france24.com\/media\/display\/62f5d27e-aa22-11f1-a7c2-005056a97e36\/w:980\/FOTO-ESPANA-CEUTA-CAMPAMENTO-MIGRANTES.jpg","type":"","width":"","height":""}],"author":"sarmiento24h@gmail.com","twitter_card":"summary_large_image","twitter_creator":"@sarmiento24h","twitter_site":"@sarmiento24h","twitter_misc":{"Escrito por":"sarmiento24h@gmail.com","Tiempo de lectura":"7 minutos"},"schema":{"@context":"https:\/\/schema.org","@graph":[{"@type":"Article","@id":"https:\/\/sarmiento24h.com\/?p=416800#article","isPartOf":{"@id":"https:\/\/sarmiento24h.com\/?p=416800"},"author":{"name":"sarmiento24h@gmail.com","@id":"https:\/\/sarmiento24h.com\/#\/schema\/person\/d653a59725ad629a7e0429af7b939d4d"},"headline":"Nuevas protestas piden por los ni\u00f1os de Ceuta; Espa\u00f1a deporta a 21 migrantes por atacar a militares","datePublished":"2026-09-06T19:26:52+00:00","mainEntityOfPage":{"@id":"https:\/\/sarmiento24h.com\/?p=416800"},"wordCount":1515,"publisher":{"@id":"https:\/\/sarmiento24h.com\/#organization"},"image":{"@id":"https:\/\/sarmiento24h.com\/?p=416800#primaryimage"},"thumbnailUrl":"https:\/\/sarmiento24h.com\/wp-content\/uploads\/2026\/09\/nuevas-protestas-piden-por-los-ninos-de-ceuta-espana-deporta-a-21-migrantes-por-atacar-a-militares.jpg","articleSection":["Internacionales"],"inLanguage":"es"},{"@type":"WebPage","@id":"https:\/\/sarmiento24h.com\/?p=416800","url":"https:\/\/sarmiento24h.com\/?p=416800","name":"Nuevas protestas piden por los ni\u00f1os de Ceuta; Espa\u00f1a deporta a 21 migrantes por atacar a militares - Sarmiento24h","isPartOf":{"@id":"https:\/\/sarmiento24h.com\/#website"},"primaryImageOfPage":{"@id":"https:\/\/sarmiento24h.com\/?p=416800#primaryimage"},"image":{"@id":"https:\/\/sarmiento24h.com\/?p=416800#primaryimage"},"thumbnailUrl":"https:\/\/sarmiento24h.com\/wp-content\/uploads\/2026\/09\/nuevas-protestas-piden-por-los-ninos-de-ceuta-espana-deporta-a-21-migrantes-por-atacar-a-militares.jpg","datePublished":"2026-09-06T19:26:52+00:00","breadcrumb":{"@id":"https:\/\/sarmiento24h.com\/?p=416800#breadcrumb"},"inLanguage":"es","potentialAction":[{"@type":"ReadAction","target":["https:\/\/sarmiento24h.com\/?p=416800"]}]},{"@type":"ImageObject","inLanguage":"es","@id":"https:\/\/sarmiento24h.com\/?p=416800#primaryimage","url":"https:\/\/sarmiento24h.com\/wp-content\/uploads\/2026\/09\/nuevas-protestas-piden-por-los-ninos-de-ceuta-espana-deporta-a-21-migrantes-por-atacar-a-militares.jpg","contentUrl":"https:\/\/sarmiento24h.com\/wp-content\/uploads\/2026\/09\/nuevas-protestas-piden-por-los-ninos-de-ceuta-espana-deporta-a-21-migrantes-por-atacar-a-militares.jpg","width":980,"height":551},{"@type":"BreadcrumbList","@id":"https:\/\/sarmiento24h.com\/?p=416800#breadcrumb","itemListElement":[{"@type":"ListItem","position":1,"name":"Home","item":"https:\/\/sarmiento24h.com\/"},{"@type":"ListItem","position":2,"name":"Nuevas protestas piden por los ni\u00f1os de Ceuta; Espa\u00f1a deporta a 21 migrantes por atacar a militares"}]},{"@type":"WebSite","@id":"https:\/\/sarmiento24h.com\/#website","url":"https:\/\/sarmiento24h.com\/","name":"Sarmiento24h","description":"","publisher":{"@id":"https:\/\/sarmiento24h.com\/#organization"},"potentialAction":[{"@type":"SearchAction","target":{"@type":"EntryPoint","urlTemplate":"https:\/\/sarmiento24h.com\/?s={search_term_string}"},"query-input":{"@type":"PropertyValueSpecification","valueRequired":true,"valueName":"search_term_string"}}],"inLanguage":"es"},{"@type":"Organization","@id":"https:\/\/sarmiento24h.com\/#organization","name":"Sarmiento24h","url":"https:\/\/sarmiento24h.com\/","logo":{"@type":"ImageObject","inLanguage":"es","@id":"https:\/\/sarmiento24h.com\/#\/schema\/logo\/image\/","url":"https:\/\/sarmiento24h.com\/wp-content\/uploads\/2025\/12\/AddText_12-16-10.30.52.jpg","contentUrl":"https:\/\/sarmiento24h.com\/wp-content\/uploads\/2025\/12\/AddText_12-16-10.30.52.jpg","width":1220,"height":324,"caption":"Sarmiento24h"},"image":{"@id":"https:\/\/sarmiento24h.com\/#\/schema\/logo\/image\/"},"sameAs":["https:\/\/facebook.com\/s24hnoticias","https:\/\/x.com\/sarmiento24h"]},{"@type":"Person","@id":"https:\/\/sarmiento24h.com\/#\/schema\/person\/d653a59725ad629a7e0429af7b939d4d","name":"sarmiento24h@gmail.com","image":{"@type":"ImageObject","inLanguage":"es","@id":"https:\/\/sarmiento24h.com\/wp-content\/litespeed\/avatar\/d02cbc4e23c747e6659cd45907173c8f.jpg?ver=1788652516","url":"https:\/\/sarmiento24h.com\/wp-content\/litespeed\/avatar\/d02cbc4e23c747e6659cd45907173c8f.jpg?ver=1788652516","contentUrl":"https:\/\/sarmiento24h.com\/wp-content\/litespeed\/avatar\/d02cbc4e23c747e6659cd45907173c8f.jpg?ver=1788652516","caption":"sarmiento24h@gmail.com"},"sameAs":["https:\/\/sarmiento24h.com"],"url":"https:\/\/sarmiento24h.com\/?author=1"}]}},"jetpack_publicize_connections":[],"jetpack_featured_media_url":"https:\/\/sarmiento24h.com\/wp-content\/uploads\/2026\/09\/nuevas-protestas-piden-por-los-ninos-de-ceuta-espana-deporta-a-21-migrantes-por-atacar-a-militares.jpg","jetpack_sharing_enabled":true,"_links":{"self":[{"href":"https:\/\/sarmiento24h.com\/index.php?rest_route=\/wp\/v2\/posts\/416800","targetHints":{"allow":["GET"]}}],"collection":[{"href":"https:\/\/sarmiento24h.com\/index.php?rest_route=\/wp\/v2\/posts"}],"about":[{"href":"https:\/\/sarmiento24h.com\/index.php?rest_route=\/wp\/v2\/types\/post"}],"author":[{"embeddable":true,"href":"https:\/\/sarmiento24h.com\/index.php?rest_route=\/wp\/v2\/users\/1"}],"replies":[{"embeddable":true,"href":"https:\/\/sarmiento24h.com\/index.php?rest_route=%2Fwp%2Fv2%2Fcomments&post=416800"}],"version-history":[{"count":0,"href":"https:\/\/sarmiento24h.com\/index.php?rest_route=\/wp\/v2\/posts\/416800\/revisions"}],"wp:featuredmedia":[{"embeddable":true,"href":"https:\/\/sarmiento24h.com\/index.php?rest_route=\/wp\/v2\/media\/416801"}],"wp:attachment":[{"href":"https:\/\/sarmiento24h.com\/index.php?rest_route=%2Fwp%2Fv2%2Fmedia&parent=416800"}],"wp:term":[{"taxonomy":"category","embeddable":true,"href":"https:\/\/sarmiento24h.com\/index.php?rest_route=%2Fwp%2Fv2%2Fcategories&post=416800"},{"taxonomy":"post_tag","embeddable":true,"href":"https:\/\/sarmiento24h.com\/index.php?rest_route=%2Fwp%2Fv2%2Ftags&post=416800"}],"curies":[{"name":"wp","href":"https:\/\/api.w.org\/{rel}","templated":true}]}}