{"id":416802,"date":"2026-09-06T19:26:53","date_gmt":"2026-09-06T19:26:53","guid":{"rendered":"http:\/\/bcac7f9e-aa21-11f1-9068-2f9e93fdd267"},"modified":"2026-09-06T19:26:53","modified_gmt":"2026-09-06T19:26:53","slug":"infantino-desafia-la-presion-y-buscara-un-cuarto-mandato-al-frente-de-la-fifa","status":"publish","type":"post","link":"https:\/\/sarmiento24h.com\/?p=416802","title":{"rendered":"Infantino desaf\u00eda la presi\u00f3n y buscar\u00e1 un cuarto mandato al frente de la FIFA"},"content":{"rendered":"\n<p>Infantino espera prolongar su mandato en la FIFA, pese a la pol\u00e9mica y las amenazas de boicot.<\/p>\n<p>La FIFA confirm\u00f3 este domingo que Infantino buscar\u00e1 un cuarto mandato como presidente del organismo rector del f\u00fatbol mundial, despejando las dudas sobre su futuro despu\u00e9s de semanas de creciente presi\u00f3n. El dirigente, de 56 a\u00f1os, ya hab\u00eda anunciado en abril su intenci\u00f3n de presentarse a las elecciones de 2027, pero la crisis provocada por el proyecto de comercializaci\u00f3n de las competiciones hab\u00eda reavivado los cuestionamientos sobre su continuidad.<\/p>\n<p>\u201cPor supuesto, nada ha cambiado. El se\u00f1or Infantino se presentar\u00e1 a la reelecci\u00f3n\u201d, se\u00f1al\u00f3 un portavoz de la FIFA.<\/p>\n<p>De ser elegido, Infantino permanecer\u00eda en el cargo hasta 2031, cuando concluir\u00eda un cuarto y \u00faltimo mandato. La fecha l\u00edmite para registrar candidaturas ser\u00e1 el 18 de noviembre, cuatro meses antes de la votaci\u00f3n prevista para marzo de 2027.<\/p>\n<p>Hasta ahora, ning\u00fan dirigente ha anunciado formalmente una candidatura para enfrentarlo, un elemento que juega a favor del actual presidente pese al escenario de confrontaci\u00f3n interna.<\/p>\n<div id=\"em-WBMZ418115-F24-ES-20260906\" class=\"m-em-flash\" data-xtwitter-script>\n<div class=\"o-em-consent \" readability=\"7\">\n<div class=\"o-em-consent__content\" readability=\"34\">\n<p class=\"o-em-consent__content__text\">Para mostrar este contenido de X (Twitter), debe autorizar las cookies de medici\u00f3n de audiencia y publicidad.<\/p>\n<p> <button class=\"a-master-button a-master-button--dark\" data-action=\"accept\"> Aceptar <svg class=\"a-svg a-svg--icon-check\"> <use xlink:href=\"\/build\/images\/svg\/sprite.68b43361c11f23b39049016b32e6ae31.svg#icon-check\" href=\"\/build\/images\/svg\/sprite.68b43361c11f23b39049016b32e6ae31.svg#icon-check\" \/> <\/svg> <\/button> <button class=\"a-link\" data-action=\"manage\">Gestionar mis opciones <svg class=\"a-svg a-svg--icon-edit\"> <use xlink:href=\"\/build\/images\/svg\/sprite.68b43361c11f23b39049016b32e6ae31.svg#icon-edit\" href=\"\/build\/images\/svg\/sprite.68b43361c11f23b39049016b32e6ae31.svg#icon-edit\" \/> <\/svg><br \/>\n<\/button> <\/div>\n<\/div>\n<\/div>\n<p>Pero Infantino evita pronunciarse p\u00fablicamente. La confirmaci\u00f3n de su candidatura se produjo despu\u00e9s de que el propio Infantino evitara pronunciarse directamente sobre su futuro durante su presencia en Polonia, donde asisti\u00f3 a la inauguraci\u00f3n del Mundial Femenino Sub-20.<\/p>\n<p>Preguntado por Sky News sobre las turbulencias de las \u00faltimas semanas, el dirigente respondi\u00f3 que habr\u00eda \u201cmucho que decir\u201d, pero que no era el momento ni el lugar adecuados para hacerlo.<\/p>\n<p>Su actitud contrasta con la confirmaci\u00f3n posterior de la FIFA, que dej\u00f3 claro que el plan anunciado meses atr\u00e1s contin\u00faa vigente.<\/p>\n<p>Infantino afrontar\u00e1 ahora una campa\u00f1a electoral en la que previsiblemente tendr\u00e1 que defender tanto su gesti\u00f3n como la forma en que se toman las decisiones dentro del organismo.<\/p>\n<p class=\"a-read-more\"><span class=\"a-read-more__label\">Leer tambi\u00e9n<\/span><a href=\"https:\/\/www.france24.com\/es\/deportes\/20260827-la-uefa-prepara-denuncia-penal-contra-infantino-tras-su-fallido-plan-para-vender-los-derechos-del-mundial\" target=\"_self\" class=\"a-read-more__link\">La UEFA prepara denuncia penal contra Infantino tras su fallido plan para vender los derechos del Mundial<\/a><\/p>\n<h2><strong>El fallido proyecto de vender participaciones<\/strong><\/h2>\n<p>La principal fuente de tensi\u00f3n en las \u00faltimas semanas ha sido el plan impulsado por la FIFA para crear una estructura comercial que permitiera vender a inversores privados una participaci\u00f3n en los ingresos de sus principales competiciones.<\/p>\n<p>La propuesta contemplaba una participaci\u00f3n cercana al 20% en la Copa Mundial y otros eventos del organismo, con el objetivo de obtener nuevos recursos y ampliar el valor comercial de los torneos. Sin embargo, el proyecto fue abandonado en julio despu\u00e9s de provocar una fuerte reacci\u00f3n negativa dentro del f\u00fatbol internacional.<\/p>\n<p>La FIFA termin\u00f3 disculp\u00e1ndose por los errores cometidos durante el proceso y prometi\u00f3 adoptar medidas para evitar que una situaci\u00f3n similar se repita. La rectificaci\u00f3n, sin embargo, no ha cerrado la disputa pol\u00edtica en torno a Infantino.<\/p>\n<p>Sus cr\u00edticos consideran que el episodio evidenci\u00f3 problemas de transparencia y de consulta con las confederaciones y federaciones nacionales, adem\u00e1s de cuestionar el alcance de las decisiones que puede tomar el presidente sin un consenso suficiente dentro del f\u00fatbol mundial.<\/p>\n<div class=\"m-em-image\">\n<figure class=\"m-item-image m-item-image--original m-item-image--has-caption\"> <picture class=\"a-picture a-picture--original\"><source type=\"image\/webp\" srcset=\"https:\/\/s.france24.com\/media\/display\/2076b0a2-90e2-11f1-8fd3-005056a97e36\/w:246\/7fb9bdbd050868693db32a56f3a5ea51abcf45f5.webp 246w, https:\/\/s.france24.com\/media\/display\/2076b0a2-90e2-11f1-8fd3-005056a97e36\/w:388\/7fb9bdbd050868693db32a56f3a5ea51abcf45f5.webp 388w, https:\/\/s.france24.com\/media\/display\/2076b0a2-90e2-11f1-8fd3-005056a97e36\/w:720\/7fb9bdbd050868693db32a56f3a5ea51abcf45f5.webp 720w, https:\/\/s.france24.com\/media\/display\/2076b0a2-90e2-11f1-8fd3-005056a97e36\/w:980\/7fb9bdbd050868693db32a56f3a5ea51abcf45f5.webp 980w\" sizes=\"(max-width: 1023px) calc(100vw - 32px), (min-width: 1024px) 850px\"><img fetchpriority=\"low\" decoding=\"async\" src=\"https:\/\/s.france24.com\/media\/display\/2076b0a2-90e2-11f1-8fd3-005056a97e36\/w:980\/7fb9bdbd050868693db32a56f3a5ea51abcf45f5.jpg\" srcset=\"https:\/\/s.france24.com\/media\/display\/2076b0a2-90e2-11f1-8fd3-005056a97e36\/w:246\/7fb9bdbd050868693db32a56f3a5ea51abcf45f5.jpg 246w, https:\/\/s.france24.com\/media\/display\/2076b0a2-90e2-11f1-8fd3-005056a97e36\/w:388\/7fb9bdbd050868693db32a56f3a5ea51abcf45f5.jpg 388w, https:\/\/s.france24.com\/media\/display\/2076b0a2-90e2-11f1-8fd3-005056a97e36\/w:720\/7fb9bdbd050868693db32a56f3a5ea51abcf45f5.jpg 720w, https:\/\/s.france24.com\/media\/display\/2076b0a2-90e2-11f1-8fd3-005056a97e36\/w:980\/7fb9bdbd050868693db32a56f3a5ea51abcf45f5.jpg 980w\" sizes=\"(max-width: 1023px) calc(100vw - 32px), (min-width: 1024px) 850px\" alt=\"La oficina regional de la FIFA en \u00c1frica, ubicada en la ciudad marroqu\u00ed de Sal\u00e9, el 5 de agosto de 2026\" loading=\"lazy\" class=\"a-img \">\n<\/picture><figcaption class=\"a-figcaption\"> La oficina regional de la FIFA en \u00c1frica, ubicada en la ciudad marroqu\u00ed de Sal\u00e9, el 5 de agosto de 2026 \u00a9 Abdel Majid Bziouat \/ AFP <\/figcaption><\/figure>\n<\/p><\/div>\n<p class=\"a-read-more\"><span class=\"a-read-more__label\">Leer tambi\u00e9n<\/span><a href=\"https:\/\/www.france24.com\/es\/deportes\/20260729-por-qu\u00e9-la-uefa-y-concacaf-arremeten-contra-la-fifa-anatom\u00eda-del-plan-de-infantino-para-vender-acciones-del-mundial\" target=\"_self\" class=\"a-read-more__link\">\u00bfPor qu\u00e9 la UEFA y CONCACAF arremeten contra la FIFA?: anatom\u00eda del plan de Infantino para vender acciones del Mundial<\/a><\/p>\n<h2><strong>La rebeli\u00f3n de la UEFA<\/strong><\/h2>\n<p>La oposici\u00f3n m\u00e1s visible procede de Europa. La UEFA ha encabezado los llamados a que Infantino abandone el cargo, despu\u00e9s de afirmar que ha perdido la confianza en el dirigente.<\/p>\n<p>El organismo europeo lleg\u00f3 a amenazar con medidas de boicot a competiciones de la FIFA, incluida la Copa Mundial, en una escalada poco habitual de las diferencias entre las dos instituciones. Algunas federaciones nacionales, entre ellas la Federaci\u00f3n Inglesa de F\u00fatbol (FA), tambi\u00e9n han retirado su respaldo a una eventual reelecci\u00f3n.<\/p>\n<p>La resistencia, adem\u00e1s, no se limita a Europa. Reuters se\u00f1ala que Infantino ha recibido peticiones de renuncia de la Confederaci\u00f3n Asi\u00e1tica de F\u00fatbol (AFC) y de la Concacaf, lo que muestra que el conflicto ha adquirido una dimensi\u00f3n m\u00e1s amplia.<\/p>\n<div class=\"m-em-image\">\n<figure class=\"m-item-image m-item-image--original m-item-image--has-caption\"> <picture class=\"a-picture a-picture--original\"><source type=\"image\/webp\" srcset=\"https:\/\/s.france24.com\/media\/display\/cd74f268-8daa-11f1-9662-005056bf30b7\/w:246\/2026-07-30T174452Z-495035235-RC2HOMAHO1HM-RTRMADP-3-SOCCER-FIFA-STAKE.webp 246w, https:\/\/s.france24.com\/media\/display\/cd74f268-8daa-11f1-9662-005056bf30b7\/w:388\/2026-07-30T174452Z-495035235-RC2HOMAHO1HM-RTRMADP-3-SOCCER-FIFA-STAKE.webp 388w, https:\/\/s.france24.com\/media\/display\/cd74f268-8daa-11f1-9662-005056bf30b7\/w:720\/2026-07-30T174452Z-495035235-RC2HOMAHO1HM-RTRMADP-3-SOCCER-FIFA-STAKE.webp 720w, https:\/\/s.france24.com\/media\/display\/cd74f268-8daa-11f1-9662-005056bf30b7\/w:980\/2026-07-30T174452Z-495035235-RC2HOMAHO1HM-RTRMADP-3-SOCCER-FIFA-STAKE.webp 980w\" sizes=\"(max-width: 1023px) calc(100vw - 32px), (min-width: 1024px) 850px\"><img fetchpriority=\"low\" decoding=\"async\" src=\"https:\/\/s.france24.com\/media\/display\/cd74f268-8daa-11f1-9662-005056bf30b7\/w:980\/2026-07-30T174452Z-495035235-RC2HOMAHO1HM-RTRMADP-3-SOCCER-FIFA-STAKE.jpg\" srcset=\"https:\/\/s.france24.com\/media\/display\/cd74f268-8daa-11f1-9662-005056bf30b7\/w:246\/2026-07-30T174452Z-495035235-RC2HOMAHO1HM-RTRMADP-3-SOCCER-FIFA-STAKE.jpg 246w, https:\/\/s.france24.com\/media\/display\/cd74f268-8daa-11f1-9662-005056bf30b7\/w:388\/2026-07-30T174452Z-495035235-RC2HOMAHO1HM-RTRMADP-3-SOCCER-FIFA-STAKE.jpg 388w, https:\/\/s.france24.com\/media\/display\/cd74f268-8daa-11f1-9662-005056bf30b7\/w:720\/2026-07-30T174452Z-495035235-RC2HOMAHO1HM-RTRMADP-3-SOCCER-FIFA-STAKE.jpg 720w, https:\/\/s.france24.com\/media\/display\/cd74f268-8daa-11f1-9662-005056bf30b7\/w:980\/2026-07-30T174452Z-495035235-RC2HOMAHO1HM-RTRMADP-3-SOCCER-FIFA-STAKE.jpg 980w\" sizes=\"(max-width: 1023px) calc(100vw - 32px), (min-width: 1024px) 850px\" alt=\"L'UEFA a s\u00e9v\u00e8rement tacl\u00e9 Gianni Infantino, le 1er ao\u00fbt 2026, malgr\u00e9 le revirement du pr\u00e9sident de la Fifa sur son projet tr\u00e8s controvers\u00e9 de financement du football mondial\" loading=\"lazy\" class=\"a-img \">\n<\/picture><figcaption class=\"a-figcaption\"> La UEFA critic\u00f3 duramente a Gianni Infantino el 1 de agosto de 2026, a pesar del cambio de postura del presidente de la FIFA respecto a su controvertido plan para financiar el f\u00fatbol mundial. \u00a9 Dado Ruvic \/ Reuters <\/figcaption><\/figure>\n<\/p><\/div>\n<p>El desaf\u00edo para Infantino ser\u00e1, por tanto, mantener una mayor\u00eda suficiente entre las distintas regiones del f\u00fatbol mundial y evitar que la disputa por su liderazgo termine traslad\u00e1ndose a la organizaci\u00f3n de las pr\u00f3ximas grandes competiciones.<\/p>\n<p class=\"a-read-more\"><span class=\"a-read-more__label\">Leer tambi\u00e9n<\/span><a href=\"https:\/\/www.france24.com\/es\/deportes\/20260806-la-uefa-mantiene-la-amenaza-de-boicotear-competiciones-de-la-fifa-incluido-el-mundial\" target=\"_self\" class=\"a-read-more__link\">La UEFA mantiene la amenaza de boicotear competiciones de la FIFA, incluido el Mundial<\/a><\/p>\n<h2><strong>Un respaldo que todav\u00eda conserva peso<\/strong><\/h2>\n<p>A pesar de la ofensiva de sus detractores, Infantino mantiene apoyos importantes dentro de la estructura de la FIFA. Seg\u00fan Reuters, las confederaciones de \u00c1frica y Sudam\u00e9rica contin\u00faan respaldando al presidente.<\/p>\n<p>Ese respaldo resulta especialmente relevante porque el sistema electoral de la FIFA distribuye los votos entre las federaciones nacionales y no en funci\u00f3n del peso econ\u00f3mico o deportivo de cada continente. Esto permite que el apoyo de regiones con un gran n\u00famero de asociaciones tenga un peso considerable en una elecci\u00f3n presidencial.<\/p>\n<p>Por ahora, adem\u00e1s, la ausencia de un candidato alternativo formalmente anunciado limita la posibilidad de que la oposici\u00f3n se transforme en una candidatura unificada capaz de disputar el cargo.<\/p>\n<p>La elecci\u00f3n de 2027 podr\u00eda convertirse as\u00ed en una prueba no solo sobre la continuidad de Infantino, sino tambi\u00e9n sobre el equilibrio de poder entre las distintas confederaciones que integran la FIFA.<\/p>\n<p class=\"a-read-more\"><span class=\"a-read-more__label\">Leer tambi\u00e9n<\/span><a href=\"https:\/\/www.france24.com\/es\/deportes\/20260803-la-tormenta-de-infantino-trump-lo-deja-solo-mientras-la-uefa-sopesa-acciones-legales\" target=\"_self\" class=\"a-read-more__link\">La tormenta de Infantino: Trump lo deja solo, mientras la UEFA sopesa acciones legales<\/a><\/p>\n<h2><strong>Una elecci\u00f3n con un trasfondo mayor<\/strong><\/h2>\n<p>La disputa por la reelecci\u00f3n llega en un momento de transformaci\u00f3n para el f\u00fatbol internacional, con una FIFA que ha ampliado el n\u00famero de participantes en sus principales torneos y busca nuevas v\u00edas de ingresos y explotaci\u00f3n comercial.<\/p>\n<p>Para sus defensores, la estrategia de Infantino ha permitido fortalecer la dimensi\u00f3n global de la FIFA y aumentar el atractivo comercial de sus competiciones. Para sus cr\u00edticos, en cambio, el episodio de la venta de participaciones puso de manifiesto los riesgos de una concentraci\u00f3n excesiva de poder y de decisiones que no cuentan con suficiente respaldo entre las confederaciones.<\/p>\n<div class=\"m-em-image\">\n<figure class=\"m-item-image m-item-image--original m-item-image--has-caption\"> <picture class=\"a-picture a-picture--original\"><source type=\"image\/webp\" srcset=\"https:\/\/s.france24.com\/media\/display\/286590ee-8cc8-11f1-a445-005056bf30b7\/w:246\/Infantino-tempete.webp 246w, https:\/\/s.france24.com\/media\/display\/286590ee-8cc8-11f1-a445-005056bf30b7\/w:388\/Infantino-tempete.webp 388w, https:\/\/s.france24.com\/media\/display\/286590ee-8cc8-11f1-a445-005056bf30b7\/w:720\/Infantino-tempete.webp 720w, https:\/\/s.france24.com\/media\/display\/286590ee-8cc8-11f1-a445-005056bf30b7\/w:980\/Infantino-tempete.webp 980w\" sizes=\"(max-width: 1023px) calc(100vw - 32px), (min-width: 1024px) 850px\"><img fetchpriority=\"low\" decoding=\"async\" src=\"https:\/\/s.france24.com\/media\/display\/286590ee-8cc8-11f1-a445-005056bf30b7\/w:980\/Infantino-tempete.png\" srcset=\"https:\/\/s.france24.com\/media\/display\/286590ee-8cc8-11f1-a445-005056bf30b7\/w:246\/Infantino-tempete.png 246w, https:\/\/s.france24.com\/media\/display\/286590ee-8cc8-11f1-a445-005056bf30b7\/w:388\/Infantino-tempete.png 388w, https:\/\/s.france24.com\/media\/display\/286590ee-8cc8-11f1-a445-005056bf30b7\/w:720\/Infantino-tempete.png 720w, https:\/\/s.france24.com\/media\/display\/286590ee-8cc8-11f1-a445-005056bf30b7\/w:980\/Infantino-tempete.png 980w\" sizes=\"(max-width: 1023px) calc(100vw - 32px), (min-width: 1024px) 850px\" alt=\"La FIFA y su presidente, Gianni Infantino, planearon crear una empresa comercial abierta a inversores privados.\" loading=\"lazy\" class=\"a-img \">\n<\/picture><figcaption class=\"a-figcaption\"> La FIFA y su presidente, Gianni Infantino, planearon crear una empresa comercial abierta a inversores privados. \u00a9 Graficaci\u00f3n FMM <\/figcaption><\/figure>\n<\/p><\/div>\n<p>El desenlace depender\u00e1 en buena medida de si la oposici\u00f3n consigue presentar un candidato con capacidad para aglutinar a quienes cuestionan al actual presidente. Por ahora, ese rival no existe formalmente.<\/p>\n<p>Con la fecha l\u00edmite de noviembre cada vez m\u00e1s pr\u00f3xima, Infantino parte con una ventaja evidente: su candidatura est\u00e1 confirmada y conserva apoyos importantes. Pero tambi\u00e9n llega a la carrera electoral enfrentado a una parte significativa del f\u00fatbol internacional, en una de las mayores disputas pol\u00edticas que ha afrontado desde que asumi\u00f3 la presidencia de la FIFA en 2016.<\/p>\n<p class=\"a-read-more\"><span class=\"a-read-more__label\">Leer tambi\u00e9n<\/span><a href=\"https:\/\/www.france24.com\/es\/programas\/el-debate\/20260731-uefa-desaf\u00eda-a-la-fifa-gianni-infantino-lograr\u00e1-privatizar-el-f\u00fatbol\" target=\"_self\" class=\"a-read-more__link\">UEFA desaf\u00eda a la FIFA: \u00bfGianni Infantino lograr\u00e1 privatizar el f\u00fatbol?<\/a><\/p>\n<p>Con Reuters y AP<\/p>\n","protected":false},"excerpt":{"rendered":"<p>Infantino espera prolongar su mandato en la&#46;&#46;&#46;<\/p>\n","protected":false},"author":1,"featured_media":416803,"comment_status":"closed","ping_status":"closed","sticky":false,"template":"","format":"standard","meta":{"_jetpack_newsletter_access":"","_jetpack_dont_email_post_to_subs":false,"_jetpack_newsletter_tier_id":0,"_jetpack_memberships_contains_paywalled_content":false,"_jetpack_feature_clip_id":0,"_jetpack_memberships_contains_paid_content":false,"footnotes":"","jetpack_publicize_message":"","jetpack_publicize_feature_enabled":true,"jetpack_social_post_already_shared":true,"jetpack_social_options":{"image_generator_settings":{"template":"highway","default_image_id":0,"font":"","enabled":false},"version":2},"jetpack_post_was_ever_published":false},"categories":[48,43],"tags":[],"class_list":["post-416802","post","type-post","status-publish","format-standard","has-post-thumbnail","hentry","category-deportes","category-internacionales"],"yoast_head":"<!-- This site is optimized with the Yoast SEO plugin v28.1 - https:\/\/yoast.com\/product\/yoast-seo-wordpress\/ -->\n<title>Infantino desaf\u00eda la presi\u00f3n y buscar\u00e1 un cuarto mandato al frente de la FIFA - Sarmiento24h<\/title>\n<meta name=\"robots\" content=\"index, follow, max-snippet:-1, max-image-preview:large, max-video-preview:-1\" \/>\n<link rel=\"canonical\" href=\"https:\/\/sarmiento24h.com\/?p=416802\" \/>\n<meta property=\"og:locale\" content=\"es_ES\" \/>\n<meta property=\"og:type\" content=\"article\" \/>\n<meta property=\"og:title\" content=\"Infantino desaf\u00eda la presi\u00f3n y buscar\u00e1 un cuarto mandato al frente de la FIFA - Sarmiento24h\" \/>\n<meta property=\"og:description\" content=\"Infantino espera prolongar su mandato en la&#046;&#046;&#046;\" \/>\n<meta property=\"og:url\" content=\"https:\/\/sarmiento24h.com\/?p=416802\" \/>\n<meta property=\"og:site_name\" content=\"Sarmiento24h\" \/>\n<meta property=\"article:publisher\" content=\"https:\/\/facebook.com\/s24hnoticias\" \/>\n<meta property=\"article:published_time\" content=\"2026-09-06T19:26:53+00:00\" \/>\n<meta property=\"og:image\" content=\"https:\/\/s.france24.com\/media\/display\/2076b0a2-90e2-11f1-8fd3-005056a97e36\/w:980\/7fb9bdbd050868693db32a56f3a5ea51abcf45f5.jpg\" \/>\n<meta name=\"author\" content=\"sarmiento24h@gmail.com\" \/>\n<meta name=\"twitter:card\" content=\"summary_large_image\" \/>\n<meta name=\"twitter:creator\" content=\"@sarmiento24h\" \/>\n<meta name=\"twitter:site\" content=\"@sarmiento24h\" \/>\n<meta name=\"twitter:label1\" content=\"Escrito por\" \/>\n\t<meta name=\"twitter:data1\" content=\"sarmiento24h@gmail.com\" \/>\n\t<meta name=\"twitter:label2\" content=\"Tiempo de lectura\" \/>\n\t<meta name=\"twitter:data2\" content=\"6 minutos\" \/>\n<script type=\"application\/ld+json\" class=\"yoast-schema-graph\">{\"@context\":\"https:\\\/\\\/schema.org\",\"@graph\":[{\"@type\":\"Article\",\"@id\":\"https:\\\/\\\/sarmiento24h.com\\\/?p=416802#article\",\"isPartOf\":{\"@id\":\"https:\\\/\\\/sarmiento24h.com\\\/?p=416802\"},\"author\":{\"name\":\"sarmiento24h@gmail.com\",\"@id\":\"https:\\\/\\\/sarmiento24h.com\\\/#\\\/schema\\\/person\\\/d653a59725ad629a7e0429af7b939d4d\"},\"headline\":\"Infantino desaf\u00eda la presi\u00f3n y buscar\u00e1 un cuarto mandato al frente de la FIFA\",\"datePublished\":\"2026-09-06T19:26:53+00:00\",\"mainEntityOfPage\":{\"@id\":\"https:\\\/\\\/sarmiento24h.com\\\/?p=416802\"},\"wordCount\":1262,\"publisher\":{\"@id\":\"https:\\\/\\\/sarmiento24h.com\\\/#organization\"},\"image\":{\"@id\":\"https:\\\/\\\/sarmiento24h.com\\\/?p=416802#primaryimage\"},\"thumbnailUrl\":\"https:\\\/\\\/sarmiento24h.com\\\/wp-content\\\/uploads\\\/2026\\\/09\\\/infantino-desafia-la-presion-y-buscara-un-cuarto-mandato-al-frente-de-la-fifa.jpg\",\"articleSection\":[\"Deportes\",\"Internacionales\"],\"inLanguage\":\"es\"},{\"@type\":\"WebPage\",\"@id\":\"https:\\\/\\\/sarmiento24h.com\\\/?p=416802\",\"url\":\"https:\\\/\\\/sarmiento24h.com\\\/?p=416802\",\"name\":\"Infantino desaf\u00eda la presi\u00f3n y buscar\u00e1 un cuarto mandato al frente de la FIFA - Sarmiento24h\",\"isPartOf\":{\"@id\":\"https:\\\/\\\/sarmiento24h.com\\\/#website\"},\"primaryImageOfPage\":{\"@id\":\"https:\\\/\\\/sarmiento24h.com\\\/?p=416802#primaryimage\"},\"image\":{\"@id\":\"https:\\\/\\\/sarmiento24h.com\\\/?p=416802#primaryimage\"},\"thumbnailUrl\":\"https:\\\/\\\/sarmiento24h.com\\\/wp-content\\\/uploads\\\/2026\\\/09\\\/infantino-desafia-la-presion-y-buscara-un-cuarto-mandato-al-frente-de-la-fifa.jpg\",\"datePublished\":\"2026-09-06T19:26:53+00:00\",\"breadcrumb\":{\"@id\":\"https:\\\/\\\/sarmiento24h.com\\\/?p=416802#breadcrumb\"},\"inLanguage\":\"es\",\"potentialAction\":[{\"@type\":\"ReadAction\",\"target\":[\"https:\\\/\\\/sarmiento24h.com\\\/?p=416802\"]}]},{\"@type\":\"ImageObject\",\"inLanguage\":\"es\",\"@id\":\"https:\\\/\\\/sarmiento24h.com\\\/?p=416802#primaryimage\",\"url\":\"https:\\\/\\\/sarmiento24h.com\\\/wp-content\\\/uploads\\\/2026\\\/09\\\/infantino-desafia-la-presion-y-buscara-un-cuarto-mandato-al-frente-de-la-fifa.jpg\",\"contentUrl\":\"https:\\\/\\\/sarmiento24h.com\\\/wp-content\\\/uploads\\\/2026\\\/09\\\/infantino-desafia-la-presion-y-buscara-un-cuarto-mandato-al-frente-de-la-fifa.jpg\",\"width\":980,\"height\":653},{\"@type\":\"BreadcrumbList\",\"@id\":\"https:\\\/\\\/sarmiento24h.com\\\/?p=416802#breadcrumb\",\"itemListElement\":[{\"@type\":\"ListItem\",\"position\":1,\"name\":\"Home\",\"item\":\"https:\\\/\\\/sarmiento24h.com\\\/\"},{\"@type\":\"ListItem\",\"position\":2,\"name\":\"Infantino desaf\u00eda la presi\u00f3n y buscar\u00e1 un cuarto mandato al frente de la FIFA\"}]},{\"@type\":\"WebSite\",\"@id\":\"https:\\\/\\\/sarmiento24h.com\\\/#website\",\"url\":\"https:\\\/\\\/sarmiento24h.com\\\/\",\"name\":\"Sarmiento24h\",\"description\":\"\",\"publisher\":{\"@id\":\"https:\\\/\\\/sarmiento24h.com\\\/#organization\"},\"potentialAction\":[{\"@type\":\"SearchAction\",\"target\":{\"@type\":\"EntryPoint\",\"urlTemplate\":\"https:\\\/\\\/sarmiento24h.com\\\/?s={search_term_string}\"},\"query-input\":{\"@type\":\"PropertyValueSpecification\",\"valueRequired\":true,\"valueName\":\"search_term_string\"}}],\"inLanguage\":\"es\"},{\"@type\":\"Organization\",\"@id\":\"https:\\\/\\\/sarmiento24h.com\\\/#organization\",\"name\":\"Sarmiento24h\",\"url\":\"https:\\\/\\\/sarmiento24h.com\\\/\",\"logo\":{\"@type\":\"ImageObject\",\"inLanguage\":\"es\",\"@id\":\"https:\\\/\\\/sarmiento24h.com\\\/#\\\/schema\\\/logo\\\/image\\\/\",\"url\":\"https:\\\/\\\/sarmiento24h.com\\\/wp-content\\\/uploads\\\/2025\\\/12\\\/AddText_12-16-10.30.52.jpg\",\"contentUrl\":\"https:\\\/\\\/sarmiento24h.com\\\/wp-content\\\/uploads\\\/2025\\\/12\\\/AddText_12-16-10.30.52.jpg\",\"width\":1220,\"height\":324,\"caption\":\"Sarmiento24h\"},\"image\":{\"@id\":\"https:\\\/\\\/sarmiento24h.com\\\/#\\\/schema\\\/logo\\\/image\\\/\"},\"sameAs\":[\"https:\\\/\\\/facebook.com\\\/s24hnoticias\",\"https:\\\/\\\/x.com\\\/sarmiento24h\"]},{\"@type\":\"Person\",\"@id\":\"https:\\\/\\\/sarmiento24h.com\\\/#\\\/schema\\\/person\\\/d653a59725ad629a7e0429af7b939d4d\",\"name\":\"sarmiento24h@gmail.com\",\"image\":{\"@type\":\"ImageObject\",\"inLanguage\":\"es\",\"@id\":\"https:\\\/\\\/sarmiento24h.com\\\/wp-content\\\/litespeed\\\/avatar\\\/d02cbc4e23c747e6659cd45907173c8f.jpg?ver=1788652516\",\"url\":\"https:\\\/\\\/sarmiento24h.com\\\/wp-content\\\/litespeed\\\/avatar\\\/d02cbc4e23c747e6659cd45907173c8f.jpg?ver=1788652516\",\"contentUrl\":\"https:\\\/\\\/sarmiento24h.com\\\/wp-content\\\/litespeed\\\/avatar\\\/d02cbc4e23c747e6659cd45907173c8f.jpg?ver=1788652516\",\"caption\":\"sarmiento24h@gmail.com\"},\"sameAs\":[\"https:\\\/\\\/sarmiento24h.com\"],\"url\":\"https:\\\/\\\/sarmiento24h.com\\\/?author=1\"}]}<\/script>\n<!-- \/ Yoast SEO plugin. -->","yoast_head_json":{"title":"Infantino desaf\u00eda la presi\u00f3n y buscar\u00e1 un cuarto mandato al frente de la FIFA - Sarmiento24h","robots":{"index":"index","follow":"follow","max-snippet":"max-snippet:-1","max-image-preview":"max-image-preview:large","max-video-preview":"max-video-preview:-1"},"canonical":"https:\/\/sarmiento24h.com\/?p=416802","og_locale":"es_ES","og_type":"article","og_title":"Infantino desaf\u00eda la presi\u00f3n y buscar\u00e1 un cuarto mandato al frente de la FIFA - Sarmiento24h","og_description":"Infantino espera prolongar su mandato en la&#46;&#46;&#46;","og_url":"https:\/\/sarmiento24h.com\/?p=416802","og_site_name":"Sarmiento24h","article_publisher":"https:\/\/facebook.com\/s24hnoticias","article_published_time":"2026-09-06T19:26:53+00:00","og_image":[{"url":"https:\/\/s.france24.com\/media\/display\/2076b0a2-90e2-11f1-8fd3-005056a97e36\/w:980\/7fb9bdbd050868693db32a56f3a5ea51abcf45f5.jpg","type":"","width":"","height":""}],"author":"sarmiento24h@gmail.com","twitter_card":"summary_large_image","twitter_creator":"@sarmiento24h","twitter_site":"@sarmiento24h","twitter_misc":{"Escrito por":"sarmiento24h@gmail.com","Tiempo de lectura":"6 minutos"},"schema":{"@context":"https:\/\/schema.org","@graph":[{"@type":"Article","@id":"https:\/\/sarmiento24h.com\/?p=416802#article","isPartOf":{"@id":"https:\/\/sarmiento24h.com\/?p=416802"},"author":{"name":"sarmiento24h@gmail.com","@id":"https:\/\/sarmiento24h.com\/#\/schema\/person\/d653a59725ad629a7e0429af7b939d4d"},"headline":"Infantino desaf\u00eda la presi\u00f3n y buscar\u00e1 un cuarto mandato al frente de la FIFA","datePublished":"2026-09-06T19:26:53+00:00","mainEntityOfPage":{"@id":"https:\/\/sarmiento24h.com\/?p=416802"},"wordCount":1262,"publisher":{"@id":"https:\/\/sarmiento24h.com\/#organization"},"image":{"@id":"https:\/\/sarmiento24h.com\/?p=416802#primaryimage"},"thumbnailUrl":"https:\/\/sarmiento24h.com\/wp-content\/uploads\/2026\/09\/infantino-desafia-la-presion-y-buscara-un-cuarto-mandato-al-frente-de-la-fifa.jpg","articleSection":["Deportes","Internacionales"],"inLanguage":"es"},{"@type":"WebPage","@id":"https:\/\/sarmiento24h.com\/?p=416802","url":"https:\/\/sarmiento24h.com\/?p=416802","name":"Infantino desaf\u00eda la presi\u00f3n y buscar\u00e1 un cuarto mandato al frente de la FIFA - Sarmiento24h","isPartOf":{"@id":"https:\/\/sarmiento24h.com\/#website"},"primaryImageOfPage":{"@id":"https:\/\/sarmiento24h.com\/?p=416802#primaryimage"},"image":{"@id":"https:\/\/sarmiento24h.com\/?p=416802#primaryimage"},"thumbnailUrl":"https:\/\/sarmiento24h.com\/wp-content\/uploads\/2026\/09\/infantino-desafia-la-presion-y-buscara-un-cuarto-mandato-al-frente-de-la-fifa.jpg","datePublished":"2026-09-06T19:26:53+00:00","breadcrumb":{"@id":"https:\/\/sarmiento24h.com\/?p=416802#breadcrumb"},"inLanguage":"es","potentialAction":[{"@type":"ReadAction","target":["https:\/\/sarmiento24h.com\/?p=416802"]}]},{"@type":"ImageObject","inLanguage":"es","@id":"https:\/\/sarmiento24h.com\/?p=416802#primaryimage","url":"https:\/\/sarmiento24h.com\/wp-content\/uploads\/2026\/09\/infantino-desafia-la-presion-y-buscara-un-cuarto-mandato-al-frente-de-la-fifa.jpg","contentUrl":"https:\/\/sarmiento24h.com\/wp-content\/uploads\/2026\/09\/infantino-desafia-la-presion-y-buscara-un-cuarto-mandato-al-frente-de-la-fifa.jpg","width":980,"height":653},{"@type":"BreadcrumbList","@id":"https:\/\/sarmiento24h.com\/?p=416802#breadcrumb","itemListElement":[{"@type":"ListItem","position":1,"name":"Home","item":"https:\/\/sarmiento24h.com\/"},{"@type":"ListItem","position":2,"name":"Infantino desaf\u00eda la presi\u00f3n y buscar\u00e1 un cuarto mandato al frente de la FIFA"}]},{"@type":"WebSite","@id":"https:\/\/sarmiento24h.com\/#website","url":"https:\/\/sarmiento24h.com\/","name":"Sarmiento24h","description":"","publisher":{"@id":"https:\/\/sarmiento24h.com\/#organization"},"potentialAction":[{"@type":"SearchAction","target":{"@type":"EntryPoint","urlTemplate":"https:\/\/sarmiento24h.com\/?s={search_term_string}"},"query-input":{"@type":"PropertyValueSpecification","valueRequired":true,"valueName":"search_term_string"}}],"inLanguage":"es"},{"@type":"Organization","@id":"https:\/\/sarmiento24h.com\/#organization","name":"Sarmiento24h","url":"https:\/\/sarmiento24h.com\/","logo":{"@type":"ImageObject","inLanguage":"es","@id":"https:\/\/sarmiento24h.com\/#\/schema\/logo\/image\/","url":"https:\/\/sarmiento24h.com\/wp-content\/uploads\/2025\/12\/AddText_12-16-10.30.52.jpg","contentUrl":"https:\/\/sarmiento24h.com\/wp-content\/uploads\/2025\/12\/AddText_12-16-10.30.52.jpg","width":1220,"height":324,"caption":"Sarmiento24h"},"image":{"@id":"https:\/\/sarmiento24h.com\/#\/schema\/logo\/image\/"},"sameAs":["https:\/\/facebook.com\/s24hnoticias","https:\/\/x.com\/sarmiento24h"]},{"@type":"Person","@id":"https:\/\/sarmiento24h.com\/#\/schema\/person\/d653a59725ad629a7e0429af7b939d4d","name":"sarmiento24h@gmail.com","image":{"@type":"ImageObject","inLanguage":"es","@id":"https:\/\/sarmiento24h.com\/wp-content\/litespeed\/avatar\/d02cbc4e23c747e6659cd45907173c8f.jpg?ver=1788652516","url":"https:\/\/sarmiento24h.com\/wp-content\/litespeed\/avatar\/d02cbc4e23c747e6659cd45907173c8f.jpg?ver=1788652516","contentUrl":"https:\/\/sarmiento24h.com\/wp-content\/litespeed\/avatar\/d02cbc4e23c747e6659cd45907173c8f.jpg?ver=1788652516","caption":"sarmiento24h@gmail.com"},"sameAs":["https:\/\/sarmiento24h.com"],"url":"https:\/\/sarmiento24h.com\/?author=1"}]}},"jetpack_publicize_connections":[],"jetpack_featured_media_url":"https:\/\/sarmiento24h.com\/wp-content\/uploads\/2026\/09\/infantino-desafia-la-presion-y-buscara-un-cuarto-mandato-al-frente-de-la-fifa.jpg","jetpack_sharing_enabled":true,"_links":{"self":[{"href":"https:\/\/sarmiento24h.com\/index.php?rest_route=\/wp\/v2\/posts\/416802","targetHints":{"allow":["GET"]}}],"collection":[{"href":"https:\/\/sarmiento24h.com\/index.php?rest_route=\/wp\/v2\/posts"}],"about":[{"href":"https:\/\/sarmiento24h.com\/index.php?rest_route=\/wp\/v2\/types\/post"}],"author":[{"embeddable":true,"href":"https:\/\/sarmiento24h.com\/index.php?rest_route=\/wp\/v2\/users\/1"}],"replies":[{"embeddable":true,"href":"https:\/\/sarmiento24h.com\/index.php?rest_route=%2Fwp%2Fv2%2Fcomments&post=416802"}],"version-history":[{"count":0,"href":"https:\/\/sarmiento24h.com\/index.php?rest_route=\/wp\/v2\/posts\/416802\/revisions"}],"wp:featuredmedia":[{"embeddable":true,"href":"https:\/\/sarmiento24h.com\/index.php?rest_route=\/wp\/v2\/media\/416803"}],"wp:attachment":[{"href":"https:\/\/sarmiento24h.com\/index.php?rest_route=%2Fwp%2Fv2%2Fmedia&parent=416802"}],"wp:term":[{"taxonomy":"category","embeddable":true,"href":"https:\/\/sarmiento24h.com\/index.php?rest_route=%2Fwp%2Fv2%2Fcategories&post=416802"},{"taxonomy":"post_tag","embeddable":true,"href":"https:\/\/sarmiento24h.com\/index.php?rest_route=%2Fwp%2Fv2%2Ftags&post=416802"}],"curies":[{"name":"wp","href":"https:\/\/api.w.org\/{rel}","templated":true}]}}