{"id":416846,"date":"2026-09-06T19:27:21","date_gmt":"2026-09-06T19:27:21","guid":{"rendered":"https:\/\/visitantes.do\/?p=44122"},"modified":"2026-09-06T19:27:21","modified_gmt":"2026-09-06T19:27:21","slug":"gloria-reyes-asume-organizacion-del-prm-con-el-reto-de-fortalecer-las-bases-y-consolidar-la-estructura-partidaria","status":"publish","type":"post","link":"https:\/\/sarmiento24h.com\/?p=416846","title":{"rendered":"Gloria Reyes asume Organizaci\u00f3n del PRM con el reto de fortalecer las bases y consolidar la estructura partidaria"},"content":{"rendered":"<div><img decoding=\"async\" src=\"https:\/\/visitantes.do\/wp-content\/uploads\/2026\/09\/IMG-20260906-WA0102.jpg\" class=\"ff-og-image-inserted\"><\/div>\n<p class=\"wp-block-paragraph\">La nueva secretaria nacional de Organizaci\u00f3n llama a mantener el partido m\u00e1s unido, organizado y cercano a su militancia<\/p>\n<p class=\"wp-block-paragraph\">Santo Domingo, 6 de septiembre de 2026. Gloria Reyes asumi\u00f3 este domingo la Secretar\u00eda Nacional de Organizaci\u00f3n del Partido Revolucionario Moderno (PRM), con el compromiso de dar continuidad al fortalecimiento de las bases, consolidar la estructura partidaria y seguir impulsando un partido m\u00e1s unido, organizado y cercano a su militancia.<\/p>\n<p class=\"wp-block-paragraph\">Reyes fue juramentada durante un acto celebrado en el Club San Carlos, junto al presidente de la Rep\u00fablica y presidente del PRM, Luis Abinader, y el secretario general de la organizaci\u00f3n, Juan Garrig\u00f3 Mej\u00eda, como parte de las nuevas autoridades nacionales del partido para el per\u00edodo 2026-2030.<\/p>\n<p class=\"wp-block-paragraph\">Al asumir esta responsabilidad, Reyes agradeci\u00f3 al presidente Luis Abinader por la confianza depositada en ella y por la oportunidad de continuar aportando al fortalecimiento del partido desde esta nueva responsabilidad. Asimismo, valor\u00f3 el respaldo de la direcci\u00f3n y de la militancia del PRM, y afirm\u00f3 que asume esta tarea con sentido de compromiso, responsabilidad y disposici\u00f3n de trabajar junto a todos los organismos de la organizaci\u00f3n.<\/p>\n<p class=\"wp-block-paragraph\">\u201cAsumo esta responsabilidad con la firme convicci\u00f3n de que un partido fuerte se construye desde sus bases, con organizaci\u00f3n, unidad, participaci\u00f3n y cercan\u00eda con su gente\u201d, expres\u00f3.<\/p>\n<p class=\"wp-block-paragraph\">La nueva secretaria nacional de Organizaci\u00f3n sostuvo que su gesti\u00f3n estar\u00e1 enfocada en fortalecer la estructura partidaria en todo el territorio nacional, acompa\u00f1ar a los dirigentes y militantes y promover una mayor articulaci\u00f3n entre los distintos niveles de la organizaci\u00f3n.<\/p>\n<p class=\"wp-block-paragraph\">\u201cOrganizar un partido es mucho m\u00e1s que administrar una estructura. Es escuchar, integrar, formar y acompa\u00f1ar a nuestra militancia. Queremos que cada organismo funcione y que cada militante encuentre en el partido un espacio para participar y aportar\u201d, afirm\u00f3.<\/p>\n<p class=\"wp-block-paragraph\">Reyes consider\u00f3 que el fortalecimiento del PRM debe comenzar desde las bases y las comunidades, con una estructura capaz de responder a los nuevos desaf\u00edos pol\u00edticos y sociales del pa\u00eds y de mantener una conexi\u00f3n permanente con la ciudadan\u00eda.<\/p>\n<p class=\"wp-block-paragraph\">La dirigente pol\u00edtica asegur\u00f3 que ejercer\u00e1 sus nuevas funciones con apertura, di\u00e1logo y disposici\u00f3n para trabajar junto a las estructuras nacionales, provinciales, municipales y zonales, con el prop\u00f3sito de seguir construyendo un partido fuerte, din\u00e1mico y preparado para los desaf\u00edos del presente y del futuro.<\/p>\n","protected":false},"excerpt":{"rendered":"<p>La nueva secretaria nacional de Organizaci\u00f3n llama&#46;&#46;&#46;<\/p>\n","protected":false},"author":1,"featured_media":416847,"comment_status":"closed","ping_status":"closed","sticky":false,"template":"","format":"standard","meta":{"_jetpack_newsletter_access":"","_jetpack_dont_email_post_to_subs":false,"_jetpack_newsletter_tier_id":0,"_jetpack_memberships_contains_paywalled_content":false,"_jetpack_feature_clip_id":0,"_jetpack_memberships_contains_paid_content":false,"footnotes":"","jetpack_publicize_message":"","jetpack_publicize_feature_enabled":true,"jetpack_social_post_already_shared":true,"jetpack_social_options":{"image_generator_settings":{"template":"highway","default_image_id":0,"font":"","enabled":false},"version":2},"jetpack_post_was_ever_published":false},"categories":[62],"tags":[],"class_list":["post-416846","post","type-post","status-publish","format-standard","has-post-thumbnail","hentry","category-turismo"],"yoast_head":"<!-- This site is optimized with the Yoast SEO plugin v28.1 - https:\/\/yoast.com\/product\/yoast-seo-wordpress\/ -->\n<title>Gloria Reyes asume Organizaci\u00f3n del PRM con el reto de fortalecer las bases y consolidar la estructura partidaria - Sarmiento24h<\/title>\n<meta name=\"robots\" content=\"index, follow, max-snippet:-1, max-image-preview:large, max-video-preview:-1\" \/>\n<link rel=\"canonical\" href=\"https:\/\/sarmiento24h.com\/?p=416846\" \/>\n<meta property=\"og:locale\" content=\"es_ES\" \/>\n<meta property=\"og:type\" content=\"article\" \/>\n<meta property=\"og:title\" content=\"Gloria Reyes asume Organizaci\u00f3n del PRM con el reto de fortalecer las bases y consolidar la estructura partidaria - Sarmiento24h\" \/>\n<meta property=\"og:description\" content=\"La nueva secretaria nacional de Organizaci\u00f3n llama&#046;&#046;&#046;\" \/>\n<meta property=\"og:url\" content=\"https:\/\/sarmiento24h.com\/?p=416846\" \/>\n<meta property=\"og:site_name\" content=\"Sarmiento24h\" \/>\n<meta property=\"article:publisher\" content=\"https:\/\/facebook.com\/s24hnoticias\" \/>\n<meta property=\"article:published_time\" content=\"2026-09-06T19:27:21+00:00\" \/>\n<meta property=\"og:image\" content=\"https:\/\/visitantes.do\/wp-content\/uploads\/2026\/09\/IMG-20260906-WA0102.jpg\" \/>\n<meta name=\"author\" content=\"sarmiento24h@gmail.com\" \/>\n<meta name=\"twitter:card\" content=\"summary_large_image\" \/>\n<meta name=\"twitter:creator\" content=\"@sarmiento24h\" \/>\n<meta name=\"twitter:site\" content=\"@sarmiento24h\" \/>\n<meta name=\"twitter:label1\" content=\"Escrito por\" \/>\n\t<meta name=\"twitter:data1\" content=\"sarmiento24h@gmail.com\" \/>\n\t<meta name=\"twitter:label2\" content=\"Tiempo de lectura\" \/>\n\t<meta name=\"twitter:data2\" content=\"2 minutos\" \/>\n<script type=\"application\/ld+json\" class=\"yoast-schema-graph\">{\"@context\":\"https:\\\/\\\/schema.org\",\"@graph\":[{\"@type\":\"Article\",\"@id\":\"https:\\\/\\\/sarmiento24h.com\\\/?p=416846#article\",\"isPartOf\":{\"@id\":\"https:\\\/\\\/sarmiento24h.com\\\/?p=416846\"},\"author\":{\"name\":\"sarmiento24h@gmail.com\",\"@id\":\"https:\\\/\\\/sarmiento24h.com\\\/#\\\/schema\\\/person\\\/d653a59725ad629a7e0429af7b939d4d\"},\"headline\":\"Gloria Reyes asume Organizaci\u00f3n del PRM con el reto de fortalecer las bases y consolidar la estructura partidaria\",\"datePublished\":\"2026-09-06T19:27:21+00:00\",\"mainEntityOfPage\":{\"@id\":\"https:\\\/\\\/sarmiento24h.com\\\/?p=416846\"},\"wordCount\":424,\"publisher\":{\"@id\":\"https:\\\/\\\/sarmiento24h.com\\\/#organization\"},\"image\":{\"@id\":\"https:\\\/\\\/sarmiento24h.com\\\/?p=416846#primaryimage\"},\"thumbnailUrl\":\"https:\\\/\\\/sarmiento24h.com\\\/wp-content\\\/uploads\\\/2026\\\/09\\\/gloria-reyes-asume-organizacion-del-prm-con-el-reto-de-fortalecer-las-bases-y-consolidar-la-estructura-partidaria.jpg\",\"articleSection\":[\"Turismo\"],\"inLanguage\":\"es\"},{\"@type\":\"WebPage\",\"@id\":\"https:\\\/\\\/sarmiento24h.com\\\/?p=416846\",\"url\":\"https:\\\/\\\/sarmiento24h.com\\\/?p=416846\",\"name\":\"Gloria Reyes asume Organizaci\u00f3n del PRM con el reto de fortalecer las bases y consolidar la estructura partidaria - Sarmiento24h\",\"isPartOf\":{\"@id\":\"https:\\\/\\\/sarmiento24h.com\\\/#website\"},\"primaryImageOfPage\":{\"@id\":\"https:\\\/\\\/sarmiento24h.com\\\/?p=416846#primaryimage\"},\"image\":{\"@id\":\"https:\\\/\\\/sarmiento24h.com\\\/?p=416846#primaryimage\"},\"thumbnailUrl\":\"https:\\\/\\\/sarmiento24h.com\\\/wp-content\\\/uploads\\\/2026\\\/09\\\/gloria-reyes-asume-organizacion-del-prm-con-el-reto-de-fortalecer-las-bases-y-consolidar-la-estructura-partidaria.jpg\",\"datePublished\":\"2026-09-06T19:27:21+00:00\",\"breadcrumb\":{\"@id\":\"https:\\\/\\\/sarmiento24h.com\\\/?p=416846#breadcrumb\"},\"inLanguage\":\"es\",\"potentialAction\":[{\"@type\":\"ReadAction\",\"target\":[\"https:\\\/\\\/sarmiento24h.com\\\/?p=416846\"]}]},{\"@type\":\"ImageObject\",\"inLanguage\":\"es\",\"@id\":\"https:\\\/\\\/sarmiento24h.com\\\/?p=416846#primaryimage\",\"url\":\"https:\\\/\\\/sarmiento24h.com\\\/wp-content\\\/uploads\\\/2026\\\/09\\\/gloria-reyes-asume-organizacion-del-prm-con-el-reto-de-fortalecer-las-bases-y-consolidar-la-estructura-partidaria.jpg\",\"contentUrl\":\"https:\\\/\\\/sarmiento24h.com\\\/wp-content\\\/uploads\\\/2026\\\/09\\\/gloria-reyes-asume-organizacion-del-prm-con-el-reto-de-fortalecer-las-bases-y-consolidar-la-estructura-partidaria.jpg\",\"width\":1280,\"height\":852},{\"@type\":\"BreadcrumbList\",\"@id\":\"https:\\\/\\\/sarmiento24h.com\\\/?p=416846#breadcrumb\",\"itemListElement\":[{\"@type\":\"ListItem\",\"position\":1,\"name\":\"Home\",\"item\":\"https:\\\/\\\/sarmiento24h.com\\\/\"},{\"@type\":\"ListItem\",\"position\":2,\"name\":\"Gloria Reyes asume Organizaci\u00f3n del PRM con el reto de fortalecer las bases y consolidar la estructura partidaria\"}]},{\"@type\":\"WebSite\",\"@id\":\"https:\\\/\\\/sarmiento24h.com\\\/#website\",\"url\":\"https:\\\/\\\/sarmiento24h.com\\\/\",\"name\":\"Sarmiento24h\",\"description\":\"\",\"publisher\":{\"@id\":\"https:\\\/\\\/sarmiento24h.com\\\/#organization\"},\"potentialAction\":[{\"@type\":\"SearchAction\",\"target\":{\"@type\":\"EntryPoint\",\"urlTemplate\":\"https:\\\/\\\/sarmiento24h.com\\\/?s={search_term_string}\"},\"query-input\":{\"@type\":\"PropertyValueSpecification\",\"valueRequired\":true,\"valueName\":\"search_term_string\"}}],\"inLanguage\":\"es\"},{\"@type\":\"Organization\",\"@id\":\"https:\\\/\\\/sarmiento24h.com\\\/#organization\",\"name\":\"Sarmiento24h\",\"url\":\"https:\\\/\\\/sarmiento24h.com\\\/\",\"logo\":{\"@type\":\"ImageObject\",\"inLanguage\":\"es\",\"@id\":\"https:\\\/\\\/sarmiento24h.com\\\/#\\\/schema\\\/logo\\\/image\\\/\",\"url\":\"https:\\\/\\\/sarmiento24h.com\\\/wp-content\\\/uploads\\\/2025\\\/12\\\/AddText_12-16-10.30.52.jpg\",\"contentUrl\":\"https:\\\/\\\/sarmiento24h.com\\\/wp-content\\\/uploads\\\/2025\\\/12\\\/AddText_12-16-10.30.52.jpg\",\"width\":1220,\"height\":324,\"caption\":\"Sarmiento24h\"},\"image\":{\"@id\":\"https:\\\/\\\/sarmiento24h.com\\\/#\\\/schema\\\/logo\\\/image\\\/\"},\"sameAs\":[\"https:\\\/\\\/facebook.com\\\/s24hnoticias\",\"https:\\\/\\\/x.com\\\/sarmiento24h\"]},{\"@type\":\"Person\",\"@id\":\"https:\\\/\\\/sarmiento24h.com\\\/#\\\/schema\\\/person\\\/d653a59725ad629a7e0429af7b939d4d\",\"name\":\"sarmiento24h@gmail.com\",\"image\":{\"@type\":\"ImageObject\",\"inLanguage\":\"es\",\"@id\":\"https:\\\/\\\/sarmiento24h.com\\\/wp-content\\\/litespeed\\\/avatar\\\/d02cbc4e23c747e6659cd45907173c8f.jpg?ver=1788652516\",\"url\":\"https:\\\/\\\/sarmiento24h.com\\\/wp-content\\\/litespeed\\\/avatar\\\/d02cbc4e23c747e6659cd45907173c8f.jpg?ver=1788652516\",\"contentUrl\":\"https:\\\/\\\/sarmiento24h.com\\\/wp-content\\\/litespeed\\\/avatar\\\/d02cbc4e23c747e6659cd45907173c8f.jpg?ver=1788652516\",\"caption\":\"sarmiento24h@gmail.com\"},\"sameAs\":[\"https:\\\/\\\/sarmiento24h.com\"],\"url\":\"https:\\\/\\\/sarmiento24h.com\\\/?author=1\"}]}<\/script>\n<!-- \/ Yoast SEO plugin. -->","yoast_head_json":{"title":"Gloria Reyes asume Organizaci\u00f3n del PRM con el reto de fortalecer las bases y consolidar la estructura partidaria - Sarmiento24h","robots":{"index":"index","follow":"follow","max-snippet":"max-snippet:-1","max-image-preview":"max-image-preview:large","max-video-preview":"max-video-preview:-1"},"canonical":"https:\/\/sarmiento24h.com\/?p=416846","og_locale":"es_ES","og_type":"article","og_title":"Gloria Reyes asume Organizaci\u00f3n del PRM con el reto de fortalecer las bases y consolidar la estructura partidaria - Sarmiento24h","og_description":"La nueva secretaria nacional de Organizaci\u00f3n llama&#46;&#46;&#46;","og_url":"https:\/\/sarmiento24h.com\/?p=416846","og_site_name":"Sarmiento24h","article_publisher":"https:\/\/facebook.com\/s24hnoticias","article_published_time":"2026-09-06T19:27:21+00:00","og_image":[{"url":"https:\/\/visitantes.do\/wp-content\/uploads\/2026\/09\/IMG-20260906-WA0102.jpg","type":"","width":"","height":""}],"author":"sarmiento24h@gmail.com","twitter_card":"summary_large_image","twitter_creator":"@sarmiento24h","twitter_site":"@sarmiento24h","twitter_misc":{"Escrito por":"sarmiento24h@gmail.com","Tiempo de lectura":"2 minutos"},"schema":{"@context":"https:\/\/schema.org","@graph":[{"@type":"Article","@id":"https:\/\/sarmiento24h.com\/?p=416846#article","isPartOf":{"@id":"https:\/\/sarmiento24h.com\/?p=416846"},"author":{"name":"sarmiento24h@gmail.com","@id":"https:\/\/sarmiento24h.com\/#\/schema\/person\/d653a59725ad629a7e0429af7b939d4d"},"headline":"Gloria Reyes asume Organizaci\u00f3n del PRM con el reto de fortalecer las bases y consolidar la estructura partidaria","datePublished":"2026-09-06T19:27:21+00:00","mainEntityOfPage":{"@id":"https:\/\/sarmiento24h.com\/?p=416846"},"wordCount":424,"publisher":{"@id":"https:\/\/sarmiento24h.com\/#organization"},"image":{"@id":"https:\/\/sarmiento24h.com\/?p=416846#primaryimage"},"thumbnailUrl":"https:\/\/sarmiento24h.com\/wp-content\/uploads\/2026\/09\/gloria-reyes-asume-organizacion-del-prm-con-el-reto-de-fortalecer-las-bases-y-consolidar-la-estructura-partidaria.jpg","articleSection":["Turismo"],"inLanguage":"es"},{"@type":"WebPage","@id":"https:\/\/sarmiento24h.com\/?p=416846","url":"https:\/\/sarmiento24h.com\/?p=416846","name":"Gloria Reyes asume Organizaci\u00f3n del PRM con el reto de fortalecer las bases y consolidar la estructura partidaria - Sarmiento24h","isPartOf":{"@id":"https:\/\/sarmiento24h.com\/#website"},"primaryImageOfPage":{"@id":"https:\/\/sarmiento24h.com\/?p=416846#primaryimage"},"image":{"@id":"https:\/\/sarmiento24h.com\/?p=416846#primaryimage"},"thumbnailUrl":"https:\/\/sarmiento24h.com\/wp-content\/uploads\/2026\/09\/gloria-reyes-asume-organizacion-del-prm-con-el-reto-de-fortalecer-las-bases-y-consolidar-la-estructura-partidaria.jpg","datePublished":"2026-09-06T19:27:21+00:00","breadcrumb":{"@id":"https:\/\/sarmiento24h.com\/?p=416846#breadcrumb"},"inLanguage":"es","potentialAction":[{"@type":"ReadAction","target":["https:\/\/sarmiento24h.com\/?p=416846"]}]},{"@type":"ImageObject","inLanguage":"es","@id":"https:\/\/sarmiento24h.com\/?p=416846#primaryimage","url":"https:\/\/sarmiento24h.com\/wp-content\/uploads\/2026\/09\/gloria-reyes-asume-organizacion-del-prm-con-el-reto-de-fortalecer-las-bases-y-consolidar-la-estructura-partidaria.jpg","contentUrl":"https:\/\/sarmiento24h.com\/wp-content\/uploads\/2026\/09\/gloria-reyes-asume-organizacion-del-prm-con-el-reto-de-fortalecer-las-bases-y-consolidar-la-estructura-partidaria.jpg","width":1280,"height":852},{"@type":"BreadcrumbList","@id":"https:\/\/sarmiento24h.com\/?p=416846#breadcrumb","itemListElement":[{"@type":"ListItem","position":1,"name":"Home","item":"https:\/\/sarmiento24h.com\/"},{"@type":"ListItem","position":2,"name":"Gloria Reyes asume Organizaci\u00f3n del PRM con el reto de fortalecer las bases y consolidar la estructura partidaria"}]},{"@type":"WebSite","@id":"https:\/\/sarmiento24h.com\/#website","url":"https:\/\/sarmiento24h.com\/","name":"Sarmiento24h","description":"","publisher":{"@id":"https:\/\/sarmiento24h.com\/#organization"},"potentialAction":[{"@type":"SearchAction","target":{"@type":"EntryPoint","urlTemplate":"https:\/\/sarmiento24h.com\/?s={search_term_string}"},"query-input":{"@type":"PropertyValueSpecification","valueRequired":true,"valueName":"search_term_string"}}],"inLanguage":"es"},{"@type":"Organization","@id":"https:\/\/sarmiento24h.com\/#organization","name":"Sarmiento24h","url":"https:\/\/sarmiento24h.com\/","logo":{"@type":"ImageObject","inLanguage":"es","@id":"https:\/\/sarmiento24h.com\/#\/schema\/logo\/image\/","url":"https:\/\/sarmiento24h.com\/wp-content\/uploads\/2025\/12\/AddText_12-16-10.30.52.jpg","contentUrl":"https:\/\/sarmiento24h.com\/wp-content\/uploads\/2025\/12\/AddText_12-16-10.30.52.jpg","width":1220,"height":324,"caption":"Sarmiento24h"},"image":{"@id":"https:\/\/sarmiento24h.com\/#\/schema\/logo\/image\/"},"sameAs":["https:\/\/facebook.com\/s24hnoticias","https:\/\/x.com\/sarmiento24h"]},{"@type":"Person","@id":"https:\/\/sarmiento24h.com\/#\/schema\/person\/d653a59725ad629a7e0429af7b939d4d","name":"sarmiento24h@gmail.com","image":{"@type":"ImageObject","inLanguage":"es","@id":"https:\/\/sarmiento24h.com\/wp-content\/litespeed\/avatar\/d02cbc4e23c747e6659cd45907173c8f.jpg?ver=1788652516","url":"https:\/\/sarmiento24h.com\/wp-content\/litespeed\/avatar\/d02cbc4e23c747e6659cd45907173c8f.jpg?ver=1788652516","contentUrl":"https:\/\/sarmiento24h.com\/wp-content\/litespeed\/avatar\/d02cbc4e23c747e6659cd45907173c8f.jpg?ver=1788652516","caption":"sarmiento24h@gmail.com"},"sameAs":["https:\/\/sarmiento24h.com"],"url":"https:\/\/sarmiento24h.com\/?author=1"}]}},"jetpack_publicize_connections":[],"jetpack_featured_media_url":"https:\/\/sarmiento24h.com\/wp-content\/uploads\/2026\/09\/gloria-reyes-asume-organizacion-del-prm-con-el-reto-de-fortalecer-las-bases-y-consolidar-la-estructura-partidaria.jpg","jetpack_sharing_enabled":true,"_links":{"self":[{"href":"https:\/\/sarmiento24h.com\/index.php?rest_route=\/wp\/v2\/posts\/416846","targetHints":{"allow":["GET"]}}],"collection":[{"href":"https:\/\/sarmiento24h.com\/index.php?rest_route=\/wp\/v2\/posts"}],"about":[{"href":"https:\/\/sarmiento24h.com\/index.php?rest_route=\/wp\/v2\/types\/post"}],"author":[{"embeddable":true,"href":"https:\/\/sarmiento24h.com\/index.php?rest_route=\/wp\/v2\/users\/1"}],"replies":[{"embeddable":true,"href":"https:\/\/sarmiento24h.com\/index.php?rest_route=%2Fwp%2Fv2%2Fcomments&post=416846"}],"version-history":[{"count":0,"href":"https:\/\/sarmiento24h.com\/index.php?rest_route=\/wp\/v2\/posts\/416846\/revisions"}],"wp:featuredmedia":[{"embeddable":true,"href":"https:\/\/sarmiento24h.com\/index.php?rest_route=\/wp\/v2\/media\/416847"}],"wp:attachment":[{"href":"https:\/\/sarmiento24h.com\/index.php?rest_route=%2Fwp%2Fv2%2Fmedia&parent=416846"}],"wp:term":[{"taxonomy":"category","embeddable":true,"href":"https:\/\/sarmiento24h.com\/index.php?rest_route=%2Fwp%2Fv2%2Fcategories&post=416846"},{"taxonomy":"post_tag","embeddable":true,"href":"https:\/\/sarmiento24h.com\/index.php?rest_route=%2Fwp%2Fv2%2Ftags&post=416846"}],"curies":[{"name":"wp","href":"https:\/\/api.w.org\/{rel}","templated":true}]}}