{"id":42158,"date":"2026-03-04T21:37:00","date_gmt":"2026-03-04T21:37:00","guid":{"rendered":"https:\/\/qpasa.com\/?p=106987"},"modified":"2026-03-04T21:37:00","modified_gmt":"2026-03-04T21:37:00","slug":"nino-con-autismo-de-6-anos-se-convierte-en-la-persona-mas-joven-en-entrar-en-oxford","status":"publish","type":"post","link":"https:\/\/sarmiento24h.com\/?p=42158","title":{"rendered":"Ni\u00f1o con autismo de 6 a\u00f1os se convierte en la persona m\u00e1s joven en entrar en Oxford"},"content":{"rendered":"<div><img decoding=\"async\" src=\"https:\/\/sarmiento24h.com\/wp-content\/uploads\/2026\/03\/nino-con-autismo-de-6-anos-se-convierte-en-la-persona-mas-joven-en-entrar-en-oxford.jpg\" class=\"ff-og-image-inserted\"><\/div>\n<p>En Tottenham, al norte de Londres, comenz\u00f3 una historia que con el tiempo capt\u00f3 la atenci\u00f3n de medios y educadores en todo el mundo. Joshua Beckford mostr\u00f3 desde muy peque\u00f1o una capacidad de aprendizaje poco com\u00fan que terminar\u00eda llev\u00e1ndolo a un logro extraordinario, ser el ni\u00f1o m\u00e1s joven en entrar a Oxford.<\/p>\n<p>Con apenas seis a\u00f1os fue aceptado en un programa acad\u00e9mico de la Universidad de Oxford, convirti\u00e9ndose en la <strong>persona m\u00e1s joven aceptada en Oxford<\/strong>, algo que muy pocos ni\u00f1os han conseguido a una edad tan temprana.<\/p>\n<h2 class=\"wp-block-heading\" id=\"h-un-talento-que-aparecio-desde-los-primeros-anos\">Un talento que apareci\u00f3 desde los primeros a\u00f1os<\/h2>\n<p>Las habilidades de Joshua comenzaron a notarse cuando todav\u00eda era muy peque\u00f1o. Su familia recuerda que antes de cumplir un a\u00f1o ya identificaba letras y n\u00fameros en el teclado de un computador.<\/p>\n<p>A los tres a\u00f1os ya pod\u00eda leer con fluidez gracias al m\u00e9todo fon\u00e9tico y mostraba una curiosidad constante por aprender cosas nuevas.<\/p>\n<p>Su inter\u00e9s por el conocimiento no se limitaba a la lectura. Tambi\u00e9n empez\u00f3 a explorar otros idiomas y lleg\u00f3 a ense\u00f1arse japon\u00e9s por su cuenta siendo todav\u00eda muy joven.<\/p>\n<h2 class=\"wp-block-heading\" id=\"h-como-llego-a-estudiar-en-oxford-con-solo-seis-anos\">C\u00f3mo lleg\u00f3 a estudiar en Oxford con solo seis a\u00f1os<\/h2>\n<p>Al notar sus capacidades, el padre de Joshua decidi\u00f3 buscar oportunidades educativas que pudieran estimular su desarrollo intelectual.<\/p>\n<p>Fue entonces cuando contact\u00f3 con un programa acad\u00e9mico de la Universidad de Oxford dise\u00f1ado para j\u00f3venes con altas capacidades. Aunque el programa normalmente estaba pensado para ni\u00f1os mayores, la universidad acept\u00f3 evaluarlo.<\/p>\n<p>Tras revisar sus habilidades, Oxford decidi\u00f3 admitirlo en el programa. Joshua comenz\u00f3 as\u00ed a estudiar materias avanzadas como filosof\u00eda e historia, logrando completar los cursos con excelentes resultados.<\/p>\n<p>Este paso lo convirti\u00f3 en <strong>el ni\u00f1o m\u00e1s joven en entrar a Oxford<\/strong>, un hecho que r\u00e1pidamente llam\u00f3 la atenci\u00f3n de la comunidad educativa internacional.<\/p>\n<h2 class=\"wp-block-heading\" id=\"h-una-historia-que-abrio-conversaciones-sobre-neurodiversidad\">Una historia que abri\u00f3 conversaciones sobre neurodiversidad<\/h2>\n<p>Con el paso del tiempo, Joshua tambi\u00e9n se convirti\u00f3 en una voz importante para visibilizar el talento dentro de la comunidad neurodiversa.<\/p>\n<p><span class=\"td-adspot-title\">&#8211; Patrocinado &#8211;<\/span><br \/>\n<!-- popi2 --><br \/>\n<ins class=\"adsbygoogle\" data-ad-client=\"ca-pub-1729935282101551\" data-ad-slot=\"2133646425\" data-ad-format=\"auto\" data-full-width-responsive=\"true\"><\/ins>\n<\/p>\n<p>Su experiencia ayud\u00f3 a impulsar conversaciones sobre la importancia de reconocer distintas formas de aprendizaje y de ofrecer oportunidades educativas que permitan desarrollar el potencial de cada persona.<\/p>\n<p>Incluso siendo muy joven particip\u00f3 en charlas y proyectos educativos relacionados con el autismo y la inclusi\u00f3n.<\/p>\n<h2 class=\"wp-block-heading\" id=\"h-un-ejemplo-de-como-el-talento-puede-aparecer-muy-temprano\">Un ejemplo de c\u00f3mo el talento puede aparecer muy temprano<\/h2>\n<p>La historia de Joshua Beckford demuestra que el talento puede manifestarse de maneras inesperadas y a edades muy tempranas.<\/p>\n<p>Su paso por Oxford a los seis a\u00f1os no solo llam\u00f3 la atenci\u00f3n del mundo acad\u00e9mico, tambi\u00e9n dej\u00f3 una idea poderosa. Cuando el talento encuentra oportunidades adecuadas, puede abrir caminos que nadie imaginaba posibles.<\/p>\n","protected":false},"excerpt":{"rendered":"<p>En Tottenham, al norte de Londres, comenz\u00f3&#46;&#46;&#46;<\/p>\n","protected":false},"author":1,"featured_media":42159,"comment_status":"closed","ping_status":"closed","sticky":false,"template":"","format":"standard","meta":{"_jetpack_memberships_contains_paid_content":false,"footnotes":"","jetpack_publicize_message":"","jetpack_publicize_feature_enabled":true,"jetpack_social_post_already_shared":true,"jetpack_social_options":{"image_generator_settings":{"template":"highway","default_image_id":0,"font":"","enabled":false},"version":2}},"categories":[59,56,54],"tags":[],"class_list":["post-42158","post","type-post","status-publish","format-standard","has-post-thumbnail","hentry","category-actualidad","category-estilo-de-vida","category-virales"],"yoast_head":"<!-- This site is optimized with the Yoast SEO plugin v27.3 - https:\/\/yoast.com\/product\/yoast-seo-wordpress\/ -->\n<title>Ni\u00f1o con autismo de 6 a\u00f1os se convierte en la persona m\u00e1s joven en entrar en Oxford - Sarmiento24h<\/title>\n<meta name=\"robots\" content=\"index, follow, max-snippet:-1, max-image-preview:large, max-video-preview:-1\" \/>\n<link rel=\"canonical\" href=\"https:\/\/sarmiento24h.com\/?p=42158\" \/>\n<meta property=\"og:locale\" content=\"es_ES\" \/>\n<meta property=\"og:type\" content=\"article\" \/>\n<meta property=\"og:title\" content=\"Ni\u00f1o con autismo de 6 a\u00f1os se convierte en la persona m\u00e1s joven en entrar en Oxford - Sarmiento24h\" \/>\n<meta property=\"og:description\" content=\"En Tottenham, al norte de Londres, comenz\u00f3&#046;&#046;&#046;\" \/>\n<meta property=\"og:url\" content=\"https:\/\/sarmiento24h.com\/?p=42158\" \/>\n<meta property=\"og:site_name\" content=\"Sarmiento24h\" \/>\n<meta property=\"article:publisher\" content=\"https:\/\/facebook.com\/s24hnoticias\" \/>\n<meta property=\"article:published_time\" content=\"2026-03-04T21:37:00+00:00\" \/>\n<meta property=\"og:image\" content=\"https:\/\/sarmiento24h.com\/wp-content\/uploads\/2026\/03\/nino-con-autismo-de-6-anos-se-convierte-en-la-persona-mas-joven-en-entrar-en-oxford.jpg\" \/>\n\t<meta property=\"og:image:width\" content=\"1280\" \/>\n\t<meta property=\"og:image:height\" content=\"720\" \/>\n\t<meta property=\"og:image:type\" content=\"image\/jpeg\" \/>\n<meta name=\"author\" content=\"sarmiento24h@gmail.com\" \/>\n<meta name=\"twitter:card\" content=\"summary_large_image\" \/>\n<meta name=\"twitter:creator\" content=\"@sarmiento24h\" \/>\n<meta name=\"twitter:site\" content=\"@sarmiento24h\" \/>\n<meta name=\"twitter:label1\" content=\"Escrito por\" \/>\n\t<meta name=\"twitter:data1\" content=\"sarmiento24h@gmail.com\" \/>\n\t<meta name=\"twitter:label2\" content=\"Tiempo de lectura\" \/>\n\t<meta name=\"twitter:data2\" content=\"2 minutos\" \/>\n<script type=\"application\/ld+json\" class=\"yoast-schema-graph\">{\"@context\":\"https:\\\/\\\/schema.org\",\"@graph\":[{\"@type\":\"Article\",\"@id\":\"https:\\\/\\\/sarmiento24h.com\\\/?p=42158#article\",\"isPartOf\":{\"@id\":\"https:\\\/\\\/sarmiento24h.com\\\/?p=42158\"},\"author\":{\"name\":\"sarmiento24h@gmail.com\",\"@id\":\"https:\\\/\\\/sarmiento24h.com\\\/#\\\/schema\\\/person\\\/d653a59725ad629a7e0429af7b939d4d\"},\"headline\":\"Ni\u00f1o con autismo de 6 a\u00f1os se convierte en la persona m\u00e1s joven en entrar en Oxford\",\"datePublished\":\"2026-03-04T21:37:00+00:00\",\"mainEntityOfPage\":{\"@id\":\"https:\\\/\\\/sarmiento24h.com\\\/?p=42158\"},\"wordCount\":495,\"publisher\":{\"@id\":\"https:\\\/\\\/sarmiento24h.com\\\/#organization\"},\"image\":{\"@id\":\"https:\\\/\\\/sarmiento24h.com\\\/?p=42158#primaryimage\"},\"thumbnailUrl\":\"https:\\\/\\\/sarmiento24h.com\\\/wp-content\\\/uploads\\\/2026\\\/03\\\/nino-con-autismo-de-6-anos-se-convierte-en-la-persona-mas-joven-en-entrar-en-oxford.jpg\",\"articleSection\":[\"Actualidad\",\"Estilo de Vida\",\"Virales\"],\"inLanguage\":\"es\"},{\"@type\":\"WebPage\",\"@id\":\"https:\\\/\\\/sarmiento24h.com\\\/?p=42158\",\"url\":\"https:\\\/\\\/sarmiento24h.com\\\/?p=42158\",\"name\":\"Ni\u00f1o con autismo de 6 a\u00f1os se convierte en la persona m\u00e1s joven en entrar en Oxford - Sarmiento24h\",\"isPartOf\":{\"@id\":\"https:\\\/\\\/sarmiento24h.com\\\/#website\"},\"primaryImageOfPage\":{\"@id\":\"https:\\\/\\\/sarmiento24h.com\\\/?p=42158#primaryimage\"},\"image\":{\"@id\":\"https:\\\/\\\/sarmiento24h.com\\\/?p=42158#primaryimage\"},\"thumbnailUrl\":\"https:\\\/\\\/sarmiento24h.com\\\/wp-content\\\/uploads\\\/2026\\\/03\\\/nino-con-autismo-de-6-anos-se-convierte-en-la-persona-mas-joven-en-entrar-en-oxford.jpg\",\"datePublished\":\"2026-03-04T21:37:00+00:00\",\"breadcrumb\":{\"@id\":\"https:\\\/\\\/sarmiento24h.com\\\/?p=42158#breadcrumb\"},\"inLanguage\":\"es\",\"potentialAction\":[{\"@type\":\"ReadAction\",\"target\":[\"https:\\\/\\\/sarmiento24h.com\\\/?p=42158\"]}]},{\"@type\":\"ImageObject\",\"inLanguage\":\"es\",\"@id\":\"https:\\\/\\\/sarmiento24h.com\\\/?p=42158#primaryimage\",\"url\":\"https:\\\/\\\/sarmiento24h.com\\\/wp-content\\\/uploads\\\/2026\\\/03\\\/nino-con-autismo-de-6-anos-se-convierte-en-la-persona-mas-joven-en-entrar-en-oxford.jpg\",\"contentUrl\":\"https:\\\/\\\/sarmiento24h.com\\\/wp-content\\\/uploads\\\/2026\\\/03\\\/nino-con-autismo-de-6-anos-se-convierte-en-la-persona-mas-joven-en-entrar-en-oxford.jpg\",\"width\":1280,\"height\":720},{\"@type\":\"BreadcrumbList\",\"@id\":\"https:\\\/\\\/sarmiento24h.com\\\/?p=42158#breadcrumb\",\"itemListElement\":[{\"@type\":\"ListItem\",\"position\":1,\"name\":\"Home\",\"item\":\"https:\\\/\\\/sarmiento24h.com\\\/\"},{\"@type\":\"ListItem\",\"position\":2,\"name\":\"Ni\u00f1o con autismo de 6 a\u00f1os se convierte en la persona m\u00e1s joven en entrar en Oxford\"}]},{\"@type\":\"WebSite\",\"@id\":\"https:\\\/\\\/sarmiento24h.com\\\/#website\",\"url\":\"https:\\\/\\\/sarmiento24h.com\\\/\",\"name\":\"Sarmiento24h\",\"description\":\"\",\"publisher\":{\"@id\":\"https:\\\/\\\/sarmiento24h.com\\\/#organization\"},\"potentialAction\":[{\"@type\":\"SearchAction\",\"target\":{\"@type\":\"EntryPoint\",\"urlTemplate\":\"https:\\\/\\\/sarmiento24h.com\\\/?s={search_term_string}\"},\"query-input\":{\"@type\":\"PropertyValueSpecification\",\"valueRequired\":true,\"valueName\":\"search_term_string\"}}],\"inLanguage\":\"es\"},{\"@type\":\"Organization\",\"@id\":\"https:\\\/\\\/sarmiento24h.com\\\/#organization\",\"name\":\"Sarmiento24h\",\"url\":\"https:\\\/\\\/sarmiento24h.com\\\/\",\"logo\":{\"@type\":\"ImageObject\",\"inLanguage\":\"es\",\"@id\":\"https:\\\/\\\/sarmiento24h.com\\\/#\\\/schema\\\/logo\\\/image\\\/\",\"url\":\"https:\\\/\\\/sarmiento24h.com\\\/wp-content\\\/uploads\\\/2025\\\/12\\\/AddText_12-16-10.30.52.jpg\",\"contentUrl\":\"https:\\\/\\\/sarmiento24h.com\\\/wp-content\\\/uploads\\\/2025\\\/12\\\/AddText_12-16-10.30.52.jpg\",\"width\":1220,\"height\":324,\"caption\":\"Sarmiento24h\"},\"image\":{\"@id\":\"https:\\\/\\\/sarmiento24h.com\\\/#\\\/schema\\\/logo\\\/image\\\/\"},\"sameAs\":[\"https:\\\/\\\/facebook.com\\\/s24hnoticias\",\"https:\\\/\\\/x.com\\\/sarmiento24h\"]},{\"@type\":\"Person\",\"@id\":\"https:\\\/\\\/sarmiento24h.com\\\/#\\\/schema\\\/person\\\/d653a59725ad629a7e0429af7b939d4d\",\"name\":\"sarmiento24h@gmail.com\",\"image\":{\"@type\":\"ImageObject\",\"inLanguage\":\"es\",\"@id\":\"https:\\\/\\\/sarmiento24h.com\\\/wp-content\\\/litespeed\\\/avatar\\\/d02cbc4e23c747e6659cd45907173c8f.jpg?ver=1777157796\",\"url\":\"https:\\\/\\\/sarmiento24h.com\\\/wp-content\\\/litespeed\\\/avatar\\\/d02cbc4e23c747e6659cd45907173c8f.jpg?ver=1777157796\",\"contentUrl\":\"https:\\\/\\\/sarmiento24h.com\\\/wp-content\\\/litespeed\\\/avatar\\\/d02cbc4e23c747e6659cd45907173c8f.jpg?ver=1777157796\",\"caption\":\"sarmiento24h@gmail.com\"},\"sameAs\":[\"https:\\\/\\\/sarmiento24h.com\"],\"url\":\"https:\\\/\\\/sarmiento24h.com\\\/?author=1\"}]}<\/script>\n<!-- \/ Yoast SEO plugin. -->","yoast_head_json":{"title":"Ni\u00f1o con autismo de 6 a\u00f1os se convierte en la persona m\u00e1s joven en entrar en Oxford - Sarmiento24h","robots":{"index":"index","follow":"follow","max-snippet":"max-snippet:-1","max-image-preview":"max-image-preview:large","max-video-preview":"max-video-preview:-1"},"canonical":"https:\/\/sarmiento24h.com\/?p=42158","og_locale":"es_ES","og_type":"article","og_title":"Ni\u00f1o con autismo de 6 a\u00f1os se convierte en la persona m\u00e1s joven en entrar en Oxford - Sarmiento24h","og_description":"En Tottenham, al norte de Londres, comenz\u00f3&#46;&#46;&#46;","og_url":"https:\/\/sarmiento24h.com\/?p=42158","og_site_name":"Sarmiento24h","article_publisher":"https:\/\/facebook.com\/s24hnoticias","article_published_time":"2026-03-04T21:37:00+00:00","og_image":[{"width":1280,"height":720,"url":"https:\/\/sarmiento24h.com\/wp-content\/uploads\/2026\/03\/nino-con-autismo-de-6-anos-se-convierte-en-la-persona-mas-joven-en-entrar-en-oxford.jpg","type":"image\/jpeg"}],"author":"sarmiento24h@gmail.com","twitter_card":"summary_large_image","twitter_creator":"@sarmiento24h","twitter_site":"@sarmiento24h","twitter_misc":{"Escrito por":"sarmiento24h@gmail.com","Tiempo de lectura":"2 minutos"},"schema":{"@context":"https:\/\/schema.org","@graph":[{"@type":"Article","@id":"https:\/\/sarmiento24h.com\/?p=42158#article","isPartOf":{"@id":"https:\/\/sarmiento24h.com\/?p=42158"},"author":{"name":"sarmiento24h@gmail.com","@id":"https:\/\/sarmiento24h.com\/#\/schema\/person\/d653a59725ad629a7e0429af7b939d4d"},"headline":"Ni\u00f1o con autismo de 6 a\u00f1os se convierte en la persona m\u00e1s joven en entrar en Oxford","datePublished":"2026-03-04T21:37:00+00:00","mainEntityOfPage":{"@id":"https:\/\/sarmiento24h.com\/?p=42158"},"wordCount":495,"publisher":{"@id":"https:\/\/sarmiento24h.com\/#organization"},"image":{"@id":"https:\/\/sarmiento24h.com\/?p=42158#primaryimage"},"thumbnailUrl":"https:\/\/sarmiento24h.com\/wp-content\/uploads\/2026\/03\/nino-con-autismo-de-6-anos-se-convierte-en-la-persona-mas-joven-en-entrar-en-oxford.jpg","articleSection":["Actualidad","Estilo de Vida","Virales"],"inLanguage":"es"},{"@type":"WebPage","@id":"https:\/\/sarmiento24h.com\/?p=42158","url":"https:\/\/sarmiento24h.com\/?p=42158","name":"Ni\u00f1o con autismo de 6 a\u00f1os se convierte en la persona m\u00e1s joven en entrar en Oxford - Sarmiento24h","isPartOf":{"@id":"https:\/\/sarmiento24h.com\/#website"},"primaryImageOfPage":{"@id":"https:\/\/sarmiento24h.com\/?p=42158#primaryimage"},"image":{"@id":"https:\/\/sarmiento24h.com\/?p=42158#primaryimage"},"thumbnailUrl":"https:\/\/sarmiento24h.com\/wp-content\/uploads\/2026\/03\/nino-con-autismo-de-6-anos-se-convierte-en-la-persona-mas-joven-en-entrar-en-oxford.jpg","datePublished":"2026-03-04T21:37:00+00:00","breadcrumb":{"@id":"https:\/\/sarmiento24h.com\/?p=42158#breadcrumb"},"inLanguage":"es","potentialAction":[{"@type":"ReadAction","target":["https:\/\/sarmiento24h.com\/?p=42158"]}]},{"@type":"ImageObject","inLanguage":"es","@id":"https:\/\/sarmiento24h.com\/?p=42158#primaryimage","url":"https:\/\/sarmiento24h.com\/wp-content\/uploads\/2026\/03\/nino-con-autismo-de-6-anos-se-convierte-en-la-persona-mas-joven-en-entrar-en-oxford.jpg","contentUrl":"https:\/\/sarmiento24h.com\/wp-content\/uploads\/2026\/03\/nino-con-autismo-de-6-anos-se-convierte-en-la-persona-mas-joven-en-entrar-en-oxford.jpg","width":1280,"height":720},{"@type":"BreadcrumbList","@id":"https:\/\/sarmiento24h.com\/?p=42158#breadcrumb","itemListElement":[{"@type":"ListItem","position":1,"name":"Home","item":"https:\/\/sarmiento24h.com\/"},{"@type":"ListItem","position":2,"name":"Ni\u00f1o con autismo de 6 a\u00f1os se convierte en la persona m\u00e1s joven en entrar en Oxford"}]},{"@type":"WebSite","@id":"https:\/\/sarmiento24h.com\/#website","url":"https:\/\/sarmiento24h.com\/","name":"Sarmiento24h","description":"","publisher":{"@id":"https:\/\/sarmiento24h.com\/#organization"},"potentialAction":[{"@type":"SearchAction","target":{"@type":"EntryPoint","urlTemplate":"https:\/\/sarmiento24h.com\/?s={search_term_string}"},"query-input":{"@type":"PropertyValueSpecification","valueRequired":true,"valueName":"search_term_string"}}],"inLanguage":"es"},{"@type":"Organization","@id":"https:\/\/sarmiento24h.com\/#organization","name":"Sarmiento24h","url":"https:\/\/sarmiento24h.com\/","logo":{"@type":"ImageObject","inLanguage":"es","@id":"https:\/\/sarmiento24h.com\/#\/schema\/logo\/image\/","url":"https:\/\/sarmiento24h.com\/wp-content\/uploads\/2025\/12\/AddText_12-16-10.30.52.jpg","contentUrl":"https:\/\/sarmiento24h.com\/wp-content\/uploads\/2025\/12\/AddText_12-16-10.30.52.jpg","width":1220,"height":324,"caption":"Sarmiento24h"},"image":{"@id":"https:\/\/sarmiento24h.com\/#\/schema\/logo\/image\/"},"sameAs":["https:\/\/facebook.com\/s24hnoticias","https:\/\/x.com\/sarmiento24h"]},{"@type":"Person","@id":"https:\/\/sarmiento24h.com\/#\/schema\/person\/d653a59725ad629a7e0429af7b939d4d","name":"sarmiento24h@gmail.com","image":{"@type":"ImageObject","inLanguage":"es","@id":"https:\/\/sarmiento24h.com\/wp-content\/litespeed\/avatar\/d02cbc4e23c747e6659cd45907173c8f.jpg?ver=1777157796","url":"https:\/\/sarmiento24h.com\/wp-content\/litespeed\/avatar\/d02cbc4e23c747e6659cd45907173c8f.jpg?ver=1777157796","contentUrl":"https:\/\/sarmiento24h.com\/wp-content\/litespeed\/avatar\/d02cbc4e23c747e6659cd45907173c8f.jpg?ver=1777157796","caption":"sarmiento24h@gmail.com"},"sameAs":["https:\/\/sarmiento24h.com"],"url":"https:\/\/sarmiento24h.com\/?author=1"}]}},"jetpack_publicize_connections":[],"jetpack_featured_media_url":"https:\/\/sarmiento24h.com\/wp-content\/uploads\/2026\/03\/nino-con-autismo-de-6-anos-se-convierte-en-la-persona-mas-joven-en-entrar-en-oxford.jpg","jetpack_sharing_enabled":true,"_links":{"self":[{"href":"https:\/\/sarmiento24h.com\/index.php?rest_route=\/wp\/v2\/posts\/42158","targetHints":{"allow":["GET"]}}],"collection":[{"href":"https:\/\/sarmiento24h.com\/index.php?rest_route=\/wp\/v2\/posts"}],"about":[{"href":"https:\/\/sarmiento24h.com\/index.php?rest_route=\/wp\/v2\/types\/post"}],"author":[{"embeddable":true,"href":"https:\/\/sarmiento24h.com\/index.php?rest_route=\/wp\/v2\/users\/1"}],"replies":[{"embeddable":true,"href":"https:\/\/sarmiento24h.com\/index.php?rest_route=%2Fwp%2Fv2%2Fcomments&post=42158"}],"version-history":[{"count":0,"href":"https:\/\/sarmiento24h.com\/index.php?rest_route=\/wp\/v2\/posts\/42158\/revisions"}],"wp:featuredmedia":[{"embeddable":true,"href":"https:\/\/sarmiento24h.com\/index.php?rest_route=\/wp\/v2\/media\/42159"}],"wp:attachment":[{"href":"https:\/\/sarmiento24h.com\/index.php?rest_route=%2Fwp%2Fv2%2Fmedia&parent=42158"}],"wp:term":[{"taxonomy":"category","embeddable":true,"href":"https:\/\/sarmiento24h.com\/index.php?rest_route=%2Fwp%2Fv2%2Fcategories&post=42158"},{"taxonomy":"post_tag","embeddable":true,"href":"https:\/\/sarmiento24h.com\/index.php?rest_route=%2Fwp%2Fv2%2Ftags&post=42158"}],"curies":[{"name":"wp","href":"https:\/\/api.w.org\/{rel}","templated":true}]}}