{"id":43574,"date":"2026-03-05T12:57:33","date_gmt":"2026-03-05T12:57:33","guid":{"rendered":"http:\/\/almomento.net\/?p=1103106"},"modified":"2026-03-05T12:57:33","modified_gmt":"2026-03-05T12:57:33","slug":"corporan-14-anos-despues-su-voz-sigue-viva-opinion","status":"publish","type":"post","link":"https:\/\/sarmiento24h.com\/?p=43574","title":{"rendered":"Corpor\u00e1n: 14 a\u00f1os despu\u00e9s su voz sigue viva (OPINION)"},"content":{"rendered":"<p><!-- .entry-header --> <\/p>\n<div class=\"img_center\"> <a href=\"https:\/\/sarmiento24h.com\/wp-content\/uploads\/2026\/03\/corporan-14-anos-despues-su-voz-sigue-viva-opinion.jpg\" title=\"Corpor\u00e1n: 14 a\u00f1os despu\u00e9s su voz sigue viva (OPINION)\" data-toggle=\"lightbox\" class=\"thickbox\"><img decoding=\"async\" src=\"https:\/\/sarmiento24h.com\/wp-content\/uploads\/2026\/03\/corporan-14-anos-despues-su-voz-sigue-viva-opinion.jpg\" class=\"attachment-post-thumbnail size-post-thumbnail wp-post-image\" alt=\"imagen\" title=\"Corpor\u00e1n: 14 a\u00f1os despu\u00e9s su voz sigue viva (OPINION)\" data-toggle data-title=\"Corpor\u00e1n: 14 a\u00f1os despu\u00e9s su voz sigue viva (OPINION)\"><\/a><\/p>\n<p>Rafael Corpor\u00e1n de los Santos, a la derecha, y el productor de TV Angel Puello, a a izquierda<\/p>\n<\/p><\/div>\n<p>Este jueves 5 de marzo de 2026 se han cumplido 14 a\u00f1os de tu partida, Corpor\u00e1n\u2026 y todav\u00eda parece que en cualquier momento se va a escuchar tu voz diciendo: \u201c\u00a1 Corporan sigue !\u201d<\/p>\n<p>Te hablo a ti, directamente, como siempre lo hice.<\/p>\n<p>Porque antes de conocerte, ya yo te conoc\u00eda. Antes de producir contigo, ya yo te admiraba. Antes de sentarme en un estudio, ya t\u00fa estabas sentado en el coraz\u00f3n de mi casa.<\/p>\n<figure id=\"attachment_752468\" aria-describedby=\"caption-attachment-752468\" class=\"wp-caption alignleft\"><img loading=\"lazy\" decoding=\"async\" class=\"size-full wp-image-752468\" src=\"https:\/\/sarmiento24h.com\/wp-content\/uploads\/2026\/03\/corporan-14-anos-despues-su-voz-sigue-viva-opinion-1.jpg\" alt width=\"350\" height=\"236\" srcset=\"https:\/\/sarmiento24h.com\/wp-content\/uploads\/2026\/03\/corporan-14-anos-despues-su-voz-sigue-viva-opinion-1.jpg 350w, https:\/\/sarmiento24h.com\/wp-content\/uploads\/2026\/03\/corporan-14-anos-despues-su-voz-sigue-viva-opinion-2.jpg 300w, https:\/\/sarmiento24h.com\/wp-content\/uploads\/2026\/03\/corporan-14-anos-despues-su-voz-sigue-viva-opinion-3.jpg 141w\" sizes=\"auto, (max-width: 350px) 100vw, 350px\"><figcaption id=\"caption-attachment-752468\" class=\"wp-caption-text\">El autor es productor de televisi\u00f3n. Reside en Santo Domingo<\/figcaption><\/figure>\n<p>Recuerdo aquel radito peque\u00f1o en mi hogar. La luz se iba constantemente y yo ten\u00eda que correr al colmado a comprar pilas. Y muchas veces eso ocurr\u00eda los domingos\u2026 los d\u00edas de tu programa. Mi madre \u2014una mujer solidaria, noble, desprendida\u2014 te escuchaba con una atenci\u00f3n casi sagrada. Yo no entend\u00eda por qu\u00e9. Hasta que comenc\u00e9 a escucharte con conciencia.<\/p>\n<p>Mi madre ten\u00eda un colmadito humilde en un sector pobre de la capital. Muchas veces regalaba mercanc\u00eda en vez de cobrarla. Yo la ve\u00eda ayudar sin esperar nada a cambio. Y cuando comenc\u00e9 a entender tu discurso, tu forma de hablarle a los necesitados, tu pasi\u00f3n por resolver problemas reales, comprend\u00ed algo: el coraz\u00f3n de mi madre y el tuyo hablaban el mismo idioma.<\/p>\n<p>Ah\u00ed naci\u00f3 mi identificaci\u00f3n contigo\u2026 sin siquiera haberte estrechado la mano.<\/p>\n<p>T\u00fa, que fuiste limpiabotas. T\u00fa, que vendiste peri\u00f3dicos. T\u00fa, que empezaste desde abajo en la radio.<\/p>\n<p>Te convertiste primero en el gran empresario radial, en el difusor incansable de la m\u00fasica dominicana, en el impulsor de talentos que luego ser\u00edan estrellas. Fuiste plataforma para merengueros, bachateros, comunicadores, animadores. Construiste imperios desde el micr\u00f3fono.<\/p>\n<p>Y luego vino la historia grande.<\/p>\n<p>El salto de la radio a la televisi\u00f3n.<\/p>\n<p>Cuando me llaman ,&nbsp; tras mi paso como productor ejecutivo&nbsp; de El Gordo de la Semana de Freddy Beras Goico , para hablarme del inter\u00e9s tuyo de crear un programa marat\u00f3nico, supe que algo trascendental estaba por nacer. Y as\u00ed fue.<\/p>\n<p>No fue solo un programa. Fue un fen\u00f3meno social.<\/p>\n<p>Se convirti\u00f3 en el programa de mayor rating y facturaci\u00f3n de la televisi\u00f3n dominicana. Fue hist\u00f3rico. Se ve\u00eda en m\u00e1s de 100 pa\u00edses gracias al acuerdo con la Cadena Sur. Llenaba calles, paralizaba barrios, marcaba agenda nacional.<\/p>\n<p>Pero m\u00e1s que n\u00fameros, lo que hac\u00eda grande ese proyecto era lo que ocurr\u00eda fuera de c\u00e1mara los dem\u00e1s d\u00edas de la semana .<\/p>\n<p>Vi c\u00f3mo te llenaba el alma cambiarle la vida a la gente. Buscar dinero para sacar art\u00edculos empe\u00f1ados en compraventas. Gestionar medicinas con m\u00e9dicos amigos.<\/p>\n<p>Regalar casas. Conseguir ayudas a trav\u00e9s de instituciones como&nbsp; INESPRE. Regalar mucho dinero con El Barril de los Cuartos<\/p>\n<p>T\u00fa entend\u00edas algo que muchos comunicadores todav\u00eda no comprenden: La televisi\u00f3n no es solo entretenimiento. Es poder\u2026 y el poder se usa para servir.<\/p>\n<p><strong>Pol\u00edtico<\/strong><\/p>\n<p>Fuiste tambi\u00e9n un actor pol\u00edtico de primer nivel ya que te toc\u00f3 ser alcalde de del Gran Santo Domingo y la Capital cuando todav\u00eda no estaban divididos como ahora y sin contar&nbsp; con presupuesto millonario. Muchos candidatos presidenciales entendieron que pasar por tu programa&nbsp; significaba conectar con el pueblo real. Ayudaste a construir grandes&nbsp; victorias electorales porque sab\u00edas interpretar el sentimiento popular como pocos.<\/p>\n<p>Corpor\u00e1n, t\u00fa no eras simplemente un animador. Eras un term\u00f3metro social.<\/p>\n<p>Cuando sal\u00ed de tu proyecto para dedicarme a mis compromisos personales, lejos de desconectarme, me fortalec\u00ed. Me inspiraste. Me dejaste sembrada una semilla. Y esa semilla germin\u00f3 en un programa solidario&nbsp; llamado \u00abTodo es Posible\u00bb, que hac\u00eda realidad los sue\u00f1os de la gente.<\/p>\n<p>Y m\u00e1s que eso, en una fundaci\u00f3n que lleva ese mismo nombre que en este 2026 cumple 26 a\u00f1os de ser creada y que por la misma y por mis acciones personales , fui bautizado como Angel Padrino, un reconocimiento que me hicieron en Color Visi\u00f3n muchos de los talentos que he apadrinado y que para hacer el mismo&nbsp; acudieron al programa P\u00e9gate y Gana con el Pach\u00e1.<\/p>\n<p>Porque t\u00fa me ense\u00f1aste \u2014con hechos, no con discursos\u2014 que cuando se tiene un micr\u00f3fono, se tiene una responsabilidad.<\/p>\n<p>Hoy, 14 a\u00f1os despu\u00e9s, te digo algo con firmeza:<\/p>\n<p>Mereces una calle con tu nombre.<\/p>\n<p>Mereces plazas, estudios, escuelas de comunicaci\u00f3n que lleven tu legado.<\/p>\n<p>Mereces que las nuevas generaciones sepan que en Rep\u00fablica Dominicana hubo un hombre que demostr\u00f3 que la pobreza no es destino, que la humildad no es debilidad y que el servicio construye eternidad.<\/p>\n<p>Yo fui testigo de tu grandeza profesional.<\/p>\n<p>Pero fui m\u00e1s testigo a\u00fan de tu alegr\u00eda cuando ayudabas.<\/p>\n<p>Y eso no se olvida.<\/p>\n<p>Gracias por demostrar que un limpiabotas puede convertirse en la figura m\u00e1s popular de la televisi\u00f3n dominicana.<\/p>\n<p>Gracias por probar que la solidaridad puede tener rating hasta llegar a ser El Campe\u00f3n de la Televisi\u00f3n .<\/p>\n<p>Gracias por ense\u00f1arme que hacer el bien tambi\u00e9n es una misi\u00f3n de vida muy elevada .<\/p>\n<p>Corpor\u00e1n, donde quiera que est\u00e9s\u2026<\/p>\n<p>Tu voz sigue viva.<\/p>\n<p>Tu ejemplo sigue marcando ruta.<\/p>\n<p>Y mientras exista alguien que crea que \u201ctodo es posible\u201d, tu historia seguir\u00e1 inspirando.<\/p>\n<p>angelpuello@gmail.com<\/p>\n<p><em>jpm-am<\/em><\/p>\n<div class=\"heateor_sss_sharing_container heateor_sss_horizontal_sharing\" data-heateor-sss-href=\"https:\/\/almomento.net\/corporan-14-anos-despues-su-voz-sigue-viva-opinion\/\">\n<p>Comp\u00e1rtelo en tus redes:<\/p>\n<\/div>\n<p> <!-- 468x60 --><br \/>\n<ins class=\"adsbygoogle\" data-ad-client=\"ca-pub-3511341636159665\" data-ad-slot=\"3538255450\"><\/ins> <!-- .entry-content --> <\/p>\n","protected":false},"excerpt":{"rendered":"<p>Rafael Corpor\u00e1n de los Santos, a la&#46;&#46;&#46;<\/p>\n","protected":false},"author":1,"featured_media":43575,"comment_status":"closed","ping_status":"closed","sticky":false,"template":"","format":"standard","meta":{"_jetpack_memberships_contains_paid_content":false,"footnotes":"","jetpack_publicize_message":"","jetpack_publicize_feature_enabled":true,"jetpack_social_post_already_shared":true,"jetpack_social_options":{"image_generator_settings":{"template":"highway","default_image_id":0,"font":"","enabled":false},"version":2}},"categories":[45],"tags":[],"class_list":["post-43574","post","type-post","status-publish","format-standard","has-post-thumbnail","hentry","category-variedades"],"yoast_head":"<!-- This site is optimized with the Yoast SEO plugin v27.3 - https:\/\/yoast.com\/product\/yoast-seo-wordpress\/ -->\n<title>Corpor\u00e1n: 14 a\u00f1os despu\u00e9s su voz sigue viva (OPINION) - Sarmiento24h<\/title>\n<meta name=\"robots\" content=\"index, follow, max-snippet:-1, max-image-preview:large, max-video-preview:-1\" \/>\n<link rel=\"canonical\" href=\"https:\/\/sarmiento24h.com\/?p=43574\" \/>\n<meta property=\"og:locale\" content=\"es_ES\" \/>\n<meta property=\"og:type\" content=\"article\" \/>\n<meta property=\"og:title\" content=\"Corpor\u00e1n: 14 a\u00f1os despu\u00e9s su voz sigue viva (OPINION) - Sarmiento24h\" \/>\n<meta property=\"og:description\" content=\"Rafael Corpor\u00e1n de los Santos, a la&#046;&#046;&#046;\" \/>\n<meta property=\"og:url\" content=\"https:\/\/sarmiento24h.com\/?p=43574\" \/>\n<meta property=\"og:site_name\" content=\"Sarmiento24h\" \/>\n<meta property=\"article:publisher\" content=\"https:\/\/facebook.com\/s24hnoticias\" \/>\n<meta property=\"article:published_time\" content=\"2026-03-05T12:57:33+00:00\" \/>\n<meta property=\"og:image\" content=\"https:\/\/sarmiento24h.com\/wp-content\/uploads\/2026\/03\/corporan-14-anos-despues-su-voz-sigue-viva-opinion.jpg\" \/>\n\t<meta property=\"og:image:width\" content=\"944\" \/>\n\t<meta property=\"og:image:height\" content=\"716\" \/>\n\t<meta property=\"og:image:type\" content=\"image\/jpeg\" \/>\n<meta name=\"author\" content=\"sarmiento24h@gmail.com\" \/>\n<meta name=\"twitter:card\" content=\"summary_large_image\" \/>\n<meta name=\"twitter:creator\" content=\"@sarmiento24h\" \/>\n<meta name=\"twitter:site\" content=\"@sarmiento24h\" \/>\n<meta name=\"twitter:label1\" content=\"Escrito por\" \/>\n\t<meta name=\"twitter:data1\" content=\"sarmiento24h@gmail.com\" \/>\n\t<meta name=\"twitter:label2\" content=\"Tiempo de lectura\" \/>\n\t<meta name=\"twitter:data2\" content=\"5 minutos\" \/>\n<script type=\"application\/ld+json\" class=\"yoast-schema-graph\">{\"@context\":\"https:\\\/\\\/schema.org\",\"@graph\":[{\"@type\":\"Article\",\"@id\":\"https:\\\/\\\/sarmiento24h.com\\\/?p=43574#article\",\"isPartOf\":{\"@id\":\"https:\\\/\\\/sarmiento24h.com\\\/?p=43574\"},\"author\":{\"name\":\"sarmiento24h@gmail.com\",\"@id\":\"https:\\\/\\\/sarmiento24h.com\\\/#\\\/schema\\\/person\\\/d653a59725ad629a7e0429af7b939d4d\"},\"headline\":\"Corpor\u00e1n: 14 a\u00f1os despu\u00e9s su voz sigue viva (OPINION)\",\"datePublished\":\"2026-03-05T12:57:33+00:00\",\"mainEntityOfPage\":{\"@id\":\"https:\\\/\\\/sarmiento24h.com\\\/?p=43574\"},\"wordCount\":943,\"publisher\":{\"@id\":\"https:\\\/\\\/sarmiento24h.com\\\/#organization\"},\"image\":{\"@id\":\"https:\\\/\\\/sarmiento24h.com\\\/?p=43574#primaryimage\"},\"thumbnailUrl\":\"https:\\\/\\\/sarmiento24h.com\\\/wp-content\\\/uploads\\\/2026\\\/03\\\/corporan-14-anos-despues-su-voz-sigue-viva-opinion.jpg\",\"articleSection\":[\"Variedades\"],\"inLanguage\":\"es\"},{\"@type\":\"WebPage\",\"@id\":\"https:\\\/\\\/sarmiento24h.com\\\/?p=43574\",\"url\":\"https:\\\/\\\/sarmiento24h.com\\\/?p=43574\",\"name\":\"Corpor\u00e1n: 14 a\u00f1os despu\u00e9s su voz sigue viva (OPINION) - Sarmiento24h\",\"isPartOf\":{\"@id\":\"https:\\\/\\\/sarmiento24h.com\\\/#website\"},\"primaryImageOfPage\":{\"@id\":\"https:\\\/\\\/sarmiento24h.com\\\/?p=43574#primaryimage\"},\"image\":{\"@id\":\"https:\\\/\\\/sarmiento24h.com\\\/?p=43574#primaryimage\"},\"thumbnailUrl\":\"https:\\\/\\\/sarmiento24h.com\\\/wp-content\\\/uploads\\\/2026\\\/03\\\/corporan-14-anos-despues-su-voz-sigue-viva-opinion.jpg\",\"datePublished\":\"2026-03-05T12:57:33+00:00\",\"breadcrumb\":{\"@id\":\"https:\\\/\\\/sarmiento24h.com\\\/?p=43574#breadcrumb\"},\"inLanguage\":\"es\",\"potentialAction\":[{\"@type\":\"ReadAction\",\"target\":[\"https:\\\/\\\/sarmiento24h.com\\\/?p=43574\"]}]},{\"@type\":\"ImageObject\",\"inLanguage\":\"es\",\"@id\":\"https:\\\/\\\/sarmiento24h.com\\\/?p=43574#primaryimage\",\"url\":\"https:\\\/\\\/sarmiento24h.com\\\/wp-content\\\/uploads\\\/2026\\\/03\\\/corporan-14-anos-despues-su-voz-sigue-viva-opinion.jpg\",\"contentUrl\":\"https:\\\/\\\/sarmiento24h.com\\\/wp-content\\\/uploads\\\/2026\\\/03\\\/corporan-14-anos-despues-su-voz-sigue-viva-opinion.jpg\",\"width\":944,\"height\":716},{\"@type\":\"BreadcrumbList\",\"@id\":\"https:\\\/\\\/sarmiento24h.com\\\/?p=43574#breadcrumb\",\"itemListElement\":[{\"@type\":\"ListItem\",\"position\":1,\"name\":\"Home\",\"item\":\"https:\\\/\\\/sarmiento24h.com\\\/\"},{\"@type\":\"ListItem\",\"position\":2,\"name\":\"Corpor\u00e1n: 14 a\u00f1os despu\u00e9s su voz sigue viva (OPINION)\"}]},{\"@type\":\"WebSite\",\"@id\":\"https:\\\/\\\/sarmiento24h.com\\\/#website\",\"url\":\"https:\\\/\\\/sarmiento24h.com\\\/\",\"name\":\"Sarmiento24h\",\"description\":\"\",\"publisher\":{\"@id\":\"https:\\\/\\\/sarmiento24h.com\\\/#organization\"},\"potentialAction\":[{\"@type\":\"SearchAction\",\"target\":{\"@type\":\"EntryPoint\",\"urlTemplate\":\"https:\\\/\\\/sarmiento24h.com\\\/?s={search_term_string}\"},\"query-input\":{\"@type\":\"PropertyValueSpecification\",\"valueRequired\":true,\"valueName\":\"search_term_string\"}}],\"inLanguage\":\"es\"},{\"@type\":\"Organization\",\"@id\":\"https:\\\/\\\/sarmiento24h.com\\\/#organization\",\"name\":\"Sarmiento24h\",\"url\":\"https:\\\/\\\/sarmiento24h.com\\\/\",\"logo\":{\"@type\":\"ImageObject\",\"inLanguage\":\"es\",\"@id\":\"https:\\\/\\\/sarmiento24h.com\\\/#\\\/schema\\\/logo\\\/image\\\/\",\"url\":\"https:\\\/\\\/sarmiento24h.com\\\/wp-content\\\/uploads\\\/2025\\\/12\\\/AddText_12-16-10.30.52.jpg\",\"contentUrl\":\"https:\\\/\\\/sarmiento24h.com\\\/wp-content\\\/uploads\\\/2025\\\/12\\\/AddText_12-16-10.30.52.jpg\",\"width\":1220,\"height\":324,\"caption\":\"Sarmiento24h\"},\"image\":{\"@id\":\"https:\\\/\\\/sarmiento24h.com\\\/#\\\/schema\\\/logo\\\/image\\\/\"},\"sameAs\":[\"https:\\\/\\\/facebook.com\\\/s24hnoticias\",\"https:\\\/\\\/x.com\\\/sarmiento24h\"]},{\"@type\":\"Person\",\"@id\":\"https:\\\/\\\/sarmiento24h.com\\\/#\\\/schema\\\/person\\\/d653a59725ad629a7e0429af7b939d4d\",\"name\":\"sarmiento24h@gmail.com\",\"image\":{\"@type\":\"ImageObject\",\"inLanguage\":\"es\",\"@id\":\"https:\\\/\\\/sarmiento24h.com\\\/wp-content\\\/litespeed\\\/avatar\\\/d02cbc4e23c747e6659cd45907173c8f.jpg?ver=1777157796\",\"url\":\"https:\\\/\\\/sarmiento24h.com\\\/wp-content\\\/litespeed\\\/avatar\\\/d02cbc4e23c747e6659cd45907173c8f.jpg?ver=1777157796\",\"contentUrl\":\"https:\\\/\\\/sarmiento24h.com\\\/wp-content\\\/litespeed\\\/avatar\\\/d02cbc4e23c747e6659cd45907173c8f.jpg?ver=1777157796\",\"caption\":\"sarmiento24h@gmail.com\"},\"sameAs\":[\"https:\\\/\\\/sarmiento24h.com\"],\"url\":\"https:\\\/\\\/sarmiento24h.com\\\/?author=1\"}]}<\/script>\n<!-- \/ Yoast SEO plugin. -->","yoast_head_json":{"title":"Corpor\u00e1n: 14 a\u00f1os despu\u00e9s su voz sigue viva (OPINION) - Sarmiento24h","robots":{"index":"index","follow":"follow","max-snippet":"max-snippet:-1","max-image-preview":"max-image-preview:large","max-video-preview":"max-video-preview:-1"},"canonical":"https:\/\/sarmiento24h.com\/?p=43574","og_locale":"es_ES","og_type":"article","og_title":"Corpor\u00e1n: 14 a\u00f1os despu\u00e9s su voz sigue viva (OPINION) - Sarmiento24h","og_description":"Rafael Corpor\u00e1n de los Santos, a la&#46;&#46;&#46;","og_url":"https:\/\/sarmiento24h.com\/?p=43574","og_site_name":"Sarmiento24h","article_publisher":"https:\/\/facebook.com\/s24hnoticias","article_published_time":"2026-03-05T12:57:33+00:00","og_image":[{"width":944,"height":716,"url":"https:\/\/sarmiento24h.com\/wp-content\/uploads\/2026\/03\/corporan-14-anos-despues-su-voz-sigue-viva-opinion.jpg","type":"image\/jpeg"}],"author":"sarmiento24h@gmail.com","twitter_card":"summary_large_image","twitter_creator":"@sarmiento24h","twitter_site":"@sarmiento24h","twitter_misc":{"Escrito por":"sarmiento24h@gmail.com","Tiempo de lectura":"5 minutos"},"schema":{"@context":"https:\/\/schema.org","@graph":[{"@type":"Article","@id":"https:\/\/sarmiento24h.com\/?p=43574#article","isPartOf":{"@id":"https:\/\/sarmiento24h.com\/?p=43574"},"author":{"name":"sarmiento24h@gmail.com","@id":"https:\/\/sarmiento24h.com\/#\/schema\/person\/d653a59725ad629a7e0429af7b939d4d"},"headline":"Corpor\u00e1n: 14 a\u00f1os despu\u00e9s su voz sigue viva (OPINION)","datePublished":"2026-03-05T12:57:33+00:00","mainEntityOfPage":{"@id":"https:\/\/sarmiento24h.com\/?p=43574"},"wordCount":943,"publisher":{"@id":"https:\/\/sarmiento24h.com\/#organization"},"image":{"@id":"https:\/\/sarmiento24h.com\/?p=43574#primaryimage"},"thumbnailUrl":"https:\/\/sarmiento24h.com\/wp-content\/uploads\/2026\/03\/corporan-14-anos-despues-su-voz-sigue-viva-opinion.jpg","articleSection":["Variedades"],"inLanguage":"es"},{"@type":"WebPage","@id":"https:\/\/sarmiento24h.com\/?p=43574","url":"https:\/\/sarmiento24h.com\/?p=43574","name":"Corpor\u00e1n: 14 a\u00f1os despu\u00e9s su voz sigue viva (OPINION) - Sarmiento24h","isPartOf":{"@id":"https:\/\/sarmiento24h.com\/#website"},"primaryImageOfPage":{"@id":"https:\/\/sarmiento24h.com\/?p=43574#primaryimage"},"image":{"@id":"https:\/\/sarmiento24h.com\/?p=43574#primaryimage"},"thumbnailUrl":"https:\/\/sarmiento24h.com\/wp-content\/uploads\/2026\/03\/corporan-14-anos-despues-su-voz-sigue-viva-opinion.jpg","datePublished":"2026-03-05T12:57:33+00:00","breadcrumb":{"@id":"https:\/\/sarmiento24h.com\/?p=43574#breadcrumb"},"inLanguage":"es","potentialAction":[{"@type":"ReadAction","target":["https:\/\/sarmiento24h.com\/?p=43574"]}]},{"@type":"ImageObject","inLanguage":"es","@id":"https:\/\/sarmiento24h.com\/?p=43574#primaryimage","url":"https:\/\/sarmiento24h.com\/wp-content\/uploads\/2026\/03\/corporan-14-anos-despues-su-voz-sigue-viva-opinion.jpg","contentUrl":"https:\/\/sarmiento24h.com\/wp-content\/uploads\/2026\/03\/corporan-14-anos-despues-su-voz-sigue-viva-opinion.jpg","width":944,"height":716},{"@type":"BreadcrumbList","@id":"https:\/\/sarmiento24h.com\/?p=43574#breadcrumb","itemListElement":[{"@type":"ListItem","position":1,"name":"Home","item":"https:\/\/sarmiento24h.com\/"},{"@type":"ListItem","position":2,"name":"Corpor\u00e1n: 14 a\u00f1os despu\u00e9s su voz sigue viva (OPINION)"}]},{"@type":"WebSite","@id":"https:\/\/sarmiento24h.com\/#website","url":"https:\/\/sarmiento24h.com\/","name":"Sarmiento24h","description":"","publisher":{"@id":"https:\/\/sarmiento24h.com\/#organization"},"potentialAction":[{"@type":"SearchAction","target":{"@type":"EntryPoint","urlTemplate":"https:\/\/sarmiento24h.com\/?s={search_term_string}"},"query-input":{"@type":"PropertyValueSpecification","valueRequired":true,"valueName":"search_term_string"}}],"inLanguage":"es"},{"@type":"Organization","@id":"https:\/\/sarmiento24h.com\/#organization","name":"Sarmiento24h","url":"https:\/\/sarmiento24h.com\/","logo":{"@type":"ImageObject","inLanguage":"es","@id":"https:\/\/sarmiento24h.com\/#\/schema\/logo\/image\/","url":"https:\/\/sarmiento24h.com\/wp-content\/uploads\/2025\/12\/AddText_12-16-10.30.52.jpg","contentUrl":"https:\/\/sarmiento24h.com\/wp-content\/uploads\/2025\/12\/AddText_12-16-10.30.52.jpg","width":1220,"height":324,"caption":"Sarmiento24h"},"image":{"@id":"https:\/\/sarmiento24h.com\/#\/schema\/logo\/image\/"},"sameAs":["https:\/\/facebook.com\/s24hnoticias","https:\/\/x.com\/sarmiento24h"]},{"@type":"Person","@id":"https:\/\/sarmiento24h.com\/#\/schema\/person\/d653a59725ad629a7e0429af7b939d4d","name":"sarmiento24h@gmail.com","image":{"@type":"ImageObject","inLanguage":"es","@id":"https:\/\/sarmiento24h.com\/wp-content\/litespeed\/avatar\/d02cbc4e23c747e6659cd45907173c8f.jpg?ver=1777157796","url":"https:\/\/sarmiento24h.com\/wp-content\/litespeed\/avatar\/d02cbc4e23c747e6659cd45907173c8f.jpg?ver=1777157796","contentUrl":"https:\/\/sarmiento24h.com\/wp-content\/litespeed\/avatar\/d02cbc4e23c747e6659cd45907173c8f.jpg?ver=1777157796","caption":"sarmiento24h@gmail.com"},"sameAs":["https:\/\/sarmiento24h.com"],"url":"https:\/\/sarmiento24h.com\/?author=1"}]}},"jetpack_publicize_connections":[],"jetpack_featured_media_url":"https:\/\/sarmiento24h.com\/wp-content\/uploads\/2026\/03\/corporan-14-anos-despues-su-voz-sigue-viva-opinion.jpg","jetpack_sharing_enabled":true,"_links":{"self":[{"href":"https:\/\/sarmiento24h.com\/index.php?rest_route=\/wp\/v2\/posts\/43574","targetHints":{"allow":["GET"]}}],"collection":[{"href":"https:\/\/sarmiento24h.com\/index.php?rest_route=\/wp\/v2\/posts"}],"about":[{"href":"https:\/\/sarmiento24h.com\/index.php?rest_route=\/wp\/v2\/types\/post"}],"author":[{"embeddable":true,"href":"https:\/\/sarmiento24h.com\/index.php?rest_route=\/wp\/v2\/users\/1"}],"replies":[{"embeddable":true,"href":"https:\/\/sarmiento24h.com\/index.php?rest_route=%2Fwp%2Fv2%2Fcomments&post=43574"}],"version-history":[{"count":0,"href":"https:\/\/sarmiento24h.com\/index.php?rest_route=\/wp\/v2\/posts\/43574\/revisions"}],"wp:featuredmedia":[{"embeddable":true,"href":"https:\/\/sarmiento24h.com\/index.php?rest_route=\/wp\/v2\/media\/43575"}],"wp:attachment":[{"href":"https:\/\/sarmiento24h.com\/index.php?rest_route=%2Fwp%2Fv2%2Fmedia&parent=43574"}],"wp:term":[{"taxonomy":"category","embeddable":true,"href":"https:\/\/sarmiento24h.com\/index.php?rest_route=%2Fwp%2Fv2%2Fcategories&post=43574"},{"taxonomy":"post_tag","embeddable":true,"href":"https:\/\/sarmiento24h.com\/index.php?rest_route=%2Fwp%2Fv2%2Ftags&post=43574"}],"curies":[{"name":"wp","href":"https:\/\/api.w.org\/{rel}","templated":true}]}}