{"id":4461,"date":"2025-12-18T06:16:12","date_gmt":"2025-12-18T06:16:12","guid":{"rendered":"http:\/\/almomento.net\/?p=1086520"},"modified":"2025-12-18T06:16:12","modified_gmt":"2025-12-18T06:16:12","slug":"auge-de-las-ferias-de-libros-independientes-opinion","status":"publish","type":"post","link":"https:\/\/sarmiento24h.com\/?p=4461","title":{"rendered":"Auge de las ferias de libros independientes (OPINION)"},"content":{"rendered":"<p><!-- .entry-header --> <\/p>\n<div class=\"img_center\"> <a href=\"https:\/\/almomento.net\/wp-content\/uploads\/2025\/12\/auge.png\" alt=\"Auge de las ferias de libros independientes (OPINION)\" title=\"Auge de las ferias de libros independientes (OPINION)\" data-toggle=\"lightbox\" class=\"thickbox\"><img decoding=\"async\" src=\"https:\/\/almomento.net\/wp-content\/uploads\/2025\/12\/auge.png\" class=\"attachment-post-thumbnail size-post-thumbnail wp-post-image\" alt=\"imagen\" title=\"Auge de las ferias de libros independientes (OPINION)\" data-toggle data-title=\"Auge de las ferias de libros independientes (OPINION)\"><\/a> <\/div>\n<p><b>POR E. MARGARITA EVE<\/b><\/p>\n<p>En 2025, las ferias de libros independientes se afirman como uno de los movimientos culturales comunitarios m\u00e1s significativos de Am\u00e9rica Latina. En una regi\u00f3n marcada por desigualdades persistentes en el acceso al libro y a la lectura, estas iniciativas surgen desde las comunidades como respuestas sostenidas y conscientes.<\/p>\n<p>A diferencia de los grandes circuitos editoriales, estas ferias se construyen desde la autogesti\u00f3n y la cooperaci\u00f3n cultural. Escritores, artistas y gestores asumen un rol activo en la creaci\u00f3n de espacios de lectura accesibles, entendiendo la cultura como un derecho social. Esta mirada coincide con enfoques contempor\u00e1neos del desarrollo cultural; la literatura recupera as\u00ed su funci\u00f3n p\u00fablica.<\/p>\n<p>En Am\u00e9rica Latina, donde la memoria, la oralidad y la resistencia cultural han sido pilares hist\u00f3ricos, las ferias independientes reactivan una tradici\u00f3n de participaci\u00f3n directa. Experiencias comunitarias desarrolladas en pa\u00edses como Argentina, M\u00e9xico, Colombia y Chile han demostrado que el libro puede volver a los espacios p\u00fablicos como herramienta de cohesi\u00f3n social. Leer vuelve a ser un acto colectivo.<\/p>\n<p>Diversos programas de fomento lector impulsados en la regi\u00f3n, incluidos los respaldados por la Organizaci\u00f3n de Estados Iberoamericanos (OEI), coinciden en la importancia del contacto cercano entre autores, libros y comunidades. El acceso directo a la lectura fortalece el pensamiento cr\u00edtico y la apropiaci\u00f3n cultural. La lectura se convierte as\u00ed en una experiencia compartida.<\/p>\n<figure id=\"attachment_1059584\" aria-describedby=\"caption-attachment-1059584\" class=\"wp-caption alignleft\"><img loading=\"lazy\" decoding=\"async\" class=\"size-full wp-image-1059584\" src=\"https:\/\/almomento.net\/wp-content\/uploads\/2025\/08\/eve.jpg\" alt width=\"296\" height=\"258\" srcset=\"https:\/\/almomento.net\/wp-content\/uploads\/2025\/08\/eve.jpg 296w, https:\/\/almomento.net\/wp-content\/uploads\/2025\/08\/eve-109x95.jpg 109w, https:\/\/almomento.net\/wp-content\/uploads\/2025\/08\/eve-287x250.jpg 287w, https:\/\/almomento.net\/wp-content\/uploads\/2025\/08\/eve-252x220.jpg 252w\" sizes=\"auto, (max-width: 296px) 100vw, 296px\"><figcaption id=\"caption-attachment-1059584\" class=\"wp-caption-text\">La Autora es escritora e ingeniero. Reside en Santo Domingo<\/figcaption><\/figure>\n<p><b>San Pedro de Macor\u00eds<\/b><\/p>\n<p>San Pedro de Macor\u00eds se inscribe de manera org\u00e1nica en esta din\u00e1mica regional. La literatura encontr\u00f3 all\u00ed un territorio profundamente vinculado a la identidad local y a su historia cultural. Con el tiempo, la Feria del Libro y de Escritores de San Pedro de Macor\u00eds dej\u00f3 de ser una experiencia puntual; se consolid\u00f3 como un proyecto cultural continuo.<\/p>\n<p>El car\u00e1cter internacional de esta feria, con la participaci\u00f3n de escritores de distintos pa\u00edses, ampl\u00eda el di\u00e1logo literario y enriquece las perspectivas creativas. Este intercambio responde a pr\u00e1cticas habituales dentro de los circuitos culturales independientes latinoamericanos. San Pedro no busca validaci\u00f3n externa; se afirma como un espacio leg\u00edtimo de encuentro cultural.<\/p>\n<p>Este proceso ha sido impulsado por la Coalici\u00f3n Cultural de San Pedro de Macor\u00eds, integrada por gestores, escritores y organizaciones locales. La articulaci\u00f3n cultural es reconocida como una de las estrategias m\u00e1s eficaces para la sostenibilidad de proyectos comunitarios. La Coalici\u00f3n ha apostado por la continuidad; su impacto se construye en el tiempo.<\/p>\n<p>En ese marco se desarroll\u00f3, en 2025, el proyecto 100 Libros para San Pedro, concebido como parte de la Feria del Libro y de Escritores. Iniciativas de dotaci\u00f3n de libros a espacios comunitarios han sido recomendadas por organismos culturales iberoamericanos como herramientas clave de fomento lector. Este proyecto respondi\u00f3 a esa l\u00f3gica; no fue asistencialismo, fue acceso.<\/p>\n<p>El valor de esta iniciativa se expresa en sus efectos culturales directos. Libros incorporados a espacios comunitarios, nuevos lectores y fortalecimiento de actividades de lectura evidencian su alcance. La experiencia confirma un principio ampliamente reconocido en las pol\u00edticas culturales regionales: el acceso f\u00edsico al libro sigue siendo determinante.<\/p>\n<p>Las ferias independientes cumplen, adem\u00e1s, una funci\u00f3n democratizadora. Reducen barreras econ\u00f3micas, simb\u00f3licas y geogr\u00e1ficas que hist\u00f3ricamente han limitado la participaci\u00f3n cultural. La literatura deja de ser un bien distante; se integra a la vida cotidiana y a los espacios comunes de la comunidad.<\/p>\n<p>En Am\u00e9rica Latina, la experiencia demuestra que cuando la cultura se gestiona desde la comunidad, su impacto es m\u00e1s profundo y duradero. Las ferias de libros independientes, el trabajo de la Coalici\u00f3n Cultural y proyectos como 100 Libros para San Pedro lo confirman. La literatura sigue siendo una herramienta de transformaci\u00f3n social; y San Pedro de Macor\u00eds forma parte activa de esa historia.<\/p>\n<p><i>&nbsp;<a id=\"m_-1223550753906351307OWA6157b351-cb03-a63e-0e4e-d79973848cf6\" href=\"mailto:emargaritaeve@gmail.com\" target=\"_blank\" rel=\"noopener\">emargaritaeve@gmail.com<\/a><\/i><\/p>\n<p>jpm-am<\/p>\n<div class=\"heateor_sss_sharing_container heateor_sss_horizontal_sharing\" data-heateor-sss-href=\"https:\/\/almomento.net\/auge-de-las-ferias-de-libros-independientes-opinion\/\" readability=\"7\">\n<p>Comp\u00e1rtelo en tus redes:<\/p>\n<\/div>\n<p> <!-- 468x60 --><br \/>\n<ins class=\"adsbygoogle\" data-ad-client=\"ca-pub-3511341636159665\" data-ad-slot=\"3538255450\"><\/ins> <!-- .entry-content --> <\/p>\n","protected":false},"excerpt":{"rendered":"<p>POR E. MARGARITA EVE En 2025, las&#46;&#46;&#46;<\/p>\n","protected":false},"author":1,"featured_media":4462,"comment_status":"closed","ping_status":"closed","sticky":false,"template":"","format":"standard","meta":{"_jetpack_memberships_contains_paid_content":false,"footnotes":"","jetpack_publicize_message":"","jetpack_publicize_feature_enabled":true,"jetpack_social_post_already_shared":false,"jetpack_social_options":{"image_generator_settings":{"template":"highway","default_image_id":0,"font":"","enabled":false},"version":2}},"categories":[45],"tags":[],"class_list":["post-4461","post","type-post","status-publish","format-standard","has-post-thumbnail","hentry","category-variedades"],"yoast_head":"<!-- This site is optimized with the Yoast SEO plugin v27.3 - https:\/\/yoast.com\/product\/yoast-seo-wordpress\/ -->\n<title>Auge de las ferias de libros independientes (OPINION) - Sarmiento24h<\/title>\n<meta name=\"robots\" content=\"index, follow, max-snippet:-1, max-image-preview:large, max-video-preview:-1\" \/>\n<link rel=\"canonical\" href=\"https:\/\/sarmiento24h.com\/?p=4461\" \/>\n<meta property=\"og:locale\" content=\"es_ES\" \/>\n<meta property=\"og:type\" content=\"article\" \/>\n<meta property=\"og:title\" content=\"Auge de las ferias de libros independientes (OPINION) - Sarmiento24h\" \/>\n<meta property=\"og:description\" content=\"POR E. MARGARITA EVE En 2025, las&#046;&#046;&#046;\" \/>\n<meta property=\"og:url\" content=\"https:\/\/sarmiento24h.com\/?p=4461\" \/>\n<meta property=\"og:site_name\" content=\"Sarmiento24h\" \/>\n<meta property=\"article:publisher\" content=\"https:\/\/facebook.com\/s24hnoticias\" \/>\n<meta property=\"article:published_time\" content=\"2025-12-18T06:16:12+00:00\" \/>\n<meta property=\"og:image\" content=\"https:\/\/sarmiento24h.com\/wp-content\/uploads\/2025\/12\/auge-de-las-ferias-de-libros-independientes-opinion.png\" \/>\n\t<meta property=\"og:image:width\" content=\"275\" \/>\n\t<meta property=\"og:image:height\" content=\"183\" \/>\n\t<meta property=\"og:image:type\" content=\"image\/png\" \/>\n<meta name=\"author\" content=\"sarmiento24h@gmail.com\" \/>\n<meta name=\"twitter:card\" content=\"summary_large_image\" \/>\n<meta name=\"twitter:creator\" content=\"@sarmiento24h\" \/>\n<meta name=\"twitter:site\" content=\"@sarmiento24h\" \/>\n<meta name=\"twitter:label1\" content=\"Escrito por\" \/>\n\t<meta name=\"twitter:data1\" content=\"sarmiento24h@gmail.com\" \/>\n\t<meta name=\"twitter:label2\" content=\"Tiempo de lectura\" \/>\n\t<meta name=\"twitter:data2\" content=\"3 minutos\" \/>\n<script type=\"application\/ld+json\" class=\"yoast-schema-graph\">{\"@context\":\"https:\\\/\\\/schema.org\",\"@graph\":[{\"@type\":\"Article\",\"@id\":\"https:\\\/\\\/sarmiento24h.com\\\/?p=4461#article\",\"isPartOf\":{\"@id\":\"https:\\\/\\\/sarmiento24h.com\\\/?p=4461\"},\"author\":{\"name\":\"sarmiento24h@gmail.com\",\"@id\":\"https:\\\/\\\/sarmiento24h.com\\\/#\\\/schema\\\/person\\\/d653a59725ad629a7e0429af7b939d4d\"},\"headline\":\"Auge de las ferias de libros independientes (OPINION)\",\"datePublished\":\"2025-12-18T06:16:12+00:00\",\"mainEntityOfPage\":{\"@id\":\"https:\\\/\\\/sarmiento24h.com\\\/?p=4461\"},\"wordCount\":678,\"publisher\":{\"@id\":\"https:\\\/\\\/sarmiento24h.com\\\/#organization\"},\"image\":{\"@id\":\"https:\\\/\\\/sarmiento24h.com\\\/?p=4461#primaryimage\"},\"thumbnailUrl\":\"https:\\\/\\\/sarmiento24h.com\\\/wp-content\\\/uploads\\\/2025\\\/12\\\/auge-de-las-ferias-de-libros-independientes-opinion.png\",\"articleSection\":[\"Variedades\"],\"inLanguage\":\"es\"},{\"@type\":\"WebPage\",\"@id\":\"https:\\\/\\\/sarmiento24h.com\\\/?p=4461\",\"url\":\"https:\\\/\\\/sarmiento24h.com\\\/?p=4461\",\"name\":\"Auge de las ferias de libros independientes (OPINION) - Sarmiento24h\",\"isPartOf\":{\"@id\":\"https:\\\/\\\/sarmiento24h.com\\\/#website\"},\"primaryImageOfPage\":{\"@id\":\"https:\\\/\\\/sarmiento24h.com\\\/?p=4461#primaryimage\"},\"image\":{\"@id\":\"https:\\\/\\\/sarmiento24h.com\\\/?p=4461#primaryimage\"},\"thumbnailUrl\":\"https:\\\/\\\/sarmiento24h.com\\\/wp-content\\\/uploads\\\/2025\\\/12\\\/auge-de-las-ferias-de-libros-independientes-opinion.png\",\"datePublished\":\"2025-12-18T06:16:12+00:00\",\"breadcrumb\":{\"@id\":\"https:\\\/\\\/sarmiento24h.com\\\/?p=4461#breadcrumb\"},\"inLanguage\":\"es\",\"potentialAction\":[{\"@type\":\"ReadAction\",\"target\":[\"https:\\\/\\\/sarmiento24h.com\\\/?p=4461\"]}]},{\"@type\":\"ImageObject\",\"inLanguage\":\"es\",\"@id\":\"https:\\\/\\\/sarmiento24h.com\\\/?p=4461#primaryimage\",\"url\":\"https:\\\/\\\/sarmiento24h.com\\\/wp-content\\\/uploads\\\/2025\\\/12\\\/auge-de-las-ferias-de-libros-independientes-opinion.png\",\"contentUrl\":\"https:\\\/\\\/sarmiento24h.com\\\/wp-content\\\/uploads\\\/2025\\\/12\\\/auge-de-las-ferias-de-libros-independientes-opinion.png\",\"width\":275,\"height\":183},{\"@type\":\"BreadcrumbList\",\"@id\":\"https:\\\/\\\/sarmiento24h.com\\\/?p=4461#breadcrumb\",\"itemListElement\":[{\"@type\":\"ListItem\",\"position\":1,\"name\":\"Home\",\"item\":\"https:\\\/\\\/sarmiento24h.com\\\/\"},{\"@type\":\"ListItem\",\"position\":2,\"name\":\"Auge de las ferias de libros independientes (OPINION)\"}]},{\"@type\":\"WebSite\",\"@id\":\"https:\\\/\\\/sarmiento24h.com\\\/#website\",\"url\":\"https:\\\/\\\/sarmiento24h.com\\\/\",\"name\":\"Sarmiento24h\",\"description\":\"\",\"publisher\":{\"@id\":\"https:\\\/\\\/sarmiento24h.com\\\/#organization\"},\"potentialAction\":[{\"@type\":\"SearchAction\",\"target\":{\"@type\":\"EntryPoint\",\"urlTemplate\":\"https:\\\/\\\/sarmiento24h.com\\\/?s={search_term_string}\"},\"query-input\":{\"@type\":\"PropertyValueSpecification\",\"valueRequired\":true,\"valueName\":\"search_term_string\"}}],\"inLanguage\":\"es\"},{\"@type\":\"Organization\",\"@id\":\"https:\\\/\\\/sarmiento24h.com\\\/#organization\",\"name\":\"Sarmiento24h\",\"url\":\"https:\\\/\\\/sarmiento24h.com\\\/\",\"logo\":{\"@type\":\"ImageObject\",\"inLanguage\":\"es\",\"@id\":\"https:\\\/\\\/sarmiento24h.com\\\/#\\\/schema\\\/logo\\\/image\\\/\",\"url\":\"https:\\\/\\\/sarmiento24h.com\\\/wp-content\\\/uploads\\\/2025\\\/12\\\/AddText_12-16-10.30.52.jpg\",\"contentUrl\":\"https:\\\/\\\/sarmiento24h.com\\\/wp-content\\\/uploads\\\/2025\\\/12\\\/AddText_12-16-10.30.52.jpg\",\"width\":1220,\"height\":324,\"caption\":\"Sarmiento24h\"},\"image\":{\"@id\":\"https:\\\/\\\/sarmiento24h.com\\\/#\\\/schema\\\/logo\\\/image\\\/\"},\"sameAs\":[\"https:\\\/\\\/facebook.com\\\/s24hnoticias\",\"https:\\\/\\\/x.com\\\/sarmiento24h\"]},{\"@type\":\"Person\",\"@id\":\"https:\\\/\\\/sarmiento24h.com\\\/#\\\/schema\\\/person\\\/d653a59725ad629a7e0429af7b939d4d\",\"name\":\"sarmiento24h@gmail.com\",\"image\":{\"@type\":\"ImageObject\",\"inLanguage\":\"es\",\"@id\":\"https:\\\/\\\/sarmiento24h.com\\\/wp-content\\\/litespeed\\\/avatar\\\/d02cbc4e23c747e6659cd45907173c8f.jpg?ver=1777157796\",\"url\":\"https:\\\/\\\/sarmiento24h.com\\\/wp-content\\\/litespeed\\\/avatar\\\/d02cbc4e23c747e6659cd45907173c8f.jpg?ver=1777157796\",\"contentUrl\":\"https:\\\/\\\/sarmiento24h.com\\\/wp-content\\\/litespeed\\\/avatar\\\/d02cbc4e23c747e6659cd45907173c8f.jpg?ver=1777157796\",\"caption\":\"sarmiento24h@gmail.com\"},\"sameAs\":[\"https:\\\/\\\/sarmiento24h.com\"],\"url\":\"https:\\\/\\\/sarmiento24h.com\\\/?author=1\"}]}<\/script>\n<!-- \/ Yoast SEO plugin. -->","yoast_head_json":{"title":"Auge de las ferias de libros independientes (OPINION) - Sarmiento24h","robots":{"index":"index","follow":"follow","max-snippet":"max-snippet:-1","max-image-preview":"max-image-preview:large","max-video-preview":"max-video-preview:-1"},"canonical":"https:\/\/sarmiento24h.com\/?p=4461","og_locale":"es_ES","og_type":"article","og_title":"Auge de las ferias de libros independientes (OPINION) - Sarmiento24h","og_description":"POR E. MARGARITA EVE En 2025, las&#46;&#46;&#46;","og_url":"https:\/\/sarmiento24h.com\/?p=4461","og_site_name":"Sarmiento24h","article_publisher":"https:\/\/facebook.com\/s24hnoticias","article_published_time":"2025-12-18T06:16:12+00:00","og_image":[{"width":275,"height":183,"url":"https:\/\/sarmiento24h.com\/wp-content\/uploads\/2025\/12\/auge-de-las-ferias-de-libros-independientes-opinion.png","type":"image\/png"}],"author":"sarmiento24h@gmail.com","twitter_card":"summary_large_image","twitter_creator":"@sarmiento24h","twitter_site":"@sarmiento24h","twitter_misc":{"Escrito por":"sarmiento24h@gmail.com","Tiempo de lectura":"3 minutos"},"schema":{"@context":"https:\/\/schema.org","@graph":[{"@type":"Article","@id":"https:\/\/sarmiento24h.com\/?p=4461#article","isPartOf":{"@id":"https:\/\/sarmiento24h.com\/?p=4461"},"author":{"name":"sarmiento24h@gmail.com","@id":"https:\/\/sarmiento24h.com\/#\/schema\/person\/d653a59725ad629a7e0429af7b939d4d"},"headline":"Auge de las ferias de libros independientes (OPINION)","datePublished":"2025-12-18T06:16:12+00:00","mainEntityOfPage":{"@id":"https:\/\/sarmiento24h.com\/?p=4461"},"wordCount":678,"publisher":{"@id":"https:\/\/sarmiento24h.com\/#organization"},"image":{"@id":"https:\/\/sarmiento24h.com\/?p=4461#primaryimage"},"thumbnailUrl":"https:\/\/sarmiento24h.com\/wp-content\/uploads\/2025\/12\/auge-de-las-ferias-de-libros-independientes-opinion.png","articleSection":["Variedades"],"inLanguage":"es"},{"@type":"WebPage","@id":"https:\/\/sarmiento24h.com\/?p=4461","url":"https:\/\/sarmiento24h.com\/?p=4461","name":"Auge de las ferias de libros independientes (OPINION) - Sarmiento24h","isPartOf":{"@id":"https:\/\/sarmiento24h.com\/#website"},"primaryImageOfPage":{"@id":"https:\/\/sarmiento24h.com\/?p=4461#primaryimage"},"image":{"@id":"https:\/\/sarmiento24h.com\/?p=4461#primaryimage"},"thumbnailUrl":"https:\/\/sarmiento24h.com\/wp-content\/uploads\/2025\/12\/auge-de-las-ferias-de-libros-independientes-opinion.png","datePublished":"2025-12-18T06:16:12+00:00","breadcrumb":{"@id":"https:\/\/sarmiento24h.com\/?p=4461#breadcrumb"},"inLanguage":"es","potentialAction":[{"@type":"ReadAction","target":["https:\/\/sarmiento24h.com\/?p=4461"]}]},{"@type":"ImageObject","inLanguage":"es","@id":"https:\/\/sarmiento24h.com\/?p=4461#primaryimage","url":"https:\/\/sarmiento24h.com\/wp-content\/uploads\/2025\/12\/auge-de-las-ferias-de-libros-independientes-opinion.png","contentUrl":"https:\/\/sarmiento24h.com\/wp-content\/uploads\/2025\/12\/auge-de-las-ferias-de-libros-independientes-opinion.png","width":275,"height":183},{"@type":"BreadcrumbList","@id":"https:\/\/sarmiento24h.com\/?p=4461#breadcrumb","itemListElement":[{"@type":"ListItem","position":1,"name":"Home","item":"https:\/\/sarmiento24h.com\/"},{"@type":"ListItem","position":2,"name":"Auge de las ferias de libros independientes (OPINION)"}]},{"@type":"WebSite","@id":"https:\/\/sarmiento24h.com\/#website","url":"https:\/\/sarmiento24h.com\/","name":"Sarmiento24h","description":"","publisher":{"@id":"https:\/\/sarmiento24h.com\/#organization"},"potentialAction":[{"@type":"SearchAction","target":{"@type":"EntryPoint","urlTemplate":"https:\/\/sarmiento24h.com\/?s={search_term_string}"},"query-input":{"@type":"PropertyValueSpecification","valueRequired":true,"valueName":"search_term_string"}}],"inLanguage":"es"},{"@type":"Organization","@id":"https:\/\/sarmiento24h.com\/#organization","name":"Sarmiento24h","url":"https:\/\/sarmiento24h.com\/","logo":{"@type":"ImageObject","inLanguage":"es","@id":"https:\/\/sarmiento24h.com\/#\/schema\/logo\/image\/","url":"https:\/\/sarmiento24h.com\/wp-content\/uploads\/2025\/12\/AddText_12-16-10.30.52.jpg","contentUrl":"https:\/\/sarmiento24h.com\/wp-content\/uploads\/2025\/12\/AddText_12-16-10.30.52.jpg","width":1220,"height":324,"caption":"Sarmiento24h"},"image":{"@id":"https:\/\/sarmiento24h.com\/#\/schema\/logo\/image\/"},"sameAs":["https:\/\/facebook.com\/s24hnoticias","https:\/\/x.com\/sarmiento24h"]},{"@type":"Person","@id":"https:\/\/sarmiento24h.com\/#\/schema\/person\/d653a59725ad629a7e0429af7b939d4d","name":"sarmiento24h@gmail.com","image":{"@type":"ImageObject","inLanguage":"es","@id":"https:\/\/sarmiento24h.com\/wp-content\/litespeed\/avatar\/d02cbc4e23c747e6659cd45907173c8f.jpg?ver=1777157796","url":"https:\/\/sarmiento24h.com\/wp-content\/litespeed\/avatar\/d02cbc4e23c747e6659cd45907173c8f.jpg?ver=1777157796","contentUrl":"https:\/\/sarmiento24h.com\/wp-content\/litespeed\/avatar\/d02cbc4e23c747e6659cd45907173c8f.jpg?ver=1777157796","caption":"sarmiento24h@gmail.com"},"sameAs":["https:\/\/sarmiento24h.com"],"url":"https:\/\/sarmiento24h.com\/?author=1"}]}},"jetpack_publicize_connections":[],"jetpack_featured_media_url":"https:\/\/sarmiento24h.com\/wp-content\/uploads\/2025\/12\/auge-de-las-ferias-de-libros-independientes-opinion.png","jetpack_sharing_enabled":true,"_links":{"self":[{"href":"https:\/\/sarmiento24h.com\/index.php?rest_route=\/wp\/v2\/posts\/4461","targetHints":{"allow":["GET"]}}],"collection":[{"href":"https:\/\/sarmiento24h.com\/index.php?rest_route=\/wp\/v2\/posts"}],"about":[{"href":"https:\/\/sarmiento24h.com\/index.php?rest_route=\/wp\/v2\/types\/post"}],"author":[{"embeddable":true,"href":"https:\/\/sarmiento24h.com\/index.php?rest_route=\/wp\/v2\/users\/1"}],"replies":[{"embeddable":true,"href":"https:\/\/sarmiento24h.com\/index.php?rest_route=%2Fwp%2Fv2%2Fcomments&post=4461"}],"version-history":[{"count":0,"href":"https:\/\/sarmiento24h.com\/index.php?rest_route=\/wp\/v2\/posts\/4461\/revisions"}],"wp:featuredmedia":[{"embeddable":true,"href":"https:\/\/sarmiento24h.com\/index.php?rest_route=\/wp\/v2\/media\/4462"}],"wp:attachment":[{"href":"https:\/\/sarmiento24h.com\/index.php?rest_route=%2Fwp%2Fv2%2Fmedia&parent=4461"}],"wp:term":[{"taxonomy":"category","embeddable":true,"href":"https:\/\/sarmiento24h.com\/index.php?rest_route=%2Fwp%2Fv2%2Fcategories&post=4461"},{"taxonomy":"post_tag","embeddable":true,"href":"https:\/\/sarmiento24h.com\/index.php?rest_route=%2Fwp%2Fv2%2Ftags&post=4461"}],"curies":[{"name":"wp","href":"https:\/\/api.w.org\/{rel}","templated":true}]}}