{"id":44969,"date":"2026-03-06T04:16:52","date_gmt":"2026-03-06T04:16:52","guid":{"rendered":"http:\/\/almomento.net\/?p=1103297"},"modified":"2026-03-06T04:16:52","modified_gmt":"2026-03-06T04:16:52","slug":"periodista-pondra-a-circular-el-libro-%c2%a8residenar-el-periodismo%c2%a8","status":"publish","type":"post","link":"https:\/\/sarmiento24h.com\/?p=44969","title":{"rendered":"Periodista pondr\u00e1 a circular el libro\u00a0\u00a8Reside\u00f1ar el Periodismo\u00a8"},"content":{"rendered":"<p><!-- .entry-header --> <\/p>\n<div class=\"img_center\"> <a href=\"https:\/\/sarmiento24h.com\/wp-content\/uploads\/2026\/03\/periodista-pondra-a-circular-el-libro-c2a8residenar-el-periodismoc2a8.jpg\" title=\"Periodista pondr\u00e1 a circular el libro&nbsp;\u00a8Reside\u00f1ar el Periodismo\u00a8\" data-toggle=\"lightbox\" class=\"thickbox\"><img decoding=\"async\" src=\"https:\/\/sarmiento24h.com\/wp-content\/uploads\/2026\/03\/periodista-pondra-a-circular-el-libro-c2a8residenar-el-periodismoc2a8.jpg\" class=\"attachment-post-thumbnail size-post-thumbnail wp-post-image\" alt=\"imagen\" title=\"Periodista pondr\u00e1 a circular el libro&nbsp;\u00a8Reside\u00f1ar el Periodismo\u00a8\" data-toggle data-title=\"Periodista pondr\u00e1 a circular el libro&nbsp;\u00a8Reside\u00f1ar el Periodismo\u00a8\"><\/a><\/p>\n<p>Cristal Acevedo<\/p>\n<\/p><\/div>\n<p>SANTO DOMINGO. \u2013 La periodista y catedr\u00e1tica universitaria, Cristal Acevedo, pondr\u00e1 a disposici\u00f3n del p\u00fablico su m\u00e1s reciente libro \u00abRedise\u00f1ar el periodismo\u00bb desde el 1 de abril en la p\u00e1gina oficial del Observatorio de Medios Digitales Dominicanos.<\/p>\n<p>Acevedo plantea una propuesta de redise\u00f1o curricular para la carrera de comunicaci\u00f3n, espec\u00edficamente enfocada en la de periodismo, que se imparte en las universidades dominicanas.<\/p>\n<p>La obra incluye un an\u00e1lisis del p\u00e9nsum vigente en varias escuelas de comunicaci\u00f3n que funcionan en el pa\u00eds.<\/p>\n<p>Adem\u00e1s, analiza la estructura y utilidad de los contenidos en el marco del desarrollo de las destrezas y habilidades que deben adquirir los estudiantes durante su formaci\u00f3n universitaria.<\/p>\n<p>Tambi\u00e9n, aborda de manera amplia las diferentes fuentes te\u00f3ricas que han presentado propuestas de c\u00f3mo abordar el tema desde un enfoque por competencias y bajo la l\u00ednea de investigaci\u00f3n vinculada a la innovaci\u00f3n y el uso de la tecnolog\u00eda en el contexto educativo.<\/p>\n<p><strong>DISE\u00d1O DE MODELO CIENT\u00cdFICO<\/strong><\/p>\n<p>Para completar la obra, Acevedo dise\u00f1\u00f3 un modelo cient\u00edfico que detalla las caracter\u00edsticas vinculantes para la implementaci\u00f3n del proceso de esta reforma curricular.<\/p>\n<p>Una acci\u00f3n acad\u00e9mica que ya habr\u00eda presentado en el Primer Congreso Internacional de Investigaci\u00f3n, Desarrollo e Innovaci\u00f3n y la Veintiuna Jornada de Investigaci\u00f3n Cient\u00edfica de la UASD, en 2023, cuando present\u00f3 su propuesta.<\/p>\n<p>Durante esa disertaci\u00f3n, advirti\u00f3 que, si las academias no actualizan el p\u00e9nsum, los egresados no podr\u00e1n satisfacer las demandas que se requieren en el \u00e1mbito laboral, en los medios informativos convencionales y digitales.<\/p>\n<p>Agreg\u00f3 que un redise\u00f1o curricular al plan de estudio de la carrera de periodismo propiciar\u00eda tener egresados con mejores destrezas y aptos para la demanda actual del mercado laboral vigente.<\/p>\n<p>El texto contar\u00e1 con una edici\u00f3n impresa limitada que ser\u00e1 donada a todas las universidades dominicanas que cuentan con una escuela de comunicaci\u00f3n social funcionando actualmente.<\/p>\n<p><span>agl\/of-am<\/span><\/p>\n<div class=\"heateor_sss_sharing_container heateor_sss_horizontal_sharing\" data-heateor-sss-href=\"https:\/\/almomento.net\/periodista-pondra-a-circular-el-libro-%c2%a8residenar-el-periodismo%c2%a8\/\">\n<p>Comp\u00e1rtelo en tus redes:<\/p>\n<\/div>\n<p> <!-- 468x60 --><br \/>\n<ins class=\"adsbygoogle\" data-ad-client=\"ca-pub-3511341636159665\" data-ad-slot=\"3538255450\"><\/ins> <!-- .entry-content --> <\/p>\n","protected":false},"excerpt":{"rendered":"<p>Cristal Acevedo SANTO DOMINGO. \u2013 La periodista&#46;&#46;&#46;<\/p>\n","protected":false},"author":1,"featured_media":44970,"comment_status":"closed","ping_status":"closed","sticky":false,"template":"","format":"standard","meta":{"_jetpack_memberships_contains_paid_content":false,"footnotes":"","jetpack_publicize_message":"","jetpack_publicize_feature_enabled":true,"jetpack_social_post_already_shared":true,"jetpack_social_options":{"image_generator_settings":{"template":"highway","default_image_id":0,"font":"","enabled":false},"version":2}},"categories":[45],"tags":[],"class_list":["post-44969","post","type-post","status-publish","format-standard","has-post-thumbnail","hentry","category-variedades"],"yoast_head":"<!-- This site is optimized with the Yoast SEO plugin v27.3 - https:\/\/yoast.com\/product\/yoast-seo-wordpress\/ -->\n<title>Periodista pondr\u00e1 a circular el libro\u00a0\u00a8Reside\u00f1ar el Periodismo\u00a8 - Sarmiento24h<\/title>\n<meta name=\"robots\" content=\"index, follow, max-snippet:-1, max-image-preview:large, max-video-preview:-1\" \/>\n<link rel=\"canonical\" href=\"https:\/\/sarmiento24h.com\/?p=44969\" \/>\n<meta property=\"og:locale\" content=\"es_ES\" \/>\n<meta property=\"og:type\" content=\"article\" \/>\n<meta property=\"og:title\" content=\"Periodista pondr\u00e1 a circular el libro\u00a0\u00a8Reside\u00f1ar el Periodismo\u00a8 - Sarmiento24h\" \/>\n<meta property=\"og:description\" content=\"Cristal Acevedo SANTO DOMINGO. \u2013 La periodista&#046;&#046;&#046;\" \/>\n<meta property=\"og:url\" content=\"https:\/\/sarmiento24h.com\/?p=44969\" \/>\n<meta property=\"og:site_name\" content=\"Sarmiento24h\" \/>\n<meta property=\"article:publisher\" content=\"https:\/\/facebook.com\/s24hnoticias\" \/>\n<meta property=\"article:published_time\" content=\"2026-03-06T04:16:52+00:00\" \/>\n<meta property=\"og:image\" content=\"https:\/\/sarmiento24h.com\/wp-content\/uploads\/2026\/03\/periodista-pondra-a-circular-el-libro-c2a8residenar-el-periodismoc2a8.jpg\" \/>\n\t<meta property=\"og:image:width\" content=\"447\" \/>\n\t<meta property=\"og:image:height\" content=\"447\" \/>\n\t<meta property=\"og:image:type\" content=\"image\/jpeg\" \/>\n<meta name=\"author\" content=\"sarmiento24h@gmail.com\" \/>\n<meta name=\"twitter:card\" content=\"summary_large_image\" \/>\n<meta name=\"twitter:creator\" content=\"@sarmiento24h\" \/>\n<meta name=\"twitter:site\" content=\"@sarmiento24h\" \/>\n<meta name=\"twitter:label1\" content=\"Escrito por\" \/>\n\t<meta name=\"twitter:data1\" content=\"sarmiento24h@gmail.com\" \/>\n\t<meta name=\"twitter:label2\" content=\"Tiempo de lectura\" \/>\n\t<meta name=\"twitter:data2\" content=\"2 minutos\" \/>\n<script type=\"application\/ld+json\" class=\"yoast-schema-graph\">{\"@context\":\"https:\\\/\\\/schema.org\",\"@graph\":[{\"@type\":\"Article\",\"@id\":\"https:\\\/\\\/sarmiento24h.com\\\/?p=44969#article\",\"isPartOf\":{\"@id\":\"https:\\\/\\\/sarmiento24h.com\\\/?p=44969\"},\"author\":{\"name\":\"sarmiento24h@gmail.com\",\"@id\":\"https:\\\/\\\/sarmiento24h.com\\\/#\\\/schema\\\/person\\\/d653a59725ad629a7e0429af7b939d4d\"},\"headline\":\"Periodista pondr\u00e1 a circular el libro\u00a0\u00a8Reside\u00f1ar el Periodismo\u00a8\",\"datePublished\":\"2026-03-06T04:16:52+00:00\",\"mainEntityOfPage\":{\"@id\":\"https:\\\/\\\/sarmiento24h.com\\\/?p=44969\"},\"wordCount\":357,\"publisher\":{\"@id\":\"https:\\\/\\\/sarmiento24h.com\\\/#organization\"},\"image\":{\"@id\":\"https:\\\/\\\/sarmiento24h.com\\\/?p=44969#primaryimage\"},\"thumbnailUrl\":\"https:\\\/\\\/sarmiento24h.com\\\/wp-content\\\/uploads\\\/2026\\\/03\\\/periodista-pondra-a-circular-el-libro-c2a8residenar-el-periodismoc2a8.jpg\",\"articleSection\":[\"Variedades\"],\"inLanguage\":\"es\"},{\"@type\":\"WebPage\",\"@id\":\"https:\\\/\\\/sarmiento24h.com\\\/?p=44969\",\"url\":\"https:\\\/\\\/sarmiento24h.com\\\/?p=44969\",\"name\":\"Periodista pondr\u00e1 a circular el libro\u00a0\u00a8Reside\u00f1ar el Periodismo\u00a8 - Sarmiento24h\",\"isPartOf\":{\"@id\":\"https:\\\/\\\/sarmiento24h.com\\\/#website\"},\"primaryImageOfPage\":{\"@id\":\"https:\\\/\\\/sarmiento24h.com\\\/?p=44969#primaryimage\"},\"image\":{\"@id\":\"https:\\\/\\\/sarmiento24h.com\\\/?p=44969#primaryimage\"},\"thumbnailUrl\":\"https:\\\/\\\/sarmiento24h.com\\\/wp-content\\\/uploads\\\/2026\\\/03\\\/periodista-pondra-a-circular-el-libro-c2a8residenar-el-periodismoc2a8.jpg\",\"datePublished\":\"2026-03-06T04:16:52+00:00\",\"breadcrumb\":{\"@id\":\"https:\\\/\\\/sarmiento24h.com\\\/?p=44969#breadcrumb\"},\"inLanguage\":\"es\",\"potentialAction\":[{\"@type\":\"ReadAction\",\"target\":[\"https:\\\/\\\/sarmiento24h.com\\\/?p=44969\"]}]},{\"@type\":\"ImageObject\",\"inLanguage\":\"es\",\"@id\":\"https:\\\/\\\/sarmiento24h.com\\\/?p=44969#primaryimage\",\"url\":\"https:\\\/\\\/sarmiento24h.com\\\/wp-content\\\/uploads\\\/2026\\\/03\\\/periodista-pondra-a-circular-el-libro-c2a8residenar-el-periodismoc2a8.jpg\",\"contentUrl\":\"https:\\\/\\\/sarmiento24h.com\\\/wp-content\\\/uploads\\\/2026\\\/03\\\/periodista-pondra-a-circular-el-libro-c2a8residenar-el-periodismoc2a8.jpg\",\"width\":447,\"height\":447},{\"@type\":\"BreadcrumbList\",\"@id\":\"https:\\\/\\\/sarmiento24h.com\\\/?p=44969#breadcrumb\",\"itemListElement\":[{\"@type\":\"ListItem\",\"position\":1,\"name\":\"Home\",\"item\":\"https:\\\/\\\/sarmiento24h.com\\\/\"},{\"@type\":\"ListItem\",\"position\":2,\"name\":\"Periodista pondr\u00e1 a circular el libro\u00a0\u00a8Reside\u00f1ar el Periodismo\u00a8\"}]},{\"@type\":\"WebSite\",\"@id\":\"https:\\\/\\\/sarmiento24h.com\\\/#website\",\"url\":\"https:\\\/\\\/sarmiento24h.com\\\/\",\"name\":\"Sarmiento24h\",\"description\":\"\",\"publisher\":{\"@id\":\"https:\\\/\\\/sarmiento24h.com\\\/#organization\"},\"potentialAction\":[{\"@type\":\"SearchAction\",\"target\":{\"@type\":\"EntryPoint\",\"urlTemplate\":\"https:\\\/\\\/sarmiento24h.com\\\/?s={search_term_string}\"},\"query-input\":{\"@type\":\"PropertyValueSpecification\",\"valueRequired\":true,\"valueName\":\"search_term_string\"}}],\"inLanguage\":\"es\"},{\"@type\":\"Organization\",\"@id\":\"https:\\\/\\\/sarmiento24h.com\\\/#organization\",\"name\":\"Sarmiento24h\",\"url\":\"https:\\\/\\\/sarmiento24h.com\\\/\",\"logo\":{\"@type\":\"ImageObject\",\"inLanguage\":\"es\",\"@id\":\"https:\\\/\\\/sarmiento24h.com\\\/#\\\/schema\\\/logo\\\/image\\\/\",\"url\":\"https:\\\/\\\/sarmiento24h.com\\\/wp-content\\\/uploads\\\/2025\\\/12\\\/AddText_12-16-10.30.52.jpg\",\"contentUrl\":\"https:\\\/\\\/sarmiento24h.com\\\/wp-content\\\/uploads\\\/2025\\\/12\\\/AddText_12-16-10.30.52.jpg\",\"width\":1220,\"height\":324,\"caption\":\"Sarmiento24h\"},\"image\":{\"@id\":\"https:\\\/\\\/sarmiento24h.com\\\/#\\\/schema\\\/logo\\\/image\\\/\"},\"sameAs\":[\"https:\\\/\\\/facebook.com\\\/s24hnoticias\",\"https:\\\/\\\/x.com\\\/sarmiento24h\"]},{\"@type\":\"Person\",\"@id\":\"https:\\\/\\\/sarmiento24h.com\\\/#\\\/schema\\\/person\\\/d653a59725ad629a7e0429af7b939d4d\",\"name\":\"sarmiento24h@gmail.com\",\"image\":{\"@type\":\"ImageObject\",\"inLanguage\":\"es\",\"@id\":\"https:\\\/\\\/sarmiento24h.com\\\/wp-content\\\/litespeed\\\/avatar\\\/d02cbc4e23c747e6659cd45907173c8f.jpg?ver=1777157796\",\"url\":\"https:\\\/\\\/sarmiento24h.com\\\/wp-content\\\/litespeed\\\/avatar\\\/d02cbc4e23c747e6659cd45907173c8f.jpg?ver=1777157796\",\"contentUrl\":\"https:\\\/\\\/sarmiento24h.com\\\/wp-content\\\/litespeed\\\/avatar\\\/d02cbc4e23c747e6659cd45907173c8f.jpg?ver=1777157796\",\"caption\":\"sarmiento24h@gmail.com\"},\"sameAs\":[\"https:\\\/\\\/sarmiento24h.com\"],\"url\":\"https:\\\/\\\/sarmiento24h.com\\\/?author=1\"}]}<\/script>\n<!-- \/ Yoast SEO plugin. -->","yoast_head_json":{"title":"Periodista pondr\u00e1 a circular el libro\u00a0\u00a8Reside\u00f1ar el Periodismo\u00a8 - Sarmiento24h","robots":{"index":"index","follow":"follow","max-snippet":"max-snippet:-1","max-image-preview":"max-image-preview:large","max-video-preview":"max-video-preview:-1"},"canonical":"https:\/\/sarmiento24h.com\/?p=44969","og_locale":"es_ES","og_type":"article","og_title":"Periodista pondr\u00e1 a circular el libro\u00a0\u00a8Reside\u00f1ar el Periodismo\u00a8 - Sarmiento24h","og_description":"Cristal Acevedo SANTO DOMINGO. \u2013 La periodista&#46;&#46;&#46;","og_url":"https:\/\/sarmiento24h.com\/?p=44969","og_site_name":"Sarmiento24h","article_publisher":"https:\/\/facebook.com\/s24hnoticias","article_published_time":"2026-03-06T04:16:52+00:00","og_image":[{"width":447,"height":447,"url":"https:\/\/sarmiento24h.com\/wp-content\/uploads\/2026\/03\/periodista-pondra-a-circular-el-libro-c2a8residenar-el-periodismoc2a8.jpg","type":"image\/jpeg"}],"author":"sarmiento24h@gmail.com","twitter_card":"summary_large_image","twitter_creator":"@sarmiento24h","twitter_site":"@sarmiento24h","twitter_misc":{"Escrito por":"sarmiento24h@gmail.com","Tiempo de lectura":"2 minutos"},"schema":{"@context":"https:\/\/schema.org","@graph":[{"@type":"Article","@id":"https:\/\/sarmiento24h.com\/?p=44969#article","isPartOf":{"@id":"https:\/\/sarmiento24h.com\/?p=44969"},"author":{"name":"sarmiento24h@gmail.com","@id":"https:\/\/sarmiento24h.com\/#\/schema\/person\/d653a59725ad629a7e0429af7b939d4d"},"headline":"Periodista pondr\u00e1 a circular el libro\u00a0\u00a8Reside\u00f1ar el Periodismo\u00a8","datePublished":"2026-03-06T04:16:52+00:00","mainEntityOfPage":{"@id":"https:\/\/sarmiento24h.com\/?p=44969"},"wordCount":357,"publisher":{"@id":"https:\/\/sarmiento24h.com\/#organization"},"image":{"@id":"https:\/\/sarmiento24h.com\/?p=44969#primaryimage"},"thumbnailUrl":"https:\/\/sarmiento24h.com\/wp-content\/uploads\/2026\/03\/periodista-pondra-a-circular-el-libro-c2a8residenar-el-periodismoc2a8.jpg","articleSection":["Variedades"],"inLanguage":"es"},{"@type":"WebPage","@id":"https:\/\/sarmiento24h.com\/?p=44969","url":"https:\/\/sarmiento24h.com\/?p=44969","name":"Periodista pondr\u00e1 a circular el libro\u00a0\u00a8Reside\u00f1ar el Periodismo\u00a8 - Sarmiento24h","isPartOf":{"@id":"https:\/\/sarmiento24h.com\/#website"},"primaryImageOfPage":{"@id":"https:\/\/sarmiento24h.com\/?p=44969#primaryimage"},"image":{"@id":"https:\/\/sarmiento24h.com\/?p=44969#primaryimage"},"thumbnailUrl":"https:\/\/sarmiento24h.com\/wp-content\/uploads\/2026\/03\/periodista-pondra-a-circular-el-libro-c2a8residenar-el-periodismoc2a8.jpg","datePublished":"2026-03-06T04:16:52+00:00","breadcrumb":{"@id":"https:\/\/sarmiento24h.com\/?p=44969#breadcrumb"},"inLanguage":"es","potentialAction":[{"@type":"ReadAction","target":["https:\/\/sarmiento24h.com\/?p=44969"]}]},{"@type":"ImageObject","inLanguage":"es","@id":"https:\/\/sarmiento24h.com\/?p=44969#primaryimage","url":"https:\/\/sarmiento24h.com\/wp-content\/uploads\/2026\/03\/periodista-pondra-a-circular-el-libro-c2a8residenar-el-periodismoc2a8.jpg","contentUrl":"https:\/\/sarmiento24h.com\/wp-content\/uploads\/2026\/03\/periodista-pondra-a-circular-el-libro-c2a8residenar-el-periodismoc2a8.jpg","width":447,"height":447},{"@type":"BreadcrumbList","@id":"https:\/\/sarmiento24h.com\/?p=44969#breadcrumb","itemListElement":[{"@type":"ListItem","position":1,"name":"Home","item":"https:\/\/sarmiento24h.com\/"},{"@type":"ListItem","position":2,"name":"Periodista pondr\u00e1 a circular el libro\u00a0\u00a8Reside\u00f1ar el Periodismo\u00a8"}]},{"@type":"WebSite","@id":"https:\/\/sarmiento24h.com\/#website","url":"https:\/\/sarmiento24h.com\/","name":"Sarmiento24h","description":"","publisher":{"@id":"https:\/\/sarmiento24h.com\/#organization"},"potentialAction":[{"@type":"SearchAction","target":{"@type":"EntryPoint","urlTemplate":"https:\/\/sarmiento24h.com\/?s={search_term_string}"},"query-input":{"@type":"PropertyValueSpecification","valueRequired":true,"valueName":"search_term_string"}}],"inLanguage":"es"},{"@type":"Organization","@id":"https:\/\/sarmiento24h.com\/#organization","name":"Sarmiento24h","url":"https:\/\/sarmiento24h.com\/","logo":{"@type":"ImageObject","inLanguage":"es","@id":"https:\/\/sarmiento24h.com\/#\/schema\/logo\/image\/","url":"https:\/\/sarmiento24h.com\/wp-content\/uploads\/2025\/12\/AddText_12-16-10.30.52.jpg","contentUrl":"https:\/\/sarmiento24h.com\/wp-content\/uploads\/2025\/12\/AddText_12-16-10.30.52.jpg","width":1220,"height":324,"caption":"Sarmiento24h"},"image":{"@id":"https:\/\/sarmiento24h.com\/#\/schema\/logo\/image\/"},"sameAs":["https:\/\/facebook.com\/s24hnoticias","https:\/\/x.com\/sarmiento24h"]},{"@type":"Person","@id":"https:\/\/sarmiento24h.com\/#\/schema\/person\/d653a59725ad629a7e0429af7b939d4d","name":"sarmiento24h@gmail.com","image":{"@type":"ImageObject","inLanguage":"es","@id":"https:\/\/sarmiento24h.com\/wp-content\/litespeed\/avatar\/d02cbc4e23c747e6659cd45907173c8f.jpg?ver=1777157796","url":"https:\/\/sarmiento24h.com\/wp-content\/litespeed\/avatar\/d02cbc4e23c747e6659cd45907173c8f.jpg?ver=1777157796","contentUrl":"https:\/\/sarmiento24h.com\/wp-content\/litespeed\/avatar\/d02cbc4e23c747e6659cd45907173c8f.jpg?ver=1777157796","caption":"sarmiento24h@gmail.com"},"sameAs":["https:\/\/sarmiento24h.com"],"url":"https:\/\/sarmiento24h.com\/?author=1"}]}},"jetpack_publicize_connections":[],"jetpack_featured_media_url":"https:\/\/sarmiento24h.com\/wp-content\/uploads\/2026\/03\/periodista-pondra-a-circular-el-libro-c2a8residenar-el-periodismoc2a8.jpg","jetpack_sharing_enabled":true,"_links":{"self":[{"href":"https:\/\/sarmiento24h.com\/index.php?rest_route=\/wp\/v2\/posts\/44969","targetHints":{"allow":["GET"]}}],"collection":[{"href":"https:\/\/sarmiento24h.com\/index.php?rest_route=\/wp\/v2\/posts"}],"about":[{"href":"https:\/\/sarmiento24h.com\/index.php?rest_route=\/wp\/v2\/types\/post"}],"author":[{"embeddable":true,"href":"https:\/\/sarmiento24h.com\/index.php?rest_route=\/wp\/v2\/users\/1"}],"replies":[{"embeddable":true,"href":"https:\/\/sarmiento24h.com\/index.php?rest_route=%2Fwp%2Fv2%2Fcomments&post=44969"}],"version-history":[{"count":0,"href":"https:\/\/sarmiento24h.com\/index.php?rest_route=\/wp\/v2\/posts\/44969\/revisions"}],"wp:featuredmedia":[{"embeddable":true,"href":"https:\/\/sarmiento24h.com\/index.php?rest_route=\/wp\/v2\/media\/44970"}],"wp:attachment":[{"href":"https:\/\/sarmiento24h.com\/index.php?rest_route=%2Fwp%2Fv2%2Fmedia&parent=44969"}],"wp:term":[{"taxonomy":"category","embeddable":true,"href":"https:\/\/sarmiento24h.com\/index.php?rest_route=%2Fwp%2Fv2%2Fcategories&post=44969"},{"taxonomy":"post_tag","embeddable":true,"href":"https:\/\/sarmiento24h.com\/index.php?rest_route=%2Fwp%2Fv2%2Ftags&post=44969"}],"curies":[{"name":"wp","href":"https:\/\/api.w.org\/{rel}","templated":true}]}}