{"id":4573,"date":"2025-12-19T06:16:15","date_gmt":"2025-12-19T06:16:15","guid":{"rendered":"http:\/\/almomento.net\/?p=1086750"},"modified":"2025-12-19T06:16:15","modified_gmt":"2025-12-19T06:16:15","slug":"pavel-nunez-se-presentara-con-su-orquesta-en-hard-rock-sd","status":"publish","type":"post","link":"https:\/\/sarmiento24h.com\/?p=4573","title":{"rendered":"Pavel N\u00fa\u00f1ez se presentar\u00e1 con su orquesta en Hard Rock SD"},"content":{"rendered":"<p><!-- .entry-header --> <\/p>\n<div class=\"img_center\"> <a href=\"https:\/\/almomento.net\/wp-content\/uploads\/2025\/12\/pavel.jpg\" alt=\"Pavel N\u00fa\u00f1ez se presentar\u00e1 con su orquesta en Hard Rock SD\" title=\"Pavel N\u00fa\u00f1ez se presentar\u00e1 con su orquesta en Hard Rock SD\" data-toggle=\"lightbox\" class=\"thickbox\"><img decoding=\"async\" src=\"https:\/\/almomento.net\/wp-content\/uploads\/2025\/12\/pavel.jpg\" class=\"attachment-post-thumbnail size-post-thumbnail wp-post-image\" alt=\"imagen\" title=\"Pavel N\u00fa\u00f1ez se presentar\u00e1 con su orquesta en Hard Rock SD\" data-toggle data-title=\"Pavel N\u00fa\u00f1ez se presentar\u00e1 con su orquesta en Hard Rock SD\"><\/a><\/p>\n<p>Pavel N\u00fa\u00f1ez<\/p>\n<\/p><\/div>\n<p><strong>SANTO DOMINGO.-<\/strong>&nbsp;El cantautor Pavel N\u00fa\u00f1ez llega con su Bipolarband a Hard Rock Caf\u00e9 Santo Domingo, el pr\u00f3ximo 22 de diciembre, con un concierto especial que marcar\u00e1 una nueva etapa creativa en su trayectoria art\u00edstica.<\/p>\n<p>El famoso int\u00e9rprete de \u201cViene gente\u201d resalt\u00f3 que, con esta nueva puesta en escena, explora g\u00e9neros como la bachata, el merengue, la salsa y el merengue t\u00edpico, lo que convertir\u00e1 la noche en una \u00abmonta\u00f1a de emociones\u00bb. Las boletas est\u00e1n disponibles a trav\u00e9s de Tix.do.<\/p>\n<p>El evento cuenta con el patrocinio de Claro y la Alcald\u00eda del Distrito Nacional, as\u00ed como con el respaldo de Color Visi\u00f3n y Grupo L\u00f3pez, y el apoyo de los aliados Rental Vision y La Oreja Media Group.<\/p>\n<p>Con la producci\u00f3n art\u00edstica de Concepto Atariva SDQ y la producci\u00f3n ejecutiva de Ricky Nadal, el multipremiado artista estar\u00e1 acompa\u00f1ado de 15 m\u00fasicos en escena, para darle vida a un concepto musical que fusiona dos facetas de su carrera en un espect\u00e1culo cargado de sensibilidad, versatilidad y elegancia musical.<\/p>\n<p>Pavel N\u00fa\u00f1ez, ganador de un Premio Emmy (2013) y 11 veces galardonado con el Premio Soberano, expres\u00f3 la emoci\u00f3n que le genera esta nueva propuesta. \u201cMe siento m\u00e1s emocionado que nunca con este h\u00edbrido que muestra mis dos caras, la de cantautor e int\u00e9rprete, de una manera pocas veces vista\u201d, afirm\u00f3 el int\u00e9rprete de \u201cViene Gente\u201d.<\/p>\n<p>\u201cSaber que puedo homenajear en sus g\u00e9neros a gente que admiro y quiero tanto, y al mismo tiempo intercalar eso con mis canciones m\u00e1s sentidas, hace de este concepto Bipolarband algo m\u00e1gico\u201d, agreg\u00f3.<\/p>\n<p>La Bipolarband es una banda-orquesta creada por el propio Pavel N\u00fa\u00f1ez como un formato permanente de presentaci\u00f3n, al igual que sus conciertos ac\u00fasticos o sus actuaciones junto a El Corredor de la 27. Este proyecto propone un recorrido emocional y r\u00edtmico donde lo bailable convive con la profundidad del sentimiento.<\/p>\n<p>Se trata de un h\u00edbrido poco com\u00fan en la escena local, en el que el amargue y la nostalgia de la canci\u00f3n \u00edntima se entrelazan con la cadencia de merengues, salsas y boleros, ofreciendo una experiencia sonora cargada de energ\u00eda y sofisticaci\u00f3n.<\/p>\n<p>of-am<\/p>\n<div class=\"heateor_sss_sharing_container heateor_sss_horizontal_sharing\" data-heateor-sss-href=\"https:\/\/almomento.net\/pavel-nunez-se-presentara-con-su-orquesta-en-hard-rock-sd\/\" readability=\"7\">\n<p>Comp\u00e1rtelo en tus redes:<\/p>\n<\/div>\n<p> <!-- 468x60 --><br \/>\n<ins class=\"adsbygoogle\" data-ad-client=\"ca-pub-3511341636159665\" data-ad-slot=\"3538255450\"><\/ins> <!-- .entry-content --> <\/p>\n","protected":false},"excerpt":{"rendered":"<p>Pavel N\u00fa\u00f1ez SANTO DOMINGO.-&nbsp;El cantautor Pavel N\u00fa\u00f1ez&#46;&#46;&#46;<\/p>\n","protected":false},"author":1,"featured_media":4574,"comment_status":"closed","ping_status":"closed","sticky":false,"template":"","format":"standard","meta":{"_jetpack_memberships_contains_paid_content":false,"footnotes":"","jetpack_publicize_message":"","jetpack_publicize_feature_enabled":true,"jetpack_social_post_already_shared":false,"jetpack_social_options":{"image_generator_settings":{"template":"highway","default_image_id":0,"font":"","enabled":false},"version":2}},"categories":[45],"tags":[],"class_list":["post-4573","post","type-post","status-publish","format-standard","has-post-thumbnail","hentry","category-variedades"],"yoast_head":"<!-- This site is optimized with the Yoast SEO plugin v27.3 - https:\/\/yoast.com\/product\/yoast-seo-wordpress\/ -->\n<title>Pavel N\u00fa\u00f1ez se presentar\u00e1 con su orquesta en Hard Rock SD - Sarmiento24h<\/title>\n<meta name=\"robots\" content=\"index, follow, max-snippet:-1, max-image-preview:large, max-video-preview:-1\" \/>\n<link rel=\"canonical\" href=\"https:\/\/sarmiento24h.com\/?p=4573\" \/>\n<meta property=\"og:locale\" content=\"es_ES\" \/>\n<meta property=\"og:type\" content=\"article\" \/>\n<meta property=\"og:title\" content=\"Pavel N\u00fa\u00f1ez se presentar\u00e1 con su orquesta en Hard Rock SD - Sarmiento24h\" \/>\n<meta property=\"og:description\" content=\"Pavel N\u00fa\u00f1ez SANTO DOMINGO.-&nbsp;El cantautor Pavel N\u00fa\u00f1ez&#046;&#046;&#046;\" \/>\n<meta property=\"og:url\" content=\"https:\/\/sarmiento24h.com\/?p=4573\" \/>\n<meta property=\"og:site_name\" content=\"Sarmiento24h\" \/>\n<meta property=\"article:publisher\" content=\"https:\/\/facebook.com\/s24hnoticias\" \/>\n<meta property=\"article:published_time\" content=\"2025-12-19T06:16:15+00:00\" \/>\n<meta property=\"og:image\" content=\"https:\/\/sarmiento24h.com\/wp-content\/uploads\/2025\/12\/pavel-nunez-se-presentara-con-su-orquesta-en-hard-rock-sd.jpg\" \/>\n\t<meta property=\"og:image:width\" content=\"1068\" \/>\n\t<meta property=\"og:image:height\" content=\"712\" \/>\n\t<meta property=\"og:image:type\" content=\"image\/jpeg\" \/>\n<meta name=\"author\" content=\"sarmiento24h@gmail.com\" \/>\n<meta name=\"twitter:card\" content=\"summary_large_image\" \/>\n<meta name=\"twitter:creator\" content=\"@sarmiento24h\" \/>\n<meta name=\"twitter:site\" content=\"@sarmiento24h\" \/>\n<meta name=\"twitter:label1\" content=\"Escrito por\" \/>\n\t<meta name=\"twitter:data1\" content=\"sarmiento24h@gmail.com\" \/>\n\t<meta name=\"twitter:label2\" content=\"Tiempo de lectura\" \/>\n\t<meta name=\"twitter:data2\" content=\"2 minutos\" \/>\n<script type=\"application\/ld+json\" class=\"yoast-schema-graph\">{\"@context\":\"https:\\\/\\\/schema.org\",\"@graph\":[{\"@type\":\"Article\",\"@id\":\"https:\\\/\\\/sarmiento24h.com\\\/?p=4573#article\",\"isPartOf\":{\"@id\":\"https:\\\/\\\/sarmiento24h.com\\\/?p=4573\"},\"author\":{\"name\":\"sarmiento24h@gmail.com\",\"@id\":\"https:\\\/\\\/sarmiento24h.com\\\/#\\\/schema\\\/person\\\/d653a59725ad629a7e0429af7b939d4d\"},\"headline\":\"Pavel N\u00fa\u00f1ez se presentar\u00e1 con su orquesta en Hard Rock SD\",\"datePublished\":\"2025-12-19T06:16:15+00:00\",\"mainEntityOfPage\":{\"@id\":\"https:\\\/\\\/sarmiento24h.com\\\/?p=4573\"},\"wordCount\":403,\"publisher\":{\"@id\":\"https:\\\/\\\/sarmiento24h.com\\\/#organization\"},\"image\":{\"@id\":\"https:\\\/\\\/sarmiento24h.com\\\/?p=4573#primaryimage\"},\"thumbnailUrl\":\"https:\\\/\\\/sarmiento24h.com\\\/wp-content\\\/uploads\\\/2025\\\/12\\\/pavel-nunez-se-presentara-con-su-orquesta-en-hard-rock-sd.jpg\",\"articleSection\":[\"Variedades\"],\"inLanguage\":\"es\"},{\"@type\":\"WebPage\",\"@id\":\"https:\\\/\\\/sarmiento24h.com\\\/?p=4573\",\"url\":\"https:\\\/\\\/sarmiento24h.com\\\/?p=4573\",\"name\":\"Pavel N\u00fa\u00f1ez se presentar\u00e1 con su orquesta en Hard Rock SD - Sarmiento24h\",\"isPartOf\":{\"@id\":\"https:\\\/\\\/sarmiento24h.com\\\/#website\"},\"primaryImageOfPage\":{\"@id\":\"https:\\\/\\\/sarmiento24h.com\\\/?p=4573#primaryimage\"},\"image\":{\"@id\":\"https:\\\/\\\/sarmiento24h.com\\\/?p=4573#primaryimage\"},\"thumbnailUrl\":\"https:\\\/\\\/sarmiento24h.com\\\/wp-content\\\/uploads\\\/2025\\\/12\\\/pavel-nunez-se-presentara-con-su-orquesta-en-hard-rock-sd.jpg\",\"datePublished\":\"2025-12-19T06:16:15+00:00\",\"breadcrumb\":{\"@id\":\"https:\\\/\\\/sarmiento24h.com\\\/?p=4573#breadcrumb\"},\"inLanguage\":\"es\",\"potentialAction\":[{\"@type\":\"ReadAction\",\"target\":[\"https:\\\/\\\/sarmiento24h.com\\\/?p=4573\"]}]},{\"@type\":\"ImageObject\",\"inLanguage\":\"es\",\"@id\":\"https:\\\/\\\/sarmiento24h.com\\\/?p=4573#primaryimage\",\"url\":\"https:\\\/\\\/sarmiento24h.com\\\/wp-content\\\/uploads\\\/2025\\\/12\\\/pavel-nunez-se-presentara-con-su-orquesta-en-hard-rock-sd.jpg\",\"contentUrl\":\"https:\\\/\\\/sarmiento24h.com\\\/wp-content\\\/uploads\\\/2025\\\/12\\\/pavel-nunez-se-presentara-con-su-orquesta-en-hard-rock-sd.jpg\",\"width\":1068,\"height\":712},{\"@type\":\"BreadcrumbList\",\"@id\":\"https:\\\/\\\/sarmiento24h.com\\\/?p=4573#breadcrumb\",\"itemListElement\":[{\"@type\":\"ListItem\",\"position\":1,\"name\":\"Home\",\"item\":\"https:\\\/\\\/sarmiento24h.com\\\/\"},{\"@type\":\"ListItem\",\"position\":2,\"name\":\"Pavel N\u00fa\u00f1ez se presentar\u00e1 con su orquesta en Hard Rock SD\"}]},{\"@type\":\"WebSite\",\"@id\":\"https:\\\/\\\/sarmiento24h.com\\\/#website\",\"url\":\"https:\\\/\\\/sarmiento24h.com\\\/\",\"name\":\"Sarmiento24h\",\"description\":\"\",\"publisher\":{\"@id\":\"https:\\\/\\\/sarmiento24h.com\\\/#organization\"},\"potentialAction\":[{\"@type\":\"SearchAction\",\"target\":{\"@type\":\"EntryPoint\",\"urlTemplate\":\"https:\\\/\\\/sarmiento24h.com\\\/?s={search_term_string}\"},\"query-input\":{\"@type\":\"PropertyValueSpecification\",\"valueRequired\":true,\"valueName\":\"search_term_string\"}}],\"inLanguage\":\"es\"},{\"@type\":\"Organization\",\"@id\":\"https:\\\/\\\/sarmiento24h.com\\\/#organization\",\"name\":\"Sarmiento24h\",\"url\":\"https:\\\/\\\/sarmiento24h.com\\\/\",\"logo\":{\"@type\":\"ImageObject\",\"inLanguage\":\"es\",\"@id\":\"https:\\\/\\\/sarmiento24h.com\\\/#\\\/schema\\\/logo\\\/image\\\/\",\"url\":\"https:\\\/\\\/sarmiento24h.com\\\/wp-content\\\/uploads\\\/2025\\\/12\\\/AddText_12-16-10.30.52.jpg\",\"contentUrl\":\"https:\\\/\\\/sarmiento24h.com\\\/wp-content\\\/uploads\\\/2025\\\/12\\\/AddText_12-16-10.30.52.jpg\",\"width\":1220,\"height\":324,\"caption\":\"Sarmiento24h\"},\"image\":{\"@id\":\"https:\\\/\\\/sarmiento24h.com\\\/#\\\/schema\\\/logo\\\/image\\\/\"},\"sameAs\":[\"https:\\\/\\\/facebook.com\\\/s24hnoticias\",\"https:\\\/\\\/x.com\\\/sarmiento24h\"]},{\"@type\":\"Person\",\"@id\":\"https:\\\/\\\/sarmiento24h.com\\\/#\\\/schema\\\/person\\\/d653a59725ad629a7e0429af7b939d4d\",\"name\":\"sarmiento24h@gmail.com\",\"image\":{\"@type\":\"ImageObject\",\"inLanguage\":\"es\",\"@id\":\"https:\\\/\\\/sarmiento24h.com\\\/wp-content\\\/litespeed\\\/avatar\\\/d02cbc4e23c747e6659cd45907173c8f.jpg?ver=1777157796\",\"url\":\"https:\\\/\\\/sarmiento24h.com\\\/wp-content\\\/litespeed\\\/avatar\\\/d02cbc4e23c747e6659cd45907173c8f.jpg?ver=1777157796\",\"contentUrl\":\"https:\\\/\\\/sarmiento24h.com\\\/wp-content\\\/litespeed\\\/avatar\\\/d02cbc4e23c747e6659cd45907173c8f.jpg?ver=1777157796\",\"caption\":\"sarmiento24h@gmail.com\"},\"sameAs\":[\"https:\\\/\\\/sarmiento24h.com\"],\"url\":\"https:\\\/\\\/sarmiento24h.com\\\/?author=1\"}]}<\/script>\n<!-- \/ Yoast SEO plugin. -->","yoast_head_json":{"title":"Pavel N\u00fa\u00f1ez se presentar\u00e1 con su orquesta en Hard Rock SD - Sarmiento24h","robots":{"index":"index","follow":"follow","max-snippet":"max-snippet:-1","max-image-preview":"max-image-preview:large","max-video-preview":"max-video-preview:-1"},"canonical":"https:\/\/sarmiento24h.com\/?p=4573","og_locale":"es_ES","og_type":"article","og_title":"Pavel N\u00fa\u00f1ez se presentar\u00e1 con su orquesta en Hard Rock SD - Sarmiento24h","og_description":"Pavel N\u00fa\u00f1ez SANTO DOMINGO.-&nbsp;El cantautor Pavel N\u00fa\u00f1ez&#46;&#46;&#46;","og_url":"https:\/\/sarmiento24h.com\/?p=4573","og_site_name":"Sarmiento24h","article_publisher":"https:\/\/facebook.com\/s24hnoticias","article_published_time":"2025-12-19T06:16:15+00:00","og_image":[{"width":1068,"height":712,"url":"https:\/\/sarmiento24h.com\/wp-content\/uploads\/2025\/12\/pavel-nunez-se-presentara-con-su-orquesta-en-hard-rock-sd.jpg","type":"image\/jpeg"}],"author":"sarmiento24h@gmail.com","twitter_card":"summary_large_image","twitter_creator":"@sarmiento24h","twitter_site":"@sarmiento24h","twitter_misc":{"Escrito por":"sarmiento24h@gmail.com","Tiempo de lectura":"2 minutos"},"schema":{"@context":"https:\/\/schema.org","@graph":[{"@type":"Article","@id":"https:\/\/sarmiento24h.com\/?p=4573#article","isPartOf":{"@id":"https:\/\/sarmiento24h.com\/?p=4573"},"author":{"name":"sarmiento24h@gmail.com","@id":"https:\/\/sarmiento24h.com\/#\/schema\/person\/d653a59725ad629a7e0429af7b939d4d"},"headline":"Pavel N\u00fa\u00f1ez se presentar\u00e1 con su orquesta en Hard Rock SD","datePublished":"2025-12-19T06:16:15+00:00","mainEntityOfPage":{"@id":"https:\/\/sarmiento24h.com\/?p=4573"},"wordCount":403,"publisher":{"@id":"https:\/\/sarmiento24h.com\/#organization"},"image":{"@id":"https:\/\/sarmiento24h.com\/?p=4573#primaryimage"},"thumbnailUrl":"https:\/\/sarmiento24h.com\/wp-content\/uploads\/2025\/12\/pavel-nunez-se-presentara-con-su-orquesta-en-hard-rock-sd.jpg","articleSection":["Variedades"],"inLanguage":"es"},{"@type":"WebPage","@id":"https:\/\/sarmiento24h.com\/?p=4573","url":"https:\/\/sarmiento24h.com\/?p=4573","name":"Pavel N\u00fa\u00f1ez se presentar\u00e1 con su orquesta en Hard Rock SD - Sarmiento24h","isPartOf":{"@id":"https:\/\/sarmiento24h.com\/#website"},"primaryImageOfPage":{"@id":"https:\/\/sarmiento24h.com\/?p=4573#primaryimage"},"image":{"@id":"https:\/\/sarmiento24h.com\/?p=4573#primaryimage"},"thumbnailUrl":"https:\/\/sarmiento24h.com\/wp-content\/uploads\/2025\/12\/pavel-nunez-se-presentara-con-su-orquesta-en-hard-rock-sd.jpg","datePublished":"2025-12-19T06:16:15+00:00","breadcrumb":{"@id":"https:\/\/sarmiento24h.com\/?p=4573#breadcrumb"},"inLanguage":"es","potentialAction":[{"@type":"ReadAction","target":["https:\/\/sarmiento24h.com\/?p=4573"]}]},{"@type":"ImageObject","inLanguage":"es","@id":"https:\/\/sarmiento24h.com\/?p=4573#primaryimage","url":"https:\/\/sarmiento24h.com\/wp-content\/uploads\/2025\/12\/pavel-nunez-se-presentara-con-su-orquesta-en-hard-rock-sd.jpg","contentUrl":"https:\/\/sarmiento24h.com\/wp-content\/uploads\/2025\/12\/pavel-nunez-se-presentara-con-su-orquesta-en-hard-rock-sd.jpg","width":1068,"height":712},{"@type":"BreadcrumbList","@id":"https:\/\/sarmiento24h.com\/?p=4573#breadcrumb","itemListElement":[{"@type":"ListItem","position":1,"name":"Home","item":"https:\/\/sarmiento24h.com\/"},{"@type":"ListItem","position":2,"name":"Pavel N\u00fa\u00f1ez se presentar\u00e1 con su orquesta en Hard Rock SD"}]},{"@type":"WebSite","@id":"https:\/\/sarmiento24h.com\/#website","url":"https:\/\/sarmiento24h.com\/","name":"Sarmiento24h","description":"","publisher":{"@id":"https:\/\/sarmiento24h.com\/#organization"},"potentialAction":[{"@type":"SearchAction","target":{"@type":"EntryPoint","urlTemplate":"https:\/\/sarmiento24h.com\/?s={search_term_string}"},"query-input":{"@type":"PropertyValueSpecification","valueRequired":true,"valueName":"search_term_string"}}],"inLanguage":"es"},{"@type":"Organization","@id":"https:\/\/sarmiento24h.com\/#organization","name":"Sarmiento24h","url":"https:\/\/sarmiento24h.com\/","logo":{"@type":"ImageObject","inLanguage":"es","@id":"https:\/\/sarmiento24h.com\/#\/schema\/logo\/image\/","url":"https:\/\/sarmiento24h.com\/wp-content\/uploads\/2025\/12\/AddText_12-16-10.30.52.jpg","contentUrl":"https:\/\/sarmiento24h.com\/wp-content\/uploads\/2025\/12\/AddText_12-16-10.30.52.jpg","width":1220,"height":324,"caption":"Sarmiento24h"},"image":{"@id":"https:\/\/sarmiento24h.com\/#\/schema\/logo\/image\/"},"sameAs":["https:\/\/facebook.com\/s24hnoticias","https:\/\/x.com\/sarmiento24h"]},{"@type":"Person","@id":"https:\/\/sarmiento24h.com\/#\/schema\/person\/d653a59725ad629a7e0429af7b939d4d","name":"sarmiento24h@gmail.com","image":{"@type":"ImageObject","inLanguage":"es","@id":"https:\/\/sarmiento24h.com\/wp-content\/litespeed\/avatar\/d02cbc4e23c747e6659cd45907173c8f.jpg?ver=1777157796","url":"https:\/\/sarmiento24h.com\/wp-content\/litespeed\/avatar\/d02cbc4e23c747e6659cd45907173c8f.jpg?ver=1777157796","contentUrl":"https:\/\/sarmiento24h.com\/wp-content\/litespeed\/avatar\/d02cbc4e23c747e6659cd45907173c8f.jpg?ver=1777157796","caption":"sarmiento24h@gmail.com"},"sameAs":["https:\/\/sarmiento24h.com"],"url":"https:\/\/sarmiento24h.com\/?author=1"}]}},"jetpack_publicize_connections":[],"jetpack_featured_media_url":"https:\/\/sarmiento24h.com\/wp-content\/uploads\/2025\/12\/pavel-nunez-se-presentara-con-su-orquesta-en-hard-rock-sd.jpg","jetpack_sharing_enabled":true,"_links":{"self":[{"href":"https:\/\/sarmiento24h.com\/index.php?rest_route=\/wp\/v2\/posts\/4573","targetHints":{"allow":["GET"]}}],"collection":[{"href":"https:\/\/sarmiento24h.com\/index.php?rest_route=\/wp\/v2\/posts"}],"about":[{"href":"https:\/\/sarmiento24h.com\/index.php?rest_route=\/wp\/v2\/types\/post"}],"author":[{"embeddable":true,"href":"https:\/\/sarmiento24h.com\/index.php?rest_route=\/wp\/v2\/users\/1"}],"replies":[{"embeddable":true,"href":"https:\/\/sarmiento24h.com\/index.php?rest_route=%2Fwp%2Fv2%2Fcomments&post=4573"}],"version-history":[{"count":0,"href":"https:\/\/sarmiento24h.com\/index.php?rest_route=\/wp\/v2\/posts\/4573\/revisions"}],"wp:featuredmedia":[{"embeddable":true,"href":"https:\/\/sarmiento24h.com\/index.php?rest_route=\/wp\/v2\/media\/4574"}],"wp:attachment":[{"href":"https:\/\/sarmiento24h.com\/index.php?rest_route=%2Fwp%2Fv2%2Fmedia&parent=4573"}],"wp:term":[{"taxonomy":"category","embeddable":true,"href":"https:\/\/sarmiento24h.com\/index.php?rest_route=%2Fwp%2Fv2%2Fcategories&post=4573"},{"taxonomy":"post_tag","embeddable":true,"href":"https:\/\/sarmiento24h.com\/index.php?rest_route=%2Fwp%2Fv2%2Ftags&post=4573"}],"curies":[{"name":"wp","href":"https:\/\/api.w.org\/{rel}","templated":true}]}}