{"id":4594,"date":"2025-12-19T14:36:05","date_gmt":"2025-12-19T14:36:05","guid":{"rendered":"http:\/\/almomento.net\/?p=1086794"},"modified":"2025-12-19T14:36:05","modified_gmt":"2025-12-19T14:36:05","slug":"la-guerra-comercial-comienza-a-pasarle-factura-a-donald-trump","status":"publish","type":"post","link":"https:\/\/sarmiento24h.com\/?p=4594","title":{"rendered":"La guerra comercial comienza a pasarle factura a Donald Trump"},"content":{"rendered":"<p><!-- .entry-header --> <\/p>\n<div class=\"img_center\"> <a href=\"https:\/\/almomento.net\/wp-content\/uploads\/2025\/12\/AA1SCEgt.jpg\" alt=\"La guerra comercial comienza a pasarle factura a Donald Trump\" title=\"La guerra comercial comienza a pasarle factura a Donald Trump\" data-toggle=\"lightbox\" class=\"thickbox\"><img decoding=\"async\" src=\"https:\/\/almomento.net\/wp-content\/uploads\/2025\/12\/AA1SCEgt.jpg\" class=\"attachment-post-thumbnail size-post-thumbnail wp-post-image\" alt=\"imagen\" title=\"La guerra comercial comienza a pasarle factura a Donald Trump\" data-toggle data-title=\"La guerra comercial comienza a pasarle factura a Donald Trump\"><\/a><\/p>\n<p>Donald Trump<\/p>\n<\/p><\/div>\n<p class=\"_aupe copyable-text x15bjb6t x1n2onr6\"><span class=\"_aupe copyable-text xkrh14z\">WASHINGTON.- La guerra comercial iniciada en abril pasado por Estados Unidos -hasta ahora el gran pilar de la apuesta econ\u00f3mica del presidente Donald Trump desde su retorno a la Casa Blanca-, ha deparado un a\u00f1o de incertidumbre para mercados y empresas y da\u00f1ado el poder adquisitivo de los estadounidenses, lo que ya tiene un coste pol\u00edtico para el l\u00edder republicano.<\/span><\/p>\n<p class=\"_aupe copyable-text x15bjb6t x1n2onr6\"><span class=\"_aupe copyable-text xkrh14z\">Trump, que ya hab\u00eda dedicado parte importante de su primer mandato (2017-2021) a implementar las propuestas proteccionistas del hoy consejero de comercio y manufactura Peter Navarro, anunci\u00f3 el pasado 2 de abril un arancel generalizado del 10 % y unos porcentajes adicionales, especialmente copiosos para aquellos pa\u00edses que ten\u00edan un gran super\u00e1vit comercial con EE.UU.<\/span><\/p>\n<p class=\"_aupe copyable-text x15bjb6t x1n2onr6\"><span class=\"_aupe copyable-text xkrh14z\">Con el paso de los meses, varias de las mayores econom\u00edas del mundo, desde Jap\u00f3n a la Uni\u00f3n Europea (UE), lograron acordar marcos con Washington que redujeron esos grav\u00e1menes hasta dejarlos lo m\u00e1s cerca posible del 10 %, no sin antes realizar importantes concesiones que han contribuido a erosionar unos lazos diplom\u00e1ticos sobre los que se apoyan buena parte de las relaciones econ\u00f3micas con EE.UU.<\/span><\/p>\n<p class=\"_aupe copyable-text x15bjb6t x1n2onr6\"><span class=\"_aupe copyable-text xkrh14z\">Con China, con quien Trump ya mantuvo un conflicto comercial en su primer mandato que qued\u00f3 parcialmente desactivado con el acuerdo de fase uno de 2020, la situaci\u00f3n sigui\u00f3 un derrotero distinto, ya que el 34 % de imposici\u00f3n que Washington anunci\u00f3 el 2 de abril fue en seguida replicado por Pek\u00edn.<\/span><\/p>\n<p class=\"_aupe copyable-text x15bjb6t x1n2onr6\"><span class=\"_aupe copyable-text xkrh14z\">Esto depar\u00f3 una escalada en la que EE.UU. lleg\u00f3 a implementar hasta un 145% de aranceles sobre bienes chinos importados, mientras que el gigante asi\u00e1tico lleg\u00f3 a situar el gravamen en un 125% sobre importaciones estadounidenses.<\/span><\/p>\n<p class=\"_aupe copyable-text x15bjb6t x1n2onr6\"><span class=\"_aupe copyable-text xkrh14z\">A partir de octubre, y tras una esperada reuni\u00f3n entre Trump y el presidente chino Xi Jinping, la primera y segunda econom\u00eda mundial alcanzan un acuerdo marco que incluye una tregua arancelaria y que actualmente sit\u00faa el gravamen promedio estadounidense para productos chinos entre el 29 y el 48 % y el volumen con el que Pek\u00edn grava las mercanc\u00edas estadounidenses rondando el 30\u201335%.<\/span><\/p>\n<p class=\"_aupe copyable-text x15bjb6t x1n2onr6\"><span class=\"_aupe copyable-text xkrh14z\">La refriega Washington-Pek\u00edn est\u00e1 ahora en una fase que se considera \u00abcongelada\u00bb, pero lejos de una resoluci\u00f3n y contin\u00faa deparando, seg\u00fan organismos internacionales o bancos centrales, menor crecimiento, mayor inflaci\u00f3n o configuraciones de las cadenas de suministro global muy ineficientes.<\/span><\/p>\n<p class=\"_aupe copyable-text x15bjb6t x1n2onr6\"><strong><span class=\"_aupe copyable-text xkrh14z\">ARANCELES COMO HERRAMIENTA POLITICA<\/span><\/strong><\/p>\n<p class=\"_aupe copyable-text x15bjb6t x1n2onr6\"><span class=\"_aupe copyable-text xkrh14z\">Los argumentos de la Casa Blanca para activar impuestos aduaneros han ido m\u00e1s all\u00e1 de lo puramente econ\u00f3mico y han sido usados abiertamente como herramienta de presi\u00f3n pol\u00edtica, desde los impuestos por el tr\u00e1fico de fentanilo a China, M\u00e9xico y Canad\u00e1, al 25 % adicional con el que EE.UU. castiga a India por comprar crudo ruso o el 40 % suplementario que lleg\u00f3 a soportar Brasil como represalia por el procesamiento del expresidente Jair Bolsonaro, aliado de Trump.<\/span><\/p>\n<p class=\"_aupe copyable-text x15bjb6t x1n2onr6\"><span class=\"_aupe copyable-text xkrh14z\">Aunque el reciente acercamiento entre el presidente de Brasil, Luiz In\u00e1cio Lula da Silva, y Trump ha desactivado los castigos arancelarios sobre la mayor econom\u00eda de Latinoam\u00e9rica, a nadie se le escapa que el alivio en los grav\u00e1menes viene dado tambi\u00e9n por la persistente inflaci\u00f3n que ha provocado en EE.UU. la guerra comercial.<\/span><\/p>\n<p class=\"_aupe copyable-text x15bjb6t x1n2onr6\"><span class=\"_aupe copyable-text xkrh14z\">La semana pasada, el presidente de la Reserva Federal (Fed) de Estados Unidos, Jerome Powell, dijo ya sin atisbo de duda que los aranceles est\u00e1n detr\u00e1s de la subida de precios que en la primera econom\u00eda mundial se mantiene persistentemente en torno al 3 % .<\/span><\/p>\n<p class=\"_aupe copyable-text x15bjb6t x1n2onr6\"><span class=\"_aupe copyable-text xkrh14z\">Tambi\u00e9n dijo que elloe contribuye a castigar el bolsillo de los estadounidenses, que en varias elecciones a nivel estatal o municipal celebradas desde noviembre ya han penalizado a Trump en las urnas por ello.<\/span><\/p>\n<p class=\"_aupe copyable-text x15bjb6t x1n2onr6\"><strong><span class=\"_aupe copyable-text xkrh14z\">REBAJAS A SOCIOS LATINOAMERICANOS<\/span><\/strong><\/p>\n<p class=\"_aupe copyable-text x15bjb6t x1n2onr6\"><span class=\"_aupe copyable-text xkrh14z\">As\u00ed, en las \u00faltimas semanas, a las rebajas de aranceles al vacuno, el caf\u00e9 o las frutas de Brasil, se han unido varios recortes similares a alimentos b\u00e1sicos procedentes de pa\u00edses latinoamericanos considerados pol\u00edticamente afines por la actual Administraci\u00f3n estadounidense, como Argentina, El Salvador, Ecuador o Guatemala.<\/span><\/p>\n<p class=\"_aupe copyable-text x15bjb6t x1n2onr6\"><span class=\"_aupe copyable-text xkrh14z\">Todo para intentar contener los precios en la cesta de la compra.<\/span><\/p>\n<p class=\"_aupe copyable-text x15bjb6t x1n2onr6\"><span class=\"_aupe copyable-text xkrh14z\">En este tramo final de a\u00f1o, el aumento del coste de la vida se ha convertido en el principal caballo de batalla de cara a las elecciones de medio mandato de noviembre del a\u00f1o pr\u00f3ximo, lo cual pone al Gobierno Trump en una situaci\u00f3n delicada en lo que se refiere a su pol\u00edtica comercial proteccionista.<\/span><\/p>\n<p class=\"_aupe copyable-text x15bjb6t x1n2onr6\"><span class=\"_aupe copyable-text xkrh14z\">A esto se suma un escenario potencialmente ca\u00f3tico en caso de que el Tribunal Supremo considere que la mayor parte de los aranceles que el magnate neoyorquino activ\u00f3 desde su vuelta al poder se implementaron de manera ilegal, lo que obligar\u00eda a Washington a devolver a los entes exportadores cantidades que seg\u00fan diferentes estimaciones oscilan entre los 140.000 millones y el bill\u00f3n de d\u00f3lares.<\/span><\/p>\n<p>jt-am<\/p>\n<div class=\"heateor_sss_sharing_container heateor_sss_horizontal_sharing\" data-heateor-sss-href=\"https:\/\/almomento.net\/la-guerra-comercial-comienza-a-pasarle-factura-a-donald-trump\/\" readability=\"7\">\n<p>Comp\u00e1rtelo en tus redes:<\/p>\n<\/div>\n<p> <!-- 468x60 --><br \/>\n<ins class=\"adsbygoogle\" data-ad-client=\"ca-pub-3511341636159665\" data-ad-slot=\"3538255450\"><\/ins> <!-- .entry-content --> <\/p>\n","protected":false},"excerpt":{"rendered":"<p>Donald Trump WASHINGTON.- La guerra comercial iniciada&#46;&#46;&#46;<\/p>\n","protected":false},"author":1,"featured_media":4595,"comment_status":"closed","ping_status":"closed","sticky":false,"template":"","format":"standard","meta":{"_jetpack_memberships_contains_paid_content":false,"footnotes":"","jetpack_publicize_message":"","jetpack_publicize_feature_enabled":true,"jetpack_social_post_already_shared":false,"jetpack_social_options":{"image_generator_settings":{"template":"highway","default_image_id":0,"font":"","enabled":false},"version":2}},"categories":[69],"tags":[],"class_list":["post-4594","post","type-post","status-publish","format-standard","has-post-thumbnail","hentry","category-portada"],"yoast_head":"<!-- This site is optimized with the Yoast SEO plugin v27.3 - https:\/\/yoast.com\/product\/yoast-seo-wordpress\/ -->\n<title>La guerra comercial comienza a pasarle factura a Donald Trump - Sarmiento24h<\/title>\n<meta name=\"robots\" content=\"index, follow, max-snippet:-1, max-image-preview:large, max-video-preview:-1\" \/>\n<link rel=\"canonical\" href=\"https:\/\/sarmiento24h.com\/?p=4594\" \/>\n<meta property=\"og:locale\" content=\"es_ES\" \/>\n<meta property=\"og:type\" content=\"article\" \/>\n<meta property=\"og:title\" content=\"La guerra comercial comienza a pasarle factura a Donald Trump - Sarmiento24h\" \/>\n<meta property=\"og:description\" content=\"Donald Trump WASHINGTON.- La guerra comercial iniciada&#046;&#046;&#046;\" \/>\n<meta property=\"og:url\" content=\"https:\/\/sarmiento24h.com\/?p=4594\" \/>\n<meta property=\"og:site_name\" content=\"Sarmiento24h\" \/>\n<meta property=\"article:publisher\" content=\"https:\/\/facebook.com\/s24hnoticias\" \/>\n<meta property=\"article:published_time\" content=\"2025-12-19T14:36:05+00:00\" \/>\n<meta property=\"og:image\" content=\"https:\/\/sarmiento24h.com\/wp-content\/uploads\/2025\/12\/la-guerra-comercial-comienza-a-pasarle-factura-a-donald-trump.jpg\" \/>\n\t<meta property=\"og:image:width\" content=\"768\" \/>\n\t<meta property=\"og:image:height\" content=\"512\" \/>\n\t<meta property=\"og:image:type\" content=\"image\/jpeg\" \/>\n<meta name=\"author\" content=\"sarmiento24h@gmail.com\" \/>\n<meta name=\"twitter:card\" content=\"summary_large_image\" \/>\n<meta name=\"twitter:creator\" content=\"@sarmiento24h\" \/>\n<meta name=\"twitter:site\" content=\"@sarmiento24h\" \/>\n<meta name=\"twitter:label1\" content=\"Escrito por\" \/>\n\t<meta name=\"twitter:data1\" content=\"sarmiento24h@gmail.com\" \/>\n\t<meta name=\"twitter:label2\" content=\"Tiempo de lectura\" \/>\n\t<meta name=\"twitter:data2\" content=\"4 minutos\" \/>\n<script type=\"application\/ld+json\" class=\"yoast-schema-graph\">{\"@context\":\"https:\\\/\\\/schema.org\",\"@graph\":[{\"@type\":\"Article\",\"@id\":\"https:\\\/\\\/sarmiento24h.com\\\/?p=4594#article\",\"isPartOf\":{\"@id\":\"https:\\\/\\\/sarmiento24h.com\\\/?p=4594\"},\"author\":{\"name\":\"sarmiento24h@gmail.com\",\"@id\":\"https:\\\/\\\/sarmiento24h.com\\\/#\\\/schema\\\/person\\\/d653a59725ad629a7e0429af7b939d4d\"},\"headline\":\"La guerra comercial comienza a pasarle factura a Donald Trump\",\"datePublished\":\"2025-12-19T14:36:05+00:00\",\"mainEntityOfPage\":{\"@id\":\"https:\\\/\\\/sarmiento24h.com\\\/?p=4594\"},\"wordCount\":830,\"publisher\":{\"@id\":\"https:\\\/\\\/sarmiento24h.com\\\/#organization\"},\"image\":{\"@id\":\"https:\\\/\\\/sarmiento24h.com\\\/?p=4594#primaryimage\"},\"thumbnailUrl\":\"https:\\\/\\\/sarmiento24h.com\\\/wp-content\\\/uploads\\\/2025\\\/12\\\/la-guerra-comercial-comienza-a-pasarle-factura-a-donald-trump.jpg\",\"articleSection\":[\"Portada\"],\"inLanguage\":\"es\"},{\"@type\":\"WebPage\",\"@id\":\"https:\\\/\\\/sarmiento24h.com\\\/?p=4594\",\"url\":\"https:\\\/\\\/sarmiento24h.com\\\/?p=4594\",\"name\":\"La guerra comercial comienza a pasarle factura a Donald Trump - Sarmiento24h\",\"isPartOf\":{\"@id\":\"https:\\\/\\\/sarmiento24h.com\\\/#website\"},\"primaryImageOfPage\":{\"@id\":\"https:\\\/\\\/sarmiento24h.com\\\/?p=4594#primaryimage\"},\"image\":{\"@id\":\"https:\\\/\\\/sarmiento24h.com\\\/?p=4594#primaryimage\"},\"thumbnailUrl\":\"https:\\\/\\\/sarmiento24h.com\\\/wp-content\\\/uploads\\\/2025\\\/12\\\/la-guerra-comercial-comienza-a-pasarle-factura-a-donald-trump.jpg\",\"datePublished\":\"2025-12-19T14:36:05+00:00\",\"breadcrumb\":{\"@id\":\"https:\\\/\\\/sarmiento24h.com\\\/?p=4594#breadcrumb\"},\"inLanguage\":\"es\",\"potentialAction\":[{\"@type\":\"ReadAction\",\"target\":[\"https:\\\/\\\/sarmiento24h.com\\\/?p=4594\"]}]},{\"@type\":\"ImageObject\",\"inLanguage\":\"es\",\"@id\":\"https:\\\/\\\/sarmiento24h.com\\\/?p=4594#primaryimage\",\"url\":\"https:\\\/\\\/sarmiento24h.com\\\/wp-content\\\/uploads\\\/2025\\\/12\\\/la-guerra-comercial-comienza-a-pasarle-factura-a-donald-trump.jpg\",\"contentUrl\":\"https:\\\/\\\/sarmiento24h.com\\\/wp-content\\\/uploads\\\/2025\\\/12\\\/la-guerra-comercial-comienza-a-pasarle-factura-a-donald-trump.jpg\",\"width\":768,\"height\":512},{\"@type\":\"BreadcrumbList\",\"@id\":\"https:\\\/\\\/sarmiento24h.com\\\/?p=4594#breadcrumb\",\"itemListElement\":[{\"@type\":\"ListItem\",\"position\":1,\"name\":\"Home\",\"item\":\"https:\\\/\\\/sarmiento24h.com\\\/\"},{\"@type\":\"ListItem\",\"position\":2,\"name\":\"La guerra comercial comienza a pasarle factura a Donald Trump\"}]},{\"@type\":\"WebSite\",\"@id\":\"https:\\\/\\\/sarmiento24h.com\\\/#website\",\"url\":\"https:\\\/\\\/sarmiento24h.com\\\/\",\"name\":\"Sarmiento24h\",\"description\":\"\",\"publisher\":{\"@id\":\"https:\\\/\\\/sarmiento24h.com\\\/#organization\"},\"potentialAction\":[{\"@type\":\"SearchAction\",\"target\":{\"@type\":\"EntryPoint\",\"urlTemplate\":\"https:\\\/\\\/sarmiento24h.com\\\/?s={search_term_string}\"},\"query-input\":{\"@type\":\"PropertyValueSpecification\",\"valueRequired\":true,\"valueName\":\"search_term_string\"}}],\"inLanguage\":\"es\"},{\"@type\":\"Organization\",\"@id\":\"https:\\\/\\\/sarmiento24h.com\\\/#organization\",\"name\":\"Sarmiento24h\",\"url\":\"https:\\\/\\\/sarmiento24h.com\\\/\",\"logo\":{\"@type\":\"ImageObject\",\"inLanguage\":\"es\",\"@id\":\"https:\\\/\\\/sarmiento24h.com\\\/#\\\/schema\\\/logo\\\/image\\\/\",\"url\":\"https:\\\/\\\/sarmiento24h.com\\\/wp-content\\\/uploads\\\/2025\\\/12\\\/AddText_12-16-10.30.52.jpg\",\"contentUrl\":\"https:\\\/\\\/sarmiento24h.com\\\/wp-content\\\/uploads\\\/2025\\\/12\\\/AddText_12-16-10.30.52.jpg\",\"width\":1220,\"height\":324,\"caption\":\"Sarmiento24h\"},\"image\":{\"@id\":\"https:\\\/\\\/sarmiento24h.com\\\/#\\\/schema\\\/logo\\\/image\\\/\"},\"sameAs\":[\"https:\\\/\\\/facebook.com\\\/s24hnoticias\",\"https:\\\/\\\/x.com\\\/sarmiento24h\"]},{\"@type\":\"Person\",\"@id\":\"https:\\\/\\\/sarmiento24h.com\\\/#\\\/schema\\\/person\\\/d653a59725ad629a7e0429af7b939d4d\",\"name\":\"sarmiento24h@gmail.com\",\"image\":{\"@type\":\"ImageObject\",\"inLanguage\":\"es\",\"@id\":\"https:\\\/\\\/sarmiento24h.com\\\/wp-content\\\/litespeed\\\/avatar\\\/d02cbc4e23c747e6659cd45907173c8f.jpg?ver=1777157796\",\"url\":\"https:\\\/\\\/sarmiento24h.com\\\/wp-content\\\/litespeed\\\/avatar\\\/d02cbc4e23c747e6659cd45907173c8f.jpg?ver=1777157796\",\"contentUrl\":\"https:\\\/\\\/sarmiento24h.com\\\/wp-content\\\/litespeed\\\/avatar\\\/d02cbc4e23c747e6659cd45907173c8f.jpg?ver=1777157796\",\"caption\":\"sarmiento24h@gmail.com\"},\"sameAs\":[\"https:\\\/\\\/sarmiento24h.com\"],\"url\":\"https:\\\/\\\/sarmiento24h.com\\\/?author=1\"}]}<\/script>\n<!-- \/ Yoast SEO plugin. -->","yoast_head_json":{"title":"La guerra comercial comienza a pasarle factura a Donald Trump - Sarmiento24h","robots":{"index":"index","follow":"follow","max-snippet":"max-snippet:-1","max-image-preview":"max-image-preview:large","max-video-preview":"max-video-preview:-1"},"canonical":"https:\/\/sarmiento24h.com\/?p=4594","og_locale":"es_ES","og_type":"article","og_title":"La guerra comercial comienza a pasarle factura a Donald Trump - Sarmiento24h","og_description":"Donald Trump WASHINGTON.- La guerra comercial iniciada&#46;&#46;&#46;","og_url":"https:\/\/sarmiento24h.com\/?p=4594","og_site_name":"Sarmiento24h","article_publisher":"https:\/\/facebook.com\/s24hnoticias","article_published_time":"2025-12-19T14:36:05+00:00","og_image":[{"width":768,"height":512,"url":"https:\/\/sarmiento24h.com\/wp-content\/uploads\/2025\/12\/la-guerra-comercial-comienza-a-pasarle-factura-a-donald-trump.jpg","type":"image\/jpeg"}],"author":"sarmiento24h@gmail.com","twitter_card":"summary_large_image","twitter_creator":"@sarmiento24h","twitter_site":"@sarmiento24h","twitter_misc":{"Escrito por":"sarmiento24h@gmail.com","Tiempo de lectura":"4 minutos"},"schema":{"@context":"https:\/\/schema.org","@graph":[{"@type":"Article","@id":"https:\/\/sarmiento24h.com\/?p=4594#article","isPartOf":{"@id":"https:\/\/sarmiento24h.com\/?p=4594"},"author":{"name":"sarmiento24h@gmail.com","@id":"https:\/\/sarmiento24h.com\/#\/schema\/person\/d653a59725ad629a7e0429af7b939d4d"},"headline":"La guerra comercial comienza a pasarle factura a Donald Trump","datePublished":"2025-12-19T14:36:05+00:00","mainEntityOfPage":{"@id":"https:\/\/sarmiento24h.com\/?p=4594"},"wordCount":830,"publisher":{"@id":"https:\/\/sarmiento24h.com\/#organization"},"image":{"@id":"https:\/\/sarmiento24h.com\/?p=4594#primaryimage"},"thumbnailUrl":"https:\/\/sarmiento24h.com\/wp-content\/uploads\/2025\/12\/la-guerra-comercial-comienza-a-pasarle-factura-a-donald-trump.jpg","articleSection":["Portada"],"inLanguage":"es"},{"@type":"WebPage","@id":"https:\/\/sarmiento24h.com\/?p=4594","url":"https:\/\/sarmiento24h.com\/?p=4594","name":"La guerra comercial comienza a pasarle factura a Donald Trump - Sarmiento24h","isPartOf":{"@id":"https:\/\/sarmiento24h.com\/#website"},"primaryImageOfPage":{"@id":"https:\/\/sarmiento24h.com\/?p=4594#primaryimage"},"image":{"@id":"https:\/\/sarmiento24h.com\/?p=4594#primaryimage"},"thumbnailUrl":"https:\/\/sarmiento24h.com\/wp-content\/uploads\/2025\/12\/la-guerra-comercial-comienza-a-pasarle-factura-a-donald-trump.jpg","datePublished":"2025-12-19T14:36:05+00:00","breadcrumb":{"@id":"https:\/\/sarmiento24h.com\/?p=4594#breadcrumb"},"inLanguage":"es","potentialAction":[{"@type":"ReadAction","target":["https:\/\/sarmiento24h.com\/?p=4594"]}]},{"@type":"ImageObject","inLanguage":"es","@id":"https:\/\/sarmiento24h.com\/?p=4594#primaryimage","url":"https:\/\/sarmiento24h.com\/wp-content\/uploads\/2025\/12\/la-guerra-comercial-comienza-a-pasarle-factura-a-donald-trump.jpg","contentUrl":"https:\/\/sarmiento24h.com\/wp-content\/uploads\/2025\/12\/la-guerra-comercial-comienza-a-pasarle-factura-a-donald-trump.jpg","width":768,"height":512},{"@type":"BreadcrumbList","@id":"https:\/\/sarmiento24h.com\/?p=4594#breadcrumb","itemListElement":[{"@type":"ListItem","position":1,"name":"Home","item":"https:\/\/sarmiento24h.com\/"},{"@type":"ListItem","position":2,"name":"La guerra comercial comienza a pasarle factura a Donald Trump"}]},{"@type":"WebSite","@id":"https:\/\/sarmiento24h.com\/#website","url":"https:\/\/sarmiento24h.com\/","name":"Sarmiento24h","description":"","publisher":{"@id":"https:\/\/sarmiento24h.com\/#organization"},"potentialAction":[{"@type":"SearchAction","target":{"@type":"EntryPoint","urlTemplate":"https:\/\/sarmiento24h.com\/?s={search_term_string}"},"query-input":{"@type":"PropertyValueSpecification","valueRequired":true,"valueName":"search_term_string"}}],"inLanguage":"es"},{"@type":"Organization","@id":"https:\/\/sarmiento24h.com\/#organization","name":"Sarmiento24h","url":"https:\/\/sarmiento24h.com\/","logo":{"@type":"ImageObject","inLanguage":"es","@id":"https:\/\/sarmiento24h.com\/#\/schema\/logo\/image\/","url":"https:\/\/sarmiento24h.com\/wp-content\/uploads\/2025\/12\/AddText_12-16-10.30.52.jpg","contentUrl":"https:\/\/sarmiento24h.com\/wp-content\/uploads\/2025\/12\/AddText_12-16-10.30.52.jpg","width":1220,"height":324,"caption":"Sarmiento24h"},"image":{"@id":"https:\/\/sarmiento24h.com\/#\/schema\/logo\/image\/"},"sameAs":["https:\/\/facebook.com\/s24hnoticias","https:\/\/x.com\/sarmiento24h"]},{"@type":"Person","@id":"https:\/\/sarmiento24h.com\/#\/schema\/person\/d653a59725ad629a7e0429af7b939d4d","name":"sarmiento24h@gmail.com","image":{"@type":"ImageObject","inLanguage":"es","@id":"https:\/\/sarmiento24h.com\/wp-content\/litespeed\/avatar\/d02cbc4e23c747e6659cd45907173c8f.jpg?ver=1777157796","url":"https:\/\/sarmiento24h.com\/wp-content\/litespeed\/avatar\/d02cbc4e23c747e6659cd45907173c8f.jpg?ver=1777157796","contentUrl":"https:\/\/sarmiento24h.com\/wp-content\/litespeed\/avatar\/d02cbc4e23c747e6659cd45907173c8f.jpg?ver=1777157796","caption":"sarmiento24h@gmail.com"},"sameAs":["https:\/\/sarmiento24h.com"],"url":"https:\/\/sarmiento24h.com\/?author=1"}]}},"jetpack_publicize_connections":[],"jetpack_featured_media_url":"https:\/\/sarmiento24h.com\/wp-content\/uploads\/2025\/12\/la-guerra-comercial-comienza-a-pasarle-factura-a-donald-trump.jpg","jetpack_sharing_enabled":true,"_links":{"self":[{"href":"https:\/\/sarmiento24h.com\/index.php?rest_route=\/wp\/v2\/posts\/4594","targetHints":{"allow":["GET"]}}],"collection":[{"href":"https:\/\/sarmiento24h.com\/index.php?rest_route=\/wp\/v2\/posts"}],"about":[{"href":"https:\/\/sarmiento24h.com\/index.php?rest_route=\/wp\/v2\/types\/post"}],"author":[{"embeddable":true,"href":"https:\/\/sarmiento24h.com\/index.php?rest_route=\/wp\/v2\/users\/1"}],"replies":[{"embeddable":true,"href":"https:\/\/sarmiento24h.com\/index.php?rest_route=%2Fwp%2Fv2%2Fcomments&post=4594"}],"version-history":[{"count":0,"href":"https:\/\/sarmiento24h.com\/index.php?rest_route=\/wp\/v2\/posts\/4594\/revisions"}],"wp:featuredmedia":[{"embeddable":true,"href":"https:\/\/sarmiento24h.com\/index.php?rest_route=\/wp\/v2\/media\/4595"}],"wp:attachment":[{"href":"https:\/\/sarmiento24h.com\/index.php?rest_route=%2Fwp%2Fv2%2Fmedia&parent=4594"}],"wp:term":[{"taxonomy":"category","embeddable":true,"href":"https:\/\/sarmiento24h.com\/index.php?rest_route=%2Fwp%2Fv2%2Fcategories&post=4594"},{"taxonomy":"post_tag","embeddable":true,"href":"https:\/\/sarmiento24h.com\/index.php?rest_route=%2Fwp%2Fv2%2Ftags&post=4594"}],"curies":[{"name":"wp","href":"https:\/\/api.w.org\/{rel}","templated":true}]}}