{"id":4861,"date":"2025-12-22T04:16:48","date_gmt":"2025-12-22T04:16:48","guid":{"rendered":"http:\/\/almomento.net\/?p=1087201"},"modified":"2025-12-22T04:16:48","modified_gmt":"2025-12-22T04:16:48","slug":"anuncian-desfile-un-principe-de-navidad-en-santiago","status":"publish","type":"post","link":"https:\/\/sarmiento24h.com\/?p=4861","title":{"rendered":"Anuncian desfile \u201cUn Pr\u00edncipe de Navidad\u201d en Santiago"},"content":{"rendered":"<p><!-- .entry-header --> <\/p>\n<div class=\"img_center\" readability=\"7\"> <a href=\"https:\/\/almomento.net\/wp-content\/uploads\/2025\/12\/El-arquitecto-Mauricio-Garcia-ofrece-los-detalles.jpg\" alt=\"Anuncian desfile \u201cUn Pr\u00edncipe de Navidad\u201d en Santiago\" title=\"Anuncian desfile \u201cUn Pr\u00edncipe de Navidad\u201d en Santiago\" data-toggle=\"lightbox\" class=\"thickbox\"><img decoding=\"async\" src=\"https:\/\/almomento.net\/wp-content\/uploads\/2025\/12\/El-arquitecto-Mauricio-Garcia-ofrece-los-detalles.jpg\" class=\"attachment-post-thumbnail size-post-thumbnail wp-post-image\" alt=\"imagen\" title=\"Anuncian desfile \u201cUn Pr\u00edncipe de Navidad\u201d en Santiago\" data-toggle data-title=\"Anuncian desfile \u201cUn Pr\u00edncipe de Navidad\u201d en Santiago\"><\/a><\/p>\n<p>Mauricio Garc\u00eda ofrece los detalles..<\/p>\n<\/p><\/div>\n<p><span>SANTIAGO DE LOS CABALLEROS. \u2014 Este 25 de diciembre, Santiago vivir\u00e1 un acontecimiento hist\u00f3rico con la realizaci\u00f3n del primer gran desfile navide\u00f1o de la Rep\u00fablica Dominicana, \u201cUn Pr\u00edncipe de Navidad\u201d, un evento sin precedentes que llenar\u00e1 las principales v\u00edas del casco urbano de la Ciudad Coraz\u00f3n.&nbsp;<\/span><\/p>\n<p><span>Luces, color, personajes de Navidad y mucha alegr\u00eda se vivir\u00e1 el pr\u00f3ximo 25 de diciembre desde las 4:00 de la tarde hasta las 7:00 de la noche.&nbsp;<\/span><\/p>\n<p><span>El desfile, que ser\u00e1 transmitido en vivo por Teleuniverso Canal 29 y Full 94.1 FM, se desarrollar\u00e1 bajo la producci\u00f3n de Mauricio Garc\u00eda, y est\u00e1 concebido como un espect\u00e1culo familiar de alto nivel, inspirado en los grandes desfiles navide\u00f1os del mundo, con la visi\u00f3n de convertirse en una tradici\u00f3n anual para el pa\u00eds.&nbsp;<\/span><\/p>\n<p><span>Este gran evento tiene como prop\u00f3sito rescatar y celebrar las tradiciones navide\u00f1as dominicanas a trav\u00e9s de la m\u00fasica, el arte y el color.&nbsp;<\/span><\/p>\n<p><span>\u201cLo que buscamos es posicionar a Santiago como un atractivo destino navide\u00f1o; ofrecer a las familias un espacio gratuito, seguro y cultural para compartir, as\u00ed como fortalecer el sentido de pertenencia, uni\u00f3n y esperanza que caracteriza la temporada m\u00e1s especial del a\u00f1o\u201d, explic\u00f3 el arquitecto Garc\u00eda.&nbsp;<\/span><\/p>\n<p><span>El personaje central del desfile ser\u00e1 El Pr\u00edncipe de la Navidad, designado como Embajador Oficial de la Navidad en Santiago, una figura creada especialmente para representar la nobleza, la ilusi\u00f3n, la paz y la uni\u00f3n familiar propias de estas fechas.&nbsp;<\/span><\/p>\n<p><span>El p\u00fablico podr\u00e1 disfrutar de un impresionante despliegue que incluir\u00e1: El Pr\u00edncipe de la Navidad, carrozas tem\u00e1ticas, arlequines y personajes teatrales, zancos y comparsas de Santa Claus con su comitiva.&nbsp;<\/span><\/p>\n<p><span>Adem\u00e1s, m\u00e1s de 250 personajes festivos, figuras&nbsp;Disney, m\u00fasicos, bailarines y performances en vivo, con ambientaci\u00f3n sonora y visual a lo largo de toda la ruta, pantallas, tarimas y estaciones interactivas.&nbsp;<\/span><\/p>\n<p><span>El recorrido iniciar\u00e1 en la calle Benito Monci\u00f3n, continuar\u00e1 por la calle Del Sol y la calle Cuba, para finalizar en el sector Los Pepines, abarcando las principales arterias del centro hist\u00f3rico de la ciudad.&nbsp;<\/span><\/p>\n<p><span>Julissa Nu\u00f1ez, encargada de comercializaci\u00f3n del proyecto manifest\u00f3 que el desfile contar\u00e1 con el respaldo de la Polic\u00eda Nacional, la Defensa Civil, el Digeset y el Sistema de Emergencia 911, adem\u00e1s con el auspicio de la Alcald\u00eda de Santiago, Gobernaci\u00f3n de Santiago, Oficina Senatorial de Santiago, la Vicepresidencia de la Rep\u00fablica, BanReservas y el Ministerio de Educaci\u00f3n.<\/span><\/p>\n<p>of-am<\/p>\n<div class=\"heateor_sss_sharing_container heateor_sss_horizontal_sharing\" data-heateor-sss-href=\"https:\/\/almomento.net\/anuncian-desfile-un-principe-de-navidad-en-santiago\/\" readability=\"7\">\n<p>Comp\u00e1rtelo en tus redes:<\/p>\n<\/div>\n<p> <!-- 468x60 --><br \/>\n<ins class=\"adsbygoogle\" data-ad-client=\"ca-pub-3511341636159665\" data-ad-slot=\"3538255450\"><\/ins> <!-- .entry-content --> <\/p>\n","protected":false},"excerpt":{"rendered":"<p>Mauricio Garc\u00eda ofrece los detalles.. SANTIAGO DE&#46;&#46;&#46;<\/p>\n","protected":false},"author":1,"featured_media":4862,"comment_status":"closed","ping_status":"closed","sticky":false,"template":"","format":"standard","meta":{"_jetpack_memberships_contains_paid_content":false,"footnotes":"","jetpack_publicize_message":"","jetpack_publicize_feature_enabled":true,"jetpack_social_post_already_shared":false,"jetpack_social_options":{"image_generator_settings":{"template":"highway","default_image_id":0,"font":"","enabled":false},"version":2}},"categories":[45],"tags":[],"class_list":["post-4861","post","type-post","status-publish","format-standard","has-post-thumbnail","hentry","category-variedades"],"yoast_head":"<!-- This site is optimized with the Yoast SEO plugin v27.3 - https:\/\/yoast.com\/product\/yoast-seo-wordpress\/ -->\n<title>Anuncian desfile \u201cUn Pr\u00edncipe de Navidad\u201d en Santiago - Sarmiento24h<\/title>\n<meta name=\"robots\" content=\"index, follow, max-snippet:-1, max-image-preview:large, max-video-preview:-1\" \/>\n<link rel=\"canonical\" href=\"https:\/\/sarmiento24h.com\/?p=4861\" \/>\n<meta property=\"og:locale\" content=\"es_ES\" \/>\n<meta property=\"og:type\" content=\"article\" \/>\n<meta property=\"og:title\" content=\"Anuncian desfile \u201cUn Pr\u00edncipe de Navidad\u201d en Santiago - Sarmiento24h\" \/>\n<meta property=\"og:description\" content=\"Mauricio Garc\u00eda ofrece los detalles.. SANTIAGO DE&#046;&#046;&#046;\" \/>\n<meta property=\"og:url\" content=\"https:\/\/sarmiento24h.com\/?p=4861\" \/>\n<meta property=\"og:site_name\" content=\"Sarmiento24h\" \/>\n<meta property=\"article:publisher\" content=\"https:\/\/facebook.com\/s24hnoticias\" \/>\n<meta property=\"article:published_time\" content=\"2025-12-22T04:16:48+00:00\" \/>\n<meta property=\"og:image\" content=\"https:\/\/sarmiento24h.com\/wp-content\/uploads\/2025\/12\/anuncian-desfile-un-principe-de-navidad-en-santiago.jpg\" \/>\n\t<meta property=\"og:image:width\" content=\"560\" \/>\n\t<meta property=\"og:image:height\" content=\"376\" \/>\n\t<meta property=\"og:image:type\" content=\"image\/jpeg\" \/>\n<meta name=\"author\" content=\"sarmiento24h@gmail.com\" \/>\n<meta name=\"twitter:card\" content=\"summary_large_image\" \/>\n<meta name=\"twitter:creator\" content=\"@sarmiento24h\" \/>\n<meta name=\"twitter:site\" content=\"@sarmiento24h\" \/>\n<meta name=\"twitter:label1\" content=\"Escrito por\" \/>\n\t<meta name=\"twitter:data1\" content=\"sarmiento24h@gmail.com\" \/>\n\t<meta name=\"twitter:label2\" content=\"Tiempo de lectura\" \/>\n\t<meta name=\"twitter:data2\" content=\"2 minutos\" \/>\n<script type=\"application\/ld+json\" class=\"yoast-schema-graph\">{\"@context\":\"https:\\\/\\\/schema.org\",\"@graph\":[{\"@type\":\"Article\",\"@id\":\"https:\\\/\\\/sarmiento24h.com\\\/?p=4861#article\",\"isPartOf\":{\"@id\":\"https:\\\/\\\/sarmiento24h.com\\\/?p=4861\"},\"author\":{\"name\":\"sarmiento24h@gmail.com\",\"@id\":\"https:\\\/\\\/sarmiento24h.com\\\/#\\\/schema\\\/person\\\/d653a59725ad629a7e0429af7b939d4d\"},\"headline\":\"Anuncian desfile \u201cUn Pr\u00edncipe de Navidad\u201d en Santiago\",\"datePublished\":\"2025-12-22T04:16:48+00:00\",\"mainEntityOfPage\":{\"@id\":\"https:\\\/\\\/sarmiento24h.com\\\/?p=4861\"},\"wordCount\":455,\"publisher\":{\"@id\":\"https:\\\/\\\/sarmiento24h.com\\\/#organization\"},\"image\":{\"@id\":\"https:\\\/\\\/sarmiento24h.com\\\/?p=4861#primaryimage\"},\"thumbnailUrl\":\"https:\\\/\\\/sarmiento24h.com\\\/wp-content\\\/uploads\\\/2025\\\/12\\\/anuncian-desfile-un-principe-de-navidad-en-santiago.jpg\",\"articleSection\":[\"Variedades\"],\"inLanguage\":\"es\"},{\"@type\":\"WebPage\",\"@id\":\"https:\\\/\\\/sarmiento24h.com\\\/?p=4861\",\"url\":\"https:\\\/\\\/sarmiento24h.com\\\/?p=4861\",\"name\":\"Anuncian desfile \u201cUn Pr\u00edncipe de Navidad\u201d en Santiago - Sarmiento24h\",\"isPartOf\":{\"@id\":\"https:\\\/\\\/sarmiento24h.com\\\/#website\"},\"primaryImageOfPage\":{\"@id\":\"https:\\\/\\\/sarmiento24h.com\\\/?p=4861#primaryimage\"},\"image\":{\"@id\":\"https:\\\/\\\/sarmiento24h.com\\\/?p=4861#primaryimage\"},\"thumbnailUrl\":\"https:\\\/\\\/sarmiento24h.com\\\/wp-content\\\/uploads\\\/2025\\\/12\\\/anuncian-desfile-un-principe-de-navidad-en-santiago.jpg\",\"datePublished\":\"2025-12-22T04:16:48+00:00\",\"breadcrumb\":{\"@id\":\"https:\\\/\\\/sarmiento24h.com\\\/?p=4861#breadcrumb\"},\"inLanguage\":\"es\",\"potentialAction\":[{\"@type\":\"ReadAction\",\"target\":[\"https:\\\/\\\/sarmiento24h.com\\\/?p=4861\"]}]},{\"@type\":\"ImageObject\",\"inLanguage\":\"es\",\"@id\":\"https:\\\/\\\/sarmiento24h.com\\\/?p=4861#primaryimage\",\"url\":\"https:\\\/\\\/sarmiento24h.com\\\/wp-content\\\/uploads\\\/2025\\\/12\\\/anuncian-desfile-un-principe-de-navidad-en-santiago.jpg\",\"contentUrl\":\"https:\\\/\\\/sarmiento24h.com\\\/wp-content\\\/uploads\\\/2025\\\/12\\\/anuncian-desfile-un-principe-de-navidad-en-santiago.jpg\",\"width\":560,\"height\":376},{\"@type\":\"BreadcrumbList\",\"@id\":\"https:\\\/\\\/sarmiento24h.com\\\/?p=4861#breadcrumb\",\"itemListElement\":[{\"@type\":\"ListItem\",\"position\":1,\"name\":\"Home\",\"item\":\"https:\\\/\\\/sarmiento24h.com\\\/\"},{\"@type\":\"ListItem\",\"position\":2,\"name\":\"Anuncian desfile \u201cUn Pr\u00edncipe de Navidad\u201d en Santiago\"}]},{\"@type\":\"WebSite\",\"@id\":\"https:\\\/\\\/sarmiento24h.com\\\/#website\",\"url\":\"https:\\\/\\\/sarmiento24h.com\\\/\",\"name\":\"Sarmiento24h\",\"description\":\"\",\"publisher\":{\"@id\":\"https:\\\/\\\/sarmiento24h.com\\\/#organization\"},\"potentialAction\":[{\"@type\":\"SearchAction\",\"target\":{\"@type\":\"EntryPoint\",\"urlTemplate\":\"https:\\\/\\\/sarmiento24h.com\\\/?s={search_term_string}\"},\"query-input\":{\"@type\":\"PropertyValueSpecification\",\"valueRequired\":true,\"valueName\":\"search_term_string\"}}],\"inLanguage\":\"es\"},{\"@type\":\"Organization\",\"@id\":\"https:\\\/\\\/sarmiento24h.com\\\/#organization\",\"name\":\"Sarmiento24h\",\"url\":\"https:\\\/\\\/sarmiento24h.com\\\/\",\"logo\":{\"@type\":\"ImageObject\",\"inLanguage\":\"es\",\"@id\":\"https:\\\/\\\/sarmiento24h.com\\\/#\\\/schema\\\/logo\\\/image\\\/\",\"url\":\"https:\\\/\\\/sarmiento24h.com\\\/wp-content\\\/uploads\\\/2025\\\/12\\\/AddText_12-16-10.30.52.jpg\",\"contentUrl\":\"https:\\\/\\\/sarmiento24h.com\\\/wp-content\\\/uploads\\\/2025\\\/12\\\/AddText_12-16-10.30.52.jpg\",\"width\":1220,\"height\":324,\"caption\":\"Sarmiento24h\"},\"image\":{\"@id\":\"https:\\\/\\\/sarmiento24h.com\\\/#\\\/schema\\\/logo\\\/image\\\/\"},\"sameAs\":[\"https:\\\/\\\/facebook.com\\\/s24hnoticias\",\"https:\\\/\\\/x.com\\\/sarmiento24h\"]},{\"@type\":\"Person\",\"@id\":\"https:\\\/\\\/sarmiento24h.com\\\/#\\\/schema\\\/person\\\/d653a59725ad629a7e0429af7b939d4d\",\"name\":\"sarmiento24h@gmail.com\",\"image\":{\"@type\":\"ImageObject\",\"inLanguage\":\"es\",\"@id\":\"https:\\\/\\\/sarmiento24h.com\\\/wp-content\\\/litespeed\\\/avatar\\\/d02cbc4e23c747e6659cd45907173c8f.jpg?ver=1777157796\",\"url\":\"https:\\\/\\\/sarmiento24h.com\\\/wp-content\\\/litespeed\\\/avatar\\\/d02cbc4e23c747e6659cd45907173c8f.jpg?ver=1777157796\",\"contentUrl\":\"https:\\\/\\\/sarmiento24h.com\\\/wp-content\\\/litespeed\\\/avatar\\\/d02cbc4e23c747e6659cd45907173c8f.jpg?ver=1777157796\",\"caption\":\"sarmiento24h@gmail.com\"},\"sameAs\":[\"https:\\\/\\\/sarmiento24h.com\"],\"url\":\"https:\\\/\\\/sarmiento24h.com\\\/?author=1\"}]}<\/script>\n<!-- \/ Yoast SEO plugin. -->","yoast_head_json":{"title":"Anuncian desfile \u201cUn Pr\u00edncipe de Navidad\u201d en Santiago - Sarmiento24h","robots":{"index":"index","follow":"follow","max-snippet":"max-snippet:-1","max-image-preview":"max-image-preview:large","max-video-preview":"max-video-preview:-1"},"canonical":"https:\/\/sarmiento24h.com\/?p=4861","og_locale":"es_ES","og_type":"article","og_title":"Anuncian desfile \u201cUn Pr\u00edncipe de Navidad\u201d en Santiago - Sarmiento24h","og_description":"Mauricio Garc\u00eda ofrece los detalles.. SANTIAGO DE&#46;&#46;&#46;","og_url":"https:\/\/sarmiento24h.com\/?p=4861","og_site_name":"Sarmiento24h","article_publisher":"https:\/\/facebook.com\/s24hnoticias","article_published_time":"2025-12-22T04:16:48+00:00","og_image":[{"width":560,"height":376,"url":"https:\/\/sarmiento24h.com\/wp-content\/uploads\/2025\/12\/anuncian-desfile-un-principe-de-navidad-en-santiago.jpg","type":"image\/jpeg"}],"author":"sarmiento24h@gmail.com","twitter_card":"summary_large_image","twitter_creator":"@sarmiento24h","twitter_site":"@sarmiento24h","twitter_misc":{"Escrito por":"sarmiento24h@gmail.com","Tiempo de lectura":"2 minutos"},"schema":{"@context":"https:\/\/schema.org","@graph":[{"@type":"Article","@id":"https:\/\/sarmiento24h.com\/?p=4861#article","isPartOf":{"@id":"https:\/\/sarmiento24h.com\/?p=4861"},"author":{"name":"sarmiento24h@gmail.com","@id":"https:\/\/sarmiento24h.com\/#\/schema\/person\/d653a59725ad629a7e0429af7b939d4d"},"headline":"Anuncian desfile \u201cUn Pr\u00edncipe de Navidad\u201d en Santiago","datePublished":"2025-12-22T04:16:48+00:00","mainEntityOfPage":{"@id":"https:\/\/sarmiento24h.com\/?p=4861"},"wordCount":455,"publisher":{"@id":"https:\/\/sarmiento24h.com\/#organization"},"image":{"@id":"https:\/\/sarmiento24h.com\/?p=4861#primaryimage"},"thumbnailUrl":"https:\/\/sarmiento24h.com\/wp-content\/uploads\/2025\/12\/anuncian-desfile-un-principe-de-navidad-en-santiago.jpg","articleSection":["Variedades"],"inLanguage":"es"},{"@type":"WebPage","@id":"https:\/\/sarmiento24h.com\/?p=4861","url":"https:\/\/sarmiento24h.com\/?p=4861","name":"Anuncian desfile \u201cUn Pr\u00edncipe de Navidad\u201d en Santiago - Sarmiento24h","isPartOf":{"@id":"https:\/\/sarmiento24h.com\/#website"},"primaryImageOfPage":{"@id":"https:\/\/sarmiento24h.com\/?p=4861#primaryimage"},"image":{"@id":"https:\/\/sarmiento24h.com\/?p=4861#primaryimage"},"thumbnailUrl":"https:\/\/sarmiento24h.com\/wp-content\/uploads\/2025\/12\/anuncian-desfile-un-principe-de-navidad-en-santiago.jpg","datePublished":"2025-12-22T04:16:48+00:00","breadcrumb":{"@id":"https:\/\/sarmiento24h.com\/?p=4861#breadcrumb"},"inLanguage":"es","potentialAction":[{"@type":"ReadAction","target":["https:\/\/sarmiento24h.com\/?p=4861"]}]},{"@type":"ImageObject","inLanguage":"es","@id":"https:\/\/sarmiento24h.com\/?p=4861#primaryimage","url":"https:\/\/sarmiento24h.com\/wp-content\/uploads\/2025\/12\/anuncian-desfile-un-principe-de-navidad-en-santiago.jpg","contentUrl":"https:\/\/sarmiento24h.com\/wp-content\/uploads\/2025\/12\/anuncian-desfile-un-principe-de-navidad-en-santiago.jpg","width":560,"height":376},{"@type":"BreadcrumbList","@id":"https:\/\/sarmiento24h.com\/?p=4861#breadcrumb","itemListElement":[{"@type":"ListItem","position":1,"name":"Home","item":"https:\/\/sarmiento24h.com\/"},{"@type":"ListItem","position":2,"name":"Anuncian desfile \u201cUn Pr\u00edncipe de Navidad\u201d en Santiago"}]},{"@type":"WebSite","@id":"https:\/\/sarmiento24h.com\/#website","url":"https:\/\/sarmiento24h.com\/","name":"Sarmiento24h","description":"","publisher":{"@id":"https:\/\/sarmiento24h.com\/#organization"},"potentialAction":[{"@type":"SearchAction","target":{"@type":"EntryPoint","urlTemplate":"https:\/\/sarmiento24h.com\/?s={search_term_string}"},"query-input":{"@type":"PropertyValueSpecification","valueRequired":true,"valueName":"search_term_string"}}],"inLanguage":"es"},{"@type":"Organization","@id":"https:\/\/sarmiento24h.com\/#organization","name":"Sarmiento24h","url":"https:\/\/sarmiento24h.com\/","logo":{"@type":"ImageObject","inLanguage":"es","@id":"https:\/\/sarmiento24h.com\/#\/schema\/logo\/image\/","url":"https:\/\/sarmiento24h.com\/wp-content\/uploads\/2025\/12\/AddText_12-16-10.30.52.jpg","contentUrl":"https:\/\/sarmiento24h.com\/wp-content\/uploads\/2025\/12\/AddText_12-16-10.30.52.jpg","width":1220,"height":324,"caption":"Sarmiento24h"},"image":{"@id":"https:\/\/sarmiento24h.com\/#\/schema\/logo\/image\/"},"sameAs":["https:\/\/facebook.com\/s24hnoticias","https:\/\/x.com\/sarmiento24h"]},{"@type":"Person","@id":"https:\/\/sarmiento24h.com\/#\/schema\/person\/d653a59725ad629a7e0429af7b939d4d","name":"sarmiento24h@gmail.com","image":{"@type":"ImageObject","inLanguage":"es","@id":"https:\/\/sarmiento24h.com\/wp-content\/litespeed\/avatar\/d02cbc4e23c747e6659cd45907173c8f.jpg?ver=1777157796","url":"https:\/\/sarmiento24h.com\/wp-content\/litespeed\/avatar\/d02cbc4e23c747e6659cd45907173c8f.jpg?ver=1777157796","contentUrl":"https:\/\/sarmiento24h.com\/wp-content\/litespeed\/avatar\/d02cbc4e23c747e6659cd45907173c8f.jpg?ver=1777157796","caption":"sarmiento24h@gmail.com"},"sameAs":["https:\/\/sarmiento24h.com"],"url":"https:\/\/sarmiento24h.com\/?author=1"}]}},"jetpack_publicize_connections":[],"jetpack_featured_media_url":"https:\/\/sarmiento24h.com\/wp-content\/uploads\/2025\/12\/anuncian-desfile-un-principe-de-navidad-en-santiago.jpg","jetpack_sharing_enabled":true,"_links":{"self":[{"href":"https:\/\/sarmiento24h.com\/index.php?rest_route=\/wp\/v2\/posts\/4861","targetHints":{"allow":["GET"]}}],"collection":[{"href":"https:\/\/sarmiento24h.com\/index.php?rest_route=\/wp\/v2\/posts"}],"about":[{"href":"https:\/\/sarmiento24h.com\/index.php?rest_route=\/wp\/v2\/types\/post"}],"author":[{"embeddable":true,"href":"https:\/\/sarmiento24h.com\/index.php?rest_route=\/wp\/v2\/users\/1"}],"replies":[{"embeddable":true,"href":"https:\/\/sarmiento24h.com\/index.php?rest_route=%2Fwp%2Fv2%2Fcomments&post=4861"}],"version-history":[{"count":0,"href":"https:\/\/sarmiento24h.com\/index.php?rest_route=\/wp\/v2\/posts\/4861\/revisions"}],"wp:featuredmedia":[{"embeddable":true,"href":"https:\/\/sarmiento24h.com\/index.php?rest_route=\/wp\/v2\/media\/4862"}],"wp:attachment":[{"href":"https:\/\/sarmiento24h.com\/index.php?rest_route=%2Fwp%2Fv2%2Fmedia&parent=4861"}],"wp:term":[{"taxonomy":"category","embeddable":true,"href":"https:\/\/sarmiento24h.com\/index.php?rest_route=%2Fwp%2Fv2%2Fcategories&post=4861"},{"taxonomy":"post_tag","embeddable":true,"href":"https:\/\/sarmiento24h.com\/index.php?rest_route=%2Fwp%2Fv2%2Ftags&post=4861"}],"curies":[{"name":"wp","href":"https:\/\/api.w.org\/{rel}","templated":true}]}}