{"id":5093,"date":"2025-12-24T05:06:16","date_gmt":"2025-12-24T05:06:16","guid":{"rendered":"http:\/\/almomento.net\/?p=1087688"},"modified":"2025-12-24T05:06:16","modified_gmt":"2025-12-24T05:06:16","slug":"centro-cultural-perello-celebra-la-magia-de-la-navidad-en-bani","status":"publish","type":"post","link":"https:\/\/sarmiento24h.com\/?p=5093","title":{"rendered":"Centro Cultural Perell\u00f3 celebra la magia de la Navidad en Ban\u00ed"},"content":{"rendered":"<p><!-- .entry-header --> <\/p>\n<div class=\"img_center\" readability=\"9\"> <a href=\"https:\/\/almomento.net\/wp-content\/uploads\/2025\/12\/magia-scaled.jpg\" alt=\"Centro Cultural Perell\u00f3 celebra la magia de la Navidad en Ban\u00ed\" title=\"Centro Cultural Perell\u00f3 celebra la magia de la Navidad en Ban\u00ed\" data-toggle=\"lightbox\" class=\"thickbox\"><img decoding=\"async\" src=\"https:\/\/almomento.net\/wp-content\/uploads\/2025\/12\/magia-scaled.jpg\" class=\"attachment-post-thumbnail size-post-thumbnail wp-post-image\" alt=\"imagen\" title=\"Centro Cultural Perell\u00f3 celebra la magia de la Navidad en Ban\u00ed\" data-toggle data-title=\"Centro Cultural Perell\u00f3 celebra la magia de la Navidad en Ban\u00ed\"><\/a><\/p>\n<p>Carmen Pozo Perell\u00f3, Margarita de Mondersert, Manuel Pozo Perell\u00f3 y Julia Castillo.<\/p>\n<\/p><\/div>\n<p>BANI.- Con un magistral concierto, el Centro Cultural Perell\u00f3 celebr\u00f3 la llegada de la Navidad en complicidad con la Orquesta Sinf\u00f3nica Nacional, bajo la direcci\u00f3n del maestro Jos\u00e9 Antonio Molina.<\/p>\n<p>El Concierto de Navidad 2025, en su duod\u00e9cima edici\u00f3n, cont\u00f3 con la participaci\u00f3n estelar de Maridalia Hern\u00e1ndez, Frank Ceara, Xiomara Fortuna y el coro Koribe, quienes durante aproximadamente 80 minutos deleitaron a un selecto p\u00fablico reunido en la explanada del Centro.<\/p>\n<p>La velada inici\u00f3 al ritmo de temas tradicionales con arreglos sinf\u00f3nicos como \u201cOverture a Cradle in Bethlehem\u201d, \u201cNoche de paz\u201d, \u201cM\u00e1s all\u00e1\u201d (Navidad), \u201cJoy To The World\u201d, \u201cJingle Bells\u201d, \u201cBlanca Navidad\u201d, \u201cThe Christmas Song\u201d y \u201cMariposa de amor\u201d.<\/p>\n<p>El repertorio tambi\u00e9n incluy\u00f3 las piezas \u201cAdeste Fideles\u201d, \u201cO Holy Night\u201d, Villancico Yaucano, \u201cElla\u201d, \u201cYo quiero verte\u201d, \u201cAy amor\u201d, \u201cPopurr\u00ed de merengues\u201d, \u201cSalsa p\u00e1 tu lech\u00f3n\u201d, \u201cAlegre vengo\u201d y \u201cAleluya de El Mes\u00edas\u201d.<\/p>\n<p>El acto formal estuvo presidido por Manuel Pozo Perell\u00f3, presidente ejecutivo de Industrias Banilejas, SAS (INDUBAN) y miembro del Consejo del Centro Cultural, acompa\u00f1ado por Julia Castillo, directora de la instituci\u00f3n cultural.<\/p>\n<p>Al pronunciar las palabras de bienvenida, Julia Castillo resalt\u00f3 que la duod\u00e9cima entrega del Concierto de Gala Sinf\u00f3nico Navide\u00f1o 2025 constituye una demostraci\u00f3n de que la Familia Perell\u00f3, tras 15 a\u00f1os de mecenazgo cultural en la regi\u00f3n Sur y en todo el pa\u00eds, se siente cada vez m\u00e1s comprometida con la misi\u00f3n de formar parte de un proyecto de naci\u00f3n pr\u00f3spera, culta y humanista en Rep\u00fablica Dominicana.<\/p>\n<p>Castillo afirm\u00f3 que \u201cdurante 80 a\u00f1os, la Familia Perell\u00f3 ha promovido valores y tradiciones a trav\u00e9s de su producto marca pa\u00eds, Caf\u00e9 Santo Domingo, as\u00ed como mediante otros proyectos de fomento del desarrollo social, econ\u00f3mico y cultural.<\/p>\n<p>Continuaremos, todos juntos, trabajando por y para el desarrollo regional y nacional de la Rep\u00fablica Dominicana\u201d.<\/p>\n<p>A seguidas, Manuel Pozo Perell\u00f3 destac\u00f3 que el Concierto de Navidad del Centro Cultural Perell\u00f3 representa un firme compromiso de la empresa y de la familia con toda la comunidad de la regi\u00f3n Sur, especialmente con la provincia Peravia.<\/p>\n<p>Indic\u00f3 que \u201csomos conscientes de que para una parte importante de la poblaci\u00f3n resulta dif\u00edcil acceder a espect\u00e1culos de esta magnitud, por lo que hacemos el esfuerzo de llevar este concierto a Ban\u00ed con la misma calidad art\u00edstica y t\u00e9cnica que caracteriza a los grandes escenarios del mundo\u201d.<\/p>\n<p>A este grandioso concierto asisti\u00f3 el ministro de Cultura, Roberto \u00c1ngel Salcedo, el senador Julito Fulcar y la gobernadora Angela Yadira B\u00e1ez.<\/p>\n<p>As\u00ed como distinguidas personalidades del \u00e1mbito cultural, empresarial y diplom\u00e1tico, adem\u00e1s de los representantes de la di\u00e1spora banileja, quienes disfrutaron de esta m\u00e1gica noche a la luz de las estrellas.<\/p>\n<p>of-am<\/p>\n<div class=\"heateor_sss_sharing_container heateor_sss_horizontal_sharing\" data-heateor-sss-href=\"https:\/\/almomento.net\/centro-cultural-perello-celebra-la-magia-de-la-navidad-en-bani\/\" readability=\"7\">\n<p>Comp\u00e1rtelo en tus redes:<\/p>\n<\/div>\n<p> <!-- 468x60 --><br \/>\n<ins class=\"adsbygoogle\" data-ad-client=\"ca-pub-3511341636159665\" data-ad-slot=\"3538255450\"><\/ins> <!-- .entry-content --> <\/p>\n","protected":false},"excerpt":{"rendered":"<p>Carmen Pozo Perell\u00f3, Margarita de Mondersert, Manuel&#46;&#46;&#46;<\/p>\n","protected":false},"author":1,"featured_media":5094,"comment_status":"closed","ping_status":"closed","sticky":false,"template":"","format":"standard","meta":{"_jetpack_memberships_contains_paid_content":false,"footnotes":"","jetpack_publicize_message":"","jetpack_publicize_feature_enabled":true,"jetpack_social_post_already_shared":false,"jetpack_social_options":{"image_generator_settings":{"template":"highway","default_image_id":0,"font":"","enabled":false},"version":2}},"categories":[45],"tags":[],"class_list":["post-5093","post","type-post","status-publish","format-standard","has-post-thumbnail","hentry","category-variedades"],"yoast_head":"<!-- This site is optimized with the Yoast SEO plugin v27.3 - https:\/\/yoast.com\/product\/yoast-seo-wordpress\/ -->\n<title>Centro Cultural Perell\u00f3 celebra la magia de la Navidad en Ban\u00ed - Sarmiento24h<\/title>\n<meta name=\"robots\" content=\"index, follow, max-snippet:-1, max-image-preview:large, max-video-preview:-1\" \/>\n<link rel=\"canonical\" href=\"https:\/\/sarmiento24h.com\/?p=5093\" \/>\n<meta property=\"og:locale\" content=\"es_ES\" \/>\n<meta property=\"og:type\" content=\"article\" \/>\n<meta property=\"og:title\" content=\"Centro Cultural Perell\u00f3 celebra la magia de la Navidad en Ban\u00ed - Sarmiento24h\" \/>\n<meta property=\"og:description\" content=\"Carmen Pozo Perell\u00f3, Margarita de Mondersert, Manuel&#046;&#046;&#046;\" \/>\n<meta property=\"og:url\" content=\"https:\/\/sarmiento24h.com\/?p=5093\" \/>\n<meta property=\"og:site_name\" content=\"Sarmiento24h\" \/>\n<meta property=\"article:publisher\" content=\"https:\/\/facebook.com\/s24hnoticias\" \/>\n<meta property=\"article:published_time\" content=\"2025-12-24T05:06:16+00:00\" \/>\n<meta property=\"og:image\" content=\"https:\/\/sarmiento24h.com\/wp-content\/uploads\/2025\/12\/centro-cultural-perello-celebra-la-magia-de-la-navidad-en-bani.jpg\" \/>\n\t<meta property=\"og:image:width\" content=\"2560\" \/>\n\t<meta property=\"og:image:height\" content=\"1440\" \/>\n\t<meta property=\"og:image:type\" content=\"image\/jpeg\" \/>\n<meta name=\"author\" content=\"sarmiento24h@gmail.com\" \/>\n<meta name=\"twitter:card\" content=\"summary_large_image\" \/>\n<meta name=\"twitter:creator\" content=\"@sarmiento24h\" \/>\n<meta name=\"twitter:site\" content=\"@sarmiento24h\" \/>\n<meta name=\"twitter:label1\" content=\"Escrito por\" \/>\n\t<meta name=\"twitter:data1\" content=\"sarmiento24h@gmail.com\" \/>\n\t<meta name=\"twitter:label2\" content=\"Tiempo de lectura\" \/>\n\t<meta name=\"twitter:data2\" content=\"2 minutos\" \/>\n<script type=\"application\/ld+json\" class=\"yoast-schema-graph\">{\"@context\":\"https:\\\/\\\/schema.org\",\"@graph\":[{\"@type\":\"Article\",\"@id\":\"https:\\\/\\\/sarmiento24h.com\\\/?p=5093#article\",\"isPartOf\":{\"@id\":\"https:\\\/\\\/sarmiento24h.com\\\/?p=5093\"},\"author\":{\"name\":\"sarmiento24h@gmail.com\",\"@id\":\"https:\\\/\\\/sarmiento24h.com\\\/#\\\/schema\\\/person\\\/d653a59725ad629a7e0429af7b939d4d\"},\"headline\":\"Centro Cultural Perell\u00f3 celebra la magia de la Navidad en Ban\u00ed\",\"datePublished\":\"2025-12-24T05:06:16+00:00\",\"mainEntityOfPage\":{\"@id\":\"https:\\\/\\\/sarmiento24h.com\\\/?p=5093\"},\"wordCount\":500,\"publisher\":{\"@id\":\"https:\\\/\\\/sarmiento24h.com\\\/#organization\"},\"image\":{\"@id\":\"https:\\\/\\\/sarmiento24h.com\\\/?p=5093#primaryimage\"},\"thumbnailUrl\":\"https:\\\/\\\/sarmiento24h.com\\\/wp-content\\\/uploads\\\/2025\\\/12\\\/centro-cultural-perello-celebra-la-magia-de-la-navidad-en-bani.jpg\",\"articleSection\":[\"Variedades\"],\"inLanguage\":\"es\"},{\"@type\":\"WebPage\",\"@id\":\"https:\\\/\\\/sarmiento24h.com\\\/?p=5093\",\"url\":\"https:\\\/\\\/sarmiento24h.com\\\/?p=5093\",\"name\":\"Centro Cultural Perell\u00f3 celebra la magia de la Navidad en Ban\u00ed - Sarmiento24h\",\"isPartOf\":{\"@id\":\"https:\\\/\\\/sarmiento24h.com\\\/#website\"},\"primaryImageOfPage\":{\"@id\":\"https:\\\/\\\/sarmiento24h.com\\\/?p=5093#primaryimage\"},\"image\":{\"@id\":\"https:\\\/\\\/sarmiento24h.com\\\/?p=5093#primaryimage\"},\"thumbnailUrl\":\"https:\\\/\\\/sarmiento24h.com\\\/wp-content\\\/uploads\\\/2025\\\/12\\\/centro-cultural-perello-celebra-la-magia-de-la-navidad-en-bani.jpg\",\"datePublished\":\"2025-12-24T05:06:16+00:00\",\"breadcrumb\":{\"@id\":\"https:\\\/\\\/sarmiento24h.com\\\/?p=5093#breadcrumb\"},\"inLanguage\":\"es\",\"potentialAction\":[{\"@type\":\"ReadAction\",\"target\":[\"https:\\\/\\\/sarmiento24h.com\\\/?p=5093\"]}]},{\"@type\":\"ImageObject\",\"inLanguage\":\"es\",\"@id\":\"https:\\\/\\\/sarmiento24h.com\\\/?p=5093#primaryimage\",\"url\":\"https:\\\/\\\/sarmiento24h.com\\\/wp-content\\\/uploads\\\/2025\\\/12\\\/centro-cultural-perello-celebra-la-magia-de-la-navidad-en-bani.jpg\",\"contentUrl\":\"https:\\\/\\\/sarmiento24h.com\\\/wp-content\\\/uploads\\\/2025\\\/12\\\/centro-cultural-perello-celebra-la-magia-de-la-navidad-en-bani.jpg\",\"width\":2560,\"height\":1440},{\"@type\":\"BreadcrumbList\",\"@id\":\"https:\\\/\\\/sarmiento24h.com\\\/?p=5093#breadcrumb\",\"itemListElement\":[{\"@type\":\"ListItem\",\"position\":1,\"name\":\"Home\",\"item\":\"https:\\\/\\\/sarmiento24h.com\\\/\"},{\"@type\":\"ListItem\",\"position\":2,\"name\":\"Centro Cultural Perell\u00f3 celebra la magia de la Navidad en Ban\u00ed\"}]},{\"@type\":\"WebSite\",\"@id\":\"https:\\\/\\\/sarmiento24h.com\\\/#website\",\"url\":\"https:\\\/\\\/sarmiento24h.com\\\/\",\"name\":\"Sarmiento24h\",\"description\":\"\",\"publisher\":{\"@id\":\"https:\\\/\\\/sarmiento24h.com\\\/#organization\"},\"potentialAction\":[{\"@type\":\"SearchAction\",\"target\":{\"@type\":\"EntryPoint\",\"urlTemplate\":\"https:\\\/\\\/sarmiento24h.com\\\/?s={search_term_string}\"},\"query-input\":{\"@type\":\"PropertyValueSpecification\",\"valueRequired\":true,\"valueName\":\"search_term_string\"}}],\"inLanguage\":\"es\"},{\"@type\":\"Organization\",\"@id\":\"https:\\\/\\\/sarmiento24h.com\\\/#organization\",\"name\":\"Sarmiento24h\",\"url\":\"https:\\\/\\\/sarmiento24h.com\\\/\",\"logo\":{\"@type\":\"ImageObject\",\"inLanguage\":\"es\",\"@id\":\"https:\\\/\\\/sarmiento24h.com\\\/#\\\/schema\\\/logo\\\/image\\\/\",\"url\":\"https:\\\/\\\/sarmiento24h.com\\\/wp-content\\\/uploads\\\/2025\\\/12\\\/AddText_12-16-10.30.52.jpg\",\"contentUrl\":\"https:\\\/\\\/sarmiento24h.com\\\/wp-content\\\/uploads\\\/2025\\\/12\\\/AddText_12-16-10.30.52.jpg\",\"width\":1220,\"height\":324,\"caption\":\"Sarmiento24h\"},\"image\":{\"@id\":\"https:\\\/\\\/sarmiento24h.com\\\/#\\\/schema\\\/logo\\\/image\\\/\"},\"sameAs\":[\"https:\\\/\\\/facebook.com\\\/s24hnoticias\",\"https:\\\/\\\/x.com\\\/sarmiento24h\"]},{\"@type\":\"Person\",\"@id\":\"https:\\\/\\\/sarmiento24h.com\\\/#\\\/schema\\\/person\\\/d653a59725ad629a7e0429af7b939d4d\",\"name\":\"sarmiento24h@gmail.com\",\"image\":{\"@type\":\"ImageObject\",\"inLanguage\":\"es\",\"@id\":\"https:\\\/\\\/sarmiento24h.com\\\/wp-content\\\/litespeed\\\/avatar\\\/d02cbc4e23c747e6659cd45907173c8f.jpg?ver=1777157796\",\"url\":\"https:\\\/\\\/sarmiento24h.com\\\/wp-content\\\/litespeed\\\/avatar\\\/d02cbc4e23c747e6659cd45907173c8f.jpg?ver=1777157796\",\"contentUrl\":\"https:\\\/\\\/sarmiento24h.com\\\/wp-content\\\/litespeed\\\/avatar\\\/d02cbc4e23c747e6659cd45907173c8f.jpg?ver=1777157796\",\"caption\":\"sarmiento24h@gmail.com\"},\"sameAs\":[\"https:\\\/\\\/sarmiento24h.com\"],\"url\":\"https:\\\/\\\/sarmiento24h.com\\\/?author=1\"}]}<\/script>\n<!-- \/ Yoast SEO plugin. -->","yoast_head_json":{"title":"Centro Cultural Perell\u00f3 celebra la magia de la Navidad en Ban\u00ed - Sarmiento24h","robots":{"index":"index","follow":"follow","max-snippet":"max-snippet:-1","max-image-preview":"max-image-preview:large","max-video-preview":"max-video-preview:-1"},"canonical":"https:\/\/sarmiento24h.com\/?p=5093","og_locale":"es_ES","og_type":"article","og_title":"Centro Cultural Perell\u00f3 celebra la magia de la Navidad en Ban\u00ed - Sarmiento24h","og_description":"Carmen Pozo Perell\u00f3, Margarita de Mondersert, Manuel&#46;&#46;&#46;","og_url":"https:\/\/sarmiento24h.com\/?p=5093","og_site_name":"Sarmiento24h","article_publisher":"https:\/\/facebook.com\/s24hnoticias","article_published_time":"2025-12-24T05:06:16+00:00","og_image":[{"width":2560,"height":1440,"url":"https:\/\/sarmiento24h.com\/wp-content\/uploads\/2025\/12\/centro-cultural-perello-celebra-la-magia-de-la-navidad-en-bani.jpg","type":"image\/jpeg"}],"author":"sarmiento24h@gmail.com","twitter_card":"summary_large_image","twitter_creator":"@sarmiento24h","twitter_site":"@sarmiento24h","twitter_misc":{"Escrito por":"sarmiento24h@gmail.com","Tiempo de lectura":"2 minutos"},"schema":{"@context":"https:\/\/schema.org","@graph":[{"@type":"Article","@id":"https:\/\/sarmiento24h.com\/?p=5093#article","isPartOf":{"@id":"https:\/\/sarmiento24h.com\/?p=5093"},"author":{"name":"sarmiento24h@gmail.com","@id":"https:\/\/sarmiento24h.com\/#\/schema\/person\/d653a59725ad629a7e0429af7b939d4d"},"headline":"Centro Cultural Perell\u00f3 celebra la magia de la Navidad en Ban\u00ed","datePublished":"2025-12-24T05:06:16+00:00","mainEntityOfPage":{"@id":"https:\/\/sarmiento24h.com\/?p=5093"},"wordCount":500,"publisher":{"@id":"https:\/\/sarmiento24h.com\/#organization"},"image":{"@id":"https:\/\/sarmiento24h.com\/?p=5093#primaryimage"},"thumbnailUrl":"https:\/\/sarmiento24h.com\/wp-content\/uploads\/2025\/12\/centro-cultural-perello-celebra-la-magia-de-la-navidad-en-bani.jpg","articleSection":["Variedades"],"inLanguage":"es"},{"@type":"WebPage","@id":"https:\/\/sarmiento24h.com\/?p=5093","url":"https:\/\/sarmiento24h.com\/?p=5093","name":"Centro Cultural Perell\u00f3 celebra la magia de la Navidad en Ban\u00ed - Sarmiento24h","isPartOf":{"@id":"https:\/\/sarmiento24h.com\/#website"},"primaryImageOfPage":{"@id":"https:\/\/sarmiento24h.com\/?p=5093#primaryimage"},"image":{"@id":"https:\/\/sarmiento24h.com\/?p=5093#primaryimage"},"thumbnailUrl":"https:\/\/sarmiento24h.com\/wp-content\/uploads\/2025\/12\/centro-cultural-perello-celebra-la-magia-de-la-navidad-en-bani.jpg","datePublished":"2025-12-24T05:06:16+00:00","breadcrumb":{"@id":"https:\/\/sarmiento24h.com\/?p=5093#breadcrumb"},"inLanguage":"es","potentialAction":[{"@type":"ReadAction","target":["https:\/\/sarmiento24h.com\/?p=5093"]}]},{"@type":"ImageObject","inLanguage":"es","@id":"https:\/\/sarmiento24h.com\/?p=5093#primaryimage","url":"https:\/\/sarmiento24h.com\/wp-content\/uploads\/2025\/12\/centro-cultural-perello-celebra-la-magia-de-la-navidad-en-bani.jpg","contentUrl":"https:\/\/sarmiento24h.com\/wp-content\/uploads\/2025\/12\/centro-cultural-perello-celebra-la-magia-de-la-navidad-en-bani.jpg","width":2560,"height":1440},{"@type":"BreadcrumbList","@id":"https:\/\/sarmiento24h.com\/?p=5093#breadcrumb","itemListElement":[{"@type":"ListItem","position":1,"name":"Home","item":"https:\/\/sarmiento24h.com\/"},{"@type":"ListItem","position":2,"name":"Centro Cultural Perell\u00f3 celebra la magia de la Navidad en Ban\u00ed"}]},{"@type":"WebSite","@id":"https:\/\/sarmiento24h.com\/#website","url":"https:\/\/sarmiento24h.com\/","name":"Sarmiento24h","description":"","publisher":{"@id":"https:\/\/sarmiento24h.com\/#organization"},"potentialAction":[{"@type":"SearchAction","target":{"@type":"EntryPoint","urlTemplate":"https:\/\/sarmiento24h.com\/?s={search_term_string}"},"query-input":{"@type":"PropertyValueSpecification","valueRequired":true,"valueName":"search_term_string"}}],"inLanguage":"es"},{"@type":"Organization","@id":"https:\/\/sarmiento24h.com\/#organization","name":"Sarmiento24h","url":"https:\/\/sarmiento24h.com\/","logo":{"@type":"ImageObject","inLanguage":"es","@id":"https:\/\/sarmiento24h.com\/#\/schema\/logo\/image\/","url":"https:\/\/sarmiento24h.com\/wp-content\/uploads\/2025\/12\/AddText_12-16-10.30.52.jpg","contentUrl":"https:\/\/sarmiento24h.com\/wp-content\/uploads\/2025\/12\/AddText_12-16-10.30.52.jpg","width":1220,"height":324,"caption":"Sarmiento24h"},"image":{"@id":"https:\/\/sarmiento24h.com\/#\/schema\/logo\/image\/"},"sameAs":["https:\/\/facebook.com\/s24hnoticias","https:\/\/x.com\/sarmiento24h"]},{"@type":"Person","@id":"https:\/\/sarmiento24h.com\/#\/schema\/person\/d653a59725ad629a7e0429af7b939d4d","name":"sarmiento24h@gmail.com","image":{"@type":"ImageObject","inLanguage":"es","@id":"https:\/\/sarmiento24h.com\/wp-content\/litespeed\/avatar\/d02cbc4e23c747e6659cd45907173c8f.jpg?ver=1777157796","url":"https:\/\/sarmiento24h.com\/wp-content\/litespeed\/avatar\/d02cbc4e23c747e6659cd45907173c8f.jpg?ver=1777157796","contentUrl":"https:\/\/sarmiento24h.com\/wp-content\/litespeed\/avatar\/d02cbc4e23c747e6659cd45907173c8f.jpg?ver=1777157796","caption":"sarmiento24h@gmail.com"},"sameAs":["https:\/\/sarmiento24h.com"],"url":"https:\/\/sarmiento24h.com\/?author=1"}]}},"jetpack_publicize_connections":[],"jetpack_featured_media_url":"https:\/\/sarmiento24h.com\/wp-content\/uploads\/2025\/12\/centro-cultural-perello-celebra-la-magia-de-la-navidad-en-bani.jpg","jetpack_sharing_enabled":true,"_links":{"self":[{"href":"https:\/\/sarmiento24h.com\/index.php?rest_route=\/wp\/v2\/posts\/5093","targetHints":{"allow":["GET"]}}],"collection":[{"href":"https:\/\/sarmiento24h.com\/index.php?rest_route=\/wp\/v2\/posts"}],"about":[{"href":"https:\/\/sarmiento24h.com\/index.php?rest_route=\/wp\/v2\/types\/post"}],"author":[{"embeddable":true,"href":"https:\/\/sarmiento24h.com\/index.php?rest_route=\/wp\/v2\/users\/1"}],"replies":[{"embeddable":true,"href":"https:\/\/sarmiento24h.com\/index.php?rest_route=%2Fwp%2Fv2%2Fcomments&post=5093"}],"version-history":[{"count":0,"href":"https:\/\/sarmiento24h.com\/index.php?rest_route=\/wp\/v2\/posts\/5093\/revisions"}],"wp:featuredmedia":[{"embeddable":true,"href":"https:\/\/sarmiento24h.com\/index.php?rest_route=\/wp\/v2\/media\/5094"}],"wp:attachment":[{"href":"https:\/\/sarmiento24h.com\/index.php?rest_route=%2Fwp%2Fv2%2Fmedia&parent=5093"}],"wp:term":[{"taxonomy":"category","embeddable":true,"href":"https:\/\/sarmiento24h.com\/index.php?rest_route=%2Fwp%2Fv2%2Fcategories&post=5093"},{"taxonomy":"post_tag","embeddable":true,"href":"https:\/\/sarmiento24h.com\/index.php?rest_route=%2Fwp%2Fv2%2Ftags&post=5093"}],"curies":[{"name":"wp","href":"https:\/\/api.w.org\/{rel}","templated":true}]}}