{"id":5176,"date":"2025-12-25T03:06:08","date_gmt":"2025-12-25T03:06:08","guid":{"rendered":"http:\/\/almomento.net\/?p=1087896"},"modified":"2025-12-25T03:06:08","modified_gmt":"2025-12-25T03:06:08","slug":"el-papa-lamenta-economia-que-trata-hombre-una-mercancia","status":"publish","type":"post","link":"https:\/\/sarmiento24h.com\/?p=5176","title":{"rendered":"El papa lamenta econom\u00eda que trata \u00abhombre una mercanc\u00eda\u00bb"},"content":{"rendered":"<p><!-- .entry-header --> <\/p>\n<div class=\"img_center\" readability=\"11\"> <a href=\"https:\/\/almomento.net\/wp-content\/uploads\/2025\/12\/Papa-misa-de-gallo-1.jpg\" alt=\"El papa lamenta econom\u00eda que trata \u00abhombre una mercanc\u00eda\u00bb\" title=\"El papa lamenta econom\u00eda que trata \u00abhombre una mercanc\u00eda\u00bb\" data-toggle=\"lightbox\" class=\"thickbox\"><img decoding=\"async\" src=\"https:\/\/almomento.net\/wp-content\/uploads\/2025\/12\/Papa-misa-de-gallo-1.jpg\" class=\"attachment-post-thumbnail size-post-thumbnail wp-post-image\" alt=\"imagen\" title=\"El papa lamenta econom\u00eda que trata \u00abhombre una mercanc\u00eda\u00bb\" data-toggle data-title=\"El papa lamenta econom\u00eda que trata \u00abhombre una mercanc\u00eda\u00bb\"><\/a><\/p>\n<p>El papa Le\u00f3n XIV lidera la misa del Gallo, este 24 de diciembre de 2025, en la Bas\u00edlica de San Pedro, de El Vaticano. EFE\/Giuseppe Lami<\/p>\n<\/p><\/div>\n<p><iframe loading=\"lazy\" title=\"\u00a1Realizan Misa de Nochebuena en el Vaticano! Papa Le\u00f3n XIV celebra su primera Misa de Gallo\" width=\"500\" height=\"281\" src=\"https:\/\/www.youtube.com\/embed\/DVt8UYb1eK0?feature=oembed\" frameborder=\"0\" allow=\"accelerometer; autoplay; clipboard-write; encrypted-media; gyroscope; picture-in-picture; web-share\" referrerpolicy=\"strict-origin-when-cross-origin\" allowfullscreen>[embedded content]<\/iframe><\/p>\n<p>Ciudad del Vaticano (EFE).- El papa Le\u00f3n XIV lament\u00f3 este mi\u00e9rcoles que \u00abuna econom\u00eda distorsionada induce a tratar a los hombres como mercanc\u00eda\u00bb, en la homil\u00eda de la misa del Gallo de su primera Navidad tras su elecci\u00f3n el pasado 8 de mayo celebrada en la bas\u00edlica de San Pedro.<\/p>\n<p>Ante 6.000 fieles, en esta misa en la que la Iglesia celebra el nacimiento de Jes\u00fas, el pont\u00edfice estadounidense dedic\u00f3 su homil\u00eda a este momento en el que, afirm\u00f3, \u00abpara iluminar nuestra ceguera, el Se\u00f1or quiso revelarse al hombre como hombre, su verdadera imagen, seg\u00fan un proyecto de amor iniciado con la creaci\u00f3n del mundo\u00bb.<\/p>\n<p>Y cit\u00f3 las palabras de Benedicto XVI en las que afirmaba que \u00abmientras la noche del error oscurezca esta verdad providencial, tampoco queda espacio para los otros, para los ni\u00f1os, los pobres, los extranjeros\u00bb.<\/p>\n<p>\u00abLas palabras del papa Benedicto XVI, tan actuales, nos recuerdan que en la tierra no hay espacio para Dios si no hay espacio para el hombre: no acoger a uno significa rechazar al otro. En cambio, donde hay lugar para el hombre, hay lugar para Dios\u00bb.<\/p>\n<p>Pero&nbsp;<a href=\"https:\/\/efe.com\/mundo\/2025-09-14\/papa-leon-xiv-cumple-70-anos\/\" data-mrf-link=\"https:\/\/efe.com\/mundo\/2025-09-14\/papa-leon-xiv-cumple-70-anos\/\">Robert Prevost<\/a>&nbsp;afirm\u00f3 adem\u00e1s que con el nacimiento del ni\u00f1o Jes\u00fas, \u00abDios da al mundo una nueva vida, la suya, para todos\u00bb y \u00abno es una idea que resuelva todos los problemas, sino una historia de amor que nos involucra\u00bb.<\/p>\n<p id=\"h-el-mensaje-del-nino-jesus-en-palabras-de-leon-xiv\" class=\"wp-block-heading\"><strong>PALABRAS DE LEON XIV SOBRE NI\u00d1O JESUS<\/strong><\/p>\n<p>El papa explic\u00f3 que Dios, \u00abante las expectativas de los pueblos, env\u00eda un ni\u00f1o, para que sea palabra de esperanza; ante el dolor de los miserables\u00bb.<\/p>\n<figure class=\"wp-block-image size-full is-resized\"><img decoding=\"async\" loading=\"lazy\" class=\"wp-image-2378415 alignleft\" src=\"https:\/\/i0.wp.com\/efe.com\/wp-content\/uploads\/2025\/12\/Papa-misa-de-gallo-3.webp?resize=900%2C620&amp;ssl=1\" sizes=\"auto, (max-width: 900px) 100vw, 900px\" srcset=\"https:\/\/i0.wp.com\/efe.com\/wp-content\/uploads\/2025\/12\/Papa-misa-de-gallo-3.webp?w=900&amp;ssl=1 900w, https:\/\/i0.wp.com\/efe.com\/wp-content\/uploads\/2025\/12\/Papa-misa-de-gallo-3.webp?resize=300%2C207&amp;ssl=1 300w, https:\/\/i0.wp.com\/efe.com\/wp-content\/uploads\/2025\/12\/Papa-misa-de-gallo-3.webp?resize=768%2C529&amp;ssl=1 768w, https:\/\/i0.wp.com\/efe.com\/wp-content\/uploads\/2025\/12\/Papa-misa-de-gallo-3.webp?resize=415%2C286&amp;ssl=1 415w\" alt=\"El papa lamenta la econom\u00eda que trata &quot;al hombre como mercanc\u00eda&quot; en su primera misa del Gallo\" width=\"675\" height=\"465\" data-recalc-dims=\"1\"><figcaption class=\"wp-element-caption\">El papa Le\u00f3n XIV lidera la misa del Gallo, este 24 de diciembre de 2025, en la Bas\u00edlica de San Pedro, de El Vaticano. EFE\/Giuseppe Lami<\/figcaption><\/figure>\n<p>\u00ab\u00a1\u00c9l env\u00eda un indefenso, para que sea fuerza para levantarse; ante la violencia y la opresi\u00f3n, \u00c9l enciende una suave luz que ilumina con la salvaci\u00f3n a todos los hijos de este mundo\u00bb, agreg\u00f3.<\/p>\n<p>Y \u00abmientras una econom\u00eda distorsionada induce a tratar a los hombres como mercanc\u00eda, Dios se hace semejante a nosotros, revelando la dignidad infinita de cada persona. Mientras el hombre quiere convertirse en Dios para&nbsp;<a href=\"https:\/\/efe.com\/mundo\/2025-06-22\/leon-xiv-corpus-papa\/\" data-mrf-link=\"https:\/\/efe.com\/mundo\/2025-06-22\/leon-xiv-corpus-papa\/\">dominar al pr\u00f3jimo<\/a>, Dios quiere convertirse en hombre para liberarnos de toda esclavitud.\u00bb, agreg\u00f3.<\/p>\n<p>Concluy\u00f3 destacando que \u00abla Navidad, que es fiesta de la fe, de la caridad y de la esperanza\u00bb.<\/p>\n<p>\u00abEs fiesta de la fe, porque Dios se hace hombre, naciendo de la Virgen. Es fiesta de la caridad, porque el don del Hijo redentor se realiza en la entrega fraterna. Es fiesta de la esperanza, porque el ni\u00f1o Jes\u00fas la enciende en nosotros, haci\u00e9ndonos mensajeros de paz. Con estas virtudes en el coraz\u00f3n, sin temer a la noche, podemos ir al encuentro del amanecer del nuevo d\u00eda\u00bb, destac\u00f3.<\/p>\n<p id=\"h-el-clima-no-detiene-la-misa-del-gallo\" class=\"wp-block-heading\"><strong>EL CLIMA NO DETIENE LA MISA DEL GALLO<\/strong><\/p>\n<p>Ante de la misa, Le\u00f3n XIV sorprendi\u00f3 con un saludo a los cerca 5.000 fieles que esperaban en la plaza de San Pedro a pesar de la lluvia para seguir la misa del Gallo a trav\u00e9s de las pantallas.<\/p>\n<figure class=\"wp-block-image size-full is-resized\"><img decoding=\"async\" loading=\"lazy\" class=\"wp-image-2378412 alignleft\" src=\"https:\/\/i0.wp.com\/efe.com\/wp-content\/uploads\/2025\/12\/Papa-misa-de-gallo-2.webp?resize=900%2C578&amp;ssl=1\" sizes=\"auto, (max-width: 900px) 100vw, 900px\" srcset=\"https:\/\/i0.wp.com\/efe.com\/wp-content\/uploads\/2025\/12\/Papa-misa-de-gallo-2.webp?w=900&amp;ssl=1 900w, https:\/\/i0.wp.com\/efe.com\/wp-content\/uploads\/2025\/12\/Papa-misa-de-gallo-2.webp?resize=300%2C193&amp;ssl=1 300w, https:\/\/i0.wp.com\/efe.com\/wp-content\/uploads\/2025\/12\/Papa-misa-de-gallo-2.webp?resize=768%2C493&amp;ssl=1 768w, https:\/\/i0.wp.com\/efe.com\/wp-content\/uploads\/2025\/12\/Papa-misa-de-gallo-2.webp?resize=430%2C276&amp;ssl=1 430w\" alt=\"El papa lamenta la econom\u00eda que trata &quot;al hombre como mercanc\u00eda&quot; en su primera misa del Gallo\" width=\"679\" height=\"436\" data-recalc-dims=\"1\"><figcaption class=\"wp-element-caption\">El papa Le\u00f3n XIV lidera la misa del Gallo, este 24 de diciembre de 2025, en la Bas\u00edlica de San Pedro, de El Vaticano. EFE\/Giuseppe Lami<\/figcaption><\/figure>\n<p>\u00abLa bas\u00edlica de San Pedro es muy grande, pero no tan grande para recibir a todos ustedes. Por ello, gracias por su valor por estar esperando aqu\u00ed esta tarde\u00bb, dijo el papa en ingl\u00e9s saliendo a la plaza de San Pedro antes de celebrar la misa en el interior en la que ser\u00e1 su primera Navidad tras su elecci\u00f3n el 8 de mayo.<\/p>\n<p>Despu\u00e9s, el papa habl\u00f3 en italiano: \u00abGracias por venir tambi\u00e9n con este es tiempo. Vamos a celebrar la fiesta de Navidad. El ni\u00f1o que ha nacido y que nos trae la paz, nos trae el amor de Dios\u00bb.<\/p>\n<p>Le\u00f3n XIV volver\u00e1 a asomarse ma\u00f1ana al balc\u00f3n de la Logia central de la bas\u00edlica de San Pedro como cuando fue elegido papa, para leer su mensaje de Navidad e impartir la bendici\u00f3n \u00abUrbi et Orbi\u00bb (A la ciudad y al mundo).<\/p>\n<p>of-am<\/p>\n<div class=\"heateor_sss_sharing_container heateor_sss_horizontal_sharing\" data-heateor-sss-href=\"https:\/\/almomento.net\/el-papa-lamenta-economia-que-trata-hombre-una-mercancia\/\" readability=\"7\">\n<p>Comp\u00e1rtelo en tus redes:<\/p>\n<\/div>\n<p> <!-- 468x60 --><br \/>\n<ins class=\"adsbygoogle\" data-ad-client=\"ca-pub-3511341636159665\" data-ad-slot=\"3538255450\"><\/ins> <!-- .entry-content --> <\/p>\n","protected":false},"excerpt":{"rendered":"<p>El papa Le\u00f3n XIV lidera la misa&#46;&#46;&#46;<\/p>\n","protected":false},"author":1,"featured_media":5177,"comment_status":"closed","ping_status":"closed","sticky":false,"template":"","format":"standard","meta":{"_jetpack_memberships_contains_paid_content":false,"footnotes":"","jetpack_publicize_message":"","jetpack_publicize_feature_enabled":true,"jetpack_social_post_already_shared":false,"jetpack_social_options":{"image_generator_settings":{"template":"highway","default_image_id":0,"font":"","enabled":false},"version":2}},"categories":[69],"tags":[],"class_list":["post-5176","post","type-post","status-publish","format-standard","has-post-thumbnail","hentry","category-portada"],"yoast_head":"<!-- This site is optimized with the Yoast SEO plugin v27.3 - https:\/\/yoast.com\/product\/yoast-seo-wordpress\/ -->\n<title>El papa lamenta econom\u00eda que trata \u00abhombre una mercanc\u00eda\u00bb - Sarmiento24h<\/title>\n<meta name=\"robots\" content=\"index, follow, max-snippet:-1, max-image-preview:large, max-video-preview:-1\" \/>\n<link rel=\"canonical\" href=\"https:\/\/sarmiento24h.com\/?p=5176\" \/>\n<meta property=\"og:locale\" content=\"es_ES\" \/>\n<meta property=\"og:type\" content=\"article\" \/>\n<meta property=\"og:title\" content=\"El papa lamenta econom\u00eda que trata \u00abhombre una mercanc\u00eda\u00bb - Sarmiento24h\" \/>\n<meta property=\"og:description\" content=\"El papa Le\u00f3n XIV lidera la misa&#046;&#046;&#046;\" \/>\n<meta property=\"og:url\" content=\"https:\/\/sarmiento24h.com\/?p=5176\" \/>\n<meta property=\"og:site_name\" content=\"Sarmiento24h\" \/>\n<meta property=\"article:publisher\" content=\"https:\/\/facebook.com\/s24hnoticias\" \/>\n<meta property=\"article:published_time\" content=\"2025-12-25T03:06:08+00:00\" \/>\n<meta property=\"og:image\" content=\"https:\/\/sarmiento24h.com\/wp-content\/uploads\/2025\/12\/el-papa-lamenta-economia-que-trata-hombre-una-mercancia.jpg\" \/>\n\t<meta property=\"og:image:width\" content=\"900\" \/>\n\t<meta property=\"og:image:height\" content=\"689\" \/>\n\t<meta property=\"og:image:type\" content=\"image\/jpeg\" \/>\n<meta name=\"author\" content=\"sarmiento24h@gmail.com\" \/>\n<meta name=\"twitter:card\" content=\"summary_large_image\" \/>\n<meta name=\"twitter:creator\" content=\"@sarmiento24h\" \/>\n<meta name=\"twitter:site\" content=\"@sarmiento24h\" \/>\n<meta name=\"twitter:label1\" content=\"Escrito por\" \/>\n\t<meta name=\"twitter:data1\" content=\"sarmiento24h@gmail.com\" \/>\n\t<meta name=\"twitter:label2\" content=\"Tiempo de lectura\" \/>\n\t<meta name=\"twitter:data2\" content=\"4 minutos\" \/>\n<script type=\"application\/ld+json\" class=\"yoast-schema-graph\">{\"@context\":\"https:\\\/\\\/schema.org\",\"@graph\":[{\"@type\":\"Article\",\"@id\":\"https:\\\/\\\/sarmiento24h.com\\\/?p=5176#article\",\"isPartOf\":{\"@id\":\"https:\\\/\\\/sarmiento24h.com\\\/?p=5176\"},\"author\":{\"name\":\"sarmiento24h@gmail.com\",\"@id\":\"https:\\\/\\\/sarmiento24h.com\\\/#\\\/schema\\\/person\\\/d653a59725ad629a7e0429af7b939d4d\"},\"headline\":\"El papa lamenta econom\u00eda que trata \u00abhombre una mercanc\u00eda\u00bb\",\"datePublished\":\"2025-12-25T03:06:08+00:00\",\"mainEntityOfPage\":{\"@id\":\"https:\\\/\\\/sarmiento24h.com\\\/?p=5176\"},\"wordCount\":762,\"publisher\":{\"@id\":\"https:\\\/\\\/sarmiento24h.com\\\/#organization\"},\"image\":{\"@id\":\"https:\\\/\\\/sarmiento24h.com\\\/?p=5176#primaryimage\"},\"thumbnailUrl\":\"https:\\\/\\\/sarmiento24h.com\\\/wp-content\\\/uploads\\\/2025\\\/12\\\/el-papa-lamenta-economia-que-trata-hombre-una-mercancia.jpg\",\"articleSection\":[\"Portada\"],\"inLanguage\":\"es\"},{\"@type\":\"WebPage\",\"@id\":\"https:\\\/\\\/sarmiento24h.com\\\/?p=5176\",\"url\":\"https:\\\/\\\/sarmiento24h.com\\\/?p=5176\",\"name\":\"El papa lamenta econom\u00eda que trata \u00abhombre una mercanc\u00eda\u00bb - Sarmiento24h\",\"isPartOf\":{\"@id\":\"https:\\\/\\\/sarmiento24h.com\\\/#website\"},\"primaryImageOfPage\":{\"@id\":\"https:\\\/\\\/sarmiento24h.com\\\/?p=5176#primaryimage\"},\"image\":{\"@id\":\"https:\\\/\\\/sarmiento24h.com\\\/?p=5176#primaryimage\"},\"thumbnailUrl\":\"https:\\\/\\\/sarmiento24h.com\\\/wp-content\\\/uploads\\\/2025\\\/12\\\/el-papa-lamenta-economia-que-trata-hombre-una-mercancia.jpg\",\"datePublished\":\"2025-12-25T03:06:08+00:00\",\"breadcrumb\":{\"@id\":\"https:\\\/\\\/sarmiento24h.com\\\/?p=5176#breadcrumb\"},\"inLanguage\":\"es\",\"potentialAction\":[{\"@type\":\"ReadAction\",\"target\":[\"https:\\\/\\\/sarmiento24h.com\\\/?p=5176\"]}]},{\"@type\":\"ImageObject\",\"inLanguage\":\"es\",\"@id\":\"https:\\\/\\\/sarmiento24h.com\\\/?p=5176#primaryimage\",\"url\":\"https:\\\/\\\/sarmiento24h.com\\\/wp-content\\\/uploads\\\/2025\\\/12\\\/el-papa-lamenta-economia-que-trata-hombre-una-mercancia.jpg\",\"contentUrl\":\"https:\\\/\\\/sarmiento24h.com\\\/wp-content\\\/uploads\\\/2025\\\/12\\\/el-papa-lamenta-economia-que-trata-hombre-una-mercancia.jpg\",\"width\":900,\"height\":689},{\"@type\":\"BreadcrumbList\",\"@id\":\"https:\\\/\\\/sarmiento24h.com\\\/?p=5176#breadcrumb\",\"itemListElement\":[{\"@type\":\"ListItem\",\"position\":1,\"name\":\"Home\",\"item\":\"https:\\\/\\\/sarmiento24h.com\\\/\"},{\"@type\":\"ListItem\",\"position\":2,\"name\":\"El papa lamenta econom\u00eda que trata \u00abhombre una mercanc\u00eda\u00bb\"}]},{\"@type\":\"WebSite\",\"@id\":\"https:\\\/\\\/sarmiento24h.com\\\/#website\",\"url\":\"https:\\\/\\\/sarmiento24h.com\\\/\",\"name\":\"Sarmiento24h\",\"description\":\"\",\"publisher\":{\"@id\":\"https:\\\/\\\/sarmiento24h.com\\\/#organization\"},\"potentialAction\":[{\"@type\":\"SearchAction\",\"target\":{\"@type\":\"EntryPoint\",\"urlTemplate\":\"https:\\\/\\\/sarmiento24h.com\\\/?s={search_term_string}\"},\"query-input\":{\"@type\":\"PropertyValueSpecification\",\"valueRequired\":true,\"valueName\":\"search_term_string\"}}],\"inLanguage\":\"es\"},{\"@type\":\"Organization\",\"@id\":\"https:\\\/\\\/sarmiento24h.com\\\/#organization\",\"name\":\"Sarmiento24h\",\"url\":\"https:\\\/\\\/sarmiento24h.com\\\/\",\"logo\":{\"@type\":\"ImageObject\",\"inLanguage\":\"es\",\"@id\":\"https:\\\/\\\/sarmiento24h.com\\\/#\\\/schema\\\/logo\\\/image\\\/\",\"url\":\"https:\\\/\\\/sarmiento24h.com\\\/wp-content\\\/uploads\\\/2025\\\/12\\\/AddText_12-16-10.30.52.jpg\",\"contentUrl\":\"https:\\\/\\\/sarmiento24h.com\\\/wp-content\\\/uploads\\\/2025\\\/12\\\/AddText_12-16-10.30.52.jpg\",\"width\":1220,\"height\":324,\"caption\":\"Sarmiento24h\"},\"image\":{\"@id\":\"https:\\\/\\\/sarmiento24h.com\\\/#\\\/schema\\\/logo\\\/image\\\/\"},\"sameAs\":[\"https:\\\/\\\/facebook.com\\\/s24hnoticias\",\"https:\\\/\\\/x.com\\\/sarmiento24h\"]},{\"@type\":\"Person\",\"@id\":\"https:\\\/\\\/sarmiento24h.com\\\/#\\\/schema\\\/person\\\/d653a59725ad629a7e0429af7b939d4d\",\"name\":\"sarmiento24h@gmail.com\",\"image\":{\"@type\":\"ImageObject\",\"inLanguage\":\"es\",\"@id\":\"https:\\\/\\\/sarmiento24h.com\\\/wp-content\\\/litespeed\\\/avatar\\\/d02cbc4e23c747e6659cd45907173c8f.jpg?ver=1777157796\",\"url\":\"https:\\\/\\\/sarmiento24h.com\\\/wp-content\\\/litespeed\\\/avatar\\\/d02cbc4e23c747e6659cd45907173c8f.jpg?ver=1777157796\",\"contentUrl\":\"https:\\\/\\\/sarmiento24h.com\\\/wp-content\\\/litespeed\\\/avatar\\\/d02cbc4e23c747e6659cd45907173c8f.jpg?ver=1777157796\",\"caption\":\"sarmiento24h@gmail.com\"},\"sameAs\":[\"https:\\\/\\\/sarmiento24h.com\"],\"url\":\"https:\\\/\\\/sarmiento24h.com\\\/?author=1\"}]}<\/script>\n<!-- \/ Yoast SEO plugin. -->","yoast_head_json":{"title":"El papa lamenta econom\u00eda que trata \u00abhombre una mercanc\u00eda\u00bb - Sarmiento24h","robots":{"index":"index","follow":"follow","max-snippet":"max-snippet:-1","max-image-preview":"max-image-preview:large","max-video-preview":"max-video-preview:-1"},"canonical":"https:\/\/sarmiento24h.com\/?p=5176","og_locale":"es_ES","og_type":"article","og_title":"El papa lamenta econom\u00eda que trata \u00abhombre una mercanc\u00eda\u00bb - Sarmiento24h","og_description":"El papa Le\u00f3n XIV lidera la misa&#46;&#46;&#46;","og_url":"https:\/\/sarmiento24h.com\/?p=5176","og_site_name":"Sarmiento24h","article_publisher":"https:\/\/facebook.com\/s24hnoticias","article_published_time":"2025-12-25T03:06:08+00:00","og_image":[{"width":900,"height":689,"url":"https:\/\/sarmiento24h.com\/wp-content\/uploads\/2025\/12\/el-papa-lamenta-economia-que-trata-hombre-una-mercancia.jpg","type":"image\/jpeg"}],"author":"sarmiento24h@gmail.com","twitter_card":"summary_large_image","twitter_creator":"@sarmiento24h","twitter_site":"@sarmiento24h","twitter_misc":{"Escrito por":"sarmiento24h@gmail.com","Tiempo de lectura":"4 minutos"},"schema":{"@context":"https:\/\/schema.org","@graph":[{"@type":"Article","@id":"https:\/\/sarmiento24h.com\/?p=5176#article","isPartOf":{"@id":"https:\/\/sarmiento24h.com\/?p=5176"},"author":{"name":"sarmiento24h@gmail.com","@id":"https:\/\/sarmiento24h.com\/#\/schema\/person\/d653a59725ad629a7e0429af7b939d4d"},"headline":"El papa lamenta econom\u00eda que trata \u00abhombre una mercanc\u00eda\u00bb","datePublished":"2025-12-25T03:06:08+00:00","mainEntityOfPage":{"@id":"https:\/\/sarmiento24h.com\/?p=5176"},"wordCount":762,"publisher":{"@id":"https:\/\/sarmiento24h.com\/#organization"},"image":{"@id":"https:\/\/sarmiento24h.com\/?p=5176#primaryimage"},"thumbnailUrl":"https:\/\/sarmiento24h.com\/wp-content\/uploads\/2025\/12\/el-papa-lamenta-economia-que-trata-hombre-una-mercancia.jpg","articleSection":["Portada"],"inLanguage":"es"},{"@type":"WebPage","@id":"https:\/\/sarmiento24h.com\/?p=5176","url":"https:\/\/sarmiento24h.com\/?p=5176","name":"El papa lamenta econom\u00eda que trata \u00abhombre una mercanc\u00eda\u00bb - Sarmiento24h","isPartOf":{"@id":"https:\/\/sarmiento24h.com\/#website"},"primaryImageOfPage":{"@id":"https:\/\/sarmiento24h.com\/?p=5176#primaryimage"},"image":{"@id":"https:\/\/sarmiento24h.com\/?p=5176#primaryimage"},"thumbnailUrl":"https:\/\/sarmiento24h.com\/wp-content\/uploads\/2025\/12\/el-papa-lamenta-economia-que-trata-hombre-una-mercancia.jpg","datePublished":"2025-12-25T03:06:08+00:00","breadcrumb":{"@id":"https:\/\/sarmiento24h.com\/?p=5176#breadcrumb"},"inLanguage":"es","potentialAction":[{"@type":"ReadAction","target":["https:\/\/sarmiento24h.com\/?p=5176"]}]},{"@type":"ImageObject","inLanguage":"es","@id":"https:\/\/sarmiento24h.com\/?p=5176#primaryimage","url":"https:\/\/sarmiento24h.com\/wp-content\/uploads\/2025\/12\/el-papa-lamenta-economia-que-trata-hombre-una-mercancia.jpg","contentUrl":"https:\/\/sarmiento24h.com\/wp-content\/uploads\/2025\/12\/el-papa-lamenta-economia-que-trata-hombre-una-mercancia.jpg","width":900,"height":689},{"@type":"BreadcrumbList","@id":"https:\/\/sarmiento24h.com\/?p=5176#breadcrumb","itemListElement":[{"@type":"ListItem","position":1,"name":"Home","item":"https:\/\/sarmiento24h.com\/"},{"@type":"ListItem","position":2,"name":"El papa lamenta econom\u00eda que trata \u00abhombre una mercanc\u00eda\u00bb"}]},{"@type":"WebSite","@id":"https:\/\/sarmiento24h.com\/#website","url":"https:\/\/sarmiento24h.com\/","name":"Sarmiento24h","description":"","publisher":{"@id":"https:\/\/sarmiento24h.com\/#organization"},"potentialAction":[{"@type":"SearchAction","target":{"@type":"EntryPoint","urlTemplate":"https:\/\/sarmiento24h.com\/?s={search_term_string}"},"query-input":{"@type":"PropertyValueSpecification","valueRequired":true,"valueName":"search_term_string"}}],"inLanguage":"es"},{"@type":"Organization","@id":"https:\/\/sarmiento24h.com\/#organization","name":"Sarmiento24h","url":"https:\/\/sarmiento24h.com\/","logo":{"@type":"ImageObject","inLanguage":"es","@id":"https:\/\/sarmiento24h.com\/#\/schema\/logo\/image\/","url":"https:\/\/sarmiento24h.com\/wp-content\/uploads\/2025\/12\/AddText_12-16-10.30.52.jpg","contentUrl":"https:\/\/sarmiento24h.com\/wp-content\/uploads\/2025\/12\/AddText_12-16-10.30.52.jpg","width":1220,"height":324,"caption":"Sarmiento24h"},"image":{"@id":"https:\/\/sarmiento24h.com\/#\/schema\/logo\/image\/"},"sameAs":["https:\/\/facebook.com\/s24hnoticias","https:\/\/x.com\/sarmiento24h"]},{"@type":"Person","@id":"https:\/\/sarmiento24h.com\/#\/schema\/person\/d653a59725ad629a7e0429af7b939d4d","name":"sarmiento24h@gmail.com","image":{"@type":"ImageObject","inLanguage":"es","@id":"https:\/\/sarmiento24h.com\/wp-content\/litespeed\/avatar\/d02cbc4e23c747e6659cd45907173c8f.jpg?ver=1777157796","url":"https:\/\/sarmiento24h.com\/wp-content\/litespeed\/avatar\/d02cbc4e23c747e6659cd45907173c8f.jpg?ver=1777157796","contentUrl":"https:\/\/sarmiento24h.com\/wp-content\/litespeed\/avatar\/d02cbc4e23c747e6659cd45907173c8f.jpg?ver=1777157796","caption":"sarmiento24h@gmail.com"},"sameAs":["https:\/\/sarmiento24h.com"],"url":"https:\/\/sarmiento24h.com\/?author=1"}]}},"jetpack_publicize_connections":[],"jetpack_featured_media_url":"https:\/\/sarmiento24h.com\/wp-content\/uploads\/2025\/12\/el-papa-lamenta-economia-que-trata-hombre-una-mercancia.jpg","jetpack_sharing_enabled":true,"_links":{"self":[{"href":"https:\/\/sarmiento24h.com\/index.php?rest_route=\/wp\/v2\/posts\/5176","targetHints":{"allow":["GET"]}}],"collection":[{"href":"https:\/\/sarmiento24h.com\/index.php?rest_route=\/wp\/v2\/posts"}],"about":[{"href":"https:\/\/sarmiento24h.com\/index.php?rest_route=\/wp\/v2\/types\/post"}],"author":[{"embeddable":true,"href":"https:\/\/sarmiento24h.com\/index.php?rest_route=\/wp\/v2\/users\/1"}],"replies":[{"embeddable":true,"href":"https:\/\/sarmiento24h.com\/index.php?rest_route=%2Fwp%2Fv2%2Fcomments&post=5176"}],"version-history":[{"count":0,"href":"https:\/\/sarmiento24h.com\/index.php?rest_route=\/wp\/v2\/posts\/5176\/revisions"}],"wp:featuredmedia":[{"embeddable":true,"href":"https:\/\/sarmiento24h.com\/index.php?rest_route=\/wp\/v2\/media\/5177"}],"wp:attachment":[{"href":"https:\/\/sarmiento24h.com\/index.php?rest_route=%2Fwp%2Fv2%2Fmedia&parent=5176"}],"wp:term":[{"taxonomy":"category","embeddable":true,"href":"https:\/\/sarmiento24h.com\/index.php?rest_route=%2Fwp%2Fv2%2Fcategories&post=5176"},{"taxonomy":"post_tag","embeddable":true,"href":"https:\/\/sarmiento24h.com\/index.php?rest_route=%2Fwp%2Fv2%2Ftags&post=5176"}],"curies":[{"name":"wp","href":"https:\/\/api.w.org\/{rel}","templated":true}]}}