{"id":5256,"date":"2025-12-26T00:46:07","date_gmt":"2025-12-26T00:46:07","guid":{"rendered":"http:\/\/almomento.net\/?p=1088129"},"modified":"2025-12-26T00:46:07","modified_gmt":"2025-12-26T00:46:07","slug":"muere-en-miami-la-reconocida-artista-plastica-ada-balcacer","status":"publish","type":"post","link":"https:\/\/sarmiento24h.com\/?p=5256","title":{"rendered":"Muere en Miami la reconocida artista pl\u00e1stica Ada Balc\u00e1cer"},"content":{"rendered":"<p><!-- .entry-header --> <\/p>\n<div class=\"img_center\"> <a href=\"https:\/\/almomento.net\/wp-content\/uploads\/2025\/12\/IMG_9367.jpeg\" alt=\"Muere en Miami la reconocida artista pl\u00e1stica Ada Balc\u00e1cer\" title=\"Muere en Miami la reconocida artista pl\u00e1stica Ada Balc\u00e1cer\" data-toggle=\"lightbox\" class=\"thickbox\"><img decoding=\"async\" src=\"https:\/\/almomento.net\/wp-content\/uploads\/2025\/12\/IMG_9367.jpeg\" class=\"attachment-post-thumbnail size-post-thumbnail wp-post-image\" alt=\"imagen\" title=\"Muere en Miami la reconocida artista pl\u00e1stica Ada Balc\u00e1cer\" data-toggle data-title=\"Muere en Miami la reconocida artista pl\u00e1stica Ada Balc\u00e1cer\"><\/a> <\/div>\n<p class=\"p1\"><span class=\"s1\">Santo Domingo.- Falleci\u00f3 &nbsp;la artista pl\u00e1stica Ada Balc\u00e1cer, premio nacional de Artes Pl\u00e1sticas 2011 y declarada Reserva Cultural de la Naci\u00f3n en 2017 por el Banco de Reservas.<\/span><\/p>\n<p class=\"p1\"><span class=\"s1\">Su deceso se produjo este &nbsp;mi\u00e9rcoles &nbsp;en Miami, Estados Unidos, a los 95 a\u00f1os de edad. No se ha informado so sus restos ser\u00e1n tra\u00eddos al pa\u00eds y tampoco &nbsp;han sido ofrecidos detalles sobre su sepelio.<\/span><\/p>\n<p class=\"p1\"><span class=\"s1\"><strong> Sus or\u00edgenes<\/strong><\/span><\/p>\n<p class=\"p1\"><span class=\"s1\">Balc\u00e1cer naci\u00f3 en Santo Domingo el 16 de junio de 1930. Creci\u00f3 en el campo con la aspiraci\u00f3n inicial de estudiar medicina. Un accidente de equitaci\u00f3n, que deriv\u00f3 en la amputaci\u00f3n de un brazo, cambi\u00f3 radicalmente su destino y la condujo hacia el arte, campo en el que desarroll\u00f3 una obra profundamente personal y resiliente.<\/span><\/p>\n<p class=\"p4\"><strong><span class=\"s2\">Formaci\u00f3n, exilio y regreso<\/span><\/strong><\/p>\n<p class=\"p1\"><span class=\"s1\">Se form\u00f3 durante cuatro a\u00f1os en la Escuela Nacional de Artes Visuales de Santo Domingo en un contexto marcado por la influencia de maestros europeos emigrados tras la guerra. <\/span><\/p>\n<p class=\"p1\"><span class=\"s1\">Entre sus formadores estuvieron Josep Gausachs, Celeste Woss y Gil, Manolo Pascual, Gilberto Hern\u00e1ndez Ortega y Luichy Mart\u00ednez Richiez, figuras determinantes en la modernizaci\u00f3n del arte dominicano.<\/span><\/p>\n<p class=\"p1\"><span class=\"s1\">En 1951 emigr\u00f3 a Estados Unidos y residi\u00f3 durante doce a\u00f1os en Nueva York. All\u00ed estudi\u00f3 en la Art Students League. A su regreso al pa\u00eds, logr\u00f3 consolidar una carrera art\u00edstica respetada y sostenida, combinando creaci\u00f3n, docencia y reflexi\u00f3n cr\u00edtica.<\/span><\/p>\n<p class=\"p4\"><strong><span class=\"s2\">Docencia, obra y reconocimiento<\/span><\/strong><\/p>\n<p class=\"p1\"><span class=\"s1\">Balc\u00e1cer desarroll\u00f3 una extensa labor pedag\u00f3gica como profesora de Grabado en la Escuela de Bellas Artes y de Dibujo en la Facultad de Arquitectura de la Universidad Aut\u00f3noma de Santo Domingo (UASD). Particip\u00f3 en la Primera Bienal Hispanoamericana de Madrid. Asimismo, en 2011 el Centro Cultural Eduardo Le\u00f3n Jimenes le dedic\u00f3 la retrospectiva <\/span><span class=\"s4\">\u201cAlas y ra\u00edces\u201d<\/span><span class=\"s1\">. Una muestra que recorri\u00f3 seis d\u00e9cadas de producci\u00f3n art\u00edstica.<\/span><\/p>\n<p class=\"p1\"><span class=\"s1\">Su obra abord\u00f3 de manera sensible y a la vez firme los avatares de la tierra que la vio nacer, incorporando temas c\u00edvicos, hist\u00f3ricos y episodios de violencia social. Due\u00f1a de un trazo caracterizado por transparencias, capas crom\u00e1ticas y construcci\u00f3n volum\u00e9trica.<\/span><\/p>\n<p class=\"p1\"><span class=\"s1\">Balc\u00e1cer cre\u00f3 universos en los que &nbsp;la forma y el color dialogaban con la memoria y la identidad. <\/span><span class=\"s1\">Desarroll\u00f3 una extensa labor pedag\u00f3gica como profesora de Grabado en la Escuela de Bellas Artes y de Dibujo en la Facultad de Arquitectura de la Universidad Aut\u00f3noma de Santo Domingo (UASD). Particip\u00f3 en la Primera Bienal Hispanoamericana de Madrid. Asimismo, en 2011 el Centro Cultural Eduardo Le\u00f3n Jimenes le dedic\u00f3 la retrospectiva <\/span><span class=\"s4\">\u201cAlas y ra\u00edces\u201d<\/span><span class=\"s1\">. Una muestra que recorri\u00f3 seis d\u00e9cadas de producci\u00f3n art\u00edstica.<\/span><\/p>\n<p class=\"p1\"><span class=\"s1\">Su obra abord\u00f3 de manera sensible y a la vez firme los avatares de la tierra que la vio nacer, incorporando temas c\u00edvicos, hist\u00f3ricos y episodios de violencia social. Due\u00f1a de un trazo caracterizado por transparencias, capas crom\u00e1ticas y construcci\u00f3n volum\u00e9trica.<\/span><\/p>\n<p class=\"p1\"><span class=\"s1\">Cre\u00f3 universos donde la forma y el color dialogaban con la memoria y la identidad.<\/span><\/p>\n<p>sp-am<\/p>\n<div class=\"heateor_sss_sharing_container heateor_sss_horizontal_sharing\" data-heateor-sss-href=\"https:\/\/almomento.net\/muere-en-miami-la-reconocida-artista-plastica-ada-balcacer\/\" readability=\"7\">\n<p>Comp\u00e1rtelo en tus redes:<\/p>\n<\/div>\n<p> <!-- 468x60 --><br \/>\n<ins class=\"adsbygoogle\" data-ad-client=\"ca-pub-3511341636159665\" data-ad-slot=\"3538255450\"><\/ins> <!-- .entry-content --> <\/p>\n","protected":false},"excerpt":{"rendered":"<p>Santo Domingo.- Falleci\u00f3 &nbsp;la artista pl\u00e1stica Ada&#46;&#46;&#46;<\/p>\n","protected":false},"author":1,"featured_media":5257,"comment_status":"closed","ping_status":"closed","sticky":false,"template":"","format":"standard","meta":{"_jetpack_memberships_contains_paid_content":false,"footnotes":"","jetpack_publicize_message":"","jetpack_publicize_feature_enabled":true,"jetpack_social_post_already_shared":false,"jetpack_social_options":{"image_generator_settings":{"template":"highway","default_image_id":0,"font":"","enabled":false},"version":2}},"categories":[69],"tags":[],"class_list":["post-5256","post","type-post","status-publish","format-standard","has-post-thumbnail","hentry","category-portada"],"yoast_head":"<!-- This site is optimized with the Yoast SEO plugin v27.3 - https:\/\/yoast.com\/product\/yoast-seo-wordpress\/ -->\n<title>Muere en Miami la reconocida artista pl\u00e1stica Ada Balc\u00e1cer - Sarmiento24h<\/title>\n<meta name=\"robots\" content=\"index, follow, max-snippet:-1, max-image-preview:large, max-video-preview:-1\" \/>\n<link rel=\"canonical\" href=\"https:\/\/sarmiento24h.com\/?p=5256\" \/>\n<meta property=\"og:locale\" content=\"es_ES\" \/>\n<meta property=\"og:type\" content=\"article\" \/>\n<meta property=\"og:title\" content=\"Muere en Miami la reconocida artista pl\u00e1stica Ada Balc\u00e1cer - Sarmiento24h\" \/>\n<meta property=\"og:description\" content=\"Santo Domingo.- Falleci\u00f3 &nbsp;la artista pl\u00e1stica Ada&#046;&#046;&#046;\" \/>\n<meta property=\"og:url\" content=\"https:\/\/sarmiento24h.com\/?p=5256\" \/>\n<meta property=\"og:site_name\" content=\"Sarmiento24h\" \/>\n<meta property=\"article:publisher\" content=\"https:\/\/facebook.com\/s24hnoticias\" \/>\n<meta property=\"article:published_time\" content=\"2025-12-26T00:46:07+00:00\" \/>\n<meta property=\"og:image\" content=\"https:\/\/sarmiento24h.com\/wp-content\/uploads\/2025\/12\/muere-en-miami-la-reconocida-artista-plastica-ada-balcacer.jpg\" \/>\n\t<meta property=\"og:image:width\" content=\"387\" \/>\n\t<meta property=\"og:image:height\" content=\"237\" \/>\n\t<meta property=\"og:image:type\" content=\"image\/jpeg\" \/>\n<meta name=\"author\" content=\"sarmiento24h@gmail.com\" \/>\n<meta name=\"twitter:card\" content=\"summary_large_image\" \/>\n<meta name=\"twitter:creator\" content=\"@sarmiento24h\" \/>\n<meta name=\"twitter:site\" content=\"@sarmiento24h\" \/>\n<meta name=\"twitter:label1\" content=\"Escrito por\" \/>\n\t<meta name=\"twitter:data1\" content=\"sarmiento24h@gmail.com\" \/>\n\t<meta name=\"twitter:label2\" content=\"Tiempo de lectura\" \/>\n\t<meta name=\"twitter:data2\" content=\"3 minutos\" \/>\n<script type=\"application\/ld+json\" class=\"yoast-schema-graph\">{\"@context\":\"https:\\\/\\\/schema.org\",\"@graph\":[{\"@type\":\"Article\",\"@id\":\"https:\\\/\\\/sarmiento24h.com\\\/?p=5256#article\",\"isPartOf\":{\"@id\":\"https:\\\/\\\/sarmiento24h.com\\\/?p=5256\"},\"author\":{\"name\":\"sarmiento24h@gmail.com\",\"@id\":\"https:\\\/\\\/sarmiento24h.com\\\/#\\\/schema\\\/person\\\/d653a59725ad629a7e0429af7b939d4d\"},\"headline\":\"Muere en Miami la reconocida artista pl\u00e1stica Ada Balc\u00e1cer\",\"datePublished\":\"2025-12-26T00:46:07+00:00\",\"mainEntityOfPage\":{\"@id\":\"https:\\\/\\\/sarmiento24h.com\\\/?p=5256\"},\"wordCount\":537,\"publisher\":{\"@id\":\"https:\\\/\\\/sarmiento24h.com\\\/#organization\"},\"image\":{\"@id\":\"https:\\\/\\\/sarmiento24h.com\\\/?p=5256#primaryimage\"},\"thumbnailUrl\":\"https:\\\/\\\/sarmiento24h.com\\\/wp-content\\\/uploads\\\/2025\\\/12\\\/muere-en-miami-la-reconocida-artista-plastica-ada-balcacer.jpg\",\"articleSection\":[\"Portada\"],\"inLanguage\":\"es\"},{\"@type\":\"WebPage\",\"@id\":\"https:\\\/\\\/sarmiento24h.com\\\/?p=5256\",\"url\":\"https:\\\/\\\/sarmiento24h.com\\\/?p=5256\",\"name\":\"Muere en Miami la reconocida artista pl\u00e1stica Ada Balc\u00e1cer - Sarmiento24h\",\"isPartOf\":{\"@id\":\"https:\\\/\\\/sarmiento24h.com\\\/#website\"},\"primaryImageOfPage\":{\"@id\":\"https:\\\/\\\/sarmiento24h.com\\\/?p=5256#primaryimage\"},\"image\":{\"@id\":\"https:\\\/\\\/sarmiento24h.com\\\/?p=5256#primaryimage\"},\"thumbnailUrl\":\"https:\\\/\\\/sarmiento24h.com\\\/wp-content\\\/uploads\\\/2025\\\/12\\\/muere-en-miami-la-reconocida-artista-plastica-ada-balcacer.jpg\",\"datePublished\":\"2025-12-26T00:46:07+00:00\",\"breadcrumb\":{\"@id\":\"https:\\\/\\\/sarmiento24h.com\\\/?p=5256#breadcrumb\"},\"inLanguage\":\"es\",\"potentialAction\":[{\"@type\":\"ReadAction\",\"target\":[\"https:\\\/\\\/sarmiento24h.com\\\/?p=5256\"]}]},{\"@type\":\"ImageObject\",\"inLanguage\":\"es\",\"@id\":\"https:\\\/\\\/sarmiento24h.com\\\/?p=5256#primaryimage\",\"url\":\"https:\\\/\\\/sarmiento24h.com\\\/wp-content\\\/uploads\\\/2025\\\/12\\\/muere-en-miami-la-reconocida-artista-plastica-ada-balcacer.jpg\",\"contentUrl\":\"https:\\\/\\\/sarmiento24h.com\\\/wp-content\\\/uploads\\\/2025\\\/12\\\/muere-en-miami-la-reconocida-artista-plastica-ada-balcacer.jpg\",\"width\":387,\"height\":237},{\"@type\":\"BreadcrumbList\",\"@id\":\"https:\\\/\\\/sarmiento24h.com\\\/?p=5256#breadcrumb\",\"itemListElement\":[{\"@type\":\"ListItem\",\"position\":1,\"name\":\"Home\",\"item\":\"https:\\\/\\\/sarmiento24h.com\\\/\"},{\"@type\":\"ListItem\",\"position\":2,\"name\":\"Muere en Miami la reconocida artista pl\u00e1stica Ada Balc\u00e1cer\"}]},{\"@type\":\"WebSite\",\"@id\":\"https:\\\/\\\/sarmiento24h.com\\\/#website\",\"url\":\"https:\\\/\\\/sarmiento24h.com\\\/\",\"name\":\"Sarmiento24h\",\"description\":\"\",\"publisher\":{\"@id\":\"https:\\\/\\\/sarmiento24h.com\\\/#organization\"},\"potentialAction\":[{\"@type\":\"SearchAction\",\"target\":{\"@type\":\"EntryPoint\",\"urlTemplate\":\"https:\\\/\\\/sarmiento24h.com\\\/?s={search_term_string}\"},\"query-input\":{\"@type\":\"PropertyValueSpecification\",\"valueRequired\":true,\"valueName\":\"search_term_string\"}}],\"inLanguage\":\"es\"},{\"@type\":\"Organization\",\"@id\":\"https:\\\/\\\/sarmiento24h.com\\\/#organization\",\"name\":\"Sarmiento24h\",\"url\":\"https:\\\/\\\/sarmiento24h.com\\\/\",\"logo\":{\"@type\":\"ImageObject\",\"inLanguage\":\"es\",\"@id\":\"https:\\\/\\\/sarmiento24h.com\\\/#\\\/schema\\\/logo\\\/image\\\/\",\"url\":\"https:\\\/\\\/sarmiento24h.com\\\/wp-content\\\/uploads\\\/2025\\\/12\\\/AddText_12-16-10.30.52.jpg\",\"contentUrl\":\"https:\\\/\\\/sarmiento24h.com\\\/wp-content\\\/uploads\\\/2025\\\/12\\\/AddText_12-16-10.30.52.jpg\",\"width\":1220,\"height\":324,\"caption\":\"Sarmiento24h\"},\"image\":{\"@id\":\"https:\\\/\\\/sarmiento24h.com\\\/#\\\/schema\\\/logo\\\/image\\\/\"},\"sameAs\":[\"https:\\\/\\\/facebook.com\\\/s24hnoticias\",\"https:\\\/\\\/x.com\\\/sarmiento24h\"]},{\"@type\":\"Person\",\"@id\":\"https:\\\/\\\/sarmiento24h.com\\\/#\\\/schema\\\/person\\\/d653a59725ad629a7e0429af7b939d4d\",\"name\":\"sarmiento24h@gmail.com\",\"image\":{\"@type\":\"ImageObject\",\"inLanguage\":\"es\",\"@id\":\"https:\\\/\\\/sarmiento24h.com\\\/wp-content\\\/litespeed\\\/avatar\\\/d02cbc4e23c747e6659cd45907173c8f.jpg?ver=1777157796\",\"url\":\"https:\\\/\\\/sarmiento24h.com\\\/wp-content\\\/litespeed\\\/avatar\\\/d02cbc4e23c747e6659cd45907173c8f.jpg?ver=1777157796\",\"contentUrl\":\"https:\\\/\\\/sarmiento24h.com\\\/wp-content\\\/litespeed\\\/avatar\\\/d02cbc4e23c747e6659cd45907173c8f.jpg?ver=1777157796\",\"caption\":\"sarmiento24h@gmail.com\"},\"sameAs\":[\"https:\\\/\\\/sarmiento24h.com\"],\"url\":\"https:\\\/\\\/sarmiento24h.com\\\/?author=1\"}]}<\/script>\n<!-- \/ Yoast SEO plugin. -->","yoast_head_json":{"title":"Muere en Miami la reconocida artista pl\u00e1stica Ada Balc\u00e1cer - Sarmiento24h","robots":{"index":"index","follow":"follow","max-snippet":"max-snippet:-1","max-image-preview":"max-image-preview:large","max-video-preview":"max-video-preview:-1"},"canonical":"https:\/\/sarmiento24h.com\/?p=5256","og_locale":"es_ES","og_type":"article","og_title":"Muere en Miami la reconocida artista pl\u00e1stica Ada Balc\u00e1cer - Sarmiento24h","og_description":"Santo Domingo.- Falleci\u00f3 &nbsp;la artista pl\u00e1stica Ada&#46;&#46;&#46;","og_url":"https:\/\/sarmiento24h.com\/?p=5256","og_site_name":"Sarmiento24h","article_publisher":"https:\/\/facebook.com\/s24hnoticias","article_published_time":"2025-12-26T00:46:07+00:00","og_image":[{"width":387,"height":237,"url":"https:\/\/sarmiento24h.com\/wp-content\/uploads\/2025\/12\/muere-en-miami-la-reconocida-artista-plastica-ada-balcacer.jpg","type":"image\/jpeg"}],"author":"sarmiento24h@gmail.com","twitter_card":"summary_large_image","twitter_creator":"@sarmiento24h","twitter_site":"@sarmiento24h","twitter_misc":{"Escrito por":"sarmiento24h@gmail.com","Tiempo de lectura":"3 minutos"},"schema":{"@context":"https:\/\/schema.org","@graph":[{"@type":"Article","@id":"https:\/\/sarmiento24h.com\/?p=5256#article","isPartOf":{"@id":"https:\/\/sarmiento24h.com\/?p=5256"},"author":{"name":"sarmiento24h@gmail.com","@id":"https:\/\/sarmiento24h.com\/#\/schema\/person\/d653a59725ad629a7e0429af7b939d4d"},"headline":"Muere en Miami la reconocida artista pl\u00e1stica Ada Balc\u00e1cer","datePublished":"2025-12-26T00:46:07+00:00","mainEntityOfPage":{"@id":"https:\/\/sarmiento24h.com\/?p=5256"},"wordCount":537,"publisher":{"@id":"https:\/\/sarmiento24h.com\/#organization"},"image":{"@id":"https:\/\/sarmiento24h.com\/?p=5256#primaryimage"},"thumbnailUrl":"https:\/\/sarmiento24h.com\/wp-content\/uploads\/2025\/12\/muere-en-miami-la-reconocida-artista-plastica-ada-balcacer.jpg","articleSection":["Portada"],"inLanguage":"es"},{"@type":"WebPage","@id":"https:\/\/sarmiento24h.com\/?p=5256","url":"https:\/\/sarmiento24h.com\/?p=5256","name":"Muere en Miami la reconocida artista pl\u00e1stica Ada Balc\u00e1cer - Sarmiento24h","isPartOf":{"@id":"https:\/\/sarmiento24h.com\/#website"},"primaryImageOfPage":{"@id":"https:\/\/sarmiento24h.com\/?p=5256#primaryimage"},"image":{"@id":"https:\/\/sarmiento24h.com\/?p=5256#primaryimage"},"thumbnailUrl":"https:\/\/sarmiento24h.com\/wp-content\/uploads\/2025\/12\/muere-en-miami-la-reconocida-artista-plastica-ada-balcacer.jpg","datePublished":"2025-12-26T00:46:07+00:00","breadcrumb":{"@id":"https:\/\/sarmiento24h.com\/?p=5256#breadcrumb"},"inLanguage":"es","potentialAction":[{"@type":"ReadAction","target":["https:\/\/sarmiento24h.com\/?p=5256"]}]},{"@type":"ImageObject","inLanguage":"es","@id":"https:\/\/sarmiento24h.com\/?p=5256#primaryimage","url":"https:\/\/sarmiento24h.com\/wp-content\/uploads\/2025\/12\/muere-en-miami-la-reconocida-artista-plastica-ada-balcacer.jpg","contentUrl":"https:\/\/sarmiento24h.com\/wp-content\/uploads\/2025\/12\/muere-en-miami-la-reconocida-artista-plastica-ada-balcacer.jpg","width":387,"height":237},{"@type":"BreadcrumbList","@id":"https:\/\/sarmiento24h.com\/?p=5256#breadcrumb","itemListElement":[{"@type":"ListItem","position":1,"name":"Home","item":"https:\/\/sarmiento24h.com\/"},{"@type":"ListItem","position":2,"name":"Muere en Miami la reconocida artista pl\u00e1stica Ada Balc\u00e1cer"}]},{"@type":"WebSite","@id":"https:\/\/sarmiento24h.com\/#website","url":"https:\/\/sarmiento24h.com\/","name":"Sarmiento24h","description":"","publisher":{"@id":"https:\/\/sarmiento24h.com\/#organization"},"potentialAction":[{"@type":"SearchAction","target":{"@type":"EntryPoint","urlTemplate":"https:\/\/sarmiento24h.com\/?s={search_term_string}"},"query-input":{"@type":"PropertyValueSpecification","valueRequired":true,"valueName":"search_term_string"}}],"inLanguage":"es"},{"@type":"Organization","@id":"https:\/\/sarmiento24h.com\/#organization","name":"Sarmiento24h","url":"https:\/\/sarmiento24h.com\/","logo":{"@type":"ImageObject","inLanguage":"es","@id":"https:\/\/sarmiento24h.com\/#\/schema\/logo\/image\/","url":"https:\/\/sarmiento24h.com\/wp-content\/uploads\/2025\/12\/AddText_12-16-10.30.52.jpg","contentUrl":"https:\/\/sarmiento24h.com\/wp-content\/uploads\/2025\/12\/AddText_12-16-10.30.52.jpg","width":1220,"height":324,"caption":"Sarmiento24h"},"image":{"@id":"https:\/\/sarmiento24h.com\/#\/schema\/logo\/image\/"},"sameAs":["https:\/\/facebook.com\/s24hnoticias","https:\/\/x.com\/sarmiento24h"]},{"@type":"Person","@id":"https:\/\/sarmiento24h.com\/#\/schema\/person\/d653a59725ad629a7e0429af7b939d4d","name":"sarmiento24h@gmail.com","image":{"@type":"ImageObject","inLanguage":"es","@id":"https:\/\/sarmiento24h.com\/wp-content\/litespeed\/avatar\/d02cbc4e23c747e6659cd45907173c8f.jpg?ver=1777157796","url":"https:\/\/sarmiento24h.com\/wp-content\/litespeed\/avatar\/d02cbc4e23c747e6659cd45907173c8f.jpg?ver=1777157796","contentUrl":"https:\/\/sarmiento24h.com\/wp-content\/litespeed\/avatar\/d02cbc4e23c747e6659cd45907173c8f.jpg?ver=1777157796","caption":"sarmiento24h@gmail.com"},"sameAs":["https:\/\/sarmiento24h.com"],"url":"https:\/\/sarmiento24h.com\/?author=1"}]}},"jetpack_publicize_connections":[],"jetpack_featured_media_url":"https:\/\/sarmiento24h.com\/wp-content\/uploads\/2025\/12\/muere-en-miami-la-reconocida-artista-plastica-ada-balcacer.jpg","jetpack_sharing_enabled":true,"_links":{"self":[{"href":"https:\/\/sarmiento24h.com\/index.php?rest_route=\/wp\/v2\/posts\/5256","targetHints":{"allow":["GET"]}}],"collection":[{"href":"https:\/\/sarmiento24h.com\/index.php?rest_route=\/wp\/v2\/posts"}],"about":[{"href":"https:\/\/sarmiento24h.com\/index.php?rest_route=\/wp\/v2\/types\/post"}],"author":[{"embeddable":true,"href":"https:\/\/sarmiento24h.com\/index.php?rest_route=\/wp\/v2\/users\/1"}],"replies":[{"embeddable":true,"href":"https:\/\/sarmiento24h.com\/index.php?rest_route=%2Fwp%2Fv2%2Fcomments&post=5256"}],"version-history":[{"count":0,"href":"https:\/\/sarmiento24h.com\/index.php?rest_route=\/wp\/v2\/posts\/5256\/revisions"}],"wp:featuredmedia":[{"embeddable":true,"href":"https:\/\/sarmiento24h.com\/index.php?rest_route=\/wp\/v2\/media\/5257"}],"wp:attachment":[{"href":"https:\/\/sarmiento24h.com\/index.php?rest_route=%2Fwp%2Fv2%2Fmedia&parent=5256"}],"wp:term":[{"taxonomy":"category","embeddable":true,"href":"https:\/\/sarmiento24h.com\/index.php?rest_route=%2Fwp%2Fv2%2Fcategories&post=5256"},{"taxonomy":"post_tag","embeddable":true,"href":"https:\/\/sarmiento24h.com\/index.php?rest_route=%2Fwp%2Fv2%2Ftags&post=5256"}],"curies":[{"name":"wp","href":"https:\/\/api.w.org\/{rel}","templated":true}]}}