{"id":5377,"date":"2025-12-27T14:07:30","date_gmt":"2025-12-27T14:07:30","guid":{"rendered":"http:\/\/almomento.net\/?p=1088326"},"modified":"2025-12-27T14:07:30","modified_gmt":"2025-12-27T14:07:30","slug":"empleo-formal-en-rd-contamos-la-historia-completa-opinion","status":"publish","type":"post","link":"https:\/\/sarmiento24h.com\/?p=5377","title":{"rendered":"Empleo formal en RD: \u00bfcontamos la historia completa? (OPINI\u00d3N)"},"content":{"rendered":"<p><!-- .entry-header --> <\/p>\n<div class=\"img_center\" readability=\"9\"> <a href=\"https:\/\/almomento.net\/wp-content\/uploads\/2025\/09\/Daniel-Toribio-e1758884245979.jpg\" alt=\"Empleo formal en RD: \u00bfcontamos la historia completa? (OPINI\u00d3N)\" title=\"Empleo formal en RD: \u00bfcontamos la historia completa? (OPINI\u00d3N)\" data-toggle=\"lightbox\" class=\"thickbox\"><img decoding=\"async\" src=\"https:\/\/almomento.net\/wp-content\/uploads\/2025\/09\/Daniel-Toribio-e1758884245979.jpg\" class=\"attachment-post-thumbnail size-post-thumbnail wp-post-image\" alt=\"imagen\" title=\"Empleo formal en RD: \u00bfcontamos la historia completa? (OPINI\u00d3N)\" data-toggle data-title=\"Empleo formal en RD: \u00bfcontamos la historia completa? (OPINI\u00d3N)\"><\/a><\/p>\n<p>EL AUTOR es un exadministrador del Banco de Reservas. exministro de Hacienda de la Rep\u00fablica Dominicana y actual miembro de la direcci\u00f3n pol\u00edtica del partido Fuerza del Pueblo. Reside en Santo Domingo<\/p>\n<\/p><\/div>\n<p><strong>Por Daniel Toribio<\/strong><\/p>\n<p>Cuando se dice que el empleo formal est\u00e1 creciendo en Rep\u00fablica Dominicana, suena a buena noticia. Implica m\u00e1s personas con estabilidad laboral, seguro de salud y pensiones. El problema es que esa afirmaci\u00f3n descansa en dos formas distintas de contar la formalidad, y las cuentas no cuadran. Si no resolvemos esa brecha, seguiremos celebrando avances que no se reflejan en aportes reales al sistema.<\/p>\n<p>La Encuesta Nacional Continua de Fuerza de Trabajo (ENCFT) reporta que en septiembre de 2025 hab\u00eda 2,336,087 ocupados formales. Esa clasificaci\u00f3n se construye a partir de lo que declara el entrevistado, en particular si afirma tener acceso a seguridad social. Es una medici\u00f3n \u00fatil para entender percepciones y caracter\u00edsticas del empleo, pero tiene un l\u00edmite: no verifica el cumplimiento.<\/p>\n<p>En el otro lado est\u00e1n los registros administrativos vinculados a la seguridad social, difundidos en estad\u00edsticas del sistema. Para ese mismo mes, se reportan 2,255,383 cotizantes efectivos. La diferencia es de 80,704 trabajadores: aparecen como formales en la encuesta, pero no figuran aportando. Esa distancia no es un detalle t\u00e9cnico. Es una se\u00f1al de formalidad aparente.<\/p>\n<p>El costo de esa formalidad aparente lo paga el trabajador. Si no hay cotizaci\u00f3n, no hay ahorro previsional acumulado, la cobertura se vuelve fr\u00e1gil y, ante un despido o una enfermedad, la \u201cformalidad\u201d no se traduce en derechos exigibles. Tambi\u00e9n se distorsiona la competencia: el empleador que cumple carga con costos que el evasor evita, y eso castiga al que hace las cosas bien.<\/p>\n<p>Hay varias explicaciones posibles. Parte de los encuestados puede confundir afiliaci\u00f3n con cotizaci\u00f3n. Otros pueden tener v\u00ednculos laborales intermitentes o esquemas de pago que no se traducen en aportes regulares. Y tambi\u00e9n existe evasi\u00f3n, subdeclaraci\u00f3n y rotaci\u00f3n que deja al trabajador sin cobertura real, aunque se considere \u201cformal\u201d. No se trata de descalificar la ENCFT ni de idealizar el registro administrativo. Se trata de aceptar que hoy contamos dos historias distintas del mismo mercado laboral.<\/p>\n<p>\u00bfPor qu\u00e9 importa? Porque la pol\u00edtica p\u00fablica se dise\u00f1a con n\u00fameros. Si el Gobierno cree que la formalidad avanza m\u00e1s de lo que indican los aportes, subestima el tama\u00f1o de la informalidad efectiva y sobrestima la base contributiva que sostiene pensiones y salud. Eso distorsiona incentivos, debilita la fiscalizaci\u00f3n y retrasa decisiones dif\u00edciles.<\/p>\n<p>La soluci\u00f3n es concreta: integrar y armonizar datos. ENCFT, TSS, SIPEN, Ministerio de Trabajo, DGII y ONE deben publicar un tablero \u00fanico con definiciones comunes y tres cifras expl\u00edcitas: formalidad declarada, formalidad contributiva y brecha. Transparencia, trazabilidad y metas medibles por sector.<\/p>\n<p>Hasta que no contemos bien, no podremos corregir bien. Y sin esa cuenta clara, el empleo formal seguir\u00e1 siendo m\u00e1s promesa estad\u00edstica que protecci\u00f3n efectiva.<\/p>\n<div class=\"heateor_sss_sharing_container heateor_sss_horizontal_sharing\" data-heateor-sss-href=\"https:\/\/almomento.net\/empleo-formal-en-rd-contamos-la-historia-completa-opinion\/\" readability=\"7\">\n<p>Comp\u00e1rtelo en tus redes:<\/p>\n<\/div>\n<p> <!-- 468x60 --><br \/>\n<ins class=\"adsbygoogle\" data-ad-client=\"ca-pub-3511341636159665\" data-ad-slot=\"3538255450\"><\/ins> <!-- .entry-content --> <\/p>\n","protected":false},"excerpt":{"rendered":"<p>EL AUTOR es un exadministrador del Banco&#46;&#46;&#46;<\/p>\n","protected":false},"author":1,"featured_media":5378,"comment_status":"closed","ping_status":"closed","sticky":false,"template":"","format":"standard","meta":{"_jetpack_memberships_contains_paid_content":false,"footnotes":"","jetpack_publicize_message":"","jetpack_publicize_feature_enabled":true,"jetpack_social_post_already_shared":false,"jetpack_social_options":{"image_generator_settings":{"template":"highway","default_image_id":0,"font":"","enabled":false},"version":2}},"categories":[69],"tags":[],"class_list":["post-5377","post","type-post","status-publish","format-standard","has-post-thumbnail","hentry","category-portada"],"yoast_head":"<!-- This site is optimized with the Yoast SEO plugin v27.3 - https:\/\/yoast.com\/product\/yoast-seo-wordpress\/ -->\n<title>Empleo formal en RD: \u00bfcontamos la historia completa? (OPINI\u00d3N) - Sarmiento24h<\/title>\n<meta name=\"robots\" content=\"index, follow, max-snippet:-1, max-image-preview:large, max-video-preview:-1\" \/>\n<link rel=\"canonical\" href=\"https:\/\/sarmiento24h.com\/?p=5377\" \/>\n<meta property=\"og:locale\" content=\"es_ES\" \/>\n<meta property=\"og:type\" content=\"article\" \/>\n<meta property=\"og:title\" content=\"Empleo formal en RD: \u00bfcontamos la historia completa? (OPINI\u00d3N) - Sarmiento24h\" \/>\n<meta property=\"og:description\" content=\"EL AUTOR es un exadministrador del Banco&#046;&#046;&#046;\" \/>\n<meta property=\"og:url\" content=\"https:\/\/sarmiento24h.com\/?p=5377\" \/>\n<meta property=\"og:site_name\" content=\"Sarmiento24h\" \/>\n<meta property=\"article:publisher\" content=\"https:\/\/facebook.com\/s24hnoticias\" \/>\n<meta property=\"article:published_time\" content=\"2025-12-27T14:07:30+00:00\" \/>\n<meta property=\"og:image\" content=\"https:\/\/sarmiento24h.com\/wp-content\/uploads\/2025\/12\/empleo-formal-en-rd-contamos-la-historia-completa-opinion.jpg\" \/>\n\t<meta property=\"og:image:width\" content=\"400\" \/>\n\t<meta property=\"og:image:height\" content=\"371\" \/>\n\t<meta property=\"og:image:type\" content=\"image\/jpeg\" \/>\n<meta name=\"author\" content=\"sarmiento24h@gmail.com\" \/>\n<meta name=\"twitter:card\" content=\"summary_large_image\" \/>\n<meta name=\"twitter:creator\" content=\"@sarmiento24h\" \/>\n<meta name=\"twitter:site\" content=\"@sarmiento24h\" \/>\n<meta name=\"twitter:label1\" content=\"Escrito por\" \/>\n\t<meta name=\"twitter:data1\" content=\"sarmiento24h@gmail.com\" \/>\n\t<meta name=\"twitter:label2\" content=\"Tiempo de lectura\" \/>\n\t<meta name=\"twitter:data2\" content=\"3 minutos\" \/>\n<script type=\"application\/ld+json\" class=\"yoast-schema-graph\">{\"@context\":\"https:\\\/\\\/schema.org\",\"@graph\":[{\"@type\":\"Article\",\"@id\":\"https:\\\/\\\/sarmiento24h.com\\\/?p=5377#article\",\"isPartOf\":{\"@id\":\"https:\\\/\\\/sarmiento24h.com\\\/?p=5377\"},\"author\":{\"name\":\"sarmiento24h@gmail.com\",\"@id\":\"https:\\\/\\\/sarmiento24h.com\\\/#\\\/schema\\\/person\\\/d653a59725ad629a7e0429af7b939d4d\"},\"headline\":\"Empleo formal en RD: \u00bfcontamos la historia completa? (OPINI\u00d3N)\",\"datePublished\":\"2025-12-27T14:07:30+00:00\",\"mainEntityOfPage\":{\"@id\":\"https:\\\/\\\/sarmiento24h.com\\\/?p=5377\"},\"wordCount\":522,\"publisher\":{\"@id\":\"https:\\\/\\\/sarmiento24h.com\\\/#organization\"},\"image\":{\"@id\":\"https:\\\/\\\/sarmiento24h.com\\\/?p=5377#primaryimage\"},\"thumbnailUrl\":\"https:\\\/\\\/sarmiento24h.com\\\/wp-content\\\/uploads\\\/2025\\\/12\\\/empleo-formal-en-rd-contamos-la-historia-completa-opinion.jpg\",\"articleSection\":[\"Portada\"],\"inLanguage\":\"es\"},{\"@type\":\"WebPage\",\"@id\":\"https:\\\/\\\/sarmiento24h.com\\\/?p=5377\",\"url\":\"https:\\\/\\\/sarmiento24h.com\\\/?p=5377\",\"name\":\"Empleo formal en RD: \u00bfcontamos la historia completa? (OPINI\u00d3N) - Sarmiento24h\",\"isPartOf\":{\"@id\":\"https:\\\/\\\/sarmiento24h.com\\\/#website\"},\"primaryImageOfPage\":{\"@id\":\"https:\\\/\\\/sarmiento24h.com\\\/?p=5377#primaryimage\"},\"image\":{\"@id\":\"https:\\\/\\\/sarmiento24h.com\\\/?p=5377#primaryimage\"},\"thumbnailUrl\":\"https:\\\/\\\/sarmiento24h.com\\\/wp-content\\\/uploads\\\/2025\\\/12\\\/empleo-formal-en-rd-contamos-la-historia-completa-opinion.jpg\",\"datePublished\":\"2025-12-27T14:07:30+00:00\",\"breadcrumb\":{\"@id\":\"https:\\\/\\\/sarmiento24h.com\\\/?p=5377#breadcrumb\"},\"inLanguage\":\"es\",\"potentialAction\":[{\"@type\":\"ReadAction\",\"target\":[\"https:\\\/\\\/sarmiento24h.com\\\/?p=5377\"]}]},{\"@type\":\"ImageObject\",\"inLanguage\":\"es\",\"@id\":\"https:\\\/\\\/sarmiento24h.com\\\/?p=5377#primaryimage\",\"url\":\"https:\\\/\\\/sarmiento24h.com\\\/wp-content\\\/uploads\\\/2025\\\/12\\\/empleo-formal-en-rd-contamos-la-historia-completa-opinion.jpg\",\"contentUrl\":\"https:\\\/\\\/sarmiento24h.com\\\/wp-content\\\/uploads\\\/2025\\\/12\\\/empleo-formal-en-rd-contamos-la-historia-completa-opinion.jpg\",\"width\":400,\"height\":371},{\"@type\":\"BreadcrumbList\",\"@id\":\"https:\\\/\\\/sarmiento24h.com\\\/?p=5377#breadcrumb\",\"itemListElement\":[{\"@type\":\"ListItem\",\"position\":1,\"name\":\"Home\",\"item\":\"https:\\\/\\\/sarmiento24h.com\\\/\"},{\"@type\":\"ListItem\",\"position\":2,\"name\":\"Empleo formal en RD: \u00bfcontamos la historia completa? (OPINI\u00d3N)\"}]},{\"@type\":\"WebSite\",\"@id\":\"https:\\\/\\\/sarmiento24h.com\\\/#website\",\"url\":\"https:\\\/\\\/sarmiento24h.com\\\/\",\"name\":\"Sarmiento24h\",\"description\":\"\",\"publisher\":{\"@id\":\"https:\\\/\\\/sarmiento24h.com\\\/#organization\"},\"potentialAction\":[{\"@type\":\"SearchAction\",\"target\":{\"@type\":\"EntryPoint\",\"urlTemplate\":\"https:\\\/\\\/sarmiento24h.com\\\/?s={search_term_string}\"},\"query-input\":{\"@type\":\"PropertyValueSpecification\",\"valueRequired\":true,\"valueName\":\"search_term_string\"}}],\"inLanguage\":\"es\"},{\"@type\":\"Organization\",\"@id\":\"https:\\\/\\\/sarmiento24h.com\\\/#organization\",\"name\":\"Sarmiento24h\",\"url\":\"https:\\\/\\\/sarmiento24h.com\\\/\",\"logo\":{\"@type\":\"ImageObject\",\"inLanguage\":\"es\",\"@id\":\"https:\\\/\\\/sarmiento24h.com\\\/#\\\/schema\\\/logo\\\/image\\\/\",\"url\":\"https:\\\/\\\/sarmiento24h.com\\\/wp-content\\\/uploads\\\/2025\\\/12\\\/AddText_12-16-10.30.52.jpg\",\"contentUrl\":\"https:\\\/\\\/sarmiento24h.com\\\/wp-content\\\/uploads\\\/2025\\\/12\\\/AddText_12-16-10.30.52.jpg\",\"width\":1220,\"height\":324,\"caption\":\"Sarmiento24h\"},\"image\":{\"@id\":\"https:\\\/\\\/sarmiento24h.com\\\/#\\\/schema\\\/logo\\\/image\\\/\"},\"sameAs\":[\"https:\\\/\\\/facebook.com\\\/s24hnoticias\",\"https:\\\/\\\/x.com\\\/sarmiento24h\"]},{\"@type\":\"Person\",\"@id\":\"https:\\\/\\\/sarmiento24h.com\\\/#\\\/schema\\\/person\\\/d653a59725ad629a7e0429af7b939d4d\",\"name\":\"sarmiento24h@gmail.com\",\"image\":{\"@type\":\"ImageObject\",\"inLanguage\":\"es\",\"@id\":\"https:\\\/\\\/sarmiento24h.com\\\/wp-content\\\/litespeed\\\/avatar\\\/d02cbc4e23c747e6659cd45907173c8f.jpg?ver=1777157796\",\"url\":\"https:\\\/\\\/sarmiento24h.com\\\/wp-content\\\/litespeed\\\/avatar\\\/d02cbc4e23c747e6659cd45907173c8f.jpg?ver=1777157796\",\"contentUrl\":\"https:\\\/\\\/sarmiento24h.com\\\/wp-content\\\/litespeed\\\/avatar\\\/d02cbc4e23c747e6659cd45907173c8f.jpg?ver=1777157796\",\"caption\":\"sarmiento24h@gmail.com\"},\"sameAs\":[\"https:\\\/\\\/sarmiento24h.com\"],\"url\":\"https:\\\/\\\/sarmiento24h.com\\\/?author=1\"}]}<\/script>\n<!-- \/ Yoast SEO plugin. -->","yoast_head_json":{"title":"Empleo formal en RD: \u00bfcontamos la historia completa? (OPINI\u00d3N) - Sarmiento24h","robots":{"index":"index","follow":"follow","max-snippet":"max-snippet:-1","max-image-preview":"max-image-preview:large","max-video-preview":"max-video-preview:-1"},"canonical":"https:\/\/sarmiento24h.com\/?p=5377","og_locale":"es_ES","og_type":"article","og_title":"Empleo formal en RD: \u00bfcontamos la historia completa? (OPINI\u00d3N) - Sarmiento24h","og_description":"EL AUTOR es un exadministrador del Banco&#46;&#46;&#46;","og_url":"https:\/\/sarmiento24h.com\/?p=5377","og_site_name":"Sarmiento24h","article_publisher":"https:\/\/facebook.com\/s24hnoticias","article_published_time":"2025-12-27T14:07:30+00:00","og_image":[{"width":400,"height":371,"url":"https:\/\/sarmiento24h.com\/wp-content\/uploads\/2025\/12\/empleo-formal-en-rd-contamos-la-historia-completa-opinion.jpg","type":"image\/jpeg"}],"author":"sarmiento24h@gmail.com","twitter_card":"summary_large_image","twitter_creator":"@sarmiento24h","twitter_site":"@sarmiento24h","twitter_misc":{"Escrito por":"sarmiento24h@gmail.com","Tiempo de lectura":"3 minutos"},"schema":{"@context":"https:\/\/schema.org","@graph":[{"@type":"Article","@id":"https:\/\/sarmiento24h.com\/?p=5377#article","isPartOf":{"@id":"https:\/\/sarmiento24h.com\/?p=5377"},"author":{"name":"sarmiento24h@gmail.com","@id":"https:\/\/sarmiento24h.com\/#\/schema\/person\/d653a59725ad629a7e0429af7b939d4d"},"headline":"Empleo formal en RD: \u00bfcontamos la historia completa? (OPINI\u00d3N)","datePublished":"2025-12-27T14:07:30+00:00","mainEntityOfPage":{"@id":"https:\/\/sarmiento24h.com\/?p=5377"},"wordCount":522,"publisher":{"@id":"https:\/\/sarmiento24h.com\/#organization"},"image":{"@id":"https:\/\/sarmiento24h.com\/?p=5377#primaryimage"},"thumbnailUrl":"https:\/\/sarmiento24h.com\/wp-content\/uploads\/2025\/12\/empleo-formal-en-rd-contamos-la-historia-completa-opinion.jpg","articleSection":["Portada"],"inLanguage":"es"},{"@type":"WebPage","@id":"https:\/\/sarmiento24h.com\/?p=5377","url":"https:\/\/sarmiento24h.com\/?p=5377","name":"Empleo formal en RD: \u00bfcontamos la historia completa? (OPINI\u00d3N) - Sarmiento24h","isPartOf":{"@id":"https:\/\/sarmiento24h.com\/#website"},"primaryImageOfPage":{"@id":"https:\/\/sarmiento24h.com\/?p=5377#primaryimage"},"image":{"@id":"https:\/\/sarmiento24h.com\/?p=5377#primaryimage"},"thumbnailUrl":"https:\/\/sarmiento24h.com\/wp-content\/uploads\/2025\/12\/empleo-formal-en-rd-contamos-la-historia-completa-opinion.jpg","datePublished":"2025-12-27T14:07:30+00:00","breadcrumb":{"@id":"https:\/\/sarmiento24h.com\/?p=5377#breadcrumb"},"inLanguage":"es","potentialAction":[{"@type":"ReadAction","target":["https:\/\/sarmiento24h.com\/?p=5377"]}]},{"@type":"ImageObject","inLanguage":"es","@id":"https:\/\/sarmiento24h.com\/?p=5377#primaryimage","url":"https:\/\/sarmiento24h.com\/wp-content\/uploads\/2025\/12\/empleo-formal-en-rd-contamos-la-historia-completa-opinion.jpg","contentUrl":"https:\/\/sarmiento24h.com\/wp-content\/uploads\/2025\/12\/empleo-formal-en-rd-contamos-la-historia-completa-opinion.jpg","width":400,"height":371},{"@type":"BreadcrumbList","@id":"https:\/\/sarmiento24h.com\/?p=5377#breadcrumb","itemListElement":[{"@type":"ListItem","position":1,"name":"Home","item":"https:\/\/sarmiento24h.com\/"},{"@type":"ListItem","position":2,"name":"Empleo formal en RD: \u00bfcontamos la historia completa? (OPINI\u00d3N)"}]},{"@type":"WebSite","@id":"https:\/\/sarmiento24h.com\/#website","url":"https:\/\/sarmiento24h.com\/","name":"Sarmiento24h","description":"","publisher":{"@id":"https:\/\/sarmiento24h.com\/#organization"},"potentialAction":[{"@type":"SearchAction","target":{"@type":"EntryPoint","urlTemplate":"https:\/\/sarmiento24h.com\/?s={search_term_string}"},"query-input":{"@type":"PropertyValueSpecification","valueRequired":true,"valueName":"search_term_string"}}],"inLanguage":"es"},{"@type":"Organization","@id":"https:\/\/sarmiento24h.com\/#organization","name":"Sarmiento24h","url":"https:\/\/sarmiento24h.com\/","logo":{"@type":"ImageObject","inLanguage":"es","@id":"https:\/\/sarmiento24h.com\/#\/schema\/logo\/image\/","url":"https:\/\/sarmiento24h.com\/wp-content\/uploads\/2025\/12\/AddText_12-16-10.30.52.jpg","contentUrl":"https:\/\/sarmiento24h.com\/wp-content\/uploads\/2025\/12\/AddText_12-16-10.30.52.jpg","width":1220,"height":324,"caption":"Sarmiento24h"},"image":{"@id":"https:\/\/sarmiento24h.com\/#\/schema\/logo\/image\/"},"sameAs":["https:\/\/facebook.com\/s24hnoticias","https:\/\/x.com\/sarmiento24h"]},{"@type":"Person","@id":"https:\/\/sarmiento24h.com\/#\/schema\/person\/d653a59725ad629a7e0429af7b939d4d","name":"sarmiento24h@gmail.com","image":{"@type":"ImageObject","inLanguage":"es","@id":"https:\/\/sarmiento24h.com\/wp-content\/litespeed\/avatar\/d02cbc4e23c747e6659cd45907173c8f.jpg?ver=1777157796","url":"https:\/\/sarmiento24h.com\/wp-content\/litespeed\/avatar\/d02cbc4e23c747e6659cd45907173c8f.jpg?ver=1777157796","contentUrl":"https:\/\/sarmiento24h.com\/wp-content\/litespeed\/avatar\/d02cbc4e23c747e6659cd45907173c8f.jpg?ver=1777157796","caption":"sarmiento24h@gmail.com"},"sameAs":["https:\/\/sarmiento24h.com"],"url":"https:\/\/sarmiento24h.com\/?author=1"}]}},"jetpack_publicize_connections":[],"jetpack_featured_media_url":"https:\/\/sarmiento24h.com\/wp-content\/uploads\/2025\/12\/empleo-formal-en-rd-contamos-la-historia-completa-opinion.jpg","jetpack_sharing_enabled":true,"_links":{"self":[{"href":"https:\/\/sarmiento24h.com\/index.php?rest_route=\/wp\/v2\/posts\/5377","targetHints":{"allow":["GET"]}}],"collection":[{"href":"https:\/\/sarmiento24h.com\/index.php?rest_route=\/wp\/v2\/posts"}],"about":[{"href":"https:\/\/sarmiento24h.com\/index.php?rest_route=\/wp\/v2\/types\/post"}],"author":[{"embeddable":true,"href":"https:\/\/sarmiento24h.com\/index.php?rest_route=\/wp\/v2\/users\/1"}],"replies":[{"embeddable":true,"href":"https:\/\/sarmiento24h.com\/index.php?rest_route=%2Fwp%2Fv2%2Fcomments&post=5377"}],"version-history":[{"count":0,"href":"https:\/\/sarmiento24h.com\/index.php?rest_route=\/wp\/v2\/posts\/5377\/revisions"}],"wp:featuredmedia":[{"embeddable":true,"href":"https:\/\/sarmiento24h.com\/index.php?rest_route=\/wp\/v2\/media\/5378"}],"wp:attachment":[{"href":"https:\/\/sarmiento24h.com\/index.php?rest_route=%2Fwp%2Fv2%2Fmedia&parent=5377"}],"wp:term":[{"taxonomy":"category","embeddable":true,"href":"https:\/\/sarmiento24h.com\/index.php?rest_route=%2Fwp%2Fv2%2Fcategories&post=5377"},{"taxonomy":"post_tag","embeddable":true,"href":"https:\/\/sarmiento24h.com\/index.php?rest_route=%2Fwp%2Fv2%2Ftags&post=5377"}],"curies":[{"name":"wp","href":"https:\/\/api.w.org\/{rel}","templated":true}]}}