{"id":5437,"date":"2025-12-28T13:06:02","date_gmt":"2025-12-28T13:06:02","guid":{"rendered":"http:\/\/almomento.net\/?p=1088395"},"modified":"2025-12-28T13:06:02","modified_gmt":"2025-12-28T13:06:02","slug":"milly-enfrento-dilema-ejercer-como-periodista-o-la-musica","status":"publish","type":"post","link":"https:\/\/sarmiento24h.com\/?p=5437","title":{"rendered":"Milly enfrent\u00f3 dilema ejercer como periodista o la m\u00fasica"},"content":{"rendered":"<p><!-- .entry-header --> <\/p>\n<div class=\"img_center\"> <a href=\"https:\/\/almomento.net\/wp-content\/uploads\/2025\/12\/IMG-20251227-WA0267.jpeg\" alt=\"Milly enfrent\u00f3 dilema ejercer como periodista o la m\u00fasica\" title=\"Milly enfrent\u00f3 dilema ejercer como periodista o la m\u00fasica\" data-toggle=\"lightbox\" class=\"thickbox\"><img decoding=\"async\" src=\"https:\/\/almomento.net\/wp-content\/uploads\/2025\/12\/IMG-20251227-WA0267.jpeg\" class=\"attachment-post-thumbnail size-post-thumbnail wp-post-image\" alt=\"imagen\" title=\"Milly enfrent\u00f3 dilema ejercer como periodista o la m\u00fasica\" data-toggle data-title=\"Milly enfrent\u00f3 dilema ejercer como periodista o la m\u00fasica\"><\/a> <\/div>\n<p>SANTO DOMINGO.-&nbsp; Milly Quezada dice haber preferido la m\u00fasica, aunque nunca fue a una academia a estudiarla, por encima del periodismo, profesi\u00f3n de la que s\u00ed logr\u00f3 graduarse, tras haber concluido los estudios en el City College of New York, pero ese signific\u00f3 un dilema en su vida profesional, raz\u00f3n por la cual junto a su finado esposo sostuvo una conversaci\u00f3n y concluyeron con irse por la profesi\u00f3n que ejerce en la actualidad y que la ha catapultado al estrellato.<\/p>\n<p>La reina del merengue recuerda que, en su juventud, los integrantes de la orquesta estudiaban en la universidad, trabajaban part-time; cuando aparec\u00eda una fiesta, ah\u00ed estaban, pero todo eso fue sucediendo concomitantemente, a tal grado que culmin\u00f3 sus estudios en el City College porque quer\u00eda ser periodista.<\/p>\n<p>Agreg\u00f3 que, por coincidencia, comenzaron a pegarse los temas \u201cLa Guacherna\u201d, \u201cVolvi\u00f3 Juanita\u201d, \u201cTengo\u201d, y su esposo Rafael V\u00e1zquez le dijo que ella no pod\u00eda hacerlo todo, raz\u00f3n por la cual le sugiri\u00f3 que no pod\u00eda ser artista, periodista, madre y esposa, todo a la vez.<\/p>\n<p>Entrevistada por H\u00e9ctor Herrera Cabral en el programa D\u00b4AGENDA, que cada domingo se difunde por Telesistema canal 11 y TV Quisqueya para los Estados Unidos, la int\u00e9rprete de \u201cEntre tu cuerpo y el m\u00edo\u201d&nbsp;sostuvo que, adem\u00e1s de todo eso, ten\u00eda la responsabilidad del hogar, y entendi\u00f3 que ciertamente estaba muy sobrecargada.<\/p>\n<p>Indic\u00f3 que ante la pregunta que le hiciera su pareja de qu\u00e9 era lo que ella quer\u00eda hacer. Su respuesta fue que lo que quer\u00eda era cantar.<\/p>\n<p>\u201cCuando comienzan a proliferarse los night clubs, est\u00e1bamos jovencitos estudiando en la universidad o trabajando part-time, y cuando ven\u00eda una fiesta, ah\u00ed est\u00e1bamos; eso fue sucediendo todo de manera concomitante. Luego me grad\u00fao del City College porque quer\u00eda ser periodista, pero en eso vinieron los \u00e9xitos de los merengues que grabamos, y ah\u00ed llega el dilema entre ejercer el periodismo o seguir en la m\u00fasica, y me decid\u00ed por lo que yo quer\u00eda, que era cantar\u201d, reiter\u00f3 la ic\u00f3nica merenguera.<\/p>\n<p>Asegur\u00f3 que el tiempo le ha dado la raz\u00f3n en el sentido de que tiene m\u00e1s de 45 a\u00f1os en la industria. \u201cEstos cinco Latin Grammy que honran a mi pa\u00eds, los tengo en mi casa con mucho orgullo para la discograf\u00eda y la gloria de la Rep\u00fablica Dominicana, cuyo ADN cultural es el merengue\u201d, precis\u00f3.<\/p>\n<p>Milly Quezada recalc\u00f3 que la m\u00fasica es \u201calgo que yo no planifiqu\u00e9, pero me ha coronado de tanto bien en el sentido emocional y espiritual, lograr representar a mi pa\u00eds, que puedan llamarme en alguna parte del mundo embajadora de la m\u00fasica porque estoy representando nuestra tierra y su ritmo musical\u201d.<\/p>\n<p>\u201cTodo eso ha sido muy bonito, bienvenido, muy org\u00e1nico y lo llevo a mucha honra; no me pesa, no me quejo, s\u00ed pienso que mi familia ha pagado una cuota muy alta porque es dif\u00edcil ser madre de familia y artista, ya que la carrera te drena, te absorbe; mis hijos pagaron una cuota, pero gracias a Dios que tuve una gran madre y otras personas que estuvieron ah\u00ed para ellos cuando yo no estaba\u201d, dijo la artista.<\/p>\n<p><em><strong>LOS VECINOS&nbsp;<\/strong><\/em><\/p>\n<p>La irrupci\u00f3n de la orquesta Los Vecinos a mediados de la d\u00e9cada de los a\u00f1os 70 constituy\u00f3 un golpe de estado a la mentalidad machista que dominaba el merengue en esa \u00e9poca, asegur\u00f3 Milly Quezada, m\u00e1xima estrella de esa agrupaci\u00f3n musical.<\/p>\n<p>\u201cFormar una agrupaci\u00f3n que lleg\u00f3 a llenar un vac\u00edo existente en Washington Heights, que es donde nosotros nos criamos, y que la misma comunidad nos dijera que deber\u00edamos formalizar la agrupaci\u00f3n porque lo est\u00e1bamos haciendo muy bien, llenamos ese vac\u00edo, y con el tiempo fuimos ocupando un lugar que dio el espacio para grabar nuestro primer disco titulado Esta es Milly con los Vecinos, que pas\u00f3 a ser un golpe de estado a esa mentalidad machista que dominaba el merengue en esa \u00e9poca\u201d, reiter\u00f3 Quezada.<\/p>\n<p>Milly reconoci\u00f3 que en esos tiempos estaban do\u00f1a Casandra Damir\u00f3n como folklorista y Elenita Santos con las Salves, pero, \u201crealmente, cuando sale esta chamaquita con esta agrupaci\u00f3n, sus hermanos detr\u00e1s y los vecinos reales de Washington Heights tocando y acompa\u00f1\u00e1ndonos, eso cre\u00f3 un gran impacto en gente como Johnny Ventura y Wilfrido Vargas, que los tom\u00f3 por sorpresa\u201d.<\/p>\n<p>\u201cEn mi caso nac\u00ed con un talento dado por Dios, yo no aprend\u00ed esto en ninguna escuela; para m\u00ed cantar fue como respirar, yo le cantaba y le bailaba a mi pap\u00e1 por cinco centavos, me dec\u00edan cotorrita porque hablaba mucho, en fin, era muy avispita\u201d, record\u00f3 Milly Quezada al ser entrevistada en D\u00b4AGENDA.<\/p>\n<p>Insisti\u00f3 en que desde que tiene uso de raz\u00f3n siempre le ha gustado la m\u00fasica: \u201cYo amaba la m\u00fasica de todo g\u00e9nero, la americana, la bachata; a m\u00ed me dieron varias pelas por escaparme de la casa al colmado de la esquina, que siempre hab\u00eda una vellonera\u201d.<\/p>\n<p>\u201cAdem\u00e1s de ese don, como dec\u00eda Celia Cruz, hay que tener un poco de talento y mucha suerte, estar en el lugar y el momento apropiado, vivir en Nueva York para la \u00e9poca de la Fania; para mis cuatro hermanos todo era m\u00fasica, igual que en el vecindario\u201d, dijo la merenguera sobre el ambiente en que se forj\u00f3 su carrera musical.<\/p>\n<div class=\"heateor_sss_sharing_container heateor_sss_horizontal_sharing\" data-heateor-sss-href=\"https:\/\/almomento.net\/1088395-2\/\" readability=\"7\">\n<p>Comp\u00e1rtelo en tus redes:<\/p>\n<\/div>\n<p> <!-- 468x60 --><br \/>\n<ins class=\"adsbygoogle\" data-ad-client=\"ca-pub-3511341636159665\" data-ad-slot=\"3538255450\"><\/ins> <!-- .entry-content --> <\/p>\n","protected":false},"excerpt":{"rendered":"<p>SANTO DOMINGO.-&nbsp; Milly Quezada dice haber preferido&#46;&#46;&#46;<\/p>\n","protected":false},"author":1,"featured_media":5438,"comment_status":"closed","ping_status":"closed","sticky":false,"template":"","format":"standard","meta":{"_jetpack_memberships_contains_paid_content":false,"footnotes":"","jetpack_publicize_message":"","jetpack_publicize_feature_enabled":true,"jetpack_social_post_already_shared":false,"jetpack_social_options":{"image_generator_settings":{"template":"highway","default_image_id":0,"font":"","enabled":false},"version":2}},"categories":[69],"tags":[],"class_list":["post-5437","post","type-post","status-publish","format-standard","has-post-thumbnail","hentry","category-portada"],"yoast_head":"<!-- This site is optimized with the Yoast SEO plugin v27.3 - https:\/\/yoast.com\/product\/yoast-seo-wordpress\/ -->\n<title>Milly enfrent\u00f3 dilema ejercer como periodista o la m\u00fasica - Sarmiento24h<\/title>\n<meta name=\"robots\" content=\"index, follow, max-snippet:-1, max-image-preview:large, max-video-preview:-1\" \/>\n<link rel=\"canonical\" href=\"https:\/\/sarmiento24h.com\/?p=5437\" \/>\n<meta property=\"og:locale\" content=\"es_ES\" \/>\n<meta property=\"og:type\" content=\"article\" \/>\n<meta property=\"og:title\" content=\"Milly enfrent\u00f3 dilema ejercer como periodista o la m\u00fasica - Sarmiento24h\" \/>\n<meta property=\"og:description\" content=\"SANTO DOMINGO.-&nbsp; Milly Quezada dice haber preferido&#046;&#046;&#046;\" \/>\n<meta property=\"og:url\" content=\"https:\/\/sarmiento24h.com\/?p=5437\" \/>\n<meta property=\"og:site_name\" content=\"Sarmiento24h\" \/>\n<meta property=\"article:publisher\" content=\"https:\/\/facebook.com\/s24hnoticias\" \/>\n<meta property=\"article:published_time\" content=\"2025-12-28T13:06:02+00:00\" \/>\n<meta property=\"og:image\" content=\"https:\/\/sarmiento24h.com\/wp-content\/uploads\/2025\/12\/milly-enfrento-dilema-ejercer-como-periodista-o-la-musica.jpg\" \/>\n\t<meta property=\"og:image:width\" content=\"1600\" \/>\n\t<meta property=\"og:image:height\" content=\"1200\" \/>\n\t<meta property=\"og:image:type\" content=\"image\/jpeg\" \/>\n<meta name=\"author\" content=\"sarmiento24h@gmail.com\" \/>\n<meta name=\"twitter:card\" content=\"summary_large_image\" \/>\n<meta name=\"twitter:creator\" content=\"@sarmiento24h\" \/>\n<meta name=\"twitter:site\" content=\"@sarmiento24h\" \/>\n<meta name=\"twitter:label1\" content=\"Escrito por\" \/>\n\t<meta name=\"twitter:data1\" content=\"sarmiento24h@gmail.com\" \/>\n\t<meta name=\"twitter:label2\" content=\"Tiempo de lectura\" \/>\n\t<meta name=\"twitter:data2\" content=\"5 minutos\" \/>\n<script type=\"application\/ld+json\" class=\"yoast-schema-graph\">{\"@context\":\"https:\\\/\\\/schema.org\",\"@graph\":[{\"@type\":\"Article\",\"@id\":\"https:\\\/\\\/sarmiento24h.com\\\/?p=5437#article\",\"isPartOf\":{\"@id\":\"https:\\\/\\\/sarmiento24h.com\\\/?p=5437\"},\"author\":{\"name\":\"sarmiento24h@gmail.com\",\"@id\":\"https:\\\/\\\/sarmiento24h.com\\\/#\\\/schema\\\/person\\\/d653a59725ad629a7e0429af7b939d4d\"},\"headline\":\"Milly enfrent\u00f3 dilema ejercer como periodista o la m\u00fasica\",\"datePublished\":\"2025-12-28T13:06:02+00:00\",\"mainEntityOfPage\":{\"@id\":\"https:\\\/\\\/sarmiento24h.com\\\/?p=5437\"},\"wordCount\":945,\"publisher\":{\"@id\":\"https:\\\/\\\/sarmiento24h.com\\\/#organization\"},\"image\":{\"@id\":\"https:\\\/\\\/sarmiento24h.com\\\/?p=5437#primaryimage\"},\"thumbnailUrl\":\"https:\\\/\\\/sarmiento24h.com\\\/wp-content\\\/uploads\\\/2025\\\/12\\\/milly-enfrento-dilema-ejercer-como-periodista-o-la-musica.jpg\",\"articleSection\":[\"Portada\"],\"inLanguage\":\"es\"},{\"@type\":\"WebPage\",\"@id\":\"https:\\\/\\\/sarmiento24h.com\\\/?p=5437\",\"url\":\"https:\\\/\\\/sarmiento24h.com\\\/?p=5437\",\"name\":\"Milly enfrent\u00f3 dilema ejercer como periodista o la m\u00fasica - Sarmiento24h\",\"isPartOf\":{\"@id\":\"https:\\\/\\\/sarmiento24h.com\\\/#website\"},\"primaryImageOfPage\":{\"@id\":\"https:\\\/\\\/sarmiento24h.com\\\/?p=5437#primaryimage\"},\"image\":{\"@id\":\"https:\\\/\\\/sarmiento24h.com\\\/?p=5437#primaryimage\"},\"thumbnailUrl\":\"https:\\\/\\\/sarmiento24h.com\\\/wp-content\\\/uploads\\\/2025\\\/12\\\/milly-enfrento-dilema-ejercer-como-periodista-o-la-musica.jpg\",\"datePublished\":\"2025-12-28T13:06:02+00:00\",\"breadcrumb\":{\"@id\":\"https:\\\/\\\/sarmiento24h.com\\\/?p=5437#breadcrumb\"},\"inLanguage\":\"es\",\"potentialAction\":[{\"@type\":\"ReadAction\",\"target\":[\"https:\\\/\\\/sarmiento24h.com\\\/?p=5437\"]}]},{\"@type\":\"ImageObject\",\"inLanguage\":\"es\",\"@id\":\"https:\\\/\\\/sarmiento24h.com\\\/?p=5437#primaryimage\",\"url\":\"https:\\\/\\\/sarmiento24h.com\\\/wp-content\\\/uploads\\\/2025\\\/12\\\/milly-enfrento-dilema-ejercer-como-periodista-o-la-musica.jpg\",\"contentUrl\":\"https:\\\/\\\/sarmiento24h.com\\\/wp-content\\\/uploads\\\/2025\\\/12\\\/milly-enfrento-dilema-ejercer-como-periodista-o-la-musica.jpg\",\"width\":1600,\"height\":1200},{\"@type\":\"BreadcrumbList\",\"@id\":\"https:\\\/\\\/sarmiento24h.com\\\/?p=5437#breadcrumb\",\"itemListElement\":[{\"@type\":\"ListItem\",\"position\":1,\"name\":\"Home\",\"item\":\"https:\\\/\\\/sarmiento24h.com\\\/\"},{\"@type\":\"ListItem\",\"position\":2,\"name\":\"Milly enfrent\u00f3 dilema ejercer como periodista o la m\u00fasica\"}]},{\"@type\":\"WebSite\",\"@id\":\"https:\\\/\\\/sarmiento24h.com\\\/#website\",\"url\":\"https:\\\/\\\/sarmiento24h.com\\\/\",\"name\":\"Sarmiento24h\",\"description\":\"\",\"publisher\":{\"@id\":\"https:\\\/\\\/sarmiento24h.com\\\/#organization\"},\"potentialAction\":[{\"@type\":\"SearchAction\",\"target\":{\"@type\":\"EntryPoint\",\"urlTemplate\":\"https:\\\/\\\/sarmiento24h.com\\\/?s={search_term_string}\"},\"query-input\":{\"@type\":\"PropertyValueSpecification\",\"valueRequired\":true,\"valueName\":\"search_term_string\"}}],\"inLanguage\":\"es\"},{\"@type\":\"Organization\",\"@id\":\"https:\\\/\\\/sarmiento24h.com\\\/#organization\",\"name\":\"Sarmiento24h\",\"url\":\"https:\\\/\\\/sarmiento24h.com\\\/\",\"logo\":{\"@type\":\"ImageObject\",\"inLanguage\":\"es\",\"@id\":\"https:\\\/\\\/sarmiento24h.com\\\/#\\\/schema\\\/logo\\\/image\\\/\",\"url\":\"https:\\\/\\\/sarmiento24h.com\\\/wp-content\\\/uploads\\\/2025\\\/12\\\/AddText_12-16-10.30.52.jpg\",\"contentUrl\":\"https:\\\/\\\/sarmiento24h.com\\\/wp-content\\\/uploads\\\/2025\\\/12\\\/AddText_12-16-10.30.52.jpg\",\"width\":1220,\"height\":324,\"caption\":\"Sarmiento24h\"},\"image\":{\"@id\":\"https:\\\/\\\/sarmiento24h.com\\\/#\\\/schema\\\/logo\\\/image\\\/\"},\"sameAs\":[\"https:\\\/\\\/facebook.com\\\/s24hnoticias\",\"https:\\\/\\\/x.com\\\/sarmiento24h\"]},{\"@type\":\"Person\",\"@id\":\"https:\\\/\\\/sarmiento24h.com\\\/#\\\/schema\\\/person\\\/d653a59725ad629a7e0429af7b939d4d\",\"name\":\"sarmiento24h@gmail.com\",\"image\":{\"@type\":\"ImageObject\",\"inLanguage\":\"es\",\"@id\":\"https:\\\/\\\/sarmiento24h.com\\\/wp-content\\\/litespeed\\\/avatar\\\/d02cbc4e23c747e6659cd45907173c8f.jpg?ver=1777157796\",\"url\":\"https:\\\/\\\/sarmiento24h.com\\\/wp-content\\\/litespeed\\\/avatar\\\/d02cbc4e23c747e6659cd45907173c8f.jpg?ver=1777157796\",\"contentUrl\":\"https:\\\/\\\/sarmiento24h.com\\\/wp-content\\\/litespeed\\\/avatar\\\/d02cbc4e23c747e6659cd45907173c8f.jpg?ver=1777157796\",\"caption\":\"sarmiento24h@gmail.com\"},\"sameAs\":[\"https:\\\/\\\/sarmiento24h.com\"],\"url\":\"https:\\\/\\\/sarmiento24h.com\\\/?author=1\"}]}<\/script>\n<!-- \/ Yoast SEO plugin. -->","yoast_head_json":{"title":"Milly enfrent\u00f3 dilema ejercer como periodista o la m\u00fasica - Sarmiento24h","robots":{"index":"index","follow":"follow","max-snippet":"max-snippet:-1","max-image-preview":"max-image-preview:large","max-video-preview":"max-video-preview:-1"},"canonical":"https:\/\/sarmiento24h.com\/?p=5437","og_locale":"es_ES","og_type":"article","og_title":"Milly enfrent\u00f3 dilema ejercer como periodista o la m\u00fasica - Sarmiento24h","og_description":"SANTO DOMINGO.-&nbsp; Milly Quezada dice haber preferido&#46;&#46;&#46;","og_url":"https:\/\/sarmiento24h.com\/?p=5437","og_site_name":"Sarmiento24h","article_publisher":"https:\/\/facebook.com\/s24hnoticias","article_published_time":"2025-12-28T13:06:02+00:00","og_image":[{"width":1600,"height":1200,"url":"https:\/\/sarmiento24h.com\/wp-content\/uploads\/2025\/12\/milly-enfrento-dilema-ejercer-como-periodista-o-la-musica.jpg","type":"image\/jpeg"}],"author":"sarmiento24h@gmail.com","twitter_card":"summary_large_image","twitter_creator":"@sarmiento24h","twitter_site":"@sarmiento24h","twitter_misc":{"Escrito por":"sarmiento24h@gmail.com","Tiempo de lectura":"5 minutos"},"schema":{"@context":"https:\/\/schema.org","@graph":[{"@type":"Article","@id":"https:\/\/sarmiento24h.com\/?p=5437#article","isPartOf":{"@id":"https:\/\/sarmiento24h.com\/?p=5437"},"author":{"name":"sarmiento24h@gmail.com","@id":"https:\/\/sarmiento24h.com\/#\/schema\/person\/d653a59725ad629a7e0429af7b939d4d"},"headline":"Milly enfrent\u00f3 dilema ejercer como periodista o la m\u00fasica","datePublished":"2025-12-28T13:06:02+00:00","mainEntityOfPage":{"@id":"https:\/\/sarmiento24h.com\/?p=5437"},"wordCount":945,"publisher":{"@id":"https:\/\/sarmiento24h.com\/#organization"},"image":{"@id":"https:\/\/sarmiento24h.com\/?p=5437#primaryimage"},"thumbnailUrl":"https:\/\/sarmiento24h.com\/wp-content\/uploads\/2025\/12\/milly-enfrento-dilema-ejercer-como-periodista-o-la-musica.jpg","articleSection":["Portada"],"inLanguage":"es"},{"@type":"WebPage","@id":"https:\/\/sarmiento24h.com\/?p=5437","url":"https:\/\/sarmiento24h.com\/?p=5437","name":"Milly enfrent\u00f3 dilema ejercer como periodista o la m\u00fasica - Sarmiento24h","isPartOf":{"@id":"https:\/\/sarmiento24h.com\/#website"},"primaryImageOfPage":{"@id":"https:\/\/sarmiento24h.com\/?p=5437#primaryimage"},"image":{"@id":"https:\/\/sarmiento24h.com\/?p=5437#primaryimage"},"thumbnailUrl":"https:\/\/sarmiento24h.com\/wp-content\/uploads\/2025\/12\/milly-enfrento-dilema-ejercer-como-periodista-o-la-musica.jpg","datePublished":"2025-12-28T13:06:02+00:00","breadcrumb":{"@id":"https:\/\/sarmiento24h.com\/?p=5437#breadcrumb"},"inLanguage":"es","potentialAction":[{"@type":"ReadAction","target":["https:\/\/sarmiento24h.com\/?p=5437"]}]},{"@type":"ImageObject","inLanguage":"es","@id":"https:\/\/sarmiento24h.com\/?p=5437#primaryimage","url":"https:\/\/sarmiento24h.com\/wp-content\/uploads\/2025\/12\/milly-enfrento-dilema-ejercer-como-periodista-o-la-musica.jpg","contentUrl":"https:\/\/sarmiento24h.com\/wp-content\/uploads\/2025\/12\/milly-enfrento-dilema-ejercer-como-periodista-o-la-musica.jpg","width":1600,"height":1200},{"@type":"BreadcrumbList","@id":"https:\/\/sarmiento24h.com\/?p=5437#breadcrumb","itemListElement":[{"@type":"ListItem","position":1,"name":"Home","item":"https:\/\/sarmiento24h.com\/"},{"@type":"ListItem","position":2,"name":"Milly enfrent\u00f3 dilema ejercer como periodista o la m\u00fasica"}]},{"@type":"WebSite","@id":"https:\/\/sarmiento24h.com\/#website","url":"https:\/\/sarmiento24h.com\/","name":"Sarmiento24h","description":"","publisher":{"@id":"https:\/\/sarmiento24h.com\/#organization"},"potentialAction":[{"@type":"SearchAction","target":{"@type":"EntryPoint","urlTemplate":"https:\/\/sarmiento24h.com\/?s={search_term_string}"},"query-input":{"@type":"PropertyValueSpecification","valueRequired":true,"valueName":"search_term_string"}}],"inLanguage":"es"},{"@type":"Organization","@id":"https:\/\/sarmiento24h.com\/#organization","name":"Sarmiento24h","url":"https:\/\/sarmiento24h.com\/","logo":{"@type":"ImageObject","inLanguage":"es","@id":"https:\/\/sarmiento24h.com\/#\/schema\/logo\/image\/","url":"https:\/\/sarmiento24h.com\/wp-content\/uploads\/2025\/12\/AddText_12-16-10.30.52.jpg","contentUrl":"https:\/\/sarmiento24h.com\/wp-content\/uploads\/2025\/12\/AddText_12-16-10.30.52.jpg","width":1220,"height":324,"caption":"Sarmiento24h"},"image":{"@id":"https:\/\/sarmiento24h.com\/#\/schema\/logo\/image\/"},"sameAs":["https:\/\/facebook.com\/s24hnoticias","https:\/\/x.com\/sarmiento24h"]},{"@type":"Person","@id":"https:\/\/sarmiento24h.com\/#\/schema\/person\/d653a59725ad629a7e0429af7b939d4d","name":"sarmiento24h@gmail.com","image":{"@type":"ImageObject","inLanguage":"es","@id":"https:\/\/sarmiento24h.com\/wp-content\/litespeed\/avatar\/d02cbc4e23c747e6659cd45907173c8f.jpg?ver=1777157796","url":"https:\/\/sarmiento24h.com\/wp-content\/litespeed\/avatar\/d02cbc4e23c747e6659cd45907173c8f.jpg?ver=1777157796","contentUrl":"https:\/\/sarmiento24h.com\/wp-content\/litespeed\/avatar\/d02cbc4e23c747e6659cd45907173c8f.jpg?ver=1777157796","caption":"sarmiento24h@gmail.com"},"sameAs":["https:\/\/sarmiento24h.com"],"url":"https:\/\/sarmiento24h.com\/?author=1"}]}},"jetpack_publicize_connections":[],"jetpack_featured_media_url":"https:\/\/sarmiento24h.com\/wp-content\/uploads\/2025\/12\/milly-enfrento-dilema-ejercer-como-periodista-o-la-musica.jpg","jetpack_sharing_enabled":true,"_links":{"self":[{"href":"https:\/\/sarmiento24h.com\/index.php?rest_route=\/wp\/v2\/posts\/5437","targetHints":{"allow":["GET"]}}],"collection":[{"href":"https:\/\/sarmiento24h.com\/index.php?rest_route=\/wp\/v2\/posts"}],"about":[{"href":"https:\/\/sarmiento24h.com\/index.php?rest_route=\/wp\/v2\/types\/post"}],"author":[{"embeddable":true,"href":"https:\/\/sarmiento24h.com\/index.php?rest_route=\/wp\/v2\/users\/1"}],"replies":[{"embeddable":true,"href":"https:\/\/sarmiento24h.com\/index.php?rest_route=%2Fwp%2Fv2%2Fcomments&post=5437"}],"version-history":[{"count":0,"href":"https:\/\/sarmiento24h.com\/index.php?rest_route=\/wp\/v2\/posts\/5437\/revisions"}],"wp:featuredmedia":[{"embeddable":true,"href":"https:\/\/sarmiento24h.com\/index.php?rest_route=\/wp\/v2\/media\/5438"}],"wp:attachment":[{"href":"https:\/\/sarmiento24h.com\/index.php?rest_route=%2Fwp%2Fv2%2Fmedia&parent=5437"}],"wp:term":[{"taxonomy":"category","embeddable":true,"href":"https:\/\/sarmiento24h.com\/index.php?rest_route=%2Fwp%2Fv2%2Fcategories&post=5437"},{"taxonomy":"post_tag","embeddable":true,"href":"https:\/\/sarmiento24h.com\/index.php?rest_route=%2Fwp%2Fv2%2Ftags&post=5437"}],"curies":[{"name":"wp","href":"https:\/\/api.w.org\/{rel}","templated":true}]}}