{"id":5460,"date":"2025-12-28T20:06:49","date_gmt":"2025-12-28T20:06:49","guid":{"rendered":"http:\/\/almomento.net\/?p=1088517"},"modified":"2025-12-28T20:06:49","modified_gmt":"2025-12-28T20:06:49","slug":"delegados-15-paises-asisten-en-rd-a-congreso-cultura-de-paz","status":"publish","type":"post","link":"https:\/\/sarmiento24h.com\/?p=5460","title":{"rendered":"Delegados 15 pa\u00edses asisten en RD a Congreso Cultura de Paz"},"content":{"rendered":"<p><!-- .entry-header --> <\/p>\n<div class=\"img_center\" readability=\"9\"> <a href=\"https:\/\/almomento.net\/wp-content\/uploads\/2025\/12\/Representantes.jpg\" alt=\"Delegados 15 pa\u00edses asisten en RD a Congreso Cultura de Paz\" title=\"Delegados 15 pa\u00edses asisten en RD a Congreso Cultura de Paz\" data-toggle=\"lightbox\" class=\"thickbox\"><img decoding=\"async\" src=\"https:\/\/almomento.net\/wp-content\/uploads\/2025\/12\/Representantes.jpg\" class=\"attachment-post-thumbnail size-post-thumbnail wp-post-image\" alt=\"imagen\" title=\"Delegados 15 pa\u00edses asisten en RD a Congreso Cultura de Paz\" data-toggle data-title=\"Delegados 15 pa\u00edses asisten en RD a Congreso Cultura de Paz\"><\/a><\/p>\n<p>Dirigentes de la Federaci\u00f3n Internacional de Asociaciones de Ayuda Social, Ecol\u00f3gica y Cultural (FIADASEC) en el acto de inauguraci\u00f3n del Noveno Congreso de esta entidad<\/p>\n<\/p><\/div>\n<p>SANTO DOMINGO,&nbsp;28&nbsp;de diciembre de 2025.&nbsp;\u2013&nbsp;Con la asistencia de delegados de 15 pa\u00edses fue iniciado en esta capital el&nbsp;Noveno Congreso Internacional por una Cultura de Paz, organizado por la Federaci\u00f3n Internacional de Asociaciones de Ayuda Social, Ecol\u00f3gica y Cultural (FIADASEC).<\/p>\n<p>El evento re\u00fane a cientos de personas comprometidas la paz, la educaci\u00f3n en valores, la convivencia pac\u00edfica, la espiritualidad, la salud plena y la defensa de todos los seres vivientes del planeta tierra.<\/p>\n<p>Representan a Estados Unidos, Espa\u00f1a, B\u00e9lgica, Italia, Panam\u00e1, Bolivia, Per\u00fa, Brasil, Uruguay, Argentina, Colombia, M\u00e9xico, Ecuador, El Salvador y Rep\u00fablica Dominicana, como anfitri\u00f3n, entre otros.<\/p>\n<p><strong>MOVIMIENTO DE CONCIENCIA GLOBAL<\/strong><\/p>\n<figure id=\"attachment_1088524\" aria-describedby=\"caption-attachment-1088524\" class=\"wp-caption alignleft\"><img loading=\"lazy\" decoding=\"async\" class=\" wp-image-1088524\" src=\"https:\/\/almomento.net\/wp-content\/uploads\/2025\/12\/Parte-de-los-delegados-1024x552.jpg\" alt width=\"496\" height=\"267\" srcset=\"https:\/\/almomento.net\/wp-content\/uploads\/2025\/12\/Parte-de-los-delegados-1024x552.jpg 1024w, https:\/\/almomento.net\/wp-content\/uploads\/2025\/12\/Parte-de-los-delegados-300x162.jpg 300w, https:\/\/almomento.net\/wp-content\/uploads\/2025\/12\/Parte-de-los-delegados-768x414.jpg 768w, https:\/\/almomento.net\/wp-content\/uploads\/2025\/12\/Parte-de-los-delegados-150x81.jpg 150w, https:\/\/almomento.net\/wp-content\/uploads\/2025\/12\/Parte-de-los-delegados-450x242.jpg 450w, https:\/\/almomento.net\/wp-content\/uploads\/2025\/12\/Parte-de-los-delegados.jpg 1537w\" sizes=\"auto, (max-width: 496px) 100vw, 496px\"><figcaption id=\"caption-attachment-1088524\" class=\"wp-caption-text\">Parte de los delegados que asisten al Noveno Congreso Internacional por una Cultura de Paz<\/figcaption><\/figure>\n<p>En la ceremonia inaugural, efectuada en el &nbsp;hotel Renaissance Jaragua, la presidenta de FIADASEC, doctora Irmgard Radefeldt Fonck, declar\u00f3 que el mundo experimenta un movimiento de conciencia a nivel global, lo que contribuye a que cada d\u00eda &nbsp;m\u00e1s &nbsp;personas se sintonicen con los valores de la paz y la convivencia pac\u00edfica.<\/p>\n<p>Dijo que eventos como&nbsp;el que se acaba de iniciar en Santo Domingo, son sumamente importantes para elevar la conciencia en el planeta Tierra.<\/p>\n<p>\u201cLa diferentes filiales de la Federaci\u00f3n&nbsp;que&nbsp;se han dado cita, est\u00e1n&nbsp;apoyando&nbsp;un evento que es un c\u00f3nclave de luz de esa conciencia emergente, de esa conciencia evolutiva que se est\u00e1 implantando en toda la humanidad, asever\u00f3.<\/p>\n<p>En el acto tambi\u00e9n habl\u00f3 el vicepresidente de FIADASEC, licenciado Tom\u00e1s Ram\u00f3n Aybar, quien destac\u00f3 el gran impacto que tiene este congreso, al cual asisten cientos de personas que se dedican a promover el bien com\u00fan y el desarrollo de la conciencia.<\/p>\n<p>Otros oradores fueron la coordinadora del evento, doctora Rosy Garc\u00eda; el presidente de ADASEC, licenciado Jos\u00e9 Camilo; el biof\u00edsico Andreas Kalcker, el doctor Edgardo Musi, de la Hermandad Asclepio de Argentina y el doctor Guillermo Celado, vice coordinador del Congreso, entre otros.<\/p>\n<p><strong>MOVIMIENTO DE CONCIENCIA MUNDIAL<\/strong><\/p>\n<p>FIADASEC es un movimiento de conciencia mundial que opera en 15 pa\u00edses, con sede en la Rep\u00fablica Dominicana. Es miembro del Consejo Econ\u00f3mico y Social (<strong>ECOSOC<\/strong>) de las Naciones Unidas.<\/p>\n<p>Sp-am<\/p>\n<div class=\"heateor_sss_sharing_container heateor_sss_horizontal_sharing\" data-heateor-sss-href=\"https:\/\/almomento.net\/delegados-15-paises-asisten-enrd-a-congreso-cultura-de-paz\/\" readability=\"7\">\n<p>Comp\u00e1rtelo en tus redes:<\/p>\n<\/div>\n<p> <!-- 468x60 --><br \/>\n<ins class=\"adsbygoogle\" data-ad-client=\"ca-pub-3511341636159665\" data-ad-slot=\"3538255450\"><\/ins> <!-- .entry-content --> <\/p>\n","protected":false},"excerpt":{"rendered":"<p>Dirigentes de la Federaci\u00f3n Internacional de Asociaciones&#46;&#46;&#46;<\/p>\n","protected":false},"author":1,"featured_media":5461,"comment_status":"closed","ping_status":"closed","sticky":false,"template":"","format":"standard","meta":{"_jetpack_memberships_contains_paid_content":false,"footnotes":"","jetpack_publicize_message":"","jetpack_publicize_feature_enabled":true,"jetpack_social_post_already_shared":false,"jetpack_social_options":{"image_generator_settings":{"template":"highway","default_image_id":0,"font":"","enabled":false},"version":2}},"categories":[69],"tags":[],"class_list":["post-5460","post","type-post","status-publish","format-standard","has-post-thumbnail","hentry","category-portada"],"yoast_head":"<!-- This site is optimized with the Yoast SEO plugin v27.3 - https:\/\/yoast.com\/product\/yoast-seo-wordpress\/ -->\n<title>Delegados 15 pa\u00edses asisten en RD a Congreso Cultura de Paz - Sarmiento24h<\/title>\n<meta name=\"robots\" content=\"index, follow, max-snippet:-1, max-image-preview:large, max-video-preview:-1\" \/>\n<link rel=\"canonical\" href=\"https:\/\/sarmiento24h.com\/?p=5460\" \/>\n<meta property=\"og:locale\" content=\"es_ES\" \/>\n<meta property=\"og:type\" content=\"article\" \/>\n<meta property=\"og:title\" content=\"Delegados 15 pa\u00edses asisten en RD a Congreso Cultura de Paz - Sarmiento24h\" \/>\n<meta property=\"og:description\" content=\"Dirigentes de la Federaci\u00f3n Internacional de Asociaciones&#046;&#046;&#046;\" \/>\n<meta property=\"og:url\" content=\"https:\/\/sarmiento24h.com\/?p=5460\" \/>\n<meta property=\"og:site_name\" content=\"Sarmiento24h\" \/>\n<meta property=\"article:publisher\" content=\"https:\/\/facebook.com\/s24hnoticias\" \/>\n<meta property=\"article:published_time\" content=\"2025-12-28T20:06:49+00:00\" \/>\n<meta property=\"og:image\" content=\"https:\/\/sarmiento24h.com\/wp-content\/uploads\/2025\/12\/delegados-15-paises-asisten-en-rd-a-congreso-cultura-de-paz.jpg\" \/>\n\t<meta property=\"og:image:width\" content=\"1206\" \/>\n\t<meta property=\"og:image:height\" content=\"706\" \/>\n\t<meta property=\"og:image:type\" content=\"image\/jpeg\" \/>\n<meta name=\"author\" content=\"sarmiento24h@gmail.com\" \/>\n<meta name=\"twitter:card\" content=\"summary_large_image\" \/>\n<meta name=\"twitter:creator\" content=\"@sarmiento24h\" \/>\n<meta name=\"twitter:site\" content=\"@sarmiento24h\" \/>\n<meta name=\"twitter:label1\" content=\"Escrito por\" \/>\n\t<meta name=\"twitter:data1\" content=\"sarmiento24h@gmail.com\" \/>\n\t<meta name=\"twitter:label2\" content=\"Tiempo de lectura\" \/>\n\t<meta name=\"twitter:data2\" content=\"2 minutos\" \/>\n<script type=\"application\/ld+json\" class=\"yoast-schema-graph\">{\"@context\":\"https:\\\/\\\/schema.org\",\"@graph\":[{\"@type\":\"Article\",\"@id\":\"https:\\\/\\\/sarmiento24h.com\\\/?p=5460#article\",\"isPartOf\":{\"@id\":\"https:\\\/\\\/sarmiento24h.com\\\/?p=5460\"},\"author\":{\"name\":\"sarmiento24h@gmail.com\",\"@id\":\"https:\\\/\\\/sarmiento24h.com\\\/#\\\/schema\\\/person\\\/d653a59725ad629a7e0429af7b939d4d\"},\"headline\":\"Delegados 15 pa\u00edses asisten en RD a Congreso Cultura de Paz\",\"datePublished\":\"2025-12-28T20:06:49+00:00\",\"mainEntityOfPage\":{\"@id\":\"https:\\\/\\\/sarmiento24h.com\\\/?p=5460\"},\"wordCount\":431,\"publisher\":{\"@id\":\"https:\\\/\\\/sarmiento24h.com\\\/#organization\"},\"image\":{\"@id\":\"https:\\\/\\\/sarmiento24h.com\\\/?p=5460#primaryimage\"},\"thumbnailUrl\":\"https:\\\/\\\/sarmiento24h.com\\\/wp-content\\\/uploads\\\/2025\\\/12\\\/delegados-15-paises-asisten-en-rd-a-congreso-cultura-de-paz.jpg\",\"articleSection\":[\"Portada\"],\"inLanguage\":\"es\"},{\"@type\":\"WebPage\",\"@id\":\"https:\\\/\\\/sarmiento24h.com\\\/?p=5460\",\"url\":\"https:\\\/\\\/sarmiento24h.com\\\/?p=5460\",\"name\":\"Delegados 15 pa\u00edses asisten en RD a Congreso Cultura de Paz - Sarmiento24h\",\"isPartOf\":{\"@id\":\"https:\\\/\\\/sarmiento24h.com\\\/#website\"},\"primaryImageOfPage\":{\"@id\":\"https:\\\/\\\/sarmiento24h.com\\\/?p=5460#primaryimage\"},\"image\":{\"@id\":\"https:\\\/\\\/sarmiento24h.com\\\/?p=5460#primaryimage\"},\"thumbnailUrl\":\"https:\\\/\\\/sarmiento24h.com\\\/wp-content\\\/uploads\\\/2025\\\/12\\\/delegados-15-paises-asisten-en-rd-a-congreso-cultura-de-paz.jpg\",\"datePublished\":\"2025-12-28T20:06:49+00:00\",\"breadcrumb\":{\"@id\":\"https:\\\/\\\/sarmiento24h.com\\\/?p=5460#breadcrumb\"},\"inLanguage\":\"es\",\"potentialAction\":[{\"@type\":\"ReadAction\",\"target\":[\"https:\\\/\\\/sarmiento24h.com\\\/?p=5460\"]}]},{\"@type\":\"ImageObject\",\"inLanguage\":\"es\",\"@id\":\"https:\\\/\\\/sarmiento24h.com\\\/?p=5460#primaryimage\",\"url\":\"https:\\\/\\\/sarmiento24h.com\\\/wp-content\\\/uploads\\\/2025\\\/12\\\/delegados-15-paises-asisten-en-rd-a-congreso-cultura-de-paz.jpg\",\"contentUrl\":\"https:\\\/\\\/sarmiento24h.com\\\/wp-content\\\/uploads\\\/2025\\\/12\\\/delegados-15-paises-asisten-en-rd-a-congreso-cultura-de-paz.jpg\",\"width\":1206,\"height\":706},{\"@type\":\"BreadcrumbList\",\"@id\":\"https:\\\/\\\/sarmiento24h.com\\\/?p=5460#breadcrumb\",\"itemListElement\":[{\"@type\":\"ListItem\",\"position\":1,\"name\":\"Home\",\"item\":\"https:\\\/\\\/sarmiento24h.com\\\/\"},{\"@type\":\"ListItem\",\"position\":2,\"name\":\"Delegados 15 pa\u00edses asisten en RD a Congreso Cultura de Paz\"}]},{\"@type\":\"WebSite\",\"@id\":\"https:\\\/\\\/sarmiento24h.com\\\/#website\",\"url\":\"https:\\\/\\\/sarmiento24h.com\\\/\",\"name\":\"Sarmiento24h\",\"description\":\"\",\"publisher\":{\"@id\":\"https:\\\/\\\/sarmiento24h.com\\\/#organization\"},\"potentialAction\":[{\"@type\":\"SearchAction\",\"target\":{\"@type\":\"EntryPoint\",\"urlTemplate\":\"https:\\\/\\\/sarmiento24h.com\\\/?s={search_term_string}\"},\"query-input\":{\"@type\":\"PropertyValueSpecification\",\"valueRequired\":true,\"valueName\":\"search_term_string\"}}],\"inLanguage\":\"es\"},{\"@type\":\"Organization\",\"@id\":\"https:\\\/\\\/sarmiento24h.com\\\/#organization\",\"name\":\"Sarmiento24h\",\"url\":\"https:\\\/\\\/sarmiento24h.com\\\/\",\"logo\":{\"@type\":\"ImageObject\",\"inLanguage\":\"es\",\"@id\":\"https:\\\/\\\/sarmiento24h.com\\\/#\\\/schema\\\/logo\\\/image\\\/\",\"url\":\"https:\\\/\\\/sarmiento24h.com\\\/wp-content\\\/uploads\\\/2025\\\/12\\\/AddText_12-16-10.30.52.jpg\",\"contentUrl\":\"https:\\\/\\\/sarmiento24h.com\\\/wp-content\\\/uploads\\\/2025\\\/12\\\/AddText_12-16-10.30.52.jpg\",\"width\":1220,\"height\":324,\"caption\":\"Sarmiento24h\"},\"image\":{\"@id\":\"https:\\\/\\\/sarmiento24h.com\\\/#\\\/schema\\\/logo\\\/image\\\/\"},\"sameAs\":[\"https:\\\/\\\/facebook.com\\\/s24hnoticias\",\"https:\\\/\\\/x.com\\\/sarmiento24h\"]},{\"@type\":\"Person\",\"@id\":\"https:\\\/\\\/sarmiento24h.com\\\/#\\\/schema\\\/person\\\/d653a59725ad629a7e0429af7b939d4d\",\"name\":\"sarmiento24h@gmail.com\",\"image\":{\"@type\":\"ImageObject\",\"inLanguage\":\"es\",\"@id\":\"https:\\\/\\\/sarmiento24h.com\\\/wp-content\\\/litespeed\\\/avatar\\\/d02cbc4e23c747e6659cd45907173c8f.jpg?ver=1777157796\",\"url\":\"https:\\\/\\\/sarmiento24h.com\\\/wp-content\\\/litespeed\\\/avatar\\\/d02cbc4e23c747e6659cd45907173c8f.jpg?ver=1777157796\",\"contentUrl\":\"https:\\\/\\\/sarmiento24h.com\\\/wp-content\\\/litespeed\\\/avatar\\\/d02cbc4e23c747e6659cd45907173c8f.jpg?ver=1777157796\",\"caption\":\"sarmiento24h@gmail.com\"},\"sameAs\":[\"https:\\\/\\\/sarmiento24h.com\"],\"url\":\"https:\\\/\\\/sarmiento24h.com\\\/?author=1\"}]}<\/script>\n<!-- \/ Yoast SEO plugin. -->","yoast_head_json":{"title":"Delegados 15 pa\u00edses asisten en RD a Congreso Cultura de Paz - Sarmiento24h","robots":{"index":"index","follow":"follow","max-snippet":"max-snippet:-1","max-image-preview":"max-image-preview:large","max-video-preview":"max-video-preview:-1"},"canonical":"https:\/\/sarmiento24h.com\/?p=5460","og_locale":"es_ES","og_type":"article","og_title":"Delegados 15 pa\u00edses asisten en RD a Congreso Cultura de Paz - Sarmiento24h","og_description":"Dirigentes de la Federaci\u00f3n Internacional de Asociaciones&#46;&#46;&#46;","og_url":"https:\/\/sarmiento24h.com\/?p=5460","og_site_name":"Sarmiento24h","article_publisher":"https:\/\/facebook.com\/s24hnoticias","article_published_time":"2025-12-28T20:06:49+00:00","og_image":[{"width":1206,"height":706,"url":"https:\/\/sarmiento24h.com\/wp-content\/uploads\/2025\/12\/delegados-15-paises-asisten-en-rd-a-congreso-cultura-de-paz.jpg","type":"image\/jpeg"}],"author":"sarmiento24h@gmail.com","twitter_card":"summary_large_image","twitter_creator":"@sarmiento24h","twitter_site":"@sarmiento24h","twitter_misc":{"Escrito por":"sarmiento24h@gmail.com","Tiempo de lectura":"2 minutos"},"schema":{"@context":"https:\/\/schema.org","@graph":[{"@type":"Article","@id":"https:\/\/sarmiento24h.com\/?p=5460#article","isPartOf":{"@id":"https:\/\/sarmiento24h.com\/?p=5460"},"author":{"name":"sarmiento24h@gmail.com","@id":"https:\/\/sarmiento24h.com\/#\/schema\/person\/d653a59725ad629a7e0429af7b939d4d"},"headline":"Delegados 15 pa\u00edses asisten en RD a Congreso Cultura de Paz","datePublished":"2025-12-28T20:06:49+00:00","mainEntityOfPage":{"@id":"https:\/\/sarmiento24h.com\/?p=5460"},"wordCount":431,"publisher":{"@id":"https:\/\/sarmiento24h.com\/#organization"},"image":{"@id":"https:\/\/sarmiento24h.com\/?p=5460#primaryimage"},"thumbnailUrl":"https:\/\/sarmiento24h.com\/wp-content\/uploads\/2025\/12\/delegados-15-paises-asisten-en-rd-a-congreso-cultura-de-paz.jpg","articleSection":["Portada"],"inLanguage":"es"},{"@type":"WebPage","@id":"https:\/\/sarmiento24h.com\/?p=5460","url":"https:\/\/sarmiento24h.com\/?p=5460","name":"Delegados 15 pa\u00edses asisten en RD a Congreso Cultura de Paz - Sarmiento24h","isPartOf":{"@id":"https:\/\/sarmiento24h.com\/#website"},"primaryImageOfPage":{"@id":"https:\/\/sarmiento24h.com\/?p=5460#primaryimage"},"image":{"@id":"https:\/\/sarmiento24h.com\/?p=5460#primaryimage"},"thumbnailUrl":"https:\/\/sarmiento24h.com\/wp-content\/uploads\/2025\/12\/delegados-15-paises-asisten-en-rd-a-congreso-cultura-de-paz.jpg","datePublished":"2025-12-28T20:06:49+00:00","breadcrumb":{"@id":"https:\/\/sarmiento24h.com\/?p=5460#breadcrumb"},"inLanguage":"es","potentialAction":[{"@type":"ReadAction","target":["https:\/\/sarmiento24h.com\/?p=5460"]}]},{"@type":"ImageObject","inLanguage":"es","@id":"https:\/\/sarmiento24h.com\/?p=5460#primaryimage","url":"https:\/\/sarmiento24h.com\/wp-content\/uploads\/2025\/12\/delegados-15-paises-asisten-en-rd-a-congreso-cultura-de-paz.jpg","contentUrl":"https:\/\/sarmiento24h.com\/wp-content\/uploads\/2025\/12\/delegados-15-paises-asisten-en-rd-a-congreso-cultura-de-paz.jpg","width":1206,"height":706},{"@type":"BreadcrumbList","@id":"https:\/\/sarmiento24h.com\/?p=5460#breadcrumb","itemListElement":[{"@type":"ListItem","position":1,"name":"Home","item":"https:\/\/sarmiento24h.com\/"},{"@type":"ListItem","position":2,"name":"Delegados 15 pa\u00edses asisten en RD a Congreso Cultura de Paz"}]},{"@type":"WebSite","@id":"https:\/\/sarmiento24h.com\/#website","url":"https:\/\/sarmiento24h.com\/","name":"Sarmiento24h","description":"","publisher":{"@id":"https:\/\/sarmiento24h.com\/#organization"},"potentialAction":[{"@type":"SearchAction","target":{"@type":"EntryPoint","urlTemplate":"https:\/\/sarmiento24h.com\/?s={search_term_string}"},"query-input":{"@type":"PropertyValueSpecification","valueRequired":true,"valueName":"search_term_string"}}],"inLanguage":"es"},{"@type":"Organization","@id":"https:\/\/sarmiento24h.com\/#organization","name":"Sarmiento24h","url":"https:\/\/sarmiento24h.com\/","logo":{"@type":"ImageObject","inLanguage":"es","@id":"https:\/\/sarmiento24h.com\/#\/schema\/logo\/image\/","url":"https:\/\/sarmiento24h.com\/wp-content\/uploads\/2025\/12\/AddText_12-16-10.30.52.jpg","contentUrl":"https:\/\/sarmiento24h.com\/wp-content\/uploads\/2025\/12\/AddText_12-16-10.30.52.jpg","width":1220,"height":324,"caption":"Sarmiento24h"},"image":{"@id":"https:\/\/sarmiento24h.com\/#\/schema\/logo\/image\/"},"sameAs":["https:\/\/facebook.com\/s24hnoticias","https:\/\/x.com\/sarmiento24h"]},{"@type":"Person","@id":"https:\/\/sarmiento24h.com\/#\/schema\/person\/d653a59725ad629a7e0429af7b939d4d","name":"sarmiento24h@gmail.com","image":{"@type":"ImageObject","inLanguage":"es","@id":"https:\/\/sarmiento24h.com\/wp-content\/litespeed\/avatar\/d02cbc4e23c747e6659cd45907173c8f.jpg?ver=1777157796","url":"https:\/\/sarmiento24h.com\/wp-content\/litespeed\/avatar\/d02cbc4e23c747e6659cd45907173c8f.jpg?ver=1777157796","contentUrl":"https:\/\/sarmiento24h.com\/wp-content\/litespeed\/avatar\/d02cbc4e23c747e6659cd45907173c8f.jpg?ver=1777157796","caption":"sarmiento24h@gmail.com"},"sameAs":["https:\/\/sarmiento24h.com"],"url":"https:\/\/sarmiento24h.com\/?author=1"}]}},"jetpack_publicize_connections":[],"jetpack_featured_media_url":"https:\/\/sarmiento24h.com\/wp-content\/uploads\/2025\/12\/delegados-15-paises-asisten-en-rd-a-congreso-cultura-de-paz.jpg","jetpack_sharing_enabled":true,"_links":{"self":[{"href":"https:\/\/sarmiento24h.com\/index.php?rest_route=\/wp\/v2\/posts\/5460","targetHints":{"allow":["GET"]}}],"collection":[{"href":"https:\/\/sarmiento24h.com\/index.php?rest_route=\/wp\/v2\/posts"}],"about":[{"href":"https:\/\/sarmiento24h.com\/index.php?rest_route=\/wp\/v2\/types\/post"}],"author":[{"embeddable":true,"href":"https:\/\/sarmiento24h.com\/index.php?rest_route=\/wp\/v2\/users\/1"}],"replies":[{"embeddable":true,"href":"https:\/\/sarmiento24h.com\/index.php?rest_route=%2Fwp%2Fv2%2Fcomments&post=5460"}],"version-history":[{"count":0,"href":"https:\/\/sarmiento24h.com\/index.php?rest_route=\/wp\/v2\/posts\/5460\/revisions"}],"wp:featuredmedia":[{"embeddable":true,"href":"https:\/\/sarmiento24h.com\/index.php?rest_route=\/wp\/v2\/media\/5461"}],"wp:attachment":[{"href":"https:\/\/sarmiento24h.com\/index.php?rest_route=%2Fwp%2Fv2%2Fmedia&parent=5460"}],"wp:term":[{"taxonomy":"category","embeddable":true,"href":"https:\/\/sarmiento24h.com\/index.php?rest_route=%2Fwp%2Fv2%2Fcategories&post=5460"},{"taxonomy":"post_tag","embeddable":true,"href":"https:\/\/sarmiento24h.com\/index.php?rest_route=%2Fwp%2Fv2%2Ftags&post=5460"}],"curies":[{"name":"wp","href":"https:\/\/api.w.org\/{rel}","templated":true}]}}