{"id":5556,"date":"2025-12-29T21:36:02","date_gmt":"2025-12-29T21:36:02","guid":{"rendered":"http:\/\/almomento.net\/?p=1088738"},"modified":"2025-12-29T21:36:02","modified_gmt":"2025-12-29T21:36:02","slug":"incautaran-armas-fuego-sean-exhibidas-en-publico-por-civiles","status":"publish","type":"post","link":"https:\/\/sarmiento24h.com\/?p=5556","title":{"rendered":"Incautar\u00e1n armas fuego sean exhibidas en p\u00fablico por civiles"},"content":{"rendered":"<p><!-- .entry-header --> <\/p>\n<div class=\"img_center\" readability=\"7\"> <a href=\"https:\/\/almomento.net\/wp-content\/uploads\/2025\/12\/Ministra-de-Interior-Faride-Raful-junto-a-jefes-militares-y-policiales.jpg\" alt=\"Incautar\u00e1n armas fuego sean exhibidas en p\u00fablico por civiles\" title=\"Incautar\u00e1n armas fuego sean exhibidas en p\u00fablico por civiles\" data-toggle=\"lightbox\" class=\"thickbox\"><img decoding=\"async\" src=\"https:\/\/almomento.net\/wp-content\/uploads\/2025\/12\/Ministra-de-Interior-Faride-Raful-junto-a-jefes-militares-y-policiales.jpg\" class=\"attachment-post-thumbnail size-post-thumbnail wp-post-image\" alt=\"imagen\" title=\"Incautar\u00e1n armas fuego sean exhibidas en p\u00fablico por civiles\" data-toggle data-title=\"Incautar\u00e1n armas fuego sean exhibidas en p\u00fablico por civiles\"><\/a><\/p>\n<p>Ministra de Interior Faride Raful junto a jefes militares y policiales<\/p>\n<\/p><\/div>\n<p>SANTO DOMINGO. \u2013 Las autoridades incautar\u00e1n toda arma de fuego que sea exhibida por civiles en espacios p\u00fablicos, aun cuando cuente con la documentaci\u00f3n legal correspondiente, inform\u00f3 la ministra de Interior y Polic\u00eda, Faride Raful.<\/p>\n<p>Tras concluir este lunes la reuni\u00f3n de seguimiento de la Fuerza de Tarea Conjunta, encabezada por la vicepresidenta de la Rep\u00fablica, Raquel Pe\u00f1a, la Ministra dijo que durante la misma&nbsp; se decidi\u00f3 intensificar el operativo de seguridad ciudadana en todo el territorio nacional, con motivo de las festividades de fin de a\u00f1o y la llegada de 2026,<\/p>\n<figure id=\"attachment_1088740\" aria-describedby=\"caption-attachment-1088740\" class=\"wp-caption alignleft\"><img loading=\"lazy\" decoding=\"async\" class=\" wp-image-1088740\" src=\"https:\/\/almomento.net\/wp-content\/uploads\/2025\/12\/Miembros-de-la-Fuerza-de-Tarea-Conjunta-quienes-reforzaran-1024x576.jpg\" alt width=\"426\" height=\"239\" srcset=\"https:\/\/almomento.net\/wp-content\/uploads\/2025\/12\/Miembros-de-la-Fuerza-de-Tarea-Conjunta-quienes-reforzaran-1024x576.jpg 1024w, https:\/\/almomento.net\/wp-content\/uploads\/2025\/12\/Miembros-de-la-Fuerza-de-Tarea-Conjunta-quienes-reforzaran-300x169.jpg 300w, https:\/\/almomento.net\/wp-content\/uploads\/2025\/12\/Miembros-de-la-Fuerza-de-Tarea-Conjunta-quienes-reforzaran-768x432.jpg 768w, https:\/\/almomento.net\/wp-content\/uploads\/2025\/12\/Miembros-de-la-Fuerza-de-Tarea-Conjunta-quienes-reforzaran-150x84.jpg 150w, https:\/\/almomento.net\/wp-content\/uploads\/2025\/12\/Miembros-de-la-Fuerza-de-Tarea-Conjunta-quienes-reforzaran-444x250.jpg 444w, https:\/\/almomento.net\/wp-content\/uploads\/2025\/12\/Miembros-de-la-Fuerza-de-Tarea-Conjunta-quienes-reforzaran.jpg 1280w\" sizes=\"auto, (max-width: 426px) 100vw, 426px\"><figcaption id=\"caption-attachment-1088740\" class=\"wp-caption-text\">Miembros de la Fuerza de Tarea Conjunta, quienes reforzar\u00e1n el operativo de seguridad ciudadana en todo el pa\u00eds.<\/figcaption><\/figure>\n<p>Indic\u00f3 que dicho &nbsp;operativo se mantiene de manera continua, incluyendo horas de la madrugada, como medida preventiva ante hechos violentos como los registrados el pasado fin de semana, los cuales calific\u00f3 como lamentables e inaceptables.<\/p>\n<p>Tras reiterar que la prioridad del Estado es preservar la vida y el orden p\u00fablico,&nbsp; la funcionaria hizo un llamado enf\u00e1tico a que se d\u00e9 cumplimiento estricto de la resoluci\u00f3n del Ministerio de Interior y Polic\u00eda sobre el expendio de bebidas alcoh\u00f3licas, el cual solo est\u00e1 permitido dentro de los horarios establecidos<\/p>\n<p>Raful dijo que la Fuerza de Tarea Conjunta brindar\u00e1 apoyo directo a la Direcci\u00f3n General de Seguridad de Tr\u00e1nsito y Transporte Terrestre (DIGESETT), para reforzar los controles a conductores bajo los efectos del alcohol y reducir los riesgos en las v\u00edas durante las celebraciones.<\/p>\n<p>sp-am<\/p>\n<div class=\"heateor_sss_sharing_container heateor_sss_horizontal_sharing\" data-heateor-sss-href=\"https:\/\/almomento.net\/incautaran-todas-las-armas-de-fuego-exhibidas-por-civiles-rd\/\" readability=\"7\">\n<p>Comp\u00e1rtelo en tus redes:<\/p>\n<\/div>\n<p> <!-- 468x60 --><br \/>\n<ins class=\"adsbygoogle\" data-ad-client=\"ca-pub-3511341636159665\" data-ad-slot=\"3538255450\"><\/ins> <!-- .entry-content --> <\/p>\n","protected":false},"excerpt":{"rendered":"<p>Ministra de Interior Faride Raful junto a&#46;&#46;&#46;<\/p>\n","protected":false},"author":1,"featured_media":5557,"comment_status":"closed","ping_status":"closed","sticky":false,"template":"","format":"standard","meta":{"_jetpack_memberships_contains_paid_content":false,"footnotes":"","jetpack_publicize_message":"","jetpack_publicize_feature_enabled":true,"jetpack_social_post_already_shared":false,"jetpack_social_options":{"image_generator_settings":{"template":"highway","default_image_id":0,"font":"","enabled":false},"version":2}},"categories":[69],"tags":[],"class_list":["post-5556","post","type-post","status-publish","format-standard","has-post-thumbnail","hentry","category-portada"],"yoast_head":"<!-- This site is optimized with the Yoast SEO plugin v27.3 - https:\/\/yoast.com\/product\/yoast-seo-wordpress\/ -->\n<title>Incautar\u00e1n armas fuego sean exhibidas en p\u00fablico por civiles - Sarmiento24h<\/title>\n<meta name=\"robots\" content=\"index, follow, max-snippet:-1, max-image-preview:large, max-video-preview:-1\" \/>\n<link rel=\"canonical\" href=\"https:\/\/sarmiento24h.com\/?p=5556\" \/>\n<meta property=\"og:locale\" content=\"es_ES\" \/>\n<meta property=\"og:type\" content=\"article\" \/>\n<meta property=\"og:title\" content=\"Incautar\u00e1n armas fuego sean exhibidas en p\u00fablico por civiles - Sarmiento24h\" \/>\n<meta property=\"og:description\" content=\"Ministra de Interior Faride Raful junto a&#046;&#046;&#046;\" \/>\n<meta property=\"og:url\" content=\"https:\/\/sarmiento24h.com\/?p=5556\" \/>\n<meta property=\"og:site_name\" content=\"Sarmiento24h\" \/>\n<meta property=\"article:publisher\" content=\"https:\/\/facebook.com\/s24hnoticias\" \/>\n<meta property=\"article:published_time\" content=\"2025-12-29T21:36:02+00:00\" \/>\n<meta property=\"og:image\" content=\"https:\/\/sarmiento24h.com\/wp-content\/uploads\/2025\/12\/incautaran-armas-fuego-sean-exhibidas-en-publico-por-civiles.jpg\" \/>\n\t<meta property=\"og:image:width\" content=\"1112\" \/>\n\t<meta property=\"og:image:height\" content=\"720\" \/>\n\t<meta property=\"og:image:type\" content=\"image\/jpeg\" \/>\n<meta name=\"author\" content=\"sarmiento24h@gmail.com\" \/>\n<meta name=\"twitter:card\" content=\"summary_large_image\" \/>\n<meta name=\"twitter:creator\" content=\"@sarmiento24h\" \/>\n<meta name=\"twitter:site\" content=\"@sarmiento24h\" \/>\n<meta name=\"twitter:label1\" content=\"Escrito por\" \/>\n\t<meta name=\"twitter:data1\" content=\"sarmiento24h@gmail.com\" \/>\n\t<meta name=\"twitter:label2\" content=\"Tiempo de lectura\" \/>\n\t<meta name=\"twitter:data2\" content=\"1 minuto\" \/>\n<script type=\"application\/ld+json\" class=\"yoast-schema-graph\">{\"@context\":\"https:\\\/\\\/schema.org\",\"@graph\":[{\"@type\":\"Article\",\"@id\":\"https:\\\/\\\/sarmiento24h.com\\\/?p=5556#article\",\"isPartOf\":{\"@id\":\"https:\\\/\\\/sarmiento24h.com\\\/?p=5556\"},\"author\":{\"name\":\"sarmiento24h@gmail.com\",\"@id\":\"https:\\\/\\\/sarmiento24h.com\\\/#\\\/schema\\\/person\\\/d653a59725ad629a7e0429af7b939d4d\"},\"headline\":\"Incautar\u00e1n armas fuego sean exhibidas en p\u00fablico por civiles\",\"datePublished\":\"2025-12-29T21:36:02+00:00\",\"mainEntityOfPage\":{\"@id\":\"https:\\\/\\\/sarmiento24h.com\\\/?p=5556\"},\"wordCount\":288,\"publisher\":{\"@id\":\"https:\\\/\\\/sarmiento24h.com\\\/#organization\"},\"image\":{\"@id\":\"https:\\\/\\\/sarmiento24h.com\\\/?p=5556#primaryimage\"},\"thumbnailUrl\":\"https:\\\/\\\/sarmiento24h.com\\\/wp-content\\\/uploads\\\/2025\\\/12\\\/incautaran-armas-fuego-sean-exhibidas-en-publico-por-civiles.jpg\",\"articleSection\":[\"Portada\"],\"inLanguage\":\"es\"},{\"@type\":\"WebPage\",\"@id\":\"https:\\\/\\\/sarmiento24h.com\\\/?p=5556\",\"url\":\"https:\\\/\\\/sarmiento24h.com\\\/?p=5556\",\"name\":\"Incautar\u00e1n armas fuego sean exhibidas en p\u00fablico por civiles - Sarmiento24h\",\"isPartOf\":{\"@id\":\"https:\\\/\\\/sarmiento24h.com\\\/#website\"},\"primaryImageOfPage\":{\"@id\":\"https:\\\/\\\/sarmiento24h.com\\\/?p=5556#primaryimage\"},\"image\":{\"@id\":\"https:\\\/\\\/sarmiento24h.com\\\/?p=5556#primaryimage\"},\"thumbnailUrl\":\"https:\\\/\\\/sarmiento24h.com\\\/wp-content\\\/uploads\\\/2025\\\/12\\\/incautaran-armas-fuego-sean-exhibidas-en-publico-por-civiles.jpg\",\"datePublished\":\"2025-12-29T21:36:02+00:00\",\"breadcrumb\":{\"@id\":\"https:\\\/\\\/sarmiento24h.com\\\/?p=5556#breadcrumb\"},\"inLanguage\":\"es\",\"potentialAction\":[{\"@type\":\"ReadAction\",\"target\":[\"https:\\\/\\\/sarmiento24h.com\\\/?p=5556\"]}]},{\"@type\":\"ImageObject\",\"inLanguage\":\"es\",\"@id\":\"https:\\\/\\\/sarmiento24h.com\\\/?p=5556#primaryimage\",\"url\":\"https:\\\/\\\/sarmiento24h.com\\\/wp-content\\\/uploads\\\/2025\\\/12\\\/incautaran-armas-fuego-sean-exhibidas-en-publico-por-civiles.jpg\",\"contentUrl\":\"https:\\\/\\\/sarmiento24h.com\\\/wp-content\\\/uploads\\\/2025\\\/12\\\/incautaran-armas-fuego-sean-exhibidas-en-publico-por-civiles.jpg\",\"width\":1112,\"height\":720},{\"@type\":\"BreadcrumbList\",\"@id\":\"https:\\\/\\\/sarmiento24h.com\\\/?p=5556#breadcrumb\",\"itemListElement\":[{\"@type\":\"ListItem\",\"position\":1,\"name\":\"Home\",\"item\":\"https:\\\/\\\/sarmiento24h.com\\\/\"},{\"@type\":\"ListItem\",\"position\":2,\"name\":\"Incautar\u00e1n armas fuego sean exhibidas en p\u00fablico por civiles\"}]},{\"@type\":\"WebSite\",\"@id\":\"https:\\\/\\\/sarmiento24h.com\\\/#website\",\"url\":\"https:\\\/\\\/sarmiento24h.com\\\/\",\"name\":\"Sarmiento24h\",\"description\":\"\",\"publisher\":{\"@id\":\"https:\\\/\\\/sarmiento24h.com\\\/#organization\"},\"potentialAction\":[{\"@type\":\"SearchAction\",\"target\":{\"@type\":\"EntryPoint\",\"urlTemplate\":\"https:\\\/\\\/sarmiento24h.com\\\/?s={search_term_string}\"},\"query-input\":{\"@type\":\"PropertyValueSpecification\",\"valueRequired\":true,\"valueName\":\"search_term_string\"}}],\"inLanguage\":\"es\"},{\"@type\":\"Organization\",\"@id\":\"https:\\\/\\\/sarmiento24h.com\\\/#organization\",\"name\":\"Sarmiento24h\",\"url\":\"https:\\\/\\\/sarmiento24h.com\\\/\",\"logo\":{\"@type\":\"ImageObject\",\"inLanguage\":\"es\",\"@id\":\"https:\\\/\\\/sarmiento24h.com\\\/#\\\/schema\\\/logo\\\/image\\\/\",\"url\":\"https:\\\/\\\/sarmiento24h.com\\\/wp-content\\\/uploads\\\/2025\\\/12\\\/AddText_12-16-10.30.52.jpg\",\"contentUrl\":\"https:\\\/\\\/sarmiento24h.com\\\/wp-content\\\/uploads\\\/2025\\\/12\\\/AddText_12-16-10.30.52.jpg\",\"width\":1220,\"height\":324,\"caption\":\"Sarmiento24h\"},\"image\":{\"@id\":\"https:\\\/\\\/sarmiento24h.com\\\/#\\\/schema\\\/logo\\\/image\\\/\"},\"sameAs\":[\"https:\\\/\\\/facebook.com\\\/s24hnoticias\",\"https:\\\/\\\/x.com\\\/sarmiento24h\"]},{\"@type\":\"Person\",\"@id\":\"https:\\\/\\\/sarmiento24h.com\\\/#\\\/schema\\\/person\\\/d653a59725ad629a7e0429af7b939d4d\",\"name\":\"sarmiento24h@gmail.com\",\"image\":{\"@type\":\"ImageObject\",\"inLanguage\":\"es\",\"@id\":\"https:\\\/\\\/sarmiento24h.com\\\/wp-content\\\/litespeed\\\/avatar\\\/d02cbc4e23c747e6659cd45907173c8f.jpg?ver=1777157796\",\"url\":\"https:\\\/\\\/sarmiento24h.com\\\/wp-content\\\/litespeed\\\/avatar\\\/d02cbc4e23c747e6659cd45907173c8f.jpg?ver=1777157796\",\"contentUrl\":\"https:\\\/\\\/sarmiento24h.com\\\/wp-content\\\/litespeed\\\/avatar\\\/d02cbc4e23c747e6659cd45907173c8f.jpg?ver=1777157796\",\"caption\":\"sarmiento24h@gmail.com\"},\"sameAs\":[\"https:\\\/\\\/sarmiento24h.com\"],\"url\":\"https:\\\/\\\/sarmiento24h.com\\\/?author=1\"}]}<\/script>\n<!-- \/ Yoast SEO plugin. -->","yoast_head_json":{"title":"Incautar\u00e1n armas fuego sean exhibidas en p\u00fablico por civiles - Sarmiento24h","robots":{"index":"index","follow":"follow","max-snippet":"max-snippet:-1","max-image-preview":"max-image-preview:large","max-video-preview":"max-video-preview:-1"},"canonical":"https:\/\/sarmiento24h.com\/?p=5556","og_locale":"es_ES","og_type":"article","og_title":"Incautar\u00e1n armas fuego sean exhibidas en p\u00fablico por civiles - Sarmiento24h","og_description":"Ministra de Interior Faride Raful junto a&#46;&#46;&#46;","og_url":"https:\/\/sarmiento24h.com\/?p=5556","og_site_name":"Sarmiento24h","article_publisher":"https:\/\/facebook.com\/s24hnoticias","article_published_time":"2025-12-29T21:36:02+00:00","og_image":[{"width":1112,"height":720,"url":"https:\/\/sarmiento24h.com\/wp-content\/uploads\/2025\/12\/incautaran-armas-fuego-sean-exhibidas-en-publico-por-civiles.jpg","type":"image\/jpeg"}],"author":"sarmiento24h@gmail.com","twitter_card":"summary_large_image","twitter_creator":"@sarmiento24h","twitter_site":"@sarmiento24h","twitter_misc":{"Escrito por":"sarmiento24h@gmail.com","Tiempo de lectura":"1 minuto"},"schema":{"@context":"https:\/\/schema.org","@graph":[{"@type":"Article","@id":"https:\/\/sarmiento24h.com\/?p=5556#article","isPartOf":{"@id":"https:\/\/sarmiento24h.com\/?p=5556"},"author":{"name":"sarmiento24h@gmail.com","@id":"https:\/\/sarmiento24h.com\/#\/schema\/person\/d653a59725ad629a7e0429af7b939d4d"},"headline":"Incautar\u00e1n armas fuego sean exhibidas en p\u00fablico por civiles","datePublished":"2025-12-29T21:36:02+00:00","mainEntityOfPage":{"@id":"https:\/\/sarmiento24h.com\/?p=5556"},"wordCount":288,"publisher":{"@id":"https:\/\/sarmiento24h.com\/#organization"},"image":{"@id":"https:\/\/sarmiento24h.com\/?p=5556#primaryimage"},"thumbnailUrl":"https:\/\/sarmiento24h.com\/wp-content\/uploads\/2025\/12\/incautaran-armas-fuego-sean-exhibidas-en-publico-por-civiles.jpg","articleSection":["Portada"],"inLanguage":"es"},{"@type":"WebPage","@id":"https:\/\/sarmiento24h.com\/?p=5556","url":"https:\/\/sarmiento24h.com\/?p=5556","name":"Incautar\u00e1n armas fuego sean exhibidas en p\u00fablico por civiles - Sarmiento24h","isPartOf":{"@id":"https:\/\/sarmiento24h.com\/#website"},"primaryImageOfPage":{"@id":"https:\/\/sarmiento24h.com\/?p=5556#primaryimage"},"image":{"@id":"https:\/\/sarmiento24h.com\/?p=5556#primaryimage"},"thumbnailUrl":"https:\/\/sarmiento24h.com\/wp-content\/uploads\/2025\/12\/incautaran-armas-fuego-sean-exhibidas-en-publico-por-civiles.jpg","datePublished":"2025-12-29T21:36:02+00:00","breadcrumb":{"@id":"https:\/\/sarmiento24h.com\/?p=5556#breadcrumb"},"inLanguage":"es","potentialAction":[{"@type":"ReadAction","target":["https:\/\/sarmiento24h.com\/?p=5556"]}]},{"@type":"ImageObject","inLanguage":"es","@id":"https:\/\/sarmiento24h.com\/?p=5556#primaryimage","url":"https:\/\/sarmiento24h.com\/wp-content\/uploads\/2025\/12\/incautaran-armas-fuego-sean-exhibidas-en-publico-por-civiles.jpg","contentUrl":"https:\/\/sarmiento24h.com\/wp-content\/uploads\/2025\/12\/incautaran-armas-fuego-sean-exhibidas-en-publico-por-civiles.jpg","width":1112,"height":720},{"@type":"BreadcrumbList","@id":"https:\/\/sarmiento24h.com\/?p=5556#breadcrumb","itemListElement":[{"@type":"ListItem","position":1,"name":"Home","item":"https:\/\/sarmiento24h.com\/"},{"@type":"ListItem","position":2,"name":"Incautar\u00e1n armas fuego sean exhibidas en p\u00fablico por civiles"}]},{"@type":"WebSite","@id":"https:\/\/sarmiento24h.com\/#website","url":"https:\/\/sarmiento24h.com\/","name":"Sarmiento24h","description":"","publisher":{"@id":"https:\/\/sarmiento24h.com\/#organization"},"potentialAction":[{"@type":"SearchAction","target":{"@type":"EntryPoint","urlTemplate":"https:\/\/sarmiento24h.com\/?s={search_term_string}"},"query-input":{"@type":"PropertyValueSpecification","valueRequired":true,"valueName":"search_term_string"}}],"inLanguage":"es"},{"@type":"Organization","@id":"https:\/\/sarmiento24h.com\/#organization","name":"Sarmiento24h","url":"https:\/\/sarmiento24h.com\/","logo":{"@type":"ImageObject","inLanguage":"es","@id":"https:\/\/sarmiento24h.com\/#\/schema\/logo\/image\/","url":"https:\/\/sarmiento24h.com\/wp-content\/uploads\/2025\/12\/AddText_12-16-10.30.52.jpg","contentUrl":"https:\/\/sarmiento24h.com\/wp-content\/uploads\/2025\/12\/AddText_12-16-10.30.52.jpg","width":1220,"height":324,"caption":"Sarmiento24h"},"image":{"@id":"https:\/\/sarmiento24h.com\/#\/schema\/logo\/image\/"},"sameAs":["https:\/\/facebook.com\/s24hnoticias","https:\/\/x.com\/sarmiento24h"]},{"@type":"Person","@id":"https:\/\/sarmiento24h.com\/#\/schema\/person\/d653a59725ad629a7e0429af7b939d4d","name":"sarmiento24h@gmail.com","image":{"@type":"ImageObject","inLanguage":"es","@id":"https:\/\/sarmiento24h.com\/wp-content\/litespeed\/avatar\/d02cbc4e23c747e6659cd45907173c8f.jpg?ver=1777157796","url":"https:\/\/sarmiento24h.com\/wp-content\/litespeed\/avatar\/d02cbc4e23c747e6659cd45907173c8f.jpg?ver=1777157796","contentUrl":"https:\/\/sarmiento24h.com\/wp-content\/litespeed\/avatar\/d02cbc4e23c747e6659cd45907173c8f.jpg?ver=1777157796","caption":"sarmiento24h@gmail.com"},"sameAs":["https:\/\/sarmiento24h.com"],"url":"https:\/\/sarmiento24h.com\/?author=1"}]}},"jetpack_publicize_connections":[],"jetpack_featured_media_url":"https:\/\/sarmiento24h.com\/wp-content\/uploads\/2025\/12\/incautaran-armas-fuego-sean-exhibidas-en-publico-por-civiles.jpg","jetpack_sharing_enabled":true,"_links":{"self":[{"href":"https:\/\/sarmiento24h.com\/index.php?rest_route=\/wp\/v2\/posts\/5556","targetHints":{"allow":["GET"]}}],"collection":[{"href":"https:\/\/sarmiento24h.com\/index.php?rest_route=\/wp\/v2\/posts"}],"about":[{"href":"https:\/\/sarmiento24h.com\/index.php?rest_route=\/wp\/v2\/types\/post"}],"author":[{"embeddable":true,"href":"https:\/\/sarmiento24h.com\/index.php?rest_route=\/wp\/v2\/users\/1"}],"replies":[{"embeddable":true,"href":"https:\/\/sarmiento24h.com\/index.php?rest_route=%2Fwp%2Fv2%2Fcomments&post=5556"}],"version-history":[{"count":0,"href":"https:\/\/sarmiento24h.com\/index.php?rest_route=\/wp\/v2\/posts\/5556\/revisions"}],"wp:featuredmedia":[{"embeddable":true,"href":"https:\/\/sarmiento24h.com\/index.php?rest_route=\/wp\/v2\/media\/5557"}],"wp:attachment":[{"href":"https:\/\/sarmiento24h.com\/index.php?rest_route=%2Fwp%2Fv2%2Fmedia&parent=5556"}],"wp:term":[{"taxonomy":"category","embeddable":true,"href":"https:\/\/sarmiento24h.com\/index.php?rest_route=%2Fwp%2Fv2%2Fcategories&post=5556"},{"taxonomy":"post_tag","embeddable":true,"href":"https:\/\/sarmiento24h.com\/index.php?rest_route=%2Fwp%2Fv2%2Ftags&post=5556"}],"curies":[{"name":"wp","href":"https:\/\/api.w.org\/{rel}","templated":true}]}}