{"id":55974,"date":"2026-03-11T15:17:10","date_gmt":"2026-03-11T15:17:10","guid":{"rendered":"http:\/\/almomento.net\/?p=1104467"},"modified":"2026-03-11T15:17:10","modified_gmt":"2026-03-11T15:17:10","slug":"abinader-resalta-oportunidades-para-dominicanos-viven-en-chile","status":"publish","type":"post","link":"https:\/\/sarmiento24h.com\/?p=55974","title":{"rendered":"Abinader resalta oportunidades para dominicanos viven en Chile"},"content":{"rendered":"<p><!-- .entry-header --> <\/p>\n<div class=\"img_center\"> <a href=\"https:\/\/sarmiento24h.com\/wp-content\/uploads\/2026\/03\/abinader-resalta-oportunidades-para-dominicanos-viven-en-chile.jpg\" title=\"Abinader resalta oportunidades para dominicanos viven en Chile\" data-toggle=\"lightbox\" class=\"thickbox\"><img decoding=\"async\" src=\"https:\/\/sarmiento24h.com\/wp-content\/uploads\/2026\/03\/abinader-resalta-oportunidades-para-dominicanos-viven-en-chile.jpg\" class=\"attachment-post-thumbnail size-post-thumbnail wp-post-image\" alt=\"imagen\" title=\"Abinader resalta oportunidades para dominicanos viven en Chile\" data-toggle data-title=\"Abinader resalta oportunidades para dominicanos viven en Chile\"><\/a> <\/div>\n<p>SANTIAGO DE CHILE.- El presidente de la Rep\u00fablica Dominicana, Luis Abinader, se reuni\u00f3 con l\u00edderes dominicanos residentes aqu\u00ed y destac\u00f3 las nuevas oportunidades que se abren con las buenas relaciones con su hom\u00f3logo Jos\u00e9 Antonio Kast.<\/p>\n<p>El Mandatario llam\u00f3 a sus compatriotas a ser buenos ciudadanos, integrarse de manera organizada y aprovechar las ventajas que le da la sociedad chilena, especialmente en lo educativo.<\/p>\n<p>Abinader destac\u00f3 las potencialidades de la industria de la uva en la Rep\u00fablica Dominicana y las oportunidades que se pueden aprovechar con la experiencia y la fama mundial de vino chileno.<\/p>\n<p>Dijo que tom\u00f3 nota de sus requerimientos y que trabajar\u00e1 para atenderlas porque \u00abninguna petici\u00f3n para nosotros es peque\u00f1a\u00bb.<\/p>\n<p><strong>SEGUIRA FORTALECIENDO LAZOS CON CHILE<\/strong><\/p>\n<p>Asegur\u00f3 que continuar\u00e1 trabajando para todos los dominicanos y que seguir\u00e1 fortaleciendo los lazos entre la Rep\u00fablica Dominicana y sus nacionales en el exterior.<\/p>\n<p>Inst\u00f3 a los dominicanos en Chile a continuar trabajando con tes\u00f3n para mantener el alto en nombre de su Patria y aprovechar las ventajas que le ofrece esa Naci\u00f3n.<\/p>\n<p>De su lado, el embajador de la Rep\u00fablica Dominicana en Chile, Juan Cohen, resalt\u00f3 que por instrucciones del presidente hay un especial \u00e9nfasis en responder a las necesidades de los quiqueyanos y agregarle valor a las comunidad criolla.<\/p>\n<p>Destac\u00f3 que Chile es la cuarta con mayor poblaci\u00f3n de dominicanos fuera del territorio nacional.<\/p>\n<p><strong>\u00abUN GRAN RETO\u00bb<\/strong><\/p>\n<p>\u00abAtender la di\u00e1pora es un gran trabajo, pero tambi\u00e9n una gran oportunidad de llegar a los confines del mundo porque en los confines del mundo hay dominicanos; tenemos dominicanos desde desde el polo Sur all\u00e1 en Punta Arena hasta isla de Pascua. La verdad es que es un gran reto, pero estamos cumpliendo con eso que es la voluntad del presidente Abinader\u00bb, expres\u00f3.<\/p>\n<p>Durante el encuentro, Francisco Berig\u00fcete, director del Index en Chile, destac\u00f3 el cumplimiento de las promesas hechas por el mandatario a esa comunidad y las iniciativas para fortalecer el v\u00ednculo entre el Estado dominicano y sus comunidades fuera de Quisqueya.<\/p>\n<p>En las conversaciones se destac\u00f3 el papel que juegan los dominicanos en el exterior con sus aportes para el desarrollo nacional y el mantenimiento de las costumbres en las nuevas generaciones nacidas fuera de su tierra de origen.<\/p>\n<p>En la reuni\u00f3n participaron tambi\u00e9n el encargado de la Secci\u00f3n Consular, Jos\u00e9 Garc\u00eda Marcano, el ministro consejero Joel Jonathan Delgado, la consejera de Cooperaci\u00f3n, Kenia del Orbe y laprimera secretaria, encargada de Protecci\u00f3n a Nacionales y enlace con la comunidad, Malenskia Montero.<\/p>\n<div class=\"heateor_sss_sharing_container heateor_sss_horizontal_sharing\" data-heateor-sss-href=\"https:\/\/almomento.net\/abinader-resalta-oportunidades-para-dominicanos-viven-en-chile\/\">\n<p>Comp\u00e1rtelo en tus redes:<\/p>\n<\/div>\n<p> <!-- 468x60 --><br \/>\n<ins class=\"adsbygoogle\" data-ad-client=\"ca-pub-3511341636159665\" data-ad-slot=\"3538255450\"><\/ins> <!-- .entry-content --> <\/p>\n","protected":false},"excerpt":{"rendered":"<p>SANTIAGO DE CHILE.- El presidente de la&#46;&#46;&#46;<\/p>\n","protected":false},"author":1,"featured_media":55975,"comment_status":"closed","ping_status":"closed","sticky":false,"template":"","format":"standard","meta":{"_jetpack_memberships_contains_paid_content":false,"footnotes":"","jetpack_publicize_message":"","jetpack_publicize_feature_enabled":true,"jetpack_social_post_already_shared":true,"jetpack_social_options":{"image_generator_settings":{"template":"highway","default_image_id":0,"font":"","enabled":false},"version":2}},"categories":[69],"tags":[],"class_list":["post-55974","post","type-post","status-publish","format-standard","has-post-thumbnail","hentry","category-portada"],"yoast_head":"<!-- This site is optimized with the Yoast SEO plugin v27.3 - https:\/\/yoast.com\/product\/yoast-seo-wordpress\/ -->\n<title>Abinader resalta oportunidades para dominicanos viven en Chile - Sarmiento24h<\/title>\n<meta name=\"robots\" content=\"index, follow, max-snippet:-1, max-image-preview:large, max-video-preview:-1\" \/>\n<link rel=\"canonical\" href=\"https:\/\/sarmiento24h.com\/?p=55974\" \/>\n<meta property=\"og:locale\" content=\"es_ES\" \/>\n<meta property=\"og:type\" content=\"article\" \/>\n<meta property=\"og:title\" content=\"Abinader resalta oportunidades para dominicanos viven en Chile - Sarmiento24h\" \/>\n<meta property=\"og:description\" content=\"SANTIAGO DE CHILE.- El presidente de la&#046;&#046;&#046;\" \/>\n<meta property=\"og:url\" content=\"https:\/\/sarmiento24h.com\/?p=55974\" \/>\n<meta property=\"og:site_name\" content=\"Sarmiento24h\" \/>\n<meta property=\"article:publisher\" content=\"https:\/\/facebook.com\/s24hnoticias\" \/>\n<meta property=\"article:published_time\" content=\"2026-03-11T15:17:10+00:00\" \/>\n<meta property=\"og:image\" content=\"https:\/\/sarmiento24h.com\/wp-content\/uploads\/2026\/03\/abinader-resalta-oportunidades-para-dominicanos-viven-en-chile.jpg\" \/>\n\t<meta property=\"og:image:width\" content=\"1600\" \/>\n\t<meta property=\"og:image:height\" content=\"965\" \/>\n\t<meta property=\"og:image:type\" content=\"image\/jpeg\" \/>\n<meta name=\"author\" content=\"sarmiento24h@gmail.com\" \/>\n<meta name=\"twitter:card\" content=\"summary_large_image\" \/>\n<meta name=\"twitter:creator\" content=\"@sarmiento24h\" \/>\n<meta name=\"twitter:site\" content=\"@sarmiento24h\" \/>\n<meta name=\"twitter:label1\" content=\"Escrito por\" \/>\n\t<meta name=\"twitter:data1\" content=\"sarmiento24h@gmail.com\" \/>\n\t<meta name=\"twitter:label2\" content=\"Tiempo de lectura\" \/>\n\t<meta name=\"twitter:data2\" content=\"2 minutos\" \/>\n<script type=\"application\/ld+json\" class=\"yoast-schema-graph\">{\"@context\":\"https:\\\/\\\/schema.org\",\"@graph\":[{\"@type\":\"Article\",\"@id\":\"https:\\\/\\\/sarmiento24h.com\\\/?p=55974#article\",\"isPartOf\":{\"@id\":\"https:\\\/\\\/sarmiento24h.com\\\/?p=55974\"},\"author\":{\"name\":\"sarmiento24h@gmail.com\",\"@id\":\"https:\\\/\\\/sarmiento24h.com\\\/#\\\/schema\\\/person\\\/d653a59725ad629a7e0429af7b939d4d\"},\"headline\":\"Abinader resalta oportunidades para dominicanos viven en Chile\",\"datePublished\":\"2026-03-11T15:17:10+00:00\",\"mainEntityOfPage\":{\"@id\":\"https:\\\/\\\/sarmiento24h.com\\\/?p=55974\"},\"wordCount\":446,\"publisher\":{\"@id\":\"https:\\\/\\\/sarmiento24h.com\\\/#organization\"},\"image\":{\"@id\":\"https:\\\/\\\/sarmiento24h.com\\\/?p=55974#primaryimage\"},\"thumbnailUrl\":\"https:\\\/\\\/sarmiento24h.com\\\/wp-content\\\/uploads\\\/2026\\\/03\\\/abinader-resalta-oportunidades-para-dominicanos-viven-en-chile.jpg\",\"articleSection\":[\"Portada\"],\"inLanguage\":\"es\"},{\"@type\":\"WebPage\",\"@id\":\"https:\\\/\\\/sarmiento24h.com\\\/?p=55974\",\"url\":\"https:\\\/\\\/sarmiento24h.com\\\/?p=55974\",\"name\":\"Abinader resalta oportunidades para dominicanos viven en Chile - Sarmiento24h\",\"isPartOf\":{\"@id\":\"https:\\\/\\\/sarmiento24h.com\\\/#website\"},\"primaryImageOfPage\":{\"@id\":\"https:\\\/\\\/sarmiento24h.com\\\/?p=55974#primaryimage\"},\"image\":{\"@id\":\"https:\\\/\\\/sarmiento24h.com\\\/?p=55974#primaryimage\"},\"thumbnailUrl\":\"https:\\\/\\\/sarmiento24h.com\\\/wp-content\\\/uploads\\\/2026\\\/03\\\/abinader-resalta-oportunidades-para-dominicanos-viven-en-chile.jpg\",\"datePublished\":\"2026-03-11T15:17:10+00:00\",\"breadcrumb\":{\"@id\":\"https:\\\/\\\/sarmiento24h.com\\\/?p=55974#breadcrumb\"},\"inLanguage\":\"es\",\"potentialAction\":[{\"@type\":\"ReadAction\",\"target\":[\"https:\\\/\\\/sarmiento24h.com\\\/?p=55974\"]}]},{\"@type\":\"ImageObject\",\"inLanguage\":\"es\",\"@id\":\"https:\\\/\\\/sarmiento24h.com\\\/?p=55974#primaryimage\",\"url\":\"https:\\\/\\\/sarmiento24h.com\\\/wp-content\\\/uploads\\\/2026\\\/03\\\/abinader-resalta-oportunidades-para-dominicanos-viven-en-chile.jpg\",\"contentUrl\":\"https:\\\/\\\/sarmiento24h.com\\\/wp-content\\\/uploads\\\/2026\\\/03\\\/abinader-resalta-oportunidades-para-dominicanos-viven-en-chile.jpg\",\"width\":1600,\"height\":965},{\"@type\":\"BreadcrumbList\",\"@id\":\"https:\\\/\\\/sarmiento24h.com\\\/?p=55974#breadcrumb\",\"itemListElement\":[{\"@type\":\"ListItem\",\"position\":1,\"name\":\"Home\",\"item\":\"https:\\\/\\\/sarmiento24h.com\\\/\"},{\"@type\":\"ListItem\",\"position\":2,\"name\":\"Abinader resalta oportunidades para dominicanos viven en Chile\"}]},{\"@type\":\"WebSite\",\"@id\":\"https:\\\/\\\/sarmiento24h.com\\\/#website\",\"url\":\"https:\\\/\\\/sarmiento24h.com\\\/\",\"name\":\"Sarmiento24h\",\"description\":\"\",\"publisher\":{\"@id\":\"https:\\\/\\\/sarmiento24h.com\\\/#organization\"},\"potentialAction\":[{\"@type\":\"SearchAction\",\"target\":{\"@type\":\"EntryPoint\",\"urlTemplate\":\"https:\\\/\\\/sarmiento24h.com\\\/?s={search_term_string}\"},\"query-input\":{\"@type\":\"PropertyValueSpecification\",\"valueRequired\":true,\"valueName\":\"search_term_string\"}}],\"inLanguage\":\"es\"},{\"@type\":\"Organization\",\"@id\":\"https:\\\/\\\/sarmiento24h.com\\\/#organization\",\"name\":\"Sarmiento24h\",\"url\":\"https:\\\/\\\/sarmiento24h.com\\\/\",\"logo\":{\"@type\":\"ImageObject\",\"inLanguage\":\"es\",\"@id\":\"https:\\\/\\\/sarmiento24h.com\\\/#\\\/schema\\\/logo\\\/image\\\/\",\"url\":\"https:\\\/\\\/sarmiento24h.com\\\/wp-content\\\/uploads\\\/2025\\\/12\\\/AddText_12-16-10.30.52.jpg\",\"contentUrl\":\"https:\\\/\\\/sarmiento24h.com\\\/wp-content\\\/uploads\\\/2025\\\/12\\\/AddText_12-16-10.30.52.jpg\",\"width\":1220,\"height\":324,\"caption\":\"Sarmiento24h\"},\"image\":{\"@id\":\"https:\\\/\\\/sarmiento24h.com\\\/#\\\/schema\\\/logo\\\/image\\\/\"},\"sameAs\":[\"https:\\\/\\\/facebook.com\\\/s24hnoticias\",\"https:\\\/\\\/x.com\\\/sarmiento24h\"]},{\"@type\":\"Person\",\"@id\":\"https:\\\/\\\/sarmiento24h.com\\\/#\\\/schema\\\/person\\\/d653a59725ad629a7e0429af7b939d4d\",\"name\":\"sarmiento24h@gmail.com\",\"image\":{\"@type\":\"ImageObject\",\"inLanguage\":\"es\",\"@id\":\"https:\\\/\\\/sarmiento24h.com\\\/wp-content\\\/litespeed\\\/avatar\\\/d02cbc4e23c747e6659cd45907173c8f.jpg?ver=1777157796\",\"url\":\"https:\\\/\\\/sarmiento24h.com\\\/wp-content\\\/litespeed\\\/avatar\\\/d02cbc4e23c747e6659cd45907173c8f.jpg?ver=1777157796\",\"contentUrl\":\"https:\\\/\\\/sarmiento24h.com\\\/wp-content\\\/litespeed\\\/avatar\\\/d02cbc4e23c747e6659cd45907173c8f.jpg?ver=1777157796\",\"caption\":\"sarmiento24h@gmail.com\"},\"sameAs\":[\"https:\\\/\\\/sarmiento24h.com\"],\"url\":\"https:\\\/\\\/sarmiento24h.com\\\/?author=1\"}]}<\/script>\n<!-- \/ Yoast SEO plugin. -->","yoast_head_json":{"title":"Abinader resalta oportunidades para dominicanos viven en Chile - Sarmiento24h","robots":{"index":"index","follow":"follow","max-snippet":"max-snippet:-1","max-image-preview":"max-image-preview:large","max-video-preview":"max-video-preview:-1"},"canonical":"https:\/\/sarmiento24h.com\/?p=55974","og_locale":"es_ES","og_type":"article","og_title":"Abinader resalta oportunidades para dominicanos viven en Chile - Sarmiento24h","og_description":"SANTIAGO DE CHILE.- El presidente de la&#46;&#46;&#46;","og_url":"https:\/\/sarmiento24h.com\/?p=55974","og_site_name":"Sarmiento24h","article_publisher":"https:\/\/facebook.com\/s24hnoticias","article_published_time":"2026-03-11T15:17:10+00:00","og_image":[{"width":1600,"height":965,"url":"https:\/\/sarmiento24h.com\/wp-content\/uploads\/2026\/03\/abinader-resalta-oportunidades-para-dominicanos-viven-en-chile.jpg","type":"image\/jpeg"}],"author":"sarmiento24h@gmail.com","twitter_card":"summary_large_image","twitter_creator":"@sarmiento24h","twitter_site":"@sarmiento24h","twitter_misc":{"Escrito por":"sarmiento24h@gmail.com","Tiempo de lectura":"2 minutos"},"schema":{"@context":"https:\/\/schema.org","@graph":[{"@type":"Article","@id":"https:\/\/sarmiento24h.com\/?p=55974#article","isPartOf":{"@id":"https:\/\/sarmiento24h.com\/?p=55974"},"author":{"name":"sarmiento24h@gmail.com","@id":"https:\/\/sarmiento24h.com\/#\/schema\/person\/d653a59725ad629a7e0429af7b939d4d"},"headline":"Abinader resalta oportunidades para dominicanos viven en Chile","datePublished":"2026-03-11T15:17:10+00:00","mainEntityOfPage":{"@id":"https:\/\/sarmiento24h.com\/?p=55974"},"wordCount":446,"publisher":{"@id":"https:\/\/sarmiento24h.com\/#organization"},"image":{"@id":"https:\/\/sarmiento24h.com\/?p=55974#primaryimage"},"thumbnailUrl":"https:\/\/sarmiento24h.com\/wp-content\/uploads\/2026\/03\/abinader-resalta-oportunidades-para-dominicanos-viven-en-chile.jpg","articleSection":["Portada"],"inLanguage":"es"},{"@type":"WebPage","@id":"https:\/\/sarmiento24h.com\/?p=55974","url":"https:\/\/sarmiento24h.com\/?p=55974","name":"Abinader resalta oportunidades para dominicanos viven en Chile - Sarmiento24h","isPartOf":{"@id":"https:\/\/sarmiento24h.com\/#website"},"primaryImageOfPage":{"@id":"https:\/\/sarmiento24h.com\/?p=55974#primaryimage"},"image":{"@id":"https:\/\/sarmiento24h.com\/?p=55974#primaryimage"},"thumbnailUrl":"https:\/\/sarmiento24h.com\/wp-content\/uploads\/2026\/03\/abinader-resalta-oportunidades-para-dominicanos-viven-en-chile.jpg","datePublished":"2026-03-11T15:17:10+00:00","breadcrumb":{"@id":"https:\/\/sarmiento24h.com\/?p=55974#breadcrumb"},"inLanguage":"es","potentialAction":[{"@type":"ReadAction","target":["https:\/\/sarmiento24h.com\/?p=55974"]}]},{"@type":"ImageObject","inLanguage":"es","@id":"https:\/\/sarmiento24h.com\/?p=55974#primaryimage","url":"https:\/\/sarmiento24h.com\/wp-content\/uploads\/2026\/03\/abinader-resalta-oportunidades-para-dominicanos-viven-en-chile.jpg","contentUrl":"https:\/\/sarmiento24h.com\/wp-content\/uploads\/2026\/03\/abinader-resalta-oportunidades-para-dominicanos-viven-en-chile.jpg","width":1600,"height":965},{"@type":"BreadcrumbList","@id":"https:\/\/sarmiento24h.com\/?p=55974#breadcrumb","itemListElement":[{"@type":"ListItem","position":1,"name":"Home","item":"https:\/\/sarmiento24h.com\/"},{"@type":"ListItem","position":2,"name":"Abinader resalta oportunidades para dominicanos viven en Chile"}]},{"@type":"WebSite","@id":"https:\/\/sarmiento24h.com\/#website","url":"https:\/\/sarmiento24h.com\/","name":"Sarmiento24h","description":"","publisher":{"@id":"https:\/\/sarmiento24h.com\/#organization"},"potentialAction":[{"@type":"SearchAction","target":{"@type":"EntryPoint","urlTemplate":"https:\/\/sarmiento24h.com\/?s={search_term_string}"},"query-input":{"@type":"PropertyValueSpecification","valueRequired":true,"valueName":"search_term_string"}}],"inLanguage":"es"},{"@type":"Organization","@id":"https:\/\/sarmiento24h.com\/#organization","name":"Sarmiento24h","url":"https:\/\/sarmiento24h.com\/","logo":{"@type":"ImageObject","inLanguage":"es","@id":"https:\/\/sarmiento24h.com\/#\/schema\/logo\/image\/","url":"https:\/\/sarmiento24h.com\/wp-content\/uploads\/2025\/12\/AddText_12-16-10.30.52.jpg","contentUrl":"https:\/\/sarmiento24h.com\/wp-content\/uploads\/2025\/12\/AddText_12-16-10.30.52.jpg","width":1220,"height":324,"caption":"Sarmiento24h"},"image":{"@id":"https:\/\/sarmiento24h.com\/#\/schema\/logo\/image\/"},"sameAs":["https:\/\/facebook.com\/s24hnoticias","https:\/\/x.com\/sarmiento24h"]},{"@type":"Person","@id":"https:\/\/sarmiento24h.com\/#\/schema\/person\/d653a59725ad629a7e0429af7b939d4d","name":"sarmiento24h@gmail.com","image":{"@type":"ImageObject","inLanguage":"es","@id":"https:\/\/sarmiento24h.com\/wp-content\/litespeed\/avatar\/d02cbc4e23c747e6659cd45907173c8f.jpg?ver=1777157796","url":"https:\/\/sarmiento24h.com\/wp-content\/litespeed\/avatar\/d02cbc4e23c747e6659cd45907173c8f.jpg?ver=1777157796","contentUrl":"https:\/\/sarmiento24h.com\/wp-content\/litespeed\/avatar\/d02cbc4e23c747e6659cd45907173c8f.jpg?ver=1777157796","caption":"sarmiento24h@gmail.com"},"sameAs":["https:\/\/sarmiento24h.com"],"url":"https:\/\/sarmiento24h.com\/?author=1"}]}},"jetpack_publicize_connections":[],"jetpack_featured_media_url":"https:\/\/sarmiento24h.com\/wp-content\/uploads\/2026\/03\/abinader-resalta-oportunidades-para-dominicanos-viven-en-chile.jpg","jetpack_sharing_enabled":true,"_links":{"self":[{"href":"https:\/\/sarmiento24h.com\/index.php?rest_route=\/wp\/v2\/posts\/55974","targetHints":{"allow":["GET"]}}],"collection":[{"href":"https:\/\/sarmiento24h.com\/index.php?rest_route=\/wp\/v2\/posts"}],"about":[{"href":"https:\/\/sarmiento24h.com\/index.php?rest_route=\/wp\/v2\/types\/post"}],"author":[{"embeddable":true,"href":"https:\/\/sarmiento24h.com\/index.php?rest_route=\/wp\/v2\/users\/1"}],"replies":[{"embeddable":true,"href":"https:\/\/sarmiento24h.com\/index.php?rest_route=%2Fwp%2Fv2%2Fcomments&post=55974"}],"version-history":[{"count":0,"href":"https:\/\/sarmiento24h.com\/index.php?rest_route=\/wp\/v2\/posts\/55974\/revisions"}],"wp:featuredmedia":[{"embeddable":true,"href":"https:\/\/sarmiento24h.com\/index.php?rest_route=\/wp\/v2\/media\/55975"}],"wp:attachment":[{"href":"https:\/\/sarmiento24h.com\/index.php?rest_route=%2Fwp%2Fv2%2Fmedia&parent=55974"}],"wp:term":[{"taxonomy":"category","embeddable":true,"href":"https:\/\/sarmiento24h.com\/index.php?rest_route=%2Fwp%2Fv2%2Fcategories&post=55974"},{"taxonomy":"post_tag","embeddable":true,"href":"https:\/\/sarmiento24h.com\/index.php?rest_route=%2Fwp%2Fv2%2Ftags&post=55974"}],"curies":[{"name":"wp","href":"https:\/\/api.w.org\/{rel}","templated":true}]}}