{"id":56042,"date":"2026-03-11T16:16:47","date_gmt":"2026-03-11T16:16:47","guid":{"rendered":"http:\/\/almomento.net\/?p=1104470"},"modified":"2026-03-11T16:16:47","modified_gmt":"2026-03-11T16:16:47","slug":"pld-advierte-deterioro-sector-electrico-rd-y-pide-soluciones","status":"publish","type":"post","link":"https:\/\/sarmiento24h.com\/?p=56042","title":{"rendered":"PLD advierte deterioro sector el\u00e9ctrico RD y pide soluciones"},"content":{"rendered":"<p><!-- .entry-header --> <\/p>\n<div class=\"img_center\"> <a href=\"https:\/\/sarmiento24h.com\/wp-content\/uploads\/2026\/03\/pld-advierte-deterioro-sector-electrico-rd-y-pide-soluciones.jpg\" title=\"PLD advierte deterioro sector el\u00e9ctrico RD y pide soluciones\" data-toggle=\"lightbox\" class=\"thickbox\"><img decoding=\"async\" src=\"https:\/\/sarmiento24h.com\/wp-content\/uploads\/2026\/03\/pld-advierte-deterioro-sector-electrico-rd-y-pide-soluciones.jpg\" class=\"attachment-post-thumbnail size-post-thumbnail wp-post-image\" alt=\"imagen\" title=\"PLD advierte deterioro sector el\u00e9ctrico RD y pide soluciones\" data-toggle data-title=\"PLD advierte deterioro sector el\u00e9ctrico RD y pide soluciones\"><\/a> <\/div>\n<p class=\"_aupe copyable-text x15bjb6t x1n2onr6\"><span class=\"_aupe copyable-text xkrh14z\">SANTO DOMINGO.- La Secretar\u00eda de Energ\u00eda y Minas del Partido de la Liberaci\u00f3n Dominicana (PLD) reiter\u00f3 su preocupaci\u00f3n por el deterioro progresivo del sistema el\u00e9ctrico del pa\u00eds y ratific\u00f3 su compromiso de \u00abseguir defendiendo los intereses del pueblo dominicano frente a los problemas que afectan el servicio de energ\u00eda\u00bb.<\/span><\/p>\n<p class=\"_aupe copyable-text x15bjb6t x1n2onr6\"><span class=\"_aupe copyable-text xkrh14z\">Cit\u00f3 que \u00abdiversos acontecimientos registrados en los \u00faltimos meses han encendido las alarmas sobre la situaci\u00f3n del sector, que enfrenta dificultades t\u00e9cnicas, financieras y administrativas que impactan directamente a la poblaci\u00f3n\u00bb.<\/span><\/p>\n<p class=\"_aupe copyable-text x15bjb6t x1n2onr6\"><span class=\"_aupe copyable-text xkrh14z\">\u201cLos hechos recientes no responden a incidentes aislados, sino a un patr\u00f3n que evidencia debilidades estructurales en la planificaci\u00f3n, el mantenimiento de la infraestructura y la gesti\u00f3n del sector el\u00e9ctrico\u201d, indic\u00f3 el \u00f3rgano especializado del PLD en un documento que analiza las debilidades del sector.<\/span><\/p>\n<p><strong>FACTURAS EDEESTE ALTERADAS<\/strong><\/p>\n<p class=\"_aupe copyable-text x15bjb6t x1n2onr6\"><span class=\"_aupe copyable-text xkrh14z\">Dentro del acontecimiento que han encendido las alarmas, el PLD menciona el apag\u00f3n general que dej\u00f3 a todo el pa\u00eds sin energ\u00eda el\u00e9ctrica recientemente y supuestas alteraciones en <\/span>m\u00e1s de 42 mil facturas de clientes de la Empresa Distribuidora de Electricidad del Este (EDEESTE).<\/p>\n<p class=\"_aupe copyable-text x15bjb6t x1n2onr6\"><span class=\"_aupe copyable-text xkrh14z\">Asimismo, denuncia que en la Oficina de Protecci\u00f3n al Consumidor de Electricidad (PROTECOM) se acumulan cerca de 50 mil reclamaciones sin soluci\u00f3n efectiva.<\/span><\/p>\n<p class=\"_aupe copyable-text x15bjb6t x1n2onr6\"><span class=\"_aupe copyable-text xkrh14z\">\u201cOtro tema que ha generado cuestionamientos es la instalaci\u00f3n de barcazas el\u00e9ctricas en la zona de Los Negros, en la provincia de Azua. Cr\u00edticos de la medida se\u00f1alan que se trata de generaci\u00f3n costosa, dependiente de combustibles f\u00f3siles importados y ubicada en una zona ambientalmente sensible\u00bb, declara el PLD en el documento firmado por <\/span>Martin Matos, titular de la <span class=\"_aupe copyable-text xkrh14z\">Secretar\u00eda de Energ\u00eda y Minas del PLD.<\/span><\/p>\n<p class=\"_aupe copyable-text x15bjb6t x1n2onr6\"><span class=\"_aupe copyable-text xkrh14z\">Se\u00f1ala que comunidades cercanas han expresado preocupaci\u00f3n por los posibles impactos en el medio ambiente, la salud y la econom\u00eda local.<\/span><\/p>\n<p><strong>GASTOS OPERATIVOS<\/strong><\/p>\n<p class=\"_aupe copyable-text x15bjb6t x1n2onr6\"><span class=\"_aupe copyable-text xkrh14z\">Las finanzas en el sector el\u00e9ctrico tambi\u00e9n se incluyen en el listado de dificultades: \u201cLos gastos operativos de las empresas distribuidoras han aumentado en los \u00faltimos a\u00f1os, mientras que las p\u00e9rdidas del sistema pasaron de alrededor de 27% en 2019 a cerca de 43% en 2025. Al mismo tiempo, el subsidio el\u00e9ctrico se ha multiplicado significativamente, alcanzando niveles hist\u00f3ricos\u201d.<\/span><\/p>\n<p class=\"_aupe copyable-text x15bjb6t x1n2onr6\"><span class=\"_aupe copyable-text xkrh14z\">Sobre el Decreto 517-25, mediante el cual el gobierno declar\u00f3 en emergencia el sector el\u00e9ctrico, el PLD considera que esta medida evidencia la gravedad de la situaci\u00f3n y plantea interrogantes sobre la planificaci\u00f3n energ\u00e9tica de largo plazo.<\/span><\/p>\n<p class=\"_aupe copyable-text x15bjb6t x1n2onr6\"><span class=\"_aupe copyable-text xkrh14z\">Frente a este panorama, reitera que continuar\u00e1 del lado del pueblo dominicano, defendiendo el derecho de los ciudadanos a un servicio el\u00e9ctrico estable, transparente y con tarifas justas.<\/span><\/p>\n<p class=\"_aupe copyable-text x15bjb6t x1n2onr6\"><span class=\"_aupe copyable-text xkrh14z\">\u201cEsta Secretar\u00eda continuar\u00e1 se\u00f1alando las fallas del sistema y proponiendo soluciones que permitan garantizar un servicio el\u00e9ctrico eficiente, siempre con el objetivo de proteger los intereses del pueblo dominicano\u201d, concluye el documento.<\/span><\/p>\n<div class=\"heateor_sss_sharing_container heateor_sss_horizontal_sharing\" data-heateor-sss-href=\"https:\/\/almomento.net\/pld-advierte-deterioro-sector-electrico-rd-y-pide-soluciones\/\">\n<p>Comp\u00e1rtelo en tus redes:<\/p>\n<\/div>\n<p> <!-- 468x60 --><br \/>\n<ins class=\"adsbygoogle\" data-ad-client=\"ca-pub-3511341636159665\" data-ad-slot=\"3538255450\"><\/ins> <!-- .entry-content --> <\/p>\n","protected":false},"excerpt":{"rendered":"<p>SANTO DOMINGO.- La Secretar\u00eda de Energ\u00eda y&#46;&#46;&#46;<\/p>\n","protected":false},"author":1,"featured_media":56043,"comment_status":"closed","ping_status":"closed","sticky":false,"template":"","format":"standard","meta":{"_jetpack_memberships_contains_paid_content":false,"footnotes":"","jetpack_publicize_message":"","jetpack_publicize_feature_enabled":true,"jetpack_social_post_already_shared":true,"jetpack_social_options":{"image_generator_settings":{"template":"highway","default_image_id":0,"font":"","enabled":false},"version":2}},"categories":[69],"tags":[],"class_list":["post-56042","post","type-post","status-publish","format-standard","has-post-thumbnail","hentry","category-portada"],"yoast_head":"<!-- This site is optimized with the Yoast SEO plugin v27.3 - https:\/\/yoast.com\/product\/yoast-seo-wordpress\/ -->\n<title>PLD advierte deterioro sector el\u00e9ctrico RD y pide soluciones - Sarmiento24h<\/title>\n<meta name=\"robots\" content=\"index, follow, max-snippet:-1, max-image-preview:large, max-video-preview:-1\" \/>\n<link rel=\"canonical\" href=\"https:\/\/sarmiento24h.com\/?p=56042\" \/>\n<meta property=\"og:locale\" content=\"es_ES\" \/>\n<meta property=\"og:type\" content=\"article\" \/>\n<meta property=\"og:title\" content=\"PLD advierte deterioro sector el\u00e9ctrico RD y pide soluciones - Sarmiento24h\" \/>\n<meta property=\"og:description\" content=\"SANTO DOMINGO.- La Secretar\u00eda de Energ\u00eda y&#046;&#046;&#046;\" \/>\n<meta property=\"og:url\" content=\"https:\/\/sarmiento24h.com\/?p=56042\" \/>\n<meta property=\"og:site_name\" content=\"Sarmiento24h\" \/>\n<meta property=\"article:publisher\" content=\"https:\/\/facebook.com\/s24hnoticias\" \/>\n<meta property=\"article:published_time\" content=\"2026-03-11T16:16:47+00:00\" \/>\n<meta property=\"og:image\" content=\"https:\/\/sarmiento24h.com\/wp-content\/uploads\/2026\/03\/pld-advierte-deterioro-sector-electrico-rd-y-pide-soluciones.jpg\" \/>\n\t<meta property=\"og:image:width\" content=\"1280\" \/>\n\t<meta property=\"og:image:height\" content=\"860\" \/>\n\t<meta property=\"og:image:type\" content=\"image\/jpeg\" \/>\n<meta name=\"author\" content=\"sarmiento24h@gmail.com\" \/>\n<meta name=\"twitter:card\" content=\"summary_large_image\" \/>\n<meta name=\"twitter:creator\" content=\"@sarmiento24h\" \/>\n<meta name=\"twitter:site\" content=\"@sarmiento24h\" \/>\n<meta name=\"twitter:label1\" content=\"Escrito por\" \/>\n\t<meta name=\"twitter:data1\" content=\"sarmiento24h@gmail.com\" \/>\n\t<meta name=\"twitter:label2\" content=\"Tiempo de lectura\" \/>\n\t<meta name=\"twitter:data2\" content=\"2 minutos\" \/>\n<script type=\"application\/ld+json\" class=\"yoast-schema-graph\">{\"@context\":\"https:\\\/\\\/schema.org\",\"@graph\":[{\"@type\":\"Article\",\"@id\":\"https:\\\/\\\/sarmiento24h.com\\\/?p=56042#article\",\"isPartOf\":{\"@id\":\"https:\\\/\\\/sarmiento24h.com\\\/?p=56042\"},\"author\":{\"name\":\"sarmiento24h@gmail.com\",\"@id\":\"https:\\\/\\\/sarmiento24h.com\\\/#\\\/schema\\\/person\\\/d653a59725ad629a7e0429af7b939d4d\"},\"headline\":\"PLD advierte deterioro sector el\u00e9ctrico RD y pide soluciones\",\"datePublished\":\"2026-03-11T16:16:47+00:00\",\"mainEntityOfPage\":{\"@id\":\"https:\\\/\\\/sarmiento24h.com\\\/?p=56042\"},\"wordCount\":496,\"publisher\":{\"@id\":\"https:\\\/\\\/sarmiento24h.com\\\/#organization\"},\"image\":{\"@id\":\"https:\\\/\\\/sarmiento24h.com\\\/?p=56042#primaryimage\"},\"thumbnailUrl\":\"https:\\\/\\\/sarmiento24h.com\\\/wp-content\\\/uploads\\\/2026\\\/03\\\/pld-advierte-deterioro-sector-electrico-rd-y-pide-soluciones.jpg\",\"articleSection\":[\"Portada\"],\"inLanguage\":\"es\"},{\"@type\":\"WebPage\",\"@id\":\"https:\\\/\\\/sarmiento24h.com\\\/?p=56042\",\"url\":\"https:\\\/\\\/sarmiento24h.com\\\/?p=56042\",\"name\":\"PLD advierte deterioro sector el\u00e9ctrico RD y pide soluciones - Sarmiento24h\",\"isPartOf\":{\"@id\":\"https:\\\/\\\/sarmiento24h.com\\\/#website\"},\"primaryImageOfPage\":{\"@id\":\"https:\\\/\\\/sarmiento24h.com\\\/?p=56042#primaryimage\"},\"image\":{\"@id\":\"https:\\\/\\\/sarmiento24h.com\\\/?p=56042#primaryimage\"},\"thumbnailUrl\":\"https:\\\/\\\/sarmiento24h.com\\\/wp-content\\\/uploads\\\/2026\\\/03\\\/pld-advierte-deterioro-sector-electrico-rd-y-pide-soluciones.jpg\",\"datePublished\":\"2026-03-11T16:16:47+00:00\",\"breadcrumb\":{\"@id\":\"https:\\\/\\\/sarmiento24h.com\\\/?p=56042#breadcrumb\"},\"inLanguage\":\"es\",\"potentialAction\":[{\"@type\":\"ReadAction\",\"target\":[\"https:\\\/\\\/sarmiento24h.com\\\/?p=56042\"]}]},{\"@type\":\"ImageObject\",\"inLanguage\":\"es\",\"@id\":\"https:\\\/\\\/sarmiento24h.com\\\/?p=56042#primaryimage\",\"url\":\"https:\\\/\\\/sarmiento24h.com\\\/wp-content\\\/uploads\\\/2026\\\/03\\\/pld-advierte-deterioro-sector-electrico-rd-y-pide-soluciones.jpg\",\"contentUrl\":\"https:\\\/\\\/sarmiento24h.com\\\/wp-content\\\/uploads\\\/2026\\\/03\\\/pld-advierte-deterioro-sector-electrico-rd-y-pide-soluciones.jpg\",\"width\":1280,\"height\":860},{\"@type\":\"BreadcrumbList\",\"@id\":\"https:\\\/\\\/sarmiento24h.com\\\/?p=56042#breadcrumb\",\"itemListElement\":[{\"@type\":\"ListItem\",\"position\":1,\"name\":\"Home\",\"item\":\"https:\\\/\\\/sarmiento24h.com\\\/\"},{\"@type\":\"ListItem\",\"position\":2,\"name\":\"PLD advierte deterioro sector el\u00e9ctrico RD y pide soluciones\"}]},{\"@type\":\"WebSite\",\"@id\":\"https:\\\/\\\/sarmiento24h.com\\\/#website\",\"url\":\"https:\\\/\\\/sarmiento24h.com\\\/\",\"name\":\"Sarmiento24h\",\"description\":\"\",\"publisher\":{\"@id\":\"https:\\\/\\\/sarmiento24h.com\\\/#organization\"},\"potentialAction\":[{\"@type\":\"SearchAction\",\"target\":{\"@type\":\"EntryPoint\",\"urlTemplate\":\"https:\\\/\\\/sarmiento24h.com\\\/?s={search_term_string}\"},\"query-input\":{\"@type\":\"PropertyValueSpecification\",\"valueRequired\":true,\"valueName\":\"search_term_string\"}}],\"inLanguage\":\"es\"},{\"@type\":\"Organization\",\"@id\":\"https:\\\/\\\/sarmiento24h.com\\\/#organization\",\"name\":\"Sarmiento24h\",\"url\":\"https:\\\/\\\/sarmiento24h.com\\\/\",\"logo\":{\"@type\":\"ImageObject\",\"inLanguage\":\"es\",\"@id\":\"https:\\\/\\\/sarmiento24h.com\\\/#\\\/schema\\\/logo\\\/image\\\/\",\"url\":\"https:\\\/\\\/sarmiento24h.com\\\/wp-content\\\/uploads\\\/2025\\\/12\\\/AddText_12-16-10.30.52.jpg\",\"contentUrl\":\"https:\\\/\\\/sarmiento24h.com\\\/wp-content\\\/uploads\\\/2025\\\/12\\\/AddText_12-16-10.30.52.jpg\",\"width\":1220,\"height\":324,\"caption\":\"Sarmiento24h\"},\"image\":{\"@id\":\"https:\\\/\\\/sarmiento24h.com\\\/#\\\/schema\\\/logo\\\/image\\\/\"},\"sameAs\":[\"https:\\\/\\\/facebook.com\\\/s24hnoticias\",\"https:\\\/\\\/x.com\\\/sarmiento24h\"]},{\"@type\":\"Person\",\"@id\":\"https:\\\/\\\/sarmiento24h.com\\\/#\\\/schema\\\/person\\\/d653a59725ad629a7e0429af7b939d4d\",\"name\":\"sarmiento24h@gmail.com\",\"image\":{\"@type\":\"ImageObject\",\"inLanguage\":\"es\",\"@id\":\"https:\\\/\\\/sarmiento24h.com\\\/wp-content\\\/litespeed\\\/avatar\\\/d02cbc4e23c747e6659cd45907173c8f.jpg?ver=1777157796\",\"url\":\"https:\\\/\\\/sarmiento24h.com\\\/wp-content\\\/litespeed\\\/avatar\\\/d02cbc4e23c747e6659cd45907173c8f.jpg?ver=1777157796\",\"contentUrl\":\"https:\\\/\\\/sarmiento24h.com\\\/wp-content\\\/litespeed\\\/avatar\\\/d02cbc4e23c747e6659cd45907173c8f.jpg?ver=1777157796\",\"caption\":\"sarmiento24h@gmail.com\"},\"sameAs\":[\"https:\\\/\\\/sarmiento24h.com\"],\"url\":\"https:\\\/\\\/sarmiento24h.com\\\/?author=1\"}]}<\/script>\n<!-- \/ Yoast SEO plugin. -->","yoast_head_json":{"title":"PLD advierte deterioro sector el\u00e9ctrico RD y pide soluciones - Sarmiento24h","robots":{"index":"index","follow":"follow","max-snippet":"max-snippet:-1","max-image-preview":"max-image-preview:large","max-video-preview":"max-video-preview:-1"},"canonical":"https:\/\/sarmiento24h.com\/?p=56042","og_locale":"es_ES","og_type":"article","og_title":"PLD advierte deterioro sector el\u00e9ctrico RD y pide soluciones - Sarmiento24h","og_description":"SANTO DOMINGO.- La Secretar\u00eda de Energ\u00eda y&#46;&#46;&#46;","og_url":"https:\/\/sarmiento24h.com\/?p=56042","og_site_name":"Sarmiento24h","article_publisher":"https:\/\/facebook.com\/s24hnoticias","article_published_time":"2026-03-11T16:16:47+00:00","og_image":[{"width":1280,"height":860,"url":"https:\/\/sarmiento24h.com\/wp-content\/uploads\/2026\/03\/pld-advierte-deterioro-sector-electrico-rd-y-pide-soluciones.jpg","type":"image\/jpeg"}],"author":"sarmiento24h@gmail.com","twitter_card":"summary_large_image","twitter_creator":"@sarmiento24h","twitter_site":"@sarmiento24h","twitter_misc":{"Escrito por":"sarmiento24h@gmail.com","Tiempo de lectura":"2 minutos"},"schema":{"@context":"https:\/\/schema.org","@graph":[{"@type":"Article","@id":"https:\/\/sarmiento24h.com\/?p=56042#article","isPartOf":{"@id":"https:\/\/sarmiento24h.com\/?p=56042"},"author":{"name":"sarmiento24h@gmail.com","@id":"https:\/\/sarmiento24h.com\/#\/schema\/person\/d653a59725ad629a7e0429af7b939d4d"},"headline":"PLD advierte deterioro sector el\u00e9ctrico RD y pide soluciones","datePublished":"2026-03-11T16:16:47+00:00","mainEntityOfPage":{"@id":"https:\/\/sarmiento24h.com\/?p=56042"},"wordCount":496,"publisher":{"@id":"https:\/\/sarmiento24h.com\/#organization"},"image":{"@id":"https:\/\/sarmiento24h.com\/?p=56042#primaryimage"},"thumbnailUrl":"https:\/\/sarmiento24h.com\/wp-content\/uploads\/2026\/03\/pld-advierte-deterioro-sector-electrico-rd-y-pide-soluciones.jpg","articleSection":["Portada"],"inLanguage":"es"},{"@type":"WebPage","@id":"https:\/\/sarmiento24h.com\/?p=56042","url":"https:\/\/sarmiento24h.com\/?p=56042","name":"PLD advierte deterioro sector el\u00e9ctrico RD y pide soluciones - Sarmiento24h","isPartOf":{"@id":"https:\/\/sarmiento24h.com\/#website"},"primaryImageOfPage":{"@id":"https:\/\/sarmiento24h.com\/?p=56042#primaryimage"},"image":{"@id":"https:\/\/sarmiento24h.com\/?p=56042#primaryimage"},"thumbnailUrl":"https:\/\/sarmiento24h.com\/wp-content\/uploads\/2026\/03\/pld-advierte-deterioro-sector-electrico-rd-y-pide-soluciones.jpg","datePublished":"2026-03-11T16:16:47+00:00","breadcrumb":{"@id":"https:\/\/sarmiento24h.com\/?p=56042#breadcrumb"},"inLanguage":"es","potentialAction":[{"@type":"ReadAction","target":["https:\/\/sarmiento24h.com\/?p=56042"]}]},{"@type":"ImageObject","inLanguage":"es","@id":"https:\/\/sarmiento24h.com\/?p=56042#primaryimage","url":"https:\/\/sarmiento24h.com\/wp-content\/uploads\/2026\/03\/pld-advierte-deterioro-sector-electrico-rd-y-pide-soluciones.jpg","contentUrl":"https:\/\/sarmiento24h.com\/wp-content\/uploads\/2026\/03\/pld-advierte-deterioro-sector-electrico-rd-y-pide-soluciones.jpg","width":1280,"height":860},{"@type":"BreadcrumbList","@id":"https:\/\/sarmiento24h.com\/?p=56042#breadcrumb","itemListElement":[{"@type":"ListItem","position":1,"name":"Home","item":"https:\/\/sarmiento24h.com\/"},{"@type":"ListItem","position":2,"name":"PLD advierte deterioro sector el\u00e9ctrico RD y pide soluciones"}]},{"@type":"WebSite","@id":"https:\/\/sarmiento24h.com\/#website","url":"https:\/\/sarmiento24h.com\/","name":"Sarmiento24h","description":"","publisher":{"@id":"https:\/\/sarmiento24h.com\/#organization"},"potentialAction":[{"@type":"SearchAction","target":{"@type":"EntryPoint","urlTemplate":"https:\/\/sarmiento24h.com\/?s={search_term_string}"},"query-input":{"@type":"PropertyValueSpecification","valueRequired":true,"valueName":"search_term_string"}}],"inLanguage":"es"},{"@type":"Organization","@id":"https:\/\/sarmiento24h.com\/#organization","name":"Sarmiento24h","url":"https:\/\/sarmiento24h.com\/","logo":{"@type":"ImageObject","inLanguage":"es","@id":"https:\/\/sarmiento24h.com\/#\/schema\/logo\/image\/","url":"https:\/\/sarmiento24h.com\/wp-content\/uploads\/2025\/12\/AddText_12-16-10.30.52.jpg","contentUrl":"https:\/\/sarmiento24h.com\/wp-content\/uploads\/2025\/12\/AddText_12-16-10.30.52.jpg","width":1220,"height":324,"caption":"Sarmiento24h"},"image":{"@id":"https:\/\/sarmiento24h.com\/#\/schema\/logo\/image\/"},"sameAs":["https:\/\/facebook.com\/s24hnoticias","https:\/\/x.com\/sarmiento24h"]},{"@type":"Person","@id":"https:\/\/sarmiento24h.com\/#\/schema\/person\/d653a59725ad629a7e0429af7b939d4d","name":"sarmiento24h@gmail.com","image":{"@type":"ImageObject","inLanguage":"es","@id":"https:\/\/sarmiento24h.com\/wp-content\/litespeed\/avatar\/d02cbc4e23c747e6659cd45907173c8f.jpg?ver=1777157796","url":"https:\/\/sarmiento24h.com\/wp-content\/litespeed\/avatar\/d02cbc4e23c747e6659cd45907173c8f.jpg?ver=1777157796","contentUrl":"https:\/\/sarmiento24h.com\/wp-content\/litespeed\/avatar\/d02cbc4e23c747e6659cd45907173c8f.jpg?ver=1777157796","caption":"sarmiento24h@gmail.com"},"sameAs":["https:\/\/sarmiento24h.com"],"url":"https:\/\/sarmiento24h.com\/?author=1"}]}},"jetpack_publicize_connections":[],"jetpack_featured_media_url":"https:\/\/sarmiento24h.com\/wp-content\/uploads\/2026\/03\/pld-advierte-deterioro-sector-electrico-rd-y-pide-soluciones.jpg","jetpack_sharing_enabled":true,"_links":{"self":[{"href":"https:\/\/sarmiento24h.com\/index.php?rest_route=\/wp\/v2\/posts\/56042","targetHints":{"allow":["GET"]}}],"collection":[{"href":"https:\/\/sarmiento24h.com\/index.php?rest_route=\/wp\/v2\/posts"}],"about":[{"href":"https:\/\/sarmiento24h.com\/index.php?rest_route=\/wp\/v2\/types\/post"}],"author":[{"embeddable":true,"href":"https:\/\/sarmiento24h.com\/index.php?rest_route=\/wp\/v2\/users\/1"}],"replies":[{"embeddable":true,"href":"https:\/\/sarmiento24h.com\/index.php?rest_route=%2Fwp%2Fv2%2Fcomments&post=56042"}],"version-history":[{"count":0,"href":"https:\/\/sarmiento24h.com\/index.php?rest_route=\/wp\/v2\/posts\/56042\/revisions"}],"wp:featuredmedia":[{"embeddable":true,"href":"https:\/\/sarmiento24h.com\/index.php?rest_route=\/wp\/v2\/media\/56043"}],"wp:attachment":[{"href":"https:\/\/sarmiento24h.com\/index.php?rest_route=%2Fwp%2Fv2%2Fmedia&parent=56042"}],"wp:term":[{"taxonomy":"category","embeddable":true,"href":"https:\/\/sarmiento24h.com\/index.php?rest_route=%2Fwp%2Fv2%2Fcategories&post=56042"},{"taxonomy":"post_tag","embeddable":true,"href":"https:\/\/sarmiento24h.com\/index.php?rest_route=%2Fwp%2Fv2%2Ftags&post=56042"}],"curies":[{"name":"wp","href":"https:\/\/api.w.org\/{rel}","templated":true}]}}