{"id":56093,"date":"2026-03-11T16:17:11","date_gmt":"2026-03-11T16:17:11","guid":{"rendered":"http:\/\/69b17de6f65b93930e5d096a"},"modified":"2026-03-11T16:17:11","modified_gmt":"2026-03-11T16:17:11","slug":"harvey-weinstein-se-declara-victima-del-sistema-en-su-primera-gran-entrevista-tras-el-metoo","status":"publish","type":"post","link":"https:\/\/sarmiento24h.com\/?p=56093","title":{"rendered":"Harvey Weinstein se declara \u00abv\u00edctima del sistema\u00bb en su primera gran entrevista tras el #MeToo"},"content":{"rendered":"<p><strong>\u00bfQu\u00e9 ha sido de Harvey Weinstein?<\/strong> Mientras la opini\u00f3n p\u00fablica mundial se centra en el esc\u00e1ndalo del delincuente sexual Jeffrey Epstein, el mundo parece haberse olvidado de un hombre cuyas delicadas conexiones con el poder dominaron durante a\u00f1os los titulares. Weinstein, anta\u00f1o uno de los productores de cine m\u00e1s influyentes y autodenominado \u00absheriff de Hollywood\u00bb, tiene ahora casi 74 a\u00f1os y probablemente pasar\u00e1 el resto de su vida en prisi\u00f3n.<\/p>\n<p><strong>En 2017, art\u00edculos de <em>The New York Times<\/em> y <em>The New Yorker<\/em> destaparon a\u00f1os de abusos, violencia y chantaje sexual que el magnate ejerci\u00f3 sobre numerosas actrices y profesionales del cine<\/strong>, incluidas algunas cercanas a su entorno. Despu\u00e9s de que m\u00e1s de un centenar de mujeres lo denunciaran y de que varios jurados lo declararan culpable, Weinstein fue condenado en 2020 a 23 a\u00f1os de prisi\u00f3n.<\/p>\n<p>Actualmente se encuentra en Rikers Island, una peque\u00f1a isla frente a la costa de Nueva York, en un complejo penitenciario conocido tanto por la peligrosidad de algunos de sus reclusos como por la dureza de sus condiciones carcelarias.<\/p>\n<div class=\"InstagramEmbedContainer-Zkahr lcoiLO\">\n<div class=\"MessageBannerWrapper-fvYzDr mVpkX ConsentBannerWrapper-fiunxe gISAgU\" data-testid=\"message-banner\">\n<div class=\"BaseText-fEwdHD MessageBannerContent-gcCeKp khQILI kcBIfX\">\n<h4 class=\"ConsentBannerTitle-gQAebF ecprmN\">Instagram content<\/h4>\n<\/div>\n<\/div>\n<\/div>\n<p>A pesar de las numerosas peticiones, tras a\u00f1os de silencio concedi\u00f3 una entrevista exclusiva de una hora, tambi\u00e9n en formato de video, a la revista <em>The Hollywood Reporter<\/em>, especializada en informaci\u00f3n de la industria de Hollywood. La entrevista estuvo a cargo de la redactora Maer Roshan, que hab\u00eda trabajado con el entrevistado a finales de los a\u00f1os noventa, cuando Weinstein hab\u00eda fundado la revista mensual de entretenimiento y estilo de vida <em>Talk<\/em>, confiada a la exeditora de <em>Vanity Fair<\/em> y <em>The New Yorker<\/em>, Tina Brown.<\/p>\n<p>Roshan describe a un hombre gris, p\u00e1lido y delgado, marcado por numerosas enfermedades (c\u00e1ncer de m\u00e9dula \u00f3sea, diabetes, problemas card\u00edacos, entre otras), pero que a\u00fan se resiste a mostrar signos de arrepentimiento. A ojos de muchos es culpable, pero \u00e9l sigue consider\u00e1ndose una v\u00edctima y conf\u00eda en ser exonerado: \u00abMe declarar\u00e1n inocente, lo juro\u00bb, dice en referencia a otro proceso que comenzar\u00e1 el pr\u00f3ximo mes de abril.<\/p>\n<div layout=\"inline\" hasmeta=\"En conmemoraci\u00f3n del 8 de marzo, D\u00eda Internacional de la Mujer, reunimos las historias de las doctoras, cient\u00edficas, emprendedoras, etc, que marcar\u00e1n el futuro de M\u00e9xico y el mundo. Un especial de WIRED en espa\u00f1ol.\" data-testid=\"external-link-embed--inline\" class=\"ExternalLinkEmbedWrapper-fuxWaS bsgJVU\" readability=\"8.7890625\">\n<div textcolumnsize=\"medium\" layout=\"inline\" class=\"ExternalLinkEmbedText-cURPmc hNajH\" readability=\"35.15625\"><a aria-label=\"El futuro tiene nombre de mujer\" class=\"external-link external-link-embed__hed-link button\" data-event-click=\"{&quot;element&quot;:&quot;ExternalLink&quot;,&quot;outgoingURL&quot;:&quot;https:\/\/es.wired.com\/el-futuro-tiene-nombre-de-mujer&quot;}\" href=\"https:\/\/es.wired.com\/el-futuro-tiene-nombre-de-mujer\" rel=\"nofollow noopener\" target=\"_blank\"><span hasmeta=\"En conmemoraci\u00f3n del 8 de marzo, D\u00eda Internacional de la Mujer, reunimos las historias de las doctoras, cient\u00edficas, emprendedoras, etc, que marcar\u00e1n el futuro de M\u00e9xico y el mundo. Un especial de WIRED en espa\u00f1ol.\" layout=\"inline\" class=\"BaseText-fEwdHD ExternalLinkEmbedHed-gWWDFA jGxVFM catFoh\">El futuro tiene nombre de mujer<\/span><\/a><\/p>\n<p hasmeta=\"En conmemoraci\u00f3n del 8 de marzo, D\u00eda Internacional de la Mujer, reunimos las historias de las doctoras, cient\u00edficas, emprendedoras, etc, que marcar\u00e1n el futuro de M\u00e9xico y el mundo. Un especial de WIRED en espa\u00f1ol.\" layout=\"inline\" class=\"BaseText-fEwdHD ExternalLinkEmbedDek-KGahj hcLOhH evzMdD\">En conmemoraci\u00f3n del 8 de marzo, D\u00eda Internacional de la Mujer, reunimos las historias de las doctoras, cient\u00edficas, emprendedoras, etc, que marcar\u00e1n el futuro de M\u00e9xico y el mundo. Un especial de WIRED en espa\u00f1ol.<\/p>\n<p><svg class=\"ExternalLinkEmbedArrowIcon-deUewv lfvZuL icon icon-arrow\" focusable=\"false\" width=\"16\" height=\"16\" viewBox=\"0 0 16 16\"><title>Arrow<\/title><g clip-path=\"url(#a)\"><path fill-rule=\"evenodd\" clip-rule=\"evenodd\" d=\"M14.707 8 8.354 1.646l-.708.708L12.793 7.5H1v1h11.793l-5.147 5.146.708.708L14.707 8Z\" \/><\/g><defs><clipPath id=\"a\"><path d=\"M0 0h16v16H0z\" \/><\/clipPath><\/defs><\/svg><\/div>\n<p><a aria-label=\"El futuro tiene nombre de mujer\" class=\"external-link external-link-embed__image-link\" data-event-click=\"{&quot;element&quot;:&quot;ExternalLink&quot;,&quot;outgoingURL&quot;:&quot;https:\/\/es.wired.com\/el-futuro-tiene-nombre-de-mujer&quot;}\" href=\"https:\/\/es.wired.com\/el-futuro-tiene-nombre-de-mujer\" rel=\"nofollow noopener\" target=\"_blank\"><picture class=\"ResponsiveImagePicture-jKunQM gjCCFj ExternalLinkEmbedResponsiveImage-hweMti gueJPZ responsive-image\"><img decoding=\"async\" alt loading=\"lazy\" class=\"ResponsiveImageContainer-dkeESL cQPiWi responsive-image__image\" srcset=\"https:\/\/sarmiento24h.com\/wp-content\/uploads\/2026\/03\/harvey-weinstein-se-declara-victima-del-sistema-en-su-primera-gran-entrevista-tras-el-metoo-1.jpg,c_limit\/WR-Alba%20(1).jpg 120w\" sizes=\"100vw\" src=\"https:\/\/sarmiento24h.com\/wp-content\/uploads\/2026\/03\/harvey-weinstein-se-declara-victima-del-sistema-en-su-primera-gran-entrevista-tras-el-metoo.jpg\"><\/picture><\/a><\/div>\n<h2>El abusador que propici\u00f3 el #MeToo<\/h2>\n<p>La vida de Weinstein en prisi\u00f3n transcurre, tanto por motivos de salud como de seguridad, en r\u00e9gimen de aislamiento durante unas 23 horas al d\u00eda. \u00abEs demasiado peligroso estar rodeado de gente. Los dem\u00e1s reclusos van al patio, pero cada vez que salgo tambi\u00e9n me siento asediado\u00bb, declara, aludiendo a exigencias de dinero y a constantes recomendaciones de otros presos.<\/p>\n<p>Pasa el tiempo leyendo, charlando con enfermeras o guardias de prisi\u00f3n y haciendo breves llamadas telef\u00f3nicas a los pocos conocidos que a\u00fan le hablan. Aunque contrat\u00f3 a un asesor penitenciario antes de entrar en prisi\u00f3n, asegura: \u00abSimplemente me ayud\u00f3 a navegar por el sistema, todas las peque\u00f1as normas no escritas, qu\u00e9 hacer y qu\u00e9 no hacer\u2026 Y me salv\u00f3 la vida\u00bb. Weinstein sigue solicitando su traslado a Bellevue, un hospital penitenciario de Nueva York con condiciones m\u00e1s indulgentes.<\/p>\n<p>Adem\u00e1s de hablar de su estilo de vida y de seguir centrado, aunque desde la distancia, en el mundo del cine, Weinstein no parece haber avanzado mucho en su interpretaci\u00f3n del esc\u00e1ndalo que desat\u00f3 su comportamiento, que incluso contribuy\u00f3 al nacimiento del movimiento #MeToo y a la ca\u00edda de otros <a href=\"https:\/\/es.wired.com\/articulos\/el-mundo-esta-en-las-manos-de-hombres-ricos\">hombres poderosos<\/a> acusados de abusos.<\/p>\n","protected":false},"excerpt":{"rendered":"<p>\u00bfQu\u00e9 ha sido de Harvey Weinstein? Mientras&#46;&#46;&#46;<\/p>\n","protected":false},"author":1,"featured_media":56094,"comment_status":"closed","ping_status":"closed","sticky":false,"template":"","format":"standard","meta":{"_jetpack_memberships_contains_paid_content":false,"footnotes":"","jetpack_publicize_message":"","jetpack_publicize_feature_enabled":true,"jetpack_social_post_already_shared":true,"jetpack_social_options":{"image_generator_settings":{"template":"highway","default_image_id":0,"font":"","enabled":false},"version":2}},"categories":[46],"tags":[],"class_list":["post-56093","post","type-post","status-publish","format-standard","has-post-thumbnail","hentry","category-tecnologia"],"yoast_head":"<!-- This site is optimized with the Yoast SEO plugin v27.3 - https:\/\/yoast.com\/product\/yoast-seo-wordpress\/ -->\n<title>Harvey Weinstein se declara &quot;v\u00edctima del sistema&quot; en su primera gran entrevista tras el #MeToo - Sarmiento24h<\/title>\n<meta name=\"robots\" content=\"index, follow, max-snippet:-1, max-image-preview:large, max-video-preview:-1\" \/>\n<link rel=\"canonical\" href=\"https:\/\/sarmiento24h.com\/?p=56093\" \/>\n<meta property=\"og:locale\" content=\"es_ES\" \/>\n<meta property=\"og:type\" content=\"article\" \/>\n<meta property=\"og:title\" content=\"Harvey Weinstein se declara &quot;v\u00edctima del sistema&quot; en su primera gran entrevista tras el #MeToo - Sarmiento24h\" \/>\n<meta property=\"og:description\" content=\"\u00bfQu\u00e9 ha sido de Harvey Weinstein? Mientras&#046;&#046;&#046;\" \/>\n<meta property=\"og:url\" content=\"https:\/\/sarmiento24h.com\/?p=56093\" \/>\n<meta property=\"og:site_name\" content=\"Sarmiento24h\" \/>\n<meta property=\"article:publisher\" content=\"https:\/\/facebook.com\/s24hnoticias\" \/>\n<meta property=\"article:published_time\" content=\"2026-03-11T16:17:11+00:00\" \/>\n<meta property=\"og:image\" content=\"https:\/\/sarmiento24h.com\/wp-content\/uploads\/2026\/03\/harvey-weinstein-se-declara-victima-del-sistema-en-su-primera-gran-entrevista-tras-el-metoo.jpg\" \/>\n\t<meta property=\"og:image:width\" content=\"200\" \/>\n\t<meta property=\"og:image:height\" content=\"200\" \/>\n\t<meta property=\"og:image:type\" content=\"image\/jpeg\" \/>\n<meta name=\"author\" content=\"sarmiento24h@gmail.com\" \/>\n<meta name=\"twitter:card\" content=\"summary_large_image\" \/>\n<meta name=\"twitter:creator\" content=\"@sarmiento24h\" \/>\n<meta name=\"twitter:site\" content=\"@sarmiento24h\" \/>\n<meta name=\"twitter:label1\" content=\"Escrito por\" \/>\n\t<meta name=\"twitter:data1\" content=\"sarmiento24h@gmail.com\" \/>\n\t<meta name=\"twitter:label2\" content=\"Tiempo de lectura\" \/>\n\t<meta name=\"twitter:data2\" content=\"3 minutos\" \/>\n<script type=\"application\/ld+json\" class=\"yoast-schema-graph\">{\"@context\":\"https:\\\/\\\/schema.org\",\"@graph\":[{\"@type\":\"Article\",\"@id\":\"https:\\\/\\\/sarmiento24h.com\\\/?p=56093#article\",\"isPartOf\":{\"@id\":\"https:\\\/\\\/sarmiento24h.com\\\/?p=56093\"},\"author\":{\"name\":\"sarmiento24h@gmail.com\",\"@id\":\"https:\\\/\\\/sarmiento24h.com\\\/#\\\/schema\\\/person\\\/d653a59725ad629a7e0429af7b939d4d\"},\"headline\":\"Harvey Weinstein se declara \u00abv\u00edctima del sistema\u00bb en su primera gran entrevista tras el #MeToo\",\"datePublished\":\"2026-03-11T16:17:11+00:00\",\"mainEntityOfPage\":{\"@id\":\"https:\\\/\\\/sarmiento24h.com\\\/?p=56093\"},\"wordCount\":631,\"publisher\":{\"@id\":\"https:\\\/\\\/sarmiento24h.com\\\/#organization\"},\"image\":{\"@id\":\"https:\\\/\\\/sarmiento24h.com\\\/?p=56093#primaryimage\"},\"thumbnailUrl\":\"https:\\\/\\\/sarmiento24h.com\\\/wp-content\\\/uploads\\\/2026\\\/03\\\/harvey-weinstein-se-declara-victima-del-sistema-en-su-primera-gran-entrevista-tras-el-metoo.jpg\",\"articleSection\":[\"Tecnologia\"],\"inLanguage\":\"es\"},{\"@type\":\"WebPage\",\"@id\":\"https:\\\/\\\/sarmiento24h.com\\\/?p=56093\",\"url\":\"https:\\\/\\\/sarmiento24h.com\\\/?p=56093\",\"name\":\"Harvey Weinstein se declara \\\"v\u00edctima del sistema\\\" en su primera gran entrevista tras el #MeToo - Sarmiento24h\",\"isPartOf\":{\"@id\":\"https:\\\/\\\/sarmiento24h.com\\\/#website\"},\"primaryImageOfPage\":{\"@id\":\"https:\\\/\\\/sarmiento24h.com\\\/?p=56093#primaryimage\"},\"image\":{\"@id\":\"https:\\\/\\\/sarmiento24h.com\\\/?p=56093#primaryimage\"},\"thumbnailUrl\":\"https:\\\/\\\/sarmiento24h.com\\\/wp-content\\\/uploads\\\/2026\\\/03\\\/harvey-weinstein-se-declara-victima-del-sistema-en-su-primera-gran-entrevista-tras-el-metoo.jpg\",\"datePublished\":\"2026-03-11T16:17:11+00:00\",\"breadcrumb\":{\"@id\":\"https:\\\/\\\/sarmiento24h.com\\\/?p=56093#breadcrumb\"},\"inLanguage\":\"es\",\"potentialAction\":[{\"@type\":\"ReadAction\",\"target\":[\"https:\\\/\\\/sarmiento24h.com\\\/?p=56093\"]}]},{\"@type\":\"ImageObject\",\"inLanguage\":\"es\",\"@id\":\"https:\\\/\\\/sarmiento24h.com\\\/?p=56093#primaryimage\",\"url\":\"https:\\\/\\\/sarmiento24h.com\\\/wp-content\\\/uploads\\\/2026\\\/03\\\/harvey-weinstein-se-declara-victima-del-sistema-en-su-primera-gran-entrevista-tras-el-metoo.jpg\",\"contentUrl\":\"https:\\\/\\\/sarmiento24h.com\\\/wp-content\\\/uploads\\\/2026\\\/03\\\/harvey-weinstein-se-declara-victima-del-sistema-en-su-primera-gran-entrevista-tras-el-metoo.jpg\",\"width\":200,\"height\":200},{\"@type\":\"BreadcrumbList\",\"@id\":\"https:\\\/\\\/sarmiento24h.com\\\/?p=56093#breadcrumb\",\"itemListElement\":[{\"@type\":\"ListItem\",\"position\":1,\"name\":\"Home\",\"item\":\"https:\\\/\\\/sarmiento24h.com\\\/\"},{\"@type\":\"ListItem\",\"position\":2,\"name\":\"Harvey Weinstein se declara \u00abv\u00edctima del sistema\u00bb en su primera gran entrevista tras el #MeToo\"}]},{\"@type\":\"WebSite\",\"@id\":\"https:\\\/\\\/sarmiento24h.com\\\/#website\",\"url\":\"https:\\\/\\\/sarmiento24h.com\\\/\",\"name\":\"Sarmiento24h\",\"description\":\"\",\"publisher\":{\"@id\":\"https:\\\/\\\/sarmiento24h.com\\\/#organization\"},\"potentialAction\":[{\"@type\":\"SearchAction\",\"target\":{\"@type\":\"EntryPoint\",\"urlTemplate\":\"https:\\\/\\\/sarmiento24h.com\\\/?s={search_term_string}\"},\"query-input\":{\"@type\":\"PropertyValueSpecification\",\"valueRequired\":true,\"valueName\":\"search_term_string\"}}],\"inLanguage\":\"es\"},{\"@type\":\"Organization\",\"@id\":\"https:\\\/\\\/sarmiento24h.com\\\/#organization\",\"name\":\"Sarmiento24h\",\"url\":\"https:\\\/\\\/sarmiento24h.com\\\/\",\"logo\":{\"@type\":\"ImageObject\",\"inLanguage\":\"es\",\"@id\":\"https:\\\/\\\/sarmiento24h.com\\\/#\\\/schema\\\/logo\\\/image\\\/\",\"url\":\"https:\\\/\\\/sarmiento24h.com\\\/wp-content\\\/uploads\\\/2025\\\/12\\\/AddText_12-16-10.30.52.jpg\",\"contentUrl\":\"https:\\\/\\\/sarmiento24h.com\\\/wp-content\\\/uploads\\\/2025\\\/12\\\/AddText_12-16-10.30.52.jpg\",\"width\":1220,\"height\":324,\"caption\":\"Sarmiento24h\"},\"image\":{\"@id\":\"https:\\\/\\\/sarmiento24h.com\\\/#\\\/schema\\\/logo\\\/image\\\/\"},\"sameAs\":[\"https:\\\/\\\/facebook.com\\\/s24hnoticias\",\"https:\\\/\\\/x.com\\\/sarmiento24h\"]},{\"@type\":\"Person\",\"@id\":\"https:\\\/\\\/sarmiento24h.com\\\/#\\\/schema\\\/person\\\/d653a59725ad629a7e0429af7b939d4d\",\"name\":\"sarmiento24h@gmail.com\",\"image\":{\"@type\":\"ImageObject\",\"inLanguage\":\"es\",\"@id\":\"https:\\\/\\\/sarmiento24h.com\\\/wp-content\\\/litespeed\\\/avatar\\\/d02cbc4e23c747e6659cd45907173c8f.jpg?ver=1777157796\",\"url\":\"https:\\\/\\\/sarmiento24h.com\\\/wp-content\\\/litespeed\\\/avatar\\\/d02cbc4e23c747e6659cd45907173c8f.jpg?ver=1777157796\",\"contentUrl\":\"https:\\\/\\\/sarmiento24h.com\\\/wp-content\\\/litespeed\\\/avatar\\\/d02cbc4e23c747e6659cd45907173c8f.jpg?ver=1777157796\",\"caption\":\"sarmiento24h@gmail.com\"},\"sameAs\":[\"https:\\\/\\\/sarmiento24h.com\"],\"url\":\"https:\\\/\\\/sarmiento24h.com\\\/?author=1\"}]}<\/script>\n<!-- \/ Yoast SEO plugin. -->","yoast_head_json":{"title":"Harvey Weinstein se declara \"v\u00edctima del sistema\" en su primera gran entrevista tras el #MeToo - Sarmiento24h","robots":{"index":"index","follow":"follow","max-snippet":"max-snippet:-1","max-image-preview":"max-image-preview:large","max-video-preview":"max-video-preview:-1"},"canonical":"https:\/\/sarmiento24h.com\/?p=56093","og_locale":"es_ES","og_type":"article","og_title":"Harvey Weinstein se declara \"v\u00edctima del sistema\" en su primera gran entrevista tras el #MeToo - Sarmiento24h","og_description":"\u00bfQu\u00e9 ha sido de Harvey Weinstein? Mientras&#46;&#46;&#46;","og_url":"https:\/\/sarmiento24h.com\/?p=56093","og_site_name":"Sarmiento24h","article_publisher":"https:\/\/facebook.com\/s24hnoticias","article_published_time":"2026-03-11T16:17:11+00:00","og_image":[{"width":200,"height":200,"url":"https:\/\/sarmiento24h.com\/wp-content\/uploads\/2026\/03\/harvey-weinstein-se-declara-victima-del-sistema-en-su-primera-gran-entrevista-tras-el-metoo.jpg","type":"image\/jpeg"}],"author":"sarmiento24h@gmail.com","twitter_card":"summary_large_image","twitter_creator":"@sarmiento24h","twitter_site":"@sarmiento24h","twitter_misc":{"Escrito por":"sarmiento24h@gmail.com","Tiempo de lectura":"3 minutos"},"schema":{"@context":"https:\/\/schema.org","@graph":[{"@type":"Article","@id":"https:\/\/sarmiento24h.com\/?p=56093#article","isPartOf":{"@id":"https:\/\/sarmiento24h.com\/?p=56093"},"author":{"name":"sarmiento24h@gmail.com","@id":"https:\/\/sarmiento24h.com\/#\/schema\/person\/d653a59725ad629a7e0429af7b939d4d"},"headline":"Harvey Weinstein se declara \u00abv\u00edctima del sistema\u00bb en su primera gran entrevista tras el #MeToo","datePublished":"2026-03-11T16:17:11+00:00","mainEntityOfPage":{"@id":"https:\/\/sarmiento24h.com\/?p=56093"},"wordCount":631,"publisher":{"@id":"https:\/\/sarmiento24h.com\/#organization"},"image":{"@id":"https:\/\/sarmiento24h.com\/?p=56093#primaryimage"},"thumbnailUrl":"https:\/\/sarmiento24h.com\/wp-content\/uploads\/2026\/03\/harvey-weinstein-se-declara-victima-del-sistema-en-su-primera-gran-entrevista-tras-el-metoo.jpg","articleSection":["Tecnologia"],"inLanguage":"es"},{"@type":"WebPage","@id":"https:\/\/sarmiento24h.com\/?p=56093","url":"https:\/\/sarmiento24h.com\/?p=56093","name":"Harvey Weinstein se declara \"v\u00edctima del sistema\" en su primera gran entrevista tras el #MeToo - Sarmiento24h","isPartOf":{"@id":"https:\/\/sarmiento24h.com\/#website"},"primaryImageOfPage":{"@id":"https:\/\/sarmiento24h.com\/?p=56093#primaryimage"},"image":{"@id":"https:\/\/sarmiento24h.com\/?p=56093#primaryimage"},"thumbnailUrl":"https:\/\/sarmiento24h.com\/wp-content\/uploads\/2026\/03\/harvey-weinstein-se-declara-victima-del-sistema-en-su-primera-gran-entrevista-tras-el-metoo.jpg","datePublished":"2026-03-11T16:17:11+00:00","breadcrumb":{"@id":"https:\/\/sarmiento24h.com\/?p=56093#breadcrumb"},"inLanguage":"es","potentialAction":[{"@type":"ReadAction","target":["https:\/\/sarmiento24h.com\/?p=56093"]}]},{"@type":"ImageObject","inLanguage":"es","@id":"https:\/\/sarmiento24h.com\/?p=56093#primaryimage","url":"https:\/\/sarmiento24h.com\/wp-content\/uploads\/2026\/03\/harvey-weinstein-se-declara-victima-del-sistema-en-su-primera-gran-entrevista-tras-el-metoo.jpg","contentUrl":"https:\/\/sarmiento24h.com\/wp-content\/uploads\/2026\/03\/harvey-weinstein-se-declara-victima-del-sistema-en-su-primera-gran-entrevista-tras-el-metoo.jpg","width":200,"height":200},{"@type":"BreadcrumbList","@id":"https:\/\/sarmiento24h.com\/?p=56093#breadcrumb","itemListElement":[{"@type":"ListItem","position":1,"name":"Home","item":"https:\/\/sarmiento24h.com\/"},{"@type":"ListItem","position":2,"name":"Harvey Weinstein se declara \u00abv\u00edctima del sistema\u00bb en su primera gran entrevista tras el #MeToo"}]},{"@type":"WebSite","@id":"https:\/\/sarmiento24h.com\/#website","url":"https:\/\/sarmiento24h.com\/","name":"Sarmiento24h","description":"","publisher":{"@id":"https:\/\/sarmiento24h.com\/#organization"},"potentialAction":[{"@type":"SearchAction","target":{"@type":"EntryPoint","urlTemplate":"https:\/\/sarmiento24h.com\/?s={search_term_string}"},"query-input":{"@type":"PropertyValueSpecification","valueRequired":true,"valueName":"search_term_string"}}],"inLanguage":"es"},{"@type":"Organization","@id":"https:\/\/sarmiento24h.com\/#organization","name":"Sarmiento24h","url":"https:\/\/sarmiento24h.com\/","logo":{"@type":"ImageObject","inLanguage":"es","@id":"https:\/\/sarmiento24h.com\/#\/schema\/logo\/image\/","url":"https:\/\/sarmiento24h.com\/wp-content\/uploads\/2025\/12\/AddText_12-16-10.30.52.jpg","contentUrl":"https:\/\/sarmiento24h.com\/wp-content\/uploads\/2025\/12\/AddText_12-16-10.30.52.jpg","width":1220,"height":324,"caption":"Sarmiento24h"},"image":{"@id":"https:\/\/sarmiento24h.com\/#\/schema\/logo\/image\/"},"sameAs":["https:\/\/facebook.com\/s24hnoticias","https:\/\/x.com\/sarmiento24h"]},{"@type":"Person","@id":"https:\/\/sarmiento24h.com\/#\/schema\/person\/d653a59725ad629a7e0429af7b939d4d","name":"sarmiento24h@gmail.com","image":{"@type":"ImageObject","inLanguage":"es","@id":"https:\/\/sarmiento24h.com\/wp-content\/litespeed\/avatar\/d02cbc4e23c747e6659cd45907173c8f.jpg?ver=1777157796","url":"https:\/\/sarmiento24h.com\/wp-content\/litespeed\/avatar\/d02cbc4e23c747e6659cd45907173c8f.jpg?ver=1777157796","contentUrl":"https:\/\/sarmiento24h.com\/wp-content\/litespeed\/avatar\/d02cbc4e23c747e6659cd45907173c8f.jpg?ver=1777157796","caption":"sarmiento24h@gmail.com"},"sameAs":["https:\/\/sarmiento24h.com"],"url":"https:\/\/sarmiento24h.com\/?author=1"}]}},"jetpack_publicize_connections":[],"jetpack_featured_media_url":"https:\/\/sarmiento24h.com\/wp-content\/uploads\/2026\/03\/harvey-weinstein-se-declara-victima-del-sistema-en-su-primera-gran-entrevista-tras-el-metoo.jpg","jetpack_sharing_enabled":true,"_links":{"self":[{"href":"https:\/\/sarmiento24h.com\/index.php?rest_route=\/wp\/v2\/posts\/56093","targetHints":{"allow":["GET"]}}],"collection":[{"href":"https:\/\/sarmiento24h.com\/index.php?rest_route=\/wp\/v2\/posts"}],"about":[{"href":"https:\/\/sarmiento24h.com\/index.php?rest_route=\/wp\/v2\/types\/post"}],"author":[{"embeddable":true,"href":"https:\/\/sarmiento24h.com\/index.php?rest_route=\/wp\/v2\/users\/1"}],"replies":[{"embeddable":true,"href":"https:\/\/sarmiento24h.com\/index.php?rest_route=%2Fwp%2Fv2%2Fcomments&post=56093"}],"version-history":[{"count":0,"href":"https:\/\/sarmiento24h.com\/index.php?rest_route=\/wp\/v2\/posts\/56093\/revisions"}],"wp:featuredmedia":[{"embeddable":true,"href":"https:\/\/sarmiento24h.com\/index.php?rest_route=\/wp\/v2\/media\/56094"}],"wp:attachment":[{"href":"https:\/\/sarmiento24h.com\/index.php?rest_route=%2Fwp%2Fv2%2Fmedia&parent=56093"}],"wp:term":[{"taxonomy":"category","embeddable":true,"href":"https:\/\/sarmiento24h.com\/index.php?rest_route=%2Fwp%2Fv2%2Fcategories&post=56093"},{"taxonomy":"post_tag","embeddable":true,"href":"https:\/\/sarmiento24h.com\/index.php?rest_route=%2Fwp%2Fv2%2Ftags&post=56093"}],"curies":[{"name":"wp","href":"https:\/\/api.w.org\/{rel}","templated":true}]}}