{"id":56101,"date":"2026-03-11T16:36:55","date_gmt":"2026-03-11T16:36:55","guid":{"rendered":"https:\/\/pinceldigital.do\/?p=64693"},"modified":"2026-03-11T16:36:55","modified_gmt":"2026-03-11T16:36:55","slug":"caesco-respalda-regulacion-de-moviles-en-escuelas-y-pide-a-minerd-y-adp-priorizar-la-alfabetizacion-mediatica-en-aulas","status":"publish","type":"post","link":"https:\/\/sarmiento24h.com\/?p=56101","title":{"rendered":"CAESCO respalda regulaci\u00f3n de m\u00f3viles en escuelas y pide a Minerd y ADP priorizar la alfabetizaci\u00f3n medi\u00e1tica en aulas"},"content":{"rendered":"<div><img decoding=\"async\" src=\"https:\/\/sarmiento24h.com\/wp-content\/uploads\/2026\/03\/caesco-respalda-regulacion-de-moviles-en-escuelas-y-pide-a-minerd-y-adp-priorizar-la-alfabetizacion-mediatica-en-aulas.jpg\" class=\"ff-og-image-inserted\"><\/div>\n<p>SANTO DOMINGO \u2013 El Centro de An\u00e1lisis y Estudios de la Comunicaci\u00f3n (CAESCO) manifest\u00f3 su firme respaldo a la iniciativa del Ministerio de Educaci\u00f3n (MINERD) de regular el uso de dispositivos m\u00f3viles en los centros educativos p\u00fablicos y privados del pa\u00eds. No obstante, la entidad hizo un llamado urgente tanto al ministerio como a la Asociaci\u00f3n Dominicana de Profesores (ADP) para que esta medida se complemente con una pol\u00edtica intensa de alfabetizaci\u00f3n medi\u00e1tica e informacional.<\/p>\n<p>CAESCO considera que la regulaci\u00f3n es necesaria ante un panorama digital donde el acceso es pr\u00e1cticamente universal. Seg\u00fan los datos m\u00e1s recientes la organizaci\u00f3n internacional Kepios , la Rep\u00fablica Dominicana cuenta con 7.89 millones de identidades activas en redes sociales, lo que representa el 68.3% de la poblaci\u00f3n total y un crecimiento anual del 9.0%. Lo m\u00e1s cr\u00edtico para el entorno escolar es que el 100% de estos usuarios acceden a las plataformas a trav\u00e9s de dispositivos m\u00f3viles, convirtiendo al celular en la principal puerta de entrada a un ecosistema que, sin gu\u00eda, puede ser perjudicial para el desarrollo cognitivo.<\/p>\n<p>Miguel Ot\u00e1\u00f1ez, presidente de CAESCO, subray\u00f3 que \u00abla comunicaci\u00f3n construye o destruye una sociedad\u00bb, y en el contexto actual, los j\u00f3venes est\u00e1n inmersos en una explosi\u00f3n de medios donde domina la desinformaci\u00f3n y el contenido de bajo valor. Datos de consumo revelan una preocupante inclinaci\u00f3n hacia el ocio digital: en YouTube, las b\u00fasquedas principales de los dominicanos se centran en \u00abpel\u00edcula\u00bb, \u00abm\u00fasica\u00bb, \u00abbachata\u00bb y contenido urbano, mientras que el contenido educativo o informativo genera un tr\u00e1fico significativamente menor.<\/p>\n<p>\u00abRegular no debe ser sin\u00f3nimo de prohibir por prohibir, sino de gestionar para proteger el aprendizaje\u00bb, se\u00f1al\u00f3 CAESCO, coincidiendo con la visi\u00f3n del ministro Luis Miguel De Camps. Sin embargo, la organizaci\u00f3n advierte que el simple retiro de los dispositivos no resolver\u00e1 el problema de fondo si no se dota a los estudiantes de competencias medi\u00e1ticas.<\/p>\n<p>CAESCO propone que el MINERD y la ADP integren la alfabetizaci\u00f3n medi\u00e1tica en la curr\u00edcula escolar para que los ni\u00f1os y adolescentes aprendan a:<br \/>\u2022 Buscar informaci\u00f3n de manera consciente y dudar de fuentes no verificadas.<br \/>\u2022 Analizar el contenido de forma cr\u00edtica, entendiendo que los algoritmos crean \u00abburbujas informativas\u00bb que limitan su visi\u00f3n del mundo.<br \/>\u2022 Difundir contenido de manera responsable, protegiendo su propia dignidad digital y la de los dem\u00e1s.<\/p>\n<p>Para CAESCO, es fundamental que esta regulaci\u00f3n tome fuerza de pol\u00edtica p\u00fablica y que el Estado asuma el compromiso de formar ciudadanos \u201cy evitar que nuestros ni\u00f1os y adolescentes se conviertan en consumidores acr\u00edticos de contenidos, gui\u00e1ndolos para ser ciudadanos digitales con pensamiento cr\u00edtico y criterios de uso responsable, capaces de distinguir entre el entretenimiento superficial y la informaci\u00f3n con prop\u00f3sito\u201d.<\/p>\n<p>La adopci\u00f3n masiva de plataformas como TikTok (7.89 millones de usuarios) y YouTube (7.50 millones) entre una poblaci\u00f3n joven, cuya edad mediana es de 28.3 a\u00f1os, indica que el reto educativo ya no est\u00e1 en el acceso a la tecnolog\u00eda, sino en el criterio \u00e9tico y cognitivo para utilizarla.<\/p>\n","protected":false},"excerpt":{"rendered":"<p>SANTO DOMINGO \u2013 El Centro de An\u00e1lisis&#46;&#46;&#46;<\/p>\n","protected":false},"author":1,"featured_media":56102,"comment_status":"closed","ping_status":"closed","sticky":false,"template":"","format":"standard","meta":{"_jetpack_memberships_contains_paid_content":false,"footnotes":"","jetpack_publicize_message":"","jetpack_publicize_feature_enabled":true,"jetpack_social_post_already_shared":true,"jetpack_social_options":{"image_generator_settings":{"template":"highway","default_image_id":0,"font":"","enabled":false},"version":2}},"categories":[42],"tags":[],"class_list":["post-56101","post","type-post","status-publish","format-standard","has-post-thumbnail","hentry","category-nacionales"],"yoast_head":"<!-- This site is optimized with the Yoast SEO plugin v27.3 - https:\/\/yoast.com\/product\/yoast-seo-wordpress\/ -->\n<title>CAESCO respalda regulaci\u00f3n de m\u00f3viles en escuelas y pide a Minerd y ADP priorizar la alfabetizaci\u00f3n medi\u00e1tica en aulas - Sarmiento24h<\/title>\n<meta name=\"robots\" content=\"index, follow, max-snippet:-1, max-image-preview:large, max-video-preview:-1\" \/>\n<link rel=\"canonical\" href=\"https:\/\/sarmiento24h.com\/?p=56101\" \/>\n<meta property=\"og:locale\" content=\"es_ES\" \/>\n<meta property=\"og:type\" content=\"article\" \/>\n<meta property=\"og:title\" content=\"CAESCO respalda regulaci\u00f3n de m\u00f3viles en escuelas y pide a Minerd y ADP priorizar la alfabetizaci\u00f3n medi\u00e1tica en aulas - Sarmiento24h\" \/>\n<meta property=\"og:description\" content=\"SANTO DOMINGO \u2013 El Centro de An\u00e1lisis&#046;&#046;&#046;\" \/>\n<meta property=\"og:url\" content=\"https:\/\/sarmiento24h.com\/?p=56101\" \/>\n<meta property=\"og:site_name\" content=\"Sarmiento24h\" \/>\n<meta property=\"article:publisher\" content=\"https:\/\/facebook.com\/s24hnoticias\" \/>\n<meta property=\"article:published_time\" content=\"2026-03-11T16:36:55+00:00\" \/>\n<meta property=\"og:image\" content=\"https:\/\/sarmiento24h.com\/wp-content\/uploads\/2026\/03\/caesco-respalda-regulacion-de-moviles-en-escuelas-y-pide-a-minerd-y-adp-priorizar-la-alfabetizacion-mediatica-en-aulas.jpg\" \/>\n\t<meta property=\"og:image:width\" content=\"696\" \/>\n\t<meta property=\"og:image:height\" content=\"560\" \/>\n\t<meta property=\"og:image:type\" content=\"image\/jpeg\" \/>\n<meta name=\"author\" content=\"sarmiento24h@gmail.com\" \/>\n<meta name=\"twitter:card\" content=\"summary_large_image\" \/>\n<meta name=\"twitter:creator\" content=\"@sarmiento24h\" \/>\n<meta name=\"twitter:site\" content=\"@sarmiento24h\" \/>\n<meta name=\"twitter:label1\" content=\"Escrito por\" \/>\n\t<meta name=\"twitter:data1\" content=\"sarmiento24h@gmail.com\" \/>\n\t<meta name=\"twitter:label2\" content=\"Tiempo de lectura\" \/>\n\t<meta name=\"twitter:data2\" content=\"3 minutos\" \/>\n<script type=\"application\/ld+json\" class=\"yoast-schema-graph\">{\"@context\":\"https:\\\/\\\/schema.org\",\"@graph\":[{\"@type\":\"Article\",\"@id\":\"https:\\\/\\\/sarmiento24h.com\\\/?p=56101#article\",\"isPartOf\":{\"@id\":\"https:\\\/\\\/sarmiento24h.com\\\/?p=56101\"},\"author\":{\"name\":\"sarmiento24h@gmail.com\",\"@id\":\"https:\\\/\\\/sarmiento24h.com\\\/#\\\/schema\\\/person\\\/d653a59725ad629a7e0429af7b939d4d\"},\"headline\":\"CAESCO respalda regulaci\u00f3n de m\u00f3viles en escuelas y pide a Minerd y ADP priorizar la alfabetizaci\u00f3n medi\u00e1tica en aulas\",\"datePublished\":\"2026-03-11T16:36:55+00:00\",\"mainEntityOfPage\":{\"@id\":\"https:\\\/\\\/sarmiento24h.com\\\/?p=56101\"},\"wordCount\":561,\"publisher\":{\"@id\":\"https:\\\/\\\/sarmiento24h.com\\\/#organization\"},\"image\":{\"@id\":\"https:\\\/\\\/sarmiento24h.com\\\/?p=56101#primaryimage\"},\"thumbnailUrl\":\"https:\\\/\\\/sarmiento24h.com\\\/wp-content\\\/uploads\\\/2026\\\/03\\\/caesco-respalda-regulacion-de-moviles-en-escuelas-y-pide-a-minerd-y-adp-priorizar-la-alfabetizacion-mediatica-en-aulas.jpg\",\"articleSection\":[\"Nacionales\"],\"inLanguage\":\"es\"},{\"@type\":\"WebPage\",\"@id\":\"https:\\\/\\\/sarmiento24h.com\\\/?p=56101\",\"url\":\"https:\\\/\\\/sarmiento24h.com\\\/?p=56101\",\"name\":\"CAESCO respalda regulaci\u00f3n de m\u00f3viles en escuelas y pide a Minerd y ADP priorizar la alfabetizaci\u00f3n medi\u00e1tica en aulas - Sarmiento24h\",\"isPartOf\":{\"@id\":\"https:\\\/\\\/sarmiento24h.com\\\/#website\"},\"primaryImageOfPage\":{\"@id\":\"https:\\\/\\\/sarmiento24h.com\\\/?p=56101#primaryimage\"},\"image\":{\"@id\":\"https:\\\/\\\/sarmiento24h.com\\\/?p=56101#primaryimage\"},\"thumbnailUrl\":\"https:\\\/\\\/sarmiento24h.com\\\/wp-content\\\/uploads\\\/2026\\\/03\\\/caesco-respalda-regulacion-de-moviles-en-escuelas-y-pide-a-minerd-y-adp-priorizar-la-alfabetizacion-mediatica-en-aulas.jpg\",\"datePublished\":\"2026-03-11T16:36:55+00:00\",\"breadcrumb\":{\"@id\":\"https:\\\/\\\/sarmiento24h.com\\\/?p=56101#breadcrumb\"},\"inLanguage\":\"es\",\"potentialAction\":[{\"@type\":\"ReadAction\",\"target\":[\"https:\\\/\\\/sarmiento24h.com\\\/?p=56101\"]}]},{\"@type\":\"ImageObject\",\"inLanguage\":\"es\",\"@id\":\"https:\\\/\\\/sarmiento24h.com\\\/?p=56101#primaryimage\",\"url\":\"https:\\\/\\\/sarmiento24h.com\\\/wp-content\\\/uploads\\\/2026\\\/03\\\/caesco-respalda-regulacion-de-moviles-en-escuelas-y-pide-a-minerd-y-adp-priorizar-la-alfabetizacion-mediatica-en-aulas.jpg\",\"contentUrl\":\"https:\\\/\\\/sarmiento24h.com\\\/wp-content\\\/uploads\\\/2026\\\/03\\\/caesco-respalda-regulacion-de-moviles-en-escuelas-y-pide-a-minerd-y-adp-priorizar-la-alfabetizacion-mediatica-en-aulas.jpg\",\"width\":696,\"height\":560},{\"@type\":\"BreadcrumbList\",\"@id\":\"https:\\\/\\\/sarmiento24h.com\\\/?p=56101#breadcrumb\",\"itemListElement\":[{\"@type\":\"ListItem\",\"position\":1,\"name\":\"Home\",\"item\":\"https:\\\/\\\/sarmiento24h.com\\\/\"},{\"@type\":\"ListItem\",\"position\":2,\"name\":\"CAESCO respalda regulaci\u00f3n de m\u00f3viles en escuelas y pide a Minerd y ADP priorizar la alfabetizaci\u00f3n medi\u00e1tica en aulas\"}]},{\"@type\":\"WebSite\",\"@id\":\"https:\\\/\\\/sarmiento24h.com\\\/#website\",\"url\":\"https:\\\/\\\/sarmiento24h.com\\\/\",\"name\":\"Sarmiento24h\",\"description\":\"\",\"publisher\":{\"@id\":\"https:\\\/\\\/sarmiento24h.com\\\/#organization\"},\"potentialAction\":[{\"@type\":\"SearchAction\",\"target\":{\"@type\":\"EntryPoint\",\"urlTemplate\":\"https:\\\/\\\/sarmiento24h.com\\\/?s={search_term_string}\"},\"query-input\":{\"@type\":\"PropertyValueSpecification\",\"valueRequired\":true,\"valueName\":\"search_term_string\"}}],\"inLanguage\":\"es\"},{\"@type\":\"Organization\",\"@id\":\"https:\\\/\\\/sarmiento24h.com\\\/#organization\",\"name\":\"Sarmiento24h\",\"url\":\"https:\\\/\\\/sarmiento24h.com\\\/\",\"logo\":{\"@type\":\"ImageObject\",\"inLanguage\":\"es\",\"@id\":\"https:\\\/\\\/sarmiento24h.com\\\/#\\\/schema\\\/logo\\\/image\\\/\",\"url\":\"https:\\\/\\\/sarmiento24h.com\\\/wp-content\\\/uploads\\\/2025\\\/12\\\/AddText_12-16-10.30.52.jpg\",\"contentUrl\":\"https:\\\/\\\/sarmiento24h.com\\\/wp-content\\\/uploads\\\/2025\\\/12\\\/AddText_12-16-10.30.52.jpg\",\"width\":1220,\"height\":324,\"caption\":\"Sarmiento24h\"},\"image\":{\"@id\":\"https:\\\/\\\/sarmiento24h.com\\\/#\\\/schema\\\/logo\\\/image\\\/\"},\"sameAs\":[\"https:\\\/\\\/facebook.com\\\/s24hnoticias\",\"https:\\\/\\\/x.com\\\/sarmiento24h\"]},{\"@type\":\"Person\",\"@id\":\"https:\\\/\\\/sarmiento24h.com\\\/#\\\/schema\\\/person\\\/d653a59725ad629a7e0429af7b939d4d\",\"name\":\"sarmiento24h@gmail.com\",\"image\":{\"@type\":\"ImageObject\",\"inLanguage\":\"es\",\"@id\":\"https:\\\/\\\/sarmiento24h.com\\\/wp-content\\\/litespeed\\\/avatar\\\/d02cbc4e23c747e6659cd45907173c8f.jpg?ver=1777157796\",\"url\":\"https:\\\/\\\/sarmiento24h.com\\\/wp-content\\\/litespeed\\\/avatar\\\/d02cbc4e23c747e6659cd45907173c8f.jpg?ver=1777157796\",\"contentUrl\":\"https:\\\/\\\/sarmiento24h.com\\\/wp-content\\\/litespeed\\\/avatar\\\/d02cbc4e23c747e6659cd45907173c8f.jpg?ver=1777157796\",\"caption\":\"sarmiento24h@gmail.com\"},\"sameAs\":[\"https:\\\/\\\/sarmiento24h.com\"],\"url\":\"https:\\\/\\\/sarmiento24h.com\\\/?author=1\"}]}<\/script>\n<!-- \/ Yoast SEO plugin. -->","yoast_head_json":{"title":"CAESCO respalda regulaci\u00f3n de m\u00f3viles en escuelas y pide a Minerd y ADP priorizar la alfabetizaci\u00f3n medi\u00e1tica en aulas - Sarmiento24h","robots":{"index":"index","follow":"follow","max-snippet":"max-snippet:-1","max-image-preview":"max-image-preview:large","max-video-preview":"max-video-preview:-1"},"canonical":"https:\/\/sarmiento24h.com\/?p=56101","og_locale":"es_ES","og_type":"article","og_title":"CAESCO respalda regulaci\u00f3n de m\u00f3viles en escuelas y pide a Minerd y ADP priorizar la alfabetizaci\u00f3n medi\u00e1tica en aulas - Sarmiento24h","og_description":"SANTO DOMINGO \u2013 El Centro de An\u00e1lisis&#46;&#46;&#46;","og_url":"https:\/\/sarmiento24h.com\/?p=56101","og_site_name":"Sarmiento24h","article_publisher":"https:\/\/facebook.com\/s24hnoticias","article_published_time":"2026-03-11T16:36:55+00:00","og_image":[{"width":696,"height":560,"url":"https:\/\/sarmiento24h.com\/wp-content\/uploads\/2026\/03\/caesco-respalda-regulacion-de-moviles-en-escuelas-y-pide-a-minerd-y-adp-priorizar-la-alfabetizacion-mediatica-en-aulas.jpg","type":"image\/jpeg"}],"author":"sarmiento24h@gmail.com","twitter_card":"summary_large_image","twitter_creator":"@sarmiento24h","twitter_site":"@sarmiento24h","twitter_misc":{"Escrito por":"sarmiento24h@gmail.com","Tiempo de lectura":"3 minutos"},"schema":{"@context":"https:\/\/schema.org","@graph":[{"@type":"Article","@id":"https:\/\/sarmiento24h.com\/?p=56101#article","isPartOf":{"@id":"https:\/\/sarmiento24h.com\/?p=56101"},"author":{"name":"sarmiento24h@gmail.com","@id":"https:\/\/sarmiento24h.com\/#\/schema\/person\/d653a59725ad629a7e0429af7b939d4d"},"headline":"CAESCO respalda regulaci\u00f3n de m\u00f3viles en escuelas y pide a Minerd y ADP priorizar la alfabetizaci\u00f3n medi\u00e1tica en aulas","datePublished":"2026-03-11T16:36:55+00:00","mainEntityOfPage":{"@id":"https:\/\/sarmiento24h.com\/?p=56101"},"wordCount":561,"publisher":{"@id":"https:\/\/sarmiento24h.com\/#organization"},"image":{"@id":"https:\/\/sarmiento24h.com\/?p=56101#primaryimage"},"thumbnailUrl":"https:\/\/sarmiento24h.com\/wp-content\/uploads\/2026\/03\/caesco-respalda-regulacion-de-moviles-en-escuelas-y-pide-a-minerd-y-adp-priorizar-la-alfabetizacion-mediatica-en-aulas.jpg","articleSection":["Nacionales"],"inLanguage":"es"},{"@type":"WebPage","@id":"https:\/\/sarmiento24h.com\/?p=56101","url":"https:\/\/sarmiento24h.com\/?p=56101","name":"CAESCO respalda regulaci\u00f3n de m\u00f3viles en escuelas y pide a Minerd y ADP priorizar la alfabetizaci\u00f3n medi\u00e1tica en aulas - Sarmiento24h","isPartOf":{"@id":"https:\/\/sarmiento24h.com\/#website"},"primaryImageOfPage":{"@id":"https:\/\/sarmiento24h.com\/?p=56101#primaryimage"},"image":{"@id":"https:\/\/sarmiento24h.com\/?p=56101#primaryimage"},"thumbnailUrl":"https:\/\/sarmiento24h.com\/wp-content\/uploads\/2026\/03\/caesco-respalda-regulacion-de-moviles-en-escuelas-y-pide-a-minerd-y-adp-priorizar-la-alfabetizacion-mediatica-en-aulas.jpg","datePublished":"2026-03-11T16:36:55+00:00","breadcrumb":{"@id":"https:\/\/sarmiento24h.com\/?p=56101#breadcrumb"},"inLanguage":"es","potentialAction":[{"@type":"ReadAction","target":["https:\/\/sarmiento24h.com\/?p=56101"]}]},{"@type":"ImageObject","inLanguage":"es","@id":"https:\/\/sarmiento24h.com\/?p=56101#primaryimage","url":"https:\/\/sarmiento24h.com\/wp-content\/uploads\/2026\/03\/caesco-respalda-regulacion-de-moviles-en-escuelas-y-pide-a-minerd-y-adp-priorizar-la-alfabetizacion-mediatica-en-aulas.jpg","contentUrl":"https:\/\/sarmiento24h.com\/wp-content\/uploads\/2026\/03\/caesco-respalda-regulacion-de-moviles-en-escuelas-y-pide-a-minerd-y-adp-priorizar-la-alfabetizacion-mediatica-en-aulas.jpg","width":696,"height":560},{"@type":"BreadcrumbList","@id":"https:\/\/sarmiento24h.com\/?p=56101#breadcrumb","itemListElement":[{"@type":"ListItem","position":1,"name":"Home","item":"https:\/\/sarmiento24h.com\/"},{"@type":"ListItem","position":2,"name":"CAESCO respalda regulaci\u00f3n de m\u00f3viles en escuelas y pide a Minerd y ADP priorizar la alfabetizaci\u00f3n medi\u00e1tica en aulas"}]},{"@type":"WebSite","@id":"https:\/\/sarmiento24h.com\/#website","url":"https:\/\/sarmiento24h.com\/","name":"Sarmiento24h","description":"","publisher":{"@id":"https:\/\/sarmiento24h.com\/#organization"},"potentialAction":[{"@type":"SearchAction","target":{"@type":"EntryPoint","urlTemplate":"https:\/\/sarmiento24h.com\/?s={search_term_string}"},"query-input":{"@type":"PropertyValueSpecification","valueRequired":true,"valueName":"search_term_string"}}],"inLanguage":"es"},{"@type":"Organization","@id":"https:\/\/sarmiento24h.com\/#organization","name":"Sarmiento24h","url":"https:\/\/sarmiento24h.com\/","logo":{"@type":"ImageObject","inLanguage":"es","@id":"https:\/\/sarmiento24h.com\/#\/schema\/logo\/image\/","url":"https:\/\/sarmiento24h.com\/wp-content\/uploads\/2025\/12\/AddText_12-16-10.30.52.jpg","contentUrl":"https:\/\/sarmiento24h.com\/wp-content\/uploads\/2025\/12\/AddText_12-16-10.30.52.jpg","width":1220,"height":324,"caption":"Sarmiento24h"},"image":{"@id":"https:\/\/sarmiento24h.com\/#\/schema\/logo\/image\/"},"sameAs":["https:\/\/facebook.com\/s24hnoticias","https:\/\/x.com\/sarmiento24h"]},{"@type":"Person","@id":"https:\/\/sarmiento24h.com\/#\/schema\/person\/d653a59725ad629a7e0429af7b939d4d","name":"sarmiento24h@gmail.com","image":{"@type":"ImageObject","inLanguage":"es","@id":"https:\/\/sarmiento24h.com\/wp-content\/litespeed\/avatar\/d02cbc4e23c747e6659cd45907173c8f.jpg?ver=1777157796","url":"https:\/\/sarmiento24h.com\/wp-content\/litespeed\/avatar\/d02cbc4e23c747e6659cd45907173c8f.jpg?ver=1777157796","contentUrl":"https:\/\/sarmiento24h.com\/wp-content\/litespeed\/avatar\/d02cbc4e23c747e6659cd45907173c8f.jpg?ver=1777157796","caption":"sarmiento24h@gmail.com"},"sameAs":["https:\/\/sarmiento24h.com"],"url":"https:\/\/sarmiento24h.com\/?author=1"}]}},"jetpack_publicize_connections":[],"jetpack_featured_media_url":"https:\/\/sarmiento24h.com\/wp-content\/uploads\/2026\/03\/caesco-respalda-regulacion-de-moviles-en-escuelas-y-pide-a-minerd-y-adp-priorizar-la-alfabetizacion-mediatica-en-aulas.jpg","jetpack_sharing_enabled":true,"_links":{"self":[{"href":"https:\/\/sarmiento24h.com\/index.php?rest_route=\/wp\/v2\/posts\/56101","targetHints":{"allow":["GET"]}}],"collection":[{"href":"https:\/\/sarmiento24h.com\/index.php?rest_route=\/wp\/v2\/posts"}],"about":[{"href":"https:\/\/sarmiento24h.com\/index.php?rest_route=\/wp\/v2\/types\/post"}],"author":[{"embeddable":true,"href":"https:\/\/sarmiento24h.com\/index.php?rest_route=\/wp\/v2\/users\/1"}],"replies":[{"embeddable":true,"href":"https:\/\/sarmiento24h.com\/index.php?rest_route=%2Fwp%2Fv2%2Fcomments&post=56101"}],"version-history":[{"count":0,"href":"https:\/\/sarmiento24h.com\/index.php?rest_route=\/wp\/v2\/posts\/56101\/revisions"}],"wp:featuredmedia":[{"embeddable":true,"href":"https:\/\/sarmiento24h.com\/index.php?rest_route=\/wp\/v2\/media\/56102"}],"wp:attachment":[{"href":"https:\/\/sarmiento24h.com\/index.php?rest_route=%2Fwp%2Fv2%2Fmedia&parent=56101"}],"wp:term":[{"taxonomy":"category","embeddable":true,"href":"https:\/\/sarmiento24h.com\/index.php?rest_route=%2Fwp%2Fv2%2Fcategories&post=56101"},{"taxonomy":"post_tag","embeddable":true,"href":"https:\/\/sarmiento24h.com\/index.php?rest_route=%2Fwp%2Fv2%2Ftags&post=56101"}],"curies":[{"name":"wp","href":"https:\/\/api.w.org\/{rel}","templated":true}]}}