{"id":56840,"date":"2026-03-12T01:16:54","date_gmt":"2026-03-12T01:16:54","guid":{"rendered":"http:\/\/almomento.net\/?p=1104545"},"modified":"2026-03-12T01:16:54","modified_gmt":"2026-03-12T01:16:54","slug":"hm-preocupado-por-la-falta-de-cumplimiento-contrato-minero","status":"publish","type":"post","link":"https:\/\/sarmiento24h.com\/?p=56840","title":{"rendered":"HM preocupado por la falta de cumplimiento contrato minero"},"content":{"rendered":"<p><!-- .entry-header --> <\/p>\n<div class=\"img_center\"> <a href=\"https:\/\/sarmiento24h.com\/wp-content\/uploads\/2026\/03\/hm-preocupado-por-la-falta-de-cumplimiento-contrato-minero.jpg\" title=\"HM preocupado por la falta de cumplimiento contrato minero\" data-toggle=\"lightbox\" class=\"thickbox\"><img decoding=\"async\" src=\"https:\/\/sarmiento24h.com\/wp-content\/uploads\/2026\/03\/hm-preocupado-por-la-falta-de-cumplimiento-contrato-minero.jpg\" class=\"attachment-post-thumbnail size-post-thumbnail wp-post-image\" alt=\"imagen\" title=\"HM preocupado por la falta de cumplimiento contrato minero\" data-toggle data-title=\"HM preocupado por la falta de cumplimiento contrato minero\"><\/a><\/p>\n<p>Luis Abinader e Hip\u00f3lito Mej\u00eda conversan durante un acto pol\u00edtico en esta capital.<\/p>\n<\/p><\/div>\n<p>SANTO DOMINGO.- El expresidente Hip\u00f3lito Mej\u00eda (2000-2004) envi\u00f3 una carta al presidente Luis Abinader en la que le expresa preocupaci\u00f3n porque supuestamente el Estado dej\u00f3 de percibir en ocho a\u00f1os <span class=\"s2\">US$1,113 millones por concepto del Impuesto M\u00ednimo Anual (IMA) contemplado en el Contrato Especial de Arrendamiento Minero (CEAM) que suscribi\u00f3 el 25 de marzo de 2002 para la explotaci\u00f3n de las minas de oro y plata de la provincia S\u00e1nchez Ram\u00edrez.<\/span><\/p>\n<p class=\"p2\"><span class=\"s2\">En su misiva, la cual tiene fecha de hace nueve d\u00edas (2 de marzo 2026), Mej\u00eda dice que ha tenido atenci\u00f3n particular sobre este caso luego de que escuchara una disertaci\u00f3n del economista Andy Dauhajre, centrada en el desarrollo fiscal que ha tenido el Contrato-Enmienda entre el Estado Dominicano y la empresa Barrick Pueblo Viejo (Pueblo Viejo Dominicana Corporation PVDC).<\/span><\/p>\n<p>Esta disertaci\u00f3n fue organizada por e<span class=\"s2\">l Instituto de Formaci\u00f3n Pol\u00edtica \u201cDr. Jos\u00e9 Francisco Pe\u00f1a G\u00f3mez\u201c, que \u00e9l (Hip\u00f3lito) dirige, el cual instituy\u00f3 hace varios a\u00f1os el Foro Permanente sobre Miner\u00eda, Medio Ambiente y Cambio Clim\u00e1tico, bajo la denominada \u201cC\u00e1tedra de Gobernanza Ambiental y Social\u201c.&nbsp; En el marco del mismo han sido desarrolladas investigaciones, conferencias, paneles, conversatorios y coloquios, relacionados con asuntos de inter\u00e9s nacional.<\/span><\/p>\n<p><strong>EL CONTRATO<\/strong><\/p>\n<p>El Contrato Especial de Arrendamiento Minero (CEAM) fue suscrito el 25 de marzo de 2002 (durante el Gobierno de Hip\u00f3lito) entre el Estado Dominicano y la empresa Placer Dome Dominicana Corporation.&nbsp; Posteriormente fue adquirido por la Barrick Gold en enero de 2006 y renegociado. Una segunda enmienda crucial fue firmada el 5 de septiembre de 2013.<\/p>\n<p><strong>LLAMA LA ATENCI\u00d3N POR \u00abDESEQUILIBRIO FISCAL\u00bb<\/strong><\/p>\n<p>Seg\u00fan la <span class=\"s2\">misiva de Mej\u00eda a Abinader,&nbsp; el economista Dauhajre <\/span><span class=\"s2\">concluy\u00f3 en su disertaci\u00f3n&nbsp; en que \u00abdada la evoluci\u00f3n de los precios del oro y debido, esencialmente a la no actualizaci\u00f3n y aplicaci\u00f3n oportuna de par\u00e1metros de car\u00e1cter t\u00e9cnico, se ha originado un desequilibrio fiscal, en perjuicio de las finanzas p\u00fablicas que amerita de una atenci\u00f3n inmediata\u00bb.&nbsp;<\/span><\/p>\n<p class=\"p2\"><span class=\"s2\">\u00ab<\/span><span class=\"s2\">Como Su Excelencia comprender\u00e1, para el suscrito, en cuya gesti\u00f3n de gobierno se firm\u00f3 el contrato original,&nbsp; <strong>resulta de particular atenci\u00f3n y preocupaci\u00f3n cualquier elemento que tienda a distorsionar el esp\u00edritu que prim\u00f3 al suscribirse el mismo,<\/strong> en el sentido de lograr el objetivo de que en un momento determinado, el estado participara en un 50% de los beneficios por el arrendamiento de los derechos mineros de la mina de oro Pueblo Viejo\u00bb, puntualiza.<\/span><\/p>\n<p><strong>TEXTO \u00cdNTEGRO DE LA CARTA<\/strong><\/p>\n<p>El texto \u00edntegro de la carta, el cual fue <strong>obtenido con exclusividad por el peri\u00f3dico ALMOMENTO.net<\/strong>, es el siguiente:<\/p>\n<p class=\"p1\"><em><span class=\"s1\">Santo Domingo, 2 de marzo de 2026<\/span><\/em><\/p>\n<p class=\"p2\"><em><span class=\"s2\">Lic.<\/span><\/em><\/p>\n<p class=\"p2\"><em><span class=\"s2\">Luis R. Abinader Corona <\/span><\/em><\/p>\n<p class=\"p2\"><em><span class=\"s2\">Presidente Constitucional de la Rep\u00fablica <\/span><\/em><\/p>\n<p class=\"p2\"><em><span class=\"s2\">Palacio Nacional <\/span><\/em><\/p>\n<p class=\"p2\"><em><span class=\"s2\">Ciudad.-<\/span><\/em><\/p>\n<p class=\"p2\"><em><span class=\"s2\">Excelent\u00edsimo Se\u00f1or Presidente:<\/span><\/em><\/p>\n<p class=\"p2\"><em><span class=\"s2\">El Instituto de Formaci\u00f3n Pol\u00edtica \u201cDr. Jose Francisco Pe\u00f1a G\u00f3mez\u201c, que dirigimos, instituy\u00f3 hace ya varios a\u00f1os, el Foro Permanente sobre Miner\u00eda, Medio Ambiente y Cambio Clim\u00e1tico, que opera bajo la denominada \u201cC\u00e1tedra de Gobernanza Ambiental y Social\u201c, en el marco de la cual hemos venido desarrollando una serie de investigaciones, conferencias, paneles, conversatorios y coloquios, relacionados con puntos o asuntos de inter\u00e9s nacional, en el \u00e1mbito de la indicada tem\u00e1tica.<\/span><\/em><\/p>\n<p class=\"p2\"><em><span class=\"s2\">El d\u00eda lunes 23 del pasado mes de febrero analizamos el tema \u201cOro-Econom\u00eda Rep\u00fablica Dominicana\u201c con una disertaci\u00f3n a cargo del reputado economista Andy Dauhajre.<\/span><\/em><\/p>\n<p class=\"p2\"><em><span class=\"s2\">La magistral presentaci\u00f3n estuvo centrada en el desarrollo fiscal que ha tenido el Contrato-Enmienda existente entre el Estado Dominicano y la empresa Barrick Pueblo Viejo (Pueblo Viejo Dominicana Corporation PVDC). El disertante concluy\u00f3 all\u00ed en que, dada la evoluci\u00f3n de los precios del oro y debido, esencialmente a la no actualizaci\u00f3n y aplicaci\u00f3n oportuna de par\u00e1metros de car\u00e1cter t\u00e9cnico, se ha originado un desequilibrio fiscal, en perjuicio de las finanzas p\u00fablicas que amerita de una atenci\u00f3n inmediata.<\/span><\/em><\/p>\n<p class=\"p2\"><em><span class=\"s2\">Asegura el Lic. Dauhajre que, por ejemplo, durante el periodo 2017-2025, el Estado dej\u00f3 de percibir, otras consideraciones aparte, la suma de US $1,113 millones por concepto del Impuesto M\u00ednimo Anual (IMA) contemplado en el contrato.<\/span><\/em><\/p>\n<p class=\"p2\"><em><span class=\"s2\">Como Su Excelencia comprender\u00e1, para el suscrito, en cuya gesti\u00f3n de gobierno se firm\u00f3 el contrato original resulta de particular atenci\u00f3n y preocupaci\u00f3n cualquier elemento que tienda a distorsionar el esp\u00edritu que prim\u00f3 al suscribirse el mismo, en el sentido de lograr el objetivo de que en un momento determinado, el estado participara en un 50% de los beneficios por el arrendamiento de los derechos mineros de la mina de oro Pueblo Viejo.<\/span><\/em><\/p>\n<p class=\"p2\"><em><span class=\"s2\">Para su mayor y mejor ilustraci\u00f3n, le incluimos en anexo el documento de an\u00e1lisis que sustenta las consideraciones expuestas por el Lic. Dauhajre. <\/span><\/em><\/p>\n<p class=\"p2\"><em><span class=\"s2\">Al saludarle con la mayor diferencia, reciba a usted, Se\u00f1or Presidente, nuestras reiteradas muestras de respeto, distinci\u00f3n y singular aprecio.<\/span><\/em><\/p>\n<p class=\"p2\"><em><span class=\"s2\">Muy atentamente,<\/span><\/em><\/p>\n<p>HIP\u00d3LITO MEJIA\u00bb<\/p>\n<div class=\"heateor_sss_sharing_container heateor_sss_horizontal_sharing\" data-heateor-sss-href=\"https:\/\/almomento.net\/carta\/\">\n<p>Comp\u00e1rtelo en tus redes:<\/p>\n<\/div>\n<p> <!-- 468x60 --><br \/>\n<ins class=\"adsbygoogle\" data-ad-client=\"ca-pub-3511341636159665\" data-ad-slot=\"3538255450\"><\/ins> <!-- .entry-content --> <\/p>\n","protected":false},"excerpt":{"rendered":"<p>Luis Abinader e Hip\u00f3lito Mej\u00eda conversan durante&#46;&#46;&#46;<\/p>\n","protected":false},"author":1,"featured_media":56841,"comment_status":"closed","ping_status":"closed","sticky":false,"template":"","format":"standard","meta":{"_jetpack_memberships_contains_paid_content":false,"footnotes":"","jetpack_publicize_message":"","jetpack_publicize_feature_enabled":true,"jetpack_social_post_already_shared":true,"jetpack_social_options":{"image_generator_settings":{"template":"highway","default_image_id":0,"font":"","enabled":false},"version":2}},"categories":[69],"tags":[],"class_list":["post-56840","post","type-post","status-publish","format-standard","has-post-thumbnail","hentry","category-portada"],"yoast_head":"<!-- This site is optimized with the Yoast SEO plugin v27.3 - https:\/\/yoast.com\/product\/yoast-seo-wordpress\/ -->\n<title>HM preocupado por la falta de cumplimiento contrato minero - Sarmiento24h<\/title>\n<meta name=\"robots\" content=\"index, follow, max-snippet:-1, max-image-preview:large, max-video-preview:-1\" \/>\n<link rel=\"canonical\" href=\"https:\/\/sarmiento24h.com\/?p=56840\" \/>\n<meta property=\"og:locale\" content=\"es_ES\" \/>\n<meta property=\"og:type\" content=\"article\" \/>\n<meta property=\"og:title\" content=\"HM preocupado por la falta de cumplimiento contrato minero - Sarmiento24h\" \/>\n<meta property=\"og:description\" content=\"Luis Abinader e Hip\u00f3lito Mej\u00eda conversan durante&#046;&#046;&#046;\" \/>\n<meta property=\"og:url\" content=\"https:\/\/sarmiento24h.com\/?p=56840\" \/>\n<meta property=\"og:site_name\" content=\"Sarmiento24h\" \/>\n<meta property=\"article:publisher\" content=\"https:\/\/facebook.com\/s24hnoticias\" \/>\n<meta property=\"article:published_time\" content=\"2026-03-12T01:16:54+00:00\" \/>\n<meta property=\"og:image\" content=\"https:\/\/sarmiento24h.com\/wp-content\/uploads\/2026\/03\/hm-preocupado-por-la-falta-de-cumplimiento-contrato-minero.jpg\" \/>\n\t<meta property=\"og:image:width\" content=\"578\" \/>\n\t<meta property=\"og:image:height\" content=\"370\" \/>\n\t<meta property=\"og:image:type\" content=\"image\/jpeg\" \/>\n<meta name=\"author\" content=\"sarmiento24h@gmail.com\" \/>\n<meta name=\"twitter:card\" content=\"summary_large_image\" \/>\n<meta name=\"twitter:creator\" content=\"@sarmiento24h\" \/>\n<meta name=\"twitter:site\" content=\"@sarmiento24h\" \/>\n<meta name=\"twitter:label1\" content=\"Escrito por\" \/>\n\t<meta name=\"twitter:data1\" content=\"sarmiento24h@gmail.com\" \/>\n\t<meta name=\"twitter:label2\" content=\"Tiempo de lectura\" \/>\n\t<meta name=\"twitter:data2\" content=\"4 minutos\" \/>\n<script type=\"application\/ld+json\" class=\"yoast-schema-graph\">{\"@context\":\"https:\\\/\\\/schema.org\",\"@graph\":[{\"@type\":\"Article\",\"@id\":\"https:\\\/\\\/sarmiento24h.com\\\/?p=56840#article\",\"isPartOf\":{\"@id\":\"https:\\\/\\\/sarmiento24h.com\\\/?p=56840\"},\"author\":{\"name\":\"sarmiento24h@gmail.com\",\"@id\":\"https:\\\/\\\/sarmiento24h.com\\\/#\\\/schema\\\/person\\\/d653a59725ad629a7e0429af7b939d4d\"},\"headline\":\"HM preocupado por la falta de cumplimiento contrato minero\",\"datePublished\":\"2026-03-12T01:16:54+00:00\",\"mainEntityOfPage\":{\"@id\":\"https:\\\/\\\/sarmiento24h.com\\\/?p=56840\"},\"wordCount\":867,\"publisher\":{\"@id\":\"https:\\\/\\\/sarmiento24h.com\\\/#organization\"},\"image\":{\"@id\":\"https:\\\/\\\/sarmiento24h.com\\\/?p=56840#primaryimage\"},\"thumbnailUrl\":\"https:\\\/\\\/sarmiento24h.com\\\/wp-content\\\/uploads\\\/2026\\\/03\\\/hm-preocupado-por-la-falta-de-cumplimiento-contrato-minero.jpg\",\"articleSection\":[\"Portada\"],\"inLanguage\":\"es\"},{\"@type\":\"WebPage\",\"@id\":\"https:\\\/\\\/sarmiento24h.com\\\/?p=56840\",\"url\":\"https:\\\/\\\/sarmiento24h.com\\\/?p=56840\",\"name\":\"HM preocupado por la falta de cumplimiento contrato minero - Sarmiento24h\",\"isPartOf\":{\"@id\":\"https:\\\/\\\/sarmiento24h.com\\\/#website\"},\"primaryImageOfPage\":{\"@id\":\"https:\\\/\\\/sarmiento24h.com\\\/?p=56840#primaryimage\"},\"image\":{\"@id\":\"https:\\\/\\\/sarmiento24h.com\\\/?p=56840#primaryimage\"},\"thumbnailUrl\":\"https:\\\/\\\/sarmiento24h.com\\\/wp-content\\\/uploads\\\/2026\\\/03\\\/hm-preocupado-por-la-falta-de-cumplimiento-contrato-minero.jpg\",\"datePublished\":\"2026-03-12T01:16:54+00:00\",\"breadcrumb\":{\"@id\":\"https:\\\/\\\/sarmiento24h.com\\\/?p=56840#breadcrumb\"},\"inLanguage\":\"es\",\"potentialAction\":[{\"@type\":\"ReadAction\",\"target\":[\"https:\\\/\\\/sarmiento24h.com\\\/?p=56840\"]}]},{\"@type\":\"ImageObject\",\"inLanguage\":\"es\",\"@id\":\"https:\\\/\\\/sarmiento24h.com\\\/?p=56840#primaryimage\",\"url\":\"https:\\\/\\\/sarmiento24h.com\\\/wp-content\\\/uploads\\\/2026\\\/03\\\/hm-preocupado-por-la-falta-de-cumplimiento-contrato-minero.jpg\",\"contentUrl\":\"https:\\\/\\\/sarmiento24h.com\\\/wp-content\\\/uploads\\\/2026\\\/03\\\/hm-preocupado-por-la-falta-de-cumplimiento-contrato-minero.jpg\",\"width\":578,\"height\":370},{\"@type\":\"BreadcrumbList\",\"@id\":\"https:\\\/\\\/sarmiento24h.com\\\/?p=56840#breadcrumb\",\"itemListElement\":[{\"@type\":\"ListItem\",\"position\":1,\"name\":\"Home\",\"item\":\"https:\\\/\\\/sarmiento24h.com\\\/\"},{\"@type\":\"ListItem\",\"position\":2,\"name\":\"HM preocupado por la falta de cumplimiento contrato minero\"}]},{\"@type\":\"WebSite\",\"@id\":\"https:\\\/\\\/sarmiento24h.com\\\/#website\",\"url\":\"https:\\\/\\\/sarmiento24h.com\\\/\",\"name\":\"Sarmiento24h\",\"description\":\"\",\"publisher\":{\"@id\":\"https:\\\/\\\/sarmiento24h.com\\\/#organization\"},\"potentialAction\":[{\"@type\":\"SearchAction\",\"target\":{\"@type\":\"EntryPoint\",\"urlTemplate\":\"https:\\\/\\\/sarmiento24h.com\\\/?s={search_term_string}\"},\"query-input\":{\"@type\":\"PropertyValueSpecification\",\"valueRequired\":true,\"valueName\":\"search_term_string\"}}],\"inLanguage\":\"es\"},{\"@type\":\"Organization\",\"@id\":\"https:\\\/\\\/sarmiento24h.com\\\/#organization\",\"name\":\"Sarmiento24h\",\"url\":\"https:\\\/\\\/sarmiento24h.com\\\/\",\"logo\":{\"@type\":\"ImageObject\",\"inLanguage\":\"es\",\"@id\":\"https:\\\/\\\/sarmiento24h.com\\\/#\\\/schema\\\/logo\\\/image\\\/\",\"url\":\"https:\\\/\\\/sarmiento24h.com\\\/wp-content\\\/uploads\\\/2025\\\/12\\\/AddText_12-16-10.30.52.jpg\",\"contentUrl\":\"https:\\\/\\\/sarmiento24h.com\\\/wp-content\\\/uploads\\\/2025\\\/12\\\/AddText_12-16-10.30.52.jpg\",\"width\":1220,\"height\":324,\"caption\":\"Sarmiento24h\"},\"image\":{\"@id\":\"https:\\\/\\\/sarmiento24h.com\\\/#\\\/schema\\\/logo\\\/image\\\/\"},\"sameAs\":[\"https:\\\/\\\/facebook.com\\\/s24hnoticias\",\"https:\\\/\\\/x.com\\\/sarmiento24h\"]},{\"@type\":\"Person\",\"@id\":\"https:\\\/\\\/sarmiento24h.com\\\/#\\\/schema\\\/person\\\/d653a59725ad629a7e0429af7b939d4d\",\"name\":\"sarmiento24h@gmail.com\",\"image\":{\"@type\":\"ImageObject\",\"inLanguage\":\"es\",\"@id\":\"https:\\\/\\\/sarmiento24h.com\\\/wp-content\\\/litespeed\\\/avatar\\\/d02cbc4e23c747e6659cd45907173c8f.jpg?ver=1777157796\",\"url\":\"https:\\\/\\\/sarmiento24h.com\\\/wp-content\\\/litespeed\\\/avatar\\\/d02cbc4e23c747e6659cd45907173c8f.jpg?ver=1777157796\",\"contentUrl\":\"https:\\\/\\\/sarmiento24h.com\\\/wp-content\\\/litespeed\\\/avatar\\\/d02cbc4e23c747e6659cd45907173c8f.jpg?ver=1777157796\",\"caption\":\"sarmiento24h@gmail.com\"},\"sameAs\":[\"https:\\\/\\\/sarmiento24h.com\"],\"url\":\"https:\\\/\\\/sarmiento24h.com\\\/?author=1\"}]}<\/script>\n<!-- \/ Yoast SEO plugin. -->","yoast_head_json":{"title":"HM preocupado por la falta de cumplimiento contrato minero - Sarmiento24h","robots":{"index":"index","follow":"follow","max-snippet":"max-snippet:-1","max-image-preview":"max-image-preview:large","max-video-preview":"max-video-preview:-1"},"canonical":"https:\/\/sarmiento24h.com\/?p=56840","og_locale":"es_ES","og_type":"article","og_title":"HM preocupado por la falta de cumplimiento contrato minero - Sarmiento24h","og_description":"Luis Abinader e Hip\u00f3lito Mej\u00eda conversan durante&#46;&#46;&#46;","og_url":"https:\/\/sarmiento24h.com\/?p=56840","og_site_name":"Sarmiento24h","article_publisher":"https:\/\/facebook.com\/s24hnoticias","article_published_time":"2026-03-12T01:16:54+00:00","og_image":[{"width":578,"height":370,"url":"https:\/\/sarmiento24h.com\/wp-content\/uploads\/2026\/03\/hm-preocupado-por-la-falta-de-cumplimiento-contrato-minero.jpg","type":"image\/jpeg"}],"author":"sarmiento24h@gmail.com","twitter_card":"summary_large_image","twitter_creator":"@sarmiento24h","twitter_site":"@sarmiento24h","twitter_misc":{"Escrito por":"sarmiento24h@gmail.com","Tiempo de lectura":"4 minutos"},"schema":{"@context":"https:\/\/schema.org","@graph":[{"@type":"Article","@id":"https:\/\/sarmiento24h.com\/?p=56840#article","isPartOf":{"@id":"https:\/\/sarmiento24h.com\/?p=56840"},"author":{"name":"sarmiento24h@gmail.com","@id":"https:\/\/sarmiento24h.com\/#\/schema\/person\/d653a59725ad629a7e0429af7b939d4d"},"headline":"HM preocupado por la falta de cumplimiento contrato minero","datePublished":"2026-03-12T01:16:54+00:00","mainEntityOfPage":{"@id":"https:\/\/sarmiento24h.com\/?p=56840"},"wordCount":867,"publisher":{"@id":"https:\/\/sarmiento24h.com\/#organization"},"image":{"@id":"https:\/\/sarmiento24h.com\/?p=56840#primaryimage"},"thumbnailUrl":"https:\/\/sarmiento24h.com\/wp-content\/uploads\/2026\/03\/hm-preocupado-por-la-falta-de-cumplimiento-contrato-minero.jpg","articleSection":["Portada"],"inLanguage":"es"},{"@type":"WebPage","@id":"https:\/\/sarmiento24h.com\/?p=56840","url":"https:\/\/sarmiento24h.com\/?p=56840","name":"HM preocupado por la falta de cumplimiento contrato minero - Sarmiento24h","isPartOf":{"@id":"https:\/\/sarmiento24h.com\/#website"},"primaryImageOfPage":{"@id":"https:\/\/sarmiento24h.com\/?p=56840#primaryimage"},"image":{"@id":"https:\/\/sarmiento24h.com\/?p=56840#primaryimage"},"thumbnailUrl":"https:\/\/sarmiento24h.com\/wp-content\/uploads\/2026\/03\/hm-preocupado-por-la-falta-de-cumplimiento-contrato-minero.jpg","datePublished":"2026-03-12T01:16:54+00:00","breadcrumb":{"@id":"https:\/\/sarmiento24h.com\/?p=56840#breadcrumb"},"inLanguage":"es","potentialAction":[{"@type":"ReadAction","target":["https:\/\/sarmiento24h.com\/?p=56840"]}]},{"@type":"ImageObject","inLanguage":"es","@id":"https:\/\/sarmiento24h.com\/?p=56840#primaryimage","url":"https:\/\/sarmiento24h.com\/wp-content\/uploads\/2026\/03\/hm-preocupado-por-la-falta-de-cumplimiento-contrato-minero.jpg","contentUrl":"https:\/\/sarmiento24h.com\/wp-content\/uploads\/2026\/03\/hm-preocupado-por-la-falta-de-cumplimiento-contrato-minero.jpg","width":578,"height":370},{"@type":"BreadcrumbList","@id":"https:\/\/sarmiento24h.com\/?p=56840#breadcrumb","itemListElement":[{"@type":"ListItem","position":1,"name":"Home","item":"https:\/\/sarmiento24h.com\/"},{"@type":"ListItem","position":2,"name":"HM preocupado por la falta de cumplimiento contrato minero"}]},{"@type":"WebSite","@id":"https:\/\/sarmiento24h.com\/#website","url":"https:\/\/sarmiento24h.com\/","name":"Sarmiento24h","description":"","publisher":{"@id":"https:\/\/sarmiento24h.com\/#organization"},"potentialAction":[{"@type":"SearchAction","target":{"@type":"EntryPoint","urlTemplate":"https:\/\/sarmiento24h.com\/?s={search_term_string}"},"query-input":{"@type":"PropertyValueSpecification","valueRequired":true,"valueName":"search_term_string"}}],"inLanguage":"es"},{"@type":"Organization","@id":"https:\/\/sarmiento24h.com\/#organization","name":"Sarmiento24h","url":"https:\/\/sarmiento24h.com\/","logo":{"@type":"ImageObject","inLanguage":"es","@id":"https:\/\/sarmiento24h.com\/#\/schema\/logo\/image\/","url":"https:\/\/sarmiento24h.com\/wp-content\/uploads\/2025\/12\/AddText_12-16-10.30.52.jpg","contentUrl":"https:\/\/sarmiento24h.com\/wp-content\/uploads\/2025\/12\/AddText_12-16-10.30.52.jpg","width":1220,"height":324,"caption":"Sarmiento24h"},"image":{"@id":"https:\/\/sarmiento24h.com\/#\/schema\/logo\/image\/"},"sameAs":["https:\/\/facebook.com\/s24hnoticias","https:\/\/x.com\/sarmiento24h"]},{"@type":"Person","@id":"https:\/\/sarmiento24h.com\/#\/schema\/person\/d653a59725ad629a7e0429af7b939d4d","name":"sarmiento24h@gmail.com","image":{"@type":"ImageObject","inLanguage":"es","@id":"https:\/\/sarmiento24h.com\/wp-content\/litespeed\/avatar\/d02cbc4e23c747e6659cd45907173c8f.jpg?ver=1777157796","url":"https:\/\/sarmiento24h.com\/wp-content\/litespeed\/avatar\/d02cbc4e23c747e6659cd45907173c8f.jpg?ver=1777157796","contentUrl":"https:\/\/sarmiento24h.com\/wp-content\/litespeed\/avatar\/d02cbc4e23c747e6659cd45907173c8f.jpg?ver=1777157796","caption":"sarmiento24h@gmail.com"},"sameAs":["https:\/\/sarmiento24h.com"],"url":"https:\/\/sarmiento24h.com\/?author=1"}]}},"jetpack_publicize_connections":[],"jetpack_featured_media_url":"https:\/\/sarmiento24h.com\/wp-content\/uploads\/2026\/03\/hm-preocupado-por-la-falta-de-cumplimiento-contrato-minero.jpg","jetpack_sharing_enabled":true,"_links":{"self":[{"href":"https:\/\/sarmiento24h.com\/index.php?rest_route=\/wp\/v2\/posts\/56840","targetHints":{"allow":["GET"]}}],"collection":[{"href":"https:\/\/sarmiento24h.com\/index.php?rest_route=\/wp\/v2\/posts"}],"about":[{"href":"https:\/\/sarmiento24h.com\/index.php?rest_route=\/wp\/v2\/types\/post"}],"author":[{"embeddable":true,"href":"https:\/\/sarmiento24h.com\/index.php?rest_route=\/wp\/v2\/users\/1"}],"replies":[{"embeddable":true,"href":"https:\/\/sarmiento24h.com\/index.php?rest_route=%2Fwp%2Fv2%2Fcomments&post=56840"}],"version-history":[{"count":0,"href":"https:\/\/sarmiento24h.com\/index.php?rest_route=\/wp\/v2\/posts\/56840\/revisions"}],"wp:featuredmedia":[{"embeddable":true,"href":"https:\/\/sarmiento24h.com\/index.php?rest_route=\/wp\/v2\/media\/56841"}],"wp:attachment":[{"href":"https:\/\/sarmiento24h.com\/index.php?rest_route=%2Fwp%2Fv2%2Fmedia&parent=56840"}],"wp:term":[{"taxonomy":"category","embeddable":true,"href":"https:\/\/sarmiento24h.com\/index.php?rest_route=%2Fwp%2Fv2%2Fcategories&post=56840"},{"taxonomy":"post_tag","embeddable":true,"href":"https:\/\/sarmiento24h.com\/index.php?rest_route=%2Fwp%2Fv2%2Ftags&post=56840"}],"curies":[{"name":"wp","href":"https:\/\/api.w.org\/{rel}","templated":true}]}}