{"id":57468,"date":"2026-03-12T08:57:14","date_gmt":"2026-03-12T08:57:14","guid":{"rendered":"http:\/\/almomento.net\/?p=1104636"},"modified":"2026-03-12T08:57:14","modified_gmt":"2026-03-12T08:57:14","slug":"kast-dice-chile-esta-en-peores-condiciones-de-lo-que-pensaba","status":"publish","type":"post","link":"https:\/\/sarmiento24h.com\/?p=57468","title":{"rendered":"Kast dice Chile est\u00e1 en peores condiciones de lo que pensaba"},"content":{"rendered":"<p><!-- .entry-header --> <\/p>\n<div class=\"img_center\"> <a href=\"https:\/\/sarmiento24h.com\/wp-content\/uploads\/2026\/03\/kast-dice-chile-esta-en-peores-condiciones-de-lo-que-pensaba.jpg\" title=\"Kast dice Chile est\u00e1 en peores condiciones de lo que pensaba\" data-toggle=\"lightbox\" class=\"thickbox\"><img decoding=\"async\" src=\"https:\/\/sarmiento24h.com\/wp-content\/uploads\/2026\/03\/kast-dice-chile-esta-en-peores-condiciones-de-lo-que-pensaba.jpg\" class=\"attachment-post-thumbnail size-post-thumbnail wp-post-image\" alt=\"imagen\" title=\"Kast dice Chile est\u00e1 en peores condiciones de lo que pensaba\" data-toggle data-title=\"Kast dice Chile est\u00e1 en peores condiciones de lo que pensaba\"><\/a><\/p>\n<p>Kast en su primer discurso como mandatario ante la ciudadan\u00eda y desde el balc\u00f3n del Palacio de La Moneda (sede de Gobierno).<\/p>\n<\/p><\/div>\n<p>Valpara\u00edso (Chile), 12 de marzo&nbsp; (EFE).- El presidente de Chile, el ultraderechista Jos\u00e9 Antonio Kast, dijo este mi\u00e9rcoles que recibi\u00f3 un pa\u00eds \u00aben peores condiciones de lo que pod\u00eda imaginar\u00bb.<\/p>\n<p>Emiti\u00f3 este criterio en su primer discurso como mandatario ante la ciudadan\u00eda y desde el balc\u00f3n del Palacio de La Moneda (sede de Gobierno).<\/p>\n<p>\u00abUn pa\u00eds con sus finanzas p\u00fablicas debilitadas. Un pa\u00eds donde el crimen organizado y el narcotr\u00e1fico han avanzado. Un pa\u00eds donde las familias se sienten abandonadas por el Estado\u00bb, indic\u00f3 el nuevo mandatario, el primero de ultraderecha en el pa\u00eds desde el retorno a la democracia y el \u00fanico que respald\u00f3 la continuidad del dictador Augusto Pinochet (1973-1990).<\/p>\n<p>Acompa\u00f1ado de la primera dama, P\u00eda Adriasola, Kast reiter\u00f3 que ha instruido a sus ministros para que auditen todos sus ministerios en busca de presuntas irregularidades.<\/p>\n<figure class=\"wp-block-image size-full is-resized\">\n<figure id=\"attachment_2556812\" aria-describedby=\"caption-attachment-2556812\" class=\"wp-caption alignleft\"><img loading=\"lazy\" decoding=\"async\" class=\"wp-image-2556812\" src=\"https:\/\/sarmiento24h.com\/wp-content\/uploads\/2026\/03\/kast-dice-chile-esta-en-peores-condiciones-de-lo-que-pensaba-1.jpg\" sizes=\"auto, (max-width: 900px) 100vw, 900px\" srcset=\"https:\/\/sarmiento24h.com\/wp-content\/uploads\/2026\/03\/kast-dice-chile-esta-en-peores-condiciones-de-lo-que-pensaba-2.jpg 900w, https:\/\/sarmiento24h.com\/wp-content\/uploads\/2026\/03\/kast-dice-chile-esta-en-peores-condiciones-de-lo-que-pensaba-3.jpg 300w, https:\/\/sarmiento24h.com\/wp-content\/uploads\/2026\/03\/kast-dice-chile-esta-en-peores-condiciones-de-lo-que-pensaba-4.jpg 768w, https:\/\/sarmiento24h.com\/wp-content\/uploads\/2026\/03\/kast-dice-chile-esta-en-peores-condiciones-de-lo-que-pensaba-5.jpg 430w\" alt=\"Kast dice en su primer discurso que Chile est\u00e1 &quot;en peores condiciones de lo que pensaba&quot;\" width=\"488\" height=\"325\" data-recalc-dims=\"1\"><figcaption id=\"caption-attachment-2556812\" class=\"wp-caption-text\">Mujeres sostienen banderas este mi\u00e9rcoles, previo al primer discurso del presidente chileno, Jos\u00e9 Antonio Kast, afuera del Palacio de la Moneda, en Santiago (Chile). EFE\/ Adriana Thomasa<\/figcaption><\/figure>\n<\/figure>\n<p>\u00abLa autoridad tiene que ser fuerte porque nuestro pa\u00eds, en esta hora, as\u00ed lo demanda\u00bb, a\u00f1adi\u00f3.<\/p>\n<p>El mandatario ha prometido instalar un \u00abGobierno de emergencia\u00bb enfocado en la seguridad p\u00fablica y la econom\u00eda, principales prioridades de la ciudadan\u00eda, pero advirti\u00f3 que \u00abesto no solo depende del Gobierno\u00bb.<\/p>\n<p>\u00abLa ciudadan\u00eda, ustedes, tambi\u00e9n tienen una tremenda responsabilidad. Tenemos que aprovechar juntos esta oportunidad, y solo lo haremos si cada uno de ustedes tambi\u00e9n trabaja y cuida a Chile\u00bb, expres\u00f3 Kast, que sucedi\u00f3 al progresista Gabriel Boric.<\/p>\n<p id=\"h-la-posesion-de-kast\" class=\"wp-block-heading\"><strong>BATER\u00cdA DE DECRETOS&nbsp;<\/strong><\/p>\n<p>Antes de su comparecencia en el balc\u00f3n en la capital chilena, el presidente firm\u00f3 una bater\u00eda de decretos en materia de seguridad, hacienda, obras p\u00fablicas y defensa, entre otros.<\/p>\n<p>\u00abNo puede gobernarse solo con ideas. Tiene que gobernarse con car\u00e1cter y el car\u00e1cter no es arbitrariedad. El car\u00e1cter es estar dispuesto a hacer lo que hay que hacer aunque sea inc\u00f3modo, aunque sea impopular, aunque cueste\u00bb, cerr\u00f3.<\/p>\n<p>SP-AM<\/p>\n<figure class=\"wp-block-embed is-type-wp-embed is-provider-efe-noticias wp-block-embed-efe-noticias\"><\/figure>\n<div class=\"heateor_sss_sharing_container heateor_sss_horizontal_sharing\" data-heateor-sss-href=\"https:\/\/almomento.net\/kast-dice-chile-esta-en-peores-condiciones-de-lo-que-pensaba\/\">\n<p>Comp\u00e1rtelo en tus redes:<\/p>\n<\/div>\n<p> <!-- 468x60 --><br \/>\n<ins class=\"adsbygoogle\" data-ad-client=\"ca-pub-3511341636159665\" data-ad-slot=\"3538255450\"><\/ins> <!-- .entry-content --> <\/p>\n","protected":false},"excerpt":{"rendered":"<p>Kast en su primer discurso como mandatario&#46;&#46;&#46;<\/p>\n","protected":false},"author":1,"featured_media":57469,"comment_status":"closed","ping_status":"closed","sticky":false,"template":"","format":"standard","meta":{"_jetpack_memberships_contains_paid_content":false,"footnotes":"","jetpack_publicize_message":"","jetpack_publicize_feature_enabled":true,"jetpack_social_post_already_shared":true,"jetpack_social_options":{"image_generator_settings":{"template":"highway","default_image_id":0,"font":"","enabled":false},"version":2}},"categories":[69],"tags":[],"class_list":["post-57468","post","type-post","status-publish","format-standard","has-post-thumbnail","hentry","category-portada"],"yoast_head":"<!-- This site is optimized with the Yoast SEO plugin v27.3 - https:\/\/yoast.com\/product\/yoast-seo-wordpress\/ -->\n<title>Kast dice Chile est\u00e1 en peores condiciones de lo que pensaba - Sarmiento24h<\/title>\n<meta name=\"robots\" content=\"index, follow, max-snippet:-1, max-image-preview:large, max-video-preview:-1\" \/>\n<link rel=\"canonical\" href=\"https:\/\/sarmiento24h.com\/?p=57468\" \/>\n<meta property=\"og:locale\" content=\"es_ES\" \/>\n<meta property=\"og:type\" content=\"article\" \/>\n<meta property=\"og:title\" content=\"Kast dice Chile est\u00e1 en peores condiciones de lo que pensaba - Sarmiento24h\" \/>\n<meta property=\"og:description\" content=\"Kast en su primer discurso como mandatario&#046;&#046;&#046;\" \/>\n<meta property=\"og:url\" content=\"https:\/\/sarmiento24h.com\/?p=57468\" \/>\n<meta property=\"og:site_name\" content=\"Sarmiento24h\" \/>\n<meta property=\"article:publisher\" content=\"https:\/\/facebook.com\/s24hnoticias\" \/>\n<meta property=\"article:published_time\" content=\"2026-03-12T08:57:14+00:00\" \/>\n<meta property=\"og:image\" content=\"https:\/\/sarmiento24h.com\/wp-content\/uploads\/2026\/03\/kast-dice-chile-esta-en-peores-condiciones-de-lo-que-pensaba.jpg\" \/>\n\t<meta property=\"og:image:width\" content=\"551\" \/>\n\t<meta property=\"og:image:height\" content=\"361\" \/>\n\t<meta property=\"og:image:type\" content=\"image\/jpeg\" \/>\n<meta name=\"author\" content=\"sarmiento24h@gmail.com\" \/>\n<meta name=\"twitter:card\" content=\"summary_large_image\" \/>\n<meta name=\"twitter:creator\" content=\"@sarmiento24h\" \/>\n<meta name=\"twitter:site\" content=\"@sarmiento24h\" \/>\n<meta name=\"twitter:label1\" content=\"Escrito por\" \/>\n\t<meta name=\"twitter:data1\" content=\"sarmiento24h@gmail.com\" \/>\n\t<meta name=\"twitter:label2\" content=\"Tiempo de lectura\" \/>\n\t<meta name=\"twitter:data2\" content=\"2 minutos\" \/>\n<script type=\"application\/ld+json\" class=\"yoast-schema-graph\">{\"@context\":\"https:\\\/\\\/schema.org\",\"@graph\":[{\"@type\":\"Article\",\"@id\":\"https:\\\/\\\/sarmiento24h.com\\\/?p=57468#article\",\"isPartOf\":{\"@id\":\"https:\\\/\\\/sarmiento24h.com\\\/?p=57468\"},\"author\":{\"name\":\"sarmiento24h@gmail.com\",\"@id\":\"https:\\\/\\\/sarmiento24h.com\\\/#\\\/schema\\\/person\\\/d653a59725ad629a7e0429af7b939d4d\"},\"headline\":\"Kast dice Chile est\u00e1 en peores condiciones de lo que pensaba\",\"datePublished\":\"2026-03-12T08:57:14+00:00\",\"mainEntityOfPage\":{\"@id\":\"https:\\\/\\\/sarmiento24h.com\\\/?p=57468\"},\"wordCount\":393,\"publisher\":{\"@id\":\"https:\\\/\\\/sarmiento24h.com\\\/#organization\"},\"image\":{\"@id\":\"https:\\\/\\\/sarmiento24h.com\\\/?p=57468#primaryimage\"},\"thumbnailUrl\":\"https:\\\/\\\/sarmiento24h.com\\\/wp-content\\\/uploads\\\/2026\\\/03\\\/kast-dice-chile-esta-en-peores-condiciones-de-lo-que-pensaba.jpg\",\"articleSection\":[\"Portada\"],\"inLanguage\":\"es\"},{\"@type\":\"WebPage\",\"@id\":\"https:\\\/\\\/sarmiento24h.com\\\/?p=57468\",\"url\":\"https:\\\/\\\/sarmiento24h.com\\\/?p=57468\",\"name\":\"Kast dice Chile est\u00e1 en peores condiciones de lo que pensaba - Sarmiento24h\",\"isPartOf\":{\"@id\":\"https:\\\/\\\/sarmiento24h.com\\\/#website\"},\"primaryImageOfPage\":{\"@id\":\"https:\\\/\\\/sarmiento24h.com\\\/?p=57468#primaryimage\"},\"image\":{\"@id\":\"https:\\\/\\\/sarmiento24h.com\\\/?p=57468#primaryimage\"},\"thumbnailUrl\":\"https:\\\/\\\/sarmiento24h.com\\\/wp-content\\\/uploads\\\/2026\\\/03\\\/kast-dice-chile-esta-en-peores-condiciones-de-lo-que-pensaba.jpg\",\"datePublished\":\"2026-03-12T08:57:14+00:00\",\"breadcrumb\":{\"@id\":\"https:\\\/\\\/sarmiento24h.com\\\/?p=57468#breadcrumb\"},\"inLanguage\":\"es\",\"potentialAction\":[{\"@type\":\"ReadAction\",\"target\":[\"https:\\\/\\\/sarmiento24h.com\\\/?p=57468\"]}]},{\"@type\":\"ImageObject\",\"inLanguage\":\"es\",\"@id\":\"https:\\\/\\\/sarmiento24h.com\\\/?p=57468#primaryimage\",\"url\":\"https:\\\/\\\/sarmiento24h.com\\\/wp-content\\\/uploads\\\/2026\\\/03\\\/kast-dice-chile-esta-en-peores-condiciones-de-lo-que-pensaba.jpg\",\"contentUrl\":\"https:\\\/\\\/sarmiento24h.com\\\/wp-content\\\/uploads\\\/2026\\\/03\\\/kast-dice-chile-esta-en-peores-condiciones-de-lo-que-pensaba.jpg\",\"width\":551,\"height\":361},{\"@type\":\"BreadcrumbList\",\"@id\":\"https:\\\/\\\/sarmiento24h.com\\\/?p=57468#breadcrumb\",\"itemListElement\":[{\"@type\":\"ListItem\",\"position\":1,\"name\":\"Home\",\"item\":\"https:\\\/\\\/sarmiento24h.com\\\/\"},{\"@type\":\"ListItem\",\"position\":2,\"name\":\"Kast dice Chile est\u00e1 en peores condiciones de lo que pensaba\"}]},{\"@type\":\"WebSite\",\"@id\":\"https:\\\/\\\/sarmiento24h.com\\\/#website\",\"url\":\"https:\\\/\\\/sarmiento24h.com\\\/\",\"name\":\"Sarmiento24h\",\"description\":\"\",\"publisher\":{\"@id\":\"https:\\\/\\\/sarmiento24h.com\\\/#organization\"},\"potentialAction\":[{\"@type\":\"SearchAction\",\"target\":{\"@type\":\"EntryPoint\",\"urlTemplate\":\"https:\\\/\\\/sarmiento24h.com\\\/?s={search_term_string}\"},\"query-input\":{\"@type\":\"PropertyValueSpecification\",\"valueRequired\":true,\"valueName\":\"search_term_string\"}}],\"inLanguage\":\"es\"},{\"@type\":\"Organization\",\"@id\":\"https:\\\/\\\/sarmiento24h.com\\\/#organization\",\"name\":\"Sarmiento24h\",\"url\":\"https:\\\/\\\/sarmiento24h.com\\\/\",\"logo\":{\"@type\":\"ImageObject\",\"inLanguage\":\"es\",\"@id\":\"https:\\\/\\\/sarmiento24h.com\\\/#\\\/schema\\\/logo\\\/image\\\/\",\"url\":\"https:\\\/\\\/sarmiento24h.com\\\/wp-content\\\/uploads\\\/2025\\\/12\\\/AddText_12-16-10.30.52.jpg\",\"contentUrl\":\"https:\\\/\\\/sarmiento24h.com\\\/wp-content\\\/uploads\\\/2025\\\/12\\\/AddText_12-16-10.30.52.jpg\",\"width\":1220,\"height\":324,\"caption\":\"Sarmiento24h\"},\"image\":{\"@id\":\"https:\\\/\\\/sarmiento24h.com\\\/#\\\/schema\\\/logo\\\/image\\\/\"},\"sameAs\":[\"https:\\\/\\\/facebook.com\\\/s24hnoticias\",\"https:\\\/\\\/x.com\\\/sarmiento24h\"]},{\"@type\":\"Person\",\"@id\":\"https:\\\/\\\/sarmiento24h.com\\\/#\\\/schema\\\/person\\\/d653a59725ad629a7e0429af7b939d4d\",\"name\":\"sarmiento24h@gmail.com\",\"image\":{\"@type\":\"ImageObject\",\"inLanguage\":\"es\",\"@id\":\"https:\\\/\\\/sarmiento24h.com\\\/wp-content\\\/litespeed\\\/avatar\\\/d02cbc4e23c747e6659cd45907173c8f.jpg?ver=1777157796\",\"url\":\"https:\\\/\\\/sarmiento24h.com\\\/wp-content\\\/litespeed\\\/avatar\\\/d02cbc4e23c747e6659cd45907173c8f.jpg?ver=1777157796\",\"contentUrl\":\"https:\\\/\\\/sarmiento24h.com\\\/wp-content\\\/litespeed\\\/avatar\\\/d02cbc4e23c747e6659cd45907173c8f.jpg?ver=1777157796\",\"caption\":\"sarmiento24h@gmail.com\"},\"sameAs\":[\"https:\\\/\\\/sarmiento24h.com\"],\"url\":\"https:\\\/\\\/sarmiento24h.com\\\/?author=1\"}]}<\/script>\n<!-- \/ Yoast SEO plugin. -->","yoast_head_json":{"title":"Kast dice Chile est\u00e1 en peores condiciones de lo que pensaba - Sarmiento24h","robots":{"index":"index","follow":"follow","max-snippet":"max-snippet:-1","max-image-preview":"max-image-preview:large","max-video-preview":"max-video-preview:-1"},"canonical":"https:\/\/sarmiento24h.com\/?p=57468","og_locale":"es_ES","og_type":"article","og_title":"Kast dice Chile est\u00e1 en peores condiciones de lo que pensaba - Sarmiento24h","og_description":"Kast en su primer discurso como mandatario&#46;&#46;&#46;","og_url":"https:\/\/sarmiento24h.com\/?p=57468","og_site_name":"Sarmiento24h","article_publisher":"https:\/\/facebook.com\/s24hnoticias","article_published_time":"2026-03-12T08:57:14+00:00","og_image":[{"width":551,"height":361,"url":"https:\/\/sarmiento24h.com\/wp-content\/uploads\/2026\/03\/kast-dice-chile-esta-en-peores-condiciones-de-lo-que-pensaba.jpg","type":"image\/jpeg"}],"author":"sarmiento24h@gmail.com","twitter_card":"summary_large_image","twitter_creator":"@sarmiento24h","twitter_site":"@sarmiento24h","twitter_misc":{"Escrito por":"sarmiento24h@gmail.com","Tiempo de lectura":"2 minutos"},"schema":{"@context":"https:\/\/schema.org","@graph":[{"@type":"Article","@id":"https:\/\/sarmiento24h.com\/?p=57468#article","isPartOf":{"@id":"https:\/\/sarmiento24h.com\/?p=57468"},"author":{"name":"sarmiento24h@gmail.com","@id":"https:\/\/sarmiento24h.com\/#\/schema\/person\/d653a59725ad629a7e0429af7b939d4d"},"headline":"Kast dice Chile est\u00e1 en peores condiciones de lo que pensaba","datePublished":"2026-03-12T08:57:14+00:00","mainEntityOfPage":{"@id":"https:\/\/sarmiento24h.com\/?p=57468"},"wordCount":393,"publisher":{"@id":"https:\/\/sarmiento24h.com\/#organization"},"image":{"@id":"https:\/\/sarmiento24h.com\/?p=57468#primaryimage"},"thumbnailUrl":"https:\/\/sarmiento24h.com\/wp-content\/uploads\/2026\/03\/kast-dice-chile-esta-en-peores-condiciones-de-lo-que-pensaba.jpg","articleSection":["Portada"],"inLanguage":"es"},{"@type":"WebPage","@id":"https:\/\/sarmiento24h.com\/?p=57468","url":"https:\/\/sarmiento24h.com\/?p=57468","name":"Kast dice Chile est\u00e1 en peores condiciones de lo que pensaba - Sarmiento24h","isPartOf":{"@id":"https:\/\/sarmiento24h.com\/#website"},"primaryImageOfPage":{"@id":"https:\/\/sarmiento24h.com\/?p=57468#primaryimage"},"image":{"@id":"https:\/\/sarmiento24h.com\/?p=57468#primaryimage"},"thumbnailUrl":"https:\/\/sarmiento24h.com\/wp-content\/uploads\/2026\/03\/kast-dice-chile-esta-en-peores-condiciones-de-lo-que-pensaba.jpg","datePublished":"2026-03-12T08:57:14+00:00","breadcrumb":{"@id":"https:\/\/sarmiento24h.com\/?p=57468#breadcrumb"},"inLanguage":"es","potentialAction":[{"@type":"ReadAction","target":["https:\/\/sarmiento24h.com\/?p=57468"]}]},{"@type":"ImageObject","inLanguage":"es","@id":"https:\/\/sarmiento24h.com\/?p=57468#primaryimage","url":"https:\/\/sarmiento24h.com\/wp-content\/uploads\/2026\/03\/kast-dice-chile-esta-en-peores-condiciones-de-lo-que-pensaba.jpg","contentUrl":"https:\/\/sarmiento24h.com\/wp-content\/uploads\/2026\/03\/kast-dice-chile-esta-en-peores-condiciones-de-lo-que-pensaba.jpg","width":551,"height":361},{"@type":"BreadcrumbList","@id":"https:\/\/sarmiento24h.com\/?p=57468#breadcrumb","itemListElement":[{"@type":"ListItem","position":1,"name":"Home","item":"https:\/\/sarmiento24h.com\/"},{"@type":"ListItem","position":2,"name":"Kast dice Chile est\u00e1 en peores condiciones de lo que pensaba"}]},{"@type":"WebSite","@id":"https:\/\/sarmiento24h.com\/#website","url":"https:\/\/sarmiento24h.com\/","name":"Sarmiento24h","description":"","publisher":{"@id":"https:\/\/sarmiento24h.com\/#organization"},"potentialAction":[{"@type":"SearchAction","target":{"@type":"EntryPoint","urlTemplate":"https:\/\/sarmiento24h.com\/?s={search_term_string}"},"query-input":{"@type":"PropertyValueSpecification","valueRequired":true,"valueName":"search_term_string"}}],"inLanguage":"es"},{"@type":"Organization","@id":"https:\/\/sarmiento24h.com\/#organization","name":"Sarmiento24h","url":"https:\/\/sarmiento24h.com\/","logo":{"@type":"ImageObject","inLanguage":"es","@id":"https:\/\/sarmiento24h.com\/#\/schema\/logo\/image\/","url":"https:\/\/sarmiento24h.com\/wp-content\/uploads\/2025\/12\/AddText_12-16-10.30.52.jpg","contentUrl":"https:\/\/sarmiento24h.com\/wp-content\/uploads\/2025\/12\/AddText_12-16-10.30.52.jpg","width":1220,"height":324,"caption":"Sarmiento24h"},"image":{"@id":"https:\/\/sarmiento24h.com\/#\/schema\/logo\/image\/"},"sameAs":["https:\/\/facebook.com\/s24hnoticias","https:\/\/x.com\/sarmiento24h"]},{"@type":"Person","@id":"https:\/\/sarmiento24h.com\/#\/schema\/person\/d653a59725ad629a7e0429af7b939d4d","name":"sarmiento24h@gmail.com","image":{"@type":"ImageObject","inLanguage":"es","@id":"https:\/\/sarmiento24h.com\/wp-content\/litespeed\/avatar\/d02cbc4e23c747e6659cd45907173c8f.jpg?ver=1777157796","url":"https:\/\/sarmiento24h.com\/wp-content\/litespeed\/avatar\/d02cbc4e23c747e6659cd45907173c8f.jpg?ver=1777157796","contentUrl":"https:\/\/sarmiento24h.com\/wp-content\/litespeed\/avatar\/d02cbc4e23c747e6659cd45907173c8f.jpg?ver=1777157796","caption":"sarmiento24h@gmail.com"},"sameAs":["https:\/\/sarmiento24h.com"],"url":"https:\/\/sarmiento24h.com\/?author=1"}]}},"jetpack_publicize_connections":[],"jetpack_featured_media_url":"https:\/\/sarmiento24h.com\/wp-content\/uploads\/2026\/03\/kast-dice-chile-esta-en-peores-condiciones-de-lo-que-pensaba.jpg","jetpack_sharing_enabled":true,"_links":{"self":[{"href":"https:\/\/sarmiento24h.com\/index.php?rest_route=\/wp\/v2\/posts\/57468","targetHints":{"allow":["GET"]}}],"collection":[{"href":"https:\/\/sarmiento24h.com\/index.php?rest_route=\/wp\/v2\/posts"}],"about":[{"href":"https:\/\/sarmiento24h.com\/index.php?rest_route=\/wp\/v2\/types\/post"}],"author":[{"embeddable":true,"href":"https:\/\/sarmiento24h.com\/index.php?rest_route=\/wp\/v2\/users\/1"}],"replies":[{"embeddable":true,"href":"https:\/\/sarmiento24h.com\/index.php?rest_route=%2Fwp%2Fv2%2Fcomments&post=57468"}],"version-history":[{"count":0,"href":"https:\/\/sarmiento24h.com\/index.php?rest_route=\/wp\/v2\/posts\/57468\/revisions"}],"wp:featuredmedia":[{"embeddable":true,"href":"https:\/\/sarmiento24h.com\/index.php?rest_route=\/wp\/v2\/media\/57469"}],"wp:attachment":[{"href":"https:\/\/sarmiento24h.com\/index.php?rest_route=%2Fwp%2Fv2%2Fmedia&parent=57468"}],"wp:term":[{"taxonomy":"category","embeddable":true,"href":"https:\/\/sarmiento24h.com\/index.php?rest_route=%2Fwp%2Fv2%2Fcategories&post=57468"},{"taxonomy":"post_tag","embeddable":true,"href":"https:\/\/sarmiento24h.com\/index.php?rest_route=%2Fwp%2Fv2%2Ftags&post=57468"}],"curies":[{"name":"wp","href":"https:\/\/api.w.org\/{rel}","templated":true}]}}