{"id":5784,"date":"2026-01-01T11:38:23","date_gmt":"2026-01-01T11:38:23","guid":{"rendered":"http:\/\/almomento.net\/?p=1089255"},"modified":"2026-01-01T11:38:23","modified_gmt":"2026-01-01T11:38:23","slug":"decenas-fallecidos-en-incendio-durante-fiesta-en-bar-de-suiza","status":"publish","type":"post","link":"https:\/\/sarmiento24h.com\/?p=5784","title":{"rendered":"Decenas fallecidos en incendio durante fiesta en bar de Suiza"},"content":{"rendered":"<p>BERNA, 1 de enero 2026.- Las autoridades suizas han confirmado en la ma\u00f1ana de A\u00f1o Nuevo que hay \u00abdecenas\u00bb de personas \u00abpresumiblemente muertas\u00bb y un centenar de heridos la mayor\u00eda graves como consecuencia de un incendio en el bar Le Constellation de la estaci\u00f3n de esqu\u00ed de Crans-Montana, en Valais, Suiza.<\/p>\n<p>\u00abDecenas de personas\u00bb est\u00e1n \u00abpresumiblemente muertas\u00bb, han explicado en rueda de prensa el comandante de la Polic\u00eda del cant\u00f3n de Valais, Fr\u00e9d\u00e9ric Gisler y el diputado por Vallais St\u00e9phane Ganzer.<\/p>\n<p><strong>HAY EXTRANJEROS ENTRE LOS FALLECIDOS<\/strong><\/p>\n<p>Por el momento no hay datos oficiales sobre la identidad de los fallecidos, pero s\u00ed han confirmado que hay ciudadanos extranjeros entre los fallecidos. Los hospitales de la parte franc\u00f3fona de Suiza est\u00e1n desbordados por la afluencia de v\u00edctimas con quemaduras trasladadas desde Crans-Montana.<\/p>\n<p>Algunos de los heridos han sido llevados a Z\u00farich, Berna, Lausana y Rennaz y el Hospital de Valais tiene ya copadas todas las camas de cuidados intensivos, seg\u00fan ha explicado en declaraciones a la prensa el diputado por Valais Matthias Reynard. El propio Reynard ha informado del despliegue de diez helic\u00f3pteros, 40 ambulancias y 150 param\u00e9dicos.<\/p>\n<p>Fuentes del Ministerio de Asuntos Exteriores franc\u00e9s han informado a BFMTV que entre los heridos hay dos ciudadanos franceses. \u00abHan sido atendidos de inmediato por los servicios de emergencia (\u2026) y los equipos consulares est\u00e1n en contacto permanente con las autoridades suizas\u00bb, han explicado.<\/p>\n<p><strong>AUTORIDADES DESCARTAN ATENTADO<\/strong><\/p>\n<p>Tambi\u00e9n ha participado en la rueda de prensa de Valais la fiscal general del cant\u00f3n, B\u00e9atrice Pilloud, quien ha descartado que el incidente se deba a un atentado. \u00abNo se trata en absoluto de ning\u00fan tipo de atentado\u00bb, ha apuntado Pilloud, quien ha se\u00f1alado adem\u00e1s que se ha abierto una investigaci\u00f3n.<\/p>\n<p>\u00abHaremos todo lo que est\u00e9 a nuestro alcance para esclarecer las circunstancias de esta tragedia\u00bb, ha subrayado Pilloud, que ha adelantado que el cant\u00f3n de Valais ha solicitado ya ayuda a los cantones vecinos para identificar a los fallecidos.<\/p>\n<p>Adem\u00e1s, el gobierno cantonal de Valais ha declarado el estado de emergencia a partir de las 9.00 horas del 1 de enero para facilitar la movilizaci\u00f3n de los recursos necesarios para responder a este incendio con la mayor celeridad, explica en un comunicado.<\/p>\n<p><strong>HUBO EXPLOSI\u00d3N, LUEGO UN VIOLENTO INCENDIO<\/strong><\/p>\n<p>Valais ha informado de que el incidente se debe a una explosi\u00f3n seguida de un \u00abviolento incendio\u00bb que devast\u00f3 el bar sobre las 1.30 horas de la madrugada. Numerosos efectivos de Polic\u00eda, Bomberos y servicios de rescate acudieron de inmediato al lugar.<\/p>\n<p>El presidente de la Confederaci\u00f3n Suiza, Guy Parmelin, se ha referido ya a la \u00abtragedia\u00bb de Crans-Montana y ha anunciado el aplazamiento de su tradicional discurso de A\u00f1o Nuevo. \u00abLo que deber\u00eda haber sido un momento de alegr\u00eda se convirti\u00f3 en un d\u00eda de luto en Crans-Montana el d\u00eda de A\u00f1o Nuevo, una tragedia que ha afectado a todo el pa\u00eds y mucho m\u00e1s all\u00e1. El Consejo Federal ha recibido con consternaci\u00f3n este terrible suceso\u00bb, ha publicado Parmelin en su cuenta en la red social X.<\/p>\n<p>Parmelin ha asumido la presidencia de turno del Consejo Federal y por tanto la jefatura del Estado suizo este mismo 1 de enero tras relevar a la tambi\u00e9n consejera Karin Keller-Sutter.<\/p>\n","protected":false},"excerpt":{"rendered":"<p>BERNA, 1 de enero 2026.- Las autoridades&#46;&#46;&#46;<\/p>\n","protected":false},"author":1,"featured_media":0,"comment_status":"closed","ping_status":"closed","sticky":false,"template":"","format":"standard","meta":{"_jetpack_memberships_contains_paid_content":false,"footnotes":"","jetpack_publicize_message":"","jetpack_publicize_feature_enabled":true,"jetpack_social_post_already_shared":false,"jetpack_social_options":{"image_generator_settings":{"template":"highway","default_image_id":0,"font":"","enabled":false},"version":2}},"categories":[69],"tags":[],"class_list":["post-5784","post","type-post","status-publish","format-standard","hentry","category-portada"],"yoast_head":"<!-- This site is optimized with the Yoast SEO plugin v27.3 - https:\/\/yoast.com\/product\/yoast-seo-wordpress\/ -->\n<title>Decenas fallecidos en incendio durante fiesta en bar de Suiza - Sarmiento24h<\/title>\n<meta name=\"robots\" content=\"index, follow, max-snippet:-1, max-image-preview:large, max-video-preview:-1\" \/>\n<link rel=\"canonical\" href=\"https:\/\/sarmiento24h.com\/?p=5784\" \/>\n<meta property=\"og:locale\" content=\"es_ES\" \/>\n<meta property=\"og:type\" content=\"article\" \/>\n<meta property=\"og:title\" content=\"Decenas fallecidos en incendio durante fiesta en bar de Suiza - Sarmiento24h\" \/>\n<meta property=\"og:description\" content=\"BERNA, 1 de enero 2026.- Las autoridades&#046;&#046;&#046;\" \/>\n<meta property=\"og:url\" content=\"https:\/\/sarmiento24h.com\/?p=5784\" \/>\n<meta property=\"og:site_name\" content=\"Sarmiento24h\" \/>\n<meta property=\"article:publisher\" content=\"https:\/\/facebook.com\/s24hnoticias\" \/>\n<meta property=\"article:published_time\" content=\"2026-01-01T11:38:23+00:00\" \/>\n<meta name=\"author\" content=\"sarmiento24h@gmail.com\" \/>\n<meta name=\"twitter:card\" content=\"summary_large_image\" \/>\n<meta name=\"twitter:creator\" content=\"@sarmiento24h\" \/>\n<meta name=\"twitter:site\" content=\"@sarmiento24h\" \/>\n<meta name=\"twitter:label1\" content=\"Escrito por\" \/>\n\t<meta name=\"twitter:data1\" content=\"sarmiento24h@gmail.com\" \/>\n\t<meta name=\"twitter:label2\" content=\"Tiempo de lectura\" \/>\n\t<meta name=\"twitter:data2\" content=\"3 minutos\" \/>\n<script type=\"application\/ld+json\" class=\"yoast-schema-graph\">{\"@context\":\"https:\\\/\\\/schema.org\",\"@graph\":[{\"@type\":\"Article\",\"@id\":\"https:\\\/\\\/sarmiento24h.com\\\/?p=5784#article\",\"isPartOf\":{\"@id\":\"https:\\\/\\\/sarmiento24h.com\\\/?p=5784\"},\"author\":{\"name\":\"sarmiento24h@gmail.com\",\"@id\":\"https:\\\/\\\/sarmiento24h.com\\\/#\\\/schema\\\/person\\\/d653a59725ad629a7e0429af7b939d4d\"},\"headline\":\"Decenas fallecidos en incendio durante fiesta en bar de Suiza\",\"datePublished\":\"2026-01-01T11:38:23+00:00\",\"mainEntityOfPage\":{\"@id\":\"https:\\\/\\\/sarmiento24h.com\\\/?p=5784\"},\"wordCount\":576,\"publisher\":{\"@id\":\"https:\\\/\\\/sarmiento24h.com\\\/#organization\"},\"articleSection\":[\"Portada\"],\"inLanguage\":\"es\"},{\"@type\":\"WebPage\",\"@id\":\"https:\\\/\\\/sarmiento24h.com\\\/?p=5784\",\"url\":\"https:\\\/\\\/sarmiento24h.com\\\/?p=5784\",\"name\":\"Decenas fallecidos en incendio durante fiesta en bar de Suiza - Sarmiento24h\",\"isPartOf\":{\"@id\":\"https:\\\/\\\/sarmiento24h.com\\\/#website\"},\"datePublished\":\"2026-01-01T11:38:23+00:00\",\"breadcrumb\":{\"@id\":\"https:\\\/\\\/sarmiento24h.com\\\/?p=5784#breadcrumb\"},\"inLanguage\":\"es\",\"potentialAction\":[{\"@type\":\"ReadAction\",\"target\":[\"https:\\\/\\\/sarmiento24h.com\\\/?p=5784\"]}]},{\"@type\":\"BreadcrumbList\",\"@id\":\"https:\\\/\\\/sarmiento24h.com\\\/?p=5784#breadcrumb\",\"itemListElement\":[{\"@type\":\"ListItem\",\"position\":1,\"name\":\"Home\",\"item\":\"https:\\\/\\\/sarmiento24h.com\\\/\"},{\"@type\":\"ListItem\",\"position\":2,\"name\":\"Decenas fallecidos en incendio durante fiesta en bar de Suiza\"}]},{\"@type\":\"WebSite\",\"@id\":\"https:\\\/\\\/sarmiento24h.com\\\/#website\",\"url\":\"https:\\\/\\\/sarmiento24h.com\\\/\",\"name\":\"Sarmiento24h\",\"description\":\"\",\"publisher\":{\"@id\":\"https:\\\/\\\/sarmiento24h.com\\\/#organization\"},\"potentialAction\":[{\"@type\":\"SearchAction\",\"target\":{\"@type\":\"EntryPoint\",\"urlTemplate\":\"https:\\\/\\\/sarmiento24h.com\\\/?s={search_term_string}\"},\"query-input\":{\"@type\":\"PropertyValueSpecification\",\"valueRequired\":true,\"valueName\":\"search_term_string\"}}],\"inLanguage\":\"es\"},{\"@type\":\"Organization\",\"@id\":\"https:\\\/\\\/sarmiento24h.com\\\/#organization\",\"name\":\"Sarmiento24h\",\"url\":\"https:\\\/\\\/sarmiento24h.com\\\/\",\"logo\":{\"@type\":\"ImageObject\",\"inLanguage\":\"es\",\"@id\":\"https:\\\/\\\/sarmiento24h.com\\\/#\\\/schema\\\/logo\\\/image\\\/\",\"url\":\"https:\\\/\\\/sarmiento24h.com\\\/wp-content\\\/uploads\\\/2025\\\/12\\\/AddText_12-16-10.30.52.jpg\",\"contentUrl\":\"https:\\\/\\\/sarmiento24h.com\\\/wp-content\\\/uploads\\\/2025\\\/12\\\/AddText_12-16-10.30.52.jpg\",\"width\":1220,\"height\":324,\"caption\":\"Sarmiento24h\"},\"image\":{\"@id\":\"https:\\\/\\\/sarmiento24h.com\\\/#\\\/schema\\\/logo\\\/image\\\/\"},\"sameAs\":[\"https:\\\/\\\/facebook.com\\\/s24hnoticias\",\"https:\\\/\\\/x.com\\\/sarmiento24h\"]},{\"@type\":\"Person\",\"@id\":\"https:\\\/\\\/sarmiento24h.com\\\/#\\\/schema\\\/person\\\/d653a59725ad629a7e0429af7b939d4d\",\"name\":\"sarmiento24h@gmail.com\",\"image\":{\"@type\":\"ImageObject\",\"inLanguage\":\"es\",\"@id\":\"https:\\\/\\\/sarmiento24h.com\\\/wp-content\\\/litespeed\\\/avatar\\\/d02cbc4e23c747e6659cd45907173c8f.jpg?ver=1777762632\",\"url\":\"https:\\\/\\\/sarmiento24h.com\\\/wp-content\\\/litespeed\\\/avatar\\\/d02cbc4e23c747e6659cd45907173c8f.jpg?ver=1777762632\",\"contentUrl\":\"https:\\\/\\\/sarmiento24h.com\\\/wp-content\\\/litespeed\\\/avatar\\\/d02cbc4e23c747e6659cd45907173c8f.jpg?ver=1777762632\",\"caption\":\"sarmiento24h@gmail.com\"},\"sameAs\":[\"https:\\\/\\\/sarmiento24h.com\"],\"url\":\"https:\\\/\\\/sarmiento24h.com\\\/?author=1\"}]}<\/script>\n<!-- \/ Yoast SEO plugin. -->","yoast_head_json":{"title":"Decenas fallecidos en incendio durante fiesta en bar de Suiza - Sarmiento24h","robots":{"index":"index","follow":"follow","max-snippet":"max-snippet:-1","max-image-preview":"max-image-preview:large","max-video-preview":"max-video-preview:-1"},"canonical":"https:\/\/sarmiento24h.com\/?p=5784","og_locale":"es_ES","og_type":"article","og_title":"Decenas fallecidos en incendio durante fiesta en bar de Suiza - Sarmiento24h","og_description":"BERNA, 1 de enero 2026.- Las autoridades&#46;&#46;&#46;","og_url":"https:\/\/sarmiento24h.com\/?p=5784","og_site_name":"Sarmiento24h","article_publisher":"https:\/\/facebook.com\/s24hnoticias","article_published_time":"2026-01-01T11:38:23+00:00","author":"sarmiento24h@gmail.com","twitter_card":"summary_large_image","twitter_creator":"@sarmiento24h","twitter_site":"@sarmiento24h","twitter_misc":{"Escrito por":"sarmiento24h@gmail.com","Tiempo de lectura":"3 minutos"},"schema":{"@context":"https:\/\/schema.org","@graph":[{"@type":"Article","@id":"https:\/\/sarmiento24h.com\/?p=5784#article","isPartOf":{"@id":"https:\/\/sarmiento24h.com\/?p=5784"},"author":{"name":"sarmiento24h@gmail.com","@id":"https:\/\/sarmiento24h.com\/#\/schema\/person\/d653a59725ad629a7e0429af7b939d4d"},"headline":"Decenas fallecidos en incendio durante fiesta en bar de Suiza","datePublished":"2026-01-01T11:38:23+00:00","mainEntityOfPage":{"@id":"https:\/\/sarmiento24h.com\/?p=5784"},"wordCount":576,"publisher":{"@id":"https:\/\/sarmiento24h.com\/#organization"},"articleSection":["Portada"],"inLanguage":"es"},{"@type":"WebPage","@id":"https:\/\/sarmiento24h.com\/?p=5784","url":"https:\/\/sarmiento24h.com\/?p=5784","name":"Decenas fallecidos en incendio durante fiesta en bar de Suiza - Sarmiento24h","isPartOf":{"@id":"https:\/\/sarmiento24h.com\/#website"},"datePublished":"2026-01-01T11:38:23+00:00","breadcrumb":{"@id":"https:\/\/sarmiento24h.com\/?p=5784#breadcrumb"},"inLanguage":"es","potentialAction":[{"@type":"ReadAction","target":["https:\/\/sarmiento24h.com\/?p=5784"]}]},{"@type":"BreadcrumbList","@id":"https:\/\/sarmiento24h.com\/?p=5784#breadcrumb","itemListElement":[{"@type":"ListItem","position":1,"name":"Home","item":"https:\/\/sarmiento24h.com\/"},{"@type":"ListItem","position":2,"name":"Decenas fallecidos en incendio durante fiesta en bar de Suiza"}]},{"@type":"WebSite","@id":"https:\/\/sarmiento24h.com\/#website","url":"https:\/\/sarmiento24h.com\/","name":"Sarmiento24h","description":"","publisher":{"@id":"https:\/\/sarmiento24h.com\/#organization"},"potentialAction":[{"@type":"SearchAction","target":{"@type":"EntryPoint","urlTemplate":"https:\/\/sarmiento24h.com\/?s={search_term_string}"},"query-input":{"@type":"PropertyValueSpecification","valueRequired":true,"valueName":"search_term_string"}}],"inLanguage":"es"},{"@type":"Organization","@id":"https:\/\/sarmiento24h.com\/#organization","name":"Sarmiento24h","url":"https:\/\/sarmiento24h.com\/","logo":{"@type":"ImageObject","inLanguage":"es","@id":"https:\/\/sarmiento24h.com\/#\/schema\/logo\/image\/","url":"https:\/\/sarmiento24h.com\/wp-content\/uploads\/2025\/12\/AddText_12-16-10.30.52.jpg","contentUrl":"https:\/\/sarmiento24h.com\/wp-content\/uploads\/2025\/12\/AddText_12-16-10.30.52.jpg","width":1220,"height":324,"caption":"Sarmiento24h"},"image":{"@id":"https:\/\/sarmiento24h.com\/#\/schema\/logo\/image\/"},"sameAs":["https:\/\/facebook.com\/s24hnoticias","https:\/\/x.com\/sarmiento24h"]},{"@type":"Person","@id":"https:\/\/sarmiento24h.com\/#\/schema\/person\/d653a59725ad629a7e0429af7b939d4d","name":"sarmiento24h@gmail.com","image":{"@type":"ImageObject","inLanguage":"es","@id":"https:\/\/sarmiento24h.com\/wp-content\/litespeed\/avatar\/d02cbc4e23c747e6659cd45907173c8f.jpg?ver=1777762632","url":"https:\/\/sarmiento24h.com\/wp-content\/litespeed\/avatar\/d02cbc4e23c747e6659cd45907173c8f.jpg?ver=1777762632","contentUrl":"https:\/\/sarmiento24h.com\/wp-content\/litespeed\/avatar\/d02cbc4e23c747e6659cd45907173c8f.jpg?ver=1777762632","caption":"sarmiento24h@gmail.com"},"sameAs":["https:\/\/sarmiento24h.com"],"url":"https:\/\/sarmiento24h.com\/?author=1"}]}},"jetpack_publicize_connections":[],"jetpack_featured_media_url":"","jetpack_sharing_enabled":true,"_links":{"self":[{"href":"https:\/\/sarmiento24h.com\/index.php?rest_route=\/wp\/v2\/posts\/5784","targetHints":{"allow":["GET"]}}],"collection":[{"href":"https:\/\/sarmiento24h.com\/index.php?rest_route=\/wp\/v2\/posts"}],"about":[{"href":"https:\/\/sarmiento24h.com\/index.php?rest_route=\/wp\/v2\/types\/post"}],"author":[{"embeddable":true,"href":"https:\/\/sarmiento24h.com\/index.php?rest_route=\/wp\/v2\/users\/1"}],"replies":[{"embeddable":true,"href":"https:\/\/sarmiento24h.com\/index.php?rest_route=%2Fwp%2Fv2%2Fcomments&post=5784"}],"version-history":[{"count":0,"href":"https:\/\/sarmiento24h.com\/index.php?rest_route=\/wp\/v2\/posts\/5784\/revisions"}],"wp:attachment":[{"href":"https:\/\/sarmiento24h.com\/index.php?rest_route=%2Fwp%2Fv2%2Fmedia&parent=5784"}],"wp:term":[{"taxonomy":"category","embeddable":true,"href":"https:\/\/sarmiento24h.com\/index.php?rest_route=%2Fwp%2Fv2%2Fcategories&post=5784"},{"taxonomy":"post_tag","embeddable":true,"href":"https:\/\/sarmiento24h.com\/index.php?rest_route=%2Fwp%2Fv2%2Ftags&post=5784"}],"curies":[{"name":"wp","href":"https:\/\/api.w.org\/{rel}","templated":true}]}}