{"id":5795,"date":"2026-01-01T13:56:38","date_gmt":"2026-01-01T13:56:38","guid":{"rendered":"http:\/\/almomento.net\/?p=1089291"},"modified":"2026-01-01T13:56:38","modified_gmt":"2026-01-01T13:56:38","slug":"villancico-a-las-arandelas-no-produjo-beneficios-al-autor-opinion","status":"publish","type":"post","link":"https:\/\/sarmiento24h.com\/?p=5795","title":{"rendered":"Villancico \u00abA las Arandelas\u00bb no produjo beneficios al autor (OPINION)"},"content":{"rendered":"<p><!-- .entry-header --> <\/p>\n<div class=\"img_center\" readability=\"7\"> <a href=\"https:\/\/almomento.net\/wp-content\/uploads\/2022\/11\/Juan-Cruz-Triffolio-e1700051524708.jpg\" alt=\"Villancico \u00abA las Arandelas\u00bb no produjo beneficios al autor (OPINION)\" title=\"Villancico \u00abA las Arandelas\u00bb no produjo beneficios al autor (OPINION)\" data-toggle=\"lightbox\" class=\"thickbox\"><img decoding=\"async\" src=\"https:\/\/almomento.net\/wp-content\/uploads\/2022\/11\/Juan-Cruz-Triffolio-e1700051524708.jpg\" class=\"attachment-post-thumbnail size-post-thumbnail wp-post-image\" alt=\"imagen\" title=\"Villancico \u00abA las Arandelas\u00bb no produjo beneficios al autor (OPINION)\" data-toggle data-title=\"Villancico \u00abA las Arandelas\u00bb no produjo beneficios al autor (OPINION)\"><\/a><\/p>\n<p>EL AUTOR es periodista y soci\u00f3logo. Reside en Santo Domingo.<\/p>\n<\/p><\/div>\n<p class=\"_aupe copyable-text x15bjb6t x1n2onr6\"><strong><span class=\"_aupe copyable-text xkrh14z\">Por JUAN CRUZ TRIFFOLIO<\/span><\/strong><\/p>\n<p class=\"_aupe copyable-text x15bjb6t x1n2onr6\"><span class=\"_aupe copyable-text xkrh14z\">En procura de aclarar algunas vaguedades formuladas sobre el aut\u00e9ntico compositor del popular villancico dominicano A las Arandelas, tambi\u00e9n denominado en sus inicios como Aguinaldo a la Sarandela, perm\u00edtanme reproducir, a manera de aclaraci\u00f3n, una breve rese\u00f1a publicada en varios medios digitales del pa\u00eds, en diciembre del 2014, bajo el dilatado t\u00edtulo A las Arandelas: Un aguinaldo criollo con mucha sonoridad y que report\u00f3 pocos beneficios econ\u00f3micos a su autor<\/span><\/p>\n<p class=\"_aupe copyable-text x15bjb6t x1n2onr6\"><span class=\"_aupe copyable-text xkrh14z\">La narraci\u00f3n en referencia y en extenso destaca lo siguiente:<\/span><\/p>\n<p class=\"_aupe copyable-text x15bjb6t x1n2onr6\"><span class=\"_aupe copyable-text xkrh14z\">No del todo satisfecho con los exiguos beneficios econ\u00f3micos recibidos por el hoy cl\u00e1sico tema de la navidad dominicana, conocido bajo el t\u00edtulo de \u201cA las Arandelas\u201d, el maestro Julio Alberto Hern\u00e1ndez Camejo nunca ocult\u00f3 la felicidad que sent\u00eda por la proyecci\u00f3n nacional e internacional lograda por su composici\u00f3n al ser interpretada, grabada y difundida por renombrados grupos y orquestas de diferentes latitudes del mundo.<\/span><\/p>\n<p class=\"_aupe copyable-text x15bjb6t x1n2onr6\"><span class=\"_aupe copyable-text xkrh14z\">Como testimonio de tal aseveraci\u00f3n da cuenta, a finales del 1977, el acucioso cronista art\u00edstico Frank Natera, en un reporte period\u00edstico publicado en la Revista \u00a1Ahora!, fruto de una interesante entrevista telef\u00f3nica, trabajo que encabezara : \u00abAguinaldo a la Sarandela ha proporcionado felicidad a su autor Julio Alberto Hern\u00e1ndez\u00bb.<\/span><\/p>\n<figure id=\"attachment_1089293\" aria-describedby=\"caption-attachment-1089293\" class=\"wp-caption alignleft\"><a href=\"https:\/\/almomento.net\/wp-content\/uploads\/2026\/01\/unnamed-1.png\"><img loading=\"lazy\" decoding=\"async\" class=\"size-full wp-image-1089293\" src=\"https:\/\/almomento.net\/wp-content\/uploads\/2026\/01\/unnamed-1.png\" alt width=\"202\" height=\"250\" srcset=\"https:\/\/almomento.net\/wp-content\/uploads\/2026\/01\/unnamed-1.png 202w, https:\/\/almomento.net\/wp-content\/uploads\/2026\/01\/unnamed-1-77x95.png 77w, https:\/\/almomento.net\/wp-content\/uploads\/2026\/01\/unnamed-1-178x220.png 178w\" sizes=\"auto, (max-width: 202px) 100vw, 202px\"><\/a><figcaption id=\"caption-attachment-1089293\" class=\"wp-caption-text\">Julio Alberto Hern\u00e1ndez 1917-1999<\/figcaption><\/figure>\n<p class=\"_aupe copyable-text x15bjb6t x1n2onr6\"><span class=\"_aupe copyable-text xkrh14z\">Para entonces, el prolifero compositor y m\u00fasico dominicano, recordaba que se hab\u00edan hecho diversas versiones de aludido tema navide\u00f1o pero que, a decir verdad, no sent\u00eda una inclinaci\u00f3n especial por ninguna pues \u00abtodas representaban para \u00e9l la satisfacci\u00f3n de un hijo que sobresale y se distingue\u00bb.<\/span><\/p>\n<p class=\"_aupe copyable-text x15bjb6t x1n2onr6\"><span class=\"_aupe copyable-text xkrh14z\">Julio Alberto Hern\u00e1ndez Camejo recordaba que \u00abeste tema naci\u00f3 en diciembre de 1917\u00bb y que tuvo como motivo fundamental \u00abla celebraci\u00f3n de las fiestas pascuales en Club Santiago, de Santiago de los Caballeros\u00bb.<\/span><\/p>\n<p class=\"_aupe copyable-text x15bjb6t x1n2onr6\"><span class=\"_aupe copyable-text xkrh14z\">Apuntaba que \u00abeste tema naci\u00f3 en diciembre de 1917\u00bb y tuvo como motivo fundamental \u00abla celebraci\u00f3n de las fiestas pascuales en Club Santiago, de Santiago de los Caballeros\u00bb.<\/span><\/p>\n<p class=\"_aupe copyable-text x15bjb6t x1n2onr6\"><span class=\"_aupe copyable-text xkrh14z\">Sobre el origen del aguinaldo en referencia, el maestro Julio Alberto Hern\u00e1ndez Camejo recordaba que \u00abeste tema naci\u00f3 en diciembre de 1917\u00bb y tuvo como motivo fundamental \u00abla celebraci\u00f3n de las fiestas pascuales en Club Santiago, de Santiago de los Caballeros\u00bb.<\/span><\/p>\n<p class=\"_aupe copyable-text x15bjb6t x1n2onr6\"><span class=\"_aupe copyable-text xkrh14z\">De igual manera, resalt\u00f3 que \u00abel colorido de las Arandelas en los trajes de las bailadoras le simbolizaba la alegr\u00eda de la \u00e9poca y en verdad fue ese un factor importante para que naciera el tema con aire navide\u00f1o\u00bb.<\/span><\/p>\n<p class=\"_aupe copyable-text x15bjb6t x1n2onr6\"><span class=\"_aupe copyable-text xkrh14z\">Dijo que aprovech\u00f3 ese motivo para materializar la idea que siempre acariciaba de producir un tema de corte navide\u00f1o que identificara a los dominicanos.<\/span><\/p>\n<p class=\"_aupe copyable-text x15bjb6t x1n2onr6\"><span class=\"_aupe copyable-text xkrh14z\">En aquella ocasi\u00f3n, el maestro Hern\u00e1ndez resaltaba que si otros pa\u00edses ten\u00edan canciones y villancicos, \u00abera justo que tambi\u00e9n nosotros, tuvi\u00e9ramos algo\u00bb.<\/span><\/p>\n<p class=\"_aupe copyable-text x15bjb6t x1n2onr6\"><span class=\"_aupe copyable-text xkrh14z\">En torno a la m\u00fasica que sirve de sustentaci\u00f3n \u00abA las Arandelas\u00bb subray\u00f3 que \u00bbel aguinaldo est\u00e1 basado en el folklor popular dominicano, como una forma de proyectar nuestros aires musicales\u00bb.<\/span><\/p>\n<figure id=\"attachment_1089294\" aria-describedby=\"caption-attachment-1089294\" class=\"wp-caption alignleft\"><a href=\"https:\/\/almomento.net\/wp-content\/uploads\/2026\/01\/unnamed.png\"><img decoding=\"async\" loading=\"lazy\" class=\"size-full wp-image-1089294\" src=\"https:\/\/almomento.net\/wp-content\/uploads\/2026\/01\/unnamed.png\" alt width=\"225\" height=\"225\" srcset=\"https:\/\/almomento.net\/wp-content\/uploads\/2026\/01\/unnamed.png 225w, https:\/\/almomento.net\/wp-content\/uploads\/2026\/01\/unnamed-150x150.png 150w, https:\/\/almomento.net\/wp-content\/uploads\/2026\/01\/unnamed-95x95.png 95w, https:\/\/almomento.net\/wp-content\/uploads\/2026\/01\/unnamed-220x220.png 220w\" sizes=\"auto, (max-width: 225px) 100vw, 225px\"><\/a><figcaption id=\"caption-attachment-1089294\" class=\"wp-caption-text\">Julio Alberto Hern\u00e1ndez<\/figcaption><\/figure>\n<p class=\"_aupe copyable-text x15bjb6t x1n2onr6\"><span class=\"_aupe copyable-text xkrh14z\">A los 67 a\u00f1os de haber procreado la legendaria y contagiosa pieza navide\u00f1a el laureado pianista y exquisito compositor, hijo distinguido de Santiago de los Caballeros, amargamente refer\u00eda no haber recibido beneficios econ\u00f3micos \u00abni en los primeros d\u00edas de haber surgido ni mucho menos en la actualidad\u00bb.<\/span><\/p>\n<p class=\"_aupe copyable-text x15bjb6t x1n2onr6\"><span class=\"_aupe copyable-text xkrh14z\">Recordaba que son incontables las orquestas que han llevado el tema \u00abA las Arandelas\u00bb al acetato, \u00abllegando algunos m\u00fasicos a registrarlo como del dominio p\u00fablico a fin de no pagar los derechos de autor correspondientes\u00bb.<\/span><\/p>\n<p class=\"_aupe copyable-text x15bjb6t x1n2onr6\"><span class=\"_aupe copyable-text xkrh14z\">Tambi\u00e9n expon\u00eda su inconformidad al conocer c\u00f3mo algunas casas disqueras hab\u00edan registrado musicalmente su composici\u00f3n navide\u00f1a.<\/span><\/p>\n<p class=\"_aupe copyable-text x15bjb6t x1n2onr6\"><span class=\"_aupe copyable-text xkrh14z\">No obstante lo anterior, a manera de reconocimiento, resaltaba positivamente, la versi\u00f3n que de su tema hizo, en aquel momento, el sobresaliente organista ecuatoriano, Eduardo Zurita, quien teniendo como base \u00abA las Arandelas\u00bb produjo un contagioso, original y bailable popurr\u00ed.<\/span><\/p>\n<p class=\"_aupe copyable-text x15bjb6t x1n2onr6\"><span class=\"_aupe copyable-text xkrh14z\">Hern\u00e1ndez Camejo falleci\u00f3 a los 99 a\u00f1os de edad, el 2 de abril de 1999, en la capital dominicana, y al igual que don Pacho Garc\u00eda, es valorado, dentro como fuera de su tierra natal, como uno de los grandes cultores y difusores de los diversos ritmos de nuestro folclore, dejando impreso en su obra el sello de su talento, dedicaci\u00f3n y versatilidad.<\/span><\/p>\n<p class=\"_aupe copyable-text x15bjb6t x1n2onr6\"><span class=\"_aupe copyable-text xkrh14z\">jpm-am<\/span><\/p>\n<p><iframe loading=\"lazy\" title=\"Angel Viloria - A la Zarandela (A las arandelas)\" width=\"500\" height=\"375\" src=\"https:\/\/www.youtube.com\/embed\/ljsOuk07R3s?feature=oembed\" frameborder=\"0\" allow=\"accelerometer; autoplay; clipboard-write; encrypted-media; gyroscope; picture-in-picture; web-share\" referrerpolicy=\"strict-origin-when-cross-origin\" allowfullscreen>[embedded content]<\/iframe><\/p>\n<div class=\"heateor_sss_sharing_container heateor_sss_horizontal_sharing\" data-heateor-sss-href=\"https:\/\/almomento.net\/villancico-a-las-arandelas-no-produjo-beneficios-al-autor-opinion\/\" readability=\"7\">\n<p>Comp\u00e1rtelo en tus redes:<\/p>\n<\/div>\n<p> <!-- 468x60 --><br \/>\n<ins class=\"adsbygoogle\" data-ad-client=\"ca-pub-3511341636159665\" data-ad-slot=\"3538255450\"><\/ins> <!-- .entry-content --> <\/p>\n","protected":false},"excerpt":{"rendered":"<p>EL AUTOR es periodista y soci\u00f3logo. Reside&#46;&#46;&#46;<\/p>\n","protected":false},"author":1,"featured_media":5796,"comment_status":"closed","ping_status":"closed","sticky":false,"template":"","format":"standard","meta":{"_jetpack_memberships_contains_paid_content":false,"footnotes":"","jetpack_publicize_message":"","jetpack_publicize_feature_enabled":true,"jetpack_social_post_already_shared":false,"jetpack_social_options":{"image_generator_settings":{"template":"highway","default_image_id":0,"font":"","enabled":false},"version":2}},"categories":[45],"tags":[],"class_list":["post-5795","post","type-post","status-publish","format-standard","has-post-thumbnail","hentry","category-variedades"],"yoast_head":"<!-- This site is optimized with the Yoast SEO plugin v27.3 - https:\/\/yoast.com\/product\/yoast-seo-wordpress\/ -->\n<title>Villancico \u00abA las Arandelas\u00bb no produjo beneficios al autor (OPINION) - Sarmiento24h<\/title>\n<meta name=\"robots\" content=\"index, follow, max-snippet:-1, max-image-preview:large, max-video-preview:-1\" \/>\n<link rel=\"canonical\" href=\"https:\/\/sarmiento24h.com\/?p=5795\" \/>\n<meta property=\"og:locale\" content=\"es_ES\" \/>\n<meta property=\"og:type\" content=\"article\" \/>\n<meta property=\"og:title\" content=\"Villancico \u00abA las Arandelas\u00bb no produjo beneficios al autor (OPINION) - Sarmiento24h\" \/>\n<meta property=\"og:description\" content=\"EL AUTOR es periodista y soci\u00f3logo. Reside&#046;&#046;&#046;\" \/>\n<meta property=\"og:url\" content=\"https:\/\/sarmiento24h.com\/?p=5795\" \/>\n<meta property=\"og:site_name\" content=\"Sarmiento24h\" \/>\n<meta property=\"article:publisher\" content=\"https:\/\/facebook.com\/s24hnoticias\" \/>\n<meta property=\"article:published_time\" content=\"2026-01-01T13:56:38+00:00\" \/>\n<meta property=\"og:image\" content=\"https:\/\/sarmiento24h.com\/wp-content\/uploads\/2026\/01\/villancico-a-las-arandelas-no-produjo-beneficios-al-autor-opinion.jpg\" \/>\n\t<meta property=\"og:image:width\" content=\"350\" \/>\n\t<meta property=\"og:image:height\" content=\"261\" \/>\n\t<meta property=\"og:image:type\" content=\"image\/jpeg\" \/>\n<meta name=\"author\" content=\"sarmiento24h@gmail.com\" \/>\n<meta name=\"twitter:card\" content=\"summary_large_image\" \/>\n<meta name=\"twitter:creator\" content=\"@sarmiento24h\" \/>\n<meta name=\"twitter:site\" content=\"@sarmiento24h\" \/>\n<meta name=\"twitter:label1\" content=\"Escrito por\" \/>\n\t<meta name=\"twitter:data1\" content=\"sarmiento24h@gmail.com\" \/>\n\t<meta name=\"twitter:label2\" content=\"Tiempo de lectura\" \/>\n\t<meta name=\"twitter:data2\" content=\"4 minutos\" \/>\n<script type=\"application\/ld+json\" class=\"yoast-schema-graph\">{\"@context\":\"https:\\\/\\\/schema.org\",\"@graph\":[{\"@type\":\"Article\",\"@id\":\"https:\\\/\\\/sarmiento24h.com\\\/?p=5795#article\",\"isPartOf\":{\"@id\":\"https:\\\/\\\/sarmiento24h.com\\\/?p=5795\"},\"author\":{\"name\":\"sarmiento24h@gmail.com\",\"@id\":\"https:\\\/\\\/sarmiento24h.com\\\/#\\\/schema\\\/person\\\/d653a59725ad629a7e0429af7b939d4d\"},\"headline\":\"Villancico \u00abA las Arandelas\u00bb no produjo beneficios al autor (OPINION)\",\"datePublished\":\"2026-01-01T13:56:38+00:00\",\"mainEntityOfPage\":{\"@id\":\"https:\\\/\\\/sarmiento24h.com\\\/?p=5795\"},\"wordCount\":752,\"publisher\":{\"@id\":\"https:\\\/\\\/sarmiento24h.com\\\/#organization\"},\"image\":{\"@id\":\"https:\\\/\\\/sarmiento24h.com\\\/?p=5795#primaryimage\"},\"thumbnailUrl\":\"https:\\\/\\\/sarmiento24h.com\\\/wp-content\\\/uploads\\\/2026\\\/01\\\/villancico-a-las-arandelas-no-produjo-beneficios-al-autor-opinion.jpg\",\"articleSection\":[\"Variedades\"],\"inLanguage\":\"es\"},{\"@type\":\"WebPage\",\"@id\":\"https:\\\/\\\/sarmiento24h.com\\\/?p=5795\",\"url\":\"https:\\\/\\\/sarmiento24h.com\\\/?p=5795\",\"name\":\"Villancico \u00abA las Arandelas\u00bb no produjo beneficios al autor (OPINION) - Sarmiento24h\",\"isPartOf\":{\"@id\":\"https:\\\/\\\/sarmiento24h.com\\\/#website\"},\"primaryImageOfPage\":{\"@id\":\"https:\\\/\\\/sarmiento24h.com\\\/?p=5795#primaryimage\"},\"image\":{\"@id\":\"https:\\\/\\\/sarmiento24h.com\\\/?p=5795#primaryimage\"},\"thumbnailUrl\":\"https:\\\/\\\/sarmiento24h.com\\\/wp-content\\\/uploads\\\/2026\\\/01\\\/villancico-a-las-arandelas-no-produjo-beneficios-al-autor-opinion.jpg\",\"datePublished\":\"2026-01-01T13:56:38+00:00\",\"breadcrumb\":{\"@id\":\"https:\\\/\\\/sarmiento24h.com\\\/?p=5795#breadcrumb\"},\"inLanguage\":\"es\",\"potentialAction\":[{\"@type\":\"ReadAction\",\"target\":[\"https:\\\/\\\/sarmiento24h.com\\\/?p=5795\"]}]},{\"@type\":\"ImageObject\",\"inLanguage\":\"es\",\"@id\":\"https:\\\/\\\/sarmiento24h.com\\\/?p=5795#primaryimage\",\"url\":\"https:\\\/\\\/sarmiento24h.com\\\/wp-content\\\/uploads\\\/2026\\\/01\\\/villancico-a-las-arandelas-no-produjo-beneficios-al-autor-opinion.jpg\",\"contentUrl\":\"https:\\\/\\\/sarmiento24h.com\\\/wp-content\\\/uploads\\\/2026\\\/01\\\/villancico-a-las-arandelas-no-produjo-beneficios-al-autor-opinion.jpg\",\"width\":350,\"height\":261},{\"@type\":\"BreadcrumbList\",\"@id\":\"https:\\\/\\\/sarmiento24h.com\\\/?p=5795#breadcrumb\",\"itemListElement\":[{\"@type\":\"ListItem\",\"position\":1,\"name\":\"Home\",\"item\":\"https:\\\/\\\/sarmiento24h.com\\\/\"},{\"@type\":\"ListItem\",\"position\":2,\"name\":\"Villancico \u00abA las Arandelas\u00bb no produjo beneficios al autor (OPINION)\"}]},{\"@type\":\"WebSite\",\"@id\":\"https:\\\/\\\/sarmiento24h.com\\\/#website\",\"url\":\"https:\\\/\\\/sarmiento24h.com\\\/\",\"name\":\"Sarmiento24h\",\"description\":\"\",\"publisher\":{\"@id\":\"https:\\\/\\\/sarmiento24h.com\\\/#organization\"},\"potentialAction\":[{\"@type\":\"SearchAction\",\"target\":{\"@type\":\"EntryPoint\",\"urlTemplate\":\"https:\\\/\\\/sarmiento24h.com\\\/?s={search_term_string}\"},\"query-input\":{\"@type\":\"PropertyValueSpecification\",\"valueRequired\":true,\"valueName\":\"search_term_string\"}}],\"inLanguage\":\"es\"},{\"@type\":\"Organization\",\"@id\":\"https:\\\/\\\/sarmiento24h.com\\\/#organization\",\"name\":\"Sarmiento24h\",\"url\":\"https:\\\/\\\/sarmiento24h.com\\\/\",\"logo\":{\"@type\":\"ImageObject\",\"inLanguage\":\"es\",\"@id\":\"https:\\\/\\\/sarmiento24h.com\\\/#\\\/schema\\\/logo\\\/image\\\/\",\"url\":\"https:\\\/\\\/sarmiento24h.com\\\/wp-content\\\/uploads\\\/2025\\\/12\\\/AddText_12-16-10.30.52.jpg\",\"contentUrl\":\"https:\\\/\\\/sarmiento24h.com\\\/wp-content\\\/uploads\\\/2025\\\/12\\\/AddText_12-16-10.30.52.jpg\",\"width\":1220,\"height\":324,\"caption\":\"Sarmiento24h\"},\"image\":{\"@id\":\"https:\\\/\\\/sarmiento24h.com\\\/#\\\/schema\\\/logo\\\/image\\\/\"},\"sameAs\":[\"https:\\\/\\\/facebook.com\\\/s24hnoticias\",\"https:\\\/\\\/x.com\\\/sarmiento24h\"]},{\"@type\":\"Person\",\"@id\":\"https:\\\/\\\/sarmiento24h.com\\\/#\\\/schema\\\/person\\\/d653a59725ad629a7e0429af7b939d4d\",\"name\":\"sarmiento24h@gmail.com\",\"image\":{\"@type\":\"ImageObject\",\"inLanguage\":\"es\",\"@id\":\"https:\\\/\\\/sarmiento24h.com\\\/wp-content\\\/litespeed\\\/avatar\\\/d02cbc4e23c747e6659cd45907173c8f.jpg?ver=1777157796\",\"url\":\"https:\\\/\\\/sarmiento24h.com\\\/wp-content\\\/litespeed\\\/avatar\\\/d02cbc4e23c747e6659cd45907173c8f.jpg?ver=1777157796\",\"contentUrl\":\"https:\\\/\\\/sarmiento24h.com\\\/wp-content\\\/litespeed\\\/avatar\\\/d02cbc4e23c747e6659cd45907173c8f.jpg?ver=1777157796\",\"caption\":\"sarmiento24h@gmail.com\"},\"sameAs\":[\"https:\\\/\\\/sarmiento24h.com\"],\"url\":\"https:\\\/\\\/sarmiento24h.com\\\/?author=1\"}]}<\/script>\n<!-- \/ Yoast SEO plugin. -->","yoast_head_json":{"title":"Villancico \u00abA las Arandelas\u00bb no produjo beneficios al autor (OPINION) - Sarmiento24h","robots":{"index":"index","follow":"follow","max-snippet":"max-snippet:-1","max-image-preview":"max-image-preview:large","max-video-preview":"max-video-preview:-1"},"canonical":"https:\/\/sarmiento24h.com\/?p=5795","og_locale":"es_ES","og_type":"article","og_title":"Villancico \u00abA las Arandelas\u00bb no produjo beneficios al autor (OPINION) - Sarmiento24h","og_description":"EL AUTOR es periodista y soci\u00f3logo. Reside&#46;&#46;&#46;","og_url":"https:\/\/sarmiento24h.com\/?p=5795","og_site_name":"Sarmiento24h","article_publisher":"https:\/\/facebook.com\/s24hnoticias","article_published_time":"2026-01-01T13:56:38+00:00","og_image":[{"width":350,"height":261,"url":"https:\/\/sarmiento24h.com\/wp-content\/uploads\/2026\/01\/villancico-a-las-arandelas-no-produjo-beneficios-al-autor-opinion.jpg","type":"image\/jpeg"}],"author":"sarmiento24h@gmail.com","twitter_card":"summary_large_image","twitter_creator":"@sarmiento24h","twitter_site":"@sarmiento24h","twitter_misc":{"Escrito por":"sarmiento24h@gmail.com","Tiempo de lectura":"4 minutos"},"schema":{"@context":"https:\/\/schema.org","@graph":[{"@type":"Article","@id":"https:\/\/sarmiento24h.com\/?p=5795#article","isPartOf":{"@id":"https:\/\/sarmiento24h.com\/?p=5795"},"author":{"name":"sarmiento24h@gmail.com","@id":"https:\/\/sarmiento24h.com\/#\/schema\/person\/d653a59725ad629a7e0429af7b939d4d"},"headline":"Villancico \u00abA las Arandelas\u00bb no produjo beneficios al autor (OPINION)","datePublished":"2026-01-01T13:56:38+00:00","mainEntityOfPage":{"@id":"https:\/\/sarmiento24h.com\/?p=5795"},"wordCount":752,"publisher":{"@id":"https:\/\/sarmiento24h.com\/#organization"},"image":{"@id":"https:\/\/sarmiento24h.com\/?p=5795#primaryimage"},"thumbnailUrl":"https:\/\/sarmiento24h.com\/wp-content\/uploads\/2026\/01\/villancico-a-las-arandelas-no-produjo-beneficios-al-autor-opinion.jpg","articleSection":["Variedades"],"inLanguage":"es"},{"@type":"WebPage","@id":"https:\/\/sarmiento24h.com\/?p=5795","url":"https:\/\/sarmiento24h.com\/?p=5795","name":"Villancico \u00abA las Arandelas\u00bb no produjo beneficios al autor (OPINION) - Sarmiento24h","isPartOf":{"@id":"https:\/\/sarmiento24h.com\/#website"},"primaryImageOfPage":{"@id":"https:\/\/sarmiento24h.com\/?p=5795#primaryimage"},"image":{"@id":"https:\/\/sarmiento24h.com\/?p=5795#primaryimage"},"thumbnailUrl":"https:\/\/sarmiento24h.com\/wp-content\/uploads\/2026\/01\/villancico-a-las-arandelas-no-produjo-beneficios-al-autor-opinion.jpg","datePublished":"2026-01-01T13:56:38+00:00","breadcrumb":{"@id":"https:\/\/sarmiento24h.com\/?p=5795#breadcrumb"},"inLanguage":"es","potentialAction":[{"@type":"ReadAction","target":["https:\/\/sarmiento24h.com\/?p=5795"]}]},{"@type":"ImageObject","inLanguage":"es","@id":"https:\/\/sarmiento24h.com\/?p=5795#primaryimage","url":"https:\/\/sarmiento24h.com\/wp-content\/uploads\/2026\/01\/villancico-a-las-arandelas-no-produjo-beneficios-al-autor-opinion.jpg","contentUrl":"https:\/\/sarmiento24h.com\/wp-content\/uploads\/2026\/01\/villancico-a-las-arandelas-no-produjo-beneficios-al-autor-opinion.jpg","width":350,"height":261},{"@type":"BreadcrumbList","@id":"https:\/\/sarmiento24h.com\/?p=5795#breadcrumb","itemListElement":[{"@type":"ListItem","position":1,"name":"Home","item":"https:\/\/sarmiento24h.com\/"},{"@type":"ListItem","position":2,"name":"Villancico \u00abA las Arandelas\u00bb no produjo beneficios al autor (OPINION)"}]},{"@type":"WebSite","@id":"https:\/\/sarmiento24h.com\/#website","url":"https:\/\/sarmiento24h.com\/","name":"Sarmiento24h","description":"","publisher":{"@id":"https:\/\/sarmiento24h.com\/#organization"},"potentialAction":[{"@type":"SearchAction","target":{"@type":"EntryPoint","urlTemplate":"https:\/\/sarmiento24h.com\/?s={search_term_string}"},"query-input":{"@type":"PropertyValueSpecification","valueRequired":true,"valueName":"search_term_string"}}],"inLanguage":"es"},{"@type":"Organization","@id":"https:\/\/sarmiento24h.com\/#organization","name":"Sarmiento24h","url":"https:\/\/sarmiento24h.com\/","logo":{"@type":"ImageObject","inLanguage":"es","@id":"https:\/\/sarmiento24h.com\/#\/schema\/logo\/image\/","url":"https:\/\/sarmiento24h.com\/wp-content\/uploads\/2025\/12\/AddText_12-16-10.30.52.jpg","contentUrl":"https:\/\/sarmiento24h.com\/wp-content\/uploads\/2025\/12\/AddText_12-16-10.30.52.jpg","width":1220,"height":324,"caption":"Sarmiento24h"},"image":{"@id":"https:\/\/sarmiento24h.com\/#\/schema\/logo\/image\/"},"sameAs":["https:\/\/facebook.com\/s24hnoticias","https:\/\/x.com\/sarmiento24h"]},{"@type":"Person","@id":"https:\/\/sarmiento24h.com\/#\/schema\/person\/d653a59725ad629a7e0429af7b939d4d","name":"sarmiento24h@gmail.com","image":{"@type":"ImageObject","inLanguage":"es","@id":"https:\/\/sarmiento24h.com\/wp-content\/litespeed\/avatar\/d02cbc4e23c747e6659cd45907173c8f.jpg?ver=1777157796","url":"https:\/\/sarmiento24h.com\/wp-content\/litespeed\/avatar\/d02cbc4e23c747e6659cd45907173c8f.jpg?ver=1777157796","contentUrl":"https:\/\/sarmiento24h.com\/wp-content\/litespeed\/avatar\/d02cbc4e23c747e6659cd45907173c8f.jpg?ver=1777157796","caption":"sarmiento24h@gmail.com"},"sameAs":["https:\/\/sarmiento24h.com"],"url":"https:\/\/sarmiento24h.com\/?author=1"}]}},"jetpack_publicize_connections":[],"jetpack_featured_media_url":"https:\/\/sarmiento24h.com\/wp-content\/uploads\/2026\/01\/villancico-a-las-arandelas-no-produjo-beneficios-al-autor-opinion.jpg","jetpack_sharing_enabled":true,"_links":{"self":[{"href":"https:\/\/sarmiento24h.com\/index.php?rest_route=\/wp\/v2\/posts\/5795","targetHints":{"allow":["GET"]}}],"collection":[{"href":"https:\/\/sarmiento24h.com\/index.php?rest_route=\/wp\/v2\/posts"}],"about":[{"href":"https:\/\/sarmiento24h.com\/index.php?rest_route=\/wp\/v2\/types\/post"}],"author":[{"embeddable":true,"href":"https:\/\/sarmiento24h.com\/index.php?rest_route=\/wp\/v2\/users\/1"}],"replies":[{"embeddable":true,"href":"https:\/\/sarmiento24h.com\/index.php?rest_route=%2Fwp%2Fv2%2Fcomments&post=5795"}],"version-history":[{"count":0,"href":"https:\/\/sarmiento24h.com\/index.php?rest_route=\/wp\/v2\/posts\/5795\/revisions"}],"wp:featuredmedia":[{"embeddable":true,"href":"https:\/\/sarmiento24h.com\/index.php?rest_route=\/wp\/v2\/media\/5796"}],"wp:attachment":[{"href":"https:\/\/sarmiento24h.com\/index.php?rest_route=%2Fwp%2Fv2%2Fmedia&parent=5795"}],"wp:term":[{"taxonomy":"category","embeddable":true,"href":"https:\/\/sarmiento24h.com\/index.php?rest_route=%2Fwp%2Fv2%2Fcategories&post=5795"},{"taxonomy":"post_tag","embeddable":true,"href":"https:\/\/sarmiento24h.com\/index.php?rest_route=%2Fwp%2Fv2%2Ftags&post=5795"}],"curies":[{"name":"wp","href":"https:\/\/api.w.org\/{rel}","templated":true}]}}